{"id":243509,"date":"2023-05-27T21:34:43","date_gmt":"2023-05-28T00:34:43","guid":{"rendered":"https:\/\/franciscanos.org.br\/noticias\/?p=243509"},"modified":"2023-05-27T21:54:40","modified_gmt":"2023-05-28T00:54:40","slug":"segundodia_teia","status":"publish","type":"post","link":"https:\/\/franciscanos.org.br\/noticias\/segundodia_teia.html","title":{"rendered":"Teia de dons e hist\u00f3rias de vida marca o segundo dia do Retiro dos Benfeitores do PVF"},"content":{"rendered":"<p><img loading=\"lazy\" class=\"alignnone wp-image-243510 size-full\" src=\"https:\/\/franciscanos.org.br\/noticias\/wp-content\/uploads\/2023\/05\/terceirodia_27_3.jpg\" alt=\"\" width=\"1280\" height=\"720\" srcset=\"https:\/\/franciscanos.org.br\/noticias\/wp-content\/uploads\/2023\/05\/terceirodia_27_3.jpg 1280w, https:\/\/franciscanos.org.br\/noticias\/wp-content\/uploads\/2023\/05\/terceirodia_27_3-450x253.jpg 450w, https:\/\/franciscanos.org.br\/noticias\/wp-content\/uploads\/2023\/05\/terceirodia_27_3-1024x576.jpg 1024w, https:\/\/franciscanos.org.br\/noticias\/wp-content\/uploads\/2023\/05\/terceirodia_27_3-768x432.jpg 768w, https:\/\/franciscanos.org.br\/noticias\/wp-content\/uploads\/2023\/05\/terceirodia_27_3-150x84.jpg 150w\" sizes=\"(max-width: 1280px) 100vw, 1280px\" \/><\/p>\n<p><strong>Agudos (SP) <\/strong>\u2013 Os primeiros raios de sol no belo cen\u00e1rio verde do Semin\u00e1rio Santo Ant\u00f4nio foram um convite aos benfeitores e benfeitoras a se levantarem para o segundo dia do Retiro Franciscano.<\/p>\n<p>Os benfeitores est\u00e3o em Agudos para um momento de confraterniza\u00e7\u00e3o, partilha e forma\u00e7\u00e3o franciscana. Este encontro \u00e9 tamb\u00e9m uma oportunidade \u00fanica de se retirarem da vida agitada nas grandes cidades e repetirem uma experi\u00eancia que acontece desde 1999, quando foi realizado o primeiro encontro.<\/p>\n<p>Este dia teve como inspira\u00e7\u00e3o o tema &#8220;A espiritualidade de Pentecostes em S\u00e3o Francisco de Assis e no Franciscanismo&#8221;, levando em conta a solenidade de Pentecostes neste domingo.<\/p>\n<p><img loading=\"lazy\" class=\"alignnone size-full wp-image-243511\" src=\"https:\/\/franciscanos.org.br\/noticias\/wp-content\/uploads\/2023\/05\/terceirodia_27_6.jpg\" alt=\"\" width=\"1280\" height=\"1347\" srcset=\"https:\/\/franciscanos.org.br\/noticias\/wp-content\/uploads\/2023\/05\/terceirodia_27_6.jpg 1026w, https:\/\/franciscanos.org.br\/noticias\/wp-content\/uploads\/2023\/05\/terceirodia_27_6-428x450.jpg 428w, https:\/\/franciscanos.org.br\/noticias\/wp-content\/uploads\/2023\/05\/terceirodia_27_6-973x1024.jpg 973w, https:\/\/franciscanos.org.br\/noticias\/wp-content\/uploads\/2023\/05\/terceirodia_27_6-768x808.jpg 768w, https:\/\/franciscanos.org.br\/noticias\/wp-content\/uploads\/2023\/05\/terceirodia_27_6-150x158.jpg 150w\" sizes=\"(max-width: 1280px) 100vw, 1280px\" \/><\/p>\n<p>Antes, de refletir sobre este tema, Frei Gabriel Dellandrea presidiu na Capela do Semin\u00e1rio a Celebra\u00e7\u00e3o Eucar\u00edstica, pela quarta vez desde que foi ordenado presb\u00edtero no \u00faltimo s\u00e1bado, tendo como concelebrante Frei Robson Luiz Scudela. No final da Missa, ele aben\u00e7oou as P\u00edlulas de Frei Galv\u00e3o.<\/p>\n<p>&#8220;A nossa exist\u00eancia \u00e9 permeada de come\u00e7os e fins. Parece que foi ontem que come\u00e7amos o tempo pascal e eis que agora j\u00e1 vislumbramos o seu t\u00e9rmino. Chegamos ao fim deste tempo lit\u00fargico, mas n\u00e3o ao fim da P\u00e1scoa. Essa \u00e9 a nossa eterna certeza!\u00a0E por isso a liturgia de hoje nos evidencia o testemunho do disc\u00edpulo amado. Ora, \u00e9 o fim do texto de Jo\u00e3o no fim do Tempo Pascal. Para entendermos bem este texto \u00e9 preciso apenas contextualizar o que o antecede. No anterior Jesus pede a Pedro que ele apascente as suas ovelhas. Mas, acompanhado deste pedido, Jesus diz que quando era jovem, Pedro fazia o que queria, ia aonde queria. Mas alerta que na sua velhice ele ser\u00e1 levado para onde n\u00e3o quer ir. Com isso o Mestre indicava como o disc\u00edpulo haveria de morrer&#8221;, disse Frei Gabriel.<\/p>\n<p><img loading=\"lazy\" class=\"alignnone size-full wp-image-243539\" src=\"https:\/\/franciscanos.org.br\/noticias\/wp-content\/uploads\/2023\/05\/terceirodia_27_7.jpg\" alt=\"\" width=\"1280\" height=\"853\" srcset=\"https:\/\/franciscanos.org.br\/noticias\/wp-content\/uploads\/2023\/05\/terceirodia_27_7.jpg 1280w, https:\/\/franciscanos.org.br\/noticias\/wp-content\/uploads\/2023\/05\/terceirodia_27_7-450x300.jpg 450w, https:\/\/franciscanos.org.br\/noticias\/wp-content\/uploads\/2023\/05\/terceirodia_27_7-1024x682.jpg 1024w, https:\/\/franciscanos.org.br\/noticias\/wp-content\/uploads\/2023\/05\/terceirodia_27_7-768x512.jpg 768w, https:\/\/franciscanos.org.br\/noticias\/wp-content\/uploads\/2023\/05\/terceirodia_27_7-150x100.jpg 150w\" sizes=\"(max-width: 1280px) 100vw, 1280px\" \/><\/p>\n<p>E continuou: &#8220;Mas Pedro fica curioso para saber mais sobre a morte dos demais disc\u00edpulos, e pergunta a Jesus sobre o disc\u00edpulo amado: e com este, como ser\u00e1? Jesus ent\u00e3o lhe responde que n\u00e3o se preocupe com isso. Tal afirma\u00e7\u00e3o diz respeito \u00e0 din\u00e2mica do disc\u00edpulo amado: ele est\u00e1 sempre com o Mestre, aguardando a sua vinda. Alguns estudiosos dizem que este disc\u00edpulo \u00e9 Jo\u00e3o, que escreveu o Evangelho em quest\u00e3o. Outros atribuem a uma comunidade. Fato \u00e9 que podemos ser cada um de n\u00f3s um pouco deste disc\u00edpulo amado. Diferentemente de Pedro, que sabia que antes de morrer seria levado para um lugar onde n\u00e3o queria ir, n\u00f3s n\u00e3o sabemos como se dar\u00e1 o dia em que n\u00f3s concluiremos a nossa jornada nesta terra. Pode ser daqui uns dias, um m\u00eas, um ano, uma d\u00e9cada&#8230; Mas o que n\u00f3s temos certeza \u00e9 que queremos permanecer com o Senhor at\u00e9 que ele venha. Estar em sintonia com aquilo que o Senhor nos convida a ser&#8221;, explicou.<\/p>\n<p>&#8220;N\u00e3o queremos perder nossa vida, nossos dons, nossos dias. Por isso, viemos a este retiro, por conformar a nossa vida com a dele. Para nos aproximar dos gestos e palavras de Jesus e tentar fazer delas as nossas. A tarefa n\u00e3o \u00e9 f\u00e1cil, mas clamemos ao Esp\u00edrito para que nos ajude, e estejamos abertos para ouvir o que o Senhor tem sempre a nos dizer!&#8221;, concluiu o neopresb\u00edtero.<\/p>\n<p>No Sal\u00e3o S\u00e3o Francisco, Frei Je\u00e2 Paulo Andrade lembrou que o Esp\u00edrito Santo sempre fez parte da vida apost\u00f3lica de S\u00e3o Francisco. Como no encontro com o leproso, durante a sua convers\u00e3o. &#8220;\u00c9 o Esp\u00edrito que impulsiona S\u00e3o Francisco a fazer esse processo de convers\u00e3o. &#8216;O Senhor, assim, deu a mim come\u00e7ar a fazer penit\u00eancia&#8217;. E aqui, atualizando essa experi\u00eancia de S\u00e3o Francisco, a gente deveria pensar tamb\u00e9m nas coisas que para n\u00f3s sejam talvez muito amargas, talvez muito dif\u00edceis&#8221;, prop\u00f4s.<\/p>\n<p><img loading=\"lazy\" class=\"alignnone size-full wp-image-243512\" src=\"https:\/\/franciscanos.org.br\/noticias\/wp-content\/uploads\/2023\/05\/terceirodia_27_19.jpg\" alt=\"\" width=\"1280\" height=\"787\" srcset=\"https:\/\/franciscanos.org.br\/noticias\/wp-content\/uploads\/2023\/05\/terceirodia_27_19.jpg 1280w, https:\/\/franciscanos.org.br\/noticias\/wp-content\/uploads\/2023\/05\/terceirodia_27_19-450x277.jpg 450w, https:\/\/franciscanos.org.br\/noticias\/wp-content\/uploads\/2023\/05\/terceirodia_27_19-1024x630.jpg 1024w, https:\/\/franciscanos.org.br\/noticias\/wp-content\/uploads\/2023\/05\/terceirodia_27_19-768x472.jpg 768w, https:\/\/franciscanos.org.br\/noticias\/wp-content\/uploads\/2023\/05\/terceirodia_27_19-150x92.jpg 150w\" sizes=\"(max-width: 1280px) 100vw, 1280px\" \/><\/p>\n<p>&#8220;Seria interessante a gente se observar mais, refletir mais. Que amargo deveria se converter em do\u00e7ura? Ou o que \u00e9 t\u00e3o doce que me causa tanta satisfa\u00e7\u00e3o, me faz ficar tentado, e precisa ser convertido no Esp\u00edrito do Senhor?&#8221;, acrescentou.<\/p>\n<p>Frei Je\u00e2, a partir de documentos da Vida de S\u00e3o Francisco, mostrou a rela\u00e7\u00e3o do <em>Poverello <\/em>com o Esp\u00edrito Santo. &#8220;S\u00e3o Francisco usa imagens simples para ilustrar como deve ser a rela\u00e7\u00e3o com o Esp\u00edrito Santo&#8221;, disse.<\/p>\n<p><img loading=\"lazy\" class=\"alignnone size-full wp-image-243513\" src=\"https:\/\/franciscanos.org.br\/noticias\/wp-content\/uploads\/2023\/05\/terceirodia_27_12.jpg\" alt=\"\" width=\"1280\" height=\"853\" srcset=\"https:\/\/franciscanos.org.br\/noticias\/wp-content\/uploads\/2023\/05\/terceirodia_27_12.jpg 1280w, https:\/\/franciscanos.org.br\/noticias\/wp-content\/uploads\/2023\/05\/terceirodia_27_12-450x300.jpg 450w, https:\/\/franciscanos.org.br\/noticias\/wp-content\/uploads\/2023\/05\/terceirodia_27_12-1024x682.jpg 1024w, https:\/\/franciscanos.org.br\/noticias\/wp-content\/uploads\/2023\/05\/terceirodia_27_12-768x512.jpg 768w, https:\/\/franciscanos.org.br\/noticias\/wp-content\/uploads\/2023\/05\/terceirodia_27_12-150x100.jpg 150w\" sizes=\"(max-width: 1280px) 100vw, 1280px\" \/><\/p>\n<p><em>Anima\u00e7\u00e3o contra cochilo p\u00f3s-almo\u00e7o!<\/em><\/p>\n\n\t\t<style type=\"text\/css\">\n\t\t\t#gallery-1 {\n\t\t\t\tmargin: auto;\n\t\t\t}\n\t\t\t#gallery-1 .gallery-item {\n\t\t\t\tfloat: left;\n\t\t\t\tmargin-top: 10px;\n\t\t\t\ttext-align: center;\n\t\t\t\twidth: 20%;\n\t\t\t}\n\t\t\t#gallery-1 img {\n\t\t\t\tborder: 2px solid #cfcfcf;\n\t\t\t}\n\t\t\t#gallery-1 .gallery-caption {\n\t\t\t\tmargin-left: 0;\n\t\t\t}\n\t\t\t\/* see gallery_shortcode() in wp-includes\/media.php *\/\n\t\t<\/style>\n\t\t<div id='gallery-1' class='gallery galleryid-243509 gallery-columns-5 gallery-size-thumbnail'><dl class='gallery-item'>\n\t\t\t<dt class='gallery-icon landscape'>\n\t\t\t\t<a href='https:\/\/franciscanos.org.br\/noticias\/wp-content\/uploads\/2023\/05\/terceirodia_27_8.jpg'><img width=\"300\" height=\"300\" src=\"https:\/\/franciscanos.org.br\/noticias\/wp-content\/uploads\/2023\/05\/terceirodia_27_8-300x300.jpg\" class=\"attachment-thumbnail size-thumbnail\" alt=\"\" loading=\"lazy\" srcset=\"https:\/\/franciscanos.org.br\/noticias\/wp-content\/uploads\/2023\/05\/terceirodia_27_8-300x300.jpg 300w, https:\/\/franciscanos.org.br\/noticias\/wp-content\/uploads\/2023\/05\/terceirodia_27_8-100x100.jpg 100w\" sizes=\"(max-width: 300px) 100vw, 300px\" \/><\/a>\n\t\t\t<\/dt><\/dl><dl class='gallery-item'>\n\t\t\t<dt class='gallery-icon landscape'>\n\t\t\t\t<a href='https:\/\/franciscanos.org.br\/noticias\/wp-content\/uploads\/2023\/05\/terceirodia_27_9.jpg'><img width=\"300\" height=\"300\" src=\"https:\/\/franciscanos.org.br\/noticias\/wp-content\/uploads\/2023\/05\/terceirodia_27_9-300x300.jpg\" class=\"attachment-thumbnail size-thumbnail\" alt=\"\" loading=\"lazy\" srcset=\"https:\/\/franciscanos.org.br\/noticias\/wp-content\/uploads\/2023\/05\/terceirodia_27_9-300x300.jpg 300w, https:\/\/franciscanos.org.br\/noticias\/wp-content\/uploads\/2023\/05\/terceirodia_27_9-100x100.jpg 100w\" sizes=\"(max-width: 300px) 100vw, 300px\" \/><\/a>\n\t\t\t<\/dt><\/dl><dl class='gallery-item'>\n\t\t\t<dt class='gallery-icon landscape'>\n\t\t\t\t<a href='https:\/\/franciscanos.org.br\/noticias\/wp-content\/uploads\/2023\/05\/terceirodia_27_10.jpg'><img width=\"300\" height=\"300\" src=\"https:\/\/franciscanos.org.br\/noticias\/wp-content\/uploads\/2023\/05\/terceirodia_27_10-300x300.jpg\" class=\"attachment-thumbnail size-thumbnail\" alt=\"\" loading=\"lazy\" srcset=\"https:\/\/franciscanos.org.br\/noticias\/wp-content\/uploads\/2023\/05\/terceirodia_27_10-300x300.jpg 300w, https:\/\/franciscanos.org.br\/noticias\/wp-content\/uploads\/2023\/05\/terceirodia_27_10-100x100.jpg 100w\" sizes=\"(max-width: 300px) 100vw, 300px\" \/><\/a>\n\t\t\t<\/dt><\/dl><dl class='gallery-item'>\n\t\t\t<dt class='gallery-icon landscape'>\n\t\t\t\t<a href='https:\/\/franciscanos.org.br\/noticias\/wp-content\/uploads\/2023\/05\/terceirodia_27_11.jpg'><img width=\"300\" height=\"300\" src=\"https:\/\/franciscanos.org.br\/noticias\/wp-content\/uploads\/2023\/05\/terceirodia_27_11-300x300.jpg\" class=\"attachment-thumbnail size-thumbnail\" alt=\"\" loading=\"lazy\" srcset=\"https:\/\/franciscanos.org.br\/noticias\/wp-content\/uploads\/2023\/05\/terceirodia_27_11-300x300.jpg 300w, https:\/\/franciscanos.org.br\/noticias\/wp-content\/uploads\/2023\/05\/terceirodia_27_11-100x100.jpg 100w\" sizes=\"(max-width: 300px) 100vw, 300px\" \/><\/a>\n\t\t\t<\/dt><\/dl><dl class='gallery-item'>\n\t\t\t<dt class='gallery-icon landscape'>\n\t\t\t\t<a href='https:\/\/franciscanos.org.br\/noticias\/wp-content\/uploads\/2023\/05\/terceirodia_27_13.jpg'><img width=\"300\" height=\"300\" src=\"https:\/\/franciscanos.org.br\/noticias\/wp-content\/uploads\/2023\/05\/terceirodia_27_13-300x300.jpg\" class=\"attachment-thumbnail size-thumbnail\" alt=\"\" loading=\"lazy\" srcset=\"https:\/\/franciscanos.org.br\/noticias\/wp-content\/uploads\/2023\/05\/terceirodia_27_13-300x300.jpg 300w, https:\/\/franciscanos.org.br\/noticias\/wp-content\/uploads\/2023\/05\/terceirodia_27_13-100x100.jpg 100w\" sizes=\"(max-width: 300px) 100vw, 300px\" \/><\/a>\n\t\t\t<\/dt><\/dl><br style=\"clear: both\" \/>\n\t\t<\/div>\n\n<p><em>(toque nas imagens menores para ampli\u00e1-las)<\/em><\/p>\n<p>&#8220;Trouxemos alguns textos para compreender essa rela\u00e7\u00e3o de S\u00e3o Francisco com o Esp\u00edrito Santo. E talvez tenham percebido que a hist\u00f3ria, a caminhada que S\u00e3o Francisco faz, em nada se difere de sua rela\u00e7\u00e3o com o Esp\u00edrito do Senhor. Todo bem e toda gra\u00e7a v\u00eam de Deus e S\u00e3o Francisco ensina isso para n\u00f3s muito fortemente&#8221;, acrescentou. O texto com este tem,a de Frei Everton Leandro Piotto, OFM, foi distribu\u00eddo aos benfeitores.<\/p>\n<p>Para o frade, esse Retiro quer ser mais um momento de aprofundamento da f\u00e9. &#8220;A gente pretende sair daqui mais aquecido pela for\u00e7a do Esp\u00edrito&#8221;, acrescentou.<\/p>\n<p><img loading=\"lazy\" class=\"alignnone size-full wp-image-243520\" src=\"https:\/\/franciscanos.org.br\/noticias\/wp-content\/uploads\/2023\/05\/terceirodia_27_16.jpg\" alt=\"\" width=\"1280\" height=\"736\" srcset=\"https:\/\/franciscanos.org.br\/noticias\/wp-content\/uploads\/2023\/05\/terceirodia_27_16.jpg 1280w, https:\/\/franciscanos.org.br\/noticias\/wp-content\/uploads\/2023\/05\/terceirodia_27_16-450x259.jpg 450w, https:\/\/franciscanos.org.br\/noticias\/wp-content\/uploads\/2023\/05\/terceirodia_27_16-1024x589.jpg 1024w, https:\/\/franciscanos.org.br\/noticias\/wp-content\/uploads\/2023\/05\/terceirodia_27_16-768x442.jpg 768w, https:\/\/franciscanos.org.br\/noticias\/wp-content\/uploads\/2023\/05\/terceirodia_27_16-150x86.jpg 150w\" sizes=\"(max-width: 1280px) 100vw, 1280px\" \/> <img loading=\"lazy\" class=\"alignnone size-full wp-image-243521\" src=\"https:\/\/franciscanos.org.br\/noticias\/wp-content\/uploads\/2023\/05\/terceirodia_27_17.jpg\" alt=\"\" width=\"1280\" height=\"797\" srcset=\"https:\/\/franciscanos.org.br\/noticias\/wp-content\/uploads\/2023\/05\/terceirodia_27_17.jpg 1280w, https:\/\/franciscanos.org.br\/noticias\/wp-content\/uploads\/2023\/05\/terceirodia_27_17-450x280.jpg 450w, https:\/\/franciscanos.org.br\/noticias\/wp-content\/uploads\/2023\/05\/terceirodia_27_17-1024x638.jpg 1024w, https:\/\/franciscanos.org.br\/noticias\/wp-content\/uploads\/2023\/05\/terceirodia_27_17-768x478.jpg 768w, https:\/\/franciscanos.org.br\/noticias\/wp-content\/uploads\/2023\/05\/terceirodia_27_17-150x93.jpg 150w\" sizes=\"(max-width: 1280px) 100vw, 1280px\" \/><\/p>\n<p><img loading=\"lazy\" class=\"alignnone size-full wp-image-243523\" src=\"https:\/\/franciscanos.org.br\/noticias\/wp-content\/uploads\/2023\/05\/terceirodia_27_15.jpg\" alt=\"\" width=\"1280\" height=\"748\" srcset=\"https:\/\/franciscanos.org.br\/noticias\/wp-content\/uploads\/2023\/05\/terceirodia_27_15.jpg 1280w, https:\/\/franciscanos.org.br\/noticias\/wp-content\/uploads\/2023\/05\/terceirodia_27_15-450x263.jpg 450w, https:\/\/franciscanos.org.br\/noticias\/wp-content\/uploads\/2023\/05\/terceirodia_27_15-1024x598.jpg 1024w, https:\/\/franciscanos.org.br\/noticias\/wp-content\/uploads\/2023\/05\/terceirodia_27_15-768x449.jpg 768w, https:\/\/franciscanos.org.br\/noticias\/wp-content\/uploads\/2023\/05\/terceirodia_27_15-150x88.jpg 150w\" sizes=\"(max-width: 1280px) 100vw, 1280px\" \/><\/p>\n<p><em>Tecendo as teias nos grupos, chamados neste Retiro de Fraternidades<\/em><\/p>\n<p>Na sequ\u00eancia, Frei Gabriel apresentou a &#8220;Din\u00e2mica da Teia&#8221;, dividindo o grupo de benfeitores em 3 fraternidades. &#8220;Em um grupo grande, ocuparia muito tempo, principalmente ao passar o microfone tantas vezes. Isso n\u00e3o aconteceria com grupos menores&#8221;, explicou.<\/p>\n<p>Cada Fraternidade se reuniu em uma sala e recebeu um rolo de barbante, tendo a media\u00e7\u00e3o de um frade. Ent\u00e3o, cada participante falou seu nome, seu apelido e um pouco de sua vida. Terminada a apresenta\u00e7\u00e3o, a pessoa segurou o rolo e o jogou para qualquer outra pessoa do grupo. No final, havia em cada sala uma teia. Mas ainda n\u00e3o tinha acabado. Frei Gabriel pediu que, \u00e0 tarde, no &#8220;deserto&#8221;, as pessoas escrevessem sobre seus dons numa cartolina em forma de chama do Esp\u00edrito Santo.<\/p>\n<p><img loading=\"lazy\" class=\"alignnone size-full wp-image-243524\" src=\"https:\/\/franciscanos.org.br\/noticias\/wp-content\/uploads\/2023\/05\/terceirodia_27_18.jpg\" alt=\"\" width=\"1280\" height=\"853\" srcset=\"https:\/\/franciscanos.org.br\/noticias\/wp-content\/uploads\/2023\/05\/terceirodia_27_18.jpg 1280w, https:\/\/franciscanos.org.br\/noticias\/wp-content\/uploads\/2023\/05\/terceirodia_27_18-450x300.jpg 450w, https:\/\/franciscanos.org.br\/noticias\/wp-content\/uploads\/2023\/05\/terceirodia_27_18-1024x682.jpg 1024w, https:\/\/franciscanos.org.br\/noticias\/wp-content\/uploads\/2023\/05\/terceirodia_27_18-768x512.jpg 768w, https:\/\/franciscanos.org.br\/noticias\/wp-content\/uploads\/2023\/05\/terceirodia_27_18-150x100.jpg 150w\" sizes=\"(max-width: 1280px) 100vw, 1280px\" \/><\/p>\n<p>Ainda no final da manh\u00e3, Frei Gabriel falou sobre a valoriza\u00e7\u00e3o dos pr\u00f3prios dons e dos dons do outro, preparando para o &#8220;deserto&#8221;.<\/p>\n<p>&#8220;Ao celebrarmos a Solenidade de Pentecostes, lembramos a presen\u00e7a do Esp\u00edrito Santo na Igreja desde sempre. Assim celebramos a liturgia todo dia. Celebramos Pentecostes para lembrarmos a import\u00e2ncia da solenidade para nossa f\u00e9. E uma das coisas que est\u00e3o ligadas a esta solenidade s\u00e3o palavras que sempre ouvimos: dons e talentos. O Esp\u00edrito Santo nos concede os seus dons e n\u00f3s, atrav\u00e9s do Esp\u00edrito Santo, recebemos os talentos de Deus&#8221;, explicou o frade. Ele fez o seguinte questionamento: &#8220;Como que n\u00f3s, crist\u00e3os, devemos trabalhar a import\u00e2ncia da valoriza\u00e7\u00e3o dos pr\u00f3prios dons e dos dons do outro?&#8221;<\/p>\n<p>Frei Gabriel tamb\u00e9m lembrou a Par\u00e1bola dos Talentos, onde o Reino de Deus cresce quando usamos os dons recebidos para servir. &#8220;Nem todo mundo tem o mesmo dom, mas temos algo que sabemos fazer. N\u00f3s somos importantes aos olhos de Deus e recebemos talentos que vamos colocar \u00e0 disposi\u00e7\u00e3o. Por isso, aquilo que tenho n\u00e3o \u00e9 meu, mas Deus me deu o que tenho&#8221;.<\/p>\n\n\t\t<style type=\"text\/css\">\n\t\t\t#gallery-2 {\n\t\t\t\tmargin: auto;\n\t\t\t}\n\t\t\t#gallery-2 .gallery-item {\n\t\t\t\tfloat: left;\n\t\t\t\tmargin-top: 10px;\n\t\t\t\ttext-align: center;\n\t\t\t\twidth: 20%;\n\t\t\t}\n\t\t\t#gallery-2 img {\n\t\t\t\tborder: 2px solid #cfcfcf;\n\t\t\t}\n\t\t\t#gallery-2 .gallery-caption {\n\t\t\t\tmargin-left: 0;\n\t\t\t}\n\t\t\t\/* see gallery_shortcode() in wp-includes\/media.php *\/\n\t\t<\/style>\n\t\t<div id='gallery-2' class='gallery galleryid-243509 gallery-columns-5 gallery-size-thumbnail'><dl class='gallery-item'>\n\t\t\t<dt class='gallery-icon landscape'>\n\t\t\t\t<a href='https:\/\/franciscanos.org.br\/noticias\/wp-content\/uploads\/2023\/05\/terceirodia_27_20-1.jpg'><img width=\"300\" height=\"300\" src=\"https:\/\/franciscanos.org.br\/noticias\/wp-content\/uploads\/2023\/05\/terceirodia_27_20-1-300x300.jpg\" class=\"attachment-thumbnail size-thumbnail\" alt=\"\" loading=\"lazy\" srcset=\"https:\/\/franciscanos.org.br\/noticias\/wp-content\/uploads\/2023\/05\/terceirodia_27_20-1-300x300.jpg 300w, https:\/\/franciscanos.org.br\/noticias\/wp-content\/uploads\/2023\/05\/terceirodia_27_20-1-100x100.jpg 100w\" sizes=\"(max-width: 300px) 100vw, 300px\" \/><\/a>\n\t\t\t<\/dt><\/dl><dl class='gallery-item'>\n\t\t\t<dt class='gallery-icon landscape'>\n\t\t\t\t<a href='https:\/\/franciscanos.org.br\/noticias\/wp-content\/uploads\/2023\/05\/terceirodia_27_21.jpg'><img width=\"300\" height=\"300\" src=\"https:\/\/franciscanos.org.br\/noticias\/wp-content\/uploads\/2023\/05\/terceirodia_27_21-300x300.jpg\" class=\"attachment-thumbnail size-thumbnail\" alt=\"\" loading=\"lazy\" srcset=\"https:\/\/franciscanos.org.br\/noticias\/wp-content\/uploads\/2023\/05\/terceirodia_27_21-300x300.jpg 300w, https:\/\/franciscanos.org.br\/noticias\/wp-content\/uploads\/2023\/05\/terceirodia_27_21-100x100.jpg 100w\" sizes=\"(max-width: 300px) 100vw, 300px\" \/><\/a>\n\t\t\t<\/dt><\/dl><dl class='gallery-item'>\n\t\t\t<dt class='gallery-icon landscape'>\n\t\t\t\t<a href='https:\/\/franciscanos.org.br\/noticias\/wp-content\/uploads\/2023\/05\/terceirodia_27_22.jpg'><img width=\"300\" height=\"300\" src=\"https:\/\/franciscanos.org.br\/noticias\/wp-content\/uploads\/2023\/05\/terceirodia_27_22-300x300.jpg\" class=\"attachment-thumbnail size-thumbnail\" alt=\"\" loading=\"lazy\" srcset=\"https:\/\/franciscanos.org.br\/noticias\/wp-content\/uploads\/2023\/05\/terceirodia_27_22-300x300.jpg 300w, https:\/\/franciscanos.org.br\/noticias\/wp-content\/uploads\/2023\/05\/terceirodia_27_22-100x100.jpg 100w\" sizes=\"(max-width: 300px) 100vw, 300px\" \/><\/a>\n\t\t\t<\/dt><\/dl><dl class='gallery-item'>\n\t\t\t<dt class='gallery-icon landscape'>\n\t\t\t\t<a href='https:\/\/franciscanos.org.br\/noticias\/wp-content\/uploads\/2023\/05\/terceirodia_27_23.jpg'><img width=\"300\" height=\"300\" src=\"https:\/\/franciscanos.org.br\/noticias\/wp-content\/uploads\/2023\/05\/terceirodia_27_23-300x300.jpg\" class=\"attachment-thumbnail size-thumbnail\" alt=\"\" loading=\"lazy\" srcset=\"https:\/\/franciscanos.org.br\/noticias\/wp-content\/uploads\/2023\/05\/terceirodia_27_23-300x300.jpg 300w, https:\/\/franciscanos.org.br\/noticias\/wp-content\/uploads\/2023\/05\/terceirodia_27_23-100x100.jpg 100w\" sizes=\"(max-width: 300px) 100vw, 300px\" \/><\/a>\n\t\t\t<\/dt><\/dl><dl class='gallery-item'>\n\t\t\t<dt class='gallery-icon portrait'>\n\t\t\t\t<a href='https:\/\/franciscanos.org.br\/noticias\/wp-content\/uploads\/2023\/05\/terceirodia_274.jpg'><img width=\"300\" height=\"300\" src=\"https:\/\/franciscanos.org.br\/noticias\/wp-content\/uploads\/2023\/05\/terceirodia_274-300x300.jpg\" class=\"attachment-thumbnail size-thumbnail\" alt=\"\" loading=\"lazy\" srcset=\"https:\/\/franciscanos.org.br\/noticias\/wp-content\/uploads\/2023\/05\/terceirodia_274-300x300.jpg 300w, https:\/\/franciscanos.org.br\/noticias\/wp-content\/uploads\/2023\/05\/terceirodia_274-100x100.jpg 100w\" sizes=\"(max-width: 300px) 100vw, 300px\" \/><\/a>\n\t\t\t<\/dt><\/dl><br style=\"clear: both\" \/>\n\t\t<\/div>\n\n<p><em>(toque nas imagens menores para ampli\u00e1-las)<\/em><\/p>\n<p>E tamb\u00e9m pediu que cantassem a Ora\u00e7\u00e3o de S\u00e3o Francisco: &#8220;Essa m\u00fasica n\u00e3o est\u00e1 dizendo que ela seja melhor, que ela compreenda mais, que ela ame mais. Mas que eu fa\u00e7a isso, pois \u00e9 dando algo que recebemos algo. Dentro dessa din\u00e2mica que est\u00e1 a l\u00f3gica de Deus. Os talentos que multiplicamos vamos oferecer, porque \u00e9 assim que recebemos ainda mais. Somos agraciados por Deus e devemos partilh\u00e1-los. Voc\u00ea est\u00e1 dentro de uma grande fam\u00edlia humana\u201d.<\/p>\n<p>Frei Gabriel falou da diversidade de dons na Igreja: &#8220;Perceber o dom do outro \u00e9 perceber o dom daquele que pensa totalmente diferente de mim&#8221;. Citou S\u00e3o Paulo para deixar mais claro: \u201cDe fato, o corpo \u00e9 um s\u00f3, mas tem muitos membros; e no entanto, apesar de serem muitos, todos os membros do corpo formam um s\u00f3 corpo. Assim acontece tamb\u00e9m com Cristo. Pois todos fomos batizados num s\u00f3 Esp\u00edrito para sermos um s\u00f3 corpo, quer sejamos judeus ou gregos, quer escravos ou livres. E todos bebemos de um s\u00f3 Esp\u00edrito&#8221;.<\/p>\n<p>\u00c0 tarde, os participantes voltaram para as salas, continuando a din\u00e2mica da Teia. Desta vez, partilhando a reflex\u00e3o que fizeram sobre os dons durante o &#8220;deserto&#8221;. No final, o frade mediador de cada sala leu texto \u201cEspelho da Perfei\u00e7\u00e3o 85\u201d, em que Francisco de Assis descreveu o frade perfeito, revelando os dons dos primeiros frades que seguiram ele. O grande objetivo dessa din\u00e2mica, al\u00e9m de apresentar as pessoas umas para as outras, foi mostrar a import\u00e2ncia dos dons de cada pessoa.<\/p>\n<p><strong> <img loading=\"lazy\" class=\"alignnone size-full wp-image-243525\" src=\"https:\/\/franciscanos.org.br\/noticias\/wp-content\/uploads\/2023\/05\/terceirodia_27_5.jpg\" alt=\"\" width=\"1280\" height=\"720\" srcset=\"https:\/\/franciscanos.org.br\/noticias\/wp-content\/uploads\/2023\/05\/terceirodia_27_5.jpg 1280w, https:\/\/franciscanos.org.br\/noticias\/wp-content\/uploads\/2023\/05\/terceirodia_27_5-450x253.jpg 450w, https:\/\/franciscanos.org.br\/noticias\/wp-content\/uploads\/2023\/05\/terceirodia_27_5-1024x576.jpg 1024w, https:\/\/franciscanos.org.br\/noticias\/wp-content\/uploads\/2023\/05\/terceirodia_27_5-768x432.jpg 768w, https:\/\/franciscanos.org.br\/noticias\/wp-content\/uploads\/2023\/05\/terceirodia_27_5-150x84.jpg 150w\" sizes=\"(max-width: 1280px) 100vw, 1280px\" \/><\/strong><\/p>\n\n\t\t<style type=\"text\/css\">\n\t\t\t#gallery-3 {\n\t\t\t\tmargin: auto;\n\t\t\t}\n\t\t\t#gallery-3 .gallery-item {\n\t\t\t\tfloat: left;\n\t\t\t\tmargin-top: 10px;\n\t\t\t\ttext-align: center;\n\t\t\t\twidth: 25%;\n\t\t\t}\n\t\t\t#gallery-3 img {\n\t\t\t\tborder: 2px solid #cfcfcf;\n\t\t\t}\n\t\t\t#gallery-3 .gallery-caption {\n\t\t\t\tmargin-left: 0;\n\t\t\t}\n\t\t\t\/* see gallery_shortcode() in wp-includes\/media.php *\/\n\t\t<\/style>\n\t\t<div id='gallery-3' class='gallery galleryid-243509 gallery-columns-4 gallery-size-thumbnail'><dl class='gallery-item'>\n\t\t\t<dt class='gallery-icon landscape'>\n\t\t\t\t<a href='https:\/\/franciscanos.org.br\/noticias\/wp-content\/uploads\/2023\/05\/terceirodia_27.jpg'><img width=\"300\" height=\"300\" src=\"https:\/\/franciscanos.org.br\/noticias\/wp-content\/uploads\/2023\/05\/terceirodia_27-300x300.jpg\" class=\"attachment-thumbnail size-thumbnail\" alt=\"\" loading=\"lazy\" srcset=\"https:\/\/franciscanos.org.br\/noticias\/wp-content\/uploads\/2023\/05\/terceirodia_27-300x300.jpg 300w, https:\/\/franciscanos.org.br\/noticias\/wp-content\/uploads\/2023\/05\/terceirodia_27-100x100.jpg 100w\" sizes=\"(max-width: 300px) 100vw, 300px\" \/><\/a>\n\t\t\t<\/dt><\/dl><dl class='gallery-item'>\n\t\t\t<dt class='gallery-icon landscape'>\n\t\t\t\t<a href='https:\/\/franciscanos.org.br\/noticias\/wp-content\/uploads\/2023\/05\/terceirodia_27_1.jpg'><img width=\"300\" height=\"300\" src=\"https:\/\/franciscanos.org.br\/noticias\/wp-content\/uploads\/2023\/05\/terceirodia_27_1-300x300.jpg\" class=\"attachment-thumbnail size-thumbnail\" alt=\"\" loading=\"lazy\" srcset=\"https:\/\/franciscanos.org.br\/noticias\/wp-content\/uploads\/2023\/05\/terceirodia_27_1-300x300.jpg 300w, https:\/\/franciscanos.org.br\/noticias\/wp-content\/uploads\/2023\/05\/terceirodia_27_1-100x100.jpg 100w\" sizes=\"(max-width: 300px) 100vw, 300px\" \/><\/a>\n\t\t\t<\/dt><\/dl><dl class='gallery-item'>\n\t\t\t<dt class='gallery-icon landscape'>\n\t\t\t\t<a href='https:\/\/franciscanos.org.br\/noticias\/wp-content\/uploads\/2023\/05\/terceirodia_27_2.jpg'><img width=\"300\" height=\"300\" src=\"https:\/\/franciscanos.org.br\/noticias\/wp-content\/uploads\/2023\/05\/terceirodia_27_2-300x300.jpg\" class=\"attachment-thumbnail size-thumbnail\" alt=\"\" loading=\"lazy\" srcset=\"https:\/\/franciscanos.org.br\/noticias\/wp-content\/uploads\/2023\/05\/terceirodia_27_2-300x300.jpg 300w, https:\/\/franciscanos.org.br\/noticias\/wp-content\/uploads\/2023\/05\/terceirodia_27_2-100x100.jpg 100w\" sizes=\"(max-width: 300px) 100vw, 300px\" \/><\/a>\n\t\t\t<\/dt><\/dl><dl class='gallery-item'>\n\t\t\t<dt class='gallery-icon landscape'>\n\t\t\t\t<a href='https:\/\/franciscanos.org.br\/noticias\/wp-content\/uploads\/2023\/05\/terceirodia_27_3-1.jpg'><img width=\"300\" height=\"300\" src=\"https:\/\/franciscanos.org.br\/noticias\/wp-content\/uploads\/2023\/05\/terceirodia_27_3-1-300x300.jpg\" class=\"attachment-thumbnail size-thumbnail\" alt=\"\" loading=\"lazy\" srcset=\"https:\/\/franciscanos.org.br\/noticias\/wp-content\/uploads\/2023\/05\/terceirodia_27_3-1-300x300.jpg 300w, https:\/\/franciscanos.org.br\/noticias\/wp-content\/uploads\/2023\/05\/terceirodia_27_3-1-100x100.jpg 100w\" sizes=\"(max-width: 300px) 100vw, 300px\" \/><\/a>\n\t\t\t<\/dt><\/dl><br style=\"clear: both\" \/>\n\t\t<\/div>\n\n<p><strong>MOMENTO MARIANO<\/strong><\/p>\n<p>Frei Je\u00e2 e Frei Robson conduziram o Momento Mariano com a recita\u00e7\u00e3o do Ter\u00e7o Vocacional ao lado da Capela. Isso porque est\u00e1 escurecendo cedo em Agudos e os frades preferiram n\u00e3o fazer o Ora\u00e7\u00e3o na Gruta de Nossa Senhora, tendo em vista as dificuldades de muitos idosos para se locomover at\u00e9 a localidade.<\/p>\n<p>Frei Je\u00e2 lembrou a import\u00e2ncia de Maria no plano de salva\u00e7\u00e3o e ofereceu este ter\u00e7o a todos os benfeitores. &#8220;Todos aqueles que participam da nossa vida, da nossa Fam\u00edlia Franciscana. Vamos oferecer a Deus tamb\u00e9m a caminhada, a hist\u00f3ria, daqueles que j\u00e1 partiram para junto de Deus, mas que por tantos anos estiveram presentes conosco, caminhando e incentivando a nossa Prov\u00edncia Franciscana&#8221;, disse Frei Je\u00e2, deixando a palavra livre para as pessoas fazerem suas inten\u00e7\u00f5es. E completou: &#8220;Vamos oferecer por aqueles que est\u00e3o enfermos e passam por necessidades em suas casas&#8221;. As pessoas recitaram o Ter\u00e7o com as velas acesas.<\/p>\n<hr \/>\n<p><em>Moacir Beggo<\/em><\/p>\n","protected":false},"excerpt":{"rendered":"<p>Retiro dos Benfeitores 2023<\/p>\n","protected":false},"author":3,"featured_media":243510,"comment_status":"open","ping_status":"open","sticky":false,"template":"","format":"standard","meta":[],"categories":[1],"tags":[2136],"acf":[],"yoast_head":"<!-- This site is optimized with the Yoast SEO plugin v19.2 - https:\/\/yoast.com\/wordpress\/plugins\/seo\/ -->\n<title>Teia de dons e hist\u00f3rias de vida marca o segundo dia do Retiro dos Benfeitores do PVF - Not\u00edcias - Franciscanos<\/title>\n<meta name=\"robots\" content=\"index, follow, max-snippet:-1, max-image-preview:large, max-video-preview:-1\" \/>\n<link rel=\"canonical\" href=\"https:\/\/franciscanos.org.br\/noticias\/segundodia_teia.html\" \/>\n<meta property=\"og:locale\" content=\"pt_BR\" \/>\n<meta property=\"og:type\" content=\"article\" \/>\n<meta property=\"og:title\" content=\"Teia de dons e hist\u00f3rias de vida marca o segundo dia do Retiro dos Benfeitores do PVF - Not\u00edcias - Franciscanos\" \/>\n<meta property=\"og:description\" content=\"Retiro dos Benfeitores 2023\" \/>\n<meta property=\"og:url\" content=\"https:\/\/franciscanos.org.br\/noticias\/segundodia_teia.html\" \/>\n<meta property=\"og:site_name\" content=\"Not\u00edcias - Franciscanos\" \/>\n<meta property=\"article:published_time\" content=\"2023-05-28T00:34:43+00:00\" \/>\n<meta property=\"article:modified_time\" content=\"2023-05-28T00:54:40+00:00\" \/>\n<meta property=\"og:image\" content=\"https:\/\/franciscanos.org.br\/noticias\/wp-content\/uploads\/2023\/05\/terceirodia_27_3.jpg\" \/>\n\t<meta property=\"og:image:width\" content=\"1280\" \/>\n\t<meta property=\"og:image:height\" content=\"720\" \/>\n\t<meta property=\"og:image:type\" content=\"image\/jpeg\" \/>\n<meta name=\"author\" content=\"moacir\" \/>\n<meta name=\"twitter:card\" content=\"summary_large_image\" \/>\n<meta name=\"twitter:label1\" content=\"Escrito por\" \/>\n\t<meta name=\"twitter:data1\" content=\"moacir\" \/>\n\t<meta name=\"twitter:label2\" content=\"Est. tempo de leitura\" \/>\n\t<meta name=\"twitter:data2\" content=\"11 minutos\" \/>\n<script type=\"application\/ld+json\" class=\"yoast-schema-graph\">{\"@context\":\"https:\/\/schema.org\",\"@graph\":[{\"@type\":\"WebSite\",\"@id\":\"https:\/\/franciscanos.org.br\/noticias\/#website\",\"url\":\"https:\/\/franciscanos.org.br\/noticias\/\",\"name\":\"Not\u00edcias - Franciscanos\",\"description\":\"Prov\u00edncia Franciscana da Imaculada Concei\u00e7\u00e3o do Brasil - Ordem dos Frades Menores - OFM\",\"potentialAction\":[{\"@type\":\"SearchAction\",\"target\":{\"@type\":\"EntryPoint\",\"urlTemplate\":\"https:\/\/franciscanos.org.br\/noticias\/?s={search_term_string}\"},\"query-input\":\"required name=search_term_string\"}],\"inLanguage\":\"pt-BR\"},{\"@type\":\"ImageObject\",\"inLanguage\":\"pt-BR\",\"@id\":\"https:\/\/franciscanos.org.br\/noticias\/segundodia_teia.html#primaryimage\",\"url\":\"https:\/\/franciscanos.org.br\/noticias\/wp-content\/uploads\/2023\/05\/terceirodia_27_3.jpg\",\"contentUrl\":\"https:\/\/franciscanos.org.br\/noticias\/wp-content\/uploads\/2023\/05\/terceirodia_27_3.jpg\",\"width\":1280,\"height\":720},{\"@type\":\"WebPage\",\"@id\":\"https:\/\/franciscanos.org.br\/noticias\/segundodia_teia.html#webpage\",\"url\":\"https:\/\/franciscanos.org.br\/noticias\/segundodia_teia.html\",\"name\":\"Teia de dons e hist\u00f3rias de vida marca o segundo dia do Retiro dos Benfeitores do PVF - Not\u00edcias - Franciscanos\",\"isPartOf\":{\"@id\":\"https:\/\/franciscanos.org.br\/noticias\/#website\"},\"primaryImageOfPage\":{\"@id\":\"https:\/\/franciscanos.org.br\/noticias\/segundodia_teia.html#primaryimage\"},\"datePublished\":\"2023-05-28T00:34:43+00:00\",\"dateModified\":\"2023-05-28T00:54:40+00:00\",\"author\":{\"@id\":\"https:\/\/franciscanos.org.br\/noticias\/#\/schema\/person\/b5c8cba458c330ccff548b056e95a5d4\"},\"breadcrumb\":{\"@id\":\"https:\/\/franciscanos.org.br\/noticias\/segundodia_teia.html#breadcrumb\"},\"inLanguage\":\"pt-BR\",\"potentialAction\":[{\"@type\":\"ReadAction\",\"target\":[\"https:\/\/franciscanos.org.br\/noticias\/segundodia_teia.html\"]}]},{\"@type\":\"BreadcrumbList\",\"@id\":\"https:\/\/franciscanos.org.br\/noticias\/segundodia_teia.html#breadcrumb\",\"itemListElement\":[{\"@type\":\"ListItem\",\"position\":1,\"name\":\"Home\",\"item\":\"https:\/\/franciscanos.org.br\/noticias\"},{\"@type\":\"ListItem\",\"position\":2,\"name\":\"Teia de dons e hist\u00f3rias de vida marca o segundo dia do Retiro dos Benfeitores do PVF\"}]},{\"@type\":\"Person\",\"@id\":\"https:\/\/franciscanos.org.br\/noticias\/#\/schema\/person\/b5c8cba458c330ccff548b056e95a5d4\",\"name\":\"moacir\",\"image\":{\"@type\":\"ImageObject\",\"inLanguage\":\"pt-BR\",\"@id\":\"https:\/\/franciscanos.org.br\/noticias\/#\/schema\/person\/image\/\",\"url\":\"https:\/\/secure.gravatar.com\/avatar\/d08aa2ce4c8dd416d4479aa8536fcf64?s=96&d=mm&r=g\",\"contentUrl\":\"https:\/\/secure.gravatar.com\/avatar\/d08aa2ce4c8dd416d4479aa8536fcf64?s=96&d=mm&r=g\",\"caption\":\"moacir\"},\"url\":\"https:\/\/franciscanos.org.br\/noticias\/author\/moacir\"}]}<\/script>\n<!-- \/ Yoast SEO plugin. -->","yoast_head_json":{"title":"Teia de dons e hist\u00f3rias de vida marca o segundo dia do Retiro dos Benfeitores do PVF - Not\u00edcias - Franciscanos","robots":{"index":"index","follow":"follow","max-snippet":"max-snippet:-1","max-image-preview":"max-image-preview:large","max-video-preview":"max-video-preview:-1"},"canonical":"https:\/\/franciscanos.org.br\/noticias\/segundodia_teia.html","og_locale":"pt_BR","og_type":"article","og_title":"Teia de dons e hist\u00f3rias de vida marca o segundo dia do Retiro dos Benfeitores do PVF - Not\u00edcias - Franciscanos","og_description":"Retiro dos Benfeitores 2023","og_url":"https:\/\/franciscanos.org.br\/noticias\/segundodia_teia.html","og_site_name":"Not\u00edcias - Franciscanos","article_published_time":"2023-05-28T00:34:43+00:00","article_modified_time":"2023-05-28T00:54:40+00:00","og_image":[{"width":1280,"height":720,"url":"https:\/\/franciscanos.org.br\/noticias\/wp-content\/uploads\/2023\/05\/terceirodia_27_3.jpg","type":"image\/jpeg"}],"author":"moacir","twitter_card":"summary_large_image","twitter_misc":{"Escrito por":"moacir","Est. tempo de leitura":"11 minutos"},"schema":{"@context":"https:\/\/schema.org","@graph":[{"@type":"WebSite","@id":"https:\/\/franciscanos.org.br\/noticias\/#website","url":"https:\/\/franciscanos.org.br\/noticias\/","name":"Not\u00edcias - Franciscanos","description":"Prov\u00edncia Franciscana da Imaculada Concei\u00e7\u00e3o do Brasil - Ordem dos Frades Menores - OFM","potentialAction":[{"@type":"SearchAction","target":{"@type":"EntryPoint","urlTemplate":"https:\/\/franciscanos.org.br\/noticias\/?s={search_term_string}"},"query-input":"required name=search_term_string"}],"inLanguage":"pt-BR"},{"@type":"ImageObject","inLanguage":"pt-BR","@id":"https:\/\/franciscanos.org.br\/noticias\/segundodia_teia.html#primaryimage","url":"https:\/\/franciscanos.org.br\/noticias\/wp-content\/uploads\/2023\/05\/terceirodia_27_3.jpg","contentUrl":"https:\/\/franciscanos.org.br\/noticias\/wp-content\/uploads\/2023\/05\/terceirodia_27_3.jpg","width":1280,"height":720},{"@type":"WebPage","@id":"https:\/\/franciscanos.org.br\/noticias\/segundodia_teia.html#webpage","url":"https:\/\/franciscanos.org.br\/noticias\/segundodia_teia.html","name":"Teia de dons e hist\u00f3rias de vida marca o segundo dia do Retiro dos Benfeitores do PVF - Not\u00edcias - Franciscanos","isPartOf":{"@id":"https:\/\/franciscanos.org.br\/noticias\/#website"},"primaryImageOfPage":{"@id":"https:\/\/franciscanos.org.br\/noticias\/segundodia_teia.html#primaryimage"},"datePublished":"2023-05-28T00:34:43+00:00","dateModified":"2023-05-28T00:54:40+00:00","author":{"@id":"https:\/\/franciscanos.org.br\/noticias\/#\/schema\/person\/b5c8cba458c330ccff548b056e95a5d4"},"breadcrumb":{"@id":"https:\/\/franciscanos.org.br\/noticias\/segundodia_teia.html#breadcrumb"},"inLanguage":"pt-BR","potentialAction":[{"@type":"ReadAction","target":["https:\/\/franciscanos.org.br\/noticias\/segundodia_teia.html"]}]},{"@type":"BreadcrumbList","@id":"https:\/\/franciscanos.org.br\/noticias\/segundodia_teia.html#breadcrumb","itemListElement":[{"@type":"ListItem","position":1,"name":"Home","item":"https:\/\/franciscanos.org.br\/noticias"},{"@type":"ListItem","position":2,"name":"Teia de dons e hist\u00f3rias de vida marca o segundo dia do Retiro dos Benfeitores do PVF"}]},{"@type":"Person","@id":"https:\/\/franciscanos.org.br\/noticias\/#\/schema\/person\/b5c8cba458c330ccff548b056e95a5d4","name":"moacir","image":{"@type":"ImageObject","inLanguage":"pt-BR","@id":"https:\/\/franciscanos.org.br\/noticias\/#\/schema\/person\/image\/","url":"https:\/\/secure.gravatar.com\/avatar\/d08aa2ce4c8dd416d4479aa8536fcf64?s=96&d=mm&r=g","contentUrl":"https:\/\/secure.gravatar.com\/avatar\/d08aa2ce4c8dd416d4479aa8536fcf64?s=96&d=mm&r=g","caption":"moacir"},"url":"https:\/\/franciscanos.org.br\/noticias\/author\/moacir"}]}},"_links":{"self":[{"href":"https:\/\/franciscanos.org.br\/noticias\/wp-json\/wp\/v2\/posts\/243509"}],"collection":[{"href":"https:\/\/franciscanos.org.br\/noticias\/wp-json\/wp\/v2\/posts"}],"about":[{"href":"https:\/\/franciscanos.org.br\/noticias\/wp-json\/wp\/v2\/types\/post"}],"author":[{"embeddable":true,"href":"https:\/\/franciscanos.org.br\/noticias\/wp-json\/wp\/v2\/users\/3"}],"replies":[{"embeddable":true,"href":"https:\/\/franciscanos.org.br\/noticias\/wp-json\/wp\/v2\/comments?post=243509"}],"version-history":[{"count":5,"href":"https:\/\/franciscanos.org.br\/noticias\/wp-json\/wp\/v2\/posts\/243509\/revisions"}],"predecessor-version":[{"id":243540,"href":"https:\/\/franciscanos.org.br\/noticias\/wp-json\/wp\/v2\/posts\/243509\/revisions\/243540"}],"wp:featuredmedia":[{"embeddable":true,"href":"https:\/\/franciscanos.org.br\/noticias\/wp-json\/wp\/v2\/media\/243510"}],"wp:attachment":[{"href":"https:\/\/franciscanos.org.br\/noticias\/wp-json\/wp\/v2\/media?parent=243509"}],"wp:term":[{"taxonomy":"category","embeddable":true,"href":"https:\/\/franciscanos.org.br\/noticias\/wp-json\/wp\/v2\/categories?post=243509"},{"taxonomy":"post_tag","embeddable":true,"href":"https:\/\/franciscanos.org.br\/noticias\/wp-json\/wp\/v2\/tags?post=243509"}],"curies":[{"name":"wp","href":"https:\/\/api.w.org\/{rel}","templated":true}]}}