{"id":243505,"date":"2023-05-27T13:26:03","date_gmt":"2023-05-27T16:26:03","guid":{"rendered":"https:\/\/franciscanos.org.br\/noticias\/?p=243505"},"modified":"2023-05-27T13:26:46","modified_gmt":"2023-05-27T16:26:46","slug":"audienciaarte","status":"publish","type":"post","link":"https:\/\/franciscanos.org.br\/noticias\/audienciaarte.html","title":{"rendered":"Papa: a Igreja precisa da arte de poetas e escritores"},"content":{"rendered":"<div id=\"attachment_243506\" style=\"width: 1510px\" class=\"wp-caption alignnone\"><img aria-describedby=\"caption-attachment-243506\" loading=\"lazy\" class=\"wp-image-243506 size-full\" src=\"https:\/\/franciscanos.org.br\/noticias\/wp-content\/uploads\/2023\/05\/audiencia.jpeg\" alt=\"\" width=\"1500\" height=\"844\" srcset=\"https:\/\/franciscanos.org.br\/noticias\/wp-content\/uploads\/2023\/05\/audiencia.jpeg 1500w, https:\/\/franciscanos.org.br\/noticias\/wp-content\/uploads\/2023\/05\/audiencia-450x253.jpeg 450w, https:\/\/franciscanos.org.br\/noticias\/wp-content\/uploads\/2023\/05\/audiencia-1024x576.jpeg 1024w, https:\/\/franciscanos.org.br\/noticias\/wp-content\/uploads\/2023\/05\/audiencia-768x432.jpeg 768w, https:\/\/franciscanos.org.br\/noticias\/wp-content\/uploads\/2023\/05\/audiencia-150x84.jpeg 150w\" sizes=\"(max-width: 1500px) 100vw, 1500px\" \/><p id=\"caption-attachment-243506\" class=\"wp-caption-text\"><em> \u00a0 \u00a0 \u00a0 \u00a0 \u00a0Imagem: Vatican Media<\/em><\/p><\/div>\n<p>O Papa Francisco recebeu na manh\u00e3 deste s\u00e1bado, 27, no Vaticano, os participantes de um congresso promovido pela revista italiana \u201cLa Civilt\u00e0 Cattolica\u201d e a Universidade de Georgetown, dos Estados Unidos. A audi\u00eancia contou com a presen\u00e7a, inclusive, do cineasta e produtor norte-americano, Martin Scorsese, e fam\u00edlia.<\/p>\n<p><strong>A literatura que conduz \u00e0 contempla\u00e7\u00e3o<\/strong><br \/>\nEm discurso, Francisco ser dirigiu a poetas, escritores, roteiristas e diretores de v\u00e1rias partes do mundo que participam do evento em torno do tema da \u201cimagina\u00e7\u00e3o po\u00e9tica e inspira\u00e7\u00e3o cat\u00f3lica\u201d. Com a iniciativa, disse o Papa, os participantes refletiram sobre os modos de como a f\u00e9 questiona a vida contempor\u00e2nea, buscando responder \u00e0 \u201cfome de sentido\u201d.<\/p>\n<p>Aqui, o Papa disse que, em sua vida, gostou de muitos poetas e escritores, entre os quais, de modo particular, Dante, Bloy, Dostoi\u00e9vski e outros. Com seus alunos do Col\u00e9gio da Imaculada Concei\u00e7\u00e3o, em Santa F\u00e9, na Argentina, teve a oportunidade de compartilhar suas leituras ao ensinar literatura. E acrescentou:<\/p>\n<p>\u201cAs palavras dos escritores ajudaram-me a entender a mim mesmo, o mundo e meu povo; mas tamb\u00e9m a perscrutar o cora\u00e7\u00e3o humano, minha vida pessoal de f\u00e9 e a a\u00e7\u00e3o pastoral, e, agora, tamb\u00e9m meu minist\u00e9rio petrino. Por isso, a palavra liter\u00e1ria \u00e9 como um espinho no cora\u00e7\u00e3o, que nos impele \u00e0 contempla\u00e7\u00e3o e indica o caminho.\u201d<\/p>\n<p><strong>A import\u00e2ncia de sonhar<\/strong><br \/>\nPartindo desta sua experi\u00eancia pessoal, Francisco compartilhou com os presentes algumas condirera\u00e7\u00f5es sobre a import\u00e2ncia do seu servi\u00e7o ministerial. A primeira \u00e9: \u201cvoc\u00eas s\u00e3o os olhos que veem e sonham. Logo, n\u00e3o olhar somente, mas tamb\u00e9m sonhar\u201d.<\/p>\n<p>A esse respeito, citou um escritor latino-americano que dizia: \u201ctemos dois olhos: um de carne e outro de vidro. Com o da carne, olhamos o que vemos; com o de vidro, olhamos o que sonhamos. Coitados de n\u00f3s se deixarmos de sonhar\u201d! E o Papa explicou:<\/p>\n<p>\u201cO artista \u00e9 o homem que, com os olhos, v\u00ea e sonha ao mesmo tempo; v\u00ea mais a fundo, profetiza, anuncia um modo diferente de ver e compreender as coisas, que est\u00e3o diante dos nossos olhos. Na verdade, a poesia n\u00e3o fala da realidade a partir de princ\u00edpios abstratos, mas observa a realidade, como o trabalho, o amor, a morte e tantas outras coisas da vida.\u201d<\/p>\n<p><strong>A Igreja precisa da arte<\/strong><br \/>\nNeste sentido, afirmou o Papa, ajuda-nos a \u201centender a voz de Deus, tamb\u00e9m a partir da voz do tempo\u201d. E, citando Paul Claudel, disse: \u201cvoc\u00eas s\u00e3o um olho que escuta. A arte \u00e9 um desafio \u00e0 nossa imagina\u00e7\u00e3o, ao nosso modo de ver e compreender as coisas. O pr\u00f3prio Evangelho \u00e9 um desafio art\u00edstico, uma carga &#8216;revolucion\u00e1ria&#8217; que voc\u00eas s\u00e3o chamados a expressar, gra\u00e7as ao seu g\u00eanio. Hoje a Igreja precisa do seu g\u00eanio\u201d!<\/p>\n<p>A seguir, Francisco compartilhou um segundo pensamento: \u201cvoc\u00eas representam a voz das preocupa\u00e7\u00f5es humanas. Voc\u00eas sabem que a inspira\u00e7\u00e3o art\u00edstica tamb\u00e9m \u00e9 inquietante, porque apresenta as realidades belas e tr\u00e1gicas da vida, de ontem e de hoje, como as guerras, conflitos sociais, nosso ego\u00edsmo pessoal\u201d.<\/p>\n<p>Da\u00ed, o Papa exortou os presentes a \u201cultrapassar as fronteiras fechadas e definidas, com criatividade\u201d. Eis o trabalho dos poetas e artistas: dar vida e formar o que o ser humano v\u00ea, sente, sonha, sofre, criando harmonia e beleza. Esta \u00e9 uma obra evang\u00e9lica, que nos ajuda a compreender melhor tamb\u00e9m Deus, como o grande poeta da humanidade. Enfim, o Santo Padre prop\u00f4s um terceiro ponto de reflex\u00e3o:<\/p>\n<p>\u201cVoc\u00eas s\u00e3o os que moldam nossa imagina\u00e7\u00e3o. Hoje, precisamos do g\u00eanio de uma nova linguagem, de hist\u00f3rias e imagens fortes, de escritores, poetas, artistas capazes de anunciar ao mundo a mensagem do Evangelho, que nos faz ver Jesus.\u201d<\/p>\n<p>O Papa concluiu seu discurso, recordando o desafio da imagina\u00e7\u00e3o cat\u00f3lica do nosso tempo, que nos \u00e9 confiado: \u201cn\u00e3o dar explica\u00e7\u00e3o sobre o mist\u00e9rio de Cristo, que \u00e9 inesgot\u00e1vel, mas toc\u00e1-lo, senti-lo, e transmiti-lo como uma realidade viva, apreendendo a beleza da sua promessa, que ajuda a nossa imagina\u00e7\u00e3o de encarar a vida, a hist\u00f3ria e o futuro da humanidade de uma maneira nova!&#8221;.<\/p>\n<hr \/>\n<p><em>Fonte: Vatican News (texto de Manoel Tavares)<\/em><\/p>\n","protected":false},"excerpt":{"rendered":"<p>Arte e Igreja<\/p>\n","protected":false},"author":3,"featured_media":243506,"comment_status":"open","ping_status":"open","sticky":false,"template":"","format":"standard","meta":[],"categories":[1428],"tags":[55],"acf":[],"yoast_head":"<!-- This site is optimized with the Yoast SEO plugin v19.2 - https:\/\/yoast.com\/wordpress\/plugins\/seo\/ -->\n<title>Papa: a Igreja precisa da arte de poetas e escritores - Not\u00edcias - Franciscanos<\/title>\n<meta name=\"robots\" content=\"index, follow, max-snippet:-1, max-image-preview:large, max-video-preview:-1\" \/>\n<link rel=\"canonical\" href=\"https:\/\/franciscanos.org.br\/noticias\/audienciaarte.html\" \/>\n<meta property=\"og:locale\" content=\"pt_BR\" \/>\n<meta property=\"og:type\" content=\"article\" \/>\n<meta property=\"og:title\" content=\"Papa: a Igreja precisa da arte de poetas e escritores - Not\u00edcias - Franciscanos\" \/>\n<meta property=\"og:description\" content=\"Arte e Igreja\" \/>\n<meta property=\"og:url\" content=\"https:\/\/franciscanos.org.br\/noticias\/audienciaarte.html\" \/>\n<meta property=\"og:site_name\" content=\"Not\u00edcias - Franciscanos\" \/>\n<meta property=\"article:published_time\" content=\"2023-05-27T16:26:03+00:00\" \/>\n<meta property=\"article:modified_time\" content=\"2023-05-27T16:26:46+00:00\" \/>\n<meta property=\"og:image\" content=\"https:\/\/franciscanos.org.br\/noticias\/wp-content\/uploads\/2023\/05\/audiencia.jpeg\" \/>\n\t<meta property=\"og:image:width\" content=\"1500\" \/>\n\t<meta property=\"og:image:height\" content=\"844\" \/>\n\t<meta property=\"og:image:type\" content=\"image\/jpeg\" \/>\n<meta name=\"author\" content=\"moacir\" \/>\n<meta name=\"twitter:card\" content=\"summary_large_image\" \/>\n<meta name=\"twitter:label1\" content=\"Escrito por\" \/>\n\t<meta name=\"twitter:data1\" content=\"moacir\" \/>\n\t<meta name=\"twitter:label2\" content=\"Est. tempo de leitura\" \/>\n\t<meta name=\"twitter:data2\" content=\"4 minutos\" \/>\n<script type=\"application\/ld+json\" class=\"yoast-schema-graph\">{\"@context\":\"https:\/\/schema.org\",\"@graph\":[{\"@type\":\"WebSite\",\"@id\":\"https:\/\/franciscanos.org.br\/noticias\/#website\",\"url\":\"https:\/\/franciscanos.org.br\/noticias\/\",\"name\":\"Not\u00edcias - Franciscanos\",\"description\":\"Prov\u00edncia Franciscana da Imaculada Concei\u00e7\u00e3o do Brasil - Ordem dos Frades Menores - OFM\",\"potentialAction\":[{\"@type\":\"SearchAction\",\"target\":{\"@type\":\"EntryPoint\",\"urlTemplate\":\"https:\/\/franciscanos.org.br\/noticias\/?s={search_term_string}\"},\"query-input\":\"required name=search_term_string\"}],\"inLanguage\":\"pt-BR\"},{\"@type\":\"ImageObject\",\"inLanguage\":\"pt-BR\",\"@id\":\"https:\/\/franciscanos.org.br\/noticias\/audienciaarte.html#primaryimage\",\"url\":\"https:\/\/franciscanos.org.br\/noticias\/wp-content\/uploads\/2023\/05\/audiencia.jpeg\",\"contentUrl\":\"https:\/\/franciscanos.org.br\/noticias\/wp-content\/uploads\/2023\/05\/audiencia.jpeg\",\"width\":1500,\"height\":844},{\"@type\":\"WebPage\",\"@id\":\"https:\/\/franciscanos.org.br\/noticias\/audienciaarte.html#webpage\",\"url\":\"https:\/\/franciscanos.org.br\/noticias\/audienciaarte.html\",\"name\":\"Papa: a Igreja precisa da arte de poetas e escritores - Not\u00edcias - Franciscanos\",\"isPartOf\":{\"@id\":\"https:\/\/franciscanos.org.br\/noticias\/#website\"},\"primaryImageOfPage\":{\"@id\":\"https:\/\/franciscanos.org.br\/noticias\/audienciaarte.html#primaryimage\"},\"datePublished\":\"2023-05-27T16:26:03+00:00\",\"dateModified\":\"2023-05-27T16:26:46+00:00\",\"author\":{\"@id\":\"https:\/\/franciscanos.org.br\/noticias\/#\/schema\/person\/b5c8cba458c330ccff548b056e95a5d4\"},\"breadcrumb\":{\"@id\":\"https:\/\/franciscanos.org.br\/noticias\/audienciaarte.html#breadcrumb\"},\"inLanguage\":\"pt-BR\",\"potentialAction\":[{\"@type\":\"ReadAction\",\"target\":[\"https:\/\/franciscanos.org.br\/noticias\/audienciaarte.html\"]}]},{\"@type\":\"BreadcrumbList\",\"@id\":\"https:\/\/franciscanos.org.br\/noticias\/audienciaarte.html#breadcrumb\",\"itemListElement\":[{\"@type\":\"ListItem\",\"position\":1,\"name\":\"Home\",\"item\":\"https:\/\/franciscanos.org.br\/noticias\"},{\"@type\":\"ListItem\",\"position\":2,\"name\":\"Papa: a Igreja precisa da arte de poetas e escritores\"}]},{\"@type\":\"Person\",\"@id\":\"https:\/\/franciscanos.org.br\/noticias\/#\/schema\/person\/b5c8cba458c330ccff548b056e95a5d4\",\"name\":\"moacir\",\"image\":{\"@type\":\"ImageObject\",\"inLanguage\":\"pt-BR\",\"@id\":\"https:\/\/franciscanos.org.br\/noticias\/#\/schema\/person\/image\/\",\"url\":\"https:\/\/secure.gravatar.com\/avatar\/d08aa2ce4c8dd416d4479aa8536fcf64?s=96&d=mm&r=g\",\"contentUrl\":\"https:\/\/secure.gravatar.com\/avatar\/d08aa2ce4c8dd416d4479aa8536fcf64?s=96&d=mm&r=g\",\"caption\":\"moacir\"},\"url\":\"https:\/\/franciscanos.org.br\/noticias\/author\/moacir\"}]}<\/script>\n<!-- \/ Yoast SEO plugin. -->","yoast_head_json":{"title":"Papa: a Igreja precisa da arte de poetas e escritores - Not\u00edcias - Franciscanos","robots":{"index":"index","follow":"follow","max-snippet":"max-snippet:-1","max-image-preview":"max-image-preview:large","max-video-preview":"max-video-preview:-1"},"canonical":"https:\/\/franciscanos.org.br\/noticias\/audienciaarte.html","og_locale":"pt_BR","og_type":"article","og_title":"Papa: a Igreja precisa da arte de poetas e escritores - Not\u00edcias - Franciscanos","og_description":"Arte e Igreja","og_url":"https:\/\/franciscanos.org.br\/noticias\/audienciaarte.html","og_site_name":"Not\u00edcias - Franciscanos","article_published_time":"2023-05-27T16:26:03+00:00","article_modified_time":"2023-05-27T16:26:46+00:00","og_image":[{"width":1500,"height":844,"url":"https:\/\/franciscanos.org.br\/noticias\/wp-content\/uploads\/2023\/05\/audiencia.jpeg","type":"image\/jpeg"}],"author":"moacir","twitter_card":"summary_large_image","twitter_misc":{"Escrito por":"moacir","Est. tempo de leitura":"4 minutos"},"schema":{"@context":"https:\/\/schema.org","@graph":[{"@type":"WebSite","@id":"https:\/\/franciscanos.org.br\/noticias\/#website","url":"https:\/\/franciscanos.org.br\/noticias\/","name":"Not\u00edcias - Franciscanos","description":"Prov\u00edncia Franciscana da Imaculada Concei\u00e7\u00e3o do Brasil - Ordem dos Frades Menores - OFM","potentialAction":[{"@type":"SearchAction","target":{"@type":"EntryPoint","urlTemplate":"https:\/\/franciscanos.org.br\/noticias\/?s={search_term_string}"},"query-input":"required name=search_term_string"}],"inLanguage":"pt-BR"},{"@type":"ImageObject","inLanguage":"pt-BR","@id":"https:\/\/franciscanos.org.br\/noticias\/audienciaarte.html#primaryimage","url":"https:\/\/franciscanos.org.br\/noticias\/wp-content\/uploads\/2023\/05\/audiencia.jpeg","contentUrl":"https:\/\/franciscanos.org.br\/noticias\/wp-content\/uploads\/2023\/05\/audiencia.jpeg","width":1500,"height":844},{"@type":"WebPage","@id":"https:\/\/franciscanos.org.br\/noticias\/audienciaarte.html#webpage","url":"https:\/\/franciscanos.org.br\/noticias\/audienciaarte.html","name":"Papa: a Igreja precisa da arte de poetas e escritores - Not\u00edcias - Franciscanos","isPartOf":{"@id":"https:\/\/franciscanos.org.br\/noticias\/#website"},"primaryImageOfPage":{"@id":"https:\/\/franciscanos.org.br\/noticias\/audienciaarte.html#primaryimage"},"datePublished":"2023-05-27T16:26:03+00:00","dateModified":"2023-05-27T16:26:46+00:00","author":{"@id":"https:\/\/franciscanos.org.br\/noticias\/#\/schema\/person\/b5c8cba458c330ccff548b056e95a5d4"},"breadcrumb":{"@id":"https:\/\/franciscanos.org.br\/noticias\/audienciaarte.html#breadcrumb"},"inLanguage":"pt-BR","potentialAction":[{"@type":"ReadAction","target":["https:\/\/franciscanos.org.br\/noticias\/audienciaarte.html"]}]},{"@type":"BreadcrumbList","@id":"https:\/\/franciscanos.org.br\/noticias\/audienciaarte.html#breadcrumb","itemListElement":[{"@type":"ListItem","position":1,"name":"Home","item":"https:\/\/franciscanos.org.br\/noticias"},{"@type":"ListItem","position":2,"name":"Papa: a Igreja precisa da arte de poetas e escritores"}]},{"@type":"Person","@id":"https:\/\/franciscanos.org.br\/noticias\/#\/schema\/person\/b5c8cba458c330ccff548b056e95a5d4","name":"moacir","image":{"@type":"ImageObject","inLanguage":"pt-BR","@id":"https:\/\/franciscanos.org.br\/noticias\/#\/schema\/person\/image\/","url":"https:\/\/secure.gravatar.com\/avatar\/d08aa2ce4c8dd416d4479aa8536fcf64?s=96&d=mm&r=g","contentUrl":"https:\/\/secure.gravatar.com\/avatar\/d08aa2ce4c8dd416d4479aa8536fcf64?s=96&d=mm&r=g","caption":"moacir"},"url":"https:\/\/franciscanos.org.br\/noticias\/author\/moacir"}]}},"_links":{"self":[{"href":"https:\/\/franciscanos.org.br\/noticias\/wp-json\/wp\/v2\/posts\/243505"}],"collection":[{"href":"https:\/\/franciscanos.org.br\/noticias\/wp-json\/wp\/v2\/posts"}],"about":[{"href":"https:\/\/franciscanos.org.br\/noticias\/wp-json\/wp\/v2\/types\/post"}],"author":[{"embeddable":true,"href":"https:\/\/franciscanos.org.br\/noticias\/wp-json\/wp\/v2\/users\/3"}],"replies":[{"embeddable":true,"href":"https:\/\/franciscanos.org.br\/noticias\/wp-json\/wp\/v2\/comments?post=243505"}],"version-history":[{"count":2,"href":"https:\/\/franciscanos.org.br\/noticias\/wp-json\/wp\/v2\/posts\/243505\/revisions"}],"predecessor-version":[{"id":243508,"href":"https:\/\/franciscanos.org.br\/noticias\/wp-json\/wp\/v2\/posts\/243505\/revisions\/243508"}],"wp:featuredmedia":[{"embeddable":true,"href":"https:\/\/franciscanos.org.br\/noticias\/wp-json\/wp\/v2\/media\/243506"}],"wp:attachment":[{"href":"https:\/\/franciscanos.org.br\/noticias\/wp-json\/wp\/v2\/media?parent=243505"}],"wp:term":[{"taxonomy":"category","embeddable":true,"href":"https:\/\/franciscanos.org.br\/noticias\/wp-json\/wp\/v2\/categories?post=243505"},{"taxonomy":"post_tag","embeddable":true,"href":"https:\/\/franciscanos.org.br\/noticias\/wp-json\/wp\/v2\/tags?post=243505"}],"curies":[{"name":"wp","href":"https:\/\/api.w.org\/{rel}","templated":true}]}}