{"id":243479,"date":"2023-05-25T10:56:41","date_gmt":"2023-05-25T13:56:41","guid":{"rendered":"https:\/\/franciscanos.org.br\/noticias\/?p=243479"},"modified":"2023-05-25T10:56:41","modified_gmt":"2023-05-25T13:56:41","slug":"papa-que-se-ponha-fim-a-esta-guerra-insensata-contra-a-criacao","status":"publish","type":"post","link":"https:\/\/franciscanos.org.br\/noticias\/papa-que-se-ponha-fim-a-esta-guerra-insensata-contra-a-criacao.html","title":{"rendered":"Papa: que se ponha fim a esta guerra insensata contra a Cria\u00e7\u00e3o"},"content":{"rendered":"<div id=\"attachment_243480\" style=\"width: 1290px\" class=\"wp-caption alignnone\"><img aria-describedby=\"caption-attachment-243480\" loading=\"lazy\" class=\"wp-image-243480 size-full\" src=\"https:\/\/franciscanos.org.br\/noticias\/wp-content\/uploads\/2023\/05\/ecologia_25.png\" alt=\"\" width=\"1280\" height=\"720\" srcset=\"https:\/\/franciscanos.org.br\/noticias\/wp-content\/uploads\/2023\/05\/ecologia_25.png 1280w, https:\/\/franciscanos.org.br\/noticias\/wp-content\/uploads\/2023\/05\/ecologia_25-450x253.png 450w, https:\/\/franciscanos.org.br\/noticias\/wp-content\/uploads\/2023\/05\/ecologia_25-1024x576.png 1024w, https:\/\/franciscanos.org.br\/noticias\/wp-content\/uploads\/2023\/05\/ecologia_25-768x432.png 768w, https:\/\/franciscanos.org.br\/noticias\/wp-content\/uploads\/2023\/05\/ecologia_25-150x84.png 150w\" sizes=\"(max-width: 1280px) 100vw, 1280px\" \/><p id=\"caption-attachment-243480\" class=\"wp-caption-text\">\u00a0 \u00a0 \u00a0 \u00a0 \u00a0 \u00a0 \u00a0 \u00a0 \u00a0 \u00a0 \u00a0 \u00a0 \u00a0 \u00a0 \u00a0 \u00a0 \u00a0 \u00a0 \u00a0 \u00a0 \u00a0 \u00a0 \u00a0 \u00a0 \u00a0 \u00a0 \u00a0 \u00a0 \u00a0 \u00a0 \u00a0 \u00a0 \u00a0 \u00a0 \u00a0 \u00a0 \u00a0 \u00a0 \u00a0 \u00a0 \u00a0 \u00a0 \u00a0 \u00a0 \u00a0 \u00a0 \u00a0 \u00a0 \u00a0 \u00a0 \u00a0 \u00a0 \u00a0 \u00a0 \u00a0 \u00a0 \u00a0 \u00a0 \u00a0 \u00a0 \u00a0 \u00a0 \u00a0 \u00a0 \u00a0 \u00a0 \u00a0 \u00a0 \u00a0 \u00a0Imagem ilustrativa: Canva (<a href=\"http:\/\/www.canva.com\/pt_br\/modelos\">www.canva.com\/pt_br\/modelos<\/a>)<\/p><\/div>\n<p>Foi divulgada, nesta quinta-feira (25\/05), a mensagem do Papa Francisco para o <span style=\"color: #ff0000;\"><strong><a style=\"color: #ff0000;\" href=\"https:\/\/www.vatican.va\/content\/francesco\/pt\/messages\/pont-messages\/2023\/documents\/20230513-messaggio-giornata-curacreato.html\">Dia Mundial de Ora\u00e7\u00e3o pelo Cuidado da Cria\u00e7\u00e3o<\/a><\/strong><\/span> que ser\u00e1 celebrado em 1\u00b0 de setembro pr\u00f3ximo.<\/p>\n<p>\u00abQue jorrem a justi\u00e7a e a paz\u00bb \u00e9 o tema da mensagem do Santo Padre, para o Tempo ecum\u00eanico da Cria\u00e7\u00e3o deste ano, inspirado nas palavras do profeta Am\u00f3s: \u00abJorre a equidade como uma fonte, e a justi\u00e7a como torrente que n\u00e3o seca\u00bb.<\/p>\n<p><strong>Escutar a palpita\u00e7\u00e3o materna da terra<\/strong><br \/>\nSegundo Francisco, &#8220;esta expressiva imagem de Am\u00f3s nos diz aquilo que Deus deseja. Deus quer que reine a justi\u00e7a, que \u00e9 essencial para a nossa vida de filhos, criados \u00e0 imagem de Deus, como \u00e9 a \u00e1gua para a nossa sobreviv\u00eancia f\u00edsica. Deus quer que cada um procure ser justo em todas as situa\u00e7\u00f5es e sempre se esforce por viver segundo as suas leis, permitindo \u00e0 vida florescer plenamente&#8221;.<\/p>\n<p>\u201cQuando buscarmos antes de tudo o Reino dos C\u00e9us, mantendo uma justa rela\u00e7\u00e3o para com Deus, a humanidade e a natureza, ent\u00e3o a justi\u00e7a e a paz poder\u00e3o jorrar como torrente inexaur\u00edvel de \u00e1gua pura, vivificando a humanidade e todas as criaturas.\u201d<\/p>\n<p>O Pont\u00edfice recorda que em julho de 2022, durante sua viagem apost\u00f3lica ao Canad\u00e1, \u00e0s margens do Lago de Sant\u2019Ana, prov\u00edncia de Alberta, ele convidou a meditar sobre isso. &#8220;Aquele lago foi, e \u00e9, um local de peregrina\u00e7\u00e3o para muitas gera\u00e7\u00f5es de ind\u00edgenas&#8221;, pois ali eles &#8220;encontraram a consola\u00e7\u00e3o e a for\u00e7a para continuar&#8221;.<\/p>\n<p>Segundo o Papa, &#8220;imersos na cria\u00e7\u00e3o, podemos escutar: a palpita\u00e7\u00e3o materna da terra. E assim como o batimento dos beb\u00e9s, ainda no seio materno, est\u00e1 em harmonia com o das m\u00e3es, assim tamb\u00e9m para crescer como seres humanos precisamos cadenciar os ritmos da exist\u00eancia com os da cria\u00e7\u00e3o que nos d\u00e1 vida&#8221;.<\/p>\n<p><strong>Efeitos devastadores da guerra ambiental<\/strong><br \/>\nFrancisco convida, neste Tempo da Cria\u00e7\u00e3o, &#8220;a sondar estes batimentos do cora\u00e7\u00e3o: o nosso, o das nossas m\u00e3es e das nossas av\u00f3s, o pulsar do cora\u00e7\u00e3o da cria\u00e7\u00e3o e do cora\u00e7\u00e3o de Deus&#8221; e faz um apelo &#8220;a permanecer ao lado das v\u00edtimas da injusti\u00e7a ambiental e clim\u00e1tica, pondo fim a esta guerra insensata contra a cria\u00e7\u00e3o&#8221;.<\/p>\n<p>De acordo com o Pont\u00edfice, &#8220;o consumismo voraz, alimentado por cora\u00e7\u00f5es ego\u00edstas, est\u00e1 transtornando o ciclo da \u00e1gua do planeta, o uso desenfreado de combust\u00edveis f\u00f3sseis e a destrui\u00e7\u00e3o das florestas est\u00e3o criando um aumento das temperaturas e provocando secas graves, as terr\u00edveis car\u00eancias h\u00eddricas est\u00e3o afligindo cada vez mais as nossas casas, desde as pequenas comunidades rurais at\u00e9 \u00e0s grandes cidades, as ind\u00fastrias predat\u00f3rias est\u00e3o esgotando e poluindo as nossas fontes de \u00e1gua pot\u00e1vel com atividades extremas, como o fraturamento hidr\u00e1ulico para a extra\u00e7\u00e3o de petr\u00f3leo e g\u00e1s, os megaprojetos de extra\u00e7\u00e3o descontrolada e a engorda acelerada de animais. Apropriam-se da \u00abirm\u00e3 \u00e1gua\u00bb \u2013 como lhe chama S\u00e3o Francisco, transformando-a em \u00abmercadoria sujeita \u00e0s leis do mercado\u00bb&#8221;.<\/p>\n<p><strong>A\u00e7\u00e3o urgente em prol do clima<\/strong><br \/>\nFrancisco recorda que &#8220;o Painel Intergovernamental das Na\u00e7\u00f5es Unidas sobre Mudan\u00e7as Clim\u00e1ticas (IPCC) defende uma a\u00e7\u00e3o urgente em prol do clima a fim de nos impedir de desperdi\u00e7ar a ocasi\u00e3o para criar um mundo mais sustent\u00e1vel e justo. Podemos e devemos evitar que se verifiquem as piores consequ\u00eancias. Devemos nos decidir a transformar os nossos cora\u00e7\u00f5es, os nossos estilos de vida e as pol\u00edticas p\u00fablicas que regem a nossa sociedade&#8221;.<\/p>\n<p><strong>Transformar os nossos cora\u00e7\u00f5es<\/strong><br \/>\nPortanto, em primeiro lugar, devemos transformar &#8220;os nossos cora\u00e7\u00f5es. Isto \u00e9 essencial, se se quer come\u00e7ar qualquer outra transforma\u00e7\u00e3o. \u00c9 a \u00abconvers\u00e3o ecol\u00f3gica\u00bb que S\u00e3o Jo\u00e3o Paulo II nos exortava a realizar: a renova\u00e7\u00e3o do nosso relacionamento com a cria\u00e7\u00e3o, de modo que j\u00e1 n\u00e3o a consideremos como objeto a explorar, mas, ao contr\u00e1rio, guardemo-la como um sacro dom do Criador. Depois, devemos nos conscientizar de que uma abordagem global requer que se pratique o respeito ecol\u00f3gico nas quatro vertentes: para com Deus, para com os nossos semelhantes de hoje e de amanh\u00e3, para com toda a natureza e para com n\u00f3s mesmos&#8221;.<\/p>\n<p><strong>Transformar os nossos estilos de vida<\/strong><br \/>\nEm segundo lugar, devemos transformar &#8220;os nossos estilos de vida. Partindo duma grata admira\u00e7\u00e3o do Criador e da cria\u00e7\u00e3o, arrependamo-nos dos nossos \u00abpecados ecol\u00f3gicos\u00bb, como adverte o meu irm\u00e3o Patriarca Ecum\u00eanico Bartolomeu. Estes pecados prejudicam o mundo natural e tamb\u00e9m os nossos irm\u00e3os e irm\u00e3s. Com a ajuda da gra\u00e7a de Deus, adotemos estilos de vida com menor desperd\u00edcio e menos consumos in\u00fateis, sobretudo onde os processos de produ\u00e7\u00e3o s\u00e3o t\u00f3xicos e insustent\u00e1veis. Procuremos estar o mais poss\u00edvel atentos aos nossos h\u00e1bitos e op\u00e7\u00f5es econ\u00f4micas, para que todos possam estar melhor: os nossos semelhantes, onde quer que se encontrem, e tamb\u00e9m os filhos dos nossos filhos. Colaboremos para esta cria\u00e7\u00e3o cont\u00ednua de Deus atrav\u00e9s de op\u00e7\u00f5es positivas: fazendo o uso mais moderado poss\u00edvel dos recursos, praticando uma jubilosa sobriedade, separando e reciclando o lixo e recorrendo a produtos e servi\u00e7os \u2013 e h\u00e1 tantos \u00e0 nossa disposi\u00e7\u00e3o \u2013 que sejam ecol\u00f3gica e socialmente respons\u00e1veis&#8221;.<\/p>\n<p><strong>Transformar as pol\u00edticas p\u00fablicas<\/strong><br \/>\nPor fim, &#8220;devemos transformar as pol\u00edticas p\u00fablicas que regem as nossas sociedades e moldam a vida dos jovens de hoje e de amanh\u00e3. Pol\u00edticas econ\u00f4micas, que favorecem riquezas escandalosas para poucos e condi\u00e7\u00f5es degradantes para muitos, decretam o fim da paz e da justi\u00e7a&#8221;. Segundo Francisco, &#8220;\u00e9 evidente que as na\u00e7\u00f5es mais ricas acumularam&#8221;, e cita a enc\u00edclica Laudato si\u2019, &#8220;uma \u00abd\u00edvida ecol\u00f3gica\u00bb. Os l\u00edderes mundiais presentes na C\u00fapula COP28, programada de 30 de novembro a 12 de dezembro deste ano em Dubai, devem ouvir a ci\u00eancia e come\u00e7ar uma transi\u00e7\u00e3o r\u00e1pida e equitativa para acabar com a era dos combust\u00edveis f\u00f3sseis&#8221;.<\/p>\n<p>&#8220;\u00c0 luz dos compromissos do Acordo de Paris tendentes a suspender o risco do aquecimento global, \u00e9 insensato permitir a explora\u00e7\u00e3o e expans\u00e3o cont\u00ednua das infraestruturas para os combust\u00edveis f\u00f3sseis.&#8221;<\/p>\n<p>\u201cLevantemos a voz para deter esta injusti\u00e7a para com os pobres e os nossos filhos, que sofrer\u00e3o os impactos piores das mudan\u00e7as clim\u00e1ticas.\u201d<\/p>\n<p>&#8220;Apelo a todas as pessoas de boa vontade para agirem de acordo com estas orienta\u00e7\u00f5es acerca da sociedade e da natureza&#8221;, escreve o Papa<\/p>\n<p><strong>Caminho de di\u00e1logo sinodal e convers\u00e3o<\/strong><br \/>\n&#8220;Numa perspetiva paralela, mais espec\u00edfica do servi\u00e7o da Igreja Cat\u00f3lica, temos a sinodalidade&#8221;, sublinha Francisco, recordando que &#8220;este ano, o encerramento do Tempo da Cria\u00e7\u00e3o, na festa de S\u00e3o Francisco, em 4 de outubro, coincidir\u00e1 com a abertura do S\u00ednodo sobre a Sinodalidade&#8221;. &#8220;Como os rios que s\u00e3o alimentados por mil ribeirinhos e torrentes maiores, o processo sinodal, iniciado em outubro de 2021, convida todos os componentes, a n\u00edvel pessoal e comunit\u00e1rio, a convergirem num majestoso rio de reflex\u00e3o e renova\u00e7\u00e3o. Todo o Povo de Deus est\u00e1 envolvido num abrangente caminho de di\u00e1logo sinodal e convers\u00e3o&#8221;, ressalta.<\/p>\n<p>Francisco conclui a mensagem, destacando que &#8220;\u00e0 semelhan\u00e7a duma bacia hidrogr\u00e1fica com os seus numerosos afluentes grandes e pequenos, a Igreja \u00e9 uma comunh\u00e3o de inumer\u00e1veis Igrejas locais, comunidades religiosas e associa\u00e7\u00f5es que se alimentam da mesma \u00e1gua. Cada fonte acrescenta a sua contribui\u00e7\u00e3o \u00fanica e insubstitu\u00edvel, at\u00e9 conflu\u00edrem todas no vasto oceano do amor misericordioso de Deus. Como um rio \u00e9 fonte de vida para o ambiente que o rodeia, assim a nossa Igreja sinodal deve ser fonte de vida para a casa comum e quantos nela habitam. E como um rio d\u00e1 vida a todo o tipo de esp\u00e9cies animal e vegetal, assim uma Igreja sinodal deve dar vida semeando justi\u00e7a e paz em todo lugar que alcance&#8221;.<\/p>\n<hr \/>\n<p><em>Vatican News (texto de Mariangela Jaguraba)<\/em><\/p>\n","protected":false},"excerpt":{"rendered":"<p>Dia Mundial de Ora\u00e7\u00e3o pelo Cuidado da Cria\u00e7\u00e3o<\/p>\n","protected":false},"author":3,"featured_media":243480,"comment_status":"open","ping_status":"open","sticky":false,"template":"","format":"standard","meta":[],"categories":[1428],"tags":[1229],"acf":[],"yoast_head":"<!-- This site is optimized with the Yoast SEO plugin v19.2 - https:\/\/yoast.com\/wordpress\/plugins\/seo\/ -->\n<title>Papa: que se ponha fim a esta guerra insensata contra a Cria\u00e7\u00e3o - Not\u00edcias - Franciscanos<\/title>\n<meta name=\"robots\" content=\"index, follow, max-snippet:-1, max-image-preview:large, max-video-preview:-1\" \/>\n<link rel=\"canonical\" href=\"https:\/\/franciscanos.org.br\/noticias\/papa-que-se-ponha-fim-a-esta-guerra-insensata-contra-a-criacao.html\" \/>\n<meta property=\"og:locale\" content=\"pt_BR\" \/>\n<meta property=\"og:type\" content=\"article\" \/>\n<meta property=\"og:title\" content=\"Papa: que se ponha fim a esta guerra insensata contra a Cria\u00e7\u00e3o - Not\u00edcias - Franciscanos\" \/>\n<meta property=\"og:description\" content=\"Dia Mundial de Ora\u00e7\u00e3o pelo Cuidado da Cria\u00e7\u00e3o\" \/>\n<meta property=\"og:url\" content=\"https:\/\/franciscanos.org.br\/noticias\/papa-que-se-ponha-fim-a-esta-guerra-insensata-contra-a-criacao.html\" \/>\n<meta property=\"og:site_name\" content=\"Not\u00edcias - Franciscanos\" \/>\n<meta property=\"article:published_time\" content=\"2023-05-25T13:56:41+00:00\" \/>\n<meta property=\"og:image\" content=\"https:\/\/franciscanos.org.br\/noticias\/wp-content\/uploads\/2023\/05\/ecologia_25.png\" \/>\n\t<meta property=\"og:image:width\" content=\"1280\" \/>\n\t<meta property=\"og:image:height\" content=\"720\" \/>\n\t<meta property=\"og:image:type\" content=\"image\/png\" \/>\n<meta name=\"author\" content=\"moacir\" \/>\n<meta name=\"twitter:card\" content=\"summary_large_image\" \/>\n<meta name=\"twitter:label1\" content=\"Escrito por\" \/>\n\t<meta name=\"twitter:data1\" content=\"moacir\" \/>\n\t<meta name=\"twitter:label2\" content=\"Est. tempo de leitura\" \/>\n\t<meta name=\"twitter:data2\" content=\"7 minutos\" \/>\n<script type=\"application\/ld+json\" class=\"yoast-schema-graph\">{\"@context\":\"https:\/\/schema.org\",\"@graph\":[{\"@type\":\"WebSite\",\"@id\":\"https:\/\/franciscanos.org.br\/noticias\/#website\",\"url\":\"https:\/\/franciscanos.org.br\/noticias\/\",\"name\":\"Not\u00edcias - Franciscanos\",\"description\":\"Prov\u00edncia Franciscana da Imaculada Concei\u00e7\u00e3o do Brasil - Ordem dos Frades Menores - OFM\",\"potentialAction\":[{\"@type\":\"SearchAction\",\"target\":{\"@type\":\"EntryPoint\",\"urlTemplate\":\"https:\/\/franciscanos.org.br\/noticias\/?s={search_term_string}\"},\"query-input\":\"required name=search_term_string\"}],\"inLanguage\":\"pt-BR\"},{\"@type\":\"ImageObject\",\"inLanguage\":\"pt-BR\",\"@id\":\"https:\/\/franciscanos.org.br\/noticias\/papa-que-se-ponha-fim-a-esta-guerra-insensata-contra-a-criacao.html#primaryimage\",\"url\":\"https:\/\/franciscanos.org.br\/noticias\/wp-content\/uploads\/2023\/05\/ecologia_25.png\",\"contentUrl\":\"https:\/\/franciscanos.org.br\/noticias\/wp-content\/uploads\/2023\/05\/ecologia_25.png\",\"width\":1280,\"height\":720},{\"@type\":\"WebPage\",\"@id\":\"https:\/\/franciscanos.org.br\/noticias\/papa-que-se-ponha-fim-a-esta-guerra-insensata-contra-a-criacao.html#webpage\",\"url\":\"https:\/\/franciscanos.org.br\/noticias\/papa-que-se-ponha-fim-a-esta-guerra-insensata-contra-a-criacao.html\",\"name\":\"Papa: que se ponha fim a esta guerra insensata contra a Cria\u00e7\u00e3o - Not\u00edcias - Franciscanos\",\"isPartOf\":{\"@id\":\"https:\/\/franciscanos.org.br\/noticias\/#website\"},\"primaryImageOfPage\":{\"@id\":\"https:\/\/franciscanos.org.br\/noticias\/papa-que-se-ponha-fim-a-esta-guerra-insensata-contra-a-criacao.html#primaryimage\"},\"datePublished\":\"2023-05-25T13:56:41+00:00\",\"dateModified\":\"2023-05-25T13:56:41+00:00\",\"author\":{\"@id\":\"https:\/\/franciscanos.org.br\/noticias\/#\/schema\/person\/b5c8cba458c330ccff548b056e95a5d4\"},\"breadcrumb\":{\"@id\":\"https:\/\/franciscanos.org.br\/noticias\/papa-que-se-ponha-fim-a-esta-guerra-insensata-contra-a-criacao.html#breadcrumb\"},\"inLanguage\":\"pt-BR\",\"potentialAction\":[{\"@type\":\"ReadAction\",\"target\":[\"https:\/\/franciscanos.org.br\/noticias\/papa-que-se-ponha-fim-a-esta-guerra-insensata-contra-a-criacao.html\"]}]},{\"@type\":\"BreadcrumbList\",\"@id\":\"https:\/\/franciscanos.org.br\/noticias\/papa-que-se-ponha-fim-a-esta-guerra-insensata-contra-a-criacao.html#breadcrumb\",\"itemListElement\":[{\"@type\":\"ListItem\",\"position\":1,\"name\":\"Home\",\"item\":\"https:\/\/franciscanos.org.br\/noticias\"},{\"@type\":\"ListItem\",\"position\":2,\"name\":\"Papa: que se ponha fim a esta guerra insensata contra a Cria\u00e7\u00e3o\"}]},{\"@type\":\"Person\",\"@id\":\"https:\/\/franciscanos.org.br\/noticias\/#\/schema\/person\/b5c8cba458c330ccff548b056e95a5d4\",\"name\":\"moacir\",\"image\":{\"@type\":\"ImageObject\",\"inLanguage\":\"pt-BR\",\"@id\":\"https:\/\/franciscanos.org.br\/noticias\/#\/schema\/person\/image\/\",\"url\":\"https:\/\/secure.gravatar.com\/avatar\/d08aa2ce4c8dd416d4479aa8536fcf64?s=96&d=mm&r=g\",\"contentUrl\":\"https:\/\/secure.gravatar.com\/avatar\/d08aa2ce4c8dd416d4479aa8536fcf64?s=96&d=mm&r=g\",\"caption\":\"moacir\"},\"url\":\"https:\/\/franciscanos.org.br\/noticias\/author\/moacir\"}]}<\/script>\n<!-- \/ Yoast SEO plugin. -->","yoast_head_json":{"title":"Papa: que se ponha fim a esta guerra insensata contra a Cria\u00e7\u00e3o - Not\u00edcias - Franciscanos","robots":{"index":"index","follow":"follow","max-snippet":"max-snippet:-1","max-image-preview":"max-image-preview:large","max-video-preview":"max-video-preview:-1"},"canonical":"https:\/\/franciscanos.org.br\/noticias\/papa-que-se-ponha-fim-a-esta-guerra-insensata-contra-a-criacao.html","og_locale":"pt_BR","og_type":"article","og_title":"Papa: que se ponha fim a esta guerra insensata contra a Cria\u00e7\u00e3o - Not\u00edcias - Franciscanos","og_description":"Dia Mundial de Ora\u00e7\u00e3o pelo Cuidado da Cria\u00e7\u00e3o","og_url":"https:\/\/franciscanos.org.br\/noticias\/papa-que-se-ponha-fim-a-esta-guerra-insensata-contra-a-criacao.html","og_site_name":"Not\u00edcias - Franciscanos","article_published_time":"2023-05-25T13:56:41+00:00","og_image":[{"width":1280,"height":720,"url":"https:\/\/franciscanos.org.br\/noticias\/wp-content\/uploads\/2023\/05\/ecologia_25.png","type":"image\/png"}],"author":"moacir","twitter_card":"summary_large_image","twitter_misc":{"Escrito por":"moacir","Est. tempo de leitura":"7 minutos"},"schema":{"@context":"https:\/\/schema.org","@graph":[{"@type":"WebSite","@id":"https:\/\/franciscanos.org.br\/noticias\/#website","url":"https:\/\/franciscanos.org.br\/noticias\/","name":"Not\u00edcias - Franciscanos","description":"Prov\u00edncia Franciscana da Imaculada Concei\u00e7\u00e3o do Brasil - Ordem dos Frades Menores - OFM","potentialAction":[{"@type":"SearchAction","target":{"@type":"EntryPoint","urlTemplate":"https:\/\/franciscanos.org.br\/noticias\/?s={search_term_string}"},"query-input":"required name=search_term_string"}],"inLanguage":"pt-BR"},{"@type":"ImageObject","inLanguage":"pt-BR","@id":"https:\/\/franciscanos.org.br\/noticias\/papa-que-se-ponha-fim-a-esta-guerra-insensata-contra-a-criacao.html#primaryimage","url":"https:\/\/franciscanos.org.br\/noticias\/wp-content\/uploads\/2023\/05\/ecologia_25.png","contentUrl":"https:\/\/franciscanos.org.br\/noticias\/wp-content\/uploads\/2023\/05\/ecologia_25.png","width":1280,"height":720},{"@type":"WebPage","@id":"https:\/\/franciscanos.org.br\/noticias\/papa-que-se-ponha-fim-a-esta-guerra-insensata-contra-a-criacao.html#webpage","url":"https:\/\/franciscanos.org.br\/noticias\/papa-que-se-ponha-fim-a-esta-guerra-insensata-contra-a-criacao.html","name":"Papa: que se ponha fim a esta guerra insensata contra a Cria\u00e7\u00e3o - Not\u00edcias - Franciscanos","isPartOf":{"@id":"https:\/\/franciscanos.org.br\/noticias\/#website"},"primaryImageOfPage":{"@id":"https:\/\/franciscanos.org.br\/noticias\/papa-que-se-ponha-fim-a-esta-guerra-insensata-contra-a-criacao.html#primaryimage"},"datePublished":"2023-05-25T13:56:41+00:00","dateModified":"2023-05-25T13:56:41+00:00","author":{"@id":"https:\/\/franciscanos.org.br\/noticias\/#\/schema\/person\/b5c8cba458c330ccff548b056e95a5d4"},"breadcrumb":{"@id":"https:\/\/franciscanos.org.br\/noticias\/papa-que-se-ponha-fim-a-esta-guerra-insensata-contra-a-criacao.html#breadcrumb"},"inLanguage":"pt-BR","potentialAction":[{"@type":"ReadAction","target":["https:\/\/franciscanos.org.br\/noticias\/papa-que-se-ponha-fim-a-esta-guerra-insensata-contra-a-criacao.html"]}]},{"@type":"BreadcrumbList","@id":"https:\/\/franciscanos.org.br\/noticias\/papa-que-se-ponha-fim-a-esta-guerra-insensata-contra-a-criacao.html#breadcrumb","itemListElement":[{"@type":"ListItem","position":1,"name":"Home","item":"https:\/\/franciscanos.org.br\/noticias"},{"@type":"ListItem","position":2,"name":"Papa: que se ponha fim a esta guerra insensata contra a Cria\u00e7\u00e3o"}]},{"@type":"Person","@id":"https:\/\/franciscanos.org.br\/noticias\/#\/schema\/person\/b5c8cba458c330ccff548b056e95a5d4","name":"moacir","image":{"@type":"ImageObject","inLanguage":"pt-BR","@id":"https:\/\/franciscanos.org.br\/noticias\/#\/schema\/person\/image\/","url":"https:\/\/secure.gravatar.com\/avatar\/d08aa2ce4c8dd416d4479aa8536fcf64?s=96&d=mm&r=g","contentUrl":"https:\/\/secure.gravatar.com\/avatar\/d08aa2ce4c8dd416d4479aa8536fcf64?s=96&d=mm&r=g","caption":"moacir"},"url":"https:\/\/franciscanos.org.br\/noticias\/author\/moacir"}]}},"_links":{"self":[{"href":"https:\/\/franciscanos.org.br\/noticias\/wp-json\/wp\/v2\/posts\/243479"}],"collection":[{"href":"https:\/\/franciscanos.org.br\/noticias\/wp-json\/wp\/v2\/posts"}],"about":[{"href":"https:\/\/franciscanos.org.br\/noticias\/wp-json\/wp\/v2\/types\/post"}],"author":[{"embeddable":true,"href":"https:\/\/franciscanos.org.br\/noticias\/wp-json\/wp\/v2\/users\/3"}],"replies":[{"embeddable":true,"href":"https:\/\/franciscanos.org.br\/noticias\/wp-json\/wp\/v2\/comments?post=243479"}],"version-history":[{"count":1,"href":"https:\/\/franciscanos.org.br\/noticias\/wp-json\/wp\/v2\/posts\/243479\/revisions"}],"predecessor-version":[{"id":243481,"href":"https:\/\/franciscanos.org.br\/noticias\/wp-json\/wp\/v2\/posts\/243479\/revisions\/243481"}],"wp:featuredmedia":[{"embeddable":true,"href":"https:\/\/franciscanos.org.br\/noticias\/wp-json\/wp\/v2\/media\/243480"}],"wp:attachment":[{"href":"https:\/\/franciscanos.org.br\/noticias\/wp-json\/wp\/v2\/media?parent=243479"}],"wp:term":[{"taxonomy":"category","embeddable":true,"href":"https:\/\/franciscanos.org.br\/noticias\/wp-json\/wp\/v2\/categories?post=243479"},{"taxonomy":"post_tag","embeddable":true,"href":"https:\/\/franciscanos.org.br\/noticias\/wp-json\/wp\/v2\/tags?post=243479"}],"curies":[{"name":"wp","href":"https:\/\/api.w.org\/{rel}","templated":true}]}}