{"id":243472,"date":"2023-05-24T15:39:44","date_gmt":"2023-05-24T18:39:44","guid":{"rendered":"https:\/\/franciscanos.org.br\/noticias\/?p=243472"},"modified":"2023-09-18T09:35:01","modified_gmt":"2023-09-18T12:35:01","slug":"nao-ha-justificativas-em-nome-da-fe-crista-para-a-divisao-afirma-dom-lauro-na-abertura-da-souc-em-colatina","status":"publish","type":"post","link":"https:\/\/franciscanos.org.br\/noticias\/nao-ha-justificativas-em-nome-da-fe-crista-para-a-divisao-afirma-dom-lauro-na-abertura-da-souc-em-colatina.html","title":{"rendered":"\u201cN\u00e3o h\u00e1 justificativas, em nome da f\u00e9 crist\u00e3, para a divis\u00e3o\u201d, afirma Dom Lauro na SOUC em Colatina"},"content":{"rendered":"<p><img loading=\"lazy\" class=\"alignnone size-full wp-image-243473\" src=\"https:\/\/franciscanos.org.br\/noticias\/wp-content\/uploads\/2023\/05\/colatina_01-1.jpg\" alt=\"\" width=\"1280\" height=\"720\" srcset=\"https:\/\/franciscanos.org.br\/noticias\/wp-content\/uploads\/2023\/05\/colatina_01-1.jpg 1280w, https:\/\/franciscanos.org.br\/noticias\/wp-content\/uploads\/2023\/05\/colatina_01-1-450x253.jpg 450w, https:\/\/franciscanos.org.br\/noticias\/wp-content\/uploads\/2023\/05\/colatina_01-1-1024x576.jpg 1024w, https:\/\/franciscanos.org.br\/noticias\/wp-content\/uploads\/2023\/05\/colatina_01-1-768x432.jpg 768w, https:\/\/franciscanos.org.br\/noticias\/wp-content\/uploads\/2023\/05\/colatina_01-1-150x84.jpg 150w\" sizes=\"(max-width: 1280px) 100vw, 1280px\" \/><\/p>\n<p><strong>Colatina (ES) \u2013<\/strong> No per\u00edodo que antecede a Solenidade de Pentecostes, o Conselho Nacional das Igrejas Crist\u00e3s (CONIC), promove anualmente a Semana de Ora\u00e7\u00e3o pela Unidade Crist\u00e3 (SOUC). Neste ano, acontece de 22 a 28 de maio. No Regional do Estado do Esp\u00edrito Santo (ES), a Celebra\u00e7\u00e3o de Abertura realizou-se nesta ter\u00e7a-feira (23\/05), \u00e0s 19h, na Igreja Presbiteriana Unida (IPU), centro de Colatina, e contou com a participa\u00e7\u00e3o de v\u00e1rias lideran\u00e7as religiosas.<\/p>\n<p>A partir da tem\u00e1tica proposta \u201cAprendei a fazer o bem; procurai a justi\u00e7a&#8221; (Isa\u00edas 1,17), a celebra\u00e7\u00e3o teve enfoque na luta contra o racismo e suas desastrosas consequ\u00eancias na vida de muitos irm\u00e3os e irm\u00e3s. Por isso, no in\u00edcio da ora\u00e7\u00e3o, os participantes receberam uma pedra, s\u00edmbolo do trope\u00e7o e ao mesmo tempo s\u00edmbolo da pedra angular que \u00e9 Cristo Jesus.<\/p>\n<p>Ap\u00f3s a proclama\u00e7\u00e3o da Palavra de Deus do livro de Ef\u00e9sios (2,13-22) e do Evangelho de Mateus (25,31-40), Dom Lauro S\u00e9rgio Versiani Barbosa, bispo da Diocese de Colatina, conduziu o momento da partilha da palavra.<\/p>\n<p>\u201c\u00c9 uma alegria podermos estar aqui reunidos nesta Semana de Ora\u00e7\u00e3o pela Unidade Crist\u00e3, promovido pelo CONIC. A unidade \u00e9 dom do Esp\u00edrito Santo\u201d, introduziu Dom Lauro. Para ele, a partir da leitura de Ef\u00e9sios, Jesus \u00e9 aquele que derrubou o muro da separa\u00e7\u00e3o, da divis\u00e3o. \u201cO ser humano redimido por Ele \u00e9 um ser voltado para a comunh\u00e3o. J\u00e1 n\u00e3o temos mais judeus e pag\u00e3os, todos formamos um \u00fanico corpo em Cristo Jesus. O Redentor da humanidade, em quem n\u00f3s fomos criados e redimidos, conquista para o Pai, um s\u00f3 povo. Um povo de irm\u00e3os e irm\u00e3s, foi assim que o muro desapareceu\u201d, disse.<\/p>\n<p><img loading=\"lazy\" class=\"alignnone wp-image-243474 size-full\" src=\"https:\/\/franciscanos.org.br\/noticias\/wp-content\/uploads\/2023\/05\/colatina_04-1.jpg\" alt=\"\" width=\"1280\" height=\"718\" srcset=\"https:\/\/franciscanos.org.br\/noticias\/wp-content\/uploads\/2023\/05\/colatina_04-1.jpg 1280w, https:\/\/franciscanos.org.br\/noticias\/wp-content\/uploads\/2023\/05\/colatina_04-1-450x252.jpg 450w, https:\/\/franciscanos.org.br\/noticias\/wp-content\/uploads\/2023\/05\/colatina_04-1-1024x574.jpg 1024w, https:\/\/franciscanos.org.br\/noticias\/wp-content\/uploads\/2023\/05\/colatina_04-1-768x431.jpg 768w, https:\/\/franciscanos.org.br\/noticias\/wp-content\/uploads\/2023\/05\/colatina_04-1-150x84.jpg 150w\" sizes=\"(max-width: 1280px) 100vw, 1280px\" \/><\/p>\n<p>\u201c\u00c9 a primeira vez que entro aqui na Igreja Presbiteriana Unida de Colatina e me sinto muito bem, em casa, isso porque somos irm\u00e3os. Aqui estamos reunidos em ora\u00e7\u00e3o. Somos chamados a viver a eternidade juntos. Mas a eternidade n\u00e3o \u00e9 apenas ap\u00f3s a morte, ela come\u00e7a aqui e agora. N\u00e3o h\u00e1 justificativas, em nome da f\u00e9 crist\u00e3, para a divis\u00e3o, para os muros, para a separa\u00e7\u00e3o, para a intoler\u00e2ncia, para a viol\u00eancia. Cristo \u00e9 a nossa paz\u201d, frisou.<\/p>\n<p>Sobre o Evangelho, Dom Lauro fez uma compara\u00e7\u00e3o com os que s\u00e3o estudantes, dizendo que o grande sonho de todos \u00e9 saber o que vai cair na prova. \u201cNo Evangelho, Jesus nos deu informa\u00e7\u00e3o sobre qual ser\u00e1 o nosso exame final\u201d, destacou, ressaltando que os crist\u00e3os ser\u00e3o julgados pelo amor.<\/p>\n<p>\u201cQuando fizerdes boas obras ao menor dos meus irm\u00e3os, estar\u00e3o fazendo isso a mim\u201d, sublinhou o bispo, referindo-se ao mandato de Cristo Jesus aos seus disc\u00edpulos. \u201cEssa p\u00e1gina do Evangelho \u00e9 fundamental para n\u00f3s crist\u00e3os pois \u00e9 uma p\u00e1gina cristol\u00f3gica. Cristo se identifica com o menor, com o sofredor, com aquele que o mundo despreza. O irm\u00e3o sofredor, desprezado, \u00e9 espa\u00e7o, lugar, oportunidade de encontro com o Salvador, Jesus Cristo\u201d, revelou.<\/p>\n<p>\u201cNo entardecer de nossas vidas, todos n\u00f3s seremos julgados pelo que fizemos. Por isso, todos n\u00f3s somos convidados a sermos embaixadores da miseric\u00f3rdia, n\u00e3o s\u00f3 pelas palavras, mas pelas nossas atitudes concretas em rela\u00e7\u00e3o aos nossos irm\u00e3os\u201d, ensinou. Por fim, fez mem\u00f3ria de S\u00e3o Francisco, lembrando que o Santo de Assis costumava indicar aos frades o an\u00fancio ao Evangelho, sempre de dois a dois e citou: \u201cPregue o Evangelho, se necess\u00e1rio use Palavras\u201d. \u201cEssa nossa atitude de hoje estarmos juntos aqui rezando \u00e9 um acontecimento muito bonito e comprometedor com nossos irm\u00e3os\u201d, concluiu.<\/p>\n<p><img loading=\"lazy\" class=\"alignnone wp-image-243475 size-full\" src=\"https:\/\/franciscanos.org.br\/noticias\/wp-content\/uploads\/2023\/05\/colatina_02-1.jpg\" alt=\"\" width=\"1280\" height=\"689\" srcset=\"https:\/\/franciscanos.org.br\/noticias\/wp-content\/uploads\/2023\/05\/colatina_02-1.jpg 1280w, https:\/\/franciscanos.org.br\/noticias\/wp-content\/uploads\/2023\/05\/colatina_02-1-450x242.jpg 450w, https:\/\/franciscanos.org.br\/noticias\/wp-content\/uploads\/2023\/05\/colatina_02-1-1024x551.jpg 1024w, https:\/\/franciscanos.org.br\/noticias\/wp-content\/uploads\/2023\/05\/colatina_02-1-768x413.jpg 768w, https:\/\/franciscanos.org.br\/noticias\/wp-content\/uploads\/2023\/05\/colatina_02-1-150x81.jpg 150w\" sizes=\"(max-width: 1280px) 100vw, 1280px\" \/><\/p>\n<p><strong>TEMPO DE RECOME\u00c7AR<\/strong><\/p>\n<p>A celebra\u00e7\u00e3o teve prosseguimento com ora\u00e7\u00f5es, c\u00e2nticos e partilhas de relatos de pessoas que sofrem com a discrimina\u00e7\u00e3o e com preconceitos. No final, o Pastor G\u00fcinter, da Igreja Evang\u00e9lica de Confiss\u00e3o Luterana no Brasil, convidou os presentes a constru\u00edrem juntos no corredor central da Igreja um caminho com as pedras que receberam no in\u00edcio da celebra\u00e7\u00e3o. \u201cOremos para que as pedras de trope\u00e7o, racismo, exclus\u00e3o, injusti\u00e7a, dor, sejam superadas pelo nosso empenho e pela luta de nossas Igrejas\u201d, motivou. \u201cAs pedras, pelas nossas a\u00e7\u00f5es, s\u00e3o transformadas em novos caminhos, lembrando que nosso modelo de caminho \u00e9 Jesus\u201d, acrescentou.<\/p>\n<p>O franciscano, Frei Pedro de Oliveira Rodrigues, nomeado por Dom Lauro S\u00e9rgio representante do Regional Leste 3 da Confer\u00eancia Nacional dos Bispos do Brasil (CNBB), para todo o estado do Esp\u00edrito Santo, junto ao CONIC Nacional, explicou que h\u00e1 mais de 15 anos a cidade de Colatina n\u00e3o tinha um evento como este. \u201cEste ano em nosso estado contamos com um maior n\u00famero de celebra\u00e7\u00f5es ecum\u00eanicas\u201d, celebrou o frade. \u201cO desafio \u00e9 expandirmos ainda mais para outros locais que ainda n\u00e3o promovem estas celebra\u00e7\u00f5es\u201d, disse.<\/p>\n<p>Segundo ele, as atividades de retomada das atividades junto ao CONIC regional come\u00e7aram ainda ano passado, mas de maneira t\u00edmida. \u201cPraticamente neste ano come\u00e7a a retomada da linha ecum\u00eanica em nossa Diocese de Colatina. Hoje foi o pontap\u00e9 inicial\u201d, sublinhou.<\/p>\n<p>As celebra\u00e7\u00f5es continuam durante o decorrer da semana. Na quinta-feira (25\/05), ser\u00e1 na Par\u00f3quia Sagrada Fam\u00edlia, Matriz S\u00e3o Vicente de Paulo (ICAR), \u00e0s 19h30. Na sexta-feira, a Celebra\u00e7\u00e3o de encerramento ocorrer\u00e1 na Comunidade Evang\u00e9lica de Confiss\u00e3o Luterana (IECL), \u00e0s 19h30.<\/p>\n<p><img loading=\"lazy\" class=\"alignnone wp-image-243476 size-full\" src=\"https:\/\/franciscanos.org.br\/noticias\/wp-content\/uploads\/2023\/05\/colatina_03.jpg\" alt=\"\" width=\"1280\" height=\"602\" srcset=\"https:\/\/franciscanos.org.br\/noticias\/wp-content\/uploads\/2023\/05\/colatina_03.jpg 1280w, https:\/\/franciscanos.org.br\/noticias\/wp-content\/uploads\/2023\/05\/colatina_03-450x212.jpg 450w, https:\/\/franciscanos.org.br\/noticias\/wp-content\/uploads\/2023\/05\/colatina_03-1024x482.jpg 1024w, https:\/\/franciscanos.org.br\/noticias\/wp-content\/uploads\/2023\/05\/colatina_03-768x361.jpg 768w, https:\/\/franciscanos.org.br\/noticias\/wp-content\/uploads\/2023\/05\/colatina_03-150x71.jpg 150w\" sizes=\"(max-width: 1280px) 100vw, 1280px\" \/><\/p>\n<p><strong>SOBRE A SOUC<\/strong><\/p>\n<p>Promovida mundialmente pelo Pontif\u00edcio Conselho para a Promo\u00e7\u00e3o da Unidade dos Crist\u00e3os e pelo Conselho Mundial de Igrejas, a Semana de Ora\u00e7\u00e3o pela Unidade Crist\u00e3 (SOUC) acontece de 22 a 28 de maio, tempo que antecede a Celebra\u00e7\u00e3o de Pentecostes.<\/p>\n<p>A SOUC \u00e9 tamb\u00e9m um momento simb\u00f3lico para a unidade da Igreja. No Brasil, o Conselho Nacional das Igrejas Crist\u00e3s (CONIC) organiza as iniciativas para a celebra\u00e7\u00e3o da Semana. O tema que inspira a SOUC deste ano foi retirado do livro de Isa\u00edas: \u201cAprendei a fazer o bem, procurai a justi\u00e7a\u201d (Is 1, 17).<\/p>\n<hr \/>\n<p><em>Frei Augusto Luiz Gabriel<\/em><\/p>\n","protected":false},"excerpt":{"rendered":"<p>Semana de Ora\u00e7\u00e3o pela Unidade Crist\u00e3<\/p>\n","protected":false},"author":3,"featured_media":243473,"comment_status":"open","ping_status":"open","sticky":false,"template":"","format":"standard","meta":[],"categories":[1],"tags":[1896,1208],"acf":[],"yoast_head":"<!-- This site is optimized with the Yoast SEO plugin v19.2 - https:\/\/yoast.com\/wordpress\/plugins\/seo\/ -->\n<title>\u201cN\u00e3o h\u00e1 justificativas, em nome da f\u00e9 crist\u00e3, para a divis\u00e3o\u201d, afirma Dom Lauro na SOUC em Colatina - Not\u00edcias - Franciscanos<\/title>\n<meta name=\"robots\" content=\"index, follow, max-snippet:-1, max-image-preview:large, max-video-preview:-1\" \/>\n<link rel=\"canonical\" href=\"https:\/\/franciscanos.org.br\/noticias\/nao-ha-justificativas-em-nome-da-fe-crista-para-a-divisao-afirma-dom-lauro-na-abertura-da-souc-em-colatina.html\" \/>\n<meta property=\"og:locale\" content=\"pt_BR\" \/>\n<meta property=\"og:type\" content=\"article\" \/>\n<meta property=\"og:title\" content=\"\u201cN\u00e3o h\u00e1 justificativas, em nome da f\u00e9 crist\u00e3, para a divis\u00e3o\u201d, afirma Dom Lauro na SOUC em Colatina - Not\u00edcias - Franciscanos\" \/>\n<meta property=\"og:description\" content=\"Semana de Ora\u00e7\u00e3o pela Unidade Crist\u00e3\" \/>\n<meta property=\"og:url\" content=\"https:\/\/franciscanos.org.br\/noticias\/nao-ha-justificativas-em-nome-da-fe-crista-para-a-divisao-afirma-dom-lauro-na-abertura-da-souc-em-colatina.html\" \/>\n<meta property=\"og:site_name\" content=\"Not\u00edcias - Franciscanos\" \/>\n<meta property=\"article:published_time\" content=\"2023-05-24T18:39:44+00:00\" \/>\n<meta property=\"article:modified_time\" content=\"2023-09-18T12:35:01+00:00\" \/>\n<meta property=\"og:image\" content=\"https:\/\/franciscanos.org.br\/noticias\/wp-content\/uploads\/2023\/05\/colatina_01-1.jpg\" \/>\n\t<meta property=\"og:image:width\" content=\"1280\" \/>\n\t<meta property=\"og:image:height\" content=\"720\" \/>\n\t<meta property=\"og:image:type\" content=\"image\/jpeg\" \/>\n<meta name=\"author\" content=\"moacir\" \/>\n<meta name=\"twitter:card\" content=\"summary_large_image\" \/>\n<meta name=\"twitter:label1\" content=\"Escrito por\" \/>\n\t<meta name=\"twitter:data1\" content=\"moacir\" \/>\n\t<meta name=\"twitter:label2\" content=\"Est. tempo de leitura\" \/>\n\t<meta name=\"twitter:data2\" content=\"6 minutos\" \/>\n<script type=\"application\/ld+json\" class=\"yoast-schema-graph\">{\"@context\":\"https:\/\/schema.org\",\"@graph\":[{\"@type\":\"WebSite\",\"@id\":\"https:\/\/franciscanos.org.br\/noticias\/#website\",\"url\":\"https:\/\/franciscanos.org.br\/noticias\/\",\"name\":\"Not\u00edcias - Franciscanos\",\"description\":\"Prov\u00edncia Franciscana da Imaculada Concei\u00e7\u00e3o do Brasil - Ordem dos Frades Menores - OFM\",\"potentialAction\":[{\"@type\":\"SearchAction\",\"target\":{\"@type\":\"EntryPoint\",\"urlTemplate\":\"https:\/\/franciscanos.org.br\/noticias\/?s={search_term_string}\"},\"query-input\":\"required name=search_term_string\"}],\"inLanguage\":\"pt-BR\"},{\"@type\":\"ImageObject\",\"inLanguage\":\"pt-BR\",\"@id\":\"https:\/\/franciscanos.org.br\/noticias\/nao-ha-justificativas-em-nome-da-fe-crista-para-a-divisao-afirma-dom-lauro-na-abertura-da-souc-em-colatina.html#primaryimage\",\"url\":\"https:\/\/franciscanos.org.br\/noticias\/wp-content\/uploads\/2023\/05\/colatina_01-1.jpg\",\"contentUrl\":\"https:\/\/franciscanos.org.br\/noticias\/wp-content\/uploads\/2023\/05\/colatina_01-1.jpg\",\"width\":1280,\"height\":720},{\"@type\":\"WebPage\",\"@id\":\"https:\/\/franciscanos.org.br\/noticias\/nao-ha-justificativas-em-nome-da-fe-crista-para-a-divisao-afirma-dom-lauro-na-abertura-da-souc-em-colatina.html#webpage\",\"url\":\"https:\/\/franciscanos.org.br\/noticias\/nao-ha-justificativas-em-nome-da-fe-crista-para-a-divisao-afirma-dom-lauro-na-abertura-da-souc-em-colatina.html\",\"name\":\"\u201cN\u00e3o h\u00e1 justificativas, em nome da f\u00e9 crist\u00e3, para a divis\u00e3o\u201d, afirma Dom Lauro na SOUC em Colatina - Not\u00edcias - Franciscanos\",\"isPartOf\":{\"@id\":\"https:\/\/franciscanos.org.br\/noticias\/#website\"},\"primaryImageOfPage\":{\"@id\":\"https:\/\/franciscanos.org.br\/noticias\/nao-ha-justificativas-em-nome-da-fe-crista-para-a-divisao-afirma-dom-lauro-na-abertura-da-souc-em-colatina.html#primaryimage\"},\"datePublished\":\"2023-05-24T18:39:44+00:00\",\"dateModified\":\"2023-09-18T12:35:01+00:00\",\"author\":{\"@id\":\"https:\/\/franciscanos.org.br\/noticias\/#\/schema\/person\/b5c8cba458c330ccff548b056e95a5d4\"},\"breadcrumb\":{\"@id\":\"https:\/\/franciscanos.org.br\/noticias\/nao-ha-justificativas-em-nome-da-fe-crista-para-a-divisao-afirma-dom-lauro-na-abertura-da-souc-em-colatina.html#breadcrumb\"},\"inLanguage\":\"pt-BR\",\"potentialAction\":[{\"@type\":\"ReadAction\",\"target\":[\"https:\/\/franciscanos.org.br\/noticias\/nao-ha-justificativas-em-nome-da-fe-crista-para-a-divisao-afirma-dom-lauro-na-abertura-da-souc-em-colatina.html\"]}]},{\"@type\":\"BreadcrumbList\",\"@id\":\"https:\/\/franciscanos.org.br\/noticias\/nao-ha-justificativas-em-nome-da-fe-crista-para-a-divisao-afirma-dom-lauro-na-abertura-da-souc-em-colatina.html#breadcrumb\",\"itemListElement\":[{\"@type\":\"ListItem\",\"position\":1,\"name\":\"Home\",\"item\":\"https:\/\/franciscanos.org.br\/noticias\"},{\"@type\":\"ListItem\",\"position\":2,\"name\":\"\u201cN\u00e3o h\u00e1 justificativas, em nome da f\u00e9 crist\u00e3, para a divis\u00e3o\u201d, afirma Dom Lauro na SOUC em Colatina\"}]},{\"@type\":\"Person\",\"@id\":\"https:\/\/franciscanos.org.br\/noticias\/#\/schema\/person\/b5c8cba458c330ccff548b056e95a5d4\",\"name\":\"moacir\",\"image\":{\"@type\":\"ImageObject\",\"inLanguage\":\"pt-BR\",\"@id\":\"https:\/\/franciscanos.org.br\/noticias\/#\/schema\/person\/image\/\",\"url\":\"https:\/\/secure.gravatar.com\/avatar\/d08aa2ce4c8dd416d4479aa8536fcf64?s=96&d=mm&r=g\",\"contentUrl\":\"https:\/\/secure.gravatar.com\/avatar\/d08aa2ce4c8dd416d4479aa8536fcf64?s=96&d=mm&r=g\",\"caption\":\"moacir\"},\"url\":\"https:\/\/franciscanos.org.br\/noticias\/author\/moacir\"}]}<\/script>\n<!-- \/ Yoast SEO plugin. -->","yoast_head_json":{"title":"\u201cN\u00e3o h\u00e1 justificativas, em nome da f\u00e9 crist\u00e3, para a divis\u00e3o\u201d, afirma Dom Lauro na SOUC em Colatina - Not\u00edcias - Franciscanos","robots":{"index":"index","follow":"follow","max-snippet":"max-snippet:-1","max-image-preview":"max-image-preview:large","max-video-preview":"max-video-preview:-1"},"canonical":"https:\/\/franciscanos.org.br\/noticias\/nao-ha-justificativas-em-nome-da-fe-crista-para-a-divisao-afirma-dom-lauro-na-abertura-da-souc-em-colatina.html","og_locale":"pt_BR","og_type":"article","og_title":"\u201cN\u00e3o h\u00e1 justificativas, em nome da f\u00e9 crist\u00e3, para a divis\u00e3o\u201d, afirma Dom Lauro na SOUC em Colatina - Not\u00edcias - Franciscanos","og_description":"Semana de Ora\u00e7\u00e3o pela Unidade Crist\u00e3","og_url":"https:\/\/franciscanos.org.br\/noticias\/nao-ha-justificativas-em-nome-da-fe-crista-para-a-divisao-afirma-dom-lauro-na-abertura-da-souc-em-colatina.html","og_site_name":"Not\u00edcias - Franciscanos","article_published_time":"2023-05-24T18:39:44+00:00","article_modified_time":"2023-09-18T12:35:01+00:00","og_image":[{"width":1280,"height":720,"url":"https:\/\/franciscanos.org.br\/noticias\/wp-content\/uploads\/2023\/05\/colatina_01-1.jpg","type":"image\/jpeg"}],"author":"moacir","twitter_card":"summary_large_image","twitter_misc":{"Escrito por":"moacir","Est. tempo de leitura":"6 minutos"},"schema":{"@context":"https:\/\/schema.org","@graph":[{"@type":"WebSite","@id":"https:\/\/franciscanos.org.br\/noticias\/#website","url":"https:\/\/franciscanos.org.br\/noticias\/","name":"Not\u00edcias - Franciscanos","description":"Prov\u00edncia Franciscana da Imaculada Concei\u00e7\u00e3o do Brasil - Ordem dos Frades Menores - OFM","potentialAction":[{"@type":"SearchAction","target":{"@type":"EntryPoint","urlTemplate":"https:\/\/franciscanos.org.br\/noticias\/?s={search_term_string}"},"query-input":"required name=search_term_string"}],"inLanguage":"pt-BR"},{"@type":"ImageObject","inLanguage":"pt-BR","@id":"https:\/\/franciscanos.org.br\/noticias\/nao-ha-justificativas-em-nome-da-fe-crista-para-a-divisao-afirma-dom-lauro-na-abertura-da-souc-em-colatina.html#primaryimage","url":"https:\/\/franciscanos.org.br\/noticias\/wp-content\/uploads\/2023\/05\/colatina_01-1.jpg","contentUrl":"https:\/\/franciscanos.org.br\/noticias\/wp-content\/uploads\/2023\/05\/colatina_01-1.jpg","width":1280,"height":720},{"@type":"WebPage","@id":"https:\/\/franciscanos.org.br\/noticias\/nao-ha-justificativas-em-nome-da-fe-crista-para-a-divisao-afirma-dom-lauro-na-abertura-da-souc-em-colatina.html#webpage","url":"https:\/\/franciscanos.org.br\/noticias\/nao-ha-justificativas-em-nome-da-fe-crista-para-a-divisao-afirma-dom-lauro-na-abertura-da-souc-em-colatina.html","name":"\u201cN\u00e3o h\u00e1 justificativas, em nome da f\u00e9 crist\u00e3, para a divis\u00e3o\u201d, afirma Dom Lauro na SOUC em Colatina - Not\u00edcias - Franciscanos","isPartOf":{"@id":"https:\/\/franciscanos.org.br\/noticias\/#website"},"primaryImageOfPage":{"@id":"https:\/\/franciscanos.org.br\/noticias\/nao-ha-justificativas-em-nome-da-fe-crista-para-a-divisao-afirma-dom-lauro-na-abertura-da-souc-em-colatina.html#primaryimage"},"datePublished":"2023-05-24T18:39:44+00:00","dateModified":"2023-09-18T12:35:01+00:00","author":{"@id":"https:\/\/franciscanos.org.br\/noticias\/#\/schema\/person\/b5c8cba458c330ccff548b056e95a5d4"},"breadcrumb":{"@id":"https:\/\/franciscanos.org.br\/noticias\/nao-ha-justificativas-em-nome-da-fe-crista-para-a-divisao-afirma-dom-lauro-na-abertura-da-souc-em-colatina.html#breadcrumb"},"inLanguage":"pt-BR","potentialAction":[{"@type":"ReadAction","target":["https:\/\/franciscanos.org.br\/noticias\/nao-ha-justificativas-em-nome-da-fe-crista-para-a-divisao-afirma-dom-lauro-na-abertura-da-souc-em-colatina.html"]}]},{"@type":"BreadcrumbList","@id":"https:\/\/franciscanos.org.br\/noticias\/nao-ha-justificativas-em-nome-da-fe-crista-para-a-divisao-afirma-dom-lauro-na-abertura-da-souc-em-colatina.html#breadcrumb","itemListElement":[{"@type":"ListItem","position":1,"name":"Home","item":"https:\/\/franciscanos.org.br\/noticias"},{"@type":"ListItem","position":2,"name":"\u201cN\u00e3o h\u00e1 justificativas, em nome da f\u00e9 crist\u00e3, para a divis\u00e3o\u201d, afirma Dom Lauro na SOUC em Colatina"}]},{"@type":"Person","@id":"https:\/\/franciscanos.org.br\/noticias\/#\/schema\/person\/b5c8cba458c330ccff548b056e95a5d4","name":"moacir","image":{"@type":"ImageObject","inLanguage":"pt-BR","@id":"https:\/\/franciscanos.org.br\/noticias\/#\/schema\/person\/image\/","url":"https:\/\/secure.gravatar.com\/avatar\/d08aa2ce4c8dd416d4479aa8536fcf64?s=96&d=mm&r=g","contentUrl":"https:\/\/secure.gravatar.com\/avatar\/d08aa2ce4c8dd416d4479aa8536fcf64?s=96&d=mm&r=g","caption":"moacir"},"url":"https:\/\/franciscanos.org.br\/noticias\/author\/moacir"}]}},"_links":{"self":[{"href":"https:\/\/franciscanos.org.br\/noticias\/wp-json\/wp\/v2\/posts\/243472"}],"collection":[{"href":"https:\/\/franciscanos.org.br\/noticias\/wp-json\/wp\/v2\/posts"}],"about":[{"href":"https:\/\/franciscanos.org.br\/noticias\/wp-json\/wp\/v2\/types\/post"}],"author":[{"embeddable":true,"href":"https:\/\/franciscanos.org.br\/noticias\/wp-json\/wp\/v2\/users\/3"}],"replies":[{"embeddable":true,"href":"https:\/\/franciscanos.org.br\/noticias\/wp-json\/wp\/v2\/comments?post=243472"}],"version-history":[{"count":4,"href":"https:\/\/franciscanos.org.br\/noticias\/wp-json\/wp\/v2\/posts\/243472\/revisions"}],"predecessor-version":[{"id":243572,"href":"https:\/\/franciscanos.org.br\/noticias\/wp-json\/wp\/v2\/posts\/243472\/revisions\/243572"}],"wp:featuredmedia":[{"embeddable":true,"href":"https:\/\/franciscanos.org.br\/noticias\/wp-json\/wp\/v2\/media\/243473"}],"wp:attachment":[{"href":"https:\/\/franciscanos.org.br\/noticias\/wp-json\/wp\/v2\/media?parent=243472"}],"wp:term":[{"taxonomy":"category","embeddable":true,"href":"https:\/\/franciscanos.org.br\/noticias\/wp-json\/wp\/v2\/categories?post=243472"},{"taxonomy":"post_tag","embeddable":true,"href":"https:\/\/franciscanos.org.br\/noticias\/wp-json\/wp\/v2\/tags?post=243472"}],"curies":[{"name":"wp","href":"https:\/\/api.w.org\/{rel}","templated":true}]}}