{"id":243441,"date":"2023-05-23T11:13:27","date_gmt":"2023-05-23T14:13:27","guid":{"rendered":"https:\/\/franciscanos.org.br\/noticias\/?p=243441"},"modified":"2023-05-23T11:14:17","modified_gmt":"2023-05-23T14:14:17","slug":"dom-odelir-jose-magri-realiza-visita-pastoral-na-paroquia-sao-luiz-gonzaga","status":"publish","type":"post","link":"https:\/\/franciscanos.org.br\/noticias\/dom-odelir-jose-magri-realiza-visita-pastoral-na-paroquia-sao-luiz-gonzaga.html","title":{"rendered":"Dom Odelir Jos\u00e9 Magri realiza visita pastoral na Par\u00f3quia S\u00e3o Luiz Gonzaga"},"content":{"rendered":"<p><img loading=\"lazy\" class=\"alignnone wp-image-243443 size-full\" src=\"https:\/\/franciscanos.org.br\/noticias\/wp-content\/uploads\/2023\/05\/xaxim_11.jpg\" alt=\"\" width=\"1280\" height=\"720\" srcset=\"https:\/\/franciscanos.org.br\/noticias\/wp-content\/uploads\/2023\/05\/xaxim_11.jpg 1280w, https:\/\/franciscanos.org.br\/noticias\/wp-content\/uploads\/2023\/05\/xaxim_11-450x253.jpg 450w, https:\/\/franciscanos.org.br\/noticias\/wp-content\/uploads\/2023\/05\/xaxim_11-1024x576.jpg 1024w, https:\/\/franciscanos.org.br\/noticias\/wp-content\/uploads\/2023\/05\/xaxim_11-768x432.jpg 768w, https:\/\/franciscanos.org.br\/noticias\/wp-content\/uploads\/2023\/05\/xaxim_11-150x84.jpg 150w\" sizes=\"(max-width: 1280px) 100vw, 1280px\" \/><\/p>\n<p><em>\u201cEu estarei convosco todos os dias. Onde eu estiver quero que tamb\u00e9m estejais comigo\u201d, disse Dom Odelir relembrando a passagem de Mateus 28,20<\/em><\/p>\n<p>A Par\u00f3quia S\u00e3o Luiz Gonzaga, recebeu na sexta-feira (19\/05), o bispo diocesano de Chapec\u00f3, Dom Odelir Jos\u00e9 Magri, para a Visita Pastoral. Durante tr\u00eas dias, Dom Odelir p\u00f4de acompanhar a rotina dos Frades Franciscanos, conversar com os colaboradores da Par\u00f3quia, com as lideran\u00e7as das comunidades e celebrar nos setores.<\/p>\n<p>A Visita Pastoral \u00e9 o exerc\u00edcio da fun\u00e7\u00e3o do bispo prevista e determinada pelo C\u00f3digo de Direito Can\u00f4nico. Esse \u00e9 um costume na Igreja desde os primeiros tempos quando os ap\u00f3stolos passavam pelas comunidades fundadas confirmando os irm\u00e3os e irm\u00e3s na f\u00e9. A Visita Pastoral tem por objetivo levar o bispo a ter um contato mais pr\u00f3ximo com os padres, religiosos, religiosas e com o povo, e assim conhecer melhor a realidade de cada Par\u00f3quia.<\/p>\n<p><img loading=\"lazy\" class=\"alignnone wp-image-243445 size-full\" src=\"https:\/\/franciscanos.org.br\/noticias\/wp-content\/uploads\/2023\/05\/xaxim_08.jpg\" alt=\"\" width=\"1280\" height=\"853\" srcset=\"https:\/\/franciscanos.org.br\/noticias\/wp-content\/uploads\/2023\/05\/xaxim_08.jpg 1280w, https:\/\/franciscanos.org.br\/noticias\/wp-content\/uploads\/2023\/05\/xaxim_08-450x300.jpg 450w, https:\/\/franciscanos.org.br\/noticias\/wp-content\/uploads\/2023\/05\/xaxim_08-1024x682.jpg 1024w, https:\/\/franciscanos.org.br\/noticias\/wp-content\/uploads\/2023\/05\/xaxim_08-768x512.jpg 768w, https:\/\/franciscanos.org.br\/noticias\/wp-content\/uploads\/2023\/05\/xaxim_08-150x100.jpg 150w\" sizes=\"(max-width: 1280px) 100vw, 1280px\" \/><\/p>\n<p>Dom Odelir foi recebido pelos Freis na sexta-feira, para o caf\u00e9 da manh\u00e3 e conversa. Em seguida, conheceu a secretaria paroquial, os colaboradores e a organiza\u00e7\u00e3o paroquial. \u00c0 tarde, \u00e0s 14h, realizou a visita com ora\u00e7\u00e3o e b\u00ean\u00e7\u00e3o aos doentes no Hospital Frei Bruno de Xaxim e em seguida conheceu a APAE do munic\u00edpio. No final da tarde, esteve em Lajeado Grande visitando duas fam\u00edlias com pessoas idosas que necessitam de cuidado especial dos familiares. \u00c0s 19h, celebrou a Santa Missa com todas as comunidades do Setor de Lajeado Grande.<\/p>\n<p>No s\u00e1bado (20\/05), \u00e0s 7h30, Dom Odelir visitou a casa das Irm\u00e3s Franciscanas para um caf\u00e9, conversar e conhecer um pouco do trabalho realizado pelas religiosas. \u00c0s 9h, visitou duas fam\u00edlias com pessoas acamadas, ocasi\u00e3o em que rezou com a fam\u00edlia e deu a Eucaristia aos doentes e seus cuidadores. Depois, juntamente com o p\u00e1roco conheceu um pouco do munic\u00edpio de Xaxim, passando pelas capelas dos bairros. Durante a tarde, o encontro com as lideran\u00e7as de todas as comunidades da Par\u00f3quia no sal\u00e3o paroquial. Momento em que apresentou a Diocese, os trabalhos realizados e a organiza\u00e7\u00e3o diocesana. Os conselheiros puderam conhecer e conversar com o bispo sobre suas comunidades e o que \u00e9 desenvolvido de atividades em cada local.<\/p>\n\n\t\t<style type=\"text\/css\">\n\t\t\t#gallery-1 {\n\t\t\t\tmargin: auto;\n\t\t\t}\n\t\t\t#gallery-1 .gallery-item {\n\t\t\t\tfloat: left;\n\t\t\t\tmargin-top: 10px;\n\t\t\t\ttext-align: center;\n\t\t\t\twidth: 20%;\n\t\t\t}\n\t\t\t#gallery-1 img {\n\t\t\t\tborder: 2px solid #cfcfcf;\n\t\t\t}\n\t\t\t#gallery-1 .gallery-caption {\n\t\t\t\tmargin-left: 0;\n\t\t\t}\n\t\t\t\/* see gallery_shortcode() in wp-includes\/media.php *\/\n\t\t<\/style>\n\t\t<div id='gallery-1' class='gallery galleryid-243441 gallery-columns-5 gallery-size-thumbnail'><dl class='gallery-item'>\n\t\t\t<dt class='gallery-icon landscape'>\n\t\t\t\t<a href='https:\/\/franciscanos.org.br\/noticias\/wp-content\/uploads\/2023\/05\/xaxim_01.jpg'><img width=\"300\" height=\"300\" src=\"https:\/\/franciscanos.org.br\/noticias\/wp-content\/uploads\/2023\/05\/xaxim_01-300x300.jpg\" class=\"attachment-thumbnail size-thumbnail\" alt=\"\" loading=\"lazy\" srcset=\"https:\/\/franciscanos.org.br\/noticias\/wp-content\/uploads\/2023\/05\/xaxim_01-300x300.jpg 300w, https:\/\/franciscanos.org.br\/noticias\/wp-content\/uploads\/2023\/05\/xaxim_01-100x100.jpg 100w\" sizes=\"(max-width: 300px) 100vw, 300px\" \/><\/a>\n\t\t\t<\/dt><\/dl><dl class='gallery-item'>\n\t\t\t<dt class='gallery-icon landscape'>\n\t\t\t\t<a href='https:\/\/franciscanos.org.br\/noticias\/wp-content\/uploads\/2023\/05\/xaxim_02.jpg'><img width=\"300\" height=\"300\" src=\"https:\/\/franciscanos.org.br\/noticias\/wp-content\/uploads\/2023\/05\/xaxim_02-300x300.jpg\" class=\"attachment-thumbnail size-thumbnail\" alt=\"\" loading=\"lazy\" srcset=\"https:\/\/franciscanos.org.br\/noticias\/wp-content\/uploads\/2023\/05\/xaxim_02-300x300.jpg 300w, https:\/\/franciscanos.org.br\/noticias\/wp-content\/uploads\/2023\/05\/xaxim_02-100x100.jpg 100w\" sizes=\"(max-width: 300px) 100vw, 300px\" \/><\/a>\n\t\t\t<\/dt><\/dl><dl class='gallery-item'>\n\t\t\t<dt class='gallery-icon landscape'>\n\t\t\t\t<a href='https:\/\/franciscanos.org.br\/noticias\/wp-content\/uploads\/2023\/05\/xaxim_03.jpg'><img width=\"300\" height=\"300\" src=\"https:\/\/franciscanos.org.br\/noticias\/wp-content\/uploads\/2023\/05\/xaxim_03-300x300.jpg\" class=\"attachment-thumbnail size-thumbnail\" alt=\"\" loading=\"lazy\" srcset=\"https:\/\/franciscanos.org.br\/noticias\/wp-content\/uploads\/2023\/05\/xaxim_03-300x300.jpg 300w, https:\/\/franciscanos.org.br\/noticias\/wp-content\/uploads\/2023\/05\/xaxim_03-100x100.jpg 100w\" sizes=\"(max-width: 300px) 100vw, 300px\" \/><\/a>\n\t\t\t<\/dt><\/dl><dl class='gallery-item'>\n\t\t\t<dt class='gallery-icon landscape'>\n\t\t\t\t<a href='https:\/\/franciscanos.org.br\/noticias\/wp-content\/uploads\/2023\/05\/xaxim_04.jpg'><img width=\"300\" height=\"300\" src=\"https:\/\/franciscanos.org.br\/noticias\/wp-content\/uploads\/2023\/05\/xaxim_04-300x300.jpg\" class=\"attachment-thumbnail size-thumbnail\" alt=\"\" loading=\"lazy\" srcset=\"https:\/\/franciscanos.org.br\/noticias\/wp-content\/uploads\/2023\/05\/xaxim_04-300x300.jpg 300w, https:\/\/franciscanos.org.br\/noticias\/wp-content\/uploads\/2023\/05\/xaxim_04-100x100.jpg 100w\" sizes=\"(max-width: 300px) 100vw, 300px\" \/><\/a>\n\t\t\t<\/dt><\/dl><dl class='gallery-item'>\n\t\t\t<dt class='gallery-icon landscape'>\n\t\t\t\t<a href='https:\/\/franciscanos.org.br\/noticias\/wp-content\/uploads\/2023\/05\/xaxim_05.jpg'><img width=\"300\" height=\"300\" src=\"https:\/\/franciscanos.org.br\/noticias\/wp-content\/uploads\/2023\/05\/xaxim_05-300x300.jpg\" class=\"attachment-thumbnail size-thumbnail\" alt=\"\" loading=\"lazy\" srcset=\"https:\/\/franciscanos.org.br\/noticias\/wp-content\/uploads\/2023\/05\/xaxim_05-300x300.jpg 300w, https:\/\/franciscanos.org.br\/noticias\/wp-content\/uploads\/2023\/05\/xaxim_05-100x100.jpg 100w\" sizes=\"(max-width: 300px) 100vw, 300px\" \/><\/a>\n\t\t\t<\/dt><\/dl><br style=\"clear: both\" \/>\n\t\t<\/div>\n\n<p><em>(toque nas imagens para ampli\u00e1-las)<\/em><\/p>\n<p>Em Marema, o Bispo visitou duas fam\u00edlias com pessoas idosas para b\u00ean\u00e7\u00e3o e ora\u00e7\u00e3o. \u00c0s 19h, celebrou Santa Missa com o sacramento da Crisma, foram 31 jovens crismados. Em sua reflex\u00e3o, Dom Odelir ressaltou a import\u00e2ncia da Crisma na vida dos jovens e como eles confirmam sua presen\u00e7a na comunidade. Momento em que se encerra uma jornada na catequese e inicia outra, ajudando nas leituras, nos cantos e participando do grupo de jovens.<\/p>\n<p>No domingo (21\/05), Dom Odelir presidiu a Santa Missa das 8h30 na Igreja Matriz, em Xaxim. Frei Gilson Kammer e Padre An\u00e9lio Cantoni concelebraram. Dom Odelir cumprimentou ao povo que estava presente e aos que acompanhavam pela r\u00e1dio e pelas redes sociais da Par\u00f3quia. Lembrou o Dia Mundial das Comunica\u00e7\u00f5es e exaltou o trabalho realizado pelos pasconeiros e comunicadores em sua miss\u00e3o de transmitir a f\u00e9. \u00c0s 10h, a celebra\u00e7\u00e3o da Santa Missa com o sacramento da Crisma com as Comunidades do Setor de Xaxim, onde 157 jovens foram crismados. Em sua homilia, Dom Odelir conversou com os crismandos sobre o sacramento e a confirma\u00e7\u00e3o que eles faziam perante a sociedade. Lembrou dos sete dons: sabedoria, conselho, fortaleza, ci\u00eancia, piedade, entendimento e temor de Deus e como cada dom aparece na vida de cada um.<\/p>\n<p><img loading=\"lazy\" class=\"alignnone wp-image-243451 size-full\" src=\"https:\/\/franciscanos.org.br\/noticias\/wp-content\/uploads\/2023\/05\/xaxim_09.jpg\" alt=\"\" width=\"1280\" height=\"853\" srcset=\"https:\/\/franciscanos.org.br\/noticias\/wp-content\/uploads\/2023\/05\/xaxim_09.jpg 1280w, https:\/\/franciscanos.org.br\/noticias\/wp-content\/uploads\/2023\/05\/xaxim_09-450x300.jpg 450w, https:\/\/franciscanos.org.br\/noticias\/wp-content\/uploads\/2023\/05\/xaxim_09-1024x682.jpg 1024w, https:\/\/franciscanos.org.br\/noticias\/wp-content\/uploads\/2023\/05\/xaxim_09-768x512.jpg 768w, https:\/\/franciscanos.org.br\/noticias\/wp-content\/uploads\/2023\/05\/xaxim_09-150x100.jpg 150w\" sizes=\"(max-width: 1280px) 100vw, 1280px\" \/><\/p>\n<p>No final da celebra\u00e7\u00e3o, o agradecimento do p\u00e1roco Frei Gilson Kammer ao Bispo, as visitas realizadas, ao tempo compartilhado com a par\u00f3quia e a aten\u00e7\u00e3o ao povo de Deus. Dom Odelir agradeceu a acolhida e em poder nesses tr\u00eas dias compartilhar dos momentos e conhecer melhor a par\u00f3quia S\u00e3o Luiz Gonzaga. \u201cAgora quando falarmos da Par\u00f3quia S\u00e3o Luiz Gonzaga j\u00e1 sabemos como est\u00e1 organizada, os trabalhos que est\u00e3o sendo realizados e como o povo \u00e9 unido para bem celebrar\u201d, disse Dom Odelir.<\/p>\n<p><img loading=\"lazy\" class=\"alignnone size-full wp-image-243442\" src=\"https:\/\/franciscanos.org.br\/noticias\/wp-content\/uploads\/2023\/05\/xaxim_07.jpg\" alt=\"\" width=\"1200\" height=\"1436\" srcset=\"https:\/\/franciscanos.org.br\/noticias\/wp-content\/uploads\/2023\/05\/xaxim_07.jpg 903w, https:\/\/franciscanos.org.br\/noticias\/wp-content\/uploads\/2023\/05\/xaxim_07-376x450.jpg 376w, https:\/\/franciscanos.org.br\/noticias\/wp-content\/uploads\/2023\/05\/xaxim_07-856x1024.jpg 856w, https:\/\/franciscanos.org.br\/noticias\/wp-content\/uploads\/2023\/05\/xaxim_07-768x919.jpg 768w, https:\/\/franciscanos.org.br\/noticias\/wp-content\/uploads\/2023\/05\/xaxim_07-150x180.jpg 150w\" sizes=\"(max-width: 1200px) 100vw, 1200px\" \/><\/p>\n<p><strong>DOM ODELIR JOS\u00c9 MAGRI, MCCJ<\/strong><\/p>\n<p>Nosso bispo diocesano, assumiu o minist\u00e9rio episcopal na Diocese de Chapec\u00f3 no dia 01 de fevereiro de 2015. Veio transferido da Diocese de Sobral, no Cear\u00e1, onde atuava como 6\u00ba bispo desde o ano de 2010.<\/p>\n<p>Nasceu no dia 18 de abril de 1963, no munic\u00edpio de Campo Er\u00ea (SC). Ali foi ordenado padre na Congrega\u00e7\u00e3o dos Mission\u00e1rios Combonianos do Cora\u00e7\u00e3o de Jesus (MCCJ), no dia 17 de outubro de 1992.<\/p>\n<p>Cursou Filosofia na Pontif\u00edcia Universidade Cat\u00f3lica de Curitiba e Teologia no Instituto Cat\u00f3lico, em Paris, Fran\u00e7a. Tem tamb\u00e9m curso de franc\u00eas, italiano, espanhol e lingala, a l\u00edngua da Rep\u00fablica Democr\u00e1tica do Congo, onde trabalhou de 1992 a 1996. Al\u00e9m desta fun\u00e7\u00e3o exerceu a de formador, conselheiro provincial, no Brasil, vice-superior provincial, assistente geral e vig\u00e1rio geral da Congrega\u00e7\u00e3o em Roma, It\u00e1lia.<\/p>\n<p><img loading=\"lazy\" class=\"alignnone wp-image-243444 size-full\" src=\"https:\/\/franciscanos.org.br\/noticias\/wp-content\/uploads\/2023\/05\/xaxim_10.jpg\" alt=\"\" width=\"1280\" height=\"561\" srcset=\"https:\/\/franciscanos.org.br\/noticias\/wp-content\/uploads\/2023\/05\/xaxim_10.jpg 1280w, https:\/\/franciscanos.org.br\/noticias\/wp-content\/uploads\/2023\/05\/xaxim_10-450x197.jpg 450w, https:\/\/franciscanos.org.br\/noticias\/wp-content\/uploads\/2023\/05\/xaxim_10-1024x449.jpg 1024w, https:\/\/franciscanos.org.br\/noticias\/wp-content\/uploads\/2023\/05\/xaxim_10-768x337.jpg 768w, https:\/\/franciscanos.org.br\/noticias\/wp-content\/uploads\/2023\/05\/xaxim_10-150x66.jpg 150w\" sizes=\"(max-width: 1280px) 100vw, 1280px\" \/><\/p>\n<p>Entre 1992 e 1996, atuou na Rep\u00fablica democr\u00e1tica do Congo onde, em 1996, foi formador dos Postulantes. De volta ao Brasil, em S\u00e3o Paulo e Minas Gerais, exerceu diversas fun\u00e7\u00f5es. Foi nomeado Bispo de Sobral (CE) pelo Papa Em\u00e9rito Bento XVI, e ordenado em 12 de dezembro de 2010, quando tamb\u00e9m assumiu o pastoreio daquela Diocese.<\/p>\n<hr \/>\n<p><em>Camilo Mendo, pela Pascom da Par\u00f3quia S\u00e3o Luiz Gonzaga<\/em><\/p>\n<p>&nbsp;<\/p>\n","protected":false},"excerpt":{"rendered":"<p>Par\u00f3quia S\u00e3o Luiz Gonzaga de Xaxim<\/p>\n","protected":false},"author":3,"featured_media":243443,"comment_status":"open","ping_status":"open","sticky":false,"template":"","format":"standard","meta":[],"categories":[1],"tags":[1591],"acf":[],"yoast_head":"<!-- This site is optimized with the Yoast SEO plugin v19.2 - https:\/\/yoast.com\/wordpress\/plugins\/seo\/ -->\n<title>Dom Odelir Jos\u00e9 Magri realiza visita pastoral na Par\u00f3quia S\u00e3o Luiz Gonzaga - Not\u00edcias - Franciscanos<\/title>\n<meta name=\"robots\" content=\"index, follow, max-snippet:-1, max-image-preview:large, max-video-preview:-1\" \/>\n<link rel=\"canonical\" href=\"https:\/\/franciscanos.org.br\/noticias\/dom-odelir-jose-magri-realiza-visita-pastoral-na-paroquia-sao-luiz-gonzaga.html\" \/>\n<meta property=\"og:locale\" content=\"pt_BR\" \/>\n<meta property=\"og:type\" content=\"article\" \/>\n<meta property=\"og:title\" content=\"Dom Odelir Jos\u00e9 Magri realiza visita pastoral na Par\u00f3quia S\u00e3o Luiz Gonzaga - Not\u00edcias - Franciscanos\" \/>\n<meta property=\"og:description\" content=\"Par\u00f3quia S\u00e3o Luiz Gonzaga de Xaxim\" \/>\n<meta property=\"og:url\" content=\"https:\/\/franciscanos.org.br\/noticias\/dom-odelir-jose-magri-realiza-visita-pastoral-na-paroquia-sao-luiz-gonzaga.html\" \/>\n<meta property=\"og:site_name\" content=\"Not\u00edcias - Franciscanos\" \/>\n<meta property=\"article:published_time\" content=\"2023-05-23T14:13:27+00:00\" \/>\n<meta property=\"article:modified_time\" content=\"2023-05-23T14:14:17+00:00\" \/>\n<meta property=\"og:image\" content=\"https:\/\/franciscanos.org.br\/noticias\/wp-content\/uploads\/2023\/05\/xaxim_11.jpg\" \/>\n\t<meta property=\"og:image:width\" content=\"1280\" \/>\n\t<meta property=\"og:image:height\" content=\"720\" \/>\n\t<meta property=\"og:image:type\" content=\"image\/jpeg\" \/>\n<meta name=\"author\" content=\"moacir\" \/>\n<meta name=\"twitter:card\" content=\"summary_large_image\" \/>\n<meta name=\"twitter:label1\" content=\"Escrito por\" \/>\n\t<meta name=\"twitter:data1\" content=\"moacir\" \/>\n\t<meta name=\"twitter:label2\" content=\"Est. tempo de leitura\" \/>\n\t<meta name=\"twitter:data2\" content=\"5 minutos\" \/>\n<script type=\"application\/ld+json\" class=\"yoast-schema-graph\">{\"@context\":\"https:\/\/schema.org\",\"@graph\":[{\"@type\":\"WebSite\",\"@id\":\"https:\/\/franciscanos.org.br\/noticias\/#website\",\"url\":\"https:\/\/franciscanos.org.br\/noticias\/\",\"name\":\"Not\u00edcias - Franciscanos\",\"description\":\"Prov\u00edncia Franciscana da Imaculada Concei\u00e7\u00e3o do Brasil - Ordem dos Frades Menores - OFM\",\"potentialAction\":[{\"@type\":\"SearchAction\",\"target\":{\"@type\":\"EntryPoint\",\"urlTemplate\":\"https:\/\/franciscanos.org.br\/noticias\/?s={search_term_string}\"},\"query-input\":\"required name=search_term_string\"}],\"inLanguage\":\"pt-BR\"},{\"@type\":\"ImageObject\",\"inLanguage\":\"pt-BR\",\"@id\":\"https:\/\/franciscanos.org.br\/noticias\/dom-odelir-jose-magri-realiza-visita-pastoral-na-paroquia-sao-luiz-gonzaga.html#primaryimage\",\"url\":\"https:\/\/franciscanos.org.br\/noticias\/wp-content\/uploads\/2023\/05\/xaxim_11.jpg\",\"contentUrl\":\"https:\/\/franciscanos.org.br\/noticias\/wp-content\/uploads\/2023\/05\/xaxim_11.jpg\",\"width\":1280,\"height\":720},{\"@type\":\"WebPage\",\"@id\":\"https:\/\/franciscanos.org.br\/noticias\/dom-odelir-jose-magri-realiza-visita-pastoral-na-paroquia-sao-luiz-gonzaga.html#webpage\",\"url\":\"https:\/\/franciscanos.org.br\/noticias\/dom-odelir-jose-magri-realiza-visita-pastoral-na-paroquia-sao-luiz-gonzaga.html\",\"name\":\"Dom Odelir Jos\u00e9 Magri realiza visita pastoral na Par\u00f3quia S\u00e3o Luiz Gonzaga - Not\u00edcias - Franciscanos\",\"isPartOf\":{\"@id\":\"https:\/\/franciscanos.org.br\/noticias\/#website\"},\"primaryImageOfPage\":{\"@id\":\"https:\/\/franciscanos.org.br\/noticias\/dom-odelir-jose-magri-realiza-visita-pastoral-na-paroquia-sao-luiz-gonzaga.html#primaryimage\"},\"datePublished\":\"2023-05-23T14:13:27+00:00\",\"dateModified\":\"2023-05-23T14:14:17+00:00\",\"author\":{\"@id\":\"https:\/\/franciscanos.org.br\/noticias\/#\/schema\/person\/b5c8cba458c330ccff548b056e95a5d4\"},\"breadcrumb\":{\"@id\":\"https:\/\/franciscanos.org.br\/noticias\/dom-odelir-jose-magri-realiza-visita-pastoral-na-paroquia-sao-luiz-gonzaga.html#breadcrumb\"},\"inLanguage\":\"pt-BR\",\"potentialAction\":[{\"@type\":\"ReadAction\",\"target\":[\"https:\/\/franciscanos.org.br\/noticias\/dom-odelir-jose-magri-realiza-visita-pastoral-na-paroquia-sao-luiz-gonzaga.html\"]}]},{\"@type\":\"BreadcrumbList\",\"@id\":\"https:\/\/franciscanos.org.br\/noticias\/dom-odelir-jose-magri-realiza-visita-pastoral-na-paroquia-sao-luiz-gonzaga.html#breadcrumb\",\"itemListElement\":[{\"@type\":\"ListItem\",\"position\":1,\"name\":\"Home\",\"item\":\"https:\/\/franciscanos.org.br\/noticias\"},{\"@type\":\"ListItem\",\"position\":2,\"name\":\"Dom Odelir Jos\u00e9 Magri realiza visita pastoral na Par\u00f3quia S\u00e3o Luiz Gonzaga\"}]},{\"@type\":\"Person\",\"@id\":\"https:\/\/franciscanos.org.br\/noticias\/#\/schema\/person\/b5c8cba458c330ccff548b056e95a5d4\",\"name\":\"moacir\",\"image\":{\"@type\":\"ImageObject\",\"inLanguage\":\"pt-BR\",\"@id\":\"https:\/\/franciscanos.org.br\/noticias\/#\/schema\/person\/image\/\",\"url\":\"https:\/\/secure.gravatar.com\/avatar\/d08aa2ce4c8dd416d4479aa8536fcf64?s=96&d=mm&r=g\",\"contentUrl\":\"https:\/\/secure.gravatar.com\/avatar\/d08aa2ce4c8dd416d4479aa8536fcf64?s=96&d=mm&r=g\",\"caption\":\"moacir\"},\"url\":\"https:\/\/franciscanos.org.br\/noticias\/author\/moacir\"}]}<\/script>\n<!-- \/ Yoast SEO plugin. -->","yoast_head_json":{"title":"Dom Odelir Jos\u00e9 Magri realiza visita pastoral na Par\u00f3quia S\u00e3o Luiz Gonzaga - Not\u00edcias - Franciscanos","robots":{"index":"index","follow":"follow","max-snippet":"max-snippet:-1","max-image-preview":"max-image-preview:large","max-video-preview":"max-video-preview:-1"},"canonical":"https:\/\/franciscanos.org.br\/noticias\/dom-odelir-jose-magri-realiza-visita-pastoral-na-paroquia-sao-luiz-gonzaga.html","og_locale":"pt_BR","og_type":"article","og_title":"Dom Odelir Jos\u00e9 Magri realiza visita pastoral na Par\u00f3quia S\u00e3o Luiz Gonzaga - Not\u00edcias - Franciscanos","og_description":"Par\u00f3quia S\u00e3o Luiz Gonzaga de Xaxim","og_url":"https:\/\/franciscanos.org.br\/noticias\/dom-odelir-jose-magri-realiza-visita-pastoral-na-paroquia-sao-luiz-gonzaga.html","og_site_name":"Not\u00edcias - Franciscanos","article_published_time":"2023-05-23T14:13:27+00:00","article_modified_time":"2023-05-23T14:14:17+00:00","og_image":[{"width":1280,"height":720,"url":"https:\/\/franciscanos.org.br\/noticias\/wp-content\/uploads\/2023\/05\/xaxim_11.jpg","type":"image\/jpeg"}],"author":"moacir","twitter_card":"summary_large_image","twitter_misc":{"Escrito por":"moacir","Est. tempo de leitura":"5 minutos"},"schema":{"@context":"https:\/\/schema.org","@graph":[{"@type":"WebSite","@id":"https:\/\/franciscanos.org.br\/noticias\/#website","url":"https:\/\/franciscanos.org.br\/noticias\/","name":"Not\u00edcias - Franciscanos","description":"Prov\u00edncia Franciscana da Imaculada Concei\u00e7\u00e3o do Brasil - Ordem dos Frades Menores - OFM","potentialAction":[{"@type":"SearchAction","target":{"@type":"EntryPoint","urlTemplate":"https:\/\/franciscanos.org.br\/noticias\/?s={search_term_string}"},"query-input":"required name=search_term_string"}],"inLanguage":"pt-BR"},{"@type":"ImageObject","inLanguage":"pt-BR","@id":"https:\/\/franciscanos.org.br\/noticias\/dom-odelir-jose-magri-realiza-visita-pastoral-na-paroquia-sao-luiz-gonzaga.html#primaryimage","url":"https:\/\/franciscanos.org.br\/noticias\/wp-content\/uploads\/2023\/05\/xaxim_11.jpg","contentUrl":"https:\/\/franciscanos.org.br\/noticias\/wp-content\/uploads\/2023\/05\/xaxim_11.jpg","width":1280,"height":720},{"@type":"WebPage","@id":"https:\/\/franciscanos.org.br\/noticias\/dom-odelir-jose-magri-realiza-visita-pastoral-na-paroquia-sao-luiz-gonzaga.html#webpage","url":"https:\/\/franciscanos.org.br\/noticias\/dom-odelir-jose-magri-realiza-visita-pastoral-na-paroquia-sao-luiz-gonzaga.html","name":"Dom Odelir Jos\u00e9 Magri realiza visita pastoral na Par\u00f3quia S\u00e3o Luiz Gonzaga - Not\u00edcias - Franciscanos","isPartOf":{"@id":"https:\/\/franciscanos.org.br\/noticias\/#website"},"primaryImageOfPage":{"@id":"https:\/\/franciscanos.org.br\/noticias\/dom-odelir-jose-magri-realiza-visita-pastoral-na-paroquia-sao-luiz-gonzaga.html#primaryimage"},"datePublished":"2023-05-23T14:13:27+00:00","dateModified":"2023-05-23T14:14:17+00:00","author":{"@id":"https:\/\/franciscanos.org.br\/noticias\/#\/schema\/person\/b5c8cba458c330ccff548b056e95a5d4"},"breadcrumb":{"@id":"https:\/\/franciscanos.org.br\/noticias\/dom-odelir-jose-magri-realiza-visita-pastoral-na-paroquia-sao-luiz-gonzaga.html#breadcrumb"},"inLanguage":"pt-BR","potentialAction":[{"@type":"ReadAction","target":["https:\/\/franciscanos.org.br\/noticias\/dom-odelir-jose-magri-realiza-visita-pastoral-na-paroquia-sao-luiz-gonzaga.html"]}]},{"@type":"BreadcrumbList","@id":"https:\/\/franciscanos.org.br\/noticias\/dom-odelir-jose-magri-realiza-visita-pastoral-na-paroquia-sao-luiz-gonzaga.html#breadcrumb","itemListElement":[{"@type":"ListItem","position":1,"name":"Home","item":"https:\/\/franciscanos.org.br\/noticias"},{"@type":"ListItem","position":2,"name":"Dom Odelir Jos\u00e9 Magri realiza visita pastoral na Par\u00f3quia S\u00e3o Luiz Gonzaga"}]},{"@type":"Person","@id":"https:\/\/franciscanos.org.br\/noticias\/#\/schema\/person\/b5c8cba458c330ccff548b056e95a5d4","name":"moacir","image":{"@type":"ImageObject","inLanguage":"pt-BR","@id":"https:\/\/franciscanos.org.br\/noticias\/#\/schema\/person\/image\/","url":"https:\/\/secure.gravatar.com\/avatar\/d08aa2ce4c8dd416d4479aa8536fcf64?s=96&d=mm&r=g","contentUrl":"https:\/\/secure.gravatar.com\/avatar\/d08aa2ce4c8dd416d4479aa8536fcf64?s=96&d=mm&r=g","caption":"moacir"},"url":"https:\/\/franciscanos.org.br\/noticias\/author\/moacir"}]}},"_links":{"self":[{"href":"https:\/\/franciscanos.org.br\/noticias\/wp-json\/wp\/v2\/posts\/243441"}],"collection":[{"href":"https:\/\/franciscanos.org.br\/noticias\/wp-json\/wp\/v2\/posts"}],"about":[{"href":"https:\/\/franciscanos.org.br\/noticias\/wp-json\/wp\/v2\/types\/post"}],"author":[{"embeddable":true,"href":"https:\/\/franciscanos.org.br\/noticias\/wp-json\/wp\/v2\/users\/3"}],"replies":[{"embeddable":true,"href":"https:\/\/franciscanos.org.br\/noticias\/wp-json\/wp\/v2\/comments?post=243441"}],"version-history":[{"count":1,"href":"https:\/\/franciscanos.org.br\/noticias\/wp-json\/wp\/v2\/posts\/243441\/revisions"}],"predecessor-version":[{"id":243452,"href":"https:\/\/franciscanos.org.br\/noticias\/wp-json\/wp\/v2\/posts\/243441\/revisions\/243452"}],"wp:featuredmedia":[{"embeddable":true,"href":"https:\/\/franciscanos.org.br\/noticias\/wp-json\/wp\/v2\/media\/243443"}],"wp:attachment":[{"href":"https:\/\/franciscanos.org.br\/noticias\/wp-json\/wp\/v2\/media?parent=243441"}],"wp:term":[{"taxonomy":"category","embeddable":true,"href":"https:\/\/franciscanos.org.br\/noticias\/wp-json\/wp\/v2\/categories?post=243441"},{"taxonomy":"post_tag","embeddable":true,"href":"https:\/\/franciscanos.org.br\/noticias\/wp-json\/wp\/v2\/tags?post=243441"}],"curies":[{"name":"wp","href":"https:\/\/api.w.org\/{rel}","templated":true}]}}