{"id":243398,"date":"2023-05-21T17:22:20","date_gmt":"2023-05-21T20:22:20","guid":{"rendered":"https:\/\/franciscanos.org.br\/noticias\/?p=243398"},"modified":"2023-05-21T23:13:29","modified_gmt":"2023-05-22T02:13:29","slug":"o-ceu-ha-de-ser-sempre-o-horizonte-da-esperanca-diz-frei-daniel-a-seu-irmao","status":"publish","type":"post","link":"https:\/\/franciscanos.org.br\/noticias\/o-ceu-ha-de-ser-sempre-o-horizonte-da-esperanca-diz-frei-daniel-a-seu-irmao.html","title":{"rendered":"&#8220;O c\u00e9u h\u00e1 de ser sempre o horizonte da esperan\u00e7a&#8221;, diz Frei Daniel a seu irm\u00e3o"},"content":{"rendered":"<p><img loading=\"lazy\" class=\"alignnone size-full wp-image-243399\" src=\"https:\/\/franciscanos.org.br\/noticias\/wp-content\/uploads\/2023\/05\/missa_35.jpg\" alt=\"\" width=\"1280\" height=\"720\" srcset=\"https:\/\/franciscanos.org.br\/noticias\/wp-content\/uploads\/2023\/05\/missa_35.jpg 1280w, https:\/\/franciscanos.org.br\/noticias\/wp-content\/uploads\/2023\/05\/missa_35-450x253.jpg 450w, https:\/\/franciscanos.org.br\/noticias\/wp-content\/uploads\/2023\/05\/missa_35-1024x576.jpg 1024w, https:\/\/franciscanos.org.br\/noticias\/wp-content\/uploads\/2023\/05\/missa_35-768x432.jpg 768w, https:\/\/franciscanos.org.br\/noticias\/wp-content\/uploads\/2023\/05\/missa_35-150x84.jpg 150w\" sizes=\"(max-width: 1280px) 100vw, 1280px\" \/><\/p>\n<p><strong>Rodeio (SC<\/strong>) &#8211; A igreja onde Frei Gabriel Dellandrea teve a maior parte de sua rotina de ora\u00e7\u00e3o durante o ano de Noviciado, que \u00e9 tamb\u00e9m a Matriz S\u00e3o Francisco de Assis de Rodeio (SC), abriu as portas neste domingo da Ascens\u00e3o do Senhor (21\/5) para o in\u00edcio do seu Minist\u00e9rio Presbiteral. A simb\u00f3lica e solene liturgia deste dia deu as linhas mestras para o seu presbiterado: &#8220;V\u00e3o e fa\u00e7am com que todos os povos se tornem meus disc\u00edpulos, batizando-os em nome do Pai, e do Filho, e do Esp\u00edrito Santo, e ensinando-os a observar tudo o que ordenei a voc\u00eas. Eis que eu estarei com voc\u00eas todos os dias, at\u00e9 o fim do mundo&#8221;.<\/p>\n<p>O seu irm\u00e3o, Frei Daniel, fez a homilia desta Primeira Missa, aproveitando esta liturgia e a ordena\u00e7\u00e3o para falar da voca\u00e7\u00e3o: &#8220;A liturgia de hoje da Ascens\u00e3o do Senhor nos convida a refletir esta nossa voca\u00e7\u00e3o. Olhar para o horizonte, para o c\u00e9u, com esperan\u00e7a. Com os p\u00e9s firmes no ch\u00e3o da vida&#8221;.<\/p>\n<p><img loading=\"lazy\" class=\"alignnone wp-image-243400 size-full\" src=\"https:\/\/franciscanos.org.br\/noticias\/wp-content\/uploads\/2023\/05\/missa_09.jpg\" alt=\"\" width=\"1280\" height=\"853\" srcset=\"https:\/\/franciscanos.org.br\/noticias\/wp-content\/uploads\/2023\/05\/missa_09.jpg 1280w, https:\/\/franciscanos.org.br\/noticias\/wp-content\/uploads\/2023\/05\/missa_09-450x300.jpg 450w, https:\/\/franciscanos.org.br\/noticias\/wp-content\/uploads\/2023\/05\/missa_09-1024x682.jpg 1024w, https:\/\/franciscanos.org.br\/noticias\/wp-content\/uploads\/2023\/05\/missa_09-768x512.jpg 768w, https:\/\/franciscanos.org.br\/noticias\/wp-content\/uploads\/2023\/05\/missa_09-150x100.jpg 150w\" sizes=\"(max-width: 1280px) 100vw, 1280px\" \/><\/p>\n<p><img loading=\"lazy\" class=\"alignnone wp-image-243401 size-full\" src=\"https:\/\/franciscanos.org.br\/noticias\/wp-content\/uploads\/2023\/05\/missa_10.jpg\" alt=\"\" width=\"1280\" height=\"932\" srcset=\"https:\/\/franciscanos.org.br\/noticias\/wp-content\/uploads\/2023\/05\/missa_10.jpg 1280w, https:\/\/franciscanos.org.br\/noticias\/wp-content\/uploads\/2023\/05\/missa_10-450x328.jpg 450w, https:\/\/franciscanos.org.br\/noticias\/wp-content\/uploads\/2023\/05\/missa_10-1024x746.jpg 1024w, https:\/\/franciscanos.org.br\/noticias\/wp-content\/uploads\/2023\/05\/missa_10-768x559.jpg 768w, https:\/\/franciscanos.org.br\/noticias\/wp-content\/uploads\/2023\/05\/missa_10-150x109.jpg 150w\" sizes=\"(max-width: 1280px) 100vw, 1280px\" \/><\/p>\n<p>A primeira presid\u00eancia da Celebra\u00e7\u00e3o Eucar\u00edstica realizada por Frei Gabriel, <a href=\"https:\/\/youtu.be\/Hu2o01ISZzU\" target=\"_blank\" rel=\"noopener\">ordenado presb\u00edtero no dia anterior<\/a> (20\/5) na Igreja de S\u00e3o Virg\u00edlio, na Comunidade Rodeio 50, teve como concelebrantes seus confrades, como o Ministro Provincial Frei Paulo Roberto Pereira, o p\u00e1roco Frei Jo\u00e3o Miguel Silva da Cruz, o seu irm\u00e3o e Definidor Provincial Frei Daniel Dellandrea e Frei Augusto Luiz Gabriel, no servi\u00e7o do altar.<\/p>\n<p>Desde o in\u00edcio da Semana Mission\u00e1ria, todas as celebra\u00e7\u00f5es foram preparadas com muito cuidado e carinho pelas equipes envolvidas e n\u00e3o foi diferente neste domingo. O outono, com cara de inverno na regi\u00e3o catarinense do Vale do Itaja\u00ed, deixou o clima agrad\u00e1vel e o sol, ainda que timidamente, apareceu para dar mais calor. Toda essa atmosfera trouxe o povo de Deus para ser testemunha deste momento \u00fanico na fam\u00edlia Dellandrea, na Fam\u00edlia Franciscana e no povo rodeiense.<\/p>\n\n\t\t<style type=\"text\/css\">\n\t\t\t#gallery-1 {\n\t\t\t\tmargin: auto;\n\t\t\t}\n\t\t\t#gallery-1 .gallery-item {\n\t\t\t\tfloat: left;\n\t\t\t\tmargin-top: 10px;\n\t\t\t\ttext-align: center;\n\t\t\t\twidth: 12%;\n\t\t\t}\n\t\t\t#gallery-1 img {\n\t\t\t\tborder: 2px solid #cfcfcf;\n\t\t\t}\n\t\t\t#gallery-1 .gallery-caption {\n\t\t\t\tmargin-left: 0;\n\t\t\t}\n\t\t\t\/* see gallery_shortcode() in wp-includes\/media.php *\/\n\t\t<\/style>\n\t\t<div id='gallery-1' class='gallery galleryid-243398 gallery-columns-8 gallery-size-thumbnail'><dl class='gallery-item'>\n\t\t\t<dt class='gallery-icon landscape'>\n\t\t\t\t<a href='https:\/\/franciscanos.org.br\/noticias\/wp-content\/uploads\/2023\/05\/missa_01.jpg'><img width=\"300\" height=\"300\" src=\"https:\/\/franciscanos.org.br\/noticias\/wp-content\/uploads\/2023\/05\/missa_01-300x300.jpg\" class=\"attachment-thumbnail size-thumbnail\" alt=\"\" loading=\"lazy\" srcset=\"https:\/\/franciscanos.org.br\/noticias\/wp-content\/uploads\/2023\/05\/missa_01-300x300.jpg 300w, https:\/\/franciscanos.org.br\/noticias\/wp-content\/uploads\/2023\/05\/missa_01-100x100.jpg 100w\" sizes=\"(max-width: 300px) 100vw, 300px\" \/><\/a>\n\t\t\t<\/dt><\/dl><dl class='gallery-item'>\n\t\t\t<dt class='gallery-icon landscape'>\n\t\t\t\t<a href='https:\/\/franciscanos.org.br\/noticias\/wp-content\/uploads\/2023\/05\/missa_02.jpg'><img width=\"300\" height=\"300\" src=\"https:\/\/franciscanos.org.br\/noticias\/wp-content\/uploads\/2023\/05\/missa_02-300x300.jpg\" class=\"attachment-thumbnail size-thumbnail\" alt=\"\" loading=\"lazy\" srcset=\"https:\/\/franciscanos.org.br\/noticias\/wp-content\/uploads\/2023\/05\/missa_02-300x300.jpg 300w, https:\/\/franciscanos.org.br\/noticias\/wp-content\/uploads\/2023\/05\/missa_02-100x100.jpg 100w\" sizes=\"(max-width: 300px) 100vw, 300px\" \/><\/a>\n\t\t\t<\/dt><\/dl><dl class='gallery-item'>\n\t\t\t<dt class='gallery-icon landscape'>\n\t\t\t\t<a href='https:\/\/franciscanos.org.br\/noticias\/wp-content\/uploads\/2023\/05\/missa_03.jpg'><img width=\"300\" height=\"300\" src=\"https:\/\/franciscanos.org.br\/noticias\/wp-content\/uploads\/2023\/05\/missa_03-300x300.jpg\" class=\"attachment-thumbnail size-thumbnail\" alt=\"\" loading=\"lazy\" srcset=\"https:\/\/franciscanos.org.br\/noticias\/wp-content\/uploads\/2023\/05\/missa_03-300x300.jpg 300w, https:\/\/franciscanos.org.br\/noticias\/wp-content\/uploads\/2023\/05\/missa_03-100x100.jpg 100w\" sizes=\"(max-width: 300px) 100vw, 300px\" \/><\/a>\n\t\t\t<\/dt><\/dl><dl class='gallery-item'>\n\t\t\t<dt class='gallery-icon landscape'>\n\t\t\t\t<a href='https:\/\/franciscanos.org.br\/noticias\/wp-content\/uploads\/2023\/05\/missa_04.jpg'><img width=\"300\" height=\"300\" src=\"https:\/\/franciscanos.org.br\/noticias\/wp-content\/uploads\/2023\/05\/missa_04-300x300.jpg\" class=\"attachment-thumbnail size-thumbnail\" alt=\"\" loading=\"lazy\" srcset=\"https:\/\/franciscanos.org.br\/noticias\/wp-content\/uploads\/2023\/05\/missa_04-300x300.jpg 300w, https:\/\/franciscanos.org.br\/noticias\/wp-content\/uploads\/2023\/05\/missa_04-100x100.jpg 100w\" sizes=\"(max-width: 300px) 100vw, 300px\" \/><\/a>\n\t\t\t<\/dt><\/dl><dl class='gallery-item'>\n\t\t\t<dt class='gallery-icon landscape'>\n\t\t\t\t<a href='https:\/\/franciscanos.org.br\/noticias\/wp-content\/uploads\/2023\/05\/missa_05.jpg'><img width=\"300\" height=\"300\" src=\"https:\/\/franciscanos.org.br\/noticias\/wp-content\/uploads\/2023\/05\/missa_05-300x300.jpg\" class=\"attachment-thumbnail size-thumbnail\" alt=\"\" loading=\"lazy\" srcset=\"https:\/\/franciscanos.org.br\/noticias\/wp-content\/uploads\/2023\/05\/missa_05-300x300.jpg 300w, https:\/\/franciscanos.org.br\/noticias\/wp-content\/uploads\/2023\/05\/missa_05-100x100.jpg 100w\" sizes=\"(max-width: 300px) 100vw, 300px\" \/><\/a>\n\t\t\t<\/dt><\/dl><dl class='gallery-item'>\n\t\t\t<dt class='gallery-icon landscape'>\n\t\t\t\t<a href='https:\/\/franciscanos.org.br\/noticias\/wp-content\/uploads\/2023\/05\/missa_06.jpg'><img width=\"300\" height=\"300\" src=\"https:\/\/franciscanos.org.br\/noticias\/wp-content\/uploads\/2023\/05\/missa_06-300x300.jpg\" class=\"attachment-thumbnail size-thumbnail\" alt=\"\" loading=\"lazy\" srcset=\"https:\/\/franciscanos.org.br\/noticias\/wp-content\/uploads\/2023\/05\/missa_06-300x300.jpg 300w, https:\/\/franciscanos.org.br\/noticias\/wp-content\/uploads\/2023\/05\/missa_06-100x100.jpg 100w\" sizes=\"(max-width: 300px) 100vw, 300px\" \/><\/a>\n\t\t\t<\/dt><\/dl><dl class='gallery-item'>\n\t\t\t<dt class='gallery-icon landscape'>\n\t\t\t\t<a href='https:\/\/franciscanos.org.br\/noticias\/wp-content\/uploads\/2023\/05\/missa_07.jpg'><img width=\"300\" height=\"300\" src=\"https:\/\/franciscanos.org.br\/noticias\/wp-content\/uploads\/2023\/05\/missa_07-300x300.jpg\" class=\"attachment-thumbnail size-thumbnail\" alt=\"\" loading=\"lazy\" srcset=\"https:\/\/franciscanos.org.br\/noticias\/wp-content\/uploads\/2023\/05\/missa_07-300x300.jpg 300w, https:\/\/franciscanos.org.br\/noticias\/wp-content\/uploads\/2023\/05\/missa_07-100x100.jpg 100w\" sizes=\"(max-width: 300px) 100vw, 300px\" \/><\/a>\n\t\t\t<\/dt><\/dl><dl class='gallery-item'>\n\t\t\t<dt class='gallery-icon landscape'>\n\t\t\t\t<a href='https:\/\/franciscanos.org.br\/noticias\/wp-content\/uploads\/2023\/05\/missa_08.jpg'><img width=\"300\" height=\"300\" src=\"https:\/\/franciscanos.org.br\/noticias\/wp-content\/uploads\/2023\/05\/missa_08-300x300.jpg\" class=\"attachment-thumbnail size-thumbnail\" alt=\"\" loading=\"lazy\" srcset=\"https:\/\/franciscanos.org.br\/noticias\/wp-content\/uploads\/2023\/05\/missa_08-300x300.jpg 300w, https:\/\/franciscanos.org.br\/noticias\/wp-content\/uploads\/2023\/05\/missa_08-100x100.jpg 100w\" sizes=\"(max-width: 300px) 100vw, 300px\" \/><\/a>\n\t\t\t<\/dt><\/dl><br style=\"clear: both\" \/>\n\t\t<\/div>\n\n<p><em>(toque nas imagens para ampli\u00e1-las)<\/em><\/p>\n<p>Ap\u00f3s a Proclama\u00e7\u00e3o do Evangelho, Frei Gabriel lembrou que existe uma tradi\u00e7\u00e3o que o neopresb\u00edtero convide outro &#8220;irm\u00e3o mais velho&#8221; para fazer a homilia. No caso dele, n\u00e3o foi s\u00f3 de sua Fraternidade, mas de sua fam\u00edlia mesmo. &#8220;At\u00e9 ontem eu era s\u00f3 um padre da fam\u00edlia, agora sou o padre mais velho&#8221;, brincou Frei Daniel.<\/p>\n<p>Segundo ele, hoje \u00e9 dia de se alegrar com a voca\u00e7\u00e3o de Frei Gabriel e com a voca\u00e7\u00e3o de toda a Igreja. &#8220;E celebrar a ordena\u00e7\u00e3o de Frei Gabriel neste ano que celebramos, com toda a Igreja, o Ano Vocacional, \u00e9 um sinal da gra\u00e7a de Deus. A Igreja nos leva a refletir sobre todas as voca\u00e7\u00f5es. A Igreja \u00e9 a fonte das voca\u00e7\u00f5es, o local do chamamento do Senhor. N\u00e3o s\u00f3 a voca\u00e7\u00e3o presbiteral, n\u00e3o s\u00f3 a voca\u00e7\u00e3o de religiosos, mas a voca\u00e7\u00e3o de batizados. N\u00f3s somos chamados a ser sal e luz neste mundo&#8221;, explicou o frade.<\/p>\n<p><img loading=\"lazy\" class=\"alignnone size-full wp-image-243410\" src=\"https:\/\/franciscanos.org.br\/noticias\/wp-content\/uploads\/2023\/05\/missa_13.jpg\" alt=\"\" width=\"1280\" height=\"904\" srcset=\"https:\/\/franciscanos.org.br\/noticias\/wp-content\/uploads\/2023\/05\/missa_13.jpg 1280w, https:\/\/franciscanos.org.br\/noticias\/wp-content\/uploads\/2023\/05\/missa_13-450x318.jpg 450w, https:\/\/franciscanos.org.br\/noticias\/wp-content\/uploads\/2023\/05\/missa_13-1024x723.jpg 1024w, https:\/\/franciscanos.org.br\/noticias\/wp-content\/uploads\/2023\/05\/missa_13-768x542.jpg 768w, https:\/\/franciscanos.org.br\/noticias\/wp-content\/uploads\/2023\/05\/missa_13-150x106.jpg 150w, https:\/\/franciscanos.org.br\/noticias\/wp-content\/uploads\/2023\/05\/missa_13-460x325.jpg 460w\" sizes=\"(max-width: 1280px) 100vw, 1280px\" \/><\/p>\n<p>Frei Daniel falou tamb\u00e9m que \u00e9 no ber\u00e7o da fam\u00edlia que nascem e brotam as voca\u00e7\u00f5es. Para fundamentar, falou dos &#8220;muitos sinais vocacionais&#8221; que ajudaram aos dois irm\u00e3os dar o &#8220;nosso &#8216;sim a Deus'&#8221; <span style=\"color: #ff0000;\">(<strong><a style=\"color: #ff0000;\" href=\"https:\/\/youtube.com\/live\/-O5nleJcdEg?feature=share\">veja a homilia na \u00edntegra na transmiss\u00e3o da Missa).<\/a><\/strong><\/span><\/p>\n<p>Para Frei Daniel, voca\u00e7\u00e3o n\u00e3o \u00e9 um chamado de Deus para fazer algo apenas para si pr\u00f3prio, mas \u00e9 uma fun\u00e7\u00e3o, uma tarefa desse pr\u00f3prio Deus que foi vocacionado de amor \u00e0 humanidade. Mesmo Jesus Cristo foi vocacionado do Pai, enviado do Pai a este mundo para nos revelar o amor de Deus. Por isso, quando Deus nos chama \u00e0 voca\u00e7\u00e3o, n\u00f3s recebemos de Deus o amor. Nos amando, Deus nos chama. E devemos responder com amor, como ele nos amou&#8221;, frisou.<\/p>\n<p><img loading=\"lazy\" class=\"alignnone size-full wp-image-243411\" src=\"https:\/\/franciscanos.org.br\/noticias\/wp-content\/uploads\/2023\/05\/missa_17.jpg\" alt=\"\" width=\"1280\" height=\"853\" srcset=\"https:\/\/franciscanos.org.br\/noticias\/wp-content\/uploads\/2023\/05\/missa_17.jpg 1280w, https:\/\/franciscanos.org.br\/noticias\/wp-content\/uploads\/2023\/05\/missa_17-450x300.jpg 450w, https:\/\/franciscanos.org.br\/noticias\/wp-content\/uploads\/2023\/05\/missa_17-1024x682.jpg 1024w, https:\/\/franciscanos.org.br\/noticias\/wp-content\/uploads\/2023\/05\/missa_17-768x512.jpg 768w, https:\/\/franciscanos.org.br\/noticias\/wp-content\/uploads\/2023\/05\/missa_17-150x100.jpg 150w\" sizes=\"(max-width: 1280px) 100vw, 1280px\" \/><\/p>\n<p>Lembrou, contudo, que o chamado de Deus pressup\u00f5e a miss\u00e3o, a propaga\u00e7\u00e3o desse amor que recebemos. &#8220;O seu lema fala disso. Conhecer o amor de Deus para poder agir de acordo com a vontade de Deus. Essa foi a experi\u00eancia de nosso Pai S\u00e3o Francisco. Ele percebeu que no amargo da vida, h\u00e1 a do\u00e7ura de Deus, como beijo ao leproso&#8221;, citou. Segundo ele, ao sentir a do\u00e7ura de Deus, ele tamb\u00e9m olhou para a sua miss\u00e3o: &#8220;Senhor, que queres que eu fa\u00e7a?&#8221;.<\/p>\n<p>&#8220;E percebeu que o amor n\u00e3o \u00e9 amado. Talvez, ao perceber a sua fraqueza, ainda viu que precisava amar muito mais e o quanto distante estava do amor de Deus.<\/p>\n<p>A Ascens\u00e3o do Senhor, que hoje celebramos, nos mostra esse amor que Deus nos conduz em dire\u00e7\u00e3o \u00e0 eternidade, mas passa pelo amor da vida, pela pr\u00e1tica dessa voca\u00e7\u00e3o, de amar como ele nos amou&#8221;, ressaltou.<\/p>\n\n\t\t<style type=\"text\/css\">\n\t\t\t#gallery-2 {\n\t\t\t\tmargin: auto;\n\t\t\t}\n\t\t\t#gallery-2 .gallery-item {\n\t\t\t\tfloat: left;\n\t\t\t\tmargin-top: 10px;\n\t\t\t\ttext-align: center;\n\t\t\t\twidth: 50%;\n\t\t\t}\n\t\t\t#gallery-2 img {\n\t\t\t\tborder: 2px solid #cfcfcf;\n\t\t\t}\n\t\t\t#gallery-2 .gallery-caption {\n\t\t\t\tmargin-left: 0;\n\t\t\t}\n\t\t\t\/* see gallery_shortcode() in wp-includes\/media.php *\/\n\t\t<\/style>\n\t\t<div id='gallery-2' class='gallery galleryid-243398 gallery-columns-2 gallery-size-thumbnail'><dl class='gallery-item'>\n\t\t\t<dt class='gallery-icon landscape'>\n\t\t\t\t<a href='https:\/\/franciscanos.org.br\/noticias\/wp-content\/uploads\/2023\/05\/missa_20.jpg'><img width=\"300\" height=\"300\" src=\"https:\/\/franciscanos.org.br\/noticias\/wp-content\/uploads\/2023\/05\/missa_20-300x300.jpg\" class=\"attachment-thumbnail size-thumbnail\" alt=\"\" loading=\"lazy\" srcset=\"https:\/\/franciscanos.org.br\/noticias\/wp-content\/uploads\/2023\/05\/missa_20-300x300.jpg 300w, https:\/\/franciscanos.org.br\/noticias\/wp-content\/uploads\/2023\/05\/missa_20-100x100.jpg 100w\" sizes=\"(max-width: 300px) 100vw, 300px\" \/><\/a>\n\t\t\t<\/dt><\/dl><dl class='gallery-item'>\n\t\t\t<dt class='gallery-icon landscape'>\n\t\t\t\t<a href='https:\/\/franciscanos.org.br\/noticias\/wp-content\/uploads\/2023\/05\/missa_22.jpg'><img width=\"300\" height=\"300\" src=\"https:\/\/franciscanos.org.br\/noticias\/wp-content\/uploads\/2023\/05\/missa_22-300x300.jpg\" class=\"attachment-thumbnail size-thumbnail\" alt=\"\" loading=\"lazy\" srcset=\"https:\/\/franciscanos.org.br\/noticias\/wp-content\/uploads\/2023\/05\/missa_22-300x300.jpg 300w, https:\/\/franciscanos.org.br\/noticias\/wp-content\/uploads\/2023\/05\/missa_22-100x100.jpg 100w\" sizes=\"(max-width: 300px) 100vw, 300px\" \/><\/a>\n\t\t\t<\/dt><\/dl><br style=\"clear: both\" \/>\n\t\t<\/div>\n\n<p><strong>FALTA UM<\/strong><\/p>\n<p>Segundo o Evangelho, Jesus levou ao monte onze de seus disc\u00edpulos. &#8220;E esta semana Frei Paulo e eu est\u00e1vamos numa reuni\u00e3o com o bispo da Diocese e ele dizia na reflex\u00e3o que foram onze disc\u00edpulos n\u00e3o os doze. Judas j\u00e1 n\u00e3o estava mais presente&#8221;, disse. &#8220;Esse que faltava n\u00e3o \u00e9 s\u00f3 o Judas por ser traidor, mas esse que faltava para completar os doze \u00e9 aquele a quem ainda o Senhor a de chamar, \u00e9 aquele a quem ainda demonstra que o grupo dos doze ap\u00f3stolos, o grupo dos disc\u00edpulos ainda est\u00e1 incompleto e a ser completado por aqueles que os disc\u00edpulos ter\u00e3o de ir buscar. &#8216;Ide por todo o mundo e fa\u00e7am com que todos os povos se tornem meus disc\u00edpulos, batizando-os em nome do Pai, e do Filho, e do Esp\u00edrito Santo'&#8221;, explicou.<\/p>\n<p>Para ele, cada um de n\u00f3s \u00e9 este disc\u00edpulo ou disc\u00edpula que falta para completar este grupo dos doze. &#8220;Todos n\u00f3s somos chamados para fazer parte deste grupo escolhido pelo Senhor&#8221;, assinalou.<\/p>\n<p><img loading=\"lazy\" class=\"alignnone size-full wp-image-243415\" src=\"https:\/\/franciscanos.org.br\/noticias\/wp-content\/uploads\/2023\/05\/missa_27.jpg\" alt=\"\" width=\"1280\" height=\"1898\" srcset=\"https:\/\/franciscanos.org.br\/noticias\/wp-content\/uploads\/2023\/05\/missa_27.jpg 1280w, https:\/\/franciscanos.org.br\/noticias\/wp-content\/uploads\/2023\/05\/missa_27-303x450.jpg 303w, https:\/\/franciscanos.org.br\/noticias\/wp-content\/uploads\/2023\/05\/missa_27-691x1024.jpg 691w, https:\/\/franciscanos.org.br\/noticias\/wp-content\/uploads\/2023\/05\/missa_27-768x1139.jpg 768w, https:\/\/franciscanos.org.br\/noticias\/wp-content\/uploads\/2023\/05\/missa_27-1036x1536.jpg 1036w, https:\/\/franciscanos.org.br\/noticias\/wp-content\/uploads\/2023\/05\/missa_27-150x222.jpg 150w\" sizes=\"(max-width: 1280px) 100vw, 1280px\" \/><\/p>\n<p>&#8220;A nossa vida \u00e9 um peregrinar em dire\u00e7\u00e3o a Deus. Como sacerdotes e religiosos temos essa miss\u00e3o de conduzir o povo a Deus&#8221;, indicou. &#8220;Mas ao olhar para o c\u00e9u percebemos o quanto somos pequenos. Ao olhar para o c\u00e9u, para a imensid\u00e3o do espa\u00e7o, perguntamos: O que s\u00f3mos n\u00f3s diante da grandeza do universo? Olhar para o c\u00e9u nos faz perceber o que somos diante de Deus. N\u00f3s n\u00e3o somos totalmente divinos, somos humanamente tamb\u00e9m filhos Dele, mas pequenos&#8221;, observou.<\/p>\n<p>Segundo ele, o servi\u00e7o evangelizador deve tamb\u00e9m ter sempre esta compreens\u00e3o. &#8220;Servir na humildade, na pequenez, como o pr\u00f3prio Jesus que n\u00e3o se apegou na sua condi\u00e7\u00e3o divina, mas, ao fazer-se humano, mostrou-nos que tamb\u00e9m o servi\u00e7o ao Pai se faz no lava-p\u00e9s, na entrega e no amor aos outros&#8221;, ensinou.<\/p>\n<p><img loading=\"lazy\" class=\"alignnone size-full wp-image-243419\" src=\"https:\/\/franciscanos.org.br\/noticias\/wp-content\/uploads\/2023\/05\/missa_28.jpg\" alt=\"\" width=\"1280\" height=\"853\" srcset=\"https:\/\/franciscanos.org.br\/noticias\/wp-content\/uploads\/2023\/05\/missa_28.jpg 1280w, https:\/\/franciscanos.org.br\/noticias\/wp-content\/uploads\/2023\/05\/missa_28-450x300.jpg 450w, https:\/\/franciscanos.org.br\/noticias\/wp-content\/uploads\/2023\/05\/missa_28-1024x682.jpg 1024w, https:\/\/franciscanos.org.br\/noticias\/wp-content\/uploads\/2023\/05\/missa_28-768x512.jpg 768w, https:\/\/franciscanos.org.br\/noticias\/wp-content\/uploads\/2023\/05\/missa_28-150x100.jpg 150w\" sizes=\"(max-width: 1280px) 100vw, 1280px\" \/><\/p>\n<p>&#8220;Olhar para o c\u00e9u nos recorda que devemos ter os p\u00e9s no ch\u00e3o, pois a esperan\u00e7a do c\u00e9u deve fazer alegria do nosso peregrinar di\u00e1rio. Hoje n\u00e3o \u00e9 f\u00e1cil enfrentar as dificuldades da vida. Muitas vezes precisamos olhar para o c\u00e9u para que tenhamos a for\u00e7a de Deus para enfrentar as dificuldades. O c\u00e9u h\u00e1 de ser sempre o horizonte da esperan\u00e7a&#8221;, ressaltou.<\/p>\n\n\t\t<style type=\"text\/css\">\n\t\t\t#gallery-3 {\n\t\t\t\tmargin: auto;\n\t\t\t}\n\t\t\t#gallery-3 .gallery-item {\n\t\t\t\tfloat: left;\n\t\t\t\tmargin-top: 10px;\n\t\t\t\ttext-align: center;\n\t\t\t\twidth: 20%;\n\t\t\t}\n\t\t\t#gallery-3 img {\n\t\t\t\tborder: 2px solid #cfcfcf;\n\t\t\t}\n\t\t\t#gallery-3 .gallery-caption {\n\t\t\t\tmargin-left: 0;\n\t\t\t}\n\t\t\t\/* see gallery_shortcode() in wp-includes\/media.php *\/\n\t\t<\/style>\n\t\t<div id='gallery-3' class='gallery galleryid-243398 gallery-columns-5 gallery-size-thumbnail'><dl class='gallery-item'>\n\t\t\t<dt class='gallery-icon landscape'>\n\t\t\t\t<a href='https:\/\/franciscanos.org.br\/noticias\/wp-content\/uploads\/2023\/05\/missa_24.jpg'><img width=\"300\" height=\"300\" src=\"https:\/\/franciscanos.org.br\/noticias\/wp-content\/uploads\/2023\/05\/missa_24-300x300.jpg\" class=\"attachment-thumbnail size-thumbnail\" alt=\"\" loading=\"lazy\" srcset=\"https:\/\/franciscanos.org.br\/noticias\/wp-content\/uploads\/2023\/05\/missa_24-300x300.jpg 300w, https:\/\/franciscanos.org.br\/noticias\/wp-content\/uploads\/2023\/05\/missa_24-100x100.jpg 100w\" sizes=\"(max-width: 300px) 100vw, 300px\" \/><\/a>\n\t\t\t<\/dt><\/dl><dl class='gallery-item'>\n\t\t\t<dt class='gallery-icon landscape'>\n\t\t\t\t<a href='https:\/\/franciscanos.org.br\/noticias\/wp-content\/uploads\/2023\/05\/missa_25.jpg'><img width=\"300\" height=\"300\" src=\"https:\/\/franciscanos.org.br\/noticias\/wp-content\/uploads\/2023\/05\/missa_25-300x300.jpg\" class=\"attachment-thumbnail size-thumbnail\" alt=\"\" loading=\"lazy\" srcset=\"https:\/\/franciscanos.org.br\/noticias\/wp-content\/uploads\/2023\/05\/missa_25-300x300.jpg 300w, https:\/\/franciscanos.org.br\/noticias\/wp-content\/uploads\/2023\/05\/missa_25-100x100.jpg 100w\" sizes=\"(max-width: 300px) 100vw, 300px\" \/><\/a>\n\t\t\t<\/dt><\/dl><dl class='gallery-item'>\n\t\t\t<dt class='gallery-icon landscape'>\n\t\t\t\t<a href='https:\/\/franciscanos.org.br\/noticias\/wp-content\/uploads\/2023\/05\/missa_26.jpg'><img width=\"300\" height=\"300\" src=\"https:\/\/franciscanos.org.br\/noticias\/wp-content\/uploads\/2023\/05\/missa_26-300x300.jpg\" class=\"attachment-thumbnail size-thumbnail\" alt=\"\" loading=\"lazy\" srcset=\"https:\/\/franciscanos.org.br\/noticias\/wp-content\/uploads\/2023\/05\/missa_26-300x300.jpg 300w, https:\/\/franciscanos.org.br\/noticias\/wp-content\/uploads\/2023\/05\/missa_26-100x100.jpg 100w\" sizes=\"(max-width: 300px) 100vw, 300px\" \/><\/a>\n\t\t\t<\/dt><\/dl><dl class='gallery-item'>\n\t\t\t<dt class='gallery-icon landscape'>\n\t\t\t\t<a href='https:\/\/franciscanos.org.br\/noticias\/wp-content\/uploads\/2023\/05\/missa_29.jpg'><img width=\"300\" height=\"300\" src=\"https:\/\/franciscanos.org.br\/noticias\/wp-content\/uploads\/2023\/05\/missa_29-300x300.jpg\" class=\"attachment-thumbnail size-thumbnail\" alt=\"\" loading=\"lazy\" srcset=\"https:\/\/franciscanos.org.br\/noticias\/wp-content\/uploads\/2023\/05\/missa_29-300x300.jpg 300w, https:\/\/franciscanos.org.br\/noticias\/wp-content\/uploads\/2023\/05\/missa_29-100x100.jpg 100w\" sizes=\"(max-width: 300px) 100vw, 300px\" \/><\/a>\n\t\t\t<\/dt><\/dl><dl class='gallery-item'>\n\t\t\t<dt class='gallery-icon landscape'>\n\t\t\t\t<a href='https:\/\/franciscanos.org.br\/noticias\/wp-content\/uploads\/2023\/05\/missa_30.jpg'><img width=\"300\" height=\"300\" src=\"https:\/\/franciscanos.org.br\/noticias\/wp-content\/uploads\/2023\/05\/missa_30-300x300.jpg\" class=\"attachment-thumbnail size-thumbnail\" alt=\"\" loading=\"lazy\" srcset=\"https:\/\/franciscanos.org.br\/noticias\/wp-content\/uploads\/2023\/05\/missa_30-300x300.jpg 300w, https:\/\/franciscanos.org.br\/noticias\/wp-content\/uploads\/2023\/05\/missa_30-100x100.jpg 100w\" sizes=\"(max-width: 300px) 100vw, 300px\" \/><\/a>\n\t\t\t<\/dt><\/dl><br style=\"clear: both\" \/>\n\t\t<\/div>\n\n<p><em>(toque nas imagens para ampli\u00e1-las)<\/em><\/p>\n<p>Falando ao neopresb\u00edtero, Frei Daniel lembrou que se corre o risco de ficar alienado no mundo achando que a vida do sacerdote \u00e9 apenas espiritualidade ou se apegar ao ch\u00e3o do mundo e esquecer do minist\u00e9rio de servi\u00e7o de Deus ao mundo. E alertou: &#8220;Criar este caminho de disc\u00edpulos e mission\u00e1rios de trazer a beleza do c\u00e9u a este mundo n\u00e3o \u00e9 f\u00e1cil. O mundo vai realmente, muitas vezes, nos crucificar. Jesus dizia que quem quer segui-Lo, &#8216;tome a sua cruz&#8217;. Mas na hora do desespero, lembre-se do que disse Jesus no Evangelho de hoje: &#8216;Eis que eu estarei com voc\u00eas todos os dias, at\u00e9 o fim do mundo'&#8221;, orientou.<\/p>\n<p>Frei Daniel, a exemplo do bispo no dia da ordena\u00e7\u00e3o, lembrou a Frei Gabriel que ele n\u00e3o est\u00e1 sozinho e que tem os irm\u00e3os da Fraternidade. &#8220;Acredito que muitas palavras n\u00e3o possam dizer tudo sobre uma experi\u00eancia t\u00e3o bonita que \u00e9 a voca\u00e7\u00e3o ao sacerd\u00f3cio. Jesus dizia &#8216;vinde e vede&#8217;. Vamos juntos nesta barca, lan\u00e7ar as redes, deixemos tamb\u00e9m nos iluminar por esta Palavra que o Senhor ainda nos procura ensinar, pois a messe \u00e9 grande&#8221;, convidou o irm\u00e3o mais velho.<\/p>\n<p><img loading=\"lazy\" class=\"alignnone size-full wp-image-243425\" src=\"https:\/\/franciscanos.org.br\/noticias\/wp-content\/uploads\/2023\/05\/missa_15.jpg\" alt=\"\" width=\"1280\" height=\"963\" srcset=\"https:\/\/franciscanos.org.br\/noticias\/wp-content\/uploads\/2023\/05\/missa_15.jpg 1280w, https:\/\/franciscanos.org.br\/noticias\/wp-content\/uploads\/2023\/05\/missa_15-450x339.jpg 450w, https:\/\/franciscanos.org.br\/noticias\/wp-content\/uploads\/2023\/05\/missa_15-1024x770.jpg 1024w, https:\/\/franciscanos.org.br\/noticias\/wp-content\/uploads\/2023\/05\/missa_15-768x578.jpg 768w, https:\/\/franciscanos.org.br\/noticias\/wp-content\/uploads\/2023\/05\/missa_15-150x113.jpg 150w, https:\/\/franciscanos.org.br\/noticias\/wp-content\/uploads\/2023\/05\/missa_15-600x450.jpg 600w\" sizes=\"(max-width: 1280px) 100vw, 1280px\" \/><\/p>\n<p>Frei Daniel lembrou que Frei Gabriel est\u00e1 a servi\u00e7o da Anima\u00e7\u00e3o Vocacional da Prov\u00edncia e vai exercer a mesma miss\u00e3o de lan\u00e7ar as redes, de animar muitos na voca\u00e7\u00e3o franciscana.<\/p>\n<p><strong>GRATID\u00c3O<\/strong><\/p>\n<p>Em nome da Par\u00f3quia anfitri\u00e3 da celebra\u00e7\u00e3o, Ervino Girardi fez agradecimentos e homenagens. &#8220;A Par\u00f3quia se sente agradecida pela Primeira Missa celebrada aqui, nesta casa que tem como Padroeiro S\u00e3o Francisco de Assis. Sinta-se abra\u00e7ado por cada paroquiano. Sabemos que tem um caminho longo a percorrer, mas n\u00e3o imposs\u00edvel nesta sua miss\u00e3o. Querido Frei Gabriel, pedimos com muito carinho: n\u00e3o esque\u00e7a de nossas fam\u00edlias, abrace nossas crian\u00e7as, olhe com aten\u00e7\u00e3o especial para nossos jovens, d\u00ea carinho para nossos idosos&#8221;. Ele pediu, com a intercess\u00e3o de Maria e S\u00e3o Francisco para sua voca\u00e7\u00e3o e miss\u00e3o.<\/p>\n<p><img loading=\"lazy\" class=\"alignnone size-full wp-image-243423\" src=\"https:\/\/franciscanos.org.br\/noticias\/wp-content\/uploads\/2023\/05\/missa_31.jpg\" alt=\"\" width=\"1280\" height=\"853\" srcset=\"https:\/\/franciscanos.org.br\/noticias\/wp-content\/uploads\/2023\/05\/missa_31.jpg 1280w, https:\/\/franciscanos.org.br\/noticias\/wp-content\/uploads\/2023\/05\/missa_31-450x300.jpg 450w, https:\/\/franciscanos.org.br\/noticias\/wp-content\/uploads\/2023\/05\/missa_31-1024x682.jpg 1024w, https:\/\/franciscanos.org.br\/noticias\/wp-content\/uploads\/2023\/05\/missa_31-768x512.jpg 768w, https:\/\/franciscanos.org.br\/noticias\/wp-content\/uploads\/2023\/05\/missa_31-150x100.jpg 150w\" sizes=\"(max-width: 1280px) 100vw, 1280px\" \/><\/p>\n<p>Ta\u00eds Santos veio com o grupo de Imbari\u00ea, em Duque de Caxias (RJ), e agradeceu a Frei Gabriel pelo trabalho que realizou na Par\u00f3quia Santa Clara de Assis, em especial com os jovens. &#8220;Sua presen\u00e7a foi muito marcante para n\u00f3s. Voc\u00ea sempre esteve \u00e0 nossa disposi\u00e7\u00e3o. Obrigado por nos fazer entender que Cristo \u00e9 nosso ponto de partida. Conte com nossas ora\u00e7\u00f5es e n\u00e3o deixe de rezar por n\u00f3s&#8221;, pediu.<\/p>\n<p><img loading=\"lazy\" class=\"alignnone size-full wp-image-243422\" src=\"https:\/\/franciscanos.org.br\/noticias\/wp-content\/uploads\/2023\/05\/missa_33.jpg\" alt=\"\" width=\"1280\" height=\"1135\" srcset=\"https:\/\/franciscanos.org.br\/noticias\/wp-content\/uploads\/2023\/05\/missa_33.jpg 1218w, https:\/\/franciscanos.org.br\/noticias\/wp-content\/uploads\/2023\/05\/missa_33-450x399.jpg 450w, https:\/\/franciscanos.org.br\/noticias\/wp-content\/uploads\/2023\/05\/missa_33-1024x908.jpg 1024w, https:\/\/franciscanos.org.br\/noticias\/wp-content\/uploads\/2023\/05\/missa_33-768x681.jpg 768w, https:\/\/franciscanos.org.br\/noticias\/wp-content\/uploads\/2023\/05\/missa_33-150x133.jpg 150w\" sizes=\"(max-width: 1280px) 100vw, 1280px\" \/><\/p>\n<p>O Vig\u00e1rio Provincial, Frei Gustavo Wayand Medella, falou em nome dos frades. &#8220;Seguimos costurando, costureiros que somos de rela\u00e7\u00f5es, de sonhos, de dificuldades, de desafios. Seguimos costurando com a gra\u00e7a de Deus&#8221;, disse.<\/p>\n<p>Ele recordou que esta semana celebra-se a Semana <em>Laudato Si&#8217;<\/em> e que o Papa Francisco nos ensina que tudo est\u00e1 interligado na sua Carta <em>Laudato Si&#8217;.<\/em> Nesta semana completa 8 anos da sua publica\u00e7\u00e3o.<\/p>\n<p><img loading=\"lazy\" class=\"alignnone size-full wp-image-243426\" src=\"https:\/\/franciscanos.org.br\/noticias\/wp-content\/uploads\/2023\/05\/missa_37.jpg\" alt=\"\" width=\"1280\" height=\"853\" srcset=\"https:\/\/franciscanos.org.br\/noticias\/wp-content\/uploads\/2023\/05\/missa_37.jpg 1280w, https:\/\/franciscanos.org.br\/noticias\/wp-content\/uploads\/2023\/05\/missa_37-450x300.jpg 450w, https:\/\/franciscanos.org.br\/noticias\/wp-content\/uploads\/2023\/05\/missa_37-1024x682.jpg 1024w, https:\/\/franciscanos.org.br\/noticias\/wp-content\/uploads\/2023\/05\/missa_37-768x512.jpg 768w, https:\/\/franciscanos.org.br\/noticias\/wp-content\/uploads\/2023\/05\/missa_37-150x100.jpg 150w\" sizes=\"(max-width: 1280px) 100vw, 1280px\" \/><\/p>\n<p>&#8220;Por isso, a palavra que tenho para dizer agora \u00e9 obrigado, que quer dizer &#8216;totalmente ligado a isso que voc\u00ea fez por mim&#8217;. A essa presen\u00e7a que voc\u00ea marcou na minha vida. A\u00ed est\u00e1 costurada e n\u00e3o vai mais descosturar. \u00c9 esse obrigado que queremos dizer \u00e0 Par\u00f3quia S\u00e3o Francisco de Assis e a todas as suas Comunidades e ao Frei Jo\u00e3o Miguel, representando essa imensa comunidade costurada no amor de Deus, neste querido peda\u00e7o de ch\u00e3o deste Vale Trentino. Muito, muito obrigado&#8221;, enfatizou.<\/p>\n<p>E continuou: &#8220;Obrigado a esta Fraternidade de Rodeio. Hoje faz um ano que Frei Josemberg celebrou a Primeira Missa. Obrigado \u00e0 Fam\u00edlia Dellandrea. Um agradecimento especial ao nosso Servi\u00e7o de Anima\u00e7\u00e3o Vocacional da Prov\u00edncia. Obrigado \u00e0 equipe Mission\u00e1ria, que passou costurando casas e casas. Muito obrigado pelas b\u00ean\u00e7\u00e3os que voc\u00eas generosamente ofereceram costurando os cora\u00e7\u00f5es de quem com voc\u00eas foram visitar&#8221;, completou.<\/p>\n<p><img loading=\"lazy\" class=\"alignnone size-full wp-image-243424\" src=\"https:\/\/franciscanos.org.br\/noticias\/wp-content\/uploads\/2023\/05\/missa_34.jpg\" alt=\"\" width=\"1280\" height=\"853\" srcset=\"https:\/\/franciscanos.org.br\/noticias\/wp-content\/uploads\/2023\/05\/missa_34.jpg 1280w, https:\/\/franciscanos.org.br\/noticias\/wp-content\/uploads\/2023\/05\/missa_34-450x300.jpg 450w, https:\/\/franciscanos.org.br\/noticias\/wp-content\/uploads\/2023\/05\/missa_34-1024x682.jpg 1024w, https:\/\/franciscanos.org.br\/noticias\/wp-content\/uploads\/2023\/05\/missa_34-768x512.jpg 768w, https:\/\/franciscanos.org.br\/noticias\/wp-content\/uploads\/2023\/05\/missa_34-150x100.jpg 150w\" sizes=\"(max-width: 1280px) 100vw, 1280px\" \/><\/p>\n<p>Frei Gustavo lembrou que daqui a uns dias, Frei Gabriel ter\u00e1 o compromisso como pregador da Trezena de Santo Ant\u00f4nio, no Convento Santo Ant\u00f4nio do Rio de Janeiro. &#8220;Estamos esperando de bra\u00e7os abertos&#8221;, disse.<\/p>\n<p>Frei Gabriel agradeceu a todos, especialmente ao seu irm\u00e3o Frei Daniel pela homilia desta celebra\u00e7\u00e3o.<\/p>\n<hr \/>\n<p><em>Moacir Beggo<\/em><\/p>\n","protected":false},"excerpt":{"rendered":"<p>Primeira Missa de Frei Gabriel Dellandrea<\/p>\n","protected":false},"author":3,"featured_media":243399,"comment_status":"open","ping_status":"open","sticky":false,"template":"","format":"standard","meta":[],"categories":[1],"tags":[2134],"acf":[],"yoast_head":"<!-- This site is optimized with the Yoast SEO plugin v19.2 - https:\/\/yoast.com\/wordpress\/plugins\/seo\/ -->\n<title>&quot;O c\u00e9u h\u00e1 de ser sempre o horizonte da esperan\u00e7a&quot;, diz Frei Daniel a seu irm\u00e3o - Not\u00edcias - Franciscanos<\/title>\n<meta name=\"robots\" content=\"index, follow, max-snippet:-1, max-image-preview:large, max-video-preview:-1\" \/>\n<link rel=\"canonical\" href=\"https:\/\/franciscanos.org.br\/noticias\/o-ceu-ha-de-ser-sempre-o-horizonte-da-esperanca-diz-frei-daniel-a-seu-irmao.html\" \/>\n<meta property=\"og:locale\" content=\"pt_BR\" \/>\n<meta property=\"og:type\" content=\"article\" \/>\n<meta property=\"og:title\" content=\"&quot;O c\u00e9u h\u00e1 de ser sempre o horizonte da esperan\u00e7a&quot;, diz Frei Daniel a seu irm\u00e3o - Not\u00edcias - Franciscanos\" \/>\n<meta property=\"og:description\" content=\"Primeira Missa de Frei Gabriel Dellandrea\" \/>\n<meta property=\"og:url\" content=\"https:\/\/franciscanos.org.br\/noticias\/o-ceu-ha-de-ser-sempre-o-horizonte-da-esperanca-diz-frei-daniel-a-seu-irmao.html\" \/>\n<meta property=\"og:site_name\" content=\"Not\u00edcias - Franciscanos\" \/>\n<meta property=\"article:published_time\" content=\"2023-05-21T20:22:20+00:00\" \/>\n<meta property=\"article:modified_time\" content=\"2023-05-22T02:13:29+00:00\" \/>\n<meta property=\"og:image\" content=\"https:\/\/franciscanos.org.br\/noticias\/wp-content\/uploads\/2023\/05\/missa_35.jpg\" \/>\n\t<meta property=\"og:image:width\" content=\"1280\" \/>\n\t<meta property=\"og:image:height\" content=\"720\" \/>\n\t<meta property=\"og:image:type\" content=\"image\/jpeg\" \/>\n<meta name=\"author\" content=\"moacir\" \/>\n<meta name=\"twitter:card\" content=\"summary_large_image\" \/>\n<meta name=\"twitter:label1\" content=\"Escrito por\" \/>\n\t<meta name=\"twitter:data1\" content=\"moacir\" \/>\n\t<meta name=\"twitter:label2\" content=\"Est. tempo de leitura\" \/>\n\t<meta name=\"twitter:data2\" content=\"13 minutos\" \/>\n<script type=\"application\/ld+json\" class=\"yoast-schema-graph\">{\"@context\":\"https:\/\/schema.org\",\"@graph\":[{\"@type\":\"WebSite\",\"@id\":\"https:\/\/franciscanos.org.br\/noticias\/#website\",\"url\":\"https:\/\/franciscanos.org.br\/noticias\/\",\"name\":\"Not\u00edcias - Franciscanos\",\"description\":\"Prov\u00edncia Franciscana da Imaculada Concei\u00e7\u00e3o do Brasil - Ordem dos Frades Menores - OFM\",\"potentialAction\":[{\"@type\":\"SearchAction\",\"target\":{\"@type\":\"EntryPoint\",\"urlTemplate\":\"https:\/\/franciscanos.org.br\/noticias\/?s={search_term_string}\"},\"query-input\":\"required name=search_term_string\"}],\"inLanguage\":\"pt-BR\"},{\"@type\":\"ImageObject\",\"inLanguage\":\"pt-BR\",\"@id\":\"https:\/\/franciscanos.org.br\/noticias\/o-ceu-ha-de-ser-sempre-o-horizonte-da-esperanca-diz-frei-daniel-a-seu-irmao.html#primaryimage\",\"url\":\"https:\/\/franciscanos.org.br\/noticias\/wp-content\/uploads\/2023\/05\/missa_35.jpg\",\"contentUrl\":\"https:\/\/franciscanos.org.br\/noticias\/wp-content\/uploads\/2023\/05\/missa_35.jpg\",\"width\":1280,\"height\":720},{\"@type\":\"WebPage\",\"@id\":\"https:\/\/franciscanos.org.br\/noticias\/o-ceu-ha-de-ser-sempre-o-horizonte-da-esperanca-diz-frei-daniel-a-seu-irmao.html#webpage\",\"url\":\"https:\/\/franciscanos.org.br\/noticias\/o-ceu-ha-de-ser-sempre-o-horizonte-da-esperanca-diz-frei-daniel-a-seu-irmao.html\",\"name\":\"\\\"O c\u00e9u h\u00e1 de ser sempre o horizonte da esperan\u00e7a\\\", diz Frei Daniel a seu irm\u00e3o - Not\u00edcias - Franciscanos\",\"isPartOf\":{\"@id\":\"https:\/\/franciscanos.org.br\/noticias\/#website\"},\"primaryImageOfPage\":{\"@id\":\"https:\/\/franciscanos.org.br\/noticias\/o-ceu-ha-de-ser-sempre-o-horizonte-da-esperanca-diz-frei-daniel-a-seu-irmao.html#primaryimage\"},\"datePublished\":\"2023-05-21T20:22:20+00:00\",\"dateModified\":\"2023-05-22T02:13:29+00:00\",\"author\":{\"@id\":\"https:\/\/franciscanos.org.br\/noticias\/#\/schema\/person\/b5c8cba458c330ccff548b056e95a5d4\"},\"breadcrumb\":{\"@id\":\"https:\/\/franciscanos.org.br\/noticias\/o-ceu-ha-de-ser-sempre-o-horizonte-da-esperanca-diz-frei-daniel-a-seu-irmao.html#breadcrumb\"},\"inLanguage\":\"pt-BR\",\"potentialAction\":[{\"@type\":\"ReadAction\",\"target\":[\"https:\/\/franciscanos.org.br\/noticias\/o-ceu-ha-de-ser-sempre-o-horizonte-da-esperanca-diz-frei-daniel-a-seu-irmao.html\"]}]},{\"@type\":\"BreadcrumbList\",\"@id\":\"https:\/\/franciscanos.org.br\/noticias\/o-ceu-ha-de-ser-sempre-o-horizonte-da-esperanca-diz-frei-daniel-a-seu-irmao.html#breadcrumb\",\"itemListElement\":[{\"@type\":\"ListItem\",\"position\":1,\"name\":\"Home\",\"item\":\"https:\/\/franciscanos.org.br\/noticias\"},{\"@type\":\"ListItem\",\"position\":2,\"name\":\"&#8220;O c\u00e9u h\u00e1 de ser sempre o horizonte da esperan\u00e7a&#8221;, diz Frei Daniel a seu irm\u00e3o\"}]},{\"@type\":\"Person\",\"@id\":\"https:\/\/franciscanos.org.br\/noticias\/#\/schema\/person\/b5c8cba458c330ccff548b056e95a5d4\",\"name\":\"moacir\",\"image\":{\"@type\":\"ImageObject\",\"inLanguage\":\"pt-BR\",\"@id\":\"https:\/\/franciscanos.org.br\/noticias\/#\/schema\/person\/image\/\",\"url\":\"https:\/\/secure.gravatar.com\/avatar\/d08aa2ce4c8dd416d4479aa8536fcf64?s=96&d=mm&r=g\",\"contentUrl\":\"https:\/\/secure.gravatar.com\/avatar\/d08aa2ce4c8dd416d4479aa8536fcf64?s=96&d=mm&r=g\",\"caption\":\"moacir\"},\"url\":\"https:\/\/franciscanos.org.br\/noticias\/author\/moacir\"}]}<\/script>\n<!-- \/ Yoast SEO plugin. -->","yoast_head_json":{"title":"\"O c\u00e9u h\u00e1 de ser sempre o horizonte da esperan\u00e7a\", diz Frei Daniel a seu irm\u00e3o - Not\u00edcias - Franciscanos","robots":{"index":"index","follow":"follow","max-snippet":"max-snippet:-1","max-image-preview":"max-image-preview:large","max-video-preview":"max-video-preview:-1"},"canonical":"https:\/\/franciscanos.org.br\/noticias\/o-ceu-ha-de-ser-sempre-o-horizonte-da-esperanca-diz-frei-daniel-a-seu-irmao.html","og_locale":"pt_BR","og_type":"article","og_title":"\"O c\u00e9u h\u00e1 de ser sempre o horizonte da esperan\u00e7a\", diz Frei Daniel a seu irm\u00e3o - Not\u00edcias - Franciscanos","og_description":"Primeira Missa de Frei Gabriel Dellandrea","og_url":"https:\/\/franciscanos.org.br\/noticias\/o-ceu-ha-de-ser-sempre-o-horizonte-da-esperanca-diz-frei-daniel-a-seu-irmao.html","og_site_name":"Not\u00edcias - Franciscanos","article_published_time":"2023-05-21T20:22:20+00:00","article_modified_time":"2023-05-22T02:13:29+00:00","og_image":[{"width":1280,"height":720,"url":"https:\/\/franciscanos.org.br\/noticias\/wp-content\/uploads\/2023\/05\/missa_35.jpg","type":"image\/jpeg"}],"author":"moacir","twitter_card":"summary_large_image","twitter_misc":{"Escrito por":"moacir","Est. tempo de leitura":"13 minutos"},"schema":{"@context":"https:\/\/schema.org","@graph":[{"@type":"WebSite","@id":"https:\/\/franciscanos.org.br\/noticias\/#website","url":"https:\/\/franciscanos.org.br\/noticias\/","name":"Not\u00edcias - Franciscanos","description":"Prov\u00edncia Franciscana da Imaculada Concei\u00e7\u00e3o do Brasil - Ordem dos Frades Menores - OFM","potentialAction":[{"@type":"SearchAction","target":{"@type":"EntryPoint","urlTemplate":"https:\/\/franciscanos.org.br\/noticias\/?s={search_term_string}"},"query-input":"required name=search_term_string"}],"inLanguage":"pt-BR"},{"@type":"ImageObject","inLanguage":"pt-BR","@id":"https:\/\/franciscanos.org.br\/noticias\/o-ceu-ha-de-ser-sempre-o-horizonte-da-esperanca-diz-frei-daniel-a-seu-irmao.html#primaryimage","url":"https:\/\/franciscanos.org.br\/noticias\/wp-content\/uploads\/2023\/05\/missa_35.jpg","contentUrl":"https:\/\/franciscanos.org.br\/noticias\/wp-content\/uploads\/2023\/05\/missa_35.jpg","width":1280,"height":720},{"@type":"WebPage","@id":"https:\/\/franciscanos.org.br\/noticias\/o-ceu-ha-de-ser-sempre-o-horizonte-da-esperanca-diz-frei-daniel-a-seu-irmao.html#webpage","url":"https:\/\/franciscanos.org.br\/noticias\/o-ceu-ha-de-ser-sempre-o-horizonte-da-esperanca-diz-frei-daniel-a-seu-irmao.html","name":"\"O c\u00e9u h\u00e1 de ser sempre o horizonte da esperan\u00e7a\", diz Frei Daniel a seu irm\u00e3o - Not\u00edcias - Franciscanos","isPartOf":{"@id":"https:\/\/franciscanos.org.br\/noticias\/#website"},"primaryImageOfPage":{"@id":"https:\/\/franciscanos.org.br\/noticias\/o-ceu-ha-de-ser-sempre-o-horizonte-da-esperanca-diz-frei-daniel-a-seu-irmao.html#primaryimage"},"datePublished":"2023-05-21T20:22:20+00:00","dateModified":"2023-05-22T02:13:29+00:00","author":{"@id":"https:\/\/franciscanos.org.br\/noticias\/#\/schema\/person\/b5c8cba458c330ccff548b056e95a5d4"},"breadcrumb":{"@id":"https:\/\/franciscanos.org.br\/noticias\/o-ceu-ha-de-ser-sempre-o-horizonte-da-esperanca-diz-frei-daniel-a-seu-irmao.html#breadcrumb"},"inLanguage":"pt-BR","potentialAction":[{"@type":"ReadAction","target":["https:\/\/franciscanos.org.br\/noticias\/o-ceu-ha-de-ser-sempre-o-horizonte-da-esperanca-diz-frei-daniel-a-seu-irmao.html"]}]},{"@type":"BreadcrumbList","@id":"https:\/\/franciscanos.org.br\/noticias\/o-ceu-ha-de-ser-sempre-o-horizonte-da-esperanca-diz-frei-daniel-a-seu-irmao.html#breadcrumb","itemListElement":[{"@type":"ListItem","position":1,"name":"Home","item":"https:\/\/franciscanos.org.br\/noticias"},{"@type":"ListItem","position":2,"name":"&#8220;O c\u00e9u h\u00e1 de ser sempre o horizonte da esperan\u00e7a&#8221;, diz Frei Daniel a seu irm\u00e3o"}]},{"@type":"Person","@id":"https:\/\/franciscanos.org.br\/noticias\/#\/schema\/person\/b5c8cba458c330ccff548b056e95a5d4","name":"moacir","image":{"@type":"ImageObject","inLanguage":"pt-BR","@id":"https:\/\/franciscanos.org.br\/noticias\/#\/schema\/person\/image\/","url":"https:\/\/secure.gravatar.com\/avatar\/d08aa2ce4c8dd416d4479aa8536fcf64?s=96&d=mm&r=g","contentUrl":"https:\/\/secure.gravatar.com\/avatar\/d08aa2ce4c8dd416d4479aa8536fcf64?s=96&d=mm&r=g","caption":"moacir"},"url":"https:\/\/franciscanos.org.br\/noticias\/author\/moacir"}]}},"_links":{"self":[{"href":"https:\/\/franciscanos.org.br\/noticias\/wp-json\/wp\/v2\/posts\/243398"}],"collection":[{"href":"https:\/\/franciscanos.org.br\/noticias\/wp-json\/wp\/v2\/posts"}],"about":[{"href":"https:\/\/franciscanos.org.br\/noticias\/wp-json\/wp\/v2\/types\/post"}],"author":[{"embeddable":true,"href":"https:\/\/franciscanos.org.br\/noticias\/wp-json\/wp\/v2\/users\/3"}],"replies":[{"embeddable":true,"href":"https:\/\/franciscanos.org.br\/noticias\/wp-json\/wp\/v2\/comments?post=243398"}],"version-history":[{"count":7,"href":"https:\/\/franciscanos.org.br\/noticias\/wp-json\/wp\/v2\/posts\/243398\/revisions"}],"predecessor-version":[{"id":243433,"href":"https:\/\/franciscanos.org.br\/noticias\/wp-json\/wp\/v2\/posts\/243398\/revisions\/243433"}],"wp:featuredmedia":[{"embeddable":true,"href":"https:\/\/franciscanos.org.br\/noticias\/wp-json\/wp\/v2\/media\/243399"}],"wp:attachment":[{"href":"https:\/\/franciscanos.org.br\/noticias\/wp-json\/wp\/v2\/media?parent=243398"}],"wp:term":[{"taxonomy":"category","embeddable":true,"href":"https:\/\/franciscanos.org.br\/noticias\/wp-json\/wp\/v2\/categories?post=243398"},{"taxonomy":"post_tag","embeddable":true,"href":"https:\/\/franciscanos.org.br\/noticias\/wp-json\/wp\/v2\/tags?post=243398"}],"curies":[{"name":"wp","href":"https:\/\/api.w.org\/{rel}","templated":true}]}}