{"id":243359,"date":"2023-05-20T23:06:52","date_gmt":"2023-05-21T02:06:52","guid":{"rendered":"https:\/\/franciscanos.org.br\/noticias\/?p=243359"},"modified":"2025-03-10T15:35:41","modified_gmt":"2025-03-10T18:35:41","slug":"dom-onecimo-a-frei-gabriel-viva-o-sacerdocio-ministerial-com-coracao-sinodal","status":"publish","type":"post","link":"https:\/\/franciscanos.org.br\/noticias\/dom-onecimo-a-frei-gabriel-viva-o-sacerdocio-ministerial-com-coracao-sinodal.html","title":{"rendered":"Dom On\u00e9cimo a Frei Gabriel: &#8220;Viva o sacerd\u00f3cio ministerial com cora\u00e7\u00e3o sinodal&#8221;"},"content":{"rendered":"<p><img loading=\"lazy\" class=\"alignnone size-full wp-image-243360\" src=\"https:\/\/franciscanos.org.br\/noticias\/wp-content\/uploads\/2023\/05\/alto.jpg\" alt=\"\" width=\"1280\" height=\"720\" srcset=\"https:\/\/franciscanos.org.br\/noticias\/wp-content\/uploads\/2023\/05\/alto.jpg 1280w, https:\/\/franciscanos.org.br\/noticias\/wp-content\/uploads\/2023\/05\/alto-450x253.jpg 450w, https:\/\/franciscanos.org.br\/noticias\/wp-content\/uploads\/2023\/05\/alto-1024x576.jpg 1024w, https:\/\/franciscanos.org.br\/noticias\/wp-content\/uploads\/2023\/05\/alto-768x432.jpg 768w, https:\/\/franciscanos.org.br\/noticias\/wp-content\/uploads\/2023\/05\/alto-150x84.jpg 150w\" sizes=\"(max-width: 1280px) 100vw, 1280px\" \/><\/p>\n<p><strong>Rodeio (SC)<\/strong> &#8211; A imponente Igreja de S\u00e3o Virg\u00edlio, da Comunidade Rodeio 50, ficou ainda mais bonita neste s\u00e1bado, 20 de maio, \u00e0s 16 horas, com a Ordena\u00e7\u00e3o Presbiteral de Frei Gabriel Dellandrea. Pela imposi\u00e7\u00e3o das m\u00e3os do bispo diocesano de Rio do Sul (SC), Dom On\u00e9cimo Alberton, Frei Gabriel recebeu o segundo grau do Sacramento da Ordem, tornando-se o segundo &#8220;filho padre&#8221; de D\u00aa Terezinha e o Sr. S\u00e9rgio. O primeiro a se ordenar presb\u00edtero foi Frei Daniel (dia 18 de outubro de 2008).<\/p>\n<p>A grandiosidade do rito de ordena\u00e7\u00e3o garantiu belos e emocionantes momentos em duas horas com a igreja lotada. A come\u00e7ar pela solene prociss\u00e3o com os presb\u00edteros e religiosos franciscanos, o bispo Dom On\u00e9cimo e Frei Gabriel ao lado de seus pais.<\/p>\n<p><img loading=\"lazy\" class=\"alignnone size-full wp-image-243361\" src=\"https:\/\/franciscanos.org.br\/noticias\/wp-content\/uploads\/2023\/05\/ordenacao_11.jpg\" alt=\"\" width=\"1280\" height=\"853\" srcset=\"https:\/\/franciscanos.org.br\/noticias\/wp-content\/uploads\/2023\/05\/ordenacao_11.jpg 1280w, https:\/\/franciscanos.org.br\/noticias\/wp-content\/uploads\/2023\/05\/ordenacao_11-450x300.jpg 450w, https:\/\/franciscanos.org.br\/noticias\/wp-content\/uploads\/2023\/05\/ordenacao_11-1024x682.jpg 1024w, https:\/\/franciscanos.org.br\/noticias\/wp-content\/uploads\/2023\/05\/ordenacao_11-768x512.jpg 768w, https:\/\/franciscanos.org.br\/noticias\/wp-content\/uploads\/2023\/05\/ordenacao_11-150x100.jpg 150w\" sizes=\"(max-width: 1280px) 100vw, 1280px\" \/><\/p>\n<p><img loading=\"lazy\" class=\"alignnone size-full wp-image-243362\" src=\"https:\/\/franciscanos.org.br\/noticias\/wp-content\/uploads\/2023\/05\/ordenacao_14.jpg\" alt=\"\" width=\"1280\" height=\"853\" srcset=\"https:\/\/franciscanos.org.br\/noticias\/wp-content\/uploads\/2023\/05\/ordenacao_14.jpg 1280w, https:\/\/franciscanos.org.br\/noticias\/wp-content\/uploads\/2023\/05\/ordenacao_14-450x300.jpg 450w, https:\/\/franciscanos.org.br\/noticias\/wp-content\/uploads\/2023\/05\/ordenacao_14-1024x682.jpg 1024w, https:\/\/franciscanos.org.br\/noticias\/wp-content\/uploads\/2023\/05\/ordenacao_14-768x512.jpg 768w, https:\/\/franciscanos.org.br\/noticias\/wp-content\/uploads\/2023\/05\/ordenacao_14-150x100.jpg 150w\" sizes=\"(max-width: 1280px) 100vw, 1280px\" \/><\/p>\n<p>Os aspirantes do Semin\u00e1rio de Ituporanga, novi\u00e7os e religiosas, principalmente as Irm\u00e3s Catequistas Franciscanas, e o povo rodeiense se juntaram a um grupo de amigos de Imbari\u00ea, na Baixada Fluminense, que veio de \u00f4nibus para partilhar deste momento \u00fanico na vida de Frei Gabriel. Presentes o Ministro Provincial, Frei Paulo Roberto Pereira, e o Vig\u00e1rio Provincial, Frei Gustavo Wayand Medella. O cerimoni\u00e1rio foi Frei Rodrigo da Silva Santos e Frei Diego Melo fez os coment\u00e1rios.<\/p>\n<p>O rito da ordena\u00e7\u00e3o obedeceu \u00e0 seguinte ordem: a elei\u00e7\u00e3o do candidato; homilia, prop\u00f3sito do eleito; ladainha; imposi\u00e7\u00e3o das m\u00e3os e prece de ordena\u00e7\u00e3o; un\u00e7\u00e3o das m\u00e3os e entrega da patena e do c\u00e1lice.<\/p>\n\n\t\t<style type=\"text\/css\">\n\t\t\t#gallery-1 {\n\t\t\t\tmargin: auto;\n\t\t\t}\n\t\t\t#gallery-1 .gallery-item {\n\t\t\t\tfloat: left;\n\t\t\t\tmargin-top: 10px;\n\t\t\t\ttext-align: center;\n\t\t\t\twidth: 11%;\n\t\t\t}\n\t\t\t#gallery-1 img {\n\t\t\t\tborder: 2px solid #cfcfcf;\n\t\t\t}\n\t\t\t#gallery-1 .gallery-caption {\n\t\t\t\tmargin-left: 0;\n\t\t\t}\n\t\t\t\/* see gallery_shortcode() in wp-includes\/media.php *\/\n\t\t<\/style>\n\t\t<div id='gallery-1' class='gallery galleryid-243359 gallery-columns-9 gallery-size-thumbnail'><dl class='gallery-item'>\n\t\t\t<dt class='gallery-icon landscape'>\n\t\t\t\t<a href='https:\/\/franciscanos.org.br\/noticias\/wp-content\/uploads\/2023\/05\/ordenacao_01.jpg'><img width=\"300\" height=\"300\" src=\"https:\/\/franciscanos.org.br\/noticias\/wp-content\/uploads\/2023\/05\/ordenacao_01-300x300.jpg\" class=\"attachment-thumbnail size-thumbnail\" alt=\"\" loading=\"lazy\" srcset=\"https:\/\/franciscanos.org.br\/noticias\/wp-content\/uploads\/2023\/05\/ordenacao_01-300x300.jpg 300w, https:\/\/franciscanos.org.br\/noticias\/wp-content\/uploads\/2023\/05\/ordenacao_01-100x100.jpg 100w\" sizes=\"(max-width: 300px) 100vw, 300px\" \/><\/a>\n\t\t\t<\/dt><\/dl><dl class='gallery-item'>\n\t\t\t<dt class='gallery-icon landscape'>\n\t\t\t\t<a href='https:\/\/franciscanos.org.br\/noticias\/wp-content\/uploads\/2023\/05\/ordenacao_02.jpg'><img width=\"300\" height=\"300\" src=\"https:\/\/franciscanos.org.br\/noticias\/wp-content\/uploads\/2023\/05\/ordenacao_02-300x300.jpg\" class=\"attachment-thumbnail size-thumbnail\" alt=\"\" loading=\"lazy\" srcset=\"https:\/\/franciscanos.org.br\/noticias\/wp-content\/uploads\/2023\/05\/ordenacao_02-300x300.jpg 300w, https:\/\/franciscanos.org.br\/noticias\/wp-content\/uploads\/2023\/05\/ordenacao_02-100x100.jpg 100w\" sizes=\"(max-width: 300px) 100vw, 300px\" \/><\/a>\n\t\t\t<\/dt><\/dl><dl class='gallery-item'>\n\t\t\t<dt class='gallery-icon landscape'>\n\t\t\t\t<a href='https:\/\/franciscanos.org.br\/noticias\/wp-content\/uploads\/2023\/05\/ordenacao_03.jpg'><img width=\"300\" height=\"300\" src=\"https:\/\/franciscanos.org.br\/noticias\/wp-content\/uploads\/2023\/05\/ordenacao_03-300x300.jpg\" class=\"attachment-thumbnail size-thumbnail\" alt=\"\" loading=\"lazy\" srcset=\"https:\/\/franciscanos.org.br\/noticias\/wp-content\/uploads\/2023\/05\/ordenacao_03-300x300.jpg 300w, https:\/\/franciscanos.org.br\/noticias\/wp-content\/uploads\/2023\/05\/ordenacao_03-100x100.jpg 100w\" sizes=\"(max-width: 300px) 100vw, 300px\" \/><\/a>\n\t\t\t<\/dt><\/dl><dl class='gallery-item'>\n\t\t\t<dt class='gallery-icon landscape'>\n\t\t\t\t<a href='https:\/\/franciscanos.org.br\/noticias\/wp-content\/uploads\/2023\/05\/ordenacao_04.jpg'><img width=\"300\" height=\"300\" src=\"https:\/\/franciscanos.org.br\/noticias\/wp-content\/uploads\/2023\/05\/ordenacao_04-300x300.jpg\" class=\"attachment-thumbnail size-thumbnail\" alt=\"\" loading=\"lazy\" srcset=\"https:\/\/franciscanos.org.br\/noticias\/wp-content\/uploads\/2023\/05\/ordenacao_04-300x300.jpg 300w, https:\/\/franciscanos.org.br\/noticias\/wp-content\/uploads\/2023\/05\/ordenacao_04-100x100.jpg 100w\" sizes=\"(max-width: 300px) 100vw, 300px\" \/><\/a>\n\t\t\t<\/dt><\/dl><dl class='gallery-item'>\n\t\t\t<dt class='gallery-icon landscape'>\n\t\t\t\t<a href='https:\/\/franciscanos.org.br\/noticias\/wp-content\/uploads\/2023\/05\/ordenacao_05.jpg'><img width=\"300\" height=\"300\" src=\"https:\/\/franciscanos.org.br\/noticias\/wp-content\/uploads\/2023\/05\/ordenacao_05-300x300.jpg\" class=\"attachment-thumbnail size-thumbnail\" alt=\"\" loading=\"lazy\" srcset=\"https:\/\/franciscanos.org.br\/noticias\/wp-content\/uploads\/2023\/05\/ordenacao_05-300x300.jpg 300w, https:\/\/franciscanos.org.br\/noticias\/wp-content\/uploads\/2023\/05\/ordenacao_05-100x100.jpg 100w\" sizes=\"(max-width: 300px) 100vw, 300px\" \/><\/a>\n\t\t\t<\/dt><\/dl><dl class='gallery-item'>\n\t\t\t<dt class='gallery-icon landscape'>\n\t\t\t\t<a href='https:\/\/franciscanos.org.br\/noticias\/wp-content\/uploads\/2023\/05\/ordenacao_06.jpg'><img width=\"300\" height=\"300\" src=\"https:\/\/franciscanos.org.br\/noticias\/wp-content\/uploads\/2023\/05\/ordenacao_06-300x300.jpg\" class=\"attachment-thumbnail size-thumbnail\" alt=\"\" loading=\"lazy\" srcset=\"https:\/\/franciscanos.org.br\/noticias\/wp-content\/uploads\/2023\/05\/ordenacao_06-300x300.jpg 300w, https:\/\/franciscanos.org.br\/noticias\/wp-content\/uploads\/2023\/05\/ordenacao_06-100x100.jpg 100w\" sizes=\"(max-width: 300px) 100vw, 300px\" \/><\/a>\n\t\t\t<\/dt><\/dl><dl class='gallery-item'>\n\t\t\t<dt class='gallery-icon landscape'>\n\t\t\t\t<a href='https:\/\/franciscanos.org.br\/noticias\/wp-content\/uploads\/2023\/05\/ordenacao_07.jpg'><img width=\"300\" height=\"300\" src=\"https:\/\/franciscanos.org.br\/noticias\/wp-content\/uploads\/2023\/05\/ordenacao_07-300x300.jpg\" class=\"attachment-thumbnail size-thumbnail\" alt=\"\" loading=\"lazy\" srcset=\"https:\/\/franciscanos.org.br\/noticias\/wp-content\/uploads\/2023\/05\/ordenacao_07-300x300.jpg 300w, https:\/\/franciscanos.org.br\/noticias\/wp-content\/uploads\/2023\/05\/ordenacao_07-100x100.jpg 100w\" sizes=\"(max-width: 300px) 100vw, 300px\" \/><\/a>\n\t\t\t<\/dt><\/dl><dl class='gallery-item'>\n\t\t\t<dt class='gallery-icon landscape'>\n\t\t\t\t<a href='https:\/\/franciscanos.org.br\/noticias\/wp-content\/uploads\/2023\/05\/ordenacao_08.jpg'><img width=\"300\" height=\"300\" src=\"https:\/\/franciscanos.org.br\/noticias\/wp-content\/uploads\/2023\/05\/ordenacao_08-300x300.jpg\" class=\"attachment-thumbnail size-thumbnail\" alt=\"\" loading=\"lazy\" srcset=\"https:\/\/franciscanos.org.br\/noticias\/wp-content\/uploads\/2023\/05\/ordenacao_08-300x300.jpg 300w, https:\/\/franciscanos.org.br\/noticias\/wp-content\/uploads\/2023\/05\/ordenacao_08-100x100.jpg 100w\" sizes=\"(max-width: 300px) 100vw, 300px\" \/><\/a>\n\t\t\t<\/dt><\/dl><dl class='gallery-item'>\n\t\t\t<dt class='gallery-icon landscape'>\n\t\t\t\t<a href='https:\/\/franciscanos.org.br\/noticias\/wp-content\/uploads\/2023\/05\/ordenacao_09.jpg'><img width=\"300\" height=\"300\" src=\"https:\/\/franciscanos.org.br\/noticias\/wp-content\/uploads\/2023\/05\/ordenacao_09-300x300.jpg\" class=\"attachment-thumbnail size-thumbnail\" alt=\"\" loading=\"lazy\" srcset=\"https:\/\/franciscanos.org.br\/noticias\/wp-content\/uploads\/2023\/05\/ordenacao_09-300x300.jpg 300w, https:\/\/franciscanos.org.br\/noticias\/wp-content\/uploads\/2023\/05\/ordenacao_09-100x100.jpg 100w\" sizes=\"(max-width: 300px) 100vw, 300px\" \/><\/a>\n\t\t\t<\/dt><\/dl><br style=\"clear: both\" \/>\n\t\t<\/div>\n\n<p><em>(toque nas imagens para ampli\u00e1-las)<\/em><\/p>\n<p>Ap\u00f3s a proclama\u00e7\u00e3o do Evangelho, o di\u00e1cono Frei Augusto Luiz Gabriel convidou Frei Gabriel para o Rito de elei\u00e7\u00e3o, quando foi confirmado pelo testemunho do irm\u00e3o e Definidor Provincial, Frei Daniel Dellandrea, e pela acolhida do bispo em nome da Igreja.<\/p>\n<p>Na sua homilia, o bispo agradeceu o convite para estar neste momento t\u00e3o especial na vida de Frei Gabriel. Recordou a entrevista que Frei Gabriel deu a este site e que falou do significado da ordena\u00e7\u00e3o presbiteral como servi\u00e7o. &#8220;De fato, Jesus n\u00e3o procura os s\u00e1bios, mas os dispon\u00edveis. A primeira resposta amorosa que Jesus espera de n\u00f3s, \u00e9 e sempre ser\u00e1 a disponibilidade para o seu servi\u00e7o. Com o cora\u00e7\u00e3o e os olhos fixos Nele, com a diaconia e o sacerd\u00f3cio, na miss\u00e3o evangelizadora e pastoral que te ser\u00e1 confiada, \u00e9s chamado todos os dias fazer o que Ele fez: &#8216;Se eu, vosso Senhor e Mestre, vos lavei os p\u00e9s, tamb\u00e9m v\u00f3s deveis lavar-vos os p\u00e9s uns aos outros. Dei-vos o exemplo para que, como eu vos fiz, assim fa\u00e7ais tamb\u00e9m v\u00f3s&#8217; (Jo 13, 13-15)&#8221;.<\/p>\n<p><img loading=\"lazy\" class=\"alignnone size-full wp-image-243372\" src=\"https:\/\/franciscanos.org.br\/noticias\/wp-content\/uploads\/2023\/05\/ordenacao_13.jpg\" alt=\"\" width=\"1280\" height=\"720\" srcset=\"https:\/\/franciscanos.org.br\/noticias\/wp-content\/uploads\/2023\/05\/ordenacao_13.jpg 1280w, https:\/\/franciscanos.org.br\/noticias\/wp-content\/uploads\/2023\/05\/ordenacao_13-450x253.jpg 450w, https:\/\/franciscanos.org.br\/noticias\/wp-content\/uploads\/2023\/05\/ordenacao_13-1024x576.jpg 1024w, https:\/\/franciscanos.org.br\/noticias\/wp-content\/uploads\/2023\/05\/ordenacao_13-768x432.jpg 768w, https:\/\/franciscanos.org.br\/noticias\/wp-content\/uploads\/2023\/05\/ordenacao_13-150x84.jpg 150w\" sizes=\"(max-width: 1280px) 100vw, 1280px\" \/><\/p>\n<p>&#8220;Car\u00edssimo irm\u00e3o, viva o sacerd\u00f3cio ministerial que te ser\u00e1 confiado, com cora\u00e7\u00e3o sinodal, permanecendo unido a Cristo, \u00e0 sua Igreja e \u00e0 Ordem Franciscana, conforme o ap\u00f3stolo Paulo exorta na leitura que acabamos de escutar: &#8216;Como, num s\u00f3 corpo temos muitos membros, cada qual com uma fun\u00e7\u00e3o diferente, assim n\u00f3s, embora muitos, somos em Cristo um s\u00f3 corpo e todos membros uns dos outros'&#8221;.<\/p>\n<p>O bispo pediu que Frei Gabriel permane\u00e7a fiel a Jesus e e sirva-O nos irm\u00e3os e irm\u00e3s, sobretudo, nos mais necessitados. &#8220;Fa\u00e7a isso consciente do que Ele nos diz no Evangelho: &#8216;Se algu\u00e9m me quer servir, siga-me, e onde eu estou estar\u00e1 tamb\u00e9m o meu servo. Se algu\u00e9m me serve, meu Pai o honrar\u00e1'&#8221;.<\/p>\n<p><img loading=\"lazy\" class=\"alignnone size-full wp-image-243373\" src=\"https:\/\/franciscanos.org.br\/noticias\/wp-content\/uploads\/2023\/05\/ordenacao_12.jpg\" alt=\"\" width=\"1280\" height=\"853\" srcset=\"https:\/\/franciscanos.org.br\/noticias\/wp-content\/uploads\/2023\/05\/ordenacao_12.jpg 1280w, https:\/\/franciscanos.org.br\/noticias\/wp-content\/uploads\/2023\/05\/ordenacao_12-450x300.jpg 450w, https:\/\/franciscanos.org.br\/noticias\/wp-content\/uploads\/2023\/05\/ordenacao_12-1024x682.jpg 1024w, https:\/\/franciscanos.org.br\/noticias\/wp-content\/uploads\/2023\/05\/ordenacao_12-768x512.jpg 768w, https:\/\/franciscanos.org.br\/noticias\/wp-content\/uploads\/2023\/05\/ordenacao_12-150x100.jpg 150w\" sizes=\"(max-width: 1280px) 100vw, 1280px\" \/><\/p>\n<p>&nbsp;<\/p>\n\n\t\t<style type=\"text\/css\">\n\t\t\t#gallery-2 {\n\t\t\t\tmargin: auto;\n\t\t\t}\n\t\t\t#gallery-2 .gallery-item {\n\t\t\t\tfloat: left;\n\t\t\t\tmargin-top: 10px;\n\t\t\t\ttext-align: center;\n\t\t\t\twidth: 50%;\n\t\t\t}\n\t\t\t#gallery-2 img {\n\t\t\t\tborder: 2px solid #cfcfcf;\n\t\t\t}\n\t\t\t#gallery-2 .gallery-caption {\n\t\t\t\tmargin-left: 0;\n\t\t\t}\n\t\t\t\/* see gallery_shortcode() in wp-includes\/media.php *\/\n\t\t<\/style>\n\t\t<div id='gallery-2' class='gallery galleryid-243359 gallery-columns-2 gallery-size-thumbnail'><dl class='gallery-item'>\n\t\t\t<dt class='gallery-icon landscape'>\n\t\t\t\t<a href='https:\/\/franciscanos.org.br\/noticias\/wp-content\/uploads\/2023\/05\/ordenacao_16.jpg'><img width=\"300\" height=\"300\" src=\"https:\/\/franciscanos.org.br\/noticias\/wp-content\/uploads\/2023\/05\/ordenacao_16-300x300.jpg\" class=\"attachment-thumbnail size-thumbnail\" alt=\"\" loading=\"lazy\" srcset=\"https:\/\/franciscanos.org.br\/noticias\/wp-content\/uploads\/2023\/05\/ordenacao_16-300x300.jpg 300w, https:\/\/franciscanos.org.br\/noticias\/wp-content\/uploads\/2023\/05\/ordenacao_16-100x100.jpg 100w\" sizes=\"(max-width: 300px) 100vw, 300px\" \/><\/a>\n\t\t\t<\/dt><\/dl><dl class='gallery-item'>\n\t\t\t<dt class='gallery-icon landscape'>\n\t\t\t\t<a href='https:\/\/franciscanos.org.br\/noticias\/wp-content\/uploads\/2023\/05\/ordenacao_15.jpg'><img width=\"300\" height=\"300\" src=\"https:\/\/franciscanos.org.br\/noticias\/wp-content\/uploads\/2023\/05\/ordenacao_15-300x300.jpg\" class=\"attachment-thumbnail size-thumbnail\" alt=\"\" loading=\"lazy\" srcset=\"https:\/\/franciscanos.org.br\/noticias\/wp-content\/uploads\/2023\/05\/ordenacao_15-300x300.jpg 300w, https:\/\/franciscanos.org.br\/noticias\/wp-content\/uploads\/2023\/05\/ordenacao_15-100x100.jpg 100w\" sizes=\"(max-width: 300px) 100vw, 300px\" \/><\/a>\n\t\t\t<\/dt><\/dl><br style=\"clear: both\" \/>\n\t\t<\/div>\n\n<p>E continuou: &#8220;Se Jesus te convida para estar com Ele na Cruz, para viver Nele a fecundidade da tua castidade, na obedi\u00eancia amorosa, viva a preciosidade da pobreza evang\u00e9lica como oferta de tua vida, voca\u00e7\u00e3o e miss\u00e3o&#8221;, disse, lembrando: &#8220;Se o gr\u00e3o de trigo que cai na terra n\u00e3o morre, ele continua s\u00f3 um gr\u00e3o de trigo; mas se morre, ent\u00e3o produz muito fruto&#8221;.<\/p>\n<p>Dom On\u00e9cimo falou do lema de ordena\u00e7\u00e3o, extra\u00eddo da ora\u00e7\u00e3o de S\u00e3o Francisco diante do crucifixo de S\u00e3o Dami\u00e3o: &#8220;Grande e magn\u00edfico Deus, meu Senhor Jesus Cristo, iluminai o meu esp\u00edrito e dissipai as trevas da minha alma. Dai-me uma f\u00e9 reta, uma esperan\u00e7a certa e uma caridade perfeita. Concedei meu Deus, que eu vos conhe\u00e7a muito, para poder agir sempre segundo os vossos ensinamentos e de acordo com a vossa Sant\u00edssima Vontade&#8221;.<\/p>\n<p><img loading=\"lazy\" class=\"alignnone size-full wp-image-243376\" src=\"https:\/\/franciscanos.org.br\/noticias\/wp-content\/uploads\/2023\/05\/ordenacao_17.jpg\" alt=\"\" width=\"1280\" height=\"1399\" srcset=\"https:\/\/franciscanos.org.br\/noticias\/wp-content\/uploads\/2023\/05\/ordenacao_17.jpg 988w, https:\/\/franciscanos.org.br\/noticias\/wp-content\/uploads\/2023\/05\/ordenacao_17-412x450.jpg 412w, https:\/\/franciscanos.org.br\/noticias\/wp-content\/uploads\/2023\/05\/ordenacao_17-937x1024.jpg 937w, https:\/\/franciscanos.org.br\/noticias\/wp-content\/uploads\/2023\/05\/ordenacao_17-768x839.jpg 768w, https:\/\/franciscanos.org.br\/noticias\/wp-content\/uploads\/2023\/05\/ordenacao_17-150x164.jpg 150w\" sizes=\"(max-width: 1280px) 100vw, 1280px\" \/><\/p>\n<p>&#8220;Na presen\u00e7a de Deus, seja esta ora\u00e7\u00e3o vivida por ti todos os dias, e diante do crucifixo de S\u00e3o Dami\u00e3o, como Francisco, continue a obra de edifica\u00e7\u00e3o de sua morada em ti, para edificar com tua vida, voca\u00e7\u00e3o e miss\u00e3o a Igreja de seu filho Jesus&#8221;, pediu.<\/p>\n<p>&#8220;Que Maria M\u00e3e de Jesus, M\u00e3e da Igreja, dos vocacionados e dos sacerdotes, seja para ti modelo de quem procurou em tudo, fazer a vontade de Deus. Assim seja!&#8221;, concluiu.<\/p>\n<p><img loading=\"lazy\" class=\"alignnone size-full wp-image-243377\" src=\"https:\/\/franciscanos.org.br\/noticias\/wp-content\/uploads\/2023\/05\/ordenacao_37.jpg\" alt=\"\" width=\"1244\" height=\"829\" srcset=\"https:\/\/franciscanos.org.br\/noticias\/wp-content\/uploads\/2023\/05\/ordenacao_37.jpg 1244w, https:\/\/franciscanos.org.br\/noticias\/wp-content\/uploads\/2023\/05\/ordenacao_37-450x300.jpg 450w, https:\/\/franciscanos.org.br\/noticias\/wp-content\/uploads\/2023\/05\/ordenacao_37-1024x682.jpg 1024w, https:\/\/franciscanos.org.br\/noticias\/wp-content\/uploads\/2023\/05\/ordenacao_37-768x512.jpg 768w, https:\/\/franciscanos.org.br\/noticias\/wp-content\/uploads\/2023\/05\/ordenacao_37-150x100.jpg 150w\" sizes=\"(max-width: 1244px) 100vw, 1244px\" \/><\/p>\n\n\t\t<style type=\"text\/css\">\n\t\t\t#gallery-3 {\n\t\t\t\tmargin: auto;\n\t\t\t}\n\t\t\t#gallery-3 .gallery-item {\n\t\t\t\tfloat: left;\n\t\t\t\tmargin-top: 10px;\n\t\t\t\ttext-align: center;\n\t\t\t\twidth: 33%;\n\t\t\t}\n\t\t\t#gallery-3 img {\n\t\t\t\tborder: 2px solid #cfcfcf;\n\t\t\t}\n\t\t\t#gallery-3 .gallery-caption {\n\t\t\t\tmargin-left: 0;\n\t\t\t}\n\t\t\t\/* see gallery_shortcode() in wp-includes\/media.php *\/\n\t\t<\/style>\n\t\t<div id='gallery-3' class='gallery galleryid-243359 gallery-columns-3 gallery-size-thumbnail'><dl class='gallery-item'>\n\t\t\t<dt class='gallery-icon portrait'>\n\t\t\t\t<a href='https:\/\/franciscanos.org.br\/noticias\/wp-content\/uploads\/2023\/05\/ordenacao_18.jpg'><img width=\"300\" height=\"300\" src=\"https:\/\/franciscanos.org.br\/noticias\/wp-content\/uploads\/2023\/05\/ordenacao_18-300x300.jpg\" class=\"attachment-thumbnail size-thumbnail\" alt=\"\" loading=\"lazy\" srcset=\"https:\/\/franciscanos.org.br\/noticias\/wp-content\/uploads\/2023\/05\/ordenacao_18-300x300.jpg 300w, https:\/\/franciscanos.org.br\/noticias\/wp-content\/uploads\/2023\/05\/ordenacao_18-100x100.jpg 100w\" sizes=\"(max-width: 300px) 100vw, 300px\" \/><\/a>\n\t\t\t<\/dt><\/dl><dl class='gallery-item'>\n\t\t\t<dt class='gallery-icon portrait'>\n\t\t\t\t<a href='https:\/\/franciscanos.org.br\/noticias\/wp-content\/uploads\/2023\/05\/ordenacao_19.jpg'><img width=\"300\" height=\"300\" src=\"https:\/\/franciscanos.org.br\/noticias\/wp-content\/uploads\/2023\/05\/ordenacao_19-300x300.jpg\" class=\"attachment-thumbnail size-thumbnail\" alt=\"\" loading=\"lazy\" srcset=\"https:\/\/franciscanos.org.br\/noticias\/wp-content\/uploads\/2023\/05\/ordenacao_19-300x300.jpg 300w, https:\/\/franciscanos.org.br\/noticias\/wp-content\/uploads\/2023\/05\/ordenacao_19-100x100.jpg 100w\" sizes=\"(max-width: 300px) 100vw, 300px\" \/><\/a>\n\t\t\t<\/dt><\/dl><dl class='gallery-item'>\n\t\t\t<dt class='gallery-icon portrait'>\n\t\t\t\t<a href='https:\/\/franciscanos.org.br\/noticias\/wp-content\/uploads\/2023\/05\/ordenacao_20.jpg'><img width=\"300\" height=\"300\" src=\"https:\/\/franciscanos.org.br\/noticias\/wp-content\/uploads\/2023\/05\/ordenacao_20-300x300.jpg\" class=\"attachment-thumbnail size-thumbnail\" alt=\"\" loading=\"lazy\" srcset=\"https:\/\/franciscanos.org.br\/noticias\/wp-content\/uploads\/2023\/05\/ordenacao_20-300x300.jpg 300w, https:\/\/franciscanos.org.br\/noticias\/wp-content\/uploads\/2023\/05\/ordenacao_20-100x100.jpg 100w\" sizes=\"(max-width: 300px) 100vw, 300px\" \/><\/a>\n\t\t\t<\/dt><\/dl><br style=\"clear: both\" \/>\n\t\t<\/div>\n\n<p><em>(toque nas imagens menores para ampli\u00e1-las)<\/em><\/p>\n<p>Na continuidade do rito, o bispo convidou, ent\u00e3o, o eleito a declarar perante a Igreja seu prop\u00f3sito de desempenhar sempre a miss\u00e3o de presb\u00edtero, pelo minist\u00e9rio da Palavra, pela celebra\u00e7\u00e3o da Eucaristia e da reconcilia\u00e7\u00e3o, pela fidelidade ass\u00eddua ao dever da ora\u00e7\u00e3o e pela entrega pessoal a exemplo do Cristo Senhor. Diante da Igreja e no di\u00e1logo com o bispo, Frei Gabriel disse sim ao minist\u00e9rio presbiteral, suas fun\u00e7\u00f5es e seu modo de vida. Ent\u00e3o, ele se prostrou ao ch\u00e3o, como sinal de total entrega a Deus, enquanto Frei Gustavo Medella iniciou a Ladainha de Todos os Santos, implorando ao Senhor a gra\u00e7a para aquele que ser\u00e1 ordenado.<\/p>\n<p>No momento central, Frei Gabriel se colocou de joelhos e, em sil\u00eancio, bispo e presb\u00edteros impuseram as m\u00e3os sobre ele, seguindo a prece de ordena\u00e7\u00e3o feita pelo bispo.<\/p>\n<p><img loading=\"lazy\" class=\"alignnone size-full wp-image-243381\" src=\"https:\/\/franciscanos.org.br\/noticias\/wp-content\/uploads\/2023\/05\/ordenacao_24.jpg\" alt=\"\" width=\"1280\" height=\"890\" srcset=\"https:\/\/franciscanos.org.br\/noticias\/wp-content\/uploads\/2023\/05\/ordenacao_24.jpg 1280w, https:\/\/franciscanos.org.br\/noticias\/wp-content\/uploads\/2023\/05\/ordenacao_24-450x313.jpg 450w, https:\/\/franciscanos.org.br\/noticias\/wp-content\/uploads\/2023\/05\/ordenacao_24-1024x712.jpg 1024w, https:\/\/franciscanos.org.br\/noticias\/wp-content\/uploads\/2023\/05\/ordenacao_24-768x534.jpg 768w, https:\/\/franciscanos.org.br\/noticias\/wp-content\/uploads\/2023\/05\/ordenacao_24-150x104.jpg 150w\" sizes=\"(max-width: 1280px) 100vw, 1280px\" \/><\/p>\n\n\t\t<style type=\"text\/css\">\n\t\t\t#gallery-4 {\n\t\t\t\tmargin: auto;\n\t\t\t}\n\t\t\t#gallery-4 .gallery-item {\n\t\t\t\tfloat: left;\n\t\t\t\tmargin-top: 10px;\n\t\t\t\ttext-align: center;\n\t\t\t\twidth: 33%;\n\t\t\t}\n\t\t\t#gallery-4 img {\n\t\t\t\tborder: 2px solid #cfcfcf;\n\t\t\t}\n\t\t\t#gallery-4 .gallery-caption {\n\t\t\t\tmargin-left: 0;\n\t\t\t}\n\t\t\t\/* see gallery_shortcode() in wp-includes\/media.php *\/\n\t\t<\/style>\n\t\t<div id='gallery-4' class='gallery galleryid-243359 gallery-columns-3 gallery-size-thumbnail'><dl class='gallery-item'>\n\t\t\t<dt class='gallery-icon landscape'>\n\t\t\t\t<a href='https:\/\/franciscanos.org.br\/noticias\/wp-content\/uploads\/2023\/05\/ordenacao_21.jpg'><img width=\"300\" height=\"300\" src=\"https:\/\/franciscanos.org.br\/noticias\/wp-content\/uploads\/2023\/05\/ordenacao_21-300x300.jpg\" class=\"attachment-thumbnail size-thumbnail\" alt=\"\" loading=\"lazy\" srcset=\"https:\/\/franciscanos.org.br\/noticias\/wp-content\/uploads\/2023\/05\/ordenacao_21-300x300.jpg 300w, https:\/\/franciscanos.org.br\/noticias\/wp-content\/uploads\/2023\/05\/ordenacao_21-100x100.jpg 100w\" sizes=\"(max-width: 300px) 100vw, 300px\" \/><\/a>\n\t\t\t<\/dt><\/dl><dl class='gallery-item'>\n\t\t\t<dt class='gallery-icon landscape'>\n\t\t\t\t<a href='https:\/\/franciscanos.org.br\/noticias\/wp-content\/uploads\/2023\/05\/ordenacao_22.jpg'><img width=\"300\" height=\"300\" src=\"https:\/\/franciscanos.org.br\/noticias\/wp-content\/uploads\/2023\/05\/ordenacao_22-300x300.jpg\" class=\"attachment-thumbnail size-thumbnail\" alt=\"\" loading=\"lazy\" srcset=\"https:\/\/franciscanos.org.br\/noticias\/wp-content\/uploads\/2023\/05\/ordenacao_22-300x300.jpg 300w, https:\/\/franciscanos.org.br\/noticias\/wp-content\/uploads\/2023\/05\/ordenacao_22-100x100.jpg 100w\" sizes=\"(max-width: 300px) 100vw, 300px\" \/><\/a>\n\t\t\t<\/dt><\/dl><dl class='gallery-item'>\n\t\t\t<dt class='gallery-icon landscape'>\n\t\t\t\t<a href='https:\/\/franciscanos.org.br\/noticias\/wp-content\/uploads\/2023\/05\/ordenacao_23.jpg'><img width=\"300\" height=\"300\" src=\"https:\/\/franciscanos.org.br\/noticias\/wp-content\/uploads\/2023\/05\/ordenacao_23-300x300.jpg\" class=\"attachment-thumbnail size-thumbnail\" alt=\"\" loading=\"lazy\" srcset=\"https:\/\/franciscanos.org.br\/noticias\/wp-content\/uploads\/2023\/05\/ordenacao_23-300x300.jpg 300w, https:\/\/franciscanos.org.br\/noticias\/wp-content\/uploads\/2023\/05\/ordenacao_23-100x100.jpg 100w\" sizes=\"(max-width: 300px) 100vw, 300px\" \/><\/a>\n\t\t\t<\/dt><\/dl><br style=\"clear: both\" \/>\n\t\t<\/div>\n\n<p>De p\u00e9, o ordenado foi revestido por seu irm\u00e3o Frei Daniel, por Frei Augusto Luiz Gabriel e Frei Roger Strapazzon (confrades de turma) com a estola, sinal de seu servi\u00e7o, e a casula, a veste pr\u00f3pria do pastor. Teve as suas m\u00e3os ungidas e amarradas com uma fita, que foram desatadas pelos pais, Terezinha e S\u00e9rgio. Eles, assim como Frei Daniel, o irm\u00e3o Elton, a cunhada Carolina e as pequenas sobrinhas receberam a primeira b\u00ean\u00e7\u00e3o presbiteral de Frei Gabriel. Dom On\u00e9cimo, a seguir, lhe entregou a patena e o c\u00e1lice, exortando-o a conformar-se ao mist\u00e9rio da Cruz do Senhor, pondo em pr\u00e1tica o que vai celebrar.<\/p>\n<p>Recebido o abra\u00e7o de todos os presb\u00edteros, com quem dividir\u00e1 o minist\u00e9rio, e confrades presentes, Frei Gabriel subiu ao presbit\u00e9rio para concelebrar pela primeira vez a liturgia Eucar\u00edstica.<\/p>\n<p>Ao t\u00e9rmino da qual, fizeram seus agradecimentos o representante da Comunidade, o Ministro provincial e o ordenado.<\/p>\n<p>&nbsp;<\/p>\n<p><img loading=\"lazy\" class=\"alignnone size-full wp-image-243386\" src=\"https:\/\/franciscanos.org.br\/noticias\/wp-content\/uploads\/2023\/05\/ordenacao_25.jpg\" alt=\"\" width=\"1280\" height=\"853\" srcset=\"https:\/\/franciscanos.org.br\/noticias\/wp-content\/uploads\/2023\/05\/ordenacao_25.jpg 1280w, https:\/\/franciscanos.org.br\/noticias\/wp-content\/uploads\/2023\/05\/ordenacao_25-450x300.jpg 450w, https:\/\/franciscanos.org.br\/noticias\/wp-content\/uploads\/2023\/05\/ordenacao_25-1024x682.jpg 1024w, https:\/\/franciscanos.org.br\/noticias\/wp-content\/uploads\/2023\/05\/ordenacao_25-768x512.jpg 768w, https:\/\/franciscanos.org.br\/noticias\/wp-content\/uploads\/2023\/05\/ordenacao_25-150x100.jpg 150w\" sizes=\"(max-width: 1280px) 100vw, 1280px\" \/><\/p>\n<p><img loading=\"lazy\" class=\"alignnone size-full wp-image-243387\" src=\"https:\/\/franciscanos.org.br\/noticias\/wp-content\/uploads\/2023\/05\/ordenacao_27.jpg\" alt=\"\" width=\"1280\" height=\"853\" srcset=\"https:\/\/franciscanos.org.br\/noticias\/wp-content\/uploads\/2023\/05\/ordenacao_27.jpg 1280w, https:\/\/franciscanos.org.br\/noticias\/wp-content\/uploads\/2023\/05\/ordenacao_27-450x300.jpg 450w, https:\/\/franciscanos.org.br\/noticias\/wp-content\/uploads\/2023\/05\/ordenacao_27-1024x682.jpg 1024w, https:\/\/franciscanos.org.br\/noticias\/wp-content\/uploads\/2023\/05\/ordenacao_27-768x512.jpg 768w, https:\/\/franciscanos.org.br\/noticias\/wp-content\/uploads\/2023\/05\/ordenacao_27-150x100.jpg 150w\" sizes=\"(max-width: 1280px) 100vw, 1280px\" \/><\/p>\n<p><img loading=\"lazy\" class=\"alignnone size-full wp-image-243388\" src=\"https:\/\/franciscanos.org.br\/noticias\/wp-content\/uploads\/2023\/05\/ordenacao_28.jpg\" alt=\"\" width=\"1280\" height=\"825\" srcset=\"https:\/\/franciscanos.org.br\/noticias\/wp-content\/uploads\/2023\/05\/ordenacao_28.jpg 1280w, https:\/\/franciscanos.org.br\/noticias\/wp-content\/uploads\/2023\/05\/ordenacao_28-450x290.jpg 450w, https:\/\/franciscanos.org.br\/noticias\/wp-content\/uploads\/2023\/05\/ordenacao_28-1024x660.jpg 1024w, https:\/\/franciscanos.org.br\/noticias\/wp-content\/uploads\/2023\/05\/ordenacao_28-768x495.jpg 768w, https:\/\/franciscanos.org.br\/noticias\/wp-content\/uploads\/2023\/05\/ordenacao_28-150x97.jpg 150w\" sizes=\"(max-width: 1280px) 100vw, 1280px\" \/><\/p>\n<p>Em nome do Conselho Paroquial da Par\u00f3quia S\u00e3o Francisco de Assis, Valcir Ferrari agradeceu a Dom On\u00e9cimo, aos frades em nome do Ministro Provincial, Frei Paulo Roberto, \u00e0s Irm\u00e3s Catequistas, aos paroquianos e aos mission\u00e1rios. &#8220;Um agradecimento especial ao &#8216;sim&#8217; de Frei Gabriel, \u00e0 sua fam\u00edlia pela gra\u00e7a de ter mais um filho presb\u00edtero. Atrav\u00e9s de nossas ora\u00e7\u00f5es, possam alcan\u00e7ar todos os santos e santas para que interceda junto a Deus e para que d\u00ea a Frei Gabriel discernimento e coragem para conduzir o seu rebanho at\u00e9 Deus, o nosso Pai&#8221;, disse.<\/p>\n<p><img loading=\"lazy\" class=\"alignnone size-full wp-image-243389\" src=\"https:\/\/franciscanos.org.br\/noticias\/wp-content\/uploads\/2023\/05\/ordenacao_30.jpg\" alt=\"\" width=\"1280\" height=\"853\" srcset=\"https:\/\/franciscanos.org.br\/noticias\/wp-content\/uploads\/2023\/05\/ordenacao_30.jpg 1280w, https:\/\/franciscanos.org.br\/noticias\/wp-content\/uploads\/2023\/05\/ordenacao_30-450x300.jpg 450w, https:\/\/franciscanos.org.br\/noticias\/wp-content\/uploads\/2023\/05\/ordenacao_30-1024x682.jpg 1024w, https:\/\/franciscanos.org.br\/noticias\/wp-content\/uploads\/2023\/05\/ordenacao_30-768x512.jpg 768w, https:\/\/franciscanos.org.br\/noticias\/wp-content\/uploads\/2023\/05\/ordenacao_30-150x100.jpg 150w\" sizes=\"(max-width: 1280px) 100vw, 1280px\" \/><\/p>\n<p>O Ministro Provincial disse que quando a Fraternidade elege um irm\u00e3o para assumir o minist\u00e9rio presbiteral, ela conta com o esfor\u00e7o de muita gente. E agradeceu a todos os formadores e professores da Prov\u00edncia. &#8220;Quando o Frei Gabriel, no alto da sua juventude, sorrindo em simpatia, diz &#8216;eu quero fazer parte desta miss\u00e3o&#8217;, eu tenho certeza que n\u00f3s todos nos animamos&#8221;, disse, mesmo os s\u00eaniores Frei Tarc\u00edsio Theiss e Frei Jos\u00e9 Bertoldi. &#8220;Todos n\u00f3s nos alegramos e todos n\u00f3s dizemos vale a pena. E por isso esta Semana Mission\u00e1ria, tenho certeza, preencheu os cora\u00e7\u00f5es das fam\u00edlias que nos acolheram. Nessa certeza, vale a pena, vale a pena ouvir o Senhor, vale a pena colocar os nossos passos nas pegadas de Jesus Cristo e sair anunciando ao mundo inteiro o Evangelho da Paz e do Bem&#8221;, acrescentou Frei Paulo<\/p>\n<p><img loading=\"lazy\" class=\"alignnone size-full wp-image-243390\" src=\"https:\/\/franciscanos.org.br\/noticias\/wp-content\/uploads\/2023\/05\/ordenacao_32.jpg\" alt=\"\" width=\"1280\" height=\"1161\" srcset=\"https:\/\/franciscanos.org.br\/noticias\/wp-content\/uploads\/2023\/05\/ordenacao_32.jpg 1191w, https:\/\/franciscanos.org.br\/noticias\/wp-content\/uploads\/2023\/05\/ordenacao_32-450x408.jpg 450w, https:\/\/franciscanos.org.br\/noticias\/wp-content\/uploads\/2023\/05\/ordenacao_32-1024x929.jpg 1024w, https:\/\/franciscanos.org.br\/noticias\/wp-content\/uploads\/2023\/05\/ordenacao_32-768x697.jpg 768w, https:\/\/franciscanos.org.br\/noticias\/wp-content\/uploads\/2023\/05\/ordenacao_32-150x136.jpg 150w\" sizes=\"(max-width: 1280px) 100vw, 1280px\" \/><\/p>\n<p>E dirigindo-se a Frei Gabriel, apontou para os frades. &#8220;Quanta gente voc\u00ea pode contar! S\u00e3o os frades, seus irm\u00e3os. S\u00e3o padres que, com voc\u00ea, formam o Col\u00e9gio dos Presb\u00edteros. E o bispo, que, com tanta paternidade, nos acolheu e fez voc\u00ea um servidor da Palavra, fez voc\u00ea uma pessoa disposta a lavar os p\u00e9s, sobretudo daqueles que mais sofrem.\u00a0 N\u00f3s nos alegramos muito com o seu &#8216;sim&#8217;. E aqui nesta casa, o &#8216;sim&#8217; das Irm\u00e3s Catequistas. Mulheres com coragem que, olhando a realidade e vendo a necessidade, disseram sim. Sa\u00edram pelo mundo vivendo em fraternidade, inspiradas em Clara e Francisco de Assis&#8221;, emendou.<\/p>\n\n\t\t<style type=\"text\/css\">\n\t\t\t#gallery-5 {\n\t\t\t\tmargin: auto;\n\t\t\t}\n\t\t\t#gallery-5 .gallery-item {\n\t\t\t\tfloat: left;\n\t\t\t\tmargin-top: 10px;\n\t\t\t\ttext-align: center;\n\t\t\t\twidth: 33%;\n\t\t\t}\n\t\t\t#gallery-5 img {\n\t\t\t\tborder: 2px solid #cfcfcf;\n\t\t\t}\n\t\t\t#gallery-5 .gallery-caption {\n\t\t\t\tmargin-left: 0;\n\t\t\t}\n\t\t\t\/* see gallery_shortcode() in wp-includes\/media.php *\/\n\t\t<\/style>\n\t\t<div id='gallery-5' class='gallery galleryid-243359 gallery-columns-3 gallery-size-thumbnail'><dl class='gallery-item'>\n\t\t\t<dt class='gallery-icon landscape'>\n\t\t\t\t<a href='https:\/\/franciscanos.org.br\/noticias\/wp-content\/uploads\/2023\/05\/ordenacao_36.jpg'><img width=\"300\" height=\"300\" src=\"https:\/\/franciscanos.org.br\/noticias\/wp-content\/uploads\/2023\/05\/ordenacao_36-300x300.jpg\" class=\"attachment-thumbnail size-thumbnail\" alt=\"\" loading=\"lazy\" srcset=\"https:\/\/franciscanos.org.br\/noticias\/wp-content\/uploads\/2023\/05\/ordenacao_36-300x300.jpg 300w, https:\/\/franciscanos.org.br\/noticias\/wp-content\/uploads\/2023\/05\/ordenacao_36-100x100.jpg 100w\" sizes=\"(max-width: 300px) 100vw, 300px\" \/><\/a>\n\t\t\t<\/dt><\/dl><dl class='gallery-item'>\n\t\t\t<dt class='gallery-icon landscape'>\n\t\t\t\t<a href='https:\/\/franciscanos.org.br\/noticias\/wp-content\/uploads\/2023\/05\/ordenacao_38.jpg'><img width=\"300\" height=\"300\" src=\"https:\/\/franciscanos.org.br\/noticias\/wp-content\/uploads\/2023\/05\/ordenacao_38-300x300.jpg\" class=\"attachment-thumbnail size-thumbnail\" alt=\"\" loading=\"lazy\" srcset=\"https:\/\/franciscanos.org.br\/noticias\/wp-content\/uploads\/2023\/05\/ordenacao_38-300x300.jpg 300w, https:\/\/franciscanos.org.br\/noticias\/wp-content\/uploads\/2023\/05\/ordenacao_38-100x100.jpg 100w\" sizes=\"(max-width: 300px) 100vw, 300px\" \/><\/a>\n\t\t\t<\/dt><\/dl><dl class='gallery-item'>\n\t\t\t<dt class='gallery-icon landscape'>\n\t\t\t\t<a href='https:\/\/franciscanos.org.br\/noticias\/wp-content\/uploads\/2023\/05\/ordenacao_39.jpg'><img width=\"300\" height=\"300\" src=\"https:\/\/franciscanos.org.br\/noticias\/wp-content\/uploads\/2023\/05\/ordenacao_39-300x300.jpg\" class=\"attachment-thumbnail size-thumbnail\" alt=\"\" loading=\"lazy\" srcset=\"https:\/\/franciscanos.org.br\/noticias\/wp-content\/uploads\/2023\/05\/ordenacao_39-300x300.jpg 300w, https:\/\/franciscanos.org.br\/noticias\/wp-content\/uploads\/2023\/05\/ordenacao_39-100x100.jpg 100w\" sizes=\"(max-width: 300px) 100vw, 300px\" \/><\/a>\n\t\t\t<\/dt><\/dl><br style=\"clear: both\" \/>\n\t\t<\/div>\n\n<p><em>(toque nas imagens para ampli\u00e1-las)<\/em><\/p>\n<p>Ao povo de Deus disse que tinha uma palavra: gratid\u00e3o. &#8220;A todos que fazem parte desta caminhada, tenho um pedido: rezem por n\u00f3s. Rezem pelo Frei Gabriel, rezem por cada frei, cada Irm\u00e3 Catequista, rezem pela Igreja para que a gente tenha coragem necess\u00e1ria de anunciar com profecia, com empenho, o Evangelho de Nosso Senhor Jesus Cristo&#8221;, pediu.<\/p>\n<p>Frei Gabriel contou que seus pais gostam de costurar, mas que ele e o Frei Daniel n\u00e3o t\u00eam esse dom. &#8220;Mas nesse pouco tempo de vida religiosa, aprendi que temos de fazer sempre uma costura. N\u00f3s somos uma costura de hist\u00f3rias, de pessoas, de aprendizados. E apesar de ficarmos mais unidos quando costuramos novas coisas, costurar fere. A agulha para unir uma parte \u00e0 outra, precisa ferir a pe\u00e7a. Por isso, n\u00f3s tamb\u00e9m, na nossa caminhada de f\u00e9, nos unimos e nos ferimos. Por isso, desde j\u00e1, no in\u00edcio deste minist\u00e9rio, pe\u00e7o perd\u00e3o se eu vier a decepcionar algu\u00e9m ou n\u00e3o vier exercer bem o minist\u00e9rio. Mas eu gostaria de fazer estes trabalhos com a ajuda dos meus confrades. Costurar \u00e9 unir partes. E como \u00e9 necess\u00e1rio unir partes. Estamos desunidos por muito pouca coisa&#8221;, observou.<\/p>\n<p>&nbsp;<\/p>\n<p><img loading=\"lazy\" class=\"alignnone size-full wp-image-243395\" src=\"https:\/\/franciscanos.org.br\/noticias\/wp-content\/uploads\/2023\/05\/ordenacao_42.jpg\" alt=\"\" width=\"1280\" height=\"720\" srcset=\"https:\/\/franciscanos.org.br\/noticias\/wp-content\/uploads\/2023\/05\/ordenacao_42.jpg 1280w, https:\/\/franciscanos.org.br\/noticias\/wp-content\/uploads\/2023\/05\/ordenacao_42-450x253.jpg 450w, https:\/\/franciscanos.org.br\/noticias\/wp-content\/uploads\/2023\/05\/ordenacao_42-1024x576.jpg 1024w, https:\/\/franciscanos.org.br\/noticias\/wp-content\/uploads\/2023\/05\/ordenacao_42-768x432.jpg 768w, https:\/\/franciscanos.org.br\/noticias\/wp-content\/uploads\/2023\/05\/ordenacao_42-150x84.jpg 150w\" sizes=\"(max-width: 1280px) 100vw, 1280px\" \/><\/p>\n<p>&#8220;Por isso, eu quero costurar. Minha vida, minha Ordem. Agrade\u00e7o a todos que est\u00e3o aqui, de perto e de longe que testemunharam este momento. N\u00e3o vou mencionar nomes e lugares para n\u00e3o faltar com ningu\u00e9m. Mas tamb\u00e9m preciso agradecer nominalmente ao p\u00e1roco Frei Jo\u00e3o Miguel, que preparou toda essa Semana e essas celebra\u00e7\u00f5es, e a Comunidade Rodeio 50. Quero agradecer aos meus familiares, que s\u00e3o a base para a minha vida. Agrade\u00e7o aos amigos e confrades e, agradecendo aos confrades, agrade\u00e7o nominalmente ao Frei Paulo, que foi o meu primeiro formador e me ensinou uma frase bonita: &#8220;Quem tem dom, passa bem&#8221;, revelou.<\/p>\n<p>Por \u00faltimo, agradeceu a Dom On\u00e9cimo por ter aceitado presidir esta celebra\u00e7\u00e3o. &#8220;J\u00e1 imaginava a sua paternidade, e pude confirmar isso pessoalmente&#8221;, confessou.<\/p>\n<p><img loading=\"lazy\" class=\"alignnone size-full wp-image-243394\" src=\"https:\/\/franciscanos.org.br\/noticias\/wp-content\/uploads\/2023\/05\/ordenacao_40.jpg\" alt=\"\" width=\"1280\" height=\"853\" srcset=\"https:\/\/franciscanos.org.br\/noticias\/wp-content\/uploads\/2023\/05\/ordenacao_40.jpg 1280w, https:\/\/franciscanos.org.br\/noticias\/wp-content\/uploads\/2023\/05\/ordenacao_40-450x300.jpg 450w, https:\/\/franciscanos.org.br\/noticias\/wp-content\/uploads\/2023\/05\/ordenacao_40-1024x682.jpg 1024w, https:\/\/franciscanos.org.br\/noticias\/wp-content\/uploads\/2023\/05\/ordenacao_40-768x512.jpg 768w, https:\/\/franciscanos.org.br\/noticias\/wp-content\/uploads\/2023\/05\/ordenacao_40-150x100.jpg 150w\" sizes=\"(max-width: 1280px) 100vw, 1280px\" \/><\/p>\n<p>Dom On\u00e9cimo, por sua vez, agradeceu por esse momento t\u00e3o especial. Ele tamb\u00e9m fez um agradecimento \u00e0 Prov\u00edncia Franciscana da Imaculada Concei\u00e7\u00e3o: &#8220;Quero agradecer imensamente \u00e0 Ordem Franciscana. E eu sou grato porque antes de ser Diocese, os franciscanos aqui j\u00e1 estavam. Ent\u00e3o, a base da espiritualidade franciscana perpassa em muitas par\u00f3quias da nossa Diocese e se constituem em muitas comunidades que foram atendidas espiritualmente e acompanhadas pelos sacramentos, pelo testemunho da vida de tantos frades que nos antecederam e que faz parte da hist\u00f3ria da Igreja de Rio de Sul. Pe\u00e7o a Deus que sempre aben\u00e7oe a Ordem Franciscana aqui na Diocese, presente tamb\u00e9m em Ituporanga e tamb\u00e9m em todas as diversas realidades em nosso pa\u00eds. Que Deus nos aben\u00e7oe e que a fecundidade vocacional possa sempre suscitar a vida nova com o cora\u00e7\u00e3o hoje agradecido por esse mais novo irm\u00e3o em Cristo&#8221;.<\/p>\n<p><img loading=\"lazy\" class=\"alignnone size-full wp-image-243396\" src=\"https:\/\/franciscanos.org.br\/noticias\/wp-content\/uploads\/2023\/05\/ordenacao_43.jpg\" alt=\"\" width=\"1280\" height=\"853\" srcset=\"https:\/\/franciscanos.org.br\/noticias\/wp-content\/uploads\/2023\/05\/ordenacao_43.jpg 1280w, https:\/\/franciscanos.org.br\/noticias\/wp-content\/uploads\/2023\/05\/ordenacao_43-450x300.jpg 450w, https:\/\/franciscanos.org.br\/noticias\/wp-content\/uploads\/2023\/05\/ordenacao_43-1024x682.jpg 1024w, https:\/\/franciscanos.org.br\/noticias\/wp-content\/uploads\/2023\/05\/ordenacao_43-768x512.jpg 768w, https:\/\/franciscanos.org.br\/noticias\/wp-content\/uploads\/2023\/05\/ordenacao_43-150x100.jpg 150w\" sizes=\"(max-width: 1280px) 100vw, 1280px\" \/><\/p>\n<p>Frei Gabriel vai presidir a Primeira Missa neste domingo, 21 de maio, \u00e0s 10 horas, na Igreja Matriz S\u00e3o Francisco de Assis de Rodeio.<\/p>\n<hr \/>\n<p><strong>VEJA O V\u00cdDEO COM OS MELHORES MOMENTOS<\/strong><\/p>\n<p><iframe loading=\"lazy\" title=\"YouTube video player\" src=\"https:\/\/www.youtube.com\/embed\/Hu2o01ISZzU\" width=\"100%\" height=\"480\" frameborder=\"0\" allowfullscreen=\"allowfullscreen\"><span data-mce-type=\"bookmark\" style=\"display: inline-block; width: 0px; overflow: hidden; line-height: 0;\" class=\"mce_SELRES_start\">\ufeff<\/span><\/iframe><\/p>\n<hr \/>\n<p><em>Frei Roger Strapazzon e Moacir Beggo<\/em><\/p>\n","protected":false},"excerpt":{"rendered":"<p>Ordena\u00e7\u00e3o de Frei Gabriel Dellandrea<\/p>\n","protected":false},"author":3,"featured_media":243360,"comment_status":"open","ping_status":"open","sticky":false,"template":"","format":"standard","meta":[],"categories":[1],"tags":[2134,2056],"acf":[],"yoast_head":"<!-- This site is optimized with the Yoast SEO plugin v19.2 - https:\/\/yoast.com\/wordpress\/plugins\/seo\/ -->\n<title>Dom On\u00e9cimo a Frei Gabriel: &quot;Viva o sacerd\u00f3cio ministerial com cora\u00e7\u00e3o sinodal&quot; - Not\u00edcias - Franciscanos<\/title>\n<meta name=\"robots\" content=\"index, follow, max-snippet:-1, max-image-preview:large, max-video-preview:-1\" \/>\n<link rel=\"canonical\" href=\"https:\/\/franciscanos.org.br\/noticias\/dom-onecimo-a-frei-gabriel-viva-o-sacerdocio-ministerial-com-coracao-sinodal.html\" \/>\n<meta property=\"og:locale\" content=\"pt_BR\" \/>\n<meta property=\"og:type\" content=\"article\" \/>\n<meta property=\"og:title\" content=\"Dom On\u00e9cimo a Frei Gabriel: &quot;Viva o sacerd\u00f3cio ministerial com cora\u00e7\u00e3o sinodal&quot; - Not\u00edcias - Franciscanos\" \/>\n<meta property=\"og:description\" content=\"Ordena\u00e7\u00e3o de Frei Gabriel Dellandrea\" \/>\n<meta property=\"og:url\" content=\"https:\/\/franciscanos.org.br\/noticias\/dom-onecimo-a-frei-gabriel-viva-o-sacerdocio-ministerial-com-coracao-sinodal.html\" \/>\n<meta property=\"og:site_name\" content=\"Not\u00edcias - Franciscanos\" \/>\n<meta property=\"article:published_time\" content=\"2023-05-21T02:06:52+00:00\" \/>\n<meta property=\"article:modified_time\" content=\"2025-03-10T18:35:41+00:00\" \/>\n<meta property=\"og:image\" content=\"https:\/\/franciscanos.org.br\/noticias\/wp-content\/uploads\/2023\/05\/alto.jpg\" \/>\n\t<meta property=\"og:image:width\" content=\"1280\" \/>\n\t<meta property=\"og:image:height\" content=\"720\" \/>\n\t<meta property=\"og:image:type\" content=\"image\/jpeg\" \/>\n<meta name=\"author\" content=\"moacir\" \/>\n<meta name=\"twitter:card\" content=\"summary_large_image\" \/>\n<meta name=\"twitter:label1\" content=\"Escrito por\" \/>\n\t<meta name=\"twitter:data1\" content=\"moacir\" \/>\n\t<meta name=\"twitter:label2\" content=\"Est. tempo de leitura\" \/>\n\t<meta name=\"twitter:data2\" content=\"14 minutos\" \/>\n<script type=\"application\/ld+json\" class=\"yoast-schema-graph\">{\"@context\":\"https:\/\/schema.org\",\"@graph\":[{\"@type\":\"WebSite\",\"@id\":\"https:\/\/franciscanos.org.br\/noticias\/#website\",\"url\":\"https:\/\/franciscanos.org.br\/noticias\/\",\"name\":\"Not\u00edcias - Franciscanos\",\"description\":\"Prov\u00edncia Franciscana da Imaculada Concei\u00e7\u00e3o do Brasil - Ordem dos Frades Menores - OFM\",\"potentialAction\":[{\"@type\":\"SearchAction\",\"target\":{\"@type\":\"EntryPoint\",\"urlTemplate\":\"https:\/\/franciscanos.org.br\/noticias\/?s={search_term_string}\"},\"query-input\":\"required name=search_term_string\"}],\"inLanguage\":\"pt-BR\"},{\"@type\":\"ImageObject\",\"inLanguage\":\"pt-BR\",\"@id\":\"https:\/\/franciscanos.org.br\/noticias\/dom-onecimo-a-frei-gabriel-viva-o-sacerdocio-ministerial-com-coracao-sinodal.html#primaryimage\",\"url\":\"https:\/\/franciscanos.org.br\/noticias\/wp-content\/uploads\/2023\/05\/alto.jpg\",\"contentUrl\":\"https:\/\/franciscanos.org.br\/noticias\/wp-content\/uploads\/2023\/05\/alto.jpg\",\"width\":1280,\"height\":720},{\"@type\":\"WebPage\",\"@id\":\"https:\/\/franciscanos.org.br\/noticias\/dom-onecimo-a-frei-gabriel-viva-o-sacerdocio-ministerial-com-coracao-sinodal.html#webpage\",\"url\":\"https:\/\/franciscanos.org.br\/noticias\/dom-onecimo-a-frei-gabriel-viva-o-sacerdocio-ministerial-com-coracao-sinodal.html\",\"name\":\"Dom On\u00e9cimo a Frei Gabriel: \\\"Viva o sacerd\u00f3cio ministerial com cora\u00e7\u00e3o sinodal\\\" - Not\u00edcias - Franciscanos\",\"isPartOf\":{\"@id\":\"https:\/\/franciscanos.org.br\/noticias\/#website\"},\"primaryImageOfPage\":{\"@id\":\"https:\/\/franciscanos.org.br\/noticias\/dom-onecimo-a-frei-gabriel-viva-o-sacerdocio-ministerial-com-coracao-sinodal.html#primaryimage\"},\"datePublished\":\"2023-05-21T02:06:52+00:00\",\"dateModified\":\"2025-03-10T18:35:41+00:00\",\"author\":{\"@id\":\"https:\/\/franciscanos.org.br\/noticias\/#\/schema\/person\/b5c8cba458c330ccff548b056e95a5d4\"},\"breadcrumb\":{\"@id\":\"https:\/\/franciscanos.org.br\/noticias\/dom-onecimo-a-frei-gabriel-viva-o-sacerdocio-ministerial-com-coracao-sinodal.html#breadcrumb\"},\"inLanguage\":\"pt-BR\",\"potentialAction\":[{\"@type\":\"ReadAction\",\"target\":[\"https:\/\/franciscanos.org.br\/noticias\/dom-onecimo-a-frei-gabriel-viva-o-sacerdocio-ministerial-com-coracao-sinodal.html\"]}]},{\"@type\":\"BreadcrumbList\",\"@id\":\"https:\/\/franciscanos.org.br\/noticias\/dom-onecimo-a-frei-gabriel-viva-o-sacerdocio-ministerial-com-coracao-sinodal.html#breadcrumb\",\"itemListElement\":[{\"@type\":\"ListItem\",\"position\":1,\"name\":\"Home\",\"item\":\"https:\/\/franciscanos.org.br\/noticias\"},{\"@type\":\"ListItem\",\"position\":2,\"name\":\"Dom On\u00e9cimo a Frei Gabriel: &#8220;Viva o sacerd\u00f3cio ministerial com cora\u00e7\u00e3o sinodal&#8221;\"}]},{\"@type\":\"Person\",\"@id\":\"https:\/\/franciscanos.org.br\/noticias\/#\/schema\/person\/b5c8cba458c330ccff548b056e95a5d4\",\"name\":\"moacir\",\"image\":{\"@type\":\"ImageObject\",\"inLanguage\":\"pt-BR\",\"@id\":\"https:\/\/franciscanos.org.br\/noticias\/#\/schema\/person\/image\/\",\"url\":\"https:\/\/secure.gravatar.com\/avatar\/d08aa2ce4c8dd416d4479aa8536fcf64?s=96&d=mm&r=g\",\"contentUrl\":\"https:\/\/secure.gravatar.com\/avatar\/d08aa2ce4c8dd416d4479aa8536fcf64?s=96&d=mm&r=g\",\"caption\":\"moacir\"},\"url\":\"https:\/\/franciscanos.org.br\/noticias\/author\/moacir\"}]}<\/script>\n<!-- \/ Yoast SEO plugin. -->","yoast_head_json":{"title":"Dom On\u00e9cimo a Frei Gabriel: \"Viva o sacerd\u00f3cio ministerial com cora\u00e7\u00e3o sinodal\" - Not\u00edcias - Franciscanos","robots":{"index":"index","follow":"follow","max-snippet":"max-snippet:-1","max-image-preview":"max-image-preview:large","max-video-preview":"max-video-preview:-1"},"canonical":"https:\/\/franciscanos.org.br\/noticias\/dom-onecimo-a-frei-gabriel-viva-o-sacerdocio-ministerial-com-coracao-sinodal.html","og_locale":"pt_BR","og_type":"article","og_title":"Dom On\u00e9cimo a Frei Gabriel: \"Viva o sacerd\u00f3cio ministerial com cora\u00e7\u00e3o sinodal\" - Not\u00edcias - Franciscanos","og_description":"Ordena\u00e7\u00e3o de Frei Gabriel Dellandrea","og_url":"https:\/\/franciscanos.org.br\/noticias\/dom-onecimo-a-frei-gabriel-viva-o-sacerdocio-ministerial-com-coracao-sinodal.html","og_site_name":"Not\u00edcias - Franciscanos","article_published_time":"2023-05-21T02:06:52+00:00","article_modified_time":"2025-03-10T18:35:41+00:00","og_image":[{"width":1280,"height":720,"url":"https:\/\/franciscanos.org.br\/noticias\/wp-content\/uploads\/2023\/05\/alto.jpg","type":"image\/jpeg"}],"author":"moacir","twitter_card":"summary_large_image","twitter_misc":{"Escrito por":"moacir","Est. tempo de leitura":"14 minutos"},"schema":{"@context":"https:\/\/schema.org","@graph":[{"@type":"WebSite","@id":"https:\/\/franciscanos.org.br\/noticias\/#website","url":"https:\/\/franciscanos.org.br\/noticias\/","name":"Not\u00edcias - Franciscanos","description":"Prov\u00edncia Franciscana da Imaculada Concei\u00e7\u00e3o do Brasil - Ordem dos Frades Menores - OFM","potentialAction":[{"@type":"SearchAction","target":{"@type":"EntryPoint","urlTemplate":"https:\/\/franciscanos.org.br\/noticias\/?s={search_term_string}"},"query-input":"required name=search_term_string"}],"inLanguage":"pt-BR"},{"@type":"ImageObject","inLanguage":"pt-BR","@id":"https:\/\/franciscanos.org.br\/noticias\/dom-onecimo-a-frei-gabriel-viva-o-sacerdocio-ministerial-com-coracao-sinodal.html#primaryimage","url":"https:\/\/franciscanos.org.br\/noticias\/wp-content\/uploads\/2023\/05\/alto.jpg","contentUrl":"https:\/\/franciscanos.org.br\/noticias\/wp-content\/uploads\/2023\/05\/alto.jpg","width":1280,"height":720},{"@type":"WebPage","@id":"https:\/\/franciscanos.org.br\/noticias\/dom-onecimo-a-frei-gabriel-viva-o-sacerdocio-ministerial-com-coracao-sinodal.html#webpage","url":"https:\/\/franciscanos.org.br\/noticias\/dom-onecimo-a-frei-gabriel-viva-o-sacerdocio-ministerial-com-coracao-sinodal.html","name":"Dom On\u00e9cimo a Frei Gabriel: \"Viva o sacerd\u00f3cio ministerial com cora\u00e7\u00e3o sinodal\" - Not\u00edcias - Franciscanos","isPartOf":{"@id":"https:\/\/franciscanos.org.br\/noticias\/#website"},"primaryImageOfPage":{"@id":"https:\/\/franciscanos.org.br\/noticias\/dom-onecimo-a-frei-gabriel-viva-o-sacerdocio-ministerial-com-coracao-sinodal.html#primaryimage"},"datePublished":"2023-05-21T02:06:52+00:00","dateModified":"2025-03-10T18:35:41+00:00","author":{"@id":"https:\/\/franciscanos.org.br\/noticias\/#\/schema\/person\/b5c8cba458c330ccff548b056e95a5d4"},"breadcrumb":{"@id":"https:\/\/franciscanos.org.br\/noticias\/dom-onecimo-a-frei-gabriel-viva-o-sacerdocio-ministerial-com-coracao-sinodal.html#breadcrumb"},"inLanguage":"pt-BR","potentialAction":[{"@type":"ReadAction","target":["https:\/\/franciscanos.org.br\/noticias\/dom-onecimo-a-frei-gabriel-viva-o-sacerdocio-ministerial-com-coracao-sinodal.html"]}]},{"@type":"BreadcrumbList","@id":"https:\/\/franciscanos.org.br\/noticias\/dom-onecimo-a-frei-gabriel-viva-o-sacerdocio-ministerial-com-coracao-sinodal.html#breadcrumb","itemListElement":[{"@type":"ListItem","position":1,"name":"Home","item":"https:\/\/franciscanos.org.br\/noticias"},{"@type":"ListItem","position":2,"name":"Dom On\u00e9cimo a Frei Gabriel: &#8220;Viva o sacerd\u00f3cio ministerial com cora\u00e7\u00e3o sinodal&#8221;"}]},{"@type":"Person","@id":"https:\/\/franciscanos.org.br\/noticias\/#\/schema\/person\/b5c8cba458c330ccff548b056e95a5d4","name":"moacir","image":{"@type":"ImageObject","inLanguage":"pt-BR","@id":"https:\/\/franciscanos.org.br\/noticias\/#\/schema\/person\/image\/","url":"https:\/\/secure.gravatar.com\/avatar\/d08aa2ce4c8dd416d4479aa8536fcf64?s=96&d=mm&r=g","contentUrl":"https:\/\/secure.gravatar.com\/avatar\/d08aa2ce4c8dd416d4479aa8536fcf64?s=96&d=mm&r=g","caption":"moacir"},"url":"https:\/\/franciscanos.org.br\/noticias\/author\/moacir"}]}},"_links":{"self":[{"href":"https:\/\/franciscanos.org.br\/noticias\/wp-json\/wp\/v2\/posts\/243359"}],"collection":[{"href":"https:\/\/franciscanos.org.br\/noticias\/wp-json\/wp\/v2\/posts"}],"about":[{"href":"https:\/\/franciscanos.org.br\/noticias\/wp-json\/wp\/v2\/types\/post"}],"author":[{"embeddable":true,"href":"https:\/\/franciscanos.org.br\/noticias\/wp-json\/wp\/v2\/users\/3"}],"replies":[{"embeddable":true,"href":"https:\/\/franciscanos.org.br\/noticias\/wp-json\/wp\/v2\/comments?post=243359"}],"version-history":[{"count":4,"href":"https:\/\/franciscanos.org.br\/noticias\/wp-json\/wp\/v2\/posts\/243359\/revisions"}],"predecessor-version":[{"id":243434,"href":"https:\/\/franciscanos.org.br\/noticias\/wp-json\/wp\/v2\/posts\/243359\/revisions\/243434"}],"wp:featuredmedia":[{"embeddable":true,"href":"https:\/\/franciscanos.org.br\/noticias\/wp-json\/wp\/v2\/media\/243360"}],"wp:attachment":[{"href":"https:\/\/franciscanos.org.br\/noticias\/wp-json\/wp\/v2\/media?parent=243359"}],"wp:term":[{"taxonomy":"category","embeddable":true,"href":"https:\/\/franciscanos.org.br\/noticias\/wp-json\/wp\/v2\/categories?post=243359"},{"taxonomy":"post_tag","embeddable":true,"href":"https:\/\/franciscanos.org.br\/noticias\/wp-json\/wp\/v2\/tags?post=243359"}],"curies":[{"name":"wp","href":"https:\/\/api.w.org\/{rel}","templated":true}]}}