{"id":243331,"date":"2023-05-19T23:09:13","date_gmt":"2023-05-20T02:09:13","guid":{"rendered":"https:\/\/franciscanos.org.br\/noticias\/?p=243331"},"modified":"2023-05-19T23:24:56","modified_gmt":"2023-05-20T02:24:56","slug":"tudo-pronto-para-a-ordenacao-presbiteral-de-frei-gabriel","status":"publish","type":"post","link":"https:\/\/franciscanos.org.br\/noticias\/tudo-pronto-para-a-ordenacao-presbiteral-de-frei-gabriel.html","title":{"rendered":"Tudo pronto para a Ordena\u00e7\u00e3o Presbiteral de Frei Gabriel"},"content":{"rendered":"<p><img loading=\"lazy\" class=\"alignnone size-full wp-image-243332\" src=\"https:\/\/franciscanos.org.br\/noticias\/wp-content\/uploads\/2023\/05\/terceirodia_09.jpg\" alt=\"\" width=\"1280\" height=\"720\" srcset=\"https:\/\/franciscanos.org.br\/noticias\/wp-content\/uploads\/2023\/05\/terceirodia_09.jpg 1280w, https:\/\/franciscanos.org.br\/noticias\/wp-content\/uploads\/2023\/05\/terceirodia_09-450x253.jpg 450w, https:\/\/franciscanos.org.br\/noticias\/wp-content\/uploads\/2023\/05\/terceirodia_09-1024x576.jpg 1024w, https:\/\/franciscanos.org.br\/noticias\/wp-content\/uploads\/2023\/05\/terceirodia_09-768x432.jpg 768w, https:\/\/franciscanos.org.br\/noticias\/wp-content\/uploads\/2023\/05\/terceirodia_09-150x84.jpg 150w\" sizes=\"(max-width: 1280px) 100vw, 1280px\" \/><\/p>\n<p><strong>Rodeio (SC)<\/strong> &#8211; Claro, uma ordena\u00e7\u00e3o envolve uma log\u00edstica muito grande e desde o come\u00e7o do ano Frei Gabriel Delllandrea e Frei Je\u00e2 Paulo Andrade, animadores provinciais do Servi\u00e7o Vocacional, estiveram fazendo reuni\u00f5es e viagens para preparar tudo visando este momento. Enfim, a miss\u00e3o foi cumprida. A Semana Mission\u00e1ria fez mais do que log\u00edstica, mas preparou espiritualmente o povo para o minist\u00e9rio que Frei Gabriel vai assumir neste s\u00e1bado, dia 20 de maio, quando o bispo diocesano de Rio do Sul (SC), Dom On\u00e9cimo Alberton, \u00e0s 16 horas, na Igreja S\u00e3o Virg\u00edlio do Rodeio 50, pela imposi\u00e7\u00e3o de suas m\u00e3os, vai orden\u00e1-lo presb\u00edtero, eleito pela Igreja para assumir e servir ao povo, em nome de Cristo.<\/p>\n<p>O terceiro dia do Tr\u00edduo em prepara\u00e7\u00e3o da ordena\u00e7\u00e3o de Frei Gabriel foi celebrado com a Santa Missa na Igreja Nossa Senhora do Perp\u00e9tuo Socorro, na Comunidade do G\u00e1vea, e foi presidida por Frei Moacir Longo, p\u00e1roco por nove anos em Rodeio e procurador vocacional de Frei Gabriel.<\/p>\n<p><img loading=\"lazy\" class=\"alignnone wp-image-243333 size-full\" src=\"https:\/\/franciscanos.org.br\/noticias\/wp-content\/uploads\/2023\/05\/terceirodia_06.jpg\" alt=\"\" width=\"1280\" height=\"853\" srcset=\"https:\/\/franciscanos.org.br\/noticias\/wp-content\/uploads\/2023\/05\/terceirodia_06.jpg 1280w, https:\/\/franciscanos.org.br\/noticias\/wp-content\/uploads\/2023\/05\/terceirodia_06-450x300.jpg 450w, https:\/\/franciscanos.org.br\/noticias\/wp-content\/uploads\/2023\/05\/terceirodia_06-1024x682.jpg 1024w, https:\/\/franciscanos.org.br\/noticias\/wp-content\/uploads\/2023\/05\/terceirodia_06-768x512.jpg 768w, https:\/\/franciscanos.org.br\/noticias\/wp-content\/uploads\/2023\/05\/terceirodia_06-150x100.jpg 150w\" sizes=\"(max-width: 1280px) 100vw, 1280px\" \/><\/p>\n<p>Na homilia, o frade recordou que foi convidado para presidir esta celebra\u00e7\u00e3o, n\u00e3o &#8220;por m\u00e9rito algum, mas pela gra\u00e7a&#8221; de Deus. &#8220;Fui s\u00f3 um instrumento de Deus, uma semente que brotou&#8221;, disse. Segundo ele, era p\u00e1roco em Rodeio e procurador vocacional de Frei Gabriel e o acompanhou at\u00e9 os \u00faltimos passos para os diversos est\u00e1gios e depois para a caminhada formativa. &#8220;Sem d\u00favida, uma longa caminhada, mas sempre com aquela certeza que aquela semente, bem cultivada, pudesse um dia crescer e dar abundantes frutos. E, certamente, essa semente da gra\u00e7a vocacional que vem de Deus, atrav\u00e9s da vida religiosa e amanh\u00e3 presbiteral, seja para a gl\u00f3ria de Deus, para a santifica\u00e7\u00e3o do povo que segue esse mesmo Jesus&#8221;, desejou.<\/p>\n<p><img loading=\"lazy\" class=\"alignnone wp-image-243334 size-full\" src=\"https:\/\/franciscanos.org.br\/noticias\/wp-content\/uploads\/2023\/05\/terceirodia_05.jpg\" alt=\"\" width=\"1280\" height=\"853\" srcset=\"https:\/\/franciscanos.org.br\/noticias\/wp-content\/uploads\/2023\/05\/terceirodia_05.jpg 1280w, https:\/\/franciscanos.org.br\/noticias\/wp-content\/uploads\/2023\/05\/terceirodia_05-450x300.jpg 450w, https:\/\/franciscanos.org.br\/noticias\/wp-content\/uploads\/2023\/05\/terceirodia_05-1024x682.jpg 1024w, https:\/\/franciscanos.org.br\/noticias\/wp-content\/uploads\/2023\/05\/terceirodia_05-768x512.jpg 768w, https:\/\/franciscanos.org.br\/noticias\/wp-content\/uploads\/2023\/05\/terceirodia_05-150x100.jpg 150w\" sizes=\"(max-width: 1280px) 100vw, 1280px\" \/><\/p>\n<p>Ele lembrou que no Tr\u00edduo Vocacional se preparou para a Ordena\u00e7\u00e3o Presbiteral de Frei Gabriel. &#8220;J\u00e1 celebramos a voca\u00e7\u00e3o crist\u00e3 e a voca\u00e7\u00e3o religiosa no primeiro e segundo dias do Tr\u00edduo. E hoje, terceiro dia, lembramos a Voca\u00e7\u00e3o Presbiteral&#8221;, explicou.<\/p>\n<p>Segundo ele, quando assumiu em Rodeio, teve a gra\u00e7a de fazer esta mesma caminhada, mas desta vez com Frei Daniel, irm\u00e3o de Frei Gabriel.<\/p>\n<p><img loading=\"lazy\" class=\"alignnone size-full wp-image-243335\" src=\"https:\/\/franciscanos.org.br\/noticias\/wp-content\/uploads\/2023\/05\/terceirodia_04.jpg\" alt=\"\" width=\"1280\" height=\"853\" srcset=\"https:\/\/franciscanos.org.br\/noticias\/wp-content\/uploads\/2023\/05\/terceirodia_04.jpg 1280w, https:\/\/franciscanos.org.br\/noticias\/wp-content\/uploads\/2023\/05\/terceirodia_04-450x300.jpg 450w, https:\/\/franciscanos.org.br\/noticias\/wp-content\/uploads\/2023\/05\/terceirodia_04-1024x682.jpg 1024w, https:\/\/franciscanos.org.br\/noticias\/wp-content\/uploads\/2023\/05\/terceirodia_04-768x512.jpg 768w, https:\/\/franciscanos.org.br\/noticias\/wp-content\/uploads\/2023\/05\/terceirodia_04-150x100.jpg 150w\" sizes=\"(max-width: 1280px) 100vw, 1280px\" \/><\/p>\n<p>&nbsp;<\/p>\n<p>&#8220;Todo crist\u00e3o \u00e9 chamado a ser seguidor de Jesus Cristo. N\u00e3o somente seguidor, mas um seguidor e um mission\u00e1rio de Jesus Cristo. Ent\u00e3o, a voca\u00e7\u00e3o envolve todo crist\u00e3o, por isso estamos aqui nesta caminhada. No entanto, o presbiterado, o padre, o presb\u00edtero, \u00e9 chamado a servir Cristo e a sua Igreja como uma pessoa consagrada. N\u00e3o que ele seja perfeito na vida religiosa. Mas \u00e9 uma gra\u00e7a correspondida quando teve uma resposta. Ent\u00e3o, ser sacerdote crist\u00e3o consagrado \u00e9 fruto, sem d\u00favida, primeiramente da gra\u00e7a de Deus e da a\u00e7\u00e3o do Esp\u00edrito Santo agindo no meio da Igreja, mas ao mesmo tempo uma resposta de uma criatura que foi batizada, que foi crist\u00e3, e que quer tentar dar um sim positivo ao projeto de Deus&#8221;, definiu.<\/p>\n<p><img loading=\"lazy\" class=\"alignnone size-full wp-image-243336\" src=\"https:\/\/franciscanos.org.br\/noticias\/wp-content\/uploads\/2023\/05\/terceirodia_11.jpg\" alt=\"\" width=\"1280\" height=\"853\" srcset=\"https:\/\/franciscanos.org.br\/noticias\/wp-content\/uploads\/2023\/05\/terceirodia_11.jpg 1280w, https:\/\/franciscanos.org.br\/noticias\/wp-content\/uploads\/2023\/05\/terceirodia_11-450x300.jpg 450w, https:\/\/franciscanos.org.br\/noticias\/wp-content\/uploads\/2023\/05\/terceirodia_11-1024x682.jpg 1024w, https:\/\/franciscanos.org.br\/noticias\/wp-content\/uploads\/2023\/05\/terceirodia_11-768x512.jpg 768w, https:\/\/franciscanos.org.br\/noticias\/wp-content\/uploads\/2023\/05\/terceirodia_11-150x100.jpg 150w\" sizes=\"(max-width: 1280px) 100vw, 1280px\" \/><\/p>\n<p><img loading=\"lazy\" class=\"alignnone size-full wp-image-243337\" src=\"https:\/\/franciscanos.org.br\/noticias\/wp-content\/uploads\/2023\/05\/terceirodia_12.jpg\" alt=\"\" width=\"1280\" height=\"853\" srcset=\"https:\/\/franciscanos.org.br\/noticias\/wp-content\/uploads\/2023\/05\/terceirodia_12.jpg 1280w, https:\/\/franciscanos.org.br\/noticias\/wp-content\/uploads\/2023\/05\/terceirodia_12-450x300.jpg 450w, https:\/\/franciscanos.org.br\/noticias\/wp-content\/uploads\/2023\/05\/terceirodia_12-1024x682.jpg 1024w, https:\/\/franciscanos.org.br\/noticias\/wp-content\/uploads\/2023\/05\/terceirodia_12-768x512.jpg 768w, https:\/\/franciscanos.org.br\/noticias\/wp-content\/uploads\/2023\/05\/terceirodia_12-150x100.jpg 150w\" sizes=\"(max-width: 1280px) 100vw, 1280px\" \/><\/p>\n<p>&#8220;A gente se coloca como instrumento de Deus, como bem lembrava S\u00e3o Francisco. Ent\u00e3o, nesse sentido, a gente pode se perguntar: Mas qual \u00e9 a miss\u00e3o do presb\u00edtero.? Se tomarmos o Catecismo da Igreja Cat\u00f3lica, se pegarmos os documentos da Igreja, dos Papas, teremos uma rela\u00e7\u00e3o muito grande, que \u00e0s vezes a gente se perguntaria: Ser\u00e1 que sou digno de tudo isso?&#8221;, pontuou.<\/p>\n<p>Segundo o Catecismo, o sacerdote exerce a miss\u00e3o de ensinar, depois celebrar os sacramentos e governar pastoralmente o povo de Deus. &#8220;S\u00e3o tr\u00eas pilares da miss\u00e3o do presb\u00edtero&#8221;, enfatizou.<\/p>\n<p>Lembrando um documento papal, o presb\u00edtero \u00e9 um agente de miseric\u00f3rdia. &#8220;Se o pr\u00f3prio Jesus disse que n\u00e3o veio para condenar, a miss\u00e3o do presb\u00edteroe n\u00e3o \u00e9 simplesmente condenar. Mas \u00e9 possibilitar, na atitude de miseric\u00f3rdia, na atitude de acolhimento, que mesmo que a pessoa tenha ca\u00eddo, tenha fraquejado, encontre em Cristo aquele que n\u00e3o o condena. E o sacerdote seja um instrumento de miseric\u00f3rdia&#8221;, disse.<\/p>\n\n\t\t<style type=\"text\/css\">\n\t\t\t#gallery-1 {\n\t\t\t\tmargin: auto;\n\t\t\t}\n\t\t\t#gallery-1 .gallery-item {\n\t\t\t\tfloat: left;\n\t\t\t\tmargin-top: 10px;\n\t\t\t\ttext-align: center;\n\t\t\t\twidth: 33%;\n\t\t\t}\n\t\t\t#gallery-1 img {\n\t\t\t\tborder: 2px solid #cfcfcf;\n\t\t\t}\n\t\t\t#gallery-1 .gallery-caption {\n\t\t\t\tmargin-left: 0;\n\t\t\t}\n\t\t\t\/* see gallery_shortcode() in wp-includes\/media.php *\/\n\t\t<\/style>\n\t\t<div id='gallery-1' class='gallery galleryid-243331 gallery-columns-3 gallery-size-thumbnail'><dl class='gallery-item'>\n\t\t\t<dt class='gallery-icon landscape'>\n\t\t\t\t<a href='https:\/\/franciscanos.org.br\/noticias\/wp-content\/uploads\/2023\/05\/terceiro_01.jpg'><img width=\"300\" height=\"300\" src=\"https:\/\/franciscanos.org.br\/noticias\/wp-content\/uploads\/2023\/05\/terceiro_01-300x300.jpg\" class=\"attachment-thumbnail size-thumbnail\" alt=\"\" loading=\"lazy\" srcset=\"https:\/\/franciscanos.org.br\/noticias\/wp-content\/uploads\/2023\/05\/terceiro_01-300x300.jpg 300w, https:\/\/franciscanos.org.br\/noticias\/wp-content\/uploads\/2023\/05\/terceiro_01-100x100.jpg 100w\" sizes=\"(max-width: 300px) 100vw, 300px\" \/><\/a>\n\t\t\t<\/dt><\/dl><dl class='gallery-item'>\n\t\t\t<dt class='gallery-icon landscape'>\n\t\t\t\t<a href='https:\/\/franciscanos.org.br\/noticias\/wp-content\/uploads\/2023\/05\/terceiro_02.jpg'><img width=\"300\" height=\"300\" src=\"https:\/\/franciscanos.org.br\/noticias\/wp-content\/uploads\/2023\/05\/terceiro_02-300x300.jpg\" class=\"attachment-thumbnail size-thumbnail\" alt=\"\" loading=\"lazy\" srcset=\"https:\/\/franciscanos.org.br\/noticias\/wp-content\/uploads\/2023\/05\/terceiro_02-300x300.jpg 300w, https:\/\/franciscanos.org.br\/noticias\/wp-content\/uploads\/2023\/05\/terceiro_02-100x100.jpg 100w\" sizes=\"(max-width: 300px) 100vw, 300px\" \/><\/a>\n\t\t\t<\/dt><\/dl><dl class='gallery-item'>\n\t\t\t<dt class='gallery-icon landscape'>\n\t\t\t\t<a href='https:\/\/franciscanos.org.br\/noticias\/wp-content\/uploads\/2023\/05\/terceiro_04.jpg'><img width=\"300\" height=\"300\" src=\"https:\/\/franciscanos.org.br\/noticias\/wp-content\/uploads\/2023\/05\/terceiro_04-300x300.jpg\" class=\"attachment-thumbnail size-thumbnail\" alt=\"\" loading=\"lazy\" srcset=\"https:\/\/franciscanos.org.br\/noticias\/wp-content\/uploads\/2023\/05\/terceiro_04-300x300.jpg 300w, https:\/\/franciscanos.org.br\/noticias\/wp-content\/uploads\/2023\/05\/terceiro_04-100x100.jpg 100w\" sizes=\"(max-width: 300px) 100vw, 300px\" \/><\/a>\n\t\t\t<\/dt><\/dl><br style=\"clear: both\" \/>\n\t\t<\/div>\n\n<p><em>(Toque nas imagens para ampli\u00e1-las)<\/em><\/p>\n<p>Tamb\u00e9m observou Frei Moacir que o presb\u00edtero deve ser um verdadeiro pastor, que conhece suas ovelhas, que sabe reunir suas ovelhas, que sabe conduzir suas ovelhas. &#8220;A miss\u00e3o do presb\u00edtero \u00e9 uma miss\u00e3o vertical (f\u00e9, ora\u00e7\u00e3o e eucaristia) e horizontal (aquele que serve, nutre, defende o povo de Deus)&#8221;, ensinou.<\/p>\n<p>Muitas outras s\u00e3o as miss\u00f5es do presb\u00edtero, mas a\u00ed Frei Gabriel se pergunta: &#8216;Eu me sinto pequeno. Ser\u00e1 que sou digno desta gra\u00e7a de ser um presb\u00edtero, que celebra, que quer condutor do seu rebanho? Se f\u00f4ssemos olhar somente as nossas for\u00e7as, ter\u00edamos tomados outros caminhos. Contando com a gra\u00e7a de Deus, contando que Deus escolheu talvez pessoas simples que possam ser, mas cheias de f\u00e9, coloque-se \u00e0 disposi\u00e7\u00e3o do seu sim&#8221;, completou.<\/p>\n<p><img loading=\"lazy\" class=\"alignnone size-full wp-image-243352\" src=\"https:\/\/franciscanos.org.br\/noticias\/wp-content\/uploads\/2023\/05\/terceirodia_03.jpg\" alt=\"\" width=\"1280\" height=\"853\" srcset=\"https:\/\/franciscanos.org.br\/noticias\/wp-content\/uploads\/2023\/05\/terceirodia_03.jpg 1280w, https:\/\/franciscanos.org.br\/noticias\/wp-content\/uploads\/2023\/05\/terceirodia_03-450x300.jpg 450w, https:\/\/franciscanos.org.br\/noticias\/wp-content\/uploads\/2023\/05\/terceirodia_03-1024x682.jpg 1024w, https:\/\/franciscanos.org.br\/noticias\/wp-content\/uploads\/2023\/05\/terceirodia_03-768x512.jpg 768w, https:\/\/franciscanos.org.br\/noticias\/wp-content\/uploads\/2023\/05\/terceirodia_03-150x100.jpg 150w\" sizes=\"(max-width: 1280px) 100vw, 1280px\" \/><\/p>\n<p>Ap\u00f3s a homilia, com as m\u00e3os tocando a Sagrada Escritura que foi segurada pelos coroinhas da Comunidade, Frei Gabriel fez a Declara\u00e7\u00e3o de Fidelidade \u00e0 Igreja no minist\u00e9rio presbiteral. &#8220;N\u00e3o poder\u00edamos deixar de agradecer aos coroinhas que vieram aqui. Uma das primeiras miss\u00f5es que tive oportunidade de ser na Igreja foi ser coroinha. Vamos incentivar para que tenhamos mais. Conhe\u00e7am aquilo que \u00e9 bom, aquilo que leva at\u00e9 Deus&#8221;, exortou Frei Gabriel, agradecendo e falando aos pais.<\/p>\n<p><strong>\u00a0<\/strong><strong>AGRADECIMENTO<\/strong><\/p>\n<p>&#8220;A minha palavra de gratid\u00e3o ao Frei Moacir, que veio l\u00e1 de Coronel Freitas, no extremo Oeste Catarinense para estar conosco. Me lembro quando fiz o est\u00e1gio vocacional, estava com bastante d\u00favidas, se eu ia ou n\u00e3o, porque a gente fica bastante dividido e ele perguntou: &#8216;Tu vais ou n\u00e3o vai?&#8217; (risos). Eu respondi: &#8216;Eu vou&#8217;, porque eu tinha que responder para ele. E eu pensei assim: Ele me ajudou e, \u00e0s vezes, a gente precisa de algu\u00e9m que nos provoque, que nos cutuque, que fa\u00e7a com que n\u00f3s respondamos. Frei Moacir, obrigado por isso. Sem essa provoca\u00e7\u00e3o, nunca construir\u00edamos nada&#8221;, disse Frei Gabriel.<\/p>\n<p><img loading=\"lazy\" class=\"alignnone size-full wp-image-243338\" src=\"https:\/\/franciscanos.org.br\/noticias\/wp-content\/uploads\/2023\/05\/terceirodia_13.jpg\" alt=\"\" width=\"1280\" height=\"889\" srcset=\"https:\/\/franciscanos.org.br\/noticias\/wp-content\/uploads\/2023\/05\/terceirodia_13.jpg 1280w, https:\/\/franciscanos.org.br\/noticias\/wp-content\/uploads\/2023\/05\/terceirodia_13-450x313.jpg 450w, https:\/\/franciscanos.org.br\/noticias\/wp-content\/uploads\/2023\/05\/terceirodia_13-1024x711.jpg 1024w, https:\/\/franciscanos.org.br\/noticias\/wp-content\/uploads\/2023\/05\/terceirodia_13-768x533.jpg 768w, https:\/\/franciscanos.org.br\/noticias\/wp-content\/uploads\/2023\/05\/terceirodia_13-150x104.jpg 150w\" sizes=\"(max-width: 1280px) 100vw, 1280px\" \/><\/p>\n<p>Frei Gabriel deu as boas-vindas aos confrades que vieram de S\u00e3o Paulo. &#8220;E para finalizar quero agradecer muito especialmente a Comunidade Nossa Senhora do Perp\u00e9tuo Socorro, que preparou este espa\u00e7o para n\u00f3s celebrarmos. Muito obrigado por todo o empenho&#8221;, ressaltou.<\/p>\n<p>&#8220;Hoje n\u00f3s encerramos o Tr\u00edduo com as miss\u00f5es, com as atividades em tantas casas, a coleta de higiene pessoal. A miss\u00e3o terminou na casa dos meus pais, onde come\u00e7ou a minha voca\u00e7\u00e3o&#8221;, concluiu.<\/p>\n<p><img loading=\"lazy\" class=\"alignnone size-full wp-image-243348\" src=\"https:\/\/franciscanos.org.br\/noticias\/wp-content\/uploads\/2023\/05\/terceirodia_02.jpg\" alt=\"\" width=\"1302\" height=\"672\" srcset=\"https:\/\/franciscanos.org.br\/noticias\/wp-content\/uploads\/2023\/05\/terceirodia_02.jpg 1302w, https:\/\/franciscanos.org.br\/noticias\/wp-content\/uploads\/2023\/05\/terceirodia_02-450x232.jpg 450w, https:\/\/franciscanos.org.br\/noticias\/wp-content\/uploads\/2023\/05\/terceirodia_02-1024x529.jpg 1024w, https:\/\/franciscanos.org.br\/noticias\/wp-content\/uploads\/2023\/05\/terceirodia_02-768x396.jpg 768w, https:\/\/franciscanos.org.br\/noticias\/wp-content\/uploads\/2023\/05\/terceirodia_02-150x77.jpg 150w\" sizes=\"(max-width: 1302px) 100vw, 1302px\" \/><\/p>\n<p>Os bairros centrais de Rodeio receberam os frades, irm\u00e3s e leigos em muitas casas num dia intenso de visitas na miss\u00e3o realizada em prepara\u00e7\u00e3o para a Ordena\u00e7\u00e3o de Frei Gabriel. Foram muitas hist\u00f3rias que os mission\u00e1rios puderam conhecer e em muitas casas puderam rezar, pedir e agradecer. Ainda que o frio n\u00e3o deu tr\u00e9gua durante a miss\u00e3o, o sol garantiu o calor e bons dias para os mission\u00e1rios. Ao final da celebra\u00e7\u00e3o, Frei Gabril pediu que os mission\u00e1rios ficassem de p\u00e9 para receber uma salva de palmas.<\/p>\n<p><strong>O CARINHO DO POVO DE IMBARI\u00ca<\/strong><\/p>\n<p><img loading=\"lazy\" class=\"alignnone size-full wp-image-243339\" src=\"https:\/\/franciscanos.org.br\/noticias\/wp-content\/uploads\/2023\/05\/terceirodia_01.jpg\" alt=\"\" width=\"1280\" height=\"720\" srcset=\"https:\/\/franciscanos.org.br\/noticias\/wp-content\/uploads\/2023\/05\/terceirodia_01.jpg 1280w, https:\/\/franciscanos.org.br\/noticias\/wp-content\/uploads\/2023\/05\/terceirodia_01-450x253.jpg 450w, https:\/\/franciscanos.org.br\/noticias\/wp-content\/uploads\/2023\/05\/terceirodia_01-1024x576.jpg 1024w, https:\/\/franciscanos.org.br\/noticias\/wp-content\/uploads\/2023\/05\/terceirodia_01-768x432.jpg 768w, https:\/\/franciscanos.org.br\/noticias\/wp-content\/uploads\/2023\/05\/terceirodia_01-150x84.jpg 150w\" sizes=\"(max-width: 1280px) 100vw, 1280px\" \/><\/p>\n<p>Nos \u00faltimos anos do estudo da Teologia, Frei Gabriel residiu na Par\u00f3quia Santa Clara de Assis, em Imbari\u00ea, na Baixada Fluminense. Nesse tempo, ganhou muitos amigos e o resultado desta amizade e carinho veio num \u00f4nibus fretado com cerca de 40 pessoas para participarem da sua ordena\u00e7\u00e3o. O grupo chegou \u00e0s 15h30 em Rodeio, depois de 18 horas de viagem. Foi recebido por Frei Gabriel e sua fam\u00edlia: o irm\u00e3o Frei Daniel, a m\u00e3e D\u00aa Terezinha e o irm\u00e3o Elton. &#8220;Meu pai,\u00a0 S\u00e9rgio, est\u00e1 participando da miss\u00e3o. A minha cunhada Carolina est\u00e1 cuidando de duas filhas pequenas&#8221;, explicou Frei Gabriel.<\/p>\n\n\t\t<style type=\"text\/css\">\n\t\t\t#gallery-2 {\n\t\t\t\tmargin: auto;\n\t\t\t}\n\t\t\t#gallery-2 .gallery-item {\n\t\t\t\tfloat: left;\n\t\t\t\tmargin-top: 10px;\n\t\t\t\ttext-align: center;\n\t\t\t\twidth: 14%;\n\t\t\t}\n\t\t\t#gallery-2 img {\n\t\t\t\tborder: 2px solid #cfcfcf;\n\t\t\t}\n\t\t\t#gallery-2 .gallery-caption {\n\t\t\t\tmargin-left: 0;\n\t\t\t}\n\t\t\t\/* see gallery_shortcode() in wp-includes\/media.php *\/\n\t\t<\/style>\n\t\t<div id='gallery-2' class='gallery galleryid-243331 gallery-columns-7 gallery-size-thumbnail'><dl class='gallery-item'>\n\t\t\t<dt class='gallery-icon landscape'>\n\t\t\t\t<a href='https:\/\/franciscanos.org.br\/noticias\/wp-content\/uploads\/2023\/05\/onibus_01.jpg'><img width=\"300\" height=\"300\" src=\"https:\/\/franciscanos.org.br\/noticias\/wp-content\/uploads\/2023\/05\/onibus_01-300x300.jpg\" class=\"attachment-thumbnail size-thumbnail\" alt=\"\" loading=\"lazy\" srcset=\"https:\/\/franciscanos.org.br\/noticias\/wp-content\/uploads\/2023\/05\/onibus_01-300x300.jpg 300w, https:\/\/franciscanos.org.br\/noticias\/wp-content\/uploads\/2023\/05\/onibus_01-100x100.jpg 100w\" sizes=\"(max-width: 300px) 100vw, 300px\" \/><\/a>\n\t\t\t<\/dt><\/dl><dl class='gallery-item'>\n\t\t\t<dt class='gallery-icon landscape'>\n\t\t\t\t<a href='https:\/\/franciscanos.org.br\/noticias\/wp-content\/uploads\/2023\/05\/onibus_02.jpg'><img width=\"300\" height=\"300\" src=\"https:\/\/franciscanos.org.br\/noticias\/wp-content\/uploads\/2023\/05\/onibus_02-300x300.jpg\" class=\"attachment-thumbnail size-thumbnail\" alt=\"\" loading=\"lazy\" srcset=\"https:\/\/franciscanos.org.br\/noticias\/wp-content\/uploads\/2023\/05\/onibus_02-300x300.jpg 300w, https:\/\/franciscanos.org.br\/noticias\/wp-content\/uploads\/2023\/05\/onibus_02-100x100.jpg 100w\" sizes=\"(max-width: 300px) 100vw, 300px\" \/><\/a>\n\t\t\t<\/dt><\/dl><dl class='gallery-item'>\n\t\t\t<dt class='gallery-icon landscape'>\n\t\t\t\t<a href='https:\/\/franciscanos.org.br\/noticias\/wp-content\/uploads\/2023\/05\/onibus_03.jpg'><img width=\"300\" height=\"300\" src=\"https:\/\/franciscanos.org.br\/noticias\/wp-content\/uploads\/2023\/05\/onibus_03-300x300.jpg\" class=\"attachment-thumbnail size-thumbnail\" alt=\"\" loading=\"lazy\" srcset=\"https:\/\/franciscanos.org.br\/noticias\/wp-content\/uploads\/2023\/05\/onibus_03-300x300.jpg 300w, https:\/\/franciscanos.org.br\/noticias\/wp-content\/uploads\/2023\/05\/onibus_03-100x100.jpg 100w\" sizes=\"(max-width: 300px) 100vw, 300px\" \/><\/a>\n\t\t\t<\/dt><\/dl><dl class='gallery-item'>\n\t\t\t<dt class='gallery-icon landscape'>\n\t\t\t\t<a href='https:\/\/franciscanos.org.br\/noticias\/wp-content\/uploads\/2023\/05\/onibus_04.jpg'><img width=\"300\" height=\"300\" src=\"https:\/\/franciscanos.org.br\/noticias\/wp-content\/uploads\/2023\/05\/onibus_04-300x300.jpg\" class=\"attachment-thumbnail size-thumbnail\" alt=\"\" loading=\"lazy\" srcset=\"https:\/\/franciscanos.org.br\/noticias\/wp-content\/uploads\/2023\/05\/onibus_04-300x300.jpg 300w, https:\/\/franciscanos.org.br\/noticias\/wp-content\/uploads\/2023\/05\/onibus_04-100x100.jpg 100w\" sizes=\"(max-width: 300px) 100vw, 300px\" \/><\/a>\n\t\t\t<\/dt><\/dl><dl class='gallery-item'>\n\t\t\t<dt class='gallery-icon landscape'>\n\t\t\t\t<a href='https:\/\/franciscanos.org.br\/noticias\/wp-content\/uploads\/2023\/05\/onibus_05.jpg'><img width=\"300\" height=\"300\" src=\"https:\/\/franciscanos.org.br\/noticias\/wp-content\/uploads\/2023\/05\/onibus_05-300x300.jpg\" class=\"attachment-thumbnail size-thumbnail\" alt=\"\" loading=\"lazy\" srcset=\"https:\/\/franciscanos.org.br\/noticias\/wp-content\/uploads\/2023\/05\/onibus_05-300x300.jpg 300w, https:\/\/franciscanos.org.br\/noticias\/wp-content\/uploads\/2023\/05\/onibus_05-100x100.jpg 100w\" sizes=\"(max-width: 300px) 100vw, 300px\" \/><\/a>\n\t\t\t<\/dt><\/dl><dl class='gallery-item'>\n\t\t\t<dt class='gallery-icon landscape'>\n\t\t\t\t<a href='https:\/\/franciscanos.org.br\/noticias\/wp-content\/uploads\/2023\/05\/onibus_06.jpg'><img width=\"300\" height=\"300\" src=\"https:\/\/franciscanos.org.br\/noticias\/wp-content\/uploads\/2023\/05\/onibus_06-300x300.jpg\" class=\"attachment-thumbnail size-thumbnail\" alt=\"\" loading=\"lazy\" srcset=\"https:\/\/franciscanos.org.br\/noticias\/wp-content\/uploads\/2023\/05\/onibus_06-300x300.jpg 300w, https:\/\/franciscanos.org.br\/noticias\/wp-content\/uploads\/2023\/05\/onibus_06-100x100.jpg 100w\" sizes=\"(max-width: 300px) 100vw, 300px\" \/><\/a>\n\t\t\t<\/dt><\/dl><dl class='gallery-item'>\n\t\t\t<dt class='gallery-icon landscape'>\n\t\t\t\t<a href='https:\/\/franciscanos.org.br\/noticias\/wp-content\/uploads\/2023\/05\/onibus_07.jpg'><img width=\"300\" height=\"300\" src=\"https:\/\/franciscanos.org.br\/noticias\/wp-content\/uploads\/2023\/05\/onibus_07-300x300.jpg\" class=\"attachment-thumbnail size-thumbnail\" alt=\"\" loading=\"lazy\" srcset=\"https:\/\/franciscanos.org.br\/noticias\/wp-content\/uploads\/2023\/05\/onibus_07-300x300.jpg 300w, https:\/\/franciscanos.org.br\/noticias\/wp-content\/uploads\/2023\/05\/onibus_07-100x100.jpg 100w\" sizes=\"(max-width: 300px) 100vw, 300px\" \/><\/a>\n\t\t\t<\/dt><\/dl><br style=\"clear: both\" \/>\n\t\t<\/div>\n\n<p><em>(toque nas imagens para ampli\u00e1-las. Marilsa (n\u00ba 7)\u00a0<\/em><\/p>\n<p>Os visitantes foram acolhidos e fizeram um momento de ora\u00e7\u00e3o na pequena Igreja de Nossa Senhora do Perp\u00e9tuo Socorro. &#8220;\u00c9 uma alegria acolher voc\u00eas depois de uma viagem t\u00e3o longa, mas \u00e9 t\u00e3o bonita essa presen\u00e7a, a for\u00e7a que voc\u00eas trazem, a alegria em partilhar conosco esse momento t\u00e3o especial&#8221;, disse o irm\u00e3o Frei Daniel.<\/p>\n<p>Frei Gabriel tamb\u00e9m falou da alegria de receb\u00ea-los na sua Comunidade. Falou do envolvimento da Par\u00f3quia na sua ordena\u00e7\u00e3o e dos momentos dif\u00edceis que passaram os rodeienses com as chuvas de janeiro e que deixaram cinco mortos na cidade. Ele contou que chegou a pensar em jogar para frente a data da ordena\u00e7\u00e3o, mas resolveu apostar nesta data. Emocionado falou do trabalho dos mission\u00e1rios nesta semana e da conclus\u00e3o desta miss\u00e3o em sua casa.<\/p>\n<div id=\"attachment_243353\" style=\"width: 1210px\" class=\"wp-caption alignnone\"><img aria-describedby=\"caption-attachment-243353\" loading=\"lazy\" class=\"wp-image-243353 size-full\" src=\"https:\/\/franciscanos.org.br\/noticias\/wp-content\/uploads\/2023\/05\/onibus_08-1.jpg\" alt=\"\" width=\"1200\" height=\"772\" srcset=\"https:\/\/franciscanos.org.br\/noticias\/wp-content\/uploads\/2023\/05\/onibus_08-1.jpg 1200w, https:\/\/franciscanos.org.br\/noticias\/wp-content\/uploads\/2023\/05\/onibus_08-1-450x290.jpg 450w, https:\/\/franciscanos.org.br\/noticias\/wp-content\/uploads\/2023\/05\/onibus_08-1-1024x659.jpg 1024w, https:\/\/franciscanos.org.br\/noticias\/wp-content\/uploads\/2023\/05\/onibus_08-1-768x494.jpg 768w, https:\/\/franciscanos.org.br\/noticias\/wp-content\/uploads\/2023\/05\/onibus_08-1-150x97.jpg 150w\" sizes=\"(max-width: 1200px) 100vw, 1200px\" \/><p id=\"caption-attachment-243353\" class=\"wp-caption-text\"><em>Irm\u00e3 Terezinha, Catequista Franciscana, e Frei Gabriel<\/em><\/p><\/div>\n<p>Marilsa Silva de Almeida disse que estava cansada, mas tamb\u00e9m acostumada porque vem sempre visitar a filha que mora em S\u00e3o Miguel do Oeste (SC). &#8220;Mas valeu fazer essa viagem. Isso \u00e9 amor que temos pelo Gabriel. Nesses anos que esteve conosco nos fez ficarmos mais apaixonados por Jesus&#8221;, disse.<\/p>\n<p>Irm\u00e3 Terezinha Boni, Catequista Franciscana e catarinense, reside na Baixada Fluminense e lamentou que Frei Gabriel ficou apenas dois anos em Imbari\u00e9. &#8220;Pena porque foi no tempo da pandemia e n\u00e3o se podia ter contato&#8221;, recordou.<\/p>\n<p><strong>\u00a0<\/strong><strong>O GRANDE DIA<\/strong><\/p>\n<p>Frei Gabriel Dellandrea ser\u00e1 ordenado presb\u00edtero pelo bispo diocesano de Rio do Sul (SC), Dom On\u00e9cimo Alberton, amanh\u00e3, 20 de maio, \u00e0s 16 horas, na Igreja S\u00e3o Virg\u00edlio do Rodeio 50, em Rodeio e a Primeira Missa ele vai presidir no domingo, 21 de maio, \u00e0s 10 horas, na Igreja Matriz S\u00e3o Francisco de Assis de Rodeio.<\/p>\n<p><img loading=\"lazy\" class=\"alignnone size-full wp-image-243354\" src=\"https:\/\/franciscanos.org.br\/noticias\/wp-content\/uploads\/2023\/05\/terceirodia_18.jpg\" alt=\"\" width=\"1280\" height=\"798\" srcset=\"https:\/\/franciscanos.org.br\/noticias\/wp-content\/uploads\/2023\/05\/terceirodia_18.jpg 1280w, https:\/\/franciscanos.org.br\/noticias\/wp-content\/uploads\/2023\/05\/terceirodia_18-450x281.jpg 450w, https:\/\/franciscanos.org.br\/noticias\/wp-content\/uploads\/2023\/05\/terceirodia_18-1024x638.jpg 1024w, https:\/\/franciscanos.org.br\/noticias\/wp-content\/uploads\/2023\/05\/terceirodia_18-768x479.jpg 768w, https:\/\/franciscanos.org.br\/noticias\/wp-content\/uploads\/2023\/05\/terceirodia_18-150x94.jpg 150w\" sizes=\"(max-width: 1280px) 100vw, 1280px\" \/><\/p>\n<p>\u201cConcedei, meu Deus, que eu vos conhe\u00e7a muito, para poder agir sempre segundo os vossos ensinamentos e de acordo com a vossa Sant\u00edssima Vontade\u201d. A ora\u00e7\u00e3o de S\u00e3o Francisco de Assis foi escolhida como lema para a sua ordena\u00e7\u00e3o.<\/p>\n<p>Frei Gabriel \u00e9 natural de Timb\u00f3 (SC), onde nasceu no dia 7 de outubro de 1994, por\u00e9m a fam\u00edlia sempre morou em Rodeio (SC). Em 2009, ingressou no Semin\u00e1rio Santo Ant\u00f4nio de Agudos (SP) e vestiu o h\u00e1bito franciscano em janeiro de 2013, em Rodeio (SC), onde fez a primeira profiss\u00e3o em 3 de janeiro de 2014. Concluiu o curso de Filosofia em 2016. Fez o Ano Mission\u00e1rio em 2017 e concluiu o curso de Teologia em 2021. Professou na Ordem dos Frades Menores no dia 8 de setembro de 2019. Foi ordenado di\u00e1cono no dia 30 de julho de 2022. Atualmente reside no Convento S\u00e3o Francisco e \u00e9 animador do Servi\u00e7o Vocacional da Prov\u00edncia (SAV), juntamente com o trabalho com as juventudes e o PVF.<\/p>\n<hr \/>\n<p><em>Moacir Beggo<\/em><\/p>\n<p>&nbsp;<\/p>\n","protected":false},"excerpt":{"rendered":"<p>Ordena\u00e7\u00e3o Presbiteral de Frei Gabriel Dellandrea<\/p>\n","protected":false},"author":3,"featured_media":0,"comment_status":"open","ping_status":"open","sticky":false,"template":"","format":"standard","meta":[],"categories":[1],"tags":[2134],"acf":[],"yoast_head":"<!-- This site is optimized with the Yoast SEO plugin v19.2 - https:\/\/yoast.com\/wordpress\/plugins\/seo\/ -->\n<title>Tudo pronto para a Ordena\u00e7\u00e3o Presbiteral de Frei Gabriel - Not\u00edcias - Franciscanos<\/title>\n<meta name=\"robots\" content=\"index, follow, max-snippet:-1, max-image-preview:large, max-video-preview:-1\" \/>\n<link rel=\"canonical\" href=\"https:\/\/franciscanos.org.br\/noticias\/tudo-pronto-para-a-ordenacao-presbiteral-de-frei-gabriel.html\" \/>\n<meta property=\"og:locale\" content=\"pt_BR\" \/>\n<meta property=\"og:type\" content=\"article\" \/>\n<meta property=\"og:title\" content=\"Tudo pronto para a Ordena\u00e7\u00e3o Presbiteral de Frei Gabriel - Not\u00edcias - Franciscanos\" \/>\n<meta property=\"og:description\" content=\"Ordena\u00e7\u00e3o Presbiteral de Frei Gabriel Dellandrea\" \/>\n<meta property=\"og:url\" content=\"https:\/\/franciscanos.org.br\/noticias\/tudo-pronto-para-a-ordenacao-presbiteral-de-frei-gabriel.html\" \/>\n<meta property=\"og:site_name\" content=\"Not\u00edcias - Franciscanos\" \/>\n<meta property=\"article:published_time\" content=\"2023-05-20T02:09:13+00:00\" \/>\n<meta property=\"article:modified_time\" content=\"2023-05-20T02:24:56+00:00\" \/>\n<meta property=\"og:image\" content=\"https:\/\/franciscanos.org.br\/noticias\/wp-content\/uploads\/2023\/05\/terceiro_01-300x300.jpg\" \/>\n<meta name=\"author\" content=\"moacir\" \/>\n<meta name=\"twitter:card\" content=\"summary_large_image\" \/>\n<meta name=\"twitter:label1\" content=\"Escrito por\" \/>\n\t<meta name=\"twitter:data1\" content=\"moacir\" \/>\n\t<meta name=\"twitter:label2\" content=\"Est. tempo de leitura\" \/>\n\t<meta name=\"twitter:data2\" content=\"12 minutos\" \/>\n<script type=\"application\/ld+json\" class=\"yoast-schema-graph\">{\"@context\":\"https:\/\/schema.org\",\"@graph\":[{\"@type\":\"WebSite\",\"@id\":\"https:\/\/franciscanos.org.br\/noticias\/#website\",\"url\":\"https:\/\/franciscanos.org.br\/noticias\/\",\"name\":\"Not\u00edcias - Franciscanos\",\"description\":\"Prov\u00edncia Franciscana da Imaculada Concei\u00e7\u00e3o do Brasil - Ordem dos Frades Menores - OFM\",\"potentialAction\":[{\"@type\":\"SearchAction\",\"target\":{\"@type\":\"EntryPoint\",\"urlTemplate\":\"https:\/\/franciscanos.org.br\/noticias\/?s={search_term_string}\"},\"query-input\":\"required name=search_term_string\"}],\"inLanguage\":\"pt-BR\"},{\"@type\":\"ImageObject\",\"inLanguage\":\"pt-BR\",\"@id\":\"https:\/\/franciscanos.org.br\/noticias\/tudo-pronto-para-a-ordenacao-presbiteral-de-frei-gabriel.html#primaryimage\",\"url\":\"https:\/\/franciscanos.org.br\/noticias\/wp-content\/uploads\/2023\/05\/terceirodia_09.jpg\",\"contentUrl\":\"https:\/\/franciscanos.org.br\/noticias\/wp-content\/uploads\/2023\/05\/terceirodia_09.jpg\",\"width\":1280,\"height\":720},{\"@type\":\"WebPage\",\"@id\":\"https:\/\/franciscanos.org.br\/noticias\/tudo-pronto-para-a-ordenacao-presbiteral-de-frei-gabriel.html#webpage\",\"url\":\"https:\/\/franciscanos.org.br\/noticias\/tudo-pronto-para-a-ordenacao-presbiteral-de-frei-gabriel.html\",\"name\":\"Tudo pronto para a Ordena\u00e7\u00e3o Presbiteral de Frei Gabriel - Not\u00edcias - Franciscanos\",\"isPartOf\":{\"@id\":\"https:\/\/franciscanos.org.br\/noticias\/#website\"},\"primaryImageOfPage\":{\"@id\":\"https:\/\/franciscanos.org.br\/noticias\/tudo-pronto-para-a-ordenacao-presbiteral-de-frei-gabriel.html#primaryimage\"},\"datePublished\":\"2023-05-20T02:09:13+00:00\",\"dateModified\":\"2023-05-20T02:24:56+00:00\",\"author\":{\"@id\":\"https:\/\/franciscanos.org.br\/noticias\/#\/schema\/person\/b5c8cba458c330ccff548b056e95a5d4\"},\"breadcrumb\":{\"@id\":\"https:\/\/franciscanos.org.br\/noticias\/tudo-pronto-para-a-ordenacao-presbiteral-de-frei-gabriel.html#breadcrumb\"},\"inLanguage\":\"pt-BR\",\"potentialAction\":[{\"@type\":\"ReadAction\",\"target\":[\"https:\/\/franciscanos.org.br\/noticias\/tudo-pronto-para-a-ordenacao-presbiteral-de-frei-gabriel.html\"]}]},{\"@type\":\"BreadcrumbList\",\"@id\":\"https:\/\/franciscanos.org.br\/noticias\/tudo-pronto-para-a-ordenacao-presbiteral-de-frei-gabriel.html#breadcrumb\",\"itemListElement\":[{\"@type\":\"ListItem\",\"position\":1,\"name\":\"Home\",\"item\":\"https:\/\/franciscanos.org.br\/noticias\"},{\"@type\":\"ListItem\",\"position\":2,\"name\":\"Tudo pronto para a Ordena\u00e7\u00e3o Presbiteral de Frei Gabriel\"}]},{\"@type\":\"Person\",\"@id\":\"https:\/\/franciscanos.org.br\/noticias\/#\/schema\/person\/b5c8cba458c330ccff548b056e95a5d4\",\"name\":\"moacir\",\"image\":{\"@type\":\"ImageObject\",\"inLanguage\":\"pt-BR\",\"@id\":\"https:\/\/franciscanos.org.br\/noticias\/#\/schema\/person\/image\/\",\"url\":\"https:\/\/secure.gravatar.com\/avatar\/d08aa2ce4c8dd416d4479aa8536fcf64?s=96&d=mm&r=g\",\"contentUrl\":\"https:\/\/secure.gravatar.com\/avatar\/d08aa2ce4c8dd416d4479aa8536fcf64?s=96&d=mm&r=g\",\"caption\":\"moacir\"},\"url\":\"https:\/\/franciscanos.org.br\/noticias\/author\/moacir\"}]}<\/script>\n<!-- \/ Yoast SEO plugin. -->","yoast_head_json":{"title":"Tudo pronto para a Ordena\u00e7\u00e3o Presbiteral de Frei Gabriel - Not\u00edcias - Franciscanos","robots":{"index":"index","follow":"follow","max-snippet":"max-snippet:-1","max-image-preview":"max-image-preview:large","max-video-preview":"max-video-preview:-1"},"canonical":"https:\/\/franciscanos.org.br\/noticias\/tudo-pronto-para-a-ordenacao-presbiteral-de-frei-gabriel.html","og_locale":"pt_BR","og_type":"article","og_title":"Tudo pronto para a Ordena\u00e7\u00e3o Presbiteral de Frei Gabriel - Not\u00edcias - Franciscanos","og_description":"Ordena\u00e7\u00e3o Presbiteral de Frei Gabriel Dellandrea","og_url":"https:\/\/franciscanos.org.br\/noticias\/tudo-pronto-para-a-ordenacao-presbiteral-de-frei-gabriel.html","og_site_name":"Not\u00edcias - Franciscanos","article_published_time":"2023-05-20T02:09:13+00:00","article_modified_time":"2023-05-20T02:24:56+00:00","og_image":[{"url":"https:\/\/franciscanos.org.br\/noticias\/wp-content\/uploads\/2023\/05\/terceiro_01-300x300.jpg"}],"author":"moacir","twitter_card":"summary_large_image","twitter_misc":{"Escrito por":"moacir","Est. tempo de leitura":"12 minutos"},"schema":{"@context":"https:\/\/schema.org","@graph":[{"@type":"WebSite","@id":"https:\/\/franciscanos.org.br\/noticias\/#website","url":"https:\/\/franciscanos.org.br\/noticias\/","name":"Not\u00edcias - Franciscanos","description":"Prov\u00edncia Franciscana da Imaculada Concei\u00e7\u00e3o do Brasil - Ordem dos Frades Menores - OFM","potentialAction":[{"@type":"SearchAction","target":{"@type":"EntryPoint","urlTemplate":"https:\/\/franciscanos.org.br\/noticias\/?s={search_term_string}"},"query-input":"required name=search_term_string"}],"inLanguage":"pt-BR"},{"@type":"ImageObject","inLanguage":"pt-BR","@id":"https:\/\/franciscanos.org.br\/noticias\/tudo-pronto-para-a-ordenacao-presbiteral-de-frei-gabriel.html#primaryimage","url":"https:\/\/franciscanos.org.br\/noticias\/wp-content\/uploads\/2023\/05\/terceirodia_09.jpg","contentUrl":"https:\/\/franciscanos.org.br\/noticias\/wp-content\/uploads\/2023\/05\/terceirodia_09.jpg","width":1280,"height":720},{"@type":"WebPage","@id":"https:\/\/franciscanos.org.br\/noticias\/tudo-pronto-para-a-ordenacao-presbiteral-de-frei-gabriel.html#webpage","url":"https:\/\/franciscanos.org.br\/noticias\/tudo-pronto-para-a-ordenacao-presbiteral-de-frei-gabriel.html","name":"Tudo pronto para a Ordena\u00e7\u00e3o Presbiteral de Frei Gabriel - Not\u00edcias - Franciscanos","isPartOf":{"@id":"https:\/\/franciscanos.org.br\/noticias\/#website"},"primaryImageOfPage":{"@id":"https:\/\/franciscanos.org.br\/noticias\/tudo-pronto-para-a-ordenacao-presbiteral-de-frei-gabriel.html#primaryimage"},"datePublished":"2023-05-20T02:09:13+00:00","dateModified":"2023-05-20T02:24:56+00:00","author":{"@id":"https:\/\/franciscanos.org.br\/noticias\/#\/schema\/person\/b5c8cba458c330ccff548b056e95a5d4"},"breadcrumb":{"@id":"https:\/\/franciscanos.org.br\/noticias\/tudo-pronto-para-a-ordenacao-presbiteral-de-frei-gabriel.html#breadcrumb"},"inLanguage":"pt-BR","potentialAction":[{"@type":"ReadAction","target":["https:\/\/franciscanos.org.br\/noticias\/tudo-pronto-para-a-ordenacao-presbiteral-de-frei-gabriel.html"]}]},{"@type":"BreadcrumbList","@id":"https:\/\/franciscanos.org.br\/noticias\/tudo-pronto-para-a-ordenacao-presbiteral-de-frei-gabriel.html#breadcrumb","itemListElement":[{"@type":"ListItem","position":1,"name":"Home","item":"https:\/\/franciscanos.org.br\/noticias"},{"@type":"ListItem","position":2,"name":"Tudo pronto para a Ordena\u00e7\u00e3o Presbiteral de Frei Gabriel"}]},{"@type":"Person","@id":"https:\/\/franciscanos.org.br\/noticias\/#\/schema\/person\/b5c8cba458c330ccff548b056e95a5d4","name":"moacir","image":{"@type":"ImageObject","inLanguage":"pt-BR","@id":"https:\/\/franciscanos.org.br\/noticias\/#\/schema\/person\/image\/","url":"https:\/\/secure.gravatar.com\/avatar\/d08aa2ce4c8dd416d4479aa8536fcf64?s=96&d=mm&r=g","contentUrl":"https:\/\/secure.gravatar.com\/avatar\/d08aa2ce4c8dd416d4479aa8536fcf64?s=96&d=mm&r=g","caption":"moacir"},"url":"https:\/\/franciscanos.org.br\/noticias\/author\/moacir"}]}},"_links":{"self":[{"href":"https:\/\/franciscanos.org.br\/noticias\/wp-json\/wp\/v2\/posts\/243331"}],"collection":[{"href":"https:\/\/franciscanos.org.br\/noticias\/wp-json\/wp\/v2\/posts"}],"about":[{"href":"https:\/\/franciscanos.org.br\/noticias\/wp-json\/wp\/v2\/types\/post"}],"author":[{"embeddable":true,"href":"https:\/\/franciscanos.org.br\/noticias\/wp-json\/wp\/v2\/users\/3"}],"replies":[{"embeddable":true,"href":"https:\/\/franciscanos.org.br\/noticias\/wp-json\/wp\/v2\/comments?post=243331"}],"version-history":[{"count":4,"href":"https:\/\/franciscanos.org.br\/noticias\/wp-json\/wp\/v2\/posts\/243331\/revisions"}],"predecessor-version":[{"id":243358,"href":"https:\/\/franciscanos.org.br\/noticias\/wp-json\/wp\/v2\/posts\/243331\/revisions\/243358"}],"wp:attachment":[{"href":"https:\/\/franciscanos.org.br\/noticias\/wp-json\/wp\/v2\/media?parent=243331"}],"wp:term":[{"taxonomy":"category","embeddable":true,"href":"https:\/\/franciscanos.org.br\/noticias\/wp-json\/wp\/v2\/categories?post=243331"},{"taxonomy":"post_tag","embeddable":true,"href":"https:\/\/franciscanos.org.br\/noticias\/wp-json\/wp\/v2\/tags?post=243331"}],"curies":[{"name":"wp","href":"https:\/\/api.w.org\/{rel}","templated":true}]}}