{"id":243308,"date":"2023-05-18T22:33:04","date_gmt":"2023-05-19T01:33:04","guid":{"rendered":"https:\/\/franciscanos.org.br\/noticias\/?p=243308"},"modified":"2023-05-18T22:50:49","modified_gmt":"2023-05-19T01:50:49","slug":"um-dia-de-testemunhos-no-triduo-vocacional","status":"publish","type":"post","link":"https:\/\/franciscanos.org.br\/noticias\/um-dia-de-testemunhos-no-triduo-vocacional.html","title":{"rendered":"Um dia de testemunhos no Tr\u00edduo Vocacional"},"content":{"rendered":"<p><img loading=\"lazy\" class=\"alignnone size-full wp-image-243309\" src=\"https:\/\/franciscanos.org.br\/noticias\/wp-content\/uploads\/2023\/05\/segundodia_12.jpg\" alt=\"\" width=\"1280\" height=\"720\" srcset=\"https:\/\/franciscanos.org.br\/noticias\/wp-content\/uploads\/2023\/05\/segundodia_12.jpg 1280w, https:\/\/franciscanos.org.br\/noticias\/wp-content\/uploads\/2023\/05\/segundodia_12-450x253.jpg 450w, https:\/\/franciscanos.org.br\/noticias\/wp-content\/uploads\/2023\/05\/segundodia_12-1024x576.jpg 1024w, https:\/\/franciscanos.org.br\/noticias\/wp-content\/uploads\/2023\/05\/segundodia_12-768x432.jpg 768w, https:\/\/franciscanos.org.br\/noticias\/wp-content\/uploads\/2023\/05\/segundodia_12-150x84.jpg 150w\" sizes=\"(max-width: 1280px) 100vw, 1280px\" \/><\/p>\n<p><strong>\u00a0<\/strong><strong>Rodeio (SC)<\/strong> &#8211; O segundo dia do Tr\u00edduo Vocacional, nesta quinta-feira (18\/05) marcou pelos exemplos de vida religiosa. No dia em que se refletiu sobre a Voca\u00e7\u00e3o Religiosa, o jovem Frei Gabriel Dellandrea, que ser\u00e1 ordenado presb\u00edtero neste s\u00e1bado, teve os testemunhos de Frei Jos\u00e9 Bertoldi, de Irm\u00e3 In\u00eas, das lutadoras Irm\u00e3s Catequistas Franciscanas que se reergueram depois da enchente em Rodeio e de Frei Policarpo Berri, atrav\u00e9s do testemunho do seu sobrinho.<\/p>\n<p>Para falar de vida religiosa, a equipe de Anima\u00e7\u00e3o Vocacional da Prov\u00edncia (SAV), da qual Frei Gabriel faz parte, escolheu a Casa-M\u00e3e das Irm\u00e3s Catequistas Franciscanas, no centro de Rodeio (SC). Neste m\u00eas Mariano, a cada dezena do Ter\u00e7o Vocacional refletiu-se sobre a voca\u00e7\u00e3o dos consagrados e rezou-se pelas voca\u00e7\u00f5es no Ano Vocacional da Prov\u00edncia da Imaculada Concei\u00e7\u00e3o, pela voca\u00e7\u00e3o de Frei Gabriel e de todas as religiosas.<\/p>\n<p><img loading=\"lazy\" class=\"alignnone size-full wp-image-243310\" src=\"https:\/\/franciscanos.org.br\/noticias\/wp-content\/uploads\/2023\/05\/segundodia_14.jpg\" alt=\"\" width=\"1280\" height=\"796\" srcset=\"https:\/\/franciscanos.org.br\/noticias\/wp-content\/uploads\/2023\/05\/segundodia_14.jpg 1280w, https:\/\/franciscanos.org.br\/noticias\/wp-content\/uploads\/2023\/05\/segundodia_14-450x280.jpg 450w, https:\/\/franciscanos.org.br\/noticias\/wp-content\/uploads\/2023\/05\/segundodia_14-1024x637.jpg 1024w, https:\/\/franciscanos.org.br\/noticias\/wp-content\/uploads\/2023\/05\/segundodia_14-768x478.jpg 768w, https:\/\/franciscanos.org.br\/noticias\/wp-content\/uploads\/2023\/05\/segundodia_14-150x93.jpg 150w\" sizes=\"(max-width: 1280px) 100vw, 1280px\" \/><\/p>\n<p>A Ministra Provincial da Prov\u00edncia Imaculado Cora\u00e7\u00e3o de Maria, Ir. Ivonete Gardini, acolheu e saudou a todos nesta noite. &#8220;Onde est\u00e1 uma Irm\u00e3 Catequista Franciscana, Rodeio est\u00e1 presente. Aqui surgiu a nossa Congrega\u00e7\u00e3o&#8221;, disse.<\/p>\n<p>&#8220;Para n\u00f3s \u00e9 um motivo de muita alegria e, desde j\u00e1 a gente agradece, a Frei Gabriel e Frei Je\u00e2, certamente a Prov\u00edncia da Imaculada, que escolheram a nossa casa. Para n\u00f3s, hoje \u00e9 um dia muito significativo porque h\u00e1 quatro meses essa capela estava cheia de lama. E n\u00f3s fomos acolhidos, fraternalmente, pelos frades. N\u00f3s n\u00e3o ficamos mais abaladas emocionalmente porque recebemos o carinho fraterno de nossos irm\u00e3os, os freis, que acolheram por muitos dias as nossas irm\u00e3s mais fragilizadas pela idade. Que bom, que gratificante abrir hoje as portas de nossa capela para acolher a Fam\u00edlia Franciscana, para acolher a comunidade de Rodeio neste espa\u00e7o, que para n\u00f3s \u00e9 muito sagrado&#8221;, celebrou Ir. Ivonete.<\/p>\n<p><img loading=\"lazy\" class=\"alignnone size-full wp-image-243311\" src=\"https:\/\/franciscanos.org.br\/noticias\/wp-content\/uploads\/2023\/05\/segundodia_13.jpg\" alt=\"\" width=\"1280\" height=\"853\" srcset=\"https:\/\/franciscanos.org.br\/noticias\/wp-content\/uploads\/2023\/05\/segundodia_13.jpg 1280w, https:\/\/franciscanos.org.br\/noticias\/wp-content\/uploads\/2023\/05\/segundodia_13-450x300.jpg 450w, https:\/\/franciscanos.org.br\/noticias\/wp-content\/uploads\/2023\/05\/segundodia_13-1024x682.jpg 1024w, https:\/\/franciscanos.org.br\/noticias\/wp-content\/uploads\/2023\/05\/segundodia_13-768x512.jpg 768w, https:\/\/franciscanos.org.br\/noticias\/wp-content\/uploads\/2023\/05\/segundodia_13-150x100.jpg 150w\" sizes=\"(max-width: 1280px) 100vw, 1280px\" \/><\/p>\n\n\t\t<style type=\"text\/css\">\n\t\t\t#gallery-1 {\n\t\t\t\tmargin: auto;\n\t\t\t}\n\t\t\t#gallery-1 .gallery-item {\n\t\t\t\tfloat: left;\n\t\t\t\tmargin-top: 10px;\n\t\t\t\ttext-align: center;\n\t\t\t\twidth: 20%;\n\t\t\t}\n\t\t\t#gallery-1 img {\n\t\t\t\tborder: 2px solid #cfcfcf;\n\t\t\t}\n\t\t\t#gallery-1 .gallery-caption {\n\t\t\t\tmargin-left: 0;\n\t\t\t}\n\t\t\t\/* see gallery_shortcode() in wp-includes\/media.php *\/\n\t\t<\/style>\n\t\t<div id='gallery-1' class='gallery galleryid-243308 gallery-columns-5 gallery-size-thumbnail'><dl class='gallery-item'>\n\t\t\t<dt class='gallery-icon landscape'>\n\t\t\t\t<a href='https:\/\/franciscanos.org.br\/noticias\/wp-content\/uploads\/2023\/05\/segundo_01.jpg'><img width=\"300\" height=\"300\" src=\"https:\/\/franciscanos.org.br\/noticias\/wp-content\/uploads\/2023\/05\/segundo_01-300x300.jpg\" class=\"attachment-thumbnail size-thumbnail\" alt=\"\" loading=\"lazy\" srcset=\"https:\/\/franciscanos.org.br\/noticias\/wp-content\/uploads\/2023\/05\/segundo_01-300x300.jpg 300w, https:\/\/franciscanos.org.br\/noticias\/wp-content\/uploads\/2023\/05\/segundo_01-100x100.jpg 100w\" sizes=\"(max-width: 300px) 100vw, 300px\" \/><\/a>\n\t\t\t<\/dt><\/dl><dl class='gallery-item'>\n\t\t\t<dt class='gallery-icon landscape'>\n\t\t\t\t<a href='https:\/\/franciscanos.org.br\/noticias\/wp-content\/uploads\/2023\/05\/segundo_02.jpg'><img width=\"300\" height=\"300\" src=\"https:\/\/franciscanos.org.br\/noticias\/wp-content\/uploads\/2023\/05\/segundo_02-300x300.jpg\" class=\"attachment-thumbnail size-thumbnail\" alt=\"\" loading=\"lazy\" srcset=\"https:\/\/franciscanos.org.br\/noticias\/wp-content\/uploads\/2023\/05\/segundo_02-300x300.jpg 300w, https:\/\/franciscanos.org.br\/noticias\/wp-content\/uploads\/2023\/05\/segundo_02-100x100.jpg 100w\" sizes=\"(max-width: 300px) 100vw, 300px\" \/><\/a>\n\t\t\t<\/dt><\/dl><dl class='gallery-item'>\n\t\t\t<dt class='gallery-icon landscape'>\n\t\t\t\t<a href='https:\/\/franciscanos.org.br\/noticias\/wp-content\/uploads\/2023\/05\/segundo_03.jpg'><img width=\"300\" height=\"300\" src=\"https:\/\/franciscanos.org.br\/noticias\/wp-content\/uploads\/2023\/05\/segundo_03-300x300.jpg\" class=\"attachment-thumbnail size-thumbnail\" alt=\"\" loading=\"lazy\" srcset=\"https:\/\/franciscanos.org.br\/noticias\/wp-content\/uploads\/2023\/05\/segundo_03-300x300.jpg 300w, https:\/\/franciscanos.org.br\/noticias\/wp-content\/uploads\/2023\/05\/segundo_03-100x100.jpg 100w\" sizes=\"(max-width: 300px) 100vw, 300px\" \/><\/a>\n\t\t\t<\/dt><\/dl><dl class='gallery-item'>\n\t\t\t<dt class='gallery-icon landscape'>\n\t\t\t\t<a href='https:\/\/franciscanos.org.br\/noticias\/wp-content\/uploads\/2023\/05\/segundo_04.jpg'><img width=\"300\" height=\"300\" src=\"https:\/\/franciscanos.org.br\/noticias\/wp-content\/uploads\/2023\/05\/segundo_04-300x300.jpg\" class=\"attachment-thumbnail size-thumbnail\" alt=\"\" loading=\"lazy\" srcset=\"https:\/\/franciscanos.org.br\/noticias\/wp-content\/uploads\/2023\/05\/segundo_04-300x300.jpg 300w, https:\/\/franciscanos.org.br\/noticias\/wp-content\/uploads\/2023\/05\/segundo_04-100x100.jpg 100w\" sizes=\"(max-width: 300px) 100vw, 300px\" \/><\/a>\n\t\t\t<\/dt><\/dl><dl class='gallery-item'>\n\t\t\t<dt class='gallery-icon landscape'>\n\t\t\t\t<a href='https:\/\/franciscanos.org.br\/noticias\/wp-content\/uploads\/2023\/05\/segundo_05.jpg'><img width=\"300\" height=\"300\" src=\"https:\/\/franciscanos.org.br\/noticias\/wp-content\/uploads\/2023\/05\/segundo_05-300x300.jpg\" class=\"attachment-thumbnail size-thumbnail\" alt=\"\" loading=\"lazy\" srcset=\"https:\/\/franciscanos.org.br\/noticias\/wp-content\/uploads\/2023\/05\/segundo_05-300x300.jpg 300w, https:\/\/franciscanos.org.br\/noticias\/wp-content\/uploads\/2023\/05\/segundo_05-100x100.jpg 100w\" sizes=\"(max-width: 300px) 100vw, 300px\" \/><\/a>\n\t\t\t<\/dt><\/dl><br style=\"clear: both\" \/>\n\t\t<\/div>\n\n<p><em>(toque nas imagens menores para ampli\u00e1-las)<\/em><\/p>\n<p>&#8220;Queremos agradecer a Deus pelo dom de nossa vida, pelo chamado \u00e0 santidade, pela gra\u00e7a do batismo, pela nossa voca\u00e7\u00e3o e por sermos Igreja de disc\u00edpulos mission\u00e1rios de Jesus Cristo a servi\u00e7o das voca\u00e7\u00f5es, aqui e agora&#8221;, animou Frei Augusto Luiz Gabriel, que \u00e9 di\u00e1cono e integrou a turma de Frei Gabriel, e conduziu as reflex\u00f5es a cada dezena do Ter\u00e7o.<\/p>\n<p>Na primeira dezena refletiu-se sobre a busca. &#8220;Onde moras?\u201d \u00e9 a pergunta dos disc\u00edpulos Andr\u00e9 e Jo\u00e3o a Jesus, que responde: Vinde e Vede. &#8220;Qual \u00e9 o projeto de Deus para mim? O que Deus quer de mim?&#8221;, prop\u00f4s o frade.<\/p>\n<p><img loading=\"lazy\" class=\"alignnone size-full wp-image-243317\" src=\"https:\/\/franciscanos.org.br\/noticias\/wp-content\/uploads\/2023\/05\/segundodia_17.jpg\" alt=\"\" width=\"1280\" height=\"1556\" srcset=\"https:\/\/franciscanos.org.br\/noticias\/wp-content\/uploads\/2023\/05\/segundodia_17.jpg 888w, https:\/\/franciscanos.org.br\/noticias\/wp-content\/uploads\/2023\/05\/segundodia_17-370x450.jpg 370w, https:\/\/franciscanos.org.br\/noticias\/wp-content\/uploads\/2023\/05\/segundodia_17-842x1024.jpg 842w, https:\/\/franciscanos.org.br\/noticias\/wp-content\/uploads\/2023\/05\/segundodia_17-768x934.jpg 768w, https:\/\/franciscanos.org.br\/noticias\/wp-content\/uploads\/2023\/05\/segundodia_17-1264x1536.jpg 1264w, https:\/\/franciscanos.org.br\/noticias\/wp-content\/uploads\/2023\/05\/segundodia_17-150x182.jpg 150w\" sizes=\"(max-width: 1280px) 100vw, 1280px\" \/><\/p>\n<p>Na segunda dezena, o tema foi o chamado: &#8220;Os disc\u00edpulos percebem em Jesus Cristo algo de diferente, algo de aut\u00eantico e profundo e, por isso, aceitam deixar imediatamente as redes e segui-Lo. E eu, quantas vezes fico preso \u00e0 rotina, ao comodismo e n\u00e3o dou aten\u00e7\u00e3o ao olhar de Cristo, quando cruzo com Ele pelo caminho? Tenho medo de comprometer-me como disc\u00edpulo mission\u00e1rio?&#8221;, acrescentou Frei Augusto.<\/p>\n<p>A terceira dezena abordou o seguimento. \u2018Se algu\u00e9m quiser vir ap\u00f3s mim, renuncie a si mesmo, tome a sua cruz e me siga&#8217;. &#8220;Aceitar o chamado de Cristo para a vida consagrada, religiosa ou sacerdotal, mission\u00e1ria, matrimonial ou leiga, assumindo a voca\u00e7\u00e3o crist\u00e3, implica em am\u00e1-Lo e caminhar com Ele&#8221;, lembrou Frei Augusto.<\/p>\n<p><img loading=\"lazy\" class=\"alignnone size-full wp-image-243318\" src=\"https:\/\/franciscanos.org.br\/noticias\/wp-content\/uploads\/2023\/05\/segundodia_15.jpg\" alt=\"\" width=\"1280\" height=\"1725\" srcset=\"https:\/\/franciscanos.org.br\/noticias\/wp-content\/uploads\/2023\/05\/segundodia_15.jpg 801w, https:\/\/franciscanos.org.br\/noticias\/wp-content\/uploads\/2023\/05\/segundodia_15-334x450.jpg 334w, https:\/\/franciscanos.org.br\/noticias\/wp-content\/uploads\/2023\/05\/segundodia_15-760x1024.jpg 760w, https:\/\/franciscanos.org.br\/noticias\/wp-content\/uploads\/2023\/05\/segundodia_15-768x1035.jpg 768w, https:\/\/franciscanos.org.br\/noticias\/wp-content\/uploads\/2023\/05\/segundodia_15-1140x1536.jpg 1140w, https:\/\/franciscanos.org.br\/noticias\/wp-content\/uploads\/2023\/05\/segundodia_15-150x202.jpg 150w\" sizes=\"(max-width: 1280px) 100vw, 1280px\" \/><\/p>\n<p>A miss\u00e3o foi tema da 4\u00aa dezena: \u201cIde, eu vos envio como cordeiros para o meio de lobos&#8221;. &#8220;Todos os batizados devem viver como disc\u00edpulos mission\u00e1rios. &#8216;Ide, eu vos envio&#8230;&#8217; \u00e9 mandato de Cristo para todos&#8221;, real\u00e7ou o frade.<\/p>\n<p>Na quinta dezena, a Fidelidade radical: &#8220;Jesus chama os batizados para entregarem-se radicalmente ao servi\u00e7o do Reino. Exige encontrar n\u2019Ele o sentido da vida, o desapego do mundo e do pr\u00f3prio eu. Exige discernimento e resposta corajosa&#8221;, explicou Frei Augusto.<\/p>\n<p><img loading=\"lazy\" class=\"alignnone size-full wp-image-243319\" src=\"https:\/\/franciscanos.org.br\/noticias\/wp-content\/uploads\/2023\/05\/segundodia_18.jpg\" alt=\"\" width=\"1280\" height=\"818\" srcset=\"https:\/\/franciscanos.org.br\/noticias\/wp-content\/uploads\/2023\/05\/segundodia_18.jpg 1280w, https:\/\/franciscanos.org.br\/noticias\/wp-content\/uploads\/2023\/05\/segundodia_18-450x288.jpg 450w, https:\/\/franciscanos.org.br\/noticias\/wp-content\/uploads\/2023\/05\/segundodia_18-1024x654.jpg 1024w, https:\/\/franciscanos.org.br\/noticias\/wp-content\/uploads\/2023\/05\/segundodia_18-768x491.jpg 768w, https:\/\/franciscanos.org.br\/noticias\/wp-content\/uploads\/2023\/05\/segundodia_18-150x96.jpg 150w\" sizes=\"(max-width: 1280px) 100vw, 1280px\" \/><\/p>\n<p>No final, Frei Gabriel manifestou publicamente sua vontade de receber o minist\u00e9rio presbiteral e de perseverar dentro do carisma franciscano, obedecendo aos seus votos religiosos. Ao seu lado, dois testemunhos de vida religiosa: &#8220;Temos dois consagrados, que s\u00e3o sinais de perseveran\u00e7a e fidelidade, tamb\u00e9m nascidos nesta terra de Rodeio: Frei Jos\u00e9 Bertoldi, com 88 anos; e Irm\u00e3 In\u00eas Cochner, com 96 anos&#8221;, disse Frei Je\u00e2 Paulo Andrade, animador provincial do SAV. Frei Bepe, como \u00e9 conhecido Frei Jos\u00e9, disse que est\u00e1 repetindo o Noviciado: &#8220;Estou entre os novi\u00e7os com muita alegria&#8221;, contou o frade. Irm\u00e3 In\u00eas disse que passou por muitos e muitos lugares, e agora voltou &#8220;para descansar na Casa-M\u00e3e&#8221;.<\/p>\n<p>As Irm\u00e3s Catequistas e suas Novi\u00e7as, ent\u00e3o, entoaram a Ladainha de Nossa Senhora.<\/p>\n<p><img loading=\"lazy\" class=\"alignnone size-full wp-image-243320\" src=\"https:\/\/franciscanos.org.br\/noticias\/wp-content\/uploads\/2023\/05\/segundodia_16.jpg\" alt=\"\" width=\"1280\" height=\"825\" srcset=\"https:\/\/franciscanos.org.br\/noticias\/wp-content\/uploads\/2023\/05\/segundodia_16.jpg 1280w, https:\/\/franciscanos.org.br\/noticias\/wp-content\/uploads\/2023\/05\/segundodia_16-450x290.jpg 450w, https:\/\/franciscanos.org.br\/noticias\/wp-content\/uploads\/2023\/05\/segundodia_16-1024x660.jpg 1024w, https:\/\/franciscanos.org.br\/noticias\/wp-content\/uploads\/2023\/05\/segundodia_16-768x495.jpg 768w, https:\/\/franciscanos.org.br\/noticias\/wp-content\/uploads\/2023\/05\/segundodia_16-150x97.jpg 150w\" sizes=\"(max-width: 1280px) 100vw, 1280px\" \/><\/p>\n<p>No final, Frei Gabriel agradeceu as Irm\u00e3s Catequistas pela acolhida. &#8220;De fato, esta celebra\u00e7\u00e3o foi pensada para esta Casa no dia que refletimos sobre a voca\u00e7\u00e3o religiosa. Ainda que alguns freis assumam a miss\u00e3o de presb\u00edteros, permanecemos freis. Esta \u00e9 a nossa voca\u00e7\u00e3o. Somos completos por sermos freis. E alguns de n\u00f3s assume a miss\u00e3o, o servi\u00e7o de sermos presb\u00edteros, mas a nossa voca\u00e7\u00e3o primeira \u00e9 sermos irm\u00e3os e frades menores&#8221;, disse Frei Gabriel, agradecendo \u00e0s Irm\u00e3s, aos frades e ao povo. &#8220;Que bom que estiveram aqui conosco. Quero agradecer ao Frei Augusto (se emociona). Cultivamos uma grande amizade na nossa caminhada&#8221;, disse, pedindo uma salva de palmas a ele. Frei Gabriel lembrou que Frei Roger Strapazzon, tamb\u00e9m presente nas celebra\u00e7\u00f5es, \u00e9 de sua turma, assim como Frei Hugo, que est\u00e1 em Angola.<\/p>\n<p><strong>NA COMUNIDADE DE FREI POLICARPO BERRI<\/strong><\/p>\n<p><img loading=\"lazy\" class=\"alignnone size-full wp-image-243321\" src=\"https:\/\/franciscanos.org.br\/noticias\/wp-content\/uploads\/2023\/05\/segundodia_04.jpg\" alt=\"\" width=\"1280\" height=\"853\" srcset=\"https:\/\/franciscanos.org.br\/noticias\/wp-content\/uploads\/2023\/05\/segundodia_04.jpg 1280w, https:\/\/franciscanos.org.br\/noticias\/wp-content\/uploads\/2023\/05\/segundodia_04-450x300.jpg 450w, https:\/\/franciscanos.org.br\/noticias\/wp-content\/uploads\/2023\/05\/segundodia_04-1024x682.jpg 1024w, https:\/\/franciscanos.org.br\/noticias\/wp-content\/uploads\/2023\/05\/segundodia_04-768x512.jpg 768w, https:\/\/franciscanos.org.br\/noticias\/wp-content\/uploads\/2023\/05\/segundodia_04-150x100.jpg 150w\" sizes=\"(max-width: 1280px) 100vw, 1280px\" \/><\/p>\n<p><em>Da dir. para esq.: Giovanni Paolo Berri, Natalina Stedile, Ismael Serafin Berri, aspirante Francisco e Frei Roger<\/em><\/p>\n<p>Para Frei Policarpo Berri, conhecido frade desta Prov\u00edncia e venerado pelo povo de Pato Branco (PR), onde viveu mais de 64 anos, a igreja da Comunidade Rodeio 50 &#8220;parece uma catedral&#8221;. Quem faz essa revela\u00e7\u00e3o \u00e9 seu sobrinho Ismael Serafin Berri, que hoje reside na casa em que viveu o frade. O tio, muito querido pelo sobrinho, n\u00e3o deixava de voltar para o seu lar de crian\u00e7a.&#8221;Mas ele era muito simples. Ia sempre busc\u00e1-lo na rodovia para Ascurra e ele n\u00e3o trazia mala, mas apenas alguns pertences. N\u00e3o ficava muito aqui e logo estava de volta a Pato Branco. Aquela cidade tinha um im\u00e3 que o atra\u00eda&#8221;, diz Ismael, que nesta quinta-feira acompanhou os mission\u00e1rios no Rodeio 50, onde est\u00e1 a Igreja de S\u00e3o Virg\u00edlio, o lugar escolhido por Frei Gabriel para a sua Ordena\u00e7\u00e3o Presbiteral.<\/p>\n\n\t\t<style type=\"text\/css\">\n\t\t\t#gallery-2 {\n\t\t\t\tmargin: auto;\n\t\t\t}\n\t\t\t#gallery-2 .gallery-item {\n\t\t\t\tfloat: left;\n\t\t\t\tmargin-top: 10px;\n\t\t\t\ttext-align: center;\n\t\t\t\twidth: 25%;\n\t\t\t}\n\t\t\t#gallery-2 img {\n\t\t\t\tborder: 2px solid #cfcfcf;\n\t\t\t}\n\t\t\t#gallery-2 .gallery-caption {\n\t\t\t\tmargin-left: 0;\n\t\t\t}\n\t\t\t\/* see gallery_shortcode() in wp-includes\/media.php *\/\n\t\t<\/style>\n\t\t<div id='gallery-2' class='gallery galleryid-243308 gallery-columns-4 gallery-size-thumbnail'><dl class='gallery-item'>\n\t\t\t<dt class='gallery-icon landscape'>\n\t\t\t\t<a href='https:\/\/franciscanos.org.br\/noticias\/wp-content\/uploads\/2023\/05\/segundodia_08.jpg'><img width=\"300\" height=\"300\" src=\"https:\/\/franciscanos.org.br\/noticias\/wp-content\/uploads\/2023\/05\/segundodia_08-300x300.jpg\" class=\"attachment-thumbnail size-thumbnail\" alt=\"\" loading=\"lazy\" srcset=\"https:\/\/franciscanos.org.br\/noticias\/wp-content\/uploads\/2023\/05\/segundodia_08-300x300.jpg 300w, https:\/\/franciscanos.org.br\/noticias\/wp-content\/uploads\/2023\/05\/segundodia_08-100x100.jpg 100w\" sizes=\"(max-width: 300px) 100vw, 300px\" \/><\/a>\n\t\t\t<\/dt><\/dl><dl class='gallery-item'>\n\t\t\t<dt class='gallery-icon landscape'>\n\t\t\t\t<a href='https:\/\/franciscanos.org.br\/noticias\/wp-content\/uploads\/2023\/05\/segundodia_10.jpg'><img width=\"300\" height=\"300\" src=\"https:\/\/franciscanos.org.br\/noticias\/wp-content\/uploads\/2023\/05\/segundodia_10-300x300.jpg\" class=\"attachment-thumbnail size-thumbnail\" alt=\"\" loading=\"lazy\" srcset=\"https:\/\/franciscanos.org.br\/noticias\/wp-content\/uploads\/2023\/05\/segundodia_10-300x300.jpg 300w, https:\/\/franciscanos.org.br\/noticias\/wp-content\/uploads\/2023\/05\/segundodia_10-100x100.jpg 100w\" sizes=\"(max-width: 300px) 100vw, 300px\" \/><\/a>\n\t\t\t<\/dt><\/dl><dl class='gallery-item'>\n\t\t\t<dt class='gallery-icon landscape'>\n\t\t\t\t<a href='https:\/\/franciscanos.org.br\/noticias\/wp-content\/uploads\/2023\/05\/segundodia_02.jpg'><img width=\"300\" height=\"300\" src=\"https:\/\/franciscanos.org.br\/noticias\/wp-content\/uploads\/2023\/05\/segundodia_02-300x300.jpg\" class=\"attachment-thumbnail size-thumbnail\" alt=\"\" loading=\"lazy\" srcset=\"https:\/\/franciscanos.org.br\/noticias\/wp-content\/uploads\/2023\/05\/segundodia_02-300x300.jpg 300w, https:\/\/franciscanos.org.br\/noticias\/wp-content\/uploads\/2023\/05\/segundodia_02-100x100.jpg 100w\" sizes=\"(max-width: 300px) 100vw, 300px\" \/><\/a>\n\t\t\t<\/dt><\/dl><dl class='gallery-item'>\n\t\t\t<dt class='gallery-icon landscape'>\n\t\t\t\t<a href='https:\/\/franciscanos.org.br\/noticias\/wp-content\/uploads\/2023\/05\/segundodia_11.jpg'><img width=\"300\" height=\"300\" src=\"https:\/\/franciscanos.org.br\/noticias\/wp-content\/uploads\/2023\/05\/segundodia_11-300x300.jpg\" class=\"attachment-thumbnail size-thumbnail\" alt=\"\" loading=\"lazy\" srcset=\"https:\/\/franciscanos.org.br\/noticias\/wp-content\/uploads\/2023\/05\/segundodia_11-300x300.jpg 300w, https:\/\/franciscanos.org.br\/noticias\/wp-content\/uploads\/2023\/05\/segundodia_11-100x100.jpg 100w\" sizes=\"(max-width: 300px) 100vw, 300px\" \/><\/a>\n\t\t\t<\/dt><\/dl><br style=\"clear: both\" \/>\n\t\t<\/div>\n\n<p><em>O sobrinho Ismael, Frei Policarpo, as iniciais e a data da constru\u00e7\u00e3o da casa pelo Pai de Frei Policarpo.\u00a0<\/em><\/p>\n<p><em>(toque nas imagens para ampli\u00e1-las)<\/em><\/p>\n<p>Frei Policarpo \u00e9 um dos 11 filhos de Mel\u00e2nia e F\u00e9lix Berri. A casa onde mora Ismael ainda tem a data da constru\u00e7\u00e3o e o nome de seu av\u00f4. &#8220;Aqui \u00e9 um espa\u00e7o de muita paz e tranquilidade. Aqui o garoto Policarpo brincava antes de seguir para o Semin\u00e1rio de Rio Negro com 11 anos de idade&#8221;, lembrou Ismael.<\/p>\n<p>O bairro Rodeio 50 leva esse nome, pois a Igreja e a escola encontram-se no lote de n\u00ba 50. Segundo Ismael, a devo\u00e7\u00e3o ao padroeiro S\u00e3o Virgilio veio com os imigrantes italianos, mais precisamente da regi\u00e3o de Trento. A constru\u00e7\u00e3o da Capela, uma das mais belas do Vale do itaja\u00ed, come\u00e7ou em 1952 e foi conclu\u00edda aproximadamente quatro anos depois. Segundo Ismael, hoje o bairro n\u00e3o tem mais que 200 fam\u00edlias.<\/p>\n<p><img loading=\"lazy\" class=\"alignnone size-full wp-image-243326\" src=\"https:\/\/franciscanos.org.br\/noticias\/wp-content\/uploads\/2023\/05\/segundodia_01.png\" alt=\"\" width=\"1280\" height=\"1777\" srcset=\"https:\/\/franciscanos.org.br\/noticias\/wp-content\/uploads\/2023\/05\/segundodia_01.png 1280w, https:\/\/franciscanos.org.br\/noticias\/wp-content\/uploads\/2023\/05\/segundodia_01-324x450.png 324w, https:\/\/franciscanos.org.br\/noticias\/wp-content\/uploads\/2023\/05\/segundodia_01-738x1024.png 738w, https:\/\/franciscanos.org.br\/noticias\/wp-content\/uploads\/2023\/05\/segundodia_01-768x1066.png 768w, https:\/\/franciscanos.org.br\/noticias\/wp-content\/uploads\/2023\/05\/segundodia_01-1106x1536.png 1106w, https:\/\/franciscanos.org.br\/noticias\/wp-content\/uploads\/2023\/05\/segundodia_01-150x208.png 150w\" sizes=\"(max-width: 1280px) 100vw, 1280px\" \/><\/p>\n<p>Os mission\u00e1rios que se dividiram para visitar as fam\u00edlias nesta quinta-feira, almo\u00e7aram na Casa que \u00e9 o Noviciado das Irm\u00e3s Catequistas Franciscanas. Elas est\u00e3o nesta comunidade desde sua funda\u00e7\u00e3o em 1915, quando duas jovens naturais de Rodeio, Am\u00e1bile e Maria Avosani e, posteriormente, Lidu\u00edna Venturi, fundaram a Congrega\u00e7\u00e3o. Muitos colaboraram como primeiras formadoras da comunidade, tanto na parte religiosa como na escolar. No Noviciado, quatro jovens est\u00e3o se preparando para a vida religiosa.<\/p>\n<p><strong>TERCEIRO DIA DO TR\u00cdDUO<\/strong><\/p>\n<p>Nesta sexta-feira, Frei Gabriel vai fazer Declara\u00e7\u00e3o de Fidelidade \u00e0 Igreja no minist\u00e9rio presbiteral. O tema do dia ser\u00e1 a Voca\u00e7\u00e3o Presbiteral, com o encerramento do Tr\u00edduo Vocacional na Comunidade do G\u00e1vea.<\/p>\n<p><img loading=\"lazy\" class=\"alignnone size-full wp-image-243327\" src=\"https:\/\/franciscanos.org.br\/noticias\/wp-content\/uploads\/2023\/05\/segundodia_07.jpg\" alt=\"\" width=\"1280\" height=\"853\" srcset=\"https:\/\/franciscanos.org.br\/noticias\/wp-content\/uploads\/2023\/05\/segundodia_07.jpg 1280w, https:\/\/franciscanos.org.br\/noticias\/wp-content\/uploads\/2023\/05\/segundodia_07-450x300.jpg 450w, https:\/\/franciscanos.org.br\/noticias\/wp-content\/uploads\/2023\/05\/segundodia_07-1024x682.jpg 1024w, https:\/\/franciscanos.org.br\/noticias\/wp-content\/uploads\/2023\/05\/segundodia_07-768x512.jpg 768w, https:\/\/franciscanos.org.br\/noticias\/wp-content\/uploads\/2023\/05\/segundodia_07-150x100.jpg 150w\" sizes=\"(max-width: 1280px) 100vw, 1280px\" \/><\/p>\n<p>A partir das 8h45, os mission\u00e1rios continuam suas atividades nos bairros do G\u00e1vea, Centro, Nova Bras\u00edlia, S\u00e3o Pedrinho, Diamante, Rio Morto. Almo\u00e7am nas comunidades e s\u00f3 retornam para o Tr\u00edduo. A visita dever\u00e1 priorizar os doentes, idosos, pessoas afastadas das comunidades e atingidas pela enchente no in\u00edcio do ano.<\/p>\n<p><img loading=\"lazy\" class=\"alignnone size-full wp-image-243328\" src=\"https:\/\/franciscanos.org.br\/noticias\/wp-content\/uploads\/2023\/05\/segundodia_05.jpg\" alt=\"\" width=\"1280\" height=\"853\" srcset=\"https:\/\/franciscanos.org.br\/noticias\/wp-content\/uploads\/2023\/05\/segundodia_05.jpg 1280w, https:\/\/franciscanos.org.br\/noticias\/wp-content\/uploads\/2023\/05\/segundodia_05-450x300.jpg 450w, https:\/\/franciscanos.org.br\/noticias\/wp-content\/uploads\/2023\/05\/segundodia_05-1024x682.jpg 1024w, https:\/\/franciscanos.org.br\/noticias\/wp-content\/uploads\/2023\/05\/segundodia_05-768x512.jpg 768w, https:\/\/franciscanos.org.br\/noticias\/wp-content\/uploads\/2023\/05\/segundodia_05-150x100.jpg 150w\" sizes=\"(max-width: 1280px) 100vw, 1280px\" \/><\/p>\n<p>A equipe do SAV prop\u00f5e arrecada\u00e7\u00e3o de produtos de higiene pessoal para os semin\u00e1rios da Prov\u00edncia no ofert\u00f3rio das celebra\u00e7\u00f5es, como gesto concreto da miss\u00e3o: (sabonete, shampoo, desodorante, pasta e escova de dente&#8230;)<\/p>\n<hr \/>\n<p><em>Moacir Beggo<\/em><\/p>\n","protected":false},"excerpt":{"rendered":"<p>Ordena\u00e7\u00e3o Presbiteral de Frei Gabriel Dellandrea <\/p>\n","protected":false},"author":3,"featured_media":243309,"comment_status":"open","ping_status":"open","sticky":false,"template":"","format":"standard","meta":[],"categories":[1],"tags":[2134],"acf":[],"yoast_head":"<!-- This site is optimized with the Yoast SEO plugin v19.2 - https:\/\/yoast.com\/wordpress\/plugins\/seo\/ -->\n<title>Um dia de testemunhos no Tr\u00edduo Vocacional - Not\u00edcias - Franciscanos<\/title>\n<meta name=\"robots\" content=\"index, follow, max-snippet:-1, max-image-preview:large, max-video-preview:-1\" \/>\n<link rel=\"canonical\" href=\"https:\/\/franciscanos.org.br\/noticias\/um-dia-de-testemunhos-no-triduo-vocacional.html\" \/>\n<meta property=\"og:locale\" content=\"pt_BR\" \/>\n<meta property=\"og:type\" content=\"article\" \/>\n<meta property=\"og:title\" content=\"Um dia de testemunhos no Tr\u00edduo Vocacional - Not\u00edcias - Franciscanos\" \/>\n<meta property=\"og:description\" content=\"Ordena\u00e7\u00e3o Presbiteral de Frei Gabriel Dellandrea\" \/>\n<meta property=\"og:url\" content=\"https:\/\/franciscanos.org.br\/noticias\/um-dia-de-testemunhos-no-triduo-vocacional.html\" \/>\n<meta property=\"og:site_name\" content=\"Not\u00edcias - Franciscanos\" \/>\n<meta property=\"article:published_time\" content=\"2023-05-19T01:33:04+00:00\" \/>\n<meta property=\"article:modified_time\" content=\"2023-05-19T01:50:49+00:00\" \/>\n<meta property=\"og:image\" content=\"https:\/\/franciscanos.org.br\/noticias\/wp-content\/uploads\/2023\/05\/segundodia_12.jpg\" \/>\n\t<meta property=\"og:image:width\" content=\"1280\" \/>\n\t<meta property=\"og:image:height\" content=\"720\" \/>\n\t<meta property=\"og:image:type\" content=\"image\/jpeg\" \/>\n<meta name=\"author\" content=\"moacir\" \/>\n<meta name=\"twitter:card\" content=\"summary_large_image\" \/>\n<meta name=\"twitter:label1\" content=\"Escrito por\" \/>\n\t<meta name=\"twitter:data1\" content=\"moacir\" \/>\n\t<meta name=\"twitter:label2\" content=\"Est. tempo de leitura\" \/>\n\t<meta name=\"twitter:data2\" content=\"10 minutos\" \/>\n<script type=\"application\/ld+json\" class=\"yoast-schema-graph\">{\"@context\":\"https:\/\/schema.org\",\"@graph\":[{\"@type\":\"WebSite\",\"@id\":\"https:\/\/franciscanos.org.br\/noticias\/#website\",\"url\":\"https:\/\/franciscanos.org.br\/noticias\/\",\"name\":\"Not\u00edcias - Franciscanos\",\"description\":\"Prov\u00edncia Franciscana da Imaculada Concei\u00e7\u00e3o do Brasil - Ordem dos Frades Menores - OFM\",\"potentialAction\":[{\"@type\":\"SearchAction\",\"target\":{\"@type\":\"EntryPoint\",\"urlTemplate\":\"https:\/\/franciscanos.org.br\/noticias\/?s={search_term_string}\"},\"query-input\":\"required name=search_term_string\"}],\"inLanguage\":\"pt-BR\"},{\"@type\":\"ImageObject\",\"inLanguage\":\"pt-BR\",\"@id\":\"https:\/\/franciscanos.org.br\/noticias\/um-dia-de-testemunhos-no-triduo-vocacional.html#primaryimage\",\"url\":\"https:\/\/franciscanos.org.br\/noticias\/wp-content\/uploads\/2023\/05\/segundodia_12.jpg\",\"contentUrl\":\"https:\/\/franciscanos.org.br\/noticias\/wp-content\/uploads\/2023\/05\/segundodia_12.jpg\",\"width\":1280,\"height\":720},{\"@type\":\"WebPage\",\"@id\":\"https:\/\/franciscanos.org.br\/noticias\/um-dia-de-testemunhos-no-triduo-vocacional.html#webpage\",\"url\":\"https:\/\/franciscanos.org.br\/noticias\/um-dia-de-testemunhos-no-triduo-vocacional.html\",\"name\":\"Um dia de testemunhos no Tr\u00edduo Vocacional - Not\u00edcias - Franciscanos\",\"isPartOf\":{\"@id\":\"https:\/\/franciscanos.org.br\/noticias\/#website\"},\"primaryImageOfPage\":{\"@id\":\"https:\/\/franciscanos.org.br\/noticias\/um-dia-de-testemunhos-no-triduo-vocacional.html#primaryimage\"},\"datePublished\":\"2023-05-19T01:33:04+00:00\",\"dateModified\":\"2023-05-19T01:50:49+00:00\",\"author\":{\"@id\":\"https:\/\/franciscanos.org.br\/noticias\/#\/schema\/person\/b5c8cba458c330ccff548b056e95a5d4\"},\"breadcrumb\":{\"@id\":\"https:\/\/franciscanos.org.br\/noticias\/um-dia-de-testemunhos-no-triduo-vocacional.html#breadcrumb\"},\"inLanguage\":\"pt-BR\",\"potentialAction\":[{\"@type\":\"ReadAction\",\"target\":[\"https:\/\/franciscanos.org.br\/noticias\/um-dia-de-testemunhos-no-triduo-vocacional.html\"]}]},{\"@type\":\"BreadcrumbList\",\"@id\":\"https:\/\/franciscanos.org.br\/noticias\/um-dia-de-testemunhos-no-triduo-vocacional.html#breadcrumb\",\"itemListElement\":[{\"@type\":\"ListItem\",\"position\":1,\"name\":\"Home\",\"item\":\"https:\/\/franciscanos.org.br\/noticias\"},{\"@type\":\"ListItem\",\"position\":2,\"name\":\"Um dia de testemunhos no Tr\u00edduo Vocacional\"}]},{\"@type\":\"Person\",\"@id\":\"https:\/\/franciscanos.org.br\/noticias\/#\/schema\/person\/b5c8cba458c330ccff548b056e95a5d4\",\"name\":\"moacir\",\"image\":{\"@type\":\"ImageObject\",\"inLanguage\":\"pt-BR\",\"@id\":\"https:\/\/franciscanos.org.br\/noticias\/#\/schema\/person\/image\/\",\"url\":\"https:\/\/secure.gravatar.com\/avatar\/d08aa2ce4c8dd416d4479aa8536fcf64?s=96&d=mm&r=g\",\"contentUrl\":\"https:\/\/secure.gravatar.com\/avatar\/d08aa2ce4c8dd416d4479aa8536fcf64?s=96&d=mm&r=g\",\"caption\":\"moacir\"},\"url\":\"https:\/\/franciscanos.org.br\/noticias\/author\/moacir\"}]}<\/script>\n<!-- \/ Yoast SEO plugin. -->","yoast_head_json":{"title":"Um dia de testemunhos no Tr\u00edduo Vocacional - Not\u00edcias - Franciscanos","robots":{"index":"index","follow":"follow","max-snippet":"max-snippet:-1","max-image-preview":"max-image-preview:large","max-video-preview":"max-video-preview:-1"},"canonical":"https:\/\/franciscanos.org.br\/noticias\/um-dia-de-testemunhos-no-triduo-vocacional.html","og_locale":"pt_BR","og_type":"article","og_title":"Um dia de testemunhos no Tr\u00edduo Vocacional - Not\u00edcias - Franciscanos","og_description":"Ordena\u00e7\u00e3o Presbiteral de Frei Gabriel Dellandrea","og_url":"https:\/\/franciscanos.org.br\/noticias\/um-dia-de-testemunhos-no-triduo-vocacional.html","og_site_name":"Not\u00edcias - Franciscanos","article_published_time":"2023-05-19T01:33:04+00:00","article_modified_time":"2023-05-19T01:50:49+00:00","og_image":[{"width":1280,"height":720,"url":"https:\/\/franciscanos.org.br\/noticias\/wp-content\/uploads\/2023\/05\/segundodia_12.jpg","type":"image\/jpeg"}],"author":"moacir","twitter_card":"summary_large_image","twitter_misc":{"Escrito por":"moacir","Est. tempo de leitura":"10 minutos"},"schema":{"@context":"https:\/\/schema.org","@graph":[{"@type":"WebSite","@id":"https:\/\/franciscanos.org.br\/noticias\/#website","url":"https:\/\/franciscanos.org.br\/noticias\/","name":"Not\u00edcias - Franciscanos","description":"Prov\u00edncia Franciscana da Imaculada Concei\u00e7\u00e3o do Brasil - Ordem dos Frades Menores - OFM","potentialAction":[{"@type":"SearchAction","target":{"@type":"EntryPoint","urlTemplate":"https:\/\/franciscanos.org.br\/noticias\/?s={search_term_string}"},"query-input":"required name=search_term_string"}],"inLanguage":"pt-BR"},{"@type":"ImageObject","inLanguage":"pt-BR","@id":"https:\/\/franciscanos.org.br\/noticias\/um-dia-de-testemunhos-no-triduo-vocacional.html#primaryimage","url":"https:\/\/franciscanos.org.br\/noticias\/wp-content\/uploads\/2023\/05\/segundodia_12.jpg","contentUrl":"https:\/\/franciscanos.org.br\/noticias\/wp-content\/uploads\/2023\/05\/segundodia_12.jpg","width":1280,"height":720},{"@type":"WebPage","@id":"https:\/\/franciscanos.org.br\/noticias\/um-dia-de-testemunhos-no-triduo-vocacional.html#webpage","url":"https:\/\/franciscanos.org.br\/noticias\/um-dia-de-testemunhos-no-triduo-vocacional.html","name":"Um dia de testemunhos no Tr\u00edduo Vocacional - Not\u00edcias - Franciscanos","isPartOf":{"@id":"https:\/\/franciscanos.org.br\/noticias\/#website"},"primaryImageOfPage":{"@id":"https:\/\/franciscanos.org.br\/noticias\/um-dia-de-testemunhos-no-triduo-vocacional.html#primaryimage"},"datePublished":"2023-05-19T01:33:04+00:00","dateModified":"2023-05-19T01:50:49+00:00","author":{"@id":"https:\/\/franciscanos.org.br\/noticias\/#\/schema\/person\/b5c8cba458c330ccff548b056e95a5d4"},"breadcrumb":{"@id":"https:\/\/franciscanos.org.br\/noticias\/um-dia-de-testemunhos-no-triduo-vocacional.html#breadcrumb"},"inLanguage":"pt-BR","potentialAction":[{"@type":"ReadAction","target":["https:\/\/franciscanos.org.br\/noticias\/um-dia-de-testemunhos-no-triduo-vocacional.html"]}]},{"@type":"BreadcrumbList","@id":"https:\/\/franciscanos.org.br\/noticias\/um-dia-de-testemunhos-no-triduo-vocacional.html#breadcrumb","itemListElement":[{"@type":"ListItem","position":1,"name":"Home","item":"https:\/\/franciscanos.org.br\/noticias"},{"@type":"ListItem","position":2,"name":"Um dia de testemunhos no Tr\u00edduo Vocacional"}]},{"@type":"Person","@id":"https:\/\/franciscanos.org.br\/noticias\/#\/schema\/person\/b5c8cba458c330ccff548b056e95a5d4","name":"moacir","image":{"@type":"ImageObject","inLanguage":"pt-BR","@id":"https:\/\/franciscanos.org.br\/noticias\/#\/schema\/person\/image\/","url":"https:\/\/secure.gravatar.com\/avatar\/d08aa2ce4c8dd416d4479aa8536fcf64?s=96&d=mm&r=g","contentUrl":"https:\/\/secure.gravatar.com\/avatar\/d08aa2ce4c8dd416d4479aa8536fcf64?s=96&d=mm&r=g","caption":"moacir"},"url":"https:\/\/franciscanos.org.br\/noticias\/author\/moacir"}]}},"_links":{"self":[{"href":"https:\/\/franciscanos.org.br\/noticias\/wp-json\/wp\/v2\/posts\/243308"}],"collection":[{"href":"https:\/\/franciscanos.org.br\/noticias\/wp-json\/wp\/v2\/posts"}],"about":[{"href":"https:\/\/franciscanos.org.br\/noticias\/wp-json\/wp\/v2\/types\/post"}],"author":[{"embeddable":true,"href":"https:\/\/franciscanos.org.br\/noticias\/wp-json\/wp\/v2\/users\/3"}],"replies":[{"embeddable":true,"href":"https:\/\/franciscanos.org.br\/noticias\/wp-json\/wp\/v2\/comments?post=243308"}],"version-history":[{"count":2,"href":"https:\/\/franciscanos.org.br\/noticias\/wp-json\/wp\/v2\/posts\/243308\/revisions"}],"predecessor-version":[{"id":243330,"href":"https:\/\/franciscanos.org.br\/noticias\/wp-json\/wp\/v2\/posts\/243308\/revisions\/243330"}],"wp:featuredmedia":[{"embeddable":true,"href":"https:\/\/franciscanos.org.br\/noticias\/wp-json\/wp\/v2\/media\/243309"}],"wp:attachment":[{"href":"https:\/\/franciscanos.org.br\/noticias\/wp-json\/wp\/v2\/media?parent=243308"}],"wp:term":[{"taxonomy":"category","embeddable":true,"href":"https:\/\/franciscanos.org.br\/noticias\/wp-json\/wp\/v2\/categories?post=243308"},{"taxonomy":"post_tag","embeddable":true,"href":"https:\/\/franciscanos.org.br\/noticias\/wp-json\/wp\/v2\/tags?post=243308"}],"curies":[{"name":"wp","href":"https:\/\/api.w.org\/{rel}","templated":true}]}}