{"id":243288,"date":"2023-05-17T22:27:03","date_gmt":"2023-05-18T01:27:03","guid":{"rendered":"https:\/\/franciscanos.org.br\/noticias\/?p=243288"},"modified":"2023-05-17T22:27:03","modified_gmt":"2023-05-18T01:27:03","slug":"frei-gabriel-renova-as-promessas-batismais-no-primeiro-dia-do-triduo","status":"publish","type":"post","link":"https:\/\/franciscanos.org.br\/noticias\/frei-gabriel-renova-as-promessas-batismais-no-primeiro-dia-do-triduo.html","title":{"rendered":"Frei Gabriel renova as promessas batismais no primeiro dia do Tr\u00edduo"},"content":{"rendered":"<p><img loading=\"lazy\" class=\"alignnone wp-image-243289 size-full\" src=\"https:\/\/franciscanos.org.br\/noticias\/wp-content\/uploads\/2023\/05\/primeirodia_02.jpg\" alt=\"\" width=\"1280\" height=\"720\" srcset=\"https:\/\/franciscanos.org.br\/noticias\/wp-content\/uploads\/2023\/05\/primeirodia_02.jpg 1280w, https:\/\/franciscanos.org.br\/noticias\/wp-content\/uploads\/2023\/05\/primeirodia_02-450x253.jpg 450w, https:\/\/franciscanos.org.br\/noticias\/wp-content\/uploads\/2023\/05\/primeirodia_02-1024x576.jpg 1024w, https:\/\/franciscanos.org.br\/noticias\/wp-content\/uploads\/2023\/05\/primeirodia_02-768x432.jpg 768w, https:\/\/franciscanos.org.br\/noticias\/wp-content\/uploads\/2023\/05\/primeirodia_02-150x84.jpg 150w\" sizes=\"(max-width: 1280px) 100vw, 1280px\" \/><\/p>\n<p><strong>Rodeio (SC)<\/strong> &#8211; O primeiro dia do Tr\u00edduo em prepara\u00e7\u00e3o para a Ordena\u00e7\u00e3o Presbiteral de Frei Gabriel Dellandrea voltou 28 anos na linha do tempo. Nesta mesma Igreja Matriz S\u00e3o Francisco de Assis, em Rodeio (SC), D\u00aa Terezinha e o sr. S\u00e9rgio Dellandrea traziam o pequeno Gabriel para ser batizado e, como disse o Papa Francisco, &#8220;para tornar-se aquele que difundi a luz da esperan\u00e7a de Deus neste mundo sem esperan\u00e7a\u201d. O frade que o batizou foi Frei Valdir Laurentino, que presidiu nesta quarta-feira (17\/05) este momento simb\u00f3lico em que Frei Gabriel renovou suas promessas batismais. O Ministro Provincial, Frei Paulo Roberto Pereira, chegou hoje e participou da Celebra\u00e7\u00e3o.<\/p>\n<p>Gra\u00e7as ao encontro com Cristo, na fonte batismal, Frei Gabriel amadureceu a escolha de seguir a Cristo mais de perto. Foi na Igreja Matriz e Noviciado que ele iniciou essa caminhada franciscana, feita por muitas gera\u00e7\u00f5es de frades desde 1901.<\/p>\n<p><img loading=\"lazy\" class=\"alignnone size-full wp-image-243290\" src=\"https:\/\/franciscanos.org.br\/noticias\/wp-content\/uploads\/2023\/05\/primeirodia_09.jpg\" alt=\"\" width=\"1280\" height=\"800\" srcset=\"https:\/\/franciscanos.org.br\/noticias\/wp-content\/uploads\/2023\/05\/primeirodia_09.jpg 1280w, https:\/\/franciscanos.org.br\/noticias\/wp-content\/uploads\/2023\/05\/primeirodia_09-450x281.jpg 450w, https:\/\/franciscanos.org.br\/noticias\/wp-content\/uploads\/2023\/05\/primeirodia_09-1024x640.jpg 1024w, https:\/\/franciscanos.org.br\/noticias\/wp-content\/uploads\/2023\/05\/primeirodia_09-768x480.jpg 768w, https:\/\/franciscanos.org.br\/noticias\/wp-content\/uploads\/2023\/05\/primeirodia_09-150x94.jpg 150w\" sizes=\"(max-width: 1280px) 100vw, 1280px\" \/><\/p>\n<p>Deste modo, no in\u00edcio da celebra\u00e7\u00e3o, Frei Je\u00e2 Paulo Andrade, do Servi\u00e7o de Anima\u00e7\u00e3o Vocacional (SAV), apresentou como s\u00edmbolo para esta celebra\u00e7\u00e3o a roupa de batismo de Frei Gabriel, que foi trazida pelos seu padrinho e madrinhas.<\/p>\n<p>Frei Valdir mostrou a Certid\u00e3o de Batismo de Frei Gabriel, onde consta que foi batizado nesta Igreja no dia 8 de janeiro 1995.<\/p>\n\n\t\t<style type=\"text\/css\">\n\t\t\t#gallery-1 {\n\t\t\t\tmargin: auto;\n\t\t\t}\n\t\t\t#gallery-1 .gallery-item {\n\t\t\t\tfloat: left;\n\t\t\t\tmargin-top: 10px;\n\t\t\t\ttext-align: center;\n\t\t\t\twidth: 14%;\n\t\t\t}\n\t\t\t#gallery-1 img {\n\t\t\t\tborder: 2px solid #cfcfcf;\n\t\t\t}\n\t\t\t#gallery-1 .gallery-caption {\n\t\t\t\tmargin-left: 0;\n\t\t\t}\n\t\t\t\/* see gallery_shortcode() in wp-includes\/media.php *\/\n\t\t<\/style>\n\t\t<div id='gallery-1' class='gallery galleryid-243288 gallery-columns-7 gallery-size-thumbnail'><dl class='gallery-item'>\n\t\t\t<dt class='gallery-icon landscape'>\n\t\t\t\t<a href='https:\/\/franciscanos.org.br\/noticias\/wp-content\/uploads\/2023\/05\/primeirodia_03.jpg'><img width=\"300\" height=\"300\" src=\"https:\/\/franciscanos.org.br\/noticias\/wp-content\/uploads\/2023\/05\/primeirodia_03-300x300.jpg\" class=\"attachment-thumbnail size-thumbnail\" alt=\"\" loading=\"lazy\" srcset=\"https:\/\/franciscanos.org.br\/noticias\/wp-content\/uploads\/2023\/05\/primeirodia_03-300x300.jpg 300w, https:\/\/franciscanos.org.br\/noticias\/wp-content\/uploads\/2023\/05\/primeirodia_03-100x100.jpg 100w\" sizes=\"(max-width: 300px) 100vw, 300px\" \/><\/a>\n\t\t\t<\/dt><\/dl><dl class='gallery-item'>\n\t\t\t<dt class='gallery-icon landscape'>\n\t\t\t\t<a href='https:\/\/franciscanos.org.br\/noticias\/wp-content\/uploads\/2023\/05\/primeirodia_04.jpg'><img width=\"300\" height=\"300\" src=\"https:\/\/franciscanos.org.br\/noticias\/wp-content\/uploads\/2023\/05\/primeirodia_04-300x300.jpg\" class=\"attachment-thumbnail size-thumbnail\" alt=\"\" loading=\"lazy\" srcset=\"https:\/\/franciscanos.org.br\/noticias\/wp-content\/uploads\/2023\/05\/primeirodia_04-300x300.jpg 300w, https:\/\/franciscanos.org.br\/noticias\/wp-content\/uploads\/2023\/05\/primeirodia_04-100x100.jpg 100w\" sizes=\"(max-width: 300px) 100vw, 300px\" \/><\/a>\n\t\t\t<\/dt><\/dl><dl class='gallery-item'>\n\t\t\t<dt class='gallery-icon landscape'>\n\t\t\t\t<a href='https:\/\/franciscanos.org.br\/noticias\/wp-content\/uploads\/2023\/05\/primeirodia_05.jpg'><img width=\"300\" height=\"300\" src=\"https:\/\/franciscanos.org.br\/noticias\/wp-content\/uploads\/2023\/05\/primeirodia_05-300x300.jpg\" class=\"attachment-thumbnail size-thumbnail\" alt=\"\" loading=\"lazy\" srcset=\"https:\/\/franciscanos.org.br\/noticias\/wp-content\/uploads\/2023\/05\/primeirodia_05-300x300.jpg 300w, https:\/\/franciscanos.org.br\/noticias\/wp-content\/uploads\/2023\/05\/primeirodia_05-100x100.jpg 100w\" sizes=\"(max-width: 300px) 100vw, 300px\" \/><\/a>\n\t\t\t<\/dt><\/dl><dl class='gallery-item'>\n\t\t\t<dt class='gallery-icon landscape'>\n\t\t\t\t<a href='https:\/\/franciscanos.org.br\/noticias\/wp-content\/uploads\/2023\/05\/primeirodia_05a.jpg'><img width=\"300\" height=\"300\" src=\"https:\/\/franciscanos.org.br\/noticias\/wp-content\/uploads\/2023\/05\/primeirodia_05a-300x300.jpg\" class=\"attachment-thumbnail size-thumbnail\" alt=\"\" loading=\"lazy\" srcset=\"https:\/\/franciscanos.org.br\/noticias\/wp-content\/uploads\/2023\/05\/primeirodia_05a-300x300.jpg 300w, https:\/\/franciscanos.org.br\/noticias\/wp-content\/uploads\/2023\/05\/primeirodia_05a-100x100.jpg 100w\" sizes=\"(max-width: 300px) 100vw, 300px\" \/><\/a>\n\t\t\t<\/dt><\/dl><dl class='gallery-item'>\n\t\t\t<dt class='gallery-icon landscape'>\n\t\t\t\t<a href='https:\/\/franciscanos.org.br\/noticias\/wp-content\/uploads\/2023\/05\/primeirodia_06.jpg'><img width=\"300\" height=\"300\" src=\"https:\/\/franciscanos.org.br\/noticias\/wp-content\/uploads\/2023\/05\/primeirodia_06-300x300.jpg\" class=\"attachment-thumbnail size-thumbnail\" alt=\"\" loading=\"lazy\" srcset=\"https:\/\/franciscanos.org.br\/noticias\/wp-content\/uploads\/2023\/05\/primeirodia_06-300x300.jpg 300w, https:\/\/franciscanos.org.br\/noticias\/wp-content\/uploads\/2023\/05\/primeirodia_06-100x100.jpg 100w\" sizes=\"(max-width: 300px) 100vw, 300px\" \/><\/a>\n\t\t\t<\/dt><\/dl><dl class='gallery-item'>\n\t\t\t<dt class='gallery-icon landscape'>\n\t\t\t\t<a href='https:\/\/franciscanos.org.br\/noticias\/wp-content\/uploads\/2023\/05\/primeirodia_07.jpg'><img width=\"300\" height=\"300\" src=\"https:\/\/franciscanos.org.br\/noticias\/wp-content\/uploads\/2023\/05\/primeirodia_07-300x300.jpg\" class=\"attachment-thumbnail size-thumbnail\" alt=\"\" loading=\"lazy\" srcset=\"https:\/\/franciscanos.org.br\/noticias\/wp-content\/uploads\/2023\/05\/primeirodia_07-300x300.jpg 300w, https:\/\/franciscanos.org.br\/noticias\/wp-content\/uploads\/2023\/05\/primeirodia_07-100x100.jpg 100w\" sizes=\"(max-width: 300px) 100vw, 300px\" \/><\/a>\n\t\t\t<\/dt><\/dl><dl class='gallery-item'>\n\t\t\t<dt class='gallery-icon landscape'>\n\t\t\t\t<a href='https:\/\/franciscanos.org.br\/noticias\/wp-content\/uploads\/2023\/05\/primeirodia_08.jpg'><img width=\"300\" height=\"300\" src=\"https:\/\/franciscanos.org.br\/noticias\/wp-content\/uploads\/2023\/05\/primeirodia_08-300x300.jpg\" class=\"attachment-thumbnail size-thumbnail\" alt=\"\" loading=\"lazy\" srcset=\"https:\/\/franciscanos.org.br\/noticias\/wp-content\/uploads\/2023\/05\/primeirodia_08-300x300.jpg 300w, https:\/\/franciscanos.org.br\/noticias\/wp-content\/uploads\/2023\/05\/primeirodia_08-100x100.jpg 100w\" sizes=\"(max-width: 300px) 100vw, 300px\" \/><\/a>\n\t\t\t<\/dt><\/dl><br style=\"clear: both\" \/>\n\t\t<\/div>\n\n<p><em>(toque nas imagens para ampli\u00e1-las)<\/em><\/p>\n<p>Frei Valdir lembrou que participamos da vida divina pelo batismo. &#8220;Essa \u00e9 a voca\u00e7\u00e3o essencial de todo o crist\u00e3o&#8221;, disse. Recordando o encontro de Jesus com Nicodemos, citou a passagem do Evangelho que Jesus diz que \u00e9 &#8220;preciso nascer de novo. \u00c9 preciso nascer do alto&#8221;.<\/p>\n<p>&#8220;Batismo para n\u00f3s \u00e9 esse grande momento: Nascer do alto. Nascer da for\u00e7a do esp\u00edrito do Cristo Ressuscitado&#8221;, enfatizou.<\/p>\n<p><img loading=\"lazy\" class=\"alignnone size-full wp-image-243298\" src=\"https:\/\/franciscanos.org.br\/noticias\/wp-content\/uploads\/2023\/05\/primeirodia_14.jpg\" alt=\"\" width=\"1280\" height=\"1674\" srcset=\"https:\/\/franciscanos.org.br\/noticias\/wp-content\/uploads\/2023\/05\/primeirodia_14.jpg 826w, https:\/\/franciscanos.org.br\/noticias\/wp-content\/uploads\/2023\/05\/primeirodia_14-344x450.jpg 344w, https:\/\/franciscanos.org.br\/noticias\/wp-content\/uploads\/2023\/05\/primeirodia_14-783x1024.jpg 783w, https:\/\/franciscanos.org.br\/noticias\/wp-content\/uploads\/2023\/05\/primeirodia_14-768x1004.jpg 768w, https:\/\/franciscanos.org.br\/noticias\/wp-content\/uploads\/2023\/05\/primeirodia_14-1174x1536.jpg 1174w, https:\/\/franciscanos.org.br\/noticias\/wp-content\/uploads\/2023\/05\/primeirodia_14-150x196.jpg 150w\" sizes=\"(max-width: 1280px) 100vw, 1280px\" \/><\/p>\n<p>Segundo o celebrante, nessa comunh\u00e3o com Deus somos chamados a ser santos. &#8220;N\u00f3s temos a maior lista de santas e santos no in\u00edcio do cristianismo vivendo apenas do batismo. Ser religioso, padre, bispo, papa, s\u00e3o desdobramentos da nossa voca\u00e7\u00e3o batismal, desdobramentos daquele chamado \u00e0 santidade. N\u00e3o adianta ter uma nomea\u00e7\u00e3o em documentos se a pessoa n\u00e3o chegou ao caminho da santidade. O que vale \u00e9 viver radicalmente o que \u00e9 pr\u00f3prio do batizado&#8221;, disse.<\/p>\n\n\t\t<style type=\"text\/css\">\n\t\t\t#gallery-2 {\n\t\t\t\tmargin: auto;\n\t\t\t}\n\t\t\t#gallery-2 .gallery-item {\n\t\t\t\tfloat: left;\n\t\t\t\tmargin-top: 10px;\n\t\t\t\ttext-align: center;\n\t\t\t\twidth: 33%;\n\t\t\t}\n\t\t\t#gallery-2 img {\n\t\t\t\tborder: 2px solid #cfcfcf;\n\t\t\t}\n\t\t\t#gallery-2 .gallery-caption {\n\t\t\t\tmargin-left: 0;\n\t\t\t}\n\t\t\t\/* see gallery_shortcode() in wp-includes\/media.php *\/\n\t\t<\/style>\n\t\t<div id='gallery-2' class='gallery galleryid-243288 gallery-columns-3 gallery-size-thumbnail'><dl class='gallery-item'>\n\t\t\t<dt class='gallery-icon landscape'>\n\t\t\t\t<a href='https:\/\/franciscanos.org.br\/noticias\/wp-content\/uploads\/2023\/05\/primeirodia_15.jpg'><img width=\"300\" height=\"300\" src=\"https:\/\/franciscanos.org.br\/noticias\/wp-content\/uploads\/2023\/05\/primeirodia_15-300x300.jpg\" class=\"attachment-thumbnail size-thumbnail\" alt=\"\" loading=\"lazy\" srcset=\"https:\/\/franciscanos.org.br\/noticias\/wp-content\/uploads\/2023\/05\/primeirodia_15-300x300.jpg 300w, https:\/\/franciscanos.org.br\/noticias\/wp-content\/uploads\/2023\/05\/primeirodia_15-100x100.jpg 100w\" sizes=\"(max-width: 300px) 100vw, 300px\" \/><\/a>\n\t\t\t<\/dt><\/dl><dl class='gallery-item'>\n\t\t\t<dt class='gallery-icon landscape'>\n\t\t\t\t<a href='https:\/\/franciscanos.org.br\/noticias\/wp-content\/uploads\/2023\/05\/primeirodia_16.jpg'><img width=\"300\" height=\"300\" src=\"https:\/\/franciscanos.org.br\/noticias\/wp-content\/uploads\/2023\/05\/primeirodia_16-300x300.jpg\" class=\"attachment-thumbnail size-thumbnail\" alt=\"\" loading=\"lazy\" srcset=\"https:\/\/franciscanos.org.br\/noticias\/wp-content\/uploads\/2023\/05\/primeirodia_16-300x300.jpg 300w, https:\/\/franciscanos.org.br\/noticias\/wp-content\/uploads\/2023\/05\/primeirodia_16-100x100.jpg 100w\" sizes=\"(max-width: 300px) 100vw, 300px\" \/><\/a>\n\t\t\t<\/dt><\/dl><dl class='gallery-item'>\n\t\t\t<dt class='gallery-icon landscape'>\n\t\t\t\t<a href='https:\/\/franciscanos.org.br\/noticias\/wp-content\/uploads\/2023\/05\/primeirodia_18.jpg'><img width=\"300\" height=\"300\" src=\"https:\/\/franciscanos.org.br\/noticias\/wp-content\/uploads\/2023\/05\/primeirodia_18-300x300.jpg\" class=\"attachment-thumbnail size-thumbnail\" alt=\"\" loading=\"lazy\" srcset=\"https:\/\/franciscanos.org.br\/noticias\/wp-content\/uploads\/2023\/05\/primeirodia_18-300x300.jpg 300w, https:\/\/franciscanos.org.br\/noticias\/wp-content\/uploads\/2023\/05\/primeirodia_18-100x100.jpg 100w\" sizes=\"(max-width: 300px) 100vw, 300px\" \/><\/a>\n\t\t\t<\/dt><\/dl><br style=\"clear: both\" \/>\n\t\t<\/div>\n\n<p><em>(toque nas imagens para ampli\u00e1-las)<\/em><\/p>\n<p>Frei Valdir recordou que quando era estudante, numa aula de Frei Ildefonso Silveira, ele provocou a turma ao dizer que S\u00e3o Francisco de Assis n\u00e3o foi nada original. &#8220;Aquilo foi s\u00f3 para prender a nossa aten\u00e7\u00e3o porque ficamos muito bravos. Ele concluiu seu racioc\u00ednio dizendo que Sao Francisco viveu aquilo que \u00e9 pr\u00f3prio de todo o batizado. Ele viveu radicalmente o seu batismo, assumiu viver o seu batismo como crist\u00e3o. Isso de uma maneira t\u00e3o bem vivida que se tornou algo original&#8221;, recordou o frade. Segundo ele, a consagra\u00e7\u00e3o, a ordena\u00e7\u00e3o s\u00e3o desdobramentos da voca\u00e7\u00e3o batismal.<\/p>\n<p><img loading=\"lazy\" class=\"alignnone size-full wp-image-243302\" src=\"https:\/\/franciscanos.org.br\/noticias\/wp-content\/uploads\/2023\/05\/primeirodia_04-1.jpg\" alt=\"\" width=\"1280\" height=\"693\" srcset=\"https:\/\/franciscanos.org.br\/noticias\/wp-content\/uploads\/2023\/05\/primeirodia_04-1.jpg 1280w, https:\/\/franciscanos.org.br\/noticias\/wp-content\/uploads\/2023\/05\/primeirodia_04-1-450x244.jpg 450w, https:\/\/franciscanos.org.br\/noticias\/wp-content\/uploads\/2023\/05\/primeirodia_04-1-1024x554.jpg 1024w, https:\/\/franciscanos.org.br\/noticias\/wp-content\/uploads\/2023\/05\/primeirodia_04-1-768x416.jpg 768w, https:\/\/franciscanos.org.br\/noticias\/wp-content\/uploads\/2023\/05\/primeirodia_04-1-150x81.jpg 150w\" sizes=\"(max-width: 1280px) 100vw, 1280px\" \/><\/p>\n<p><img loading=\"lazy\" class=\"alignnone size-full wp-image-243303\" src=\"https:\/\/franciscanos.org.br\/noticias\/wp-content\/uploads\/2023\/05\/primeirodia_12.jpg\" alt=\"\" width=\"1280\" height=\"853\" srcset=\"https:\/\/franciscanos.org.br\/noticias\/wp-content\/uploads\/2023\/05\/primeirodia_12.jpg 1280w, https:\/\/franciscanos.org.br\/noticias\/wp-content\/uploads\/2023\/05\/primeirodia_12-450x300.jpg 450w, https:\/\/franciscanos.org.br\/noticias\/wp-content\/uploads\/2023\/05\/primeirodia_12-1024x682.jpg 1024w, https:\/\/franciscanos.org.br\/noticias\/wp-content\/uploads\/2023\/05\/primeirodia_12-768x512.jpg 768w, https:\/\/franciscanos.org.br\/noticias\/wp-content\/uploads\/2023\/05\/primeirodia_12-150x100.jpg 150w\" sizes=\"(max-width: 1280px) 100vw, 1280px\" \/><\/p>\n<p>Ele tamb\u00e9m citou Frei Eg\u00eddio, o quarto frade a entrar na Ordem, quando numa passagem ele fala de Maria. &#8220;Ela nunca entrou em um convento. No entanto ela \u00e9 o que \u00e9. A grande santa M\u00e3e de Deus&#8221;, contou. \u00c9 no momento do batismo, a partir dele, que a pessoa assume a sua verdadeira identidade de crist\u00e3, tornando-se servidora do Reino. &#8220;Que Frei Eg\u00eddio nos ajude a compreender a grandeza do nosso of\u00edcio, como Maria na comunh\u00e3o com a Deus&#8221;, pediu.<\/p>\n<p><img loading=\"lazy\" class=\"alignnone size-full wp-image-243304\" src=\"https:\/\/franciscanos.org.br\/noticias\/wp-content\/uploads\/2023\/05\/primeirodia_17.jpg\" alt=\"\" width=\"1280\" height=\"896\" srcset=\"https:\/\/franciscanos.org.br\/noticias\/wp-content\/uploads\/2023\/05\/primeirodia_17.jpg 1280w, https:\/\/franciscanos.org.br\/noticias\/wp-content\/uploads\/2023\/05\/primeirodia_17-450x315.jpg 450w, https:\/\/franciscanos.org.br\/noticias\/wp-content\/uploads\/2023\/05\/primeirodia_17-1024x717.jpg 1024w, https:\/\/franciscanos.org.br\/noticias\/wp-content\/uploads\/2023\/05\/primeirodia_17-768x538.jpg 768w, https:\/\/franciscanos.org.br\/noticias\/wp-content\/uploads\/2023\/05\/primeirodia_17-150x105.jpg 150w, https:\/\/franciscanos.org.br\/noticias\/wp-content\/uploads\/2023\/05\/primeirodia_17-474x332.jpg 474w\" sizes=\"(max-width: 1280px) 100vw, 1280px\" \/><\/p>\n<p>Na profiss\u00e3o de f\u00e9, Dona Terezinha recebeu de Frei Daniel a vela acesa no C\u00edrio pascal. Com a vela acesa, Frei Gabriel levou a luz at\u00e9 a assembleia. Em frente ao altar, com seus pais e padrinhos, professou a f\u00e9 publicamente iluminado por essa luz, que tamb\u00e9m recorda o momento das promessas batismais. Em seguida, ele assinou o documento da Profiss\u00e3o de F\u00e9.<\/p>\n<p>Ao final da celebra\u00e7\u00e3o, Frei Gabriel recordou que Frei Valdir n\u00e3o s\u00f3 o batizou. &#8220;Com certeza tomar uma decis\u00e3o \u00e9 uma coisa dif\u00edcil. Teve uma vez que estava numa crise muito grande no Noviciado e pensava: &#8216;Ser\u00e1 que \u00e9 isso que quero para minha vida?&#8217; Fui conversar com Frei Valdir e perguntei: &#8216;O que eu devia fazer?&#8217;. Ele disse: &#8216;A decis\u00e3o \u00e9 tua&#8217;. A voca\u00e7\u00e3o batismal era minha e eu deveria responder. Voc\u00ea me ajudou a decidir. Por isso, agrade\u00e7o a sua presen\u00e7a&#8221;, disse, agradecendo tamb\u00e9m os mission\u00e1rios, o p\u00e1roco Frei \u00a0Jo\u00e3o Miguel Silva da Cruz\u00a0 e o povo que veio participar desta celebra\u00e7\u00e3o. Frei Gabriel aproveitou tamb\u00e9m para convidar a todos para a sua ordena\u00e7\u00e3o.<\/p>\n<p><img loading=\"lazy\" class=\"alignnone size-full wp-image-243305\" src=\"https:\/\/franciscanos.org.br\/noticias\/wp-content\/uploads\/2023\/05\/primeirodia_20.jpg\" alt=\"\" width=\"1280\" height=\"999\" srcset=\"https:\/\/franciscanos.org.br\/noticias\/wp-content\/uploads\/2023\/05\/primeirodia_20.jpg 1280w, https:\/\/franciscanos.org.br\/noticias\/wp-content\/uploads\/2023\/05\/primeirodia_20-450x351.jpg 450w, https:\/\/franciscanos.org.br\/noticias\/wp-content\/uploads\/2023\/05\/primeirodia_20-1024x799.jpg 1024w, https:\/\/franciscanos.org.br\/noticias\/wp-content\/uploads\/2023\/05\/primeirodia_20-768x599.jpg 768w, https:\/\/franciscanos.org.br\/noticias\/wp-content\/uploads\/2023\/05\/primeirodia_20-150x117.jpg 150w\" sizes=\"(max-width: 1280px) 100vw, 1280px\" \/><\/p>\n<p>O dia come\u00e7ou \u00e0s 8h30 no Noviciado, com a Ora\u00e7\u00e3o da manh\u00e3, presidida por Frei Je\u00e2, momento importante para o dia dos mission\u00e1rios. Ap\u00f3s o momento devocional, os trabalhos foram distribu\u00eddos e os mission\u00e1rios partiram em grupos pelos bairros do munic\u00edpio de Rodeio.<\/p>\n<p><strong> <img loading=\"lazy\" class=\"alignnone size-full wp-image-243306\" src=\"https:\/\/franciscanos.org.br\/noticias\/wp-content\/uploads\/2023\/05\/primeirodia_01.jpg\" alt=\"\" width=\"1280\" height=\"853\" srcset=\"https:\/\/franciscanos.org.br\/noticias\/wp-content\/uploads\/2023\/05\/primeirodia_01.jpg 1280w, https:\/\/franciscanos.org.br\/noticias\/wp-content\/uploads\/2023\/05\/primeirodia_01-450x300.jpg 450w, https:\/\/franciscanos.org.br\/noticias\/wp-content\/uploads\/2023\/05\/primeirodia_01-1024x682.jpg 1024w, https:\/\/franciscanos.org.br\/noticias\/wp-content\/uploads\/2023\/05\/primeirodia_01-768x512.jpg 768w, https:\/\/franciscanos.org.br\/noticias\/wp-content\/uploads\/2023\/05\/primeirodia_01-150x100.jpg 150w\" sizes=\"(max-width: 1280px) 100vw, 1280px\" \/><\/strong><\/p>\n<p><strong>SEGUNDO DIA DO TR\u00cdDUO<\/strong><\/p>\n<p>Nesta quinta-feira, Frei Gabriel vai renovar a sua profiss\u00e3o religiosa como frade menor. Se neste primeiro dia o destaque foi a voca\u00e7\u00e3o crist\u00e3, neste segundo dia \u00e9 a voca\u00e7\u00e3o religiosa que vai pautar as reflex\u00f5es. Para tanto, a equipe do Servi\u00e7o de Anima\u00e7\u00e3o Vocacional (SAV), da qual faz parte Frei Gabriel, escolheu como local para este segundo dia do Tr\u00edduo a Casa das Irm\u00e3s Catequistas Franciscanas. Ser\u00e1 uma Celebra\u00e7\u00e3o Mariana, \u00e0s 19 horas.<\/p>\n<p>A partir das 8h45, os mission\u00e1rios continuam suas atividades nos bairros de Rodeio 50, Gl\u00f3ria, Pico, Ipiranga, Centro. Almo\u00e7am nas comunidades e s\u00f3 retornam para o Tr\u00edduo. A visita dever\u00e1 priorizar os doentes, idosos, pessoas afastadas das comunidades e atingidas pela enchente no in\u00edcio do ano. &#8220;Isso, com certeza, levando muitas alegrias a essas comunidades&#8221;, disse Frei Gabriel.<\/p>\n<hr \/>\n<p><em>Moacir Beggo<\/em><\/p>\n","protected":false},"excerpt":{"rendered":"<p>Ordena\u00e7\u00e3o Presbiteral de Frei Gabriel Dellandrea<\/p>\n","protected":false},"author":3,"featured_media":243289,"comment_status":"open","ping_status":"open","sticky":false,"template":"","format":"standard","meta":[],"categories":[1],"tags":[2134],"acf":[],"yoast_head":"<!-- This site is optimized with the Yoast SEO plugin v19.2 - https:\/\/yoast.com\/wordpress\/plugins\/seo\/ -->\n<title>Frei Gabriel renova as promessas batismais no primeiro dia do Tr\u00edduo - Not\u00edcias - Franciscanos<\/title>\n<meta name=\"robots\" content=\"index, follow, max-snippet:-1, max-image-preview:large, max-video-preview:-1\" \/>\n<link rel=\"canonical\" href=\"https:\/\/franciscanos.org.br\/noticias\/frei-gabriel-renova-as-promessas-batismais-no-primeiro-dia-do-triduo.html\" \/>\n<meta property=\"og:locale\" content=\"pt_BR\" \/>\n<meta property=\"og:type\" content=\"article\" \/>\n<meta property=\"og:title\" content=\"Frei Gabriel renova as promessas batismais no primeiro dia do Tr\u00edduo - Not\u00edcias - Franciscanos\" \/>\n<meta property=\"og:description\" content=\"Ordena\u00e7\u00e3o Presbiteral de Frei Gabriel Dellandrea\" \/>\n<meta property=\"og:url\" content=\"https:\/\/franciscanos.org.br\/noticias\/frei-gabriel-renova-as-promessas-batismais-no-primeiro-dia-do-triduo.html\" \/>\n<meta property=\"og:site_name\" content=\"Not\u00edcias - Franciscanos\" \/>\n<meta property=\"article:published_time\" content=\"2023-05-18T01:27:03+00:00\" \/>\n<meta property=\"og:image\" content=\"https:\/\/franciscanos.org.br\/noticias\/wp-content\/uploads\/2023\/05\/primeirodia_02.jpg\" \/>\n\t<meta property=\"og:image:width\" content=\"1280\" \/>\n\t<meta property=\"og:image:height\" content=\"720\" \/>\n\t<meta property=\"og:image:type\" content=\"image\/jpeg\" \/>\n<meta name=\"author\" content=\"moacir\" \/>\n<meta name=\"twitter:card\" content=\"summary_large_image\" \/>\n<meta name=\"twitter:label1\" content=\"Escrito por\" \/>\n\t<meta name=\"twitter:data1\" content=\"moacir\" \/>\n\t<meta name=\"twitter:label2\" content=\"Est. tempo de leitura\" \/>\n\t<meta name=\"twitter:data2\" content=\"5 minutos\" \/>\n<script type=\"application\/ld+json\" class=\"yoast-schema-graph\">{\"@context\":\"https:\/\/schema.org\",\"@graph\":[{\"@type\":\"WebSite\",\"@id\":\"https:\/\/franciscanos.org.br\/noticias\/#website\",\"url\":\"https:\/\/franciscanos.org.br\/noticias\/\",\"name\":\"Not\u00edcias - Franciscanos\",\"description\":\"Prov\u00edncia Franciscana da Imaculada Concei\u00e7\u00e3o do Brasil - Ordem dos Frades Menores - OFM\",\"potentialAction\":[{\"@type\":\"SearchAction\",\"target\":{\"@type\":\"EntryPoint\",\"urlTemplate\":\"https:\/\/franciscanos.org.br\/noticias\/?s={search_term_string}\"},\"query-input\":\"required name=search_term_string\"}],\"inLanguage\":\"pt-BR\"},{\"@type\":\"ImageObject\",\"inLanguage\":\"pt-BR\",\"@id\":\"https:\/\/franciscanos.org.br\/noticias\/frei-gabriel-renova-as-promessas-batismais-no-primeiro-dia-do-triduo.html#primaryimage\",\"url\":\"https:\/\/franciscanos.org.br\/noticias\/wp-content\/uploads\/2023\/05\/primeirodia_02.jpg\",\"contentUrl\":\"https:\/\/franciscanos.org.br\/noticias\/wp-content\/uploads\/2023\/05\/primeirodia_02.jpg\",\"width\":1280,\"height\":720},{\"@type\":\"WebPage\",\"@id\":\"https:\/\/franciscanos.org.br\/noticias\/frei-gabriel-renova-as-promessas-batismais-no-primeiro-dia-do-triduo.html#webpage\",\"url\":\"https:\/\/franciscanos.org.br\/noticias\/frei-gabriel-renova-as-promessas-batismais-no-primeiro-dia-do-triduo.html\",\"name\":\"Frei Gabriel renova as promessas batismais no primeiro dia do Tr\u00edduo - Not\u00edcias - Franciscanos\",\"isPartOf\":{\"@id\":\"https:\/\/franciscanos.org.br\/noticias\/#website\"},\"primaryImageOfPage\":{\"@id\":\"https:\/\/franciscanos.org.br\/noticias\/frei-gabriel-renova-as-promessas-batismais-no-primeiro-dia-do-triduo.html#primaryimage\"},\"datePublished\":\"2023-05-18T01:27:03+00:00\",\"dateModified\":\"2023-05-18T01:27:03+00:00\",\"author\":{\"@id\":\"https:\/\/franciscanos.org.br\/noticias\/#\/schema\/person\/b5c8cba458c330ccff548b056e95a5d4\"},\"breadcrumb\":{\"@id\":\"https:\/\/franciscanos.org.br\/noticias\/frei-gabriel-renova-as-promessas-batismais-no-primeiro-dia-do-triduo.html#breadcrumb\"},\"inLanguage\":\"pt-BR\",\"potentialAction\":[{\"@type\":\"ReadAction\",\"target\":[\"https:\/\/franciscanos.org.br\/noticias\/frei-gabriel-renova-as-promessas-batismais-no-primeiro-dia-do-triduo.html\"]}]},{\"@type\":\"BreadcrumbList\",\"@id\":\"https:\/\/franciscanos.org.br\/noticias\/frei-gabriel-renova-as-promessas-batismais-no-primeiro-dia-do-triduo.html#breadcrumb\",\"itemListElement\":[{\"@type\":\"ListItem\",\"position\":1,\"name\":\"Home\",\"item\":\"https:\/\/franciscanos.org.br\/noticias\"},{\"@type\":\"ListItem\",\"position\":2,\"name\":\"Frei Gabriel renova as promessas batismais no primeiro dia do Tr\u00edduo\"}]},{\"@type\":\"Person\",\"@id\":\"https:\/\/franciscanos.org.br\/noticias\/#\/schema\/person\/b5c8cba458c330ccff548b056e95a5d4\",\"name\":\"moacir\",\"image\":{\"@type\":\"ImageObject\",\"inLanguage\":\"pt-BR\",\"@id\":\"https:\/\/franciscanos.org.br\/noticias\/#\/schema\/person\/image\/\",\"url\":\"https:\/\/secure.gravatar.com\/avatar\/d08aa2ce4c8dd416d4479aa8536fcf64?s=96&d=mm&r=g\",\"contentUrl\":\"https:\/\/secure.gravatar.com\/avatar\/d08aa2ce4c8dd416d4479aa8536fcf64?s=96&d=mm&r=g\",\"caption\":\"moacir\"},\"url\":\"https:\/\/franciscanos.org.br\/noticias\/author\/moacir\"}]}<\/script>\n<!-- \/ Yoast SEO plugin. -->","yoast_head_json":{"title":"Frei Gabriel renova as promessas batismais no primeiro dia do Tr\u00edduo - Not\u00edcias - Franciscanos","robots":{"index":"index","follow":"follow","max-snippet":"max-snippet:-1","max-image-preview":"max-image-preview:large","max-video-preview":"max-video-preview:-1"},"canonical":"https:\/\/franciscanos.org.br\/noticias\/frei-gabriel-renova-as-promessas-batismais-no-primeiro-dia-do-triduo.html","og_locale":"pt_BR","og_type":"article","og_title":"Frei Gabriel renova as promessas batismais no primeiro dia do Tr\u00edduo - Not\u00edcias - Franciscanos","og_description":"Ordena\u00e7\u00e3o Presbiteral de Frei Gabriel Dellandrea","og_url":"https:\/\/franciscanos.org.br\/noticias\/frei-gabriel-renova-as-promessas-batismais-no-primeiro-dia-do-triduo.html","og_site_name":"Not\u00edcias - Franciscanos","article_published_time":"2023-05-18T01:27:03+00:00","og_image":[{"width":1280,"height":720,"url":"https:\/\/franciscanos.org.br\/noticias\/wp-content\/uploads\/2023\/05\/primeirodia_02.jpg","type":"image\/jpeg"}],"author":"moacir","twitter_card":"summary_large_image","twitter_misc":{"Escrito por":"moacir","Est. tempo de leitura":"5 minutos"},"schema":{"@context":"https:\/\/schema.org","@graph":[{"@type":"WebSite","@id":"https:\/\/franciscanos.org.br\/noticias\/#website","url":"https:\/\/franciscanos.org.br\/noticias\/","name":"Not\u00edcias - Franciscanos","description":"Prov\u00edncia Franciscana da Imaculada Concei\u00e7\u00e3o do Brasil - Ordem dos Frades Menores - OFM","potentialAction":[{"@type":"SearchAction","target":{"@type":"EntryPoint","urlTemplate":"https:\/\/franciscanos.org.br\/noticias\/?s={search_term_string}"},"query-input":"required name=search_term_string"}],"inLanguage":"pt-BR"},{"@type":"ImageObject","inLanguage":"pt-BR","@id":"https:\/\/franciscanos.org.br\/noticias\/frei-gabriel-renova-as-promessas-batismais-no-primeiro-dia-do-triduo.html#primaryimage","url":"https:\/\/franciscanos.org.br\/noticias\/wp-content\/uploads\/2023\/05\/primeirodia_02.jpg","contentUrl":"https:\/\/franciscanos.org.br\/noticias\/wp-content\/uploads\/2023\/05\/primeirodia_02.jpg","width":1280,"height":720},{"@type":"WebPage","@id":"https:\/\/franciscanos.org.br\/noticias\/frei-gabriel-renova-as-promessas-batismais-no-primeiro-dia-do-triduo.html#webpage","url":"https:\/\/franciscanos.org.br\/noticias\/frei-gabriel-renova-as-promessas-batismais-no-primeiro-dia-do-triduo.html","name":"Frei Gabriel renova as promessas batismais no primeiro dia do Tr\u00edduo - Not\u00edcias - Franciscanos","isPartOf":{"@id":"https:\/\/franciscanos.org.br\/noticias\/#website"},"primaryImageOfPage":{"@id":"https:\/\/franciscanos.org.br\/noticias\/frei-gabriel-renova-as-promessas-batismais-no-primeiro-dia-do-triduo.html#primaryimage"},"datePublished":"2023-05-18T01:27:03+00:00","dateModified":"2023-05-18T01:27:03+00:00","author":{"@id":"https:\/\/franciscanos.org.br\/noticias\/#\/schema\/person\/b5c8cba458c330ccff548b056e95a5d4"},"breadcrumb":{"@id":"https:\/\/franciscanos.org.br\/noticias\/frei-gabriel-renova-as-promessas-batismais-no-primeiro-dia-do-triduo.html#breadcrumb"},"inLanguage":"pt-BR","potentialAction":[{"@type":"ReadAction","target":["https:\/\/franciscanos.org.br\/noticias\/frei-gabriel-renova-as-promessas-batismais-no-primeiro-dia-do-triduo.html"]}]},{"@type":"BreadcrumbList","@id":"https:\/\/franciscanos.org.br\/noticias\/frei-gabriel-renova-as-promessas-batismais-no-primeiro-dia-do-triduo.html#breadcrumb","itemListElement":[{"@type":"ListItem","position":1,"name":"Home","item":"https:\/\/franciscanos.org.br\/noticias"},{"@type":"ListItem","position":2,"name":"Frei Gabriel renova as promessas batismais no primeiro dia do Tr\u00edduo"}]},{"@type":"Person","@id":"https:\/\/franciscanos.org.br\/noticias\/#\/schema\/person\/b5c8cba458c330ccff548b056e95a5d4","name":"moacir","image":{"@type":"ImageObject","inLanguage":"pt-BR","@id":"https:\/\/franciscanos.org.br\/noticias\/#\/schema\/person\/image\/","url":"https:\/\/secure.gravatar.com\/avatar\/d08aa2ce4c8dd416d4479aa8536fcf64?s=96&d=mm&r=g","contentUrl":"https:\/\/secure.gravatar.com\/avatar\/d08aa2ce4c8dd416d4479aa8536fcf64?s=96&d=mm&r=g","caption":"moacir"},"url":"https:\/\/franciscanos.org.br\/noticias\/author\/moacir"}]}},"_links":{"self":[{"href":"https:\/\/franciscanos.org.br\/noticias\/wp-json\/wp\/v2\/posts\/243288"}],"collection":[{"href":"https:\/\/franciscanos.org.br\/noticias\/wp-json\/wp\/v2\/posts"}],"about":[{"href":"https:\/\/franciscanos.org.br\/noticias\/wp-json\/wp\/v2\/types\/post"}],"author":[{"embeddable":true,"href":"https:\/\/franciscanos.org.br\/noticias\/wp-json\/wp\/v2\/users\/3"}],"replies":[{"embeddable":true,"href":"https:\/\/franciscanos.org.br\/noticias\/wp-json\/wp\/v2\/comments?post=243288"}],"version-history":[{"count":1,"href":"https:\/\/franciscanos.org.br\/noticias\/wp-json\/wp\/v2\/posts\/243288\/revisions"}],"predecessor-version":[{"id":243307,"href":"https:\/\/franciscanos.org.br\/noticias\/wp-json\/wp\/v2\/posts\/243288\/revisions\/243307"}],"wp:featuredmedia":[{"embeddable":true,"href":"https:\/\/franciscanos.org.br\/noticias\/wp-json\/wp\/v2\/media\/243289"}],"wp:attachment":[{"href":"https:\/\/franciscanos.org.br\/noticias\/wp-json\/wp\/v2\/media?parent=243288"}],"wp:term":[{"taxonomy":"category","embeddable":true,"href":"https:\/\/franciscanos.org.br\/noticias\/wp-json\/wp\/v2\/categories?post=243288"},{"taxonomy":"post_tag","embeddable":true,"href":"https:\/\/franciscanos.org.br\/noticias\/wp-json\/wp\/v2\/tags?post=243288"}],"curies":[{"name":"wp","href":"https:\/\/api.w.org\/{rel}","templated":true}]}}