{"id":243254,"date":"2023-05-16T05:59:34","date_gmt":"2023-05-16T08:59:34","guid":{"rendered":"https:\/\/franciscanos.org.br\/noticias\/?p=243254"},"modified":"2023-05-16T06:56:53","modified_gmt":"2023-05-16T09:56:53","slug":"donaterezinha","status":"publish","type":"post","link":"https:\/\/franciscanos.org.br\/noticias\/donaterezinha.html","title":{"rendered":"D\u00aa Terezinha fala sobre ser m\u00e3e de dois filhos padres: &#8220;\u00c9 uma alegria que n\u00e3o cabe no peito&#8221;"},"content":{"rendered":"<p><img loading=\"lazy\" class=\"alignnone size-full wp-image-243255\" src=\"https:\/\/franciscanos.org.br\/noticias\/wp-content\/uploads\/2023\/05\/gabriel_01.jpg\" alt=\"\" width=\"1280\" height=\"720\" srcset=\"https:\/\/franciscanos.org.br\/noticias\/wp-content\/uploads\/2023\/05\/gabriel_01.jpg 1280w, https:\/\/franciscanos.org.br\/noticias\/wp-content\/uploads\/2023\/05\/gabriel_01-450x253.jpg 450w, https:\/\/franciscanos.org.br\/noticias\/wp-content\/uploads\/2023\/05\/gabriel_01-1024x576.jpg 1024w, https:\/\/franciscanos.org.br\/noticias\/wp-content\/uploads\/2023\/05\/gabriel_01-768x432.jpg 768w, https:\/\/franciscanos.org.br\/noticias\/wp-content\/uploads\/2023\/05\/gabriel_01-150x84.jpg 150w\" sizes=\"(max-width: 1280px) 100vw, 1280px\" \/><\/p>\n<p><em>Era uma manh\u00e3 de sol, mas com o vento frio do outono do Sul do Brasil. D\u00aa Terezinha Corr\u00eaa Dellandrea, m\u00e3e dos Freis Daniel e Gabriel, j\u00e1 tinha cozinhado batatinhas para fazer uma gostosa maionese e colocou-as para esfriar numa vasilha de vidro perto da janela. O fog\u00e3o j\u00e1 fervia outra panela: agora de chuchu, para fazer uma tigela deste legume que o Gabriel gosta bem quentinho e sem quase nenhum tempero. No forno, um peda\u00e7o de carne j\u00e1 assava para servir no almo\u00e7o que reuniria a fam\u00edlia completa, pois o Daniel estava por chegar. Na grande cozinha tem uma mesa grande, que ao inv\u00e9s de ser ladeada por cadeiras, tem grandes bancos para acolher a fam\u00edlia toda. O espa\u00e7o de cozinhar \u00e9 tamb\u00e9m local para acolher todo mundo, al\u00e9m de ter uma outra mesa com imagens de santos, flores e fotos dos filhos, das netinhas e outros objetos simb\u00f3licos da fam\u00edlia. Toda a casa respira a alegria pela proximidade da Ordena\u00e7\u00e3o Presbiteral de Frei Gabriel. Sentamos \u00e0 mesa e D\u00aa Terezinha concedeu a entrevista abaixo, sempre muito emocionada.<\/em><\/p>\n<p><em>Acompanhe!<\/em><\/p>\n<p><strong>Site Franciscanos &#8211; Como o seu cora\u00e7\u00e3o recebe esses dois filhos presb\u00edteros? <\/strong><\/p>\n<p><strong>D\u00aa Terezinha<\/strong> &#8211; Eu recebo com muita emo\u00e7\u00e3o (pausa para choro). \u00c9 uma emo\u00e7\u00e3o muito grande que a gente n\u00e3o tem nem explica\u00e7\u00e3o do que sente, sabe? \u00c9 muito lindo, uma alegria t\u00e3o grande que n\u00e3o cabe no peito. \u00c9 uma pergunta que muitos me fazem, muitos me perguntam o que eu sinto.\u00a0 \u201cEu gostaria de saber o que voc\u00ea sente no cora\u00e7\u00e3o, sabendo que um filho [frei] j\u00e1 \u00e9 uma alegria muito grande, n\u00e9, para uma m\u00e3e. Imagina dois?\u201d. Ent\u00e3o, o que sinto no meu cora\u00e7\u00e3o \u00e9 uma emo\u00e7\u00e3o muito forte, um agradecimento muito grande a Deus, que fa\u00e7o todo dia por ter me dado essa gra\u00e7a de ter tr\u00eas filhos, sendo dois padres e um que me deu as netinhas (Clara e Anita). Um bom pai e um bom filho tamb\u00e9m.<\/p>\n<p><img loading=\"lazy\" class=\"alignnone size-full wp-image-243256\" src=\"https:\/\/franciscanos.org.br\/noticias\/wp-content\/uploads\/2023\/05\/gabriel_03.jpg\" alt=\"\" width=\"1280\" height=\"805\" srcset=\"https:\/\/franciscanos.org.br\/noticias\/wp-content\/uploads\/2023\/05\/gabriel_03.jpg 1280w, https:\/\/franciscanos.org.br\/noticias\/wp-content\/uploads\/2023\/05\/gabriel_03-450x283.jpg 450w, https:\/\/franciscanos.org.br\/noticias\/wp-content\/uploads\/2023\/05\/gabriel_03-1024x644.jpg 1024w, https:\/\/franciscanos.org.br\/noticias\/wp-content\/uploads\/2023\/05\/gabriel_03-768x483.jpg 768w, https:\/\/franciscanos.org.br\/noticias\/wp-content\/uploads\/2023\/05\/gabriel_03-150x94.jpg 150w\" sizes=\"(max-width: 1280px) 100vw, 1280px\" \/><\/p>\n<p><strong>Site Franciscanos &#8211; Como a sra. recebeu a decis\u00e3o de Frei Daniel de ser frade e depois a de Frei Gabriel? <\/strong><\/p>\n<p><strong>D\u00aa Terezinha<\/strong> &#8211; Eu recebi sempre apoiando eles. Sempre apoiei eles, nunca interferi. A escolha era deles. Ent\u00e3o, a gente fica feliz por eles hoje, pela escolha deles, pois deu tudo certo.<\/p>\n<p><strong>Site Franciscanos &#8211; Quando eles eram crian\u00e7as, a senhora imaginava que um dia teria dois frades franciscanos e presb\u00edteros?<\/strong><\/p>\n<p><strong>D\u00aa Terezinha<\/strong> &#8211; N\u00e3o (pausa para choro). Quando eu e o S\u00e9rgio viemos morar em Rodeio (S\u00e9rgio, esposo de Dona Terezinha, nasceu em Rodeio, mas ela nasceu na cidade vizinha, Ascurra, onde cresceu e s\u00f3 saiu de l\u00e1 ap\u00f3s ter se casado), ele comprou uma m\u00e1quina fotogr\u00e1fica e n\u00f3s pegamos o Daniel e fomos para a Igreja (Matriz S\u00e3o Francisco de Assis \u2013 do Noviciado de Rodeio\/SC) e batemos um monte de fotos dele sentado naquela escadaria. Eu nunca poderia imaginar que nessa Igreja ele iria servir como coroinha e, como coroinha, despertar nele a voca\u00e7\u00e3o. No come\u00e7o foi dif\u00edcil entender. Quando ele veio falar comigo que queria estudar num semin\u00e1rio, eu pensei: \u201cNossa, como vai ser isso&#8230; como vai ser?\u201d. E tudo foi se resolvendo. Eu lembro que no dia de Nossa Senhora Aparecida, ele me disse: \u201cM\u00e3e, eu queria estudar no semin\u00e1rio\u201d. E eu tinha uma imagem dela em cima de uma mesa. Eu n\u00e3o sabia mais o que responder pra ele, ent\u00e3o eu disse: \u201cVai l\u00e1 e reza para Nossa Senhora, para ela te dar uma luz\u201d. E ent\u00e3o eu vi ele l\u00e1, ajoelhado, na frente da Nossa Senhora. E depois disso as portas se abriram e &#8220;quando eu vi&#8221;, ele estava indo embora. Sofri bastante, pois senti muito a falta dele. Eu j\u00e1 estava gr\u00e1vida do Gabriel, e chorava de muita saudade dele pois n\u00e3o era como hoje com os celulares, onde podemos conversar mais. A gente ia visitar ele bastante, pois era perto (Ituporanga\/SC). Eu tive uma gravidez [do Gabriel] de muita saudade, de muito choro, mas quando ele nasceu, o frei sorriso (risos), tudo se transformou\u00a0em\u00a0alegria. No caso dele, eu tamb\u00e9m n\u00e3o imaginava. Ele sempre dizia: \u201cNunca vou te deixar\u201d. Me lembro que as pessoas perguntavam se ele tamb\u00e9m iria ser frei. Ele respondia que n\u00e3o queria, que nunca iria me deixar. E ele se espelhou no irm\u00e3o depois de tantas visitas nos semin\u00e1rios. Na Semana Mission\u00e1ria da Ordena\u00e7\u00e3o do Daniel, se ele tinha d\u00favidas, acabou quando ele me disse: \u201cM\u00e3e, eu tamb\u00e9m quero ir\u201d. E eu apoiei ele, pois sempre apoiei a decis\u00e3o deles. E foi, ficou, e ficou firme. A gente sofreu pela separa\u00e7\u00e3o, pois ele foi direto para S\u00e3o Paulo, que n\u00e3o era perto para estar visitando, mas deu certo.<\/p>\n<p><img loading=\"lazy\" class=\"alignnone size-full wp-image-243257\" src=\"https:\/\/franciscanos.org.br\/noticias\/wp-content\/uploads\/2023\/05\/gabriel_07.jpg\" alt=\"\" width=\"1280\" height=\"853\" srcset=\"https:\/\/franciscanos.org.br\/noticias\/wp-content\/uploads\/2023\/05\/gabriel_07.jpg 1280w, https:\/\/franciscanos.org.br\/noticias\/wp-content\/uploads\/2023\/05\/gabriel_07-450x300.jpg 450w, https:\/\/franciscanos.org.br\/noticias\/wp-content\/uploads\/2023\/05\/gabriel_07-1024x682.jpg 1024w, https:\/\/franciscanos.org.br\/noticias\/wp-content\/uploads\/2023\/05\/gabriel_07-768x512.jpg 768w, https:\/\/franciscanos.org.br\/noticias\/wp-content\/uploads\/2023\/05\/gabriel_07-150x100.jpg 150w\" sizes=\"(max-width: 1280px) 100vw, 1280px\" \/><\/p>\n<p><strong>Site Franciscanos &#8211; A senhora j\u00e1 conhecia os franciscanos e S\u00e3o Francisco de Assis antes de eles se tornarem seminaristas? Como \u00e9 a vida religiosa da fam\u00edlia?<\/strong><\/p>\n<p><strong>D\u00aa Terezinha &#8211; <\/strong>Nunca tinha ouvido. Eu soube quando vim morar em Rodeio. Mas depois nos envolvemos na comunidade. A gente sempre participava das celebra\u00e7\u00f5es todo final de semana. Em 2003 fomos convidados para ser ministros da Eucaristia e aceitamos. At\u00e9 hoje fazemos essa miss\u00e3o e fazemos o que podemos pela comunidade, mantendo aquela f\u00e9 acesa, ainda mais com os filhos freis. N\u00f3s cultivamos isso.<\/p>\n<p><strong>Site Franciscanos &#8211; Quais santos e santas a senhora \u00e9 devota? <\/strong><\/p>\n<p><strong>D\u00aa Terezinha &#8211;<\/strong> Eu sou devota de todos os santos, mas a que mais mexe comigo \u00e9 Santa Terezinha. E eu sempre procurava saber o porqu\u00ea tinha essa devo\u00e7\u00e3o. E\u00a0 lembrei um dia: quando ia para a aula, ainda pequena, tinha uma gruta no caminho para a escola. E l\u00e1 havia imagens muito lindas e eu ficava admirada olhando-as. Uma delas era de Santa Terezinha. E um dia dormindo sonhei com aquela gruta e lembrei dessa imagem. Era ela que estava ali. Isso mexeu comigo quando era crian\u00e7a e por isso tenho uma devo\u00e7\u00e3o muito grande por ela. A imagem dela me chama muito a aten\u00e7\u00e3o. Tanto \u00e9 que uma vez que visitei o Daniel em Petr\u00f3polis e fui numa igreja (Catedral S\u00e3o Pedro de Alc\u00e2ntara). Todo mundo visitou a igreja e saiu. Eu fiquei l\u00e1, rezando diante de uma imagem de Santa Terezinha. Eu pedi que ela protegesse o Daniel para mim, pois deixaria ele nas m\u00e3os dela. E quando fui sair, vi que ela tinha um buqu\u00ea de rosas nas m\u00e3os. Quando eu virei as costas, aquele buqu\u00ea caiu no ch\u00e3o como se ela me dissesse: \u201cPode ir que ele vai ficar nas minhas m\u00e3os\u201d. E at\u00e9 hoje eu rezo e pe\u00e7o a b\u00ean\u00e7\u00e3o e a prote\u00e7\u00e3o dos meus filhos. Tudo o que a gente pede para Deus n\u00e3o podemos duvidar, pois Ele escuta o nosso pedido de m\u00e3e. Sempre que eu rezo eu coloco os meus filhos nas m\u00e3os de Santa Terezinha e durante o dia eu esque\u00e7o que podem estar em perigo, pois sei no meu cora\u00e7\u00e3o que eles t\u00eam a prote\u00e7\u00e3o de Deus.<\/p>\n<div id=\"attachment_243258\" style=\"width: 1290px\" class=\"wp-caption alignnone\"><img aria-describedby=\"caption-attachment-243258\" loading=\"lazy\" class=\"wp-image-243258 size-full\" src=\"https:\/\/franciscanos.org.br\/noticias\/wp-content\/uploads\/2023\/05\/gabriel_04.jpg\" alt=\"\" width=\"1280\" height=\"853\" srcset=\"https:\/\/franciscanos.org.br\/noticias\/wp-content\/uploads\/2023\/05\/gabriel_04.jpg 1280w, https:\/\/franciscanos.org.br\/noticias\/wp-content\/uploads\/2023\/05\/gabriel_04-450x300.jpg 450w, https:\/\/franciscanos.org.br\/noticias\/wp-content\/uploads\/2023\/05\/gabriel_04-1024x682.jpg 1024w, https:\/\/franciscanos.org.br\/noticias\/wp-content\/uploads\/2023\/05\/gabriel_04-768x512.jpg 768w, https:\/\/franciscanos.org.br\/noticias\/wp-content\/uploads\/2023\/05\/gabriel_04-150x100.jpg 150w\" sizes=\"(max-width: 1280px) 100vw, 1280px\" \/><p id=\"caption-attachment-243258\" class=\"wp-caption-text\"><em>D\u00aa Terezinha e sr. S\u00e9rgio no ateli\u00ea de costura<\/em><\/p><\/div>\n<p><strong>Site Franciscanos &#8211; O que voc\u00ea diria para uma m\u00e3e que est\u00e1 indecisa em aceitar seu filho como seminarista? <\/strong><\/p>\n<p><strong>D\u00aa Terezinha<\/strong> &#8211; O que eu diria? Em primeiro lugar eu acho que a m\u00e3e nem precisaria ter d\u00favida em aceitar. Simplesmente aceitar e colocar nas m\u00e3os de Deus, deixar ele no caminho que escolheu e rezar e agradecer a Deus por ter tomado essa decis\u00e3o de ser um frei, um padre. Isso vem muito do apoio da m\u00e3e, do pai, nessa caminhada. Os pais n\u00e3o precisam mais se preocupar, pois sabem onde est\u00e1 o filho. O que vale \u00e9 a ora\u00e7\u00e3o da gente e deixar ele seguir o caminho. \u00c9 um caminho muito lindo, muito valioso na vida da fam\u00edlia. Nenhuma m\u00e3e deveria ter d\u00favidas. E mesmo que depois n\u00e3o desse certo e esse filho tivesse que voltar atr\u00e1s, ao menos ele teve uma experi\u00eancia que poderia dizer: \u201cEu tive a minha experi\u00eancia e a minha m\u00e3e e a minha fam\u00edlia me apoiou\u201d. \u00c9 um caminho muito lindo e o que precisa \u00e9 de ora\u00e7\u00e3o para que continue. Ent\u00e3o, acho que muitos jovens deveriam entrar e fazer essa experi\u00eancia. N\u00e3o precisa ser um padre, frei, mas fazer essa experi\u00eancia de vida religiosa. Se todo jovem tivesse essa oportunidade de fazer essa experi\u00eancia, mesmo que depois n\u00e3o seja aquilo que ele queria, pelo menos fez uma experi\u00eancia, teve conhecimento sobre a religi\u00e3o. Todo apoio, especialmente da m\u00e3e, \u00e9 muito bom.<\/p>\n<p><img loading=\"lazy\" class=\"alignnone size-full wp-image-243259\" src=\"https:\/\/franciscanos.org.br\/noticias\/wp-content\/uploads\/2023\/05\/gabriel_02.jpg\" alt=\"\" width=\"1280\" height=\"802\" srcset=\"https:\/\/franciscanos.org.br\/noticias\/wp-content\/uploads\/2023\/05\/gabriel_02.jpg 1280w, https:\/\/franciscanos.org.br\/noticias\/wp-content\/uploads\/2023\/05\/gabriel_02-450x282.jpg 450w, https:\/\/franciscanos.org.br\/noticias\/wp-content\/uploads\/2023\/05\/gabriel_02-1024x642.jpg 1024w, https:\/\/franciscanos.org.br\/noticias\/wp-content\/uploads\/2023\/05\/gabriel_02-768x481.jpg 768w, https:\/\/franciscanos.org.br\/noticias\/wp-content\/uploads\/2023\/05\/gabriel_02-150x94.jpg 150w\" sizes=\"(max-width: 1280px) 100vw, 1280px\" \/><\/p>\n<p><strong>ORDENA\u00c7\u00c3O PRESBITERAL NESTE S\u00c1BADO<\/strong><\/p>\n<p>Frei Gabriel Dellandrea ser\u00e1 ordenado presb\u00edtero pelo bispo diocesano de Rio do Sul (SC), Dom On\u00e9cimo Alberton, no dia 20 de maio, \u00e0s 16 horas, na Igreja S\u00e3o Virg\u00edlio do Rodeio 50, em Rodeio e a Primeira Missa ele vai presidir no domingo, 21 de maio, \u00e0s 10 horas, na Igreja Matriz S\u00e3o Francisco de Assis de Rodeio. \u201cConcedei, meu Deus, que eu vos conhe\u00e7a muito, para poder agir sempre segundo os vossos ensinamentos e de acordo com a vossa Sant\u00edssima Vontade\u201d. A ora\u00e7\u00e3o de S\u00e3o Francisco de Assis foi escolhida como lema para a sua ordena\u00e7\u00e3o.<\/p>\n<div id=\"attachment_243263\" style=\"width: 1290px\" class=\"wp-caption alignnone\"><img aria-describedby=\"caption-attachment-243263\" loading=\"lazy\" class=\"wp-image-243263 size-full\" src=\"https:\/\/franciscanos.org.br\/noticias\/wp-content\/uploads\/2023\/05\/gabriel_08.jpg\" alt=\"\" width=\"1280\" height=\"960\" srcset=\"https:\/\/franciscanos.org.br\/noticias\/wp-content\/uploads\/2023\/05\/gabriel_08.jpg 1280w, https:\/\/franciscanos.org.br\/noticias\/wp-content\/uploads\/2023\/05\/gabriel_08-450x338.jpg 450w, https:\/\/franciscanos.org.br\/noticias\/wp-content\/uploads\/2023\/05\/gabriel_08-1024x768.jpg 1024w, https:\/\/franciscanos.org.br\/noticias\/wp-content\/uploads\/2023\/05\/gabriel_08-768x576.jpg 768w, https:\/\/franciscanos.org.br\/noticias\/wp-content\/uploads\/2023\/05\/gabriel_08-150x113.jpg 150w, https:\/\/franciscanos.org.br\/noticias\/wp-content\/uploads\/2023\/05\/gabriel_08-600x450.jpg 600w\" sizes=\"(max-width: 1280px) 100vw, 1280px\" \/><p id=\"caption-attachment-243263\" class=\"wp-caption-text\"><em>A Fam\u00edlia Dellandrea, da esq. para dir: Frei Gabriel, D\u00aa Terezinha, Sr. S\u00e9rgio, Carolina com a pequena Anita, Elton com a pequena Clara e Frei Daniel<\/em><\/p><\/div>\n<hr \/>\n<p><em>Moacir Beggo<\/em><\/p>\n<p>&nbsp;<\/p>\n<p>&nbsp;<\/p>\n","protected":false},"excerpt":{"rendered":"<p>Entrevista<\/p>\n","protected":false},"author":3,"featured_media":243255,"comment_status":"open","ping_status":"open","sticky":false,"template":"","format":"standard","meta":[],"categories":[1],"tags":[2134],"acf":[],"yoast_head":"<!-- This site is optimized with the Yoast SEO plugin v19.2 - https:\/\/yoast.com\/wordpress\/plugins\/seo\/ -->\n<title>D\u00aa Terezinha fala sobre ser m\u00e3e de dois filhos padres: &quot;\u00c9 uma alegria que n\u00e3o cabe no peito&quot; - Not\u00edcias - Franciscanos<\/title>\n<meta name=\"robots\" content=\"index, follow, max-snippet:-1, max-image-preview:large, max-video-preview:-1\" \/>\n<link rel=\"canonical\" href=\"https:\/\/franciscanos.org.br\/noticias\/donaterezinha.html\" \/>\n<meta property=\"og:locale\" content=\"pt_BR\" \/>\n<meta property=\"og:type\" content=\"article\" \/>\n<meta property=\"og:title\" content=\"D\u00aa Terezinha fala sobre ser m\u00e3e de dois filhos padres: &quot;\u00c9 uma alegria que n\u00e3o cabe no peito&quot; - Not\u00edcias - Franciscanos\" \/>\n<meta property=\"og:description\" content=\"Entrevista\" \/>\n<meta property=\"og:url\" content=\"https:\/\/franciscanos.org.br\/noticias\/donaterezinha.html\" \/>\n<meta property=\"og:site_name\" content=\"Not\u00edcias - Franciscanos\" \/>\n<meta property=\"article:published_time\" content=\"2023-05-16T08:59:34+00:00\" \/>\n<meta property=\"article:modified_time\" content=\"2023-05-16T09:56:53+00:00\" \/>\n<meta property=\"og:image\" content=\"https:\/\/franciscanos.org.br\/noticias\/wp-content\/uploads\/2023\/05\/gabriel_01.jpg\" \/>\n\t<meta property=\"og:image:width\" content=\"1280\" \/>\n\t<meta property=\"og:image:height\" content=\"720\" \/>\n\t<meta property=\"og:image:type\" content=\"image\/jpeg\" \/>\n<meta name=\"author\" content=\"moacir\" \/>\n<meta name=\"twitter:card\" content=\"summary_large_image\" \/>\n<meta name=\"twitter:label1\" content=\"Escrito por\" \/>\n\t<meta name=\"twitter:data1\" content=\"moacir\" \/>\n\t<meta name=\"twitter:label2\" content=\"Est. tempo de leitura\" \/>\n\t<meta name=\"twitter:data2\" content=\"8 minutos\" \/>\n<script type=\"application\/ld+json\" class=\"yoast-schema-graph\">{\"@context\":\"https:\/\/schema.org\",\"@graph\":[{\"@type\":\"WebSite\",\"@id\":\"https:\/\/franciscanos.org.br\/noticias\/#website\",\"url\":\"https:\/\/franciscanos.org.br\/noticias\/\",\"name\":\"Not\u00edcias - Franciscanos\",\"description\":\"Prov\u00edncia Franciscana da Imaculada Concei\u00e7\u00e3o do Brasil - Ordem dos Frades Menores - OFM\",\"potentialAction\":[{\"@type\":\"SearchAction\",\"target\":{\"@type\":\"EntryPoint\",\"urlTemplate\":\"https:\/\/franciscanos.org.br\/noticias\/?s={search_term_string}\"},\"query-input\":\"required name=search_term_string\"}],\"inLanguage\":\"pt-BR\"},{\"@type\":\"ImageObject\",\"inLanguage\":\"pt-BR\",\"@id\":\"https:\/\/franciscanos.org.br\/noticias\/donaterezinha.html#primaryimage\",\"url\":\"https:\/\/franciscanos.org.br\/noticias\/wp-content\/uploads\/2023\/05\/gabriel_01.jpg\",\"contentUrl\":\"https:\/\/franciscanos.org.br\/noticias\/wp-content\/uploads\/2023\/05\/gabriel_01.jpg\",\"width\":1280,\"height\":720},{\"@type\":\"WebPage\",\"@id\":\"https:\/\/franciscanos.org.br\/noticias\/donaterezinha.html#webpage\",\"url\":\"https:\/\/franciscanos.org.br\/noticias\/donaterezinha.html\",\"name\":\"D\u00aa Terezinha fala sobre ser m\u00e3e de dois filhos padres: \\\"\u00c9 uma alegria que n\u00e3o cabe no peito\\\" - Not\u00edcias - Franciscanos\",\"isPartOf\":{\"@id\":\"https:\/\/franciscanos.org.br\/noticias\/#website\"},\"primaryImageOfPage\":{\"@id\":\"https:\/\/franciscanos.org.br\/noticias\/donaterezinha.html#primaryimage\"},\"datePublished\":\"2023-05-16T08:59:34+00:00\",\"dateModified\":\"2023-05-16T09:56:53+00:00\",\"author\":{\"@id\":\"https:\/\/franciscanos.org.br\/noticias\/#\/schema\/person\/b5c8cba458c330ccff548b056e95a5d4\"},\"breadcrumb\":{\"@id\":\"https:\/\/franciscanos.org.br\/noticias\/donaterezinha.html#breadcrumb\"},\"inLanguage\":\"pt-BR\",\"potentialAction\":[{\"@type\":\"ReadAction\",\"target\":[\"https:\/\/franciscanos.org.br\/noticias\/donaterezinha.html\"]}]},{\"@type\":\"BreadcrumbList\",\"@id\":\"https:\/\/franciscanos.org.br\/noticias\/donaterezinha.html#breadcrumb\",\"itemListElement\":[{\"@type\":\"ListItem\",\"position\":1,\"name\":\"Home\",\"item\":\"https:\/\/franciscanos.org.br\/noticias\"},{\"@type\":\"ListItem\",\"position\":2,\"name\":\"D\u00aa Terezinha fala sobre ser m\u00e3e de dois filhos padres: &#8220;\u00c9 uma alegria que n\u00e3o cabe no peito&#8221;\"}]},{\"@type\":\"Person\",\"@id\":\"https:\/\/franciscanos.org.br\/noticias\/#\/schema\/person\/b5c8cba458c330ccff548b056e95a5d4\",\"name\":\"moacir\",\"image\":{\"@type\":\"ImageObject\",\"inLanguage\":\"pt-BR\",\"@id\":\"https:\/\/franciscanos.org.br\/noticias\/#\/schema\/person\/image\/\",\"url\":\"https:\/\/secure.gravatar.com\/avatar\/d08aa2ce4c8dd416d4479aa8536fcf64?s=96&d=mm&r=g\",\"contentUrl\":\"https:\/\/secure.gravatar.com\/avatar\/d08aa2ce4c8dd416d4479aa8536fcf64?s=96&d=mm&r=g\",\"caption\":\"moacir\"},\"url\":\"https:\/\/franciscanos.org.br\/noticias\/author\/moacir\"}]}<\/script>\n<!-- \/ Yoast SEO plugin. -->","yoast_head_json":{"title":"D\u00aa Terezinha fala sobre ser m\u00e3e de dois filhos padres: \"\u00c9 uma alegria que n\u00e3o cabe no peito\" - Not\u00edcias - Franciscanos","robots":{"index":"index","follow":"follow","max-snippet":"max-snippet:-1","max-image-preview":"max-image-preview:large","max-video-preview":"max-video-preview:-1"},"canonical":"https:\/\/franciscanos.org.br\/noticias\/donaterezinha.html","og_locale":"pt_BR","og_type":"article","og_title":"D\u00aa Terezinha fala sobre ser m\u00e3e de dois filhos padres: \"\u00c9 uma alegria que n\u00e3o cabe no peito\" - Not\u00edcias - Franciscanos","og_description":"Entrevista","og_url":"https:\/\/franciscanos.org.br\/noticias\/donaterezinha.html","og_site_name":"Not\u00edcias - Franciscanos","article_published_time":"2023-05-16T08:59:34+00:00","article_modified_time":"2023-05-16T09:56:53+00:00","og_image":[{"width":1280,"height":720,"url":"https:\/\/franciscanos.org.br\/noticias\/wp-content\/uploads\/2023\/05\/gabriel_01.jpg","type":"image\/jpeg"}],"author":"moacir","twitter_card":"summary_large_image","twitter_misc":{"Escrito por":"moacir","Est. tempo de leitura":"8 minutos"},"schema":{"@context":"https:\/\/schema.org","@graph":[{"@type":"WebSite","@id":"https:\/\/franciscanos.org.br\/noticias\/#website","url":"https:\/\/franciscanos.org.br\/noticias\/","name":"Not\u00edcias - Franciscanos","description":"Prov\u00edncia Franciscana da Imaculada Concei\u00e7\u00e3o do Brasil - Ordem dos Frades Menores - OFM","potentialAction":[{"@type":"SearchAction","target":{"@type":"EntryPoint","urlTemplate":"https:\/\/franciscanos.org.br\/noticias\/?s={search_term_string}"},"query-input":"required name=search_term_string"}],"inLanguage":"pt-BR"},{"@type":"ImageObject","inLanguage":"pt-BR","@id":"https:\/\/franciscanos.org.br\/noticias\/donaterezinha.html#primaryimage","url":"https:\/\/franciscanos.org.br\/noticias\/wp-content\/uploads\/2023\/05\/gabriel_01.jpg","contentUrl":"https:\/\/franciscanos.org.br\/noticias\/wp-content\/uploads\/2023\/05\/gabriel_01.jpg","width":1280,"height":720},{"@type":"WebPage","@id":"https:\/\/franciscanos.org.br\/noticias\/donaterezinha.html#webpage","url":"https:\/\/franciscanos.org.br\/noticias\/donaterezinha.html","name":"D\u00aa Terezinha fala sobre ser m\u00e3e de dois filhos padres: \"\u00c9 uma alegria que n\u00e3o cabe no peito\" - Not\u00edcias - Franciscanos","isPartOf":{"@id":"https:\/\/franciscanos.org.br\/noticias\/#website"},"primaryImageOfPage":{"@id":"https:\/\/franciscanos.org.br\/noticias\/donaterezinha.html#primaryimage"},"datePublished":"2023-05-16T08:59:34+00:00","dateModified":"2023-05-16T09:56:53+00:00","author":{"@id":"https:\/\/franciscanos.org.br\/noticias\/#\/schema\/person\/b5c8cba458c330ccff548b056e95a5d4"},"breadcrumb":{"@id":"https:\/\/franciscanos.org.br\/noticias\/donaterezinha.html#breadcrumb"},"inLanguage":"pt-BR","potentialAction":[{"@type":"ReadAction","target":["https:\/\/franciscanos.org.br\/noticias\/donaterezinha.html"]}]},{"@type":"BreadcrumbList","@id":"https:\/\/franciscanos.org.br\/noticias\/donaterezinha.html#breadcrumb","itemListElement":[{"@type":"ListItem","position":1,"name":"Home","item":"https:\/\/franciscanos.org.br\/noticias"},{"@type":"ListItem","position":2,"name":"D\u00aa Terezinha fala sobre ser m\u00e3e de dois filhos padres: &#8220;\u00c9 uma alegria que n\u00e3o cabe no peito&#8221;"}]},{"@type":"Person","@id":"https:\/\/franciscanos.org.br\/noticias\/#\/schema\/person\/b5c8cba458c330ccff548b056e95a5d4","name":"moacir","image":{"@type":"ImageObject","inLanguage":"pt-BR","@id":"https:\/\/franciscanos.org.br\/noticias\/#\/schema\/person\/image\/","url":"https:\/\/secure.gravatar.com\/avatar\/d08aa2ce4c8dd416d4479aa8536fcf64?s=96&d=mm&r=g","contentUrl":"https:\/\/secure.gravatar.com\/avatar\/d08aa2ce4c8dd416d4479aa8536fcf64?s=96&d=mm&r=g","caption":"moacir"},"url":"https:\/\/franciscanos.org.br\/noticias\/author\/moacir"}]}},"_links":{"self":[{"href":"https:\/\/franciscanos.org.br\/noticias\/wp-json\/wp\/v2\/posts\/243254"}],"collection":[{"href":"https:\/\/franciscanos.org.br\/noticias\/wp-json\/wp\/v2\/posts"}],"about":[{"href":"https:\/\/franciscanos.org.br\/noticias\/wp-json\/wp\/v2\/types\/post"}],"author":[{"embeddable":true,"href":"https:\/\/franciscanos.org.br\/noticias\/wp-json\/wp\/v2\/users\/3"}],"replies":[{"embeddable":true,"href":"https:\/\/franciscanos.org.br\/noticias\/wp-json\/wp\/v2\/comments?post=243254"}],"version-history":[{"count":4,"href":"https:\/\/franciscanos.org.br\/noticias\/wp-json\/wp\/v2\/posts\/243254\/revisions"}],"predecessor-version":[{"id":243264,"href":"https:\/\/franciscanos.org.br\/noticias\/wp-json\/wp\/v2\/posts\/243254\/revisions\/243264"}],"wp:featuredmedia":[{"embeddable":true,"href":"https:\/\/franciscanos.org.br\/noticias\/wp-json\/wp\/v2\/media\/243255"}],"wp:attachment":[{"href":"https:\/\/franciscanos.org.br\/noticias\/wp-json\/wp\/v2\/media?parent=243254"}],"wp:term":[{"taxonomy":"category","embeddable":true,"href":"https:\/\/franciscanos.org.br\/noticias\/wp-json\/wp\/v2\/categories?post=243254"},{"taxonomy":"post_tag","embeddable":true,"href":"https:\/\/franciscanos.org.br\/noticias\/wp-json\/wp\/v2\/tags?post=243254"}],"curies":[{"name":"wp","href":"https:\/\/api.w.org\/{rel}","templated":true}]}}