{"id":243247,"date":"2023-05-15T21:10:45","date_gmt":"2023-05-16T00:10:45","guid":{"rendered":"https:\/\/franciscanos.org.br\/noticias\/?p=243247"},"modified":"2023-05-15T21:10:45","modified_gmt":"2023-05-16T00:10:45","slug":"rocinha-bebe-da-espiritualidade-franciscana","status":"publish","type":"post","link":"https:\/\/franciscanos.org.br\/noticias\/rocinha-bebe-da-espiritualidade-franciscana.html","title":{"rendered":"Rocinha \u201cbebe\u201d da espiritualidade franciscana"},"content":{"rendered":"<p><img loading=\"lazy\" class=\"alignnone wp-image-243248 size-full\" src=\"https:\/\/franciscanos.org.br\/noticias\/wp-content\/uploads\/2023\/05\/rocinha_01.jpg\" alt=\"\" width=\"1280\" height=\"720\" srcset=\"https:\/\/franciscanos.org.br\/noticias\/wp-content\/uploads\/2023\/05\/rocinha_01.jpg 1280w, https:\/\/franciscanos.org.br\/noticias\/wp-content\/uploads\/2023\/05\/rocinha_01-450x253.jpg 450w, https:\/\/franciscanos.org.br\/noticias\/wp-content\/uploads\/2023\/05\/rocinha_01-1024x576.jpg 1024w, https:\/\/franciscanos.org.br\/noticias\/wp-content\/uploads\/2023\/05\/rocinha_01-768x432.jpg 768w, https:\/\/franciscanos.org.br\/noticias\/wp-content\/uploads\/2023\/05\/rocinha_01-150x84.jpg 150w\" sizes=\"(max-width: 1280px) 100vw, 1280px\" \/><\/p>\n<p>A Par\u00f3quia Nossa Senhora da Boa Viagem, na Comunidade da Rocinha (RJ), viveu uma semana intensa de forma\u00e7\u00e3o, de 8 a 12 de maio, com a 1\u00aa Semana Teol\u00f3gica, que teve como tema Espiritualidade e Espiritualidade Franciscana. A escolha do tema deveu-se ao manifesto desejo dos paroquianos de conhecerem um pouco mais a espiritualidade do movimento franciscano. Os dois primeiros dias ficaram a cargo do p\u00e1roco Frei Toni Michels, que abordou as seguintes quest\u00f5es: O que entendemos por espiritualidade; O lugar fundamental da espiritualidade; A sede atual por espiritualidade; Nossa espiritualidade \u00e9 a espiritualidade de Jesus; Como cultivamos a espiritualidade; As diferentes espiritualidades dentro da espiritualidade crist\u00e3.<\/p>\n<p><img loading=\"lazy\" class=\"alignnone size-full wp-image-243249\" src=\"https:\/\/franciscanos.org.br\/noticias\/wp-content\/uploads\/2023\/05\/rocinha_03.jpg\" alt=\"\" width=\"1296\" height=\"972\" srcset=\"https:\/\/franciscanos.org.br\/noticias\/wp-content\/uploads\/2023\/05\/rocinha_03.jpg 1296w, https:\/\/franciscanos.org.br\/noticias\/wp-content\/uploads\/2023\/05\/rocinha_03-450x338.jpg 450w, https:\/\/franciscanos.org.br\/noticias\/wp-content\/uploads\/2023\/05\/rocinha_03-1024x768.jpg 1024w, https:\/\/franciscanos.org.br\/noticias\/wp-content\/uploads\/2023\/05\/rocinha_03-768x576.jpg 768w, https:\/\/franciscanos.org.br\/noticias\/wp-content\/uploads\/2023\/05\/rocinha_03-150x113.jpg 150w, https:\/\/franciscanos.org.br\/noticias\/wp-content\/uploads\/2023\/05\/rocinha_03-600x450.jpg 600w\" sizes=\"(max-width: 1296px) 100vw, 1296px\" \/><\/p>\n<p>Ap\u00f3s esta prepara\u00e7\u00e3o do terreno, assumiram Frei Gilberto da Silva, professor do Instituto Teol\u00f3gico Franciscano (ITF) e Frei Jos\u00e9 Ant\u00f4nio dos Santos, vig\u00e1rio paroquial da Par\u00f3quia S\u00e3o Francisco de Campos El\u00edseos, que abordaram especificamente a espiritualidade franciscana. Certamente, nenhum participante vai esquecer do epis\u00f3dio do Lobo de G\u00fabio, dos <em>I Fioretti de S\u00e3o Francisco<\/em>, que foi o ponto de partida para uma reflex\u00e3o riqu\u00edssima e muito atual.<\/p>\n<p><img loading=\"lazy\" class=\"alignnone size-full wp-image-243250\" src=\"https:\/\/franciscanos.org.br\/noticias\/wp-content\/uploads\/2023\/05\/rocinha_02.jpg\" alt=\"\" width=\"1296\" height=\"744\" srcset=\"https:\/\/franciscanos.org.br\/noticias\/wp-content\/uploads\/2023\/05\/rocinha_02.jpg 1296w, https:\/\/franciscanos.org.br\/noticias\/wp-content\/uploads\/2023\/05\/rocinha_02-450x258.jpg 450w, https:\/\/franciscanos.org.br\/noticias\/wp-content\/uploads\/2023\/05\/rocinha_02-1024x588.jpg 1024w, https:\/\/franciscanos.org.br\/noticias\/wp-content\/uploads\/2023\/05\/rocinha_02-768x441.jpg 768w, https:\/\/franciscanos.org.br\/noticias\/wp-content\/uploads\/2023\/05\/rocinha_02-150x86.jpg 150w\" sizes=\"(max-width: 1296px) 100vw, 1296px\" \/><\/p>\n<p>Marcantes foram tamb\u00e9m os momentos de ora\u00e7\u00e3o, com textos, leituras, cantos e s\u00edmbolos bem apropriados para os temas abordados. No primeiro dia participaram mais de 60 pessoas, n\u00famero que foi aumentando dia a dia, enquanto crescia tamb\u00e9m a vibra\u00e7\u00e3o dos participantes. A semana foi conclu\u00edda com uma confraterniza\u00e7\u00e3o, com gosto de quero mais.<\/p>\n<hr \/>\n<p><em>Pascom da Par\u00f3quia Nossa Senhora da Boa Viagem<\/em><\/p>\n","protected":false},"excerpt":{"rendered":"<p>Par\u00f3quia Nossa Senhora da Boa Viagem<\/p>\n","protected":false},"author":3,"featured_media":243248,"comment_status":"open","ping_status":"open","sticky":false,"template":"","format":"standard","meta":[],"categories":[1],"tags":[2133],"acf":[],"yoast_head":"<!-- This site is optimized with the Yoast SEO plugin v19.2 - https:\/\/yoast.com\/wordpress\/plugins\/seo\/ -->\n<title>Rocinha \u201cbebe\u201d da espiritualidade franciscana - Not\u00edcias - Franciscanos<\/title>\n<meta name=\"robots\" content=\"index, follow, max-snippet:-1, max-image-preview:large, max-video-preview:-1\" \/>\n<link rel=\"canonical\" href=\"https:\/\/franciscanos.org.br\/noticias\/rocinha-bebe-da-espiritualidade-franciscana.html\" \/>\n<meta property=\"og:locale\" content=\"pt_BR\" \/>\n<meta property=\"og:type\" content=\"article\" \/>\n<meta property=\"og:title\" content=\"Rocinha \u201cbebe\u201d da espiritualidade franciscana - Not\u00edcias - Franciscanos\" \/>\n<meta property=\"og:description\" content=\"Par\u00f3quia Nossa Senhora da Boa Viagem\" \/>\n<meta property=\"og:url\" content=\"https:\/\/franciscanos.org.br\/noticias\/rocinha-bebe-da-espiritualidade-franciscana.html\" \/>\n<meta property=\"og:site_name\" content=\"Not\u00edcias - Franciscanos\" \/>\n<meta property=\"article:published_time\" content=\"2023-05-16T00:10:45+00:00\" \/>\n<meta property=\"og:image\" content=\"https:\/\/franciscanos.org.br\/noticias\/wp-content\/uploads\/2023\/05\/rocinha_01.jpg\" \/>\n\t<meta property=\"og:image:width\" content=\"1280\" \/>\n\t<meta property=\"og:image:height\" content=\"720\" \/>\n\t<meta property=\"og:image:type\" content=\"image\/jpeg\" \/>\n<meta name=\"author\" content=\"moacir\" \/>\n<meta name=\"twitter:card\" content=\"summary_large_image\" \/>\n<meta name=\"twitter:label1\" content=\"Escrito por\" \/>\n\t<meta name=\"twitter:data1\" content=\"moacir\" \/>\n\t<meta name=\"twitter:label2\" content=\"Est. tempo de leitura\" \/>\n\t<meta name=\"twitter:data2\" content=\"1 minuto\" \/>\n<script type=\"application\/ld+json\" class=\"yoast-schema-graph\">{\"@context\":\"https:\/\/schema.org\",\"@graph\":[{\"@type\":\"WebSite\",\"@id\":\"https:\/\/franciscanos.org.br\/noticias\/#website\",\"url\":\"https:\/\/franciscanos.org.br\/noticias\/\",\"name\":\"Not\u00edcias - Franciscanos\",\"description\":\"Prov\u00edncia Franciscana da Imaculada Concei\u00e7\u00e3o do Brasil - Ordem dos Frades Menores - OFM\",\"potentialAction\":[{\"@type\":\"SearchAction\",\"target\":{\"@type\":\"EntryPoint\",\"urlTemplate\":\"https:\/\/franciscanos.org.br\/noticias\/?s={search_term_string}\"},\"query-input\":\"required name=search_term_string\"}],\"inLanguage\":\"pt-BR\"},{\"@type\":\"ImageObject\",\"inLanguage\":\"pt-BR\",\"@id\":\"https:\/\/franciscanos.org.br\/noticias\/rocinha-bebe-da-espiritualidade-franciscana.html#primaryimage\",\"url\":\"https:\/\/franciscanos.org.br\/noticias\/wp-content\/uploads\/2023\/05\/rocinha_01.jpg\",\"contentUrl\":\"https:\/\/franciscanos.org.br\/noticias\/wp-content\/uploads\/2023\/05\/rocinha_01.jpg\",\"width\":1280,\"height\":720},{\"@type\":\"WebPage\",\"@id\":\"https:\/\/franciscanos.org.br\/noticias\/rocinha-bebe-da-espiritualidade-franciscana.html#webpage\",\"url\":\"https:\/\/franciscanos.org.br\/noticias\/rocinha-bebe-da-espiritualidade-franciscana.html\",\"name\":\"Rocinha \u201cbebe\u201d da espiritualidade franciscana - Not\u00edcias - Franciscanos\",\"isPartOf\":{\"@id\":\"https:\/\/franciscanos.org.br\/noticias\/#website\"},\"primaryImageOfPage\":{\"@id\":\"https:\/\/franciscanos.org.br\/noticias\/rocinha-bebe-da-espiritualidade-franciscana.html#primaryimage\"},\"datePublished\":\"2023-05-16T00:10:45+00:00\",\"dateModified\":\"2023-05-16T00:10:45+00:00\",\"author\":{\"@id\":\"https:\/\/franciscanos.org.br\/noticias\/#\/schema\/person\/b5c8cba458c330ccff548b056e95a5d4\"},\"breadcrumb\":{\"@id\":\"https:\/\/franciscanos.org.br\/noticias\/rocinha-bebe-da-espiritualidade-franciscana.html#breadcrumb\"},\"inLanguage\":\"pt-BR\",\"potentialAction\":[{\"@type\":\"ReadAction\",\"target\":[\"https:\/\/franciscanos.org.br\/noticias\/rocinha-bebe-da-espiritualidade-franciscana.html\"]}]},{\"@type\":\"BreadcrumbList\",\"@id\":\"https:\/\/franciscanos.org.br\/noticias\/rocinha-bebe-da-espiritualidade-franciscana.html#breadcrumb\",\"itemListElement\":[{\"@type\":\"ListItem\",\"position\":1,\"name\":\"Home\",\"item\":\"https:\/\/franciscanos.org.br\/noticias\"},{\"@type\":\"ListItem\",\"position\":2,\"name\":\"Rocinha \u201cbebe\u201d da espiritualidade franciscana\"}]},{\"@type\":\"Person\",\"@id\":\"https:\/\/franciscanos.org.br\/noticias\/#\/schema\/person\/b5c8cba458c330ccff548b056e95a5d4\",\"name\":\"moacir\",\"image\":{\"@type\":\"ImageObject\",\"inLanguage\":\"pt-BR\",\"@id\":\"https:\/\/franciscanos.org.br\/noticias\/#\/schema\/person\/image\/\",\"url\":\"https:\/\/secure.gravatar.com\/avatar\/d08aa2ce4c8dd416d4479aa8536fcf64?s=96&d=mm&r=g\",\"contentUrl\":\"https:\/\/secure.gravatar.com\/avatar\/d08aa2ce4c8dd416d4479aa8536fcf64?s=96&d=mm&r=g\",\"caption\":\"moacir\"},\"url\":\"https:\/\/franciscanos.org.br\/noticias\/author\/moacir\"}]}<\/script>\n<!-- \/ Yoast SEO plugin. -->","yoast_head_json":{"title":"Rocinha \u201cbebe\u201d da espiritualidade franciscana - Not\u00edcias - Franciscanos","robots":{"index":"index","follow":"follow","max-snippet":"max-snippet:-1","max-image-preview":"max-image-preview:large","max-video-preview":"max-video-preview:-1"},"canonical":"https:\/\/franciscanos.org.br\/noticias\/rocinha-bebe-da-espiritualidade-franciscana.html","og_locale":"pt_BR","og_type":"article","og_title":"Rocinha \u201cbebe\u201d da espiritualidade franciscana - Not\u00edcias - Franciscanos","og_description":"Par\u00f3quia Nossa Senhora da Boa Viagem","og_url":"https:\/\/franciscanos.org.br\/noticias\/rocinha-bebe-da-espiritualidade-franciscana.html","og_site_name":"Not\u00edcias - Franciscanos","article_published_time":"2023-05-16T00:10:45+00:00","og_image":[{"width":1280,"height":720,"url":"https:\/\/franciscanos.org.br\/noticias\/wp-content\/uploads\/2023\/05\/rocinha_01.jpg","type":"image\/jpeg"}],"author":"moacir","twitter_card":"summary_large_image","twitter_misc":{"Escrito por":"moacir","Est. tempo de leitura":"1 minuto"},"schema":{"@context":"https:\/\/schema.org","@graph":[{"@type":"WebSite","@id":"https:\/\/franciscanos.org.br\/noticias\/#website","url":"https:\/\/franciscanos.org.br\/noticias\/","name":"Not\u00edcias - Franciscanos","description":"Prov\u00edncia Franciscana da Imaculada Concei\u00e7\u00e3o do Brasil - Ordem dos Frades Menores - OFM","potentialAction":[{"@type":"SearchAction","target":{"@type":"EntryPoint","urlTemplate":"https:\/\/franciscanos.org.br\/noticias\/?s={search_term_string}"},"query-input":"required name=search_term_string"}],"inLanguage":"pt-BR"},{"@type":"ImageObject","inLanguage":"pt-BR","@id":"https:\/\/franciscanos.org.br\/noticias\/rocinha-bebe-da-espiritualidade-franciscana.html#primaryimage","url":"https:\/\/franciscanos.org.br\/noticias\/wp-content\/uploads\/2023\/05\/rocinha_01.jpg","contentUrl":"https:\/\/franciscanos.org.br\/noticias\/wp-content\/uploads\/2023\/05\/rocinha_01.jpg","width":1280,"height":720},{"@type":"WebPage","@id":"https:\/\/franciscanos.org.br\/noticias\/rocinha-bebe-da-espiritualidade-franciscana.html#webpage","url":"https:\/\/franciscanos.org.br\/noticias\/rocinha-bebe-da-espiritualidade-franciscana.html","name":"Rocinha \u201cbebe\u201d da espiritualidade franciscana - Not\u00edcias - Franciscanos","isPartOf":{"@id":"https:\/\/franciscanos.org.br\/noticias\/#website"},"primaryImageOfPage":{"@id":"https:\/\/franciscanos.org.br\/noticias\/rocinha-bebe-da-espiritualidade-franciscana.html#primaryimage"},"datePublished":"2023-05-16T00:10:45+00:00","dateModified":"2023-05-16T00:10:45+00:00","author":{"@id":"https:\/\/franciscanos.org.br\/noticias\/#\/schema\/person\/b5c8cba458c330ccff548b056e95a5d4"},"breadcrumb":{"@id":"https:\/\/franciscanos.org.br\/noticias\/rocinha-bebe-da-espiritualidade-franciscana.html#breadcrumb"},"inLanguage":"pt-BR","potentialAction":[{"@type":"ReadAction","target":["https:\/\/franciscanos.org.br\/noticias\/rocinha-bebe-da-espiritualidade-franciscana.html"]}]},{"@type":"BreadcrumbList","@id":"https:\/\/franciscanos.org.br\/noticias\/rocinha-bebe-da-espiritualidade-franciscana.html#breadcrumb","itemListElement":[{"@type":"ListItem","position":1,"name":"Home","item":"https:\/\/franciscanos.org.br\/noticias"},{"@type":"ListItem","position":2,"name":"Rocinha \u201cbebe\u201d da espiritualidade franciscana"}]},{"@type":"Person","@id":"https:\/\/franciscanos.org.br\/noticias\/#\/schema\/person\/b5c8cba458c330ccff548b056e95a5d4","name":"moacir","image":{"@type":"ImageObject","inLanguage":"pt-BR","@id":"https:\/\/franciscanos.org.br\/noticias\/#\/schema\/person\/image\/","url":"https:\/\/secure.gravatar.com\/avatar\/d08aa2ce4c8dd416d4479aa8536fcf64?s=96&d=mm&r=g","contentUrl":"https:\/\/secure.gravatar.com\/avatar\/d08aa2ce4c8dd416d4479aa8536fcf64?s=96&d=mm&r=g","caption":"moacir"},"url":"https:\/\/franciscanos.org.br\/noticias\/author\/moacir"}]}},"_links":{"self":[{"href":"https:\/\/franciscanos.org.br\/noticias\/wp-json\/wp\/v2\/posts\/243247"}],"collection":[{"href":"https:\/\/franciscanos.org.br\/noticias\/wp-json\/wp\/v2\/posts"}],"about":[{"href":"https:\/\/franciscanos.org.br\/noticias\/wp-json\/wp\/v2\/types\/post"}],"author":[{"embeddable":true,"href":"https:\/\/franciscanos.org.br\/noticias\/wp-json\/wp\/v2\/users\/3"}],"replies":[{"embeddable":true,"href":"https:\/\/franciscanos.org.br\/noticias\/wp-json\/wp\/v2\/comments?post=243247"}],"version-history":[{"count":1,"href":"https:\/\/franciscanos.org.br\/noticias\/wp-json\/wp\/v2\/posts\/243247\/revisions"}],"predecessor-version":[{"id":243251,"href":"https:\/\/franciscanos.org.br\/noticias\/wp-json\/wp\/v2\/posts\/243247\/revisions\/243251"}],"wp:featuredmedia":[{"embeddable":true,"href":"https:\/\/franciscanos.org.br\/noticias\/wp-json\/wp\/v2\/media\/243248"}],"wp:attachment":[{"href":"https:\/\/franciscanos.org.br\/noticias\/wp-json\/wp\/v2\/media?parent=243247"}],"wp:term":[{"taxonomy":"category","embeddable":true,"href":"https:\/\/franciscanos.org.br\/noticias\/wp-json\/wp\/v2\/categories?post=243247"},{"taxonomy":"post_tag","embeddable":true,"href":"https:\/\/franciscanos.org.br\/noticias\/wp-json\/wp\/v2\/tags?post=243247"}],"curies":[{"name":"wp","href":"https:\/\/api.w.org\/{rel}","templated":true}]}}