{"id":243223,"date":"2023-05-14T08:46:34","date_gmt":"2023-05-14T11:46:34","guid":{"rendered":"https:\/\/franciscanos.org.br\/noticias\/?p=243223"},"modified":"2023-05-14T08:46:34","modified_gmt":"2023-05-14T11:46:34","slug":"papa-francisco-o-verdadeiro-amigo-corrige-sem-julgar","status":"publish","type":"post","link":"https:\/\/franciscanos.org.br\/noticias\/papa-francisco-o-verdadeiro-amigo-corrige-sem-julgar.html","title":{"rendered":"Papa Francisco: o verdadeiro amigo corrige sem julgar"},"content":{"rendered":"<div id=\"attachment_243224\" style=\"width: 1510px\" class=\"wp-caption alignnone\"><img aria-describedby=\"caption-attachment-243224\" loading=\"lazy\" class=\"wp-image-243224 size-full\" src=\"https:\/\/franciscanos.org.br\/noticias\/wp-content\/uploads\/2023\/05\/regina_14.jpg\" alt=\"\" width=\"1500\" height=\"844\" srcset=\"https:\/\/franciscanos.org.br\/noticias\/wp-content\/uploads\/2023\/05\/regina_14.jpg 1500w, https:\/\/franciscanos.org.br\/noticias\/wp-content\/uploads\/2023\/05\/regina_14-450x253.jpg 450w, https:\/\/franciscanos.org.br\/noticias\/wp-content\/uploads\/2023\/05\/regina_14-1024x576.jpg 1024w, https:\/\/franciscanos.org.br\/noticias\/wp-content\/uploads\/2023\/05\/regina_14-768x432.jpg 768w, https:\/\/franciscanos.org.br\/noticias\/wp-content\/uploads\/2023\/05\/regina_14-150x84.jpg 150w\" sizes=\"(max-width: 1500px) 100vw, 1500px\" \/><p id=\"caption-attachment-243224\" class=\"wp-caption-text\">\u00a0 \u00a0 \u00a0 \u00a0 \u00a0 \u00a0 \u00a0 \u00a0 \u00a0 \u00a0 \u00a0 \u00a0 \u00a0 \u00a0 \u00a0 \u00a0 \u00a0 \u00a0 \u00a0 \u00a0 \u00a0 \u00a0 \u00a0 \u00a0 \u00a0 \u00a0 \u00a0 \u00a0 \u00a0 \u00a0 \u00a0 \u00a0 \u00a0 \u00a0 \u00a0 \u00a0 \u00a0 \u00a0 \u00a0 \u00a0 \u00a0 \u00a0 \u00a0 \u00a0 \u00a0 \u00a0 \u00a0 <em>\u00a0 \u00a0 \u00a0Imagem: Vatican Media<\/em><\/p><\/div>\n<p>\u201cO verdadeiro amigo \u00e9 exigente, sugere como mudar e o faz sem julgar ou infundir desconfian\u00e7a\u201d: foi o que recordou neste domingo (14\/05) o Papa Francisco na sua alocu\u00e7\u00e3o que precedeu a ora\u00e7\u00e3o do Regina Caeli com os fi\u00e9is reunidos na Pra\u00e7a S\u00e3o Pedro. O modelo \u00e9 o do Esp\u00edrito Santo, advogado e consolador, &#8220;porque \u00e9 um verdadeiro amigo, fiel, que n\u00e3o esconde nada, que sugere o que mudar e como crescer. Mas, quando nos corrige, nunca nos humilha e nunca infunde desconfian\u00e7a; pelo contr\u00e1rio, nos transmite a certeza de que com Deus podemos conseguir, sempre. Essa \u00e9 a sua proximidade.&#8221;<\/p>\n<p>O Evangelho deste sexto domingo da P\u00e1scoa, &#8211; disse Francisco &#8211; fala-nos do Esp\u00edrito Santo, que Jesus chama de Par\u00e1clito. Par\u00e1clito \u00e9 uma palavra grega que significa ao mesmo tempo consolador e advogado.<\/p>\n<p>\u201cOu seja, o Esp\u00edrito Santo n\u00e3o nos deixa sozinhos, ele est\u00e1 ao nosso lado, como um advogado que ajuda o acusado ficando ao seu lado. E ele nos sugere como nos defendermos diante daqueles que nos acusam&#8221;.<\/p>\n<p>Falando da sua proximidade o Esp\u00edrito Santo, diz Jesus, &#8220;permanece junto de v\u00f3s e est\u00e1 em v\u00f3s&#8221;.<\/p>\n<p>\u201cO Esp\u00edrito Santo quer estar conosco: n\u00e3o \u00e9 um h\u00f3spede de passagem que vem nos fazer uma visita de cortesia. Ele \u00e9 um companheiro de vida, uma presen\u00e7a est\u00e1vel, \u00e9 Esp\u00edrito e deseja habitar em nosso esp\u00edrito. Ele \u00e9 paciente e est\u00e1 conosco mesmo quando ca\u00edmos. Permanece porque realmente nos ama: n\u00e3o finge que nos ama para depois nos deixar sozinhos nas dificuldades&#8221;.<\/p>\n<p>Ao contr\u00e1rio, &#8211; continuou Francisco -, se nos encontrarmos em prova\u00e7\u00e3o, o Esp\u00edrito Santo nos consola, trazendo-nos o perd\u00e3o e a for\u00e7a de Deus. E quando ele nos confronta com nossos erros e nos corrige, ele o faz com gentileza: em sua voz que fala ao cora\u00e7\u00e3o h\u00e1 sempre o timbre da ternura e o calor do amor.<\/p>\n<p>Francisco disse que o segundo aspecto do Esp\u00edrito Santo \u00e9 ser nosso advogado, nos defende diante daqueles que nos acusam: \u201cdiante de n\u00f3s mesmos, quando n\u00e3o nos amamos e n\u00e3o nos perdoamos, chegando ao ponto de nos dizermos que somos fracassados e que n\u00e3o servimos para nada; diante do mundo, que descarta aqueles que n\u00e3o correspondem aos seus esquemas e modelos; diante do diabo, que \u00e9 por excel\u00eancia o &#8220;acusador&#8221; e o divisor e faz de tudo para que nos sintamos incapazes e infelizes\u201d.<\/p>\n<p>Diante de todos esses pensamentos acusadores, o Esp\u00edrito Santo nos sugere como devemos responder. De que maneira? Perguntou o Papa.<\/p>\n<p>O Par\u00e1clito, diz Jesus, \u00e9 Aquele que &#8220;nos recorda tudo o que Jesus nos disse&#8221;. Ele nos recorda, portanto, as palavras do Evangelho e, assim, nos permite responder ao diabo acusador n\u00e3o com palavras nossas, mas com as palavras do pr\u00f3prio Senhor.<\/p>\n<p>\u201cSe invocarmos o Esp\u00edrito, aprenderemos a acolher e recordar a realidade mais importante da vida, que nos protege das acusa\u00e7\u00f5es do mal: somos filhos amados de Deus\u201d.<\/p>\n<p>Na conclus\u00e3o de suas palavras Francisco pediu que nos perguntemos hoje: invocamos o Esp\u00edrito Santo, rezamos a Ele com frequ\u00eancia? N\u00e3o nos esque\u00e7amos d\u2019Ele, que est\u00e1 perto de n\u00f3s, ou melhor, dentro de n\u00f3s! E depois, ouvimos sua voz, seja quando nos encoraja, seja quanto quando nos corrige? Respondemos com as palavras de Jesus \u00e0s acusa\u00e7\u00f5es do mal, aos &#8220;tribunais&#8221; da vida? Lembramo-nos de que somos filhos amados de Deus? Que Maria nos torne d\u00f3ceis \u00e0 voz do Esp\u00edrito Santo e sens\u00edveis \u00e0 sua presen\u00e7a.<\/p>\n<hr \/>\n<p><em>Fonte: Vatican News (texto de Silvonei Jos\u00e9)<\/em><\/p>\n","protected":false},"excerpt":{"rendered":"<p>Regina Coeli<\/p>\n","protected":false},"author":3,"featured_media":243224,"comment_status":"open","ping_status":"open","sticky":false,"template":"","format":"standard","meta":[],"categories":[1428],"tags":[564],"acf":[],"yoast_head":"<!-- This site is optimized with the Yoast SEO plugin v19.2 - https:\/\/yoast.com\/wordpress\/plugins\/seo\/ -->\n<title>Papa Francisco: o verdadeiro amigo corrige sem julgar - Not\u00edcias - Franciscanos<\/title>\n<meta name=\"robots\" content=\"index, follow, max-snippet:-1, max-image-preview:large, max-video-preview:-1\" \/>\n<link rel=\"canonical\" href=\"https:\/\/franciscanos.org.br\/noticias\/papa-francisco-o-verdadeiro-amigo-corrige-sem-julgar.html\" \/>\n<meta property=\"og:locale\" content=\"pt_BR\" \/>\n<meta property=\"og:type\" content=\"article\" \/>\n<meta property=\"og:title\" content=\"Papa Francisco: o verdadeiro amigo corrige sem julgar - Not\u00edcias - Franciscanos\" \/>\n<meta property=\"og:description\" content=\"Regina Coeli\" \/>\n<meta property=\"og:url\" content=\"https:\/\/franciscanos.org.br\/noticias\/papa-francisco-o-verdadeiro-amigo-corrige-sem-julgar.html\" \/>\n<meta property=\"og:site_name\" content=\"Not\u00edcias - Franciscanos\" \/>\n<meta property=\"article:published_time\" content=\"2023-05-14T11:46:34+00:00\" \/>\n<meta property=\"og:image\" content=\"https:\/\/franciscanos.org.br\/noticias\/wp-content\/uploads\/2023\/05\/regina_14.jpg\" \/>\n\t<meta property=\"og:image:width\" content=\"1500\" \/>\n\t<meta property=\"og:image:height\" content=\"844\" \/>\n\t<meta property=\"og:image:type\" content=\"image\/jpeg\" \/>\n<meta name=\"author\" content=\"moacir\" \/>\n<meta name=\"twitter:card\" content=\"summary_large_image\" \/>\n<meta name=\"twitter:label1\" content=\"Escrito por\" \/>\n\t<meta name=\"twitter:data1\" content=\"moacir\" \/>\n\t<meta name=\"twitter:label2\" content=\"Est. tempo de leitura\" \/>\n\t<meta name=\"twitter:data2\" content=\"3 minutos\" \/>\n<script type=\"application\/ld+json\" class=\"yoast-schema-graph\">{\"@context\":\"https:\/\/schema.org\",\"@graph\":[{\"@type\":\"WebSite\",\"@id\":\"https:\/\/franciscanos.org.br\/noticias\/#website\",\"url\":\"https:\/\/franciscanos.org.br\/noticias\/\",\"name\":\"Not\u00edcias - Franciscanos\",\"description\":\"Prov\u00edncia Franciscana da Imaculada Concei\u00e7\u00e3o do Brasil - Ordem dos Frades Menores - OFM\",\"potentialAction\":[{\"@type\":\"SearchAction\",\"target\":{\"@type\":\"EntryPoint\",\"urlTemplate\":\"https:\/\/franciscanos.org.br\/noticias\/?s={search_term_string}\"},\"query-input\":\"required name=search_term_string\"}],\"inLanguage\":\"pt-BR\"},{\"@type\":\"ImageObject\",\"inLanguage\":\"pt-BR\",\"@id\":\"https:\/\/franciscanos.org.br\/noticias\/papa-francisco-o-verdadeiro-amigo-corrige-sem-julgar.html#primaryimage\",\"url\":\"https:\/\/franciscanos.org.br\/noticias\/wp-content\/uploads\/2023\/05\/regina_14.jpg\",\"contentUrl\":\"https:\/\/franciscanos.org.br\/noticias\/wp-content\/uploads\/2023\/05\/regina_14.jpg\",\"width\":1500,\"height\":844},{\"@type\":\"WebPage\",\"@id\":\"https:\/\/franciscanos.org.br\/noticias\/papa-francisco-o-verdadeiro-amigo-corrige-sem-julgar.html#webpage\",\"url\":\"https:\/\/franciscanos.org.br\/noticias\/papa-francisco-o-verdadeiro-amigo-corrige-sem-julgar.html\",\"name\":\"Papa Francisco: o verdadeiro amigo corrige sem julgar - Not\u00edcias - Franciscanos\",\"isPartOf\":{\"@id\":\"https:\/\/franciscanos.org.br\/noticias\/#website\"},\"primaryImageOfPage\":{\"@id\":\"https:\/\/franciscanos.org.br\/noticias\/papa-francisco-o-verdadeiro-amigo-corrige-sem-julgar.html#primaryimage\"},\"datePublished\":\"2023-05-14T11:46:34+00:00\",\"dateModified\":\"2023-05-14T11:46:34+00:00\",\"author\":{\"@id\":\"https:\/\/franciscanos.org.br\/noticias\/#\/schema\/person\/b5c8cba458c330ccff548b056e95a5d4\"},\"breadcrumb\":{\"@id\":\"https:\/\/franciscanos.org.br\/noticias\/papa-francisco-o-verdadeiro-amigo-corrige-sem-julgar.html#breadcrumb\"},\"inLanguage\":\"pt-BR\",\"potentialAction\":[{\"@type\":\"ReadAction\",\"target\":[\"https:\/\/franciscanos.org.br\/noticias\/papa-francisco-o-verdadeiro-amigo-corrige-sem-julgar.html\"]}]},{\"@type\":\"BreadcrumbList\",\"@id\":\"https:\/\/franciscanos.org.br\/noticias\/papa-francisco-o-verdadeiro-amigo-corrige-sem-julgar.html#breadcrumb\",\"itemListElement\":[{\"@type\":\"ListItem\",\"position\":1,\"name\":\"Home\",\"item\":\"https:\/\/franciscanos.org.br\/noticias\"},{\"@type\":\"ListItem\",\"position\":2,\"name\":\"Papa Francisco: o verdadeiro amigo corrige sem julgar\"}]},{\"@type\":\"Person\",\"@id\":\"https:\/\/franciscanos.org.br\/noticias\/#\/schema\/person\/b5c8cba458c330ccff548b056e95a5d4\",\"name\":\"moacir\",\"image\":{\"@type\":\"ImageObject\",\"inLanguage\":\"pt-BR\",\"@id\":\"https:\/\/franciscanos.org.br\/noticias\/#\/schema\/person\/image\/\",\"url\":\"https:\/\/secure.gravatar.com\/avatar\/d08aa2ce4c8dd416d4479aa8536fcf64?s=96&d=mm&r=g\",\"contentUrl\":\"https:\/\/secure.gravatar.com\/avatar\/d08aa2ce4c8dd416d4479aa8536fcf64?s=96&d=mm&r=g\",\"caption\":\"moacir\"},\"url\":\"https:\/\/franciscanos.org.br\/noticias\/author\/moacir\"}]}<\/script>\n<!-- \/ Yoast SEO plugin. -->","yoast_head_json":{"title":"Papa Francisco: o verdadeiro amigo corrige sem julgar - Not\u00edcias - Franciscanos","robots":{"index":"index","follow":"follow","max-snippet":"max-snippet:-1","max-image-preview":"max-image-preview:large","max-video-preview":"max-video-preview:-1"},"canonical":"https:\/\/franciscanos.org.br\/noticias\/papa-francisco-o-verdadeiro-amigo-corrige-sem-julgar.html","og_locale":"pt_BR","og_type":"article","og_title":"Papa Francisco: o verdadeiro amigo corrige sem julgar - Not\u00edcias - Franciscanos","og_description":"Regina Coeli","og_url":"https:\/\/franciscanos.org.br\/noticias\/papa-francisco-o-verdadeiro-amigo-corrige-sem-julgar.html","og_site_name":"Not\u00edcias - Franciscanos","article_published_time":"2023-05-14T11:46:34+00:00","og_image":[{"width":1500,"height":844,"url":"https:\/\/franciscanos.org.br\/noticias\/wp-content\/uploads\/2023\/05\/regina_14.jpg","type":"image\/jpeg"}],"author":"moacir","twitter_card":"summary_large_image","twitter_misc":{"Escrito por":"moacir","Est. tempo de leitura":"3 minutos"},"schema":{"@context":"https:\/\/schema.org","@graph":[{"@type":"WebSite","@id":"https:\/\/franciscanos.org.br\/noticias\/#website","url":"https:\/\/franciscanos.org.br\/noticias\/","name":"Not\u00edcias - Franciscanos","description":"Prov\u00edncia Franciscana da Imaculada Concei\u00e7\u00e3o do Brasil - Ordem dos Frades Menores - OFM","potentialAction":[{"@type":"SearchAction","target":{"@type":"EntryPoint","urlTemplate":"https:\/\/franciscanos.org.br\/noticias\/?s={search_term_string}"},"query-input":"required name=search_term_string"}],"inLanguage":"pt-BR"},{"@type":"ImageObject","inLanguage":"pt-BR","@id":"https:\/\/franciscanos.org.br\/noticias\/papa-francisco-o-verdadeiro-amigo-corrige-sem-julgar.html#primaryimage","url":"https:\/\/franciscanos.org.br\/noticias\/wp-content\/uploads\/2023\/05\/regina_14.jpg","contentUrl":"https:\/\/franciscanos.org.br\/noticias\/wp-content\/uploads\/2023\/05\/regina_14.jpg","width":1500,"height":844},{"@type":"WebPage","@id":"https:\/\/franciscanos.org.br\/noticias\/papa-francisco-o-verdadeiro-amigo-corrige-sem-julgar.html#webpage","url":"https:\/\/franciscanos.org.br\/noticias\/papa-francisco-o-verdadeiro-amigo-corrige-sem-julgar.html","name":"Papa Francisco: o verdadeiro amigo corrige sem julgar - Not\u00edcias - Franciscanos","isPartOf":{"@id":"https:\/\/franciscanos.org.br\/noticias\/#website"},"primaryImageOfPage":{"@id":"https:\/\/franciscanos.org.br\/noticias\/papa-francisco-o-verdadeiro-amigo-corrige-sem-julgar.html#primaryimage"},"datePublished":"2023-05-14T11:46:34+00:00","dateModified":"2023-05-14T11:46:34+00:00","author":{"@id":"https:\/\/franciscanos.org.br\/noticias\/#\/schema\/person\/b5c8cba458c330ccff548b056e95a5d4"},"breadcrumb":{"@id":"https:\/\/franciscanos.org.br\/noticias\/papa-francisco-o-verdadeiro-amigo-corrige-sem-julgar.html#breadcrumb"},"inLanguage":"pt-BR","potentialAction":[{"@type":"ReadAction","target":["https:\/\/franciscanos.org.br\/noticias\/papa-francisco-o-verdadeiro-amigo-corrige-sem-julgar.html"]}]},{"@type":"BreadcrumbList","@id":"https:\/\/franciscanos.org.br\/noticias\/papa-francisco-o-verdadeiro-amigo-corrige-sem-julgar.html#breadcrumb","itemListElement":[{"@type":"ListItem","position":1,"name":"Home","item":"https:\/\/franciscanos.org.br\/noticias"},{"@type":"ListItem","position":2,"name":"Papa Francisco: o verdadeiro amigo corrige sem julgar"}]},{"@type":"Person","@id":"https:\/\/franciscanos.org.br\/noticias\/#\/schema\/person\/b5c8cba458c330ccff548b056e95a5d4","name":"moacir","image":{"@type":"ImageObject","inLanguage":"pt-BR","@id":"https:\/\/franciscanos.org.br\/noticias\/#\/schema\/person\/image\/","url":"https:\/\/secure.gravatar.com\/avatar\/d08aa2ce4c8dd416d4479aa8536fcf64?s=96&d=mm&r=g","contentUrl":"https:\/\/secure.gravatar.com\/avatar\/d08aa2ce4c8dd416d4479aa8536fcf64?s=96&d=mm&r=g","caption":"moacir"},"url":"https:\/\/franciscanos.org.br\/noticias\/author\/moacir"}]}},"_links":{"self":[{"href":"https:\/\/franciscanos.org.br\/noticias\/wp-json\/wp\/v2\/posts\/243223"}],"collection":[{"href":"https:\/\/franciscanos.org.br\/noticias\/wp-json\/wp\/v2\/posts"}],"about":[{"href":"https:\/\/franciscanos.org.br\/noticias\/wp-json\/wp\/v2\/types\/post"}],"author":[{"embeddable":true,"href":"https:\/\/franciscanos.org.br\/noticias\/wp-json\/wp\/v2\/users\/3"}],"replies":[{"embeddable":true,"href":"https:\/\/franciscanos.org.br\/noticias\/wp-json\/wp\/v2\/comments?post=243223"}],"version-history":[{"count":1,"href":"https:\/\/franciscanos.org.br\/noticias\/wp-json\/wp\/v2\/posts\/243223\/revisions"}],"predecessor-version":[{"id":243225,"href":"https:\/\/franciscanos.org.br\/noticias\/wp-json\/wp\/v2\/posts\/243223\/revisions\/243225"}],"wp:featuredmedia":[{"embeddable":true,"href":"https:\/\/franciscanos.org.br\/noticias\/wp-json\/wp\/v2\/media\/243224"}],"wp:attachment":[{"href":"https:\/\/franciscanos.org.br\/noticias\/wp-json\/wp\/v2\/media?parent=243223"}],"wp:term":[{"taxonomy":"category","embeddable":true,"href":"https:\/\/franciscanos.org.br\/noticias\/wp-json\/wp\/v2\/categories?post=243223"},{"taxonomy":"post_tag","embeddable":true,"href":"https:\/\/franciscanos.org.br\/noticias\/wp-json\/wp\/v2\/tags?post=243223"}],"curies":[{"name":"wp","href":"https:\/\/api.w.org\/{rel}","templated":true}]}}