{"id":243204,"date":"2023-05-11T08:01:12","date_gmt":"2023-05-11T11:01:12","guid":{"rendered":"https:\/\/franciscanos.org.br\/noticias\/?p=243204"},"modified":"2023-05-11T08:01:12","modified_gmt":"2023-05-11T11:01:12","slug":"usf-esta-com-inscricoes-abertas-para-docentes-pesquisadores-estrangeiros-em-condicao-de-refugiado","status":"publish","type":"post","link":"https:\/\/franciscanos.org.br\/noticias\/usf-esta-com-inscricoes-abertas-para-docentes-pesquisadores-estrangeiros-em-condicao-de-refugiado.html","title":{"rendered":"USF est\u00e1 com inscri\u00e7\u00f5es abertas para docentes pesquisadores estrangeiros em condi\u00e7\u00e3o de refugiado"},"content":{"rendered":"<div>\n<div><img loading=\"lazy\" class=\"alignnone wp-image-243205 size-full\" src=\"https:\/\/franciscanos.org.br\/noticias\/wp-content\/uploads\/2023\/05\/usf_11.png\" alt=\"\" width=\"1280\" height=\"720\" srcset=\"https:\/\/franciscanos.org.br\/noticias\/wp-content\/uploads\/2023\/05\/usf_11.png 1280w, https:\/\/franciscanos.org.br\/noticias\/wp-content\/uploads\/2023\/05\/usf_11-450x253.png 450w, https:\/\/franciscanos.org.br\/noticias\/wp-content\/uploads\/2023\/05\/usf_11-1024x576.png 1024w, https:\/\/franciscanos.org.br\/noticias\/wp-content\/uploads\/2023\/05\/usf_11-768x432.png 768w, https:\/\/franciscanos.org.br\/noticias\/wp-content\/uploads\/2023\/05\/usf_11-150x84.png 150w\" sizes=\"(max-width: 1280px) 100vw, 1280px\" \/><\/div>\n<p>A Universidade S\u00e3o Francisco (USF) est\u00e1 com inscri\u00e7\u00f5es abertas para docentes pesquisadores estrangeiro em condi\u00e7\u00e3o de refugiado, que tenham sido vinculados a uma institui\u00e7\u00e3o de ensino e pesquisa no exterior e que apresente comprovada produtividade acad\u00eamico-cient\u00edfica, para atuar como pesquisador visitante no Brasil junto ao Programa de P\u00f3s-Gradua\u00e7\u00e3o em Ci\u00eancias da Sa\u00fade, C\u00e2mpus Bragan\u00e7a Paulista ou no Programa de P\u00f3s-Gradua\u00e7\u00e3o em Educa\u00e7\u00e3o, C\u00e2mpus Bragan\u00e7a Paulista.<\/p>\n<p><a href=\"https:\/\/docs.google.com\/forms\/d\/1xh0TYElEE4FRbI2sipsvLN3a7a7MU5oL3kZpwmiOe4o\/viewform?edit_requested=true\" target=\"_blank\" rel=\"noopener\" data-saferedirecturl=\"https:\/\/www.google.com\/url?q=https:\/\/docs.google.com\/forms\/d\/1xh0TYElEE4FRbI2sipsvLN3a7a7MU5oL3kZpwmiOe4o\/viewform?edit_requested%3Dtrue&amp;source=gmail&amp;ust=1683885549722000&amp;usg=AOvVaw3lgUvh80tXxBsl7x_piwOd\">Clique aqui<\/a>\u00a0para inscrever-se.<\/p>\n<p>S\u00e3o requisitos para participa\u00e7\u00e3o:<\/p>\n<p>1. Ser docente ou pesquisador estrangeiro, em condi\u00e7\u00e3o de refugiado, que seja ou tenha sido vinculado a uma institui\u00e7\u00e3o de ensino ou pesquisa no exterior e que apresente comprovada produtividade acad\u00eamico-cient\u00edfica nas \u00e1reas da Educa\u00e7\u00e3o ou Ci\u00eancias da Sa\u00fade;<\/p>\n<p>2. Possuir t\u00edtulo de doutor, quando da implementa\u00e7\u00e3o da bolsa;<\/p>\n<p>3. Possuir conta banc\u00e1ria no Brasil;<\/p>\n<p>4. Ter disponibilidade para atuar no desenvolvimento de atividade de doc\u00eancia ou pesquisa na Institui\u00e7\u00e3o de Ensino Superior \u2013 IES titular do projeto;<\/p>\n<p>5. Estabelecer resid\u00eancia no Brasil durante o per\u00edodo de recebimento da bolsa;<\/p>\n<p>6. Ter dom\u00ednio de, no m\u00ednimo, uma das l\u00ednguas estrangeiras: ingl\u00eas, franc\u00eas, espanhol, italiano e ou portugu\u00eas;<\/p>\n<p>7. Atender ao estipulado no Termo de Compromisso,\u00a0<a href=\"https:\/\/www.gov.br\/capes\/pt-br\/acesso-a-informacao\/acoes-e-programas\/bolsas\/programasestrategicos\/programas-emergenciais\/programa-emergencial-de-solidariedade-academica;\" target=\"_blank\" rel=\"noopener\" data-saferedirecturl=\"https:\/\/www.google.com\/url?q=https:\/\/www.gov.br\/capes\/pt-br\/acesso-a-informacao\/acoes-e-programas\/bolsas\/programasestrategicos\/programas-emergenciais\/programa-emergencial-de-solidariedade-academica;&amp;source=gmail&amp;ust=1683885549722000&amp;usg=AOvVaw2qnperCn1Nog9e7eZFdmsp\">Anexo IV<\/a>.<\/p>\n<p>8. Elaborar o \u201cRelat\u00f3rio de Atividades do Bolsista\u201d (conforme modelo disponibilizado pela CAPES), a ser submetido em at\u00e9 30 dias ap\u00f3s o encerramento da bolsa, e anexar no Sistema de Concess\u00e3o de Bolsas e Aux\u00edlios \u2013 SCBA.<\/p>\n<p><a href=\"https:\/\/www.usf.edu.br\/galeria\/getImage\/410\/515772964528820.pdf\" target=\"_blank\" rel=\"noopener\" data-saferedirecturl=\"https:\/\/www.google.com\/url?q=https:\/\/www.usf.edu.br\/galeria\/getImage\/410\/515772964528820.pdf&amp;source=gmail&amp;ust=1683885549722000&amp;usg=AOvVaw342UGI5dVCdNF1VtSMvyvc\">Clique aqui<\/a>\u00a0e confira o edital completo.<\/p>\n<\/div>\n<hr \/>\n<div dir=\"ltr\" data-smartmail=\"gmail_signature\">\n<div dir=\"ltr\">\n<div dir=\"ltr\">\n<div dir=\"ltr\">\n<div dir=\"ltr\">\n<p><em>Ana Paula Moreira<\/em><\/p>\n<\/div>\n<\/div>\n<\/div>\n<\/div>\n<\/div>\n","protected":false},"excerpt":{"rendered":"<p>Universidade S\u00e3o Francisco<\/p>\n","protected":false},"author":3,"featured_media":243205,"comment_status":"open","ping_status":"open","sticky":false,"template":"","format":"standard","meta":[],"categories":[1],"tags":[354],"acf":[],"yoast_head":"<!-- This site is optimized with the Yoast SEO plugin v19.2 - https:\/\/yoast.com\/wordpress\/plugins\/seo\/ -->\n<title>USF est\u00e1 com inscri\u00e7\u00f5es abertas para docentes pesquisadores estrangeiros em condi\u00e7\u00e3o de refugiado - Not\u00edcias - Franciscanos<\/title>\n<meta name=\"robots\" content=\"index, follow, max-snippet:-1, max-image-preview:large, max-video-preview:-1\" \/>\n<link rel=\"canonical\" href=\"https:\/\/franciscanos.org.br\/noticias\/usf-esta-com-inscricoes-abertas-para-docentes-pesquisadores-estrangeiros-em-condicao-de-refugiado.html\" \/>\n<meta property=\"og:locale\" content=\"pt_BR\" \/>\n<meta property=\"og:type\" content=\"article\" \/>\n<meta property=\"og:title\" content=\"USF est\u00e1 com inscri\u00e7\u00f5es abertas para docentes pesquisadores estrangeiros em condi\u00e7\u00e3o de refugiado - Not\u00edcias - Franciscanos\" \/>\n<meta property=\"og:description\" content=\"Universidade S\u00e3o Francisco\" \/>\n<meta property=\"og:url\" content=\"https:\/\/franciscanos.org.br\/noticias\/usf-esta-com-inscricoes-abertas-para-docentes-pesquisadores-estrangeiros-em-condicao-de-refugiado.html\" \/>\n<meta property=\"og:site_name\" content=\"Not\u00edcias - Franciscanos\" \/>\n<meta property=\"article:published_time\" content=\"2023-05-11T11:01:12+00:00\" \/>\n<meta property=\"og:image\" content=\"https:\/\/franciscanos.org.br\/noticias\/wp-content\/uploads\/2023\/05\/usf_11.png\" \/>\n\t<meta property=\"og:image:width\" content=\"1280\" \/>\n\t<meta property=\"og:image:height\" content=\"720\" \/>\n\t<meta property=\"og:image:type\" content=\"image\/png\" \/>\n<meta name=\"author\" content=\"moacir\" \/>\n<meta name=\"twitter:card\" content=\"summary_large_image\" \/>\n<meta name=\"twitter:label1\" content=\"Escrito por\" \/>\n\t<meta name=\"twitter:data1\" content=\"moacir\" \/>\n\t<meta name=\"twitter:label2\" content=\"Est. tempo de leitura\" \/>\n\t<meta name=\"twitter:data2\" content=\"1 minuto\" \/>\n<script type=\"application\/ld+json\" class=\"yoast-schema-graph\">{\"@context\":\"https:\/\/schema.org\",\"@graph\":[{\"@type\":\"WebSite\",\"@id\":\"https:\/\/franciscanos.org.br\/noticias\/#website\",\"url\":\"https:\/\/franciscanos.org.br\/noticias\/\",\"name\":\"Not\u00edcias - Franciscanos\",\"description\":\"Prov\u00edncia Franciscana da Imaculada Concei\u00e7\u00e3o do Brasil - Ordem dos Frades Menores - OFM\",\"potentialAction\":[{\"@type\":\"SearchAction\",\"target\":{\"@type\":\"EntryPoint\",\"urlTemplate\":\"https:\/\/franciscanos.org.br\/noticias\/?s={search_term_string}\"},\"query-input\":\"required name=search_term_string\"}],\"inLanguage\":\"pt-BR\"},{\"@type\":\"ImageObject\",\"inLanguage\":\"pt-BR\",\"@id\":\"https:\/\/franciscanos.org.br\/noticias\/usf-esta-com-inscricoes-abertas-para-docentes-pesquisadores-estrangeiros-em-condicao-de-refugiado.html#primaryimage\",\"url\":\"https:\/\/franciscanos.org.br\/noticias\/wp-content\/uploads\/2023\/05\/usf_11.png\",\"contentUrl\":\"https:\/\/franciscanos.org.br\/noticias\/wp-content\/uploads\/2023\/05\/usf_11.png\",\"width\":1280,\"height\":720},{\"@type\":\"WebPage\",\"@id\":\"https:\/\/franciscanos.org.br\/noticias\/usf-esta-com-inscricoes-abertas-para-docentes-pesquisadores-estrangeiros-em-condicao-de-refugiado.html#webpage\",\"url\":\"https:\/\/franciscanos.org.br\/noticias\/usf-esta-com-inscricoes-abertas-para-docentes-pesquisadores-estrangeiros-em-condicao-de-refugiado.html\",\"name\":\"USF est\u00e1 com inscri\u00e7\u00f5es abertas para docentes pesquisadores estrangeiros em condi\u00e7\u00e3o de refugiado - Not\u00edcias - Franciscanos\",\"isPartOf\":{\"@id\":\"https:\/\/franciscanos.org.br\/noticias\/#website\"},\"primaryImageOfPage\":{\"@id\":\"https:\/\/franciscanos.org.br\/noticias\/usf-esta-com-inscricoes-abertas-para-docentes-pesquisadores-estrangeiros-em-condicao-de-refugiado.html#primaryimage\"},\"datePublished\":\"2023-05-11T11:01:12+00:00\",\"dateModified\":\"2023-05-11T11:01:12+00:00\",\"author\":{\"@id\":\"https:\/\/franciscanos.org.br\/noticias\/#\/schema\/person\/b5c8cba458c330ccff548b056e95a5d4\"},\"breadcrumb\":{\"@id\":\"https:\/\/franciscanos.org.br\/noticias\/usf-esta-com-inscricoes-abertas-para-docentes-pesquisadores-estrangeiros-em-condicao-de-refugiado.html#breadcrumb\"},\"inLanguage\":\"pt-BR\",\"potentialAction\":[{\"@type\":\"ReadAction\",\"target\":[\"https:\/\/franciscanos.org.br\/noticias\/usf-esta-com-inscricoes-abertas-para-docentes-pesquisadores-estrangeiros-em-condicao-de-refugiado.html\"]}]},{\"@type\":\"BreadcrumbList\",\"@id\":\"https:\/\/franciscanos.org.br\/noticias\/usf-esta-com-inscricoes-abertas-para-docentes-pesquisadores-estrangeiros-em-condicao-de-refugiado.html#breadcrumb\",\"itemListElement\":[{\"@type\":\"ListItem\",\"position\":1,\"name\":\"Home\",\"item\":\"https:\/\/franciscanos.org.br\/noticias\"},{\"@type\":\"ListItem\",\"position\":2,\"name\":\"USF est\u00e1 com inscri\u00e7\u00f5es abertas para docentes pesquisadores estrangeiros em condi\u00e7\u00e3o de refugiado\"}]},{\"@type\":\"Person\",\"@id\":\"https:\/\/franciscanos.org.br\/noticias\/#\/schema\/person\/b5c8cba458c330ccff548b056e95a5d4\",\"name\":\"moacir\",\"image\":{\"@type\":\"ImageObject\",\"inLanguage\":\"pt-BR\",\"@id\":\"https:\/\/franciscanos.org.br\/noticias\/#\/schema\/person\/image\/\",\"url\":\"https:\/\/secure.gravatar.com\/avatar\/d08aa2ce4c8dd416d4479aa8536fcf64?s=96&d=mm&r=g\",\"contentUrl\":\"https:\/\/secure.gravatar.com\/avatar\/d08aa2ce4c8dd416d4479aa8536fcf64?s=96&d=mm&r=g\",\"caption\":\"moacir\"},\"url\":\"https:\/\/franciscanos.org.br\/noticias\/author\/moacir\"}]}<\/script>\n<!-- \/ Yoast SEO plugin. -->","yoast_head_json":{"title":"USF est\u00e1 com inscri\u00e7\u00f5es abertas para docentes pesquisadores estrangeiros em condi\u00e7\u00e3o de refugiado - Not\u00edcias - Franciscanos","robots":{"index":"index","follow":"follow","max-snippet":"max-snippet:-1","max-image-preview":"max-image-preview:large","max-video-preview":"max-video-preview:-1"},"canonical":"https:\/\/franciscanos.org.br\/noticias\/usf-esta-com-inscricoes-abertas-para-docentes-pesquisadores-estrangeiros-em-condicao-de-refugiado.html","og_locale":"pt_BR","og_type":"article","og_title":"USF est\u00e1 com inscri\u00e7\u00f5es abertas para docentes pesquisadores estrangeiros em condi\u00e7\u00e3o de refugiado - Not\u00edcias - Franciscanos","og_description":"Universidade S\u00e3o Francisco","og_url":"https:\/\/franciscanos.org.br\/noticias\/usf-esta-com-inscricoes-abertas-para-docentes-pesquisadores-estrangeiros-em-condicao-de-refugiado.html","og_site_name":"Not\u00edcias - Franciscanos","article_published_time":"2023-05-11T11:01:12+00:00","og_image":[{"width":1280,"height":720,"url":"https:\/\/franciscanos.org.br\/noticias\/wp-content\/uploads\/2023\/05\/usf_11.png","type":"image\/png"}],"author":"moacir","twitter_card":"summary_large_image","twitter_misc":{"Escrito por":"moacir","Est. tempo de leitura":"1 minuto"},"schema":{"@context":"https:\/\/schema.org","@graph":[{"@type":"WebSite","@id":"https:\/\/franciscanos.org.br\/noticias\/#website","url":"https:\/\/franciscanos.org.br\/noticias\/","name":"Not\u00edcias - Franciscanos","description":"Prov\u00edncia Franciscana da Imaculada Concei\u00e7\u00e3o do Brasil - Ordem dos Frades Menores - OFM","potentialAction":[{"@type":"SearchAction","target":{"@type":"EntryPoint","urlTemplate":"https:\/\/franciscanos.org.br\/noticias\/?s={search_term_string}"},"query-input":"required name=search_term_string"}],"inLanguage":"pt-BR"},{"@type":"ImageObject","inLanguage":"pt-BR","@id":"https:\/\/franciscanos.org.br\/noticias\/usf-esta-com-inscricoes-abertas-para-docentes-pesquisadores-estrangeiros-em-condicao-de-refugiado.html#primaryimage","url":"https:\/\/franciscanos.org.br\/noticias\/wp-content\/uploads\/2023\/05\/usf_11.png","contentUrl":"https:\/\/franciscanos.org.br\/noticias\/wp-content\/uploads\/2023\/05\/usf_11.png","width":1280,"height":720},{"@type":"WebPage","@id":"https:\/\/franciscanos.org.br\/noticias\/usf-esta-com-inscricoes-abertas-para-docentes-pesquisadores-estrangeiros-em-condicao-de-refugiado.html#webpage","url":"https:\/\/franciscanos.org.br\/noticias\/usf-esta-com-inscricoes-abertas-para-docentes-pesquisadores-estrangeiros-em-condicao-de-refugiado.html","name":"USF est\u00e1 com inscri\u00e7\u00f5es abertas para docentes pesquisadores estrangeiros em condi\u00e7\u00e3o de refugiado - Not\u00edcias - Franciscanos","isPartOf":{"@id":"https:\/\/franciscanos.org.br\/noticias\/#website"},"primaryImageOfPage":{"@id":"https:\/\/franciscanos.org.br\/noticias\/usf-esta-com-inscricoes-abertas-para-docentes-pesquisadores-estrangeiros-em-condicao-de-refugiado.html#primaryimage"},"datePublished":"2023-05-11T11:01:12+00:00","dateModified":"2023-05-11T11:01:12+00:00","author":{"@id":"https:\/\/franciscanos.org.br\/noticias\/#\/schema\/person\/b5c8cba458c330ccff548b056e95a5d4"},"breadcrumb":{"@id":"https:\/\/franciscanos.org.br\/noticias\/usf-esta-com-inscricoes-abertas-para-docentes-pesquisadores-estrangeiros-em-condicao-de-refugiado.html#breadcrumb"},"inLanguage":"pt-BR","potentialAction":[{"@type":"ReadAction","target":["https:\/\/franciscanos.org.br\/noticias\/usf-esta-com-inscricoes-abertas-para-docentes-pesquisadores-estrangeiros-em-condicao-de-refugiado.html"]}]},{"@type":"BreadcrumbList","@id":"https:\/\/franciscanos.org.br\/noticias\/usf-esta-com-inscricoes-abertas-para-docentes-pesquisadores-estrangeiros-em-condicao-de-refugiado.html#breadcrumb","itemListElement":[{"@type":"ListItem","position":1,"name":"Home","item":"https:\/\/franciscanos.org.br\/noticias"},{"@type":"ListItem","position":2,"name":"USF est\u00e1 com inscri\u00e7\u00f5es abertas para docentes pesquisadores estrangeiros em condi\u00e7\u00e3o de refugiado"}]},{"@type":"Person","@id":"https:\/\/franciscanos.org.br\/noticias\/#\/schema\/person\/b5c8cba458c330ccff548b056e95a5d4","name":"moacir","image":{"@type":"ImageObject","inLanguage":"pt-BR","@id":"https:\/\/franciscanos.org.br\/noticias\/#\/schema\/person\/image\/","url":"https:\/\/secure.gravatar.com\/avatar\/d08aa2ce4c8dd416d4479aa8536fcf64?s=96&d=mm&r=g","contentUrl":"https:\/\/secure.gravatar.com\/avatar\/d08aa2ce4c8dd416d4479aa8536fcf64?s=96&d=mm&r=g","caption":"moacir"},"url":"https:\/\/franciscanos.org.br\/noticias\/author\/moacir"}]}},"_links":{"self":[{"href":"https:\/\/franciscanos.org.br\/noticias\/wp-json\/wp\/v2\/posts\/243204"}],"collection":[{"href":"https:\/\/franciscanos.org.br\/noticias\/wp-json\/wp\/v2\/posts"}],"about":[{"href":"https:\/\/franciscanos.org.br\/noticias\/wp-json\/wp\/v2\/types\/post"}],"author":[{"embeddable":true,"href":"https:\/\/franciscanos.org.br\/noticias\/wp-json\/wp\/v2\/users\/3"}],"replies":[{"embeddable":true,"href":"https:\/\/franciscanos.org.br\/noticias\/wp-json\/wp\/v2\/comments?post=243204"}],"version-history":[{"count":1,"href":"https:\/\/franciscanos.org.br\/noticias\/wp-json\/wp\/v2\/posts\/243204\/revisions"}],"predecessor-version":[{"id":243206,"href":"https:\/\/franciscanos.org.br\/noticias\/wp-json\/wp\/v2\/posts\/243204\/revisions\/243206"}],"wp:featuredmedia":[{"embeddable":true,"href":"https:\/\/franciscanos.org.br\/noticias\/wp-json\/wp\/v2\/media\/243205"}],"wp:attachment":[{"href":"https:\/\/franciscanos.org.br\/noticias\/wp-json\/wp\/v2\/media?parent=243204"}],"wp:term":[{"taxonomy":"category","embeddable":true,"href":"https:\/\/franciscanos.org.br\/noticias\/wp-json\/wp\/v2\/categories?post=243204"},{"taxonomy":"post_tag","embeddable":true,"href":"https:\/\/franciscanos.org.br\/noticias\/wp-json\/wp\/v2\/tags?post=243204"}],"curies":[{"name":"wp","href":"https:\/\/api.w.org\/{rel}","templated":true}]}}