{"id":243188,"date":"2023-05-09T08:24:05","date_gmt":"2023-05-09T11:24:05","guid":{"rendered":"https:\/\/franciscanos.org.br\/noticias\/?p=243188"},"modified":"2023-09-18T09:30:56","modified_gmt":"2023-09-18T12:30:56","slug":"em-colatina-comunidade-sao-vicente-celebra-seis-anos-de-dedicacao-do-altar-reforma-e-ampliacao-da-igreja","status":"publish","type":"post","link":"https:\/\/franciscanos.org.br\/noticias\/em-colatina-comunidade-sao-vicente-celebra-seis-anos-de-dedicacao-do-altar-reforma-e-ampliacao-da-igreja.html","title":{"rendered":"Em Colatina, Comunidade S\u00e3o Vicente celebra seis anos de dedica\u00e7\u00e3o do Altar, reforma e amplia\u00e7\u00e3o da Igreja"},"content":{"rendered":"<p><img loading=\"lazy\" class=\"alignnone wp-image-243189 size-full\" src=\"https:\/\/franciscanos.org.br\/noticias\/wp-content\/uploads\/2023\/05\/colatina_02.jpg\" alt=\"\" width=\"1280\" height=\"720\" srcset=\"https:\/\/franciscanos.org.br\/noticias\/wp-content\/uploads\/2023\/05\/colatina_02.jpg 1280w, https:\/\/franciscanos.org.br\/noticias\/wp-content\/uploads\/2023\/05\/colatina_02-450x253.jpg 450w, https:\/\/franciscanos.org.br\/noticias\/wp-content\/uploads\/2023\/05\/colatina_02-1024x576.jpg 1024w, https:\/\/franciscanos.org.br\/noticias\/wp-content\/uploads\/2023\/05\/colatina_02-768x432.jpg 768w, https:\/\/franciscanos.org.br\/noticias\/wp-content\/uploads\/2023\/05\/colatina_02-150x84.jpg 150w\" sizes=\"(max-width: 1280px) 100vw, 1280px\" \/><\/p>\n<p><strong>Colatina (ES) \u2013 <\/strong>No \u00faltimo s\u00e1bado (6\/05), fi\u00e9is, frades e paroquianos participaram da Celebra\u00e7\u00e3o Eucar\u00edstica em comemora\u00e7\u00e3o de seis anos da Dedica\u00e7\u00e3o do Altar e da reforma e amplia\u00e7\u00e3o Igreja S\u00e3o Vicente, da Par\u00f3quia Santa Clara de Assis, de Colatina (ES). A Santa Missa das 18h foi presidida por Frei Gilson Kammer, atual p\u00e1roco da Par\u00f3quia S\u00e3o Luiz Gonzaga de Xaxim (SC), que na ocasi\u00e3o acompanhou os trabalhos de reforma e amplia\u00e7\u00e3o. O Vig\u00e1rio Paroquial, Frei Luiz Iakovacz, concelebrou.<\/p>\n<p><strong>\u00a0<\/strong>\u201cDedicar uma igreja \u00e9 o ato de oferecer e consagrar o templo como um espa\u00e7o sagrado para o culto a Deus. \u00c9 motivo de festa para todos n\u00f3s, porque nos lembra que juntos com a consagra\u00e7\u00e3o do templo de pedra, todos n\u00f3s somos consagrados como pedras vivas da Igreja e que somos templos do Esp\u00edrito Santo\u201d, motivou Simone Pertel, no coment\u00e1rio inicial. E, assim, como fizeram no dia da Dedica\u00e7\u00e3o da Igreja, os fi\u00e9is acenderam quatro velas, representando os quatro evangelistas.<\/p>\n<p>\u201cNesta noite em que celebramos os seis anos da dedica\u00e7\u00e3o do altar, reforma e amplia\u00e7\u00e3o de nossa Igreja reafirmamos em especial a nossa f\u00e9 no Cristo ressuscitado. Somos uma comunidade viva que caminha com Cristo rumo \u00e0 P\u00e1scoa definitiva. A comunidade, em estado permanente de miss\u00e3o, verdadeira Casa de Deus, anuncia com ardor o Evangelho da Salva\u00e7\u00e3o. Somos a na\u00e7\u00e3o santa e povo que Deus escolheu para proclamar as admir\u00e1veis obras do seu Filho Jesus. Com Deus no cora\u00e7\u00e3o, nada nos falta no caminho rumo \u00e0 vida eterna\u201d, acolheu Frei Gilson no in\u00edcio da celebra\u00e7\u00e3o.<\/p>\n<p>Ap\u00f3s a proclama\u00e7\u00e3o do Evangelho do 5\u00b0 Domingo da P\u00e1scoa (Jo 14,1-12), Frei Gilson come\u00e7ou sua reflex\u00e3o explicando que a cada Domingo da P\u00e1scoa, os crist\u00e3os tem uma nova oportunidade de refletir a partir da experi\u00eancia dos disc\u00edpulos com o Cristo Ressuscitado. \u201cE hoje a liturgia da Palavra nos convida a meditar a refletir sobre a nossa fam\u00edlia, mas de uma maneira muito mais ampla, fam\u00edlia como a nossa igreja. Por isso, os disc\u00edpulos ficam preocupados com as pessoas que est\u00e3o desassistidas\u201d, disse, ressaltando a preocupa\u00e7\u00e3o dos ap\u00f3stolos de escolherem novas pessoas.<\/p>\n<p><img loading=\"lazy\" class=\"alignnone size-full wp-image-243191\" src=\"https:\/\/franciscanos.org.br\/noticias\/wp-content\/uploads\/2023\/05\/colatina_04.jpg\" alt=\"\" width=\"1280\" height=\"946\" srcset=\"https:\/\/franciscanos.org.br\/noticias\/wp-content\/uploads\/2023\/05\/colatina_04.jpg 1280w, https:\/\/franciscanos.org.br\/noticias\/wp-content\/uploads\/2023\/05\/colatina_04-450x333.jpg 450w, https:\/\/franciscanos.org.br\/noticias\/wp-content\/uploads\/2023\/05\/colatina_04-1024x757.jpg 1024w, https:\/\/franciscanos.org.br\/noticias\/wp-content\/uploads\/2023\/05\/colatina_04-768x568.jpg 768w, https:\/\/franciscanos.org.br\/noticias\/wp-content\/uploads\/2023\/05\/colatina_04-150x111.jpg 150w\" sizes=\"(max-width: 1280px) 100vw, 1280px\" \/><\/p>\n<p>\u201cAcredito que hoje, da mesma maneira, Cristo hoje convida cada um de n\u00f3s. Tamb\u00e9m somos chamados a cuidar da nossa comunidade, da nossa fam\u00edlia que est\u00e1 em nossa volta. \u00c9 dessa maneira que n\u00f3s tamb\u00e9m conseguimos fazer novamente a experi\u00eancia do Cristo Ressuscitado. Ao longo destes domingos da P\u00e1scoa, nos sempre ouvimos relatos onde Cristo se apresenta para os disc\u00edpulos, para a comunidade. Apareceu para as mulheres, aos disc\u00edpulos de Ema\u00fas. Em nossa comunidade e fam\u00edlia Cristo tamb\u00e9m se manifesta. Nestes dois lugares, tamb\u00e9m repartimos o p\u00e3o. E aqui, repartir o p\u00e3o, n\u00e3o significa apenas comer, mas repartir a vida, a nossa f\u00e9, o cuidado para com o outro\u201d, ensinou. \u201c\u00c9 dessa maneira que n\u00e3o s\u00f3 reconhecemos o Cristo, mas tamb\u00e9m tantas outras pessoas. Por isso, a mesa que temos em casa, \u00e9 tamb\u00e9m a mesa que temos aqui em nossa comunidade, o altar. Do mesmo modo que em casa buscamos nos alimentar e partilhar, aqui tamb\u00e9m fazemos a mesma experi\u00eancia\u201d, acrescentou.<\/p>\n<p>Para Frei Gilson, hoje tamb\u00e9m se faz necess\u00e1rio que os crist\u00e3os continuem sentindo o chamado de Deus, para continuar a miss\u00e3o de Cristo. \u201cOs ap\u00f3stolos sentiram o peso do cuidado das pessoas. Hoje tamb\u00e9m, o peso talvez seja muito grande. Por isso, \u00e9 necess\u00e1rio que possamos partilhar n\u00e3o somente os trabalhos, mas a nossa vida. Quando a gente se encontra como comunidade, quando a gente consegue descobrir o Cristo em cada irm\u00e3o, em cada irm\u00e3, nada se torna peso, mas sim alegria. Essa mesma experi\u00eancia nossos pais tamb\u00e9m fizeram e fazem, n\u00e3o apenas partilhando dos alimentos, mas compartilhando a vida com a alegria\u201d, ressaltou.<\/p>\n<p><img loading=\"lazy\" class=\"alignnone size-full wp-image-243192\" src=\"https:\/\/franciscanos.org.br\/noticias\/wp-content\/uploads\/2023\/05\/colatina_05.jpg\" alt=\"\" width=\"1280\" height=\"853\" srcset=\"https:\/\/franciscanos.org.br\/noticias\/wp-content\/uploads\/2023\/05\/colatina_05.jpg 1280w, https:\/\/franciscanos.org.br\/noticias\/wp-content\/uploads\/2023\/05\/colatina_05-450x300.jpg 450w, https:\/\/franciscanos.org.br\/noticias\/wp-content\/uploads\/2023\/05\/colatina_05-1024x682.jpg 1024w, https:\/\/franciscanos.org.br\/noticias\/wp-content\/uploads\/2023\/05\/colatina_05-768x512.jpg 768w, https:\/\/franciscanos.org.br\/noticias\/wp-content\/uploads\/2023\/05\/colatina_05-150x100.jpg 150w\" sizes=\"(max-width: 1280px) 100vw, 1280px\" \/><\/p>\n<p><img loading=\"lazy\" class=\"alignnone size-full wp-image-243193\" src=\"https:\/\/franciscanos.org.br\/noticias\/wp-content\/uploads\/2023\/05\/colatina_06.jpg\" alt=\"\" width=\"1280\" height=\"853\" srcset=\"https:\/\/franciscanos.org.br\/noticias\/wp-content\/uploads\/2023\/05\/colatina_06.jpg 1280w, https:\/\/franciscanos.org.br\/noticias\/wp-content\/uploads\/2023\/05\/colatina_06-450x300.jpg 450w, https:\/\/franciscanos.org.br\/noticias\/wp-content\/uploads\/2023\/05\/colatina_06-1024x682.jpg 1024w, https:\/\/franciscanos.org.br\/noticias\/wp-content\/uploads\/2023\/05\/colatina_06-768x512.jpg 768w, https:\/\/franciscanos.org.br\/noticias\/wp-content\/uploads\/2023\/05\/colatina_06-150x100.jpg 150w\" sizes=\"(max-width: 1280px) 100vw, 1280px\" \/><\/p>\n<p>Segundo ele, Cristo pede a Tom\u00e9 e a Felipe que o cora\u00e7\u00e3o deles n\u00e3o fique perturbado. \u201cSe cada um come\u00e7a a pensar e agir diferente, a fam\u00edlia come\u00e7a a desandar, bem como nossas comunidades e assim n\u00e3o conseguimos fazer o reconhecimento deste caminho que o Cristo nos fala\u201d, frisou.<\/p>\n<p>\u201c\u00c9 necess\u00e1rio que a gente possa hoje, mais do que nunca, estar pr\u00f3ximo das pessoas que n\u00f3s amamos, estar pr\u00f3ximos da nossa comunidade, de nossa igreja. E a\u00ed sim, dessa experi\u00eancia, vamos conhecer juntos e compreender as Palavras de Cristo que se apresenta como o \u2018Caminho, a Verdade e a Vida\u2019. Qual \u00e9 o caminho que n\u00f3s cat\u00f3licos fazemos, qual a verdade que estamos anunciando ou buscando ouvir, para podermos compartilhar com o outro? Qual vida estamos buscando? S\u00e3o estes questionamentos que precisaremos responder, mas em comunidade, mesmo diante das dificuldades\u201d, refletiu.<\/p>\n<p>E acrescentou: \u00a0\u201cVamos buscar fazer a experi\u00eancia de Cristo ressuscitado compartilhando nossa f\u00e9 e nossa vida. Precisamos basear nossa vida nessa caminhada compartilhada. Juntos, devagar, conseguiremos dar passos mais importantes. Foi esse passo importante que a Comunidade S\u00e3o Vicente deu h\u00e1 seis anos. Com muito empenho, trabalho, dedica\u00e7\u00e3o, conseguiu fazer com que esse espa\u00e7o da Igreja se tornasse um espa\u00e7o muito mais bonito e sagrado. \u00c9 nessa comunidade que hoje somos chamados mais uma vez a ser uma terra onde vamos continuar a constru\u00e7\u00e3o de f\u00e9. H\u00e1 seis anos, foram feitas as paredes. H\u00e1 seis anos, a comunidade e cada um aqui continua essa mesma constru\u00e7\u00e3o a partir do cora\u00e7\u00e3o, a partir da busca. Por isso, cada um de n\u00f3s aqui sinta-se tamb\u00e9m uma pedra muito importante. Que tamb\u00e9m possamos fazer a experi\u00eancia de Cristo e o \u00fanico caminho \u00e9 o de Cristo Jesus. Que tenhamos coragem de fazer esse mesmo percurso. E assim, continuarmos nossa caminhada de mais seis e seis anos at\u00e9 chegarmos ao c\u00e9u. Que Deus nos ajude e Nossa Senhora nos proteja\u201d, concluiu.<\/p>\n<p><img loading=\"lazy\" class=\"alignnone size-full wp-image-243194\" src=\"https:\/\/franciscanos.org.br\/noticias\/wp-content\/uploads\/2023\/05\/colatina_01.jpg\" alt=\"\" width=\"1280\" height=\"853\" srcset=\"https:\/\/franciscanos.org.br\/noticias\/wp-content\/uploads\/2023\/05\/colatina_01.jpg 1280w, https:\/\/franciscanos.org.br\/noticias\/wp-content\/uploads\/2023\/05\/colatina_01-450x300.jpg 450w, https:\/\/franciscanos.org.br\/noticias\/wp-content\/uploads\/2023\/05\/colatina_01-1024x682.jpg 1024w, https:\/\/franciscanos.org.br\/noticias\/wp-content\/uploads\/2023\/05\/colatina_01-768x512.jpg 768w, https:\/\/franciscanos.org.br\/noticias\/wp-content\/uploads\/2023\/05\/colatina_01-150x100.jpg 150w\" sizes=\"(max-width: 1280px) 100vw, 1280px\" \/><\/p>\n<p>Ap\u00f3s a homilia, a celebra\u00e7\u00e3o teve prosseguimento com as preces. No ofert\u00f3rio, com o p\u00e3o e o vinho foram apresentados ao altar do Senhor o livro que cont\u00e9m o nome das fam\u00edlias e benfeitores que contribu\u00edram para o \u00eaxito da comunidade, flores e a vida de todos os membros da comunidade e de todas as pessoas que colaboraram e colaboram na manuten\u00e7\u00e3o da Igreja e na edifica\u00e7\u00e3o do Reino de Deus. Ap\u00f3s a comunh\u00e3o, o livro foi depositado embaixo do altar.<\/p>\n<p>No final, Frei Gilson emocionado agradeceu pela oportunidade e convite de celebrar novamente com essa por\u00e7\u00e3o do povo de Deus. Ap\u00f3s a missa, uma confraterniza\u00e7\u00e3o ocorreu na pracinha, em frente da Igreja.<\/p>\n<hr \/>\n<p><em>Frei Augusto Luiz Gabriel<\/em><\/p>\n","protected":false},"excerpt":{"rendered":"<p>Em Colatina<\/p>\n","protected":false},"author":3,"featured_media":243189,"comment_status":"open","ping_status":"open","sticky":false,"template":"","format":"standard","meta":[],"categories":[1],"tags":[662,1896],"acf":[],"yoast_head":"<!-- This site is optimized with the Yoast SEO plugin v19.2 - https:\/\/yoast.com\/wordpress\/plugins\/seo\/ -->\n<title>Em Colatina, Comunidade S\u00e3o Vicente celebra seis anos de dedica\u00e7\u00e3o do Altar, reforma e amplia\u00e7\u00e3o da Igreja - Not\u00edcias - Franciscanos<\/title>\n<meta name=\"robots\" content=\"index, follow, max-snippet:-1, max-image-preview:large, max-video-preview:-1\" \/>\n<link rel=\"canonical\" href=\"https:\/\/franciscanos.org.br\/noticias\/em-colatina-comunidade-sao-vicente-celebra-seis-anos-de-dedicacao-do-altar-reforma-e-ampliacao-da-igreja.html\" \/>\n<meta property=\"og:locale\" content=\"pt_BR\" \/>\n<meta property=\"og:type\" content=\"article\" \/>\n<meta property=\"og:title\" content=\"Em Colatina, Comunidade S\u00e3o Vicente celebra seis anos de dedica\u00e7\u00e3o do Altar, reforma e amplia\u00e7\u00e3o da Igreja - Not\u00edcias - Franciscanos\" \/>\n<meta property=\"og:description\" content=\"Em Colatina\" \/>\n<meta property=\"og:url\" content=\"https:\/\/franciscanos.org.br\/noticias\/em-colatina-comunidade-sao-vicente-celebra-seis-anos-de-dedicacao-do-altar-reforma-e-ampliacao-da-igreja.html\" \/>\n<meta property=\"og:site_name\" content=\"Not\u00edcias - Franciscanos\" \/>\n<meta property=\"article:published_time\" content=\"2023-05-09T11:24:05+00:00\" \/>\n<meta property=\"article:modified_time\" content=\"2023-09-18T12:30:56+00:00\" \/>\n<meta property=\"og:image\" content=\"https:\/\/franciscanos.org.br\/noticias\/wp-content\/uploads\/2023\/05\/colatina_02.jpg\" \/>\n\t<meta property=\"og:image:width\" content=\"1280\" \/>\n\t<meta property=\"og:image:height\" content=\"720\" \/>\n\t<meta property=\"og:image:type\" content=\"image\/jpeg\" \/>\n<meta name=\"author\" content=\"moacir\" \/>\n<meta name=\"twitter:card\" content=\"summary_large_image\" \/>\n<meta name=\"twitter:label1\" content=\"Escrito por\" \/>\n\t<meta name=\"twitter:data1\" content=\"moacir\" \/>\n\t<meta name=\"twitter:label2\" content=\"Est. tempo de leitura\" \/>\n\t<meta name=\"twitter:data2\" content=\"6 minutos\" \/>\n<script type=\"application\/ld+json\" class=\"yoast-schema-graph\">{\"@context\":\"https:\/\/schema.org\",\"@graph\":[{\"@type\":\"WebSite\",\"@id\":\"https:\/\/franciscanos.org.br\/noticias\/#website\",\"url\":\"https:\/\/franciscanos.org.br\/noticias\/\",\"name\":\"Not\u00edcias - Franciscanos\",\"description\":\"Prov\u00edncia Franciscana da Imaculada Concei\u00e7\u00e3o do Brasil - Ordem dos Frades Menores - OFM\",\"potentialAction\":[{\"@type\":\"SearchAction\",\"target\":{\"@type\":\"EntryPoint\",\"urlTemplate\":\"https:\/\/franciscanos.org.br\/noticias\/?s={search_term_string}\"},\"query-input\":\"required name=search_term_string\"}],\"inLanguage\":\"pt-BR\"},{\"@type\":\"ImageObject\",\"inLanguage\":\"pt-BR\",\"@id\":\"https:\/\/franciscanos.org.br\/noticias\/em-colatina-comunidade-sao-vicente-celebra-seis-anos-de-dedicacao-do-altar-reforma-e-ampliacao-da-igreja.html#primaryimage\",\"url\":\"https:\/\/franciscanos.org.br\/noticias\/wp-content\/uploads\/2023\/05\/colatina_02.jpg\",\"contentUrl\":\"https:\/\/franciscanos.org.br\/noticias\/wp-content\/uploads\/2023\/05\/colatina_02.jpg\",\"width\":1280,\"height\":720},{\"@type\":\"WebPage\",\"@id\":\"https:\/\/franciscanos.org.br\/noticias\/em-colatina-comunidade-sao-vicente-celebra-seis-anos-de-dedicacao-do-altar-reforma-e-ampliacao-da-igreja.html#webpage\",\"url\":\"https:\/\/franciscanos.org.br\/noticias\/em-colatina-comunidade-sao-vicente-celebra-seis-anos-de-dedicacao-do-altar-reforma-e-ampliacao-da-igreja.html\",\"name\":\"Em Colatina, Comunidade S\u00e3o Vicente celebra seis anos de dedica\u00e7\u00e3o do Altar, reforma e amplia\u00e7\u00e3o da Igreja - Not\u00edcias - Franciscanos\",\"isPartOf\":{\"@id\":\"https:\/\/franciscanos.org.br\/noticias\/#website\"},\"primaryImageOfPage\":{\"@id\":\"https:\/\/franciscanos.org.br\/noticias\/em-colatina-comunidade-sao-vicente-celebra-seis-anos-de-dedicacao-do-altar-reforma-e-ampliacao-da-igreja.html#primaryimage\"},\"datePublished\":\"2023-05-09T11:24:05+00:00\",\"dateModified\":\"2023-09-18T12:30:56+00:00\",\"author\":{\"@id\":\"https:\/\/franciscanos.org.br\/noticias\/#\/schema\/person\/b5c8cba458c330ccff548b056e95a5d4\"},\"breadcrumb\":{\"@id\":\"https:\/\/franciscanos.org.br\/noticias\/em-colatina-comunidade-sao-vicente-celebra-seis-anos-de-dedicacao-do-altar-reforma-e-ampliacao-da-igreja.html#breadcrumb\"},\"inLanguage\":\"pt-BR\",\"potentialAction\":[{\"@type\":\"ReadAction\",\"target\":[\"https:\/\/franciscanos.org.br\/noticias\/em-colatina-comunidade-sao-vicente-celebra-seis-anos-de-dedicacao-do-altar-reforma-e-ampliacao-da-igreja.html\"]}]},{\"@type\":\"BreadcrumbList\",\"@id\":\"https:\/\/franciscanos.org.br\/noticias\/em-colatina-comunidade-sao-vicente-celebra-seis-anos-de-dedicacao-do-altar-reforma-e-ampliacao-da-igreja.html#breadcrumb\",\"itemListElement\":[{\"@type\":\"ListItem\",\"position\":1,\"name\":\"Home\",\"item\":\"https:\/\/franciscanos.org.br\/noticias\"},{\"@type\":\"ListItem\",\"position\":2,\"name\":\"Em Colatina, Comunidade S\u00e3o Vicente celebra seis anos de dedica\u00e7\u00e3o do Altar, reforma e amplia\u00e7\u00e3o da Igreja\"}]},{\"@type\":\"Person\",\"@id\":\"https:\/\/franciscanos.org.br\/noticias\/#\/schema\/person\/b5c8cba458c330ccff548b056e95a5d4\",\"name\":\"moacir\",\"image\":{\"@type\":\"ImageObject\",\"inLanguage\":\"pt-BR\",\"@id\":\"https:\/\/franciscanos.org.br\/noticias\/#\/schema\/person\/image\/\",\"url\":\"https:\/\/secure.gravatar.com\/avatar\/d08aa2ce4c8dd416d4479aa8536fcf64?s=96&d=mm&r=g\",\"contentUrl\":\"https:\/\/secure.gravatar.com\/avatar\/d08aa2ce4c8dd416d4479aa8536fcf64?s=96&d=mm&r=g\",\"caption\":\"moacir\"},\"url\":\"https:\/\/franciscanos.org.br\/noticias\/author\/moacir\"}]}<\/script>\n<!-- \/ Yoast SEO plugin. -->","yoast_head_json":{"title":"Em Colatina, Comunidade S\u00e3o Vicente celebra seis anos de dedica\u00e7\u00e3o do Altar, reforma e amplia\u00e7\u00e3o da Igreja - Not\u00edcias - Franciscanos","robots":{"index":"index","follow":"follow","max-snippet":"max-snippet:-1","max-image-preview":"max-image-preview:large","max-video-preview":"max-video-preview:-1"},"canonical":"https:\/\/franciscanos.org.br\/noticias\/em-colatina-comunidade-sao-vicente-celebra-seis-anos-de-dedicacao-do-altar-reforma-e-ampliacao-da-igreja.html","og_locale":"pt_BR","og_type":"article","og_title":"Em Colatina, Comunidade S\u00e3o Vicente celebra seis anos de dedica\u00e7\u00e3o do Altar, reforma e amplia\u00e7\u00e3o da Igreja - Not\u00edcias - Franciscanos","og_description":"Em Colatina","og_url":"https:\/\/franciscanos.org.br\/noticias\/em-colatina-comunidade-sao-vicente-celebra-seis-anos-de-dedicacao-do-altar-reforma-e-ampliacao-da-igreja.html","og_site_name":"Not\u00edcias - Franciscanos","article_published_time":"2023-05-09T11:24:05+00:00","article_modified_time":"2023-09-18T12:30:56+00:00","og_image":[{"width":1280,"height":720,"url":"https:\/\/franciscanos.org.br\/noticias\/wp-content\/uploads\/2023\/05\/colatina_02.jpg","type":"image\/jpeg"}],"author":"moacir","twitter_card":"summary_large_image","twitter_misc":{"Escrito por":"moacir","Est. tempo de leitura":"6 minutos"},"schema":{"@context":"https:\/\/schema.org","@graph":[{"@type":"WebSite","@id":"https:\/\/franciscanos.org.br\/noticias\/#website","url":"https:\/\/franciscanos.org.br\/noticias\/","name":"Not\u00edcias - Franciscanos","description":"Prov\u00edncia Franciscana da Imaculada Concei\u00e7\u00e3o do Brasil - Ordem dos Frades Menores - OFM","potentialAction":[{"@type":"SearchAction","target":{"@type":"EntryPoint","urlTemplate":"https:\/\/franciscanos.org.br\/noticias\/?s={search_term_string}"},"query-input":"required name=search_term_string"}],"inLanguage":"pt-BR"},{"@type":"ImageObject","inLanguage":"pt-BR","@id":"https:\/\/franciscanos.org.br\/noticias\/em-colatina-comunidade-sao-vicente-celebra-seis-anos-de-dedicacao-do-altar-reforma-e-ampliacao-da-igreja.html#primaryimage","url":"https:\/\/franciscanos.org.br\/noticias\/wp-content\/uploads\/2023\/05\/colatina_02.jpg","contentUrl":"https:\/\/franciscanos.org.br\/noticias\/wp-content\/uploads\/2023\/05\/colatina_02.jpg","width":1280,"height":720},{"@type":"WebPage","@id":"https:\/\/franciscanos.org.br\/noticias\/em-colatina-comunidade-sao-vicente-celebra-seis-anos-de-dedicacao-do-altar-reforma-e-ampliacao-da-igreja.html#webpage","url":"https:\/\/franciscanos.org.br\/noticias\/em-colatina-comunidade-sao-vicente-celebra-seis-anos-de-dedicacao-do-altar-reforma-e-ampliacao-da-igreja.html","name":"Em Colatina, Comunidade S\u00e3o Vicente celebra seis anos de dedica\u00e7\u00e3o do Altar, reforma e amplia\u00e7\u00e3o da Igreja - Not\u00edcias - Franciscanos","isPartOf":{"@id":"https:\/\/franciscanos.org.br\/noticias\/#website"},"primaryImageOfPage":{"@id":"https:\/\/franciscanos.org.br\/noticias\/em-colatina-comunidade-sao-vicente-celebra-seis-anos-de-dedicacao-do-altar-reforma-e-ampliacao-da-igreja.html#primaryimage"},"datePublished":"2023-05-09T11:24:05+00:00","dateModified":"2023-09-18T12:30:56+00:00","author":{"@id":"https:\/\/franciscanos.org.br\/noticias\/#\/schema\/person\/b5c8cba458c330ccff548b056e95a5d4"},"breadcrumb":{"@id":"https:\/\/franciscanos.org.br\/noticias\/em-colatina-comunidade-sao-vicente-celebra-seis-anos-de-dedicacao-do-altar-reforma-e-ampliacao-da-igreja.html#breadcrumb"},"inLanguage":"pt-BR","potentialAction":[{"@type":"ReadAction","target":["https:\/\/franciscanos.org.br\/noticias\/em-colatina-comunidade-sao-vicente-celebra-seis-anos-de-dedicacao-do-altar-reforma-e-ampliacao-da-igreja.html"]}]},{"@type":"BreadcrumbList","@id":"https:\/\/franciscanos.org.br\/noticias\/em-colatina-comunidade-sao-vicente-celebra-seis-anos-de-dedicacao-do-altar-reforma-e-ampliacao-da-igreja.html#breadcrumb","itemListElement":[{"@type":"ListItem","position":1,"name":"Home","item":"https:\/\/franciscanos.org.br\/noticias"},{"@type":"ListItem","position":2,"name":"Em Colatina, Comunidade S\u00e3o Vicente celebra seis anos de dedica\u00e7\u00e3o do Altar, reforma e amplia\u00e7\u00e3o da Igreja"}]},{"@type":"Person","@id":"https:\/\/franciscanos.org.br\/noticias\/#\/schema\/person\/b5c8cba458c330ccff548b056e95a5d4","name":"moacir","image":{"@type":"ImageObject","inLanguage":"pt-BR","@id":"https:\/\/franciscanos.org.br\/noticias\/#\/schema\/person\/image\/","url":"https:\/\/secure.gravatar.com\/avatar\/d08aa2ce4c8dd416d4479aa8536fcf64?s=96&d=mm&r=g","contentUrl":"https:\/\/secure.gravatar.com\/avatar\/d08aa2ce4c8dd416d4479aa8536fcf64?s=96&d=mm&r=g","caption":"moacir"},"url":"https:\/\/franciscanos.org.br\/noticias\/author\/moacir"}]}},"_links":{"self":[{"href":"https:\/\/franciscanos.org.br\/noticias\/wp-json\/wp\/v2\/posts\/243188"}],"collection":[{"href":"https:\/\/franciscanos.org.br\/noticias\/wp-json\/wp\/v2\/posts"}],"about":[{"href":"https:\/\/franciscanos.org.br\/noticias\/wp-json\/wp\/v2\/types\/post"}],"author":[{"embeddable":true,"href":"https:\/\/franciscanos.org.br\/noticias\/wp-json\/wp\/v2\/users\/3"}],"replies":[{"embeddable":true,"href":"https:\/\/franciscanos.org.br\/noticias\/wp-json\/wp\/v2\/comments?post=243188"}],"version-history":[{"count":2,"href":"https:\/\/franciscanos.org.br\/noticias\/wp-json\/wp\/v2\/posts\/243188\/revisions"}],"predecessor-version":[{"id":243196,"href":"https:\/\/franciscanos.org.br\/noticias\/wp-json\/wp\/v2\/posts\/243188\/revisions\/243196"}],"wp:featuredmedia":[{"embeddable":true,"href":"https:\/\/franciscanos.org.br\/noticias\/wp-json\/wp\/v2\/media\/243189"}],"wp:attachment":[{"href":"https:\/\/franciscanos.org.br\/noticias\/wp-json\/wp\/v2\/media?parent=243188"}],"wp:term":[{"taxonomy":"category","embeddable":true,"href":"https:\/\/franciscanos.org.br\/noticias\/wp-json\/wp\/v2\/categories?post=243188"},{"taxonomy":"post_tag","embeddable":true,"href":"https:\/\/franciscanos.org.br\/noticias\/wp-json\/wp\/v2\/tags?post=243188"}],"curies":[{"name":"wp","href":"https:\/\/api.w.org\/{rel}","templated":true}]}}