{"id":243178,"date":"2023-05-09T07:53:58","date_gmt":"2023-05-09T10:53:58","guid":{"rendered":"https:\/\/franciscanos.org.br\/noticias\/?p=243178"},"modified":"2023-05-09T07:53:58","modified_gmt":"2023-05-09T10:53:58","slug":"caminhada-ecologica-2023-caminhando-juntos-por-uma-ecologia-integral","status":"publish","type":"post","link":"https:\/\/franciscanos.org.br\/noticias\/caminhada-ecologica-2023-caminhando-juntos-por-uma-ecologia-integral.html","title":{"rendered":"Caminhada Ecol\u00f3gica 2023 &#8211; Caminhando juntos por uma ecologia integral"},"content":{"rendered":"<p><img loading=\"lazy\" class=\"alignnone size-full wp-image-243179\" src=\"https:\/\/franciscanos.org.br\/noticias\/wp-content\/uploads\/2023\/05\/caminhada_01.jpg\" alt=\"\" width=\"1280\" height=\"720\" srcset=\"https:\/\/franciscanos.org.br\/noticias\/wp-content\/uploads\/2023\/05\/caminhada_01.jpg 1280w, https:\/\/franciscanos.org.br\/noticias\/wp-content\/uploads\/2023\/05\/caminhada_01-450x253.jpg 450w, https:\/\/franciscanos.org.br\/noticias\/wp-content\/uploads\/2023\/05\/caminhada_01-1024x576.jpg 1024w, https:\/\/franciscanos.org.br\/noticias\/wp-content\/uploads\/2023\/05\/caminhada_01-768x432.jpg 768w, https:\/\/franciscanos.org.br\/noticias\/wp-content\/uploads\/2023\/05\/caminhada_01-150x84.jpg 150w\" sizes=\"(max-width: 1280px) 100vw, 1280px\" \/><\/p>\n<p><em>[&#8230;] Proponho que nos detenhamos agora a refletir sobre os diferentes elementos de uma ecologia integral, que inclua claramente as dimens\u00f5es humanas e sociais. (Laudato Si\u2019, n.137).<\/em><\/p>\n<p>Motivados por estas palavras do Papa Francisco, assim aconteceu mais uma Caminhada Ecol\u00f3gica Franciscana. Ocorrida na manh\u00e3 de s\u00e1bado, 06 de maio de 2023, desta vez percorrendo as ruas do centro da cidade de Petr\u00f3polis. Em um trajeto de aproximadamente 3km, foram feitas pausas para reflex\u00f5es sobre o tema. A caminhada chamou a aten\u00e7\u00e3o de quem a acompanhou para uma ecologia integral que deve perpassar os caminhos do cotidiano.<\/p>\n<p>O evento foi idealizado por meio de uma a\u00e7\u00e3o conjunta entre a Par\u00f3quia do Sagrado Cora\u00e7\u00e3o de Jesus, o projeto Gente Viva do SEFRAS, a rede Bom Jesus de Ensino e Instituto dos Meninos Cantores de Petr\u00f3polis (IMCP). Tamb\u00e9m foi registrada uma significativa presen\u00e7a de Religiosos e Religiosas, um destaque para a presen\u00e7a das Irm\u00e3s de Nossa Senhora do Amparo. Al\u00e9m de representantes das entidades evolvidas, algumas pessoas que tomaram conhecimento do evento vieram participar.<\/p>\n<p><img loading=\"lazy\" class=\"alignnone size-full wp-image-243180\" src=\"https:\/\/franciscanos.org.br\/noticias\/wp-content\/uploads\/2023\/05\/caminhada_03.jpg\" alt=\"\" width=\"1280\" height=\"960\" srcset=\"https:\/\/franciscanos.org.br\/noticias\/wp-content\/uploads\/2023\/05\/caminhada_03.jpg 1280w, https:\/\/franciscanos.org.br\/noticias\/wp-content\/uploads\/2023\/05\/caminhada_03-450x338.jpg 450w, https:\/\/franciscanos.org.br\/noticias\/wp-content\/uploads\/2023\/05\/caminhada_03-1024x768.jpg 1024w, https:\/\/franciscanos.org.br\/noticias\/wp-content\/uploads\/2023\/05\/caminhada_03-768x576.jpg 768w, https:\/\/franciscanos.org.br\/noticias\/wp-content\/uploads\/2023\/05\/caminhada_03-150x113.jpg 150w, https:\/\/franciscanos.org.br\/noticias\/wp-content\/uploads\/2023\/05\/caminhada_03-600x450.jpg 600w\" sizes=\"(max-width: 1280px) 100vw, 1280px\" \/><\/p>\n<p><img loading=\"lazy\" class=\"alignnone size-full wp-image-243080\" src=\"https:\/\/franciscanos.org.br\/noticias\/wp-content\/uploads\/2023\/04\/cabecalho-JPIC.png\" alt=\"\" width=\"1280\" height=\"140\" srcset=\"https:\/\/franciscanos.org.br\/noticias\/wp-content\/uploads\/2023\/04\/cabecalho-JPIC.png 1280w, https:\/\/franciscanos.org.br\/noticias\/wp-content\/uploads\/2023\/04\/cabecalho-JPIC-450x49.png 450w, https:\/\/franciscanos.org.br\/noticias\/wp-content\/uploads\/2023\/04\/cabecalho-JPIC-1024x112.png 1024w, https:\/\/franciscanos.org.br\/noticias\/wp-content\/uploads\/2023\/04\/cabecalho-JPIC-768x84.png 768w, https:\/\/franciscanos.org.br\/noticias\/wp-content\/uploads\/2023\/04\/cabecalho-JPIC-150x16.png 150w\" sizes=\"(max-width: 1280px) 100vw, 1280px\" \/><\/p>\n<p>O trajeto teve in\u00edcio no p\u00e1tio da igreja do Sagrado. O p\u00e1roco, Frei Jorge Schiavini, OFM, saudou os participantes e, em seguida, passou a palavra a Frei Franklin Matheus da Costa, OFM, que motivou a primeira reflex\u00e3o junto aos colaboradores do projeto Gente Viva. Nesse primeiro momento, todos foram levados a refletir sobre a ecologia social (cf. Laudato Si\u2019, n. 139), por meio de dados estat\u00edsticos, entre eles, o desmatamento da Amaz\u00f4nia, a inseguran\u00e7a alimentar e de maior destaque \u00e0 realidade mais imediata, passados um ano desde as fortes chuvas que atingiram Petr\u00f3polis no ano passado, apenas 15% do or\u00e7amento destinado \u00e0s obras de habita\u00e7\u00e3o foram utilizados at\u00e9 o momento.<\/p>\n<p>Apresentado alguns dos elementos que representam o caos que nossa sociedade atravessa, um tecido foi estendido, simbolizando um rio, e no ritmo da m\u00fasica \u201cSu\u00edte do Pescador\u201d, de Dorival Caymmi, algumas pessoas movimentavam o pano em alus\u00e3o ao movimento natural das \u00e1guas, arrastando tudo o que lan\u00e7amos nos rios:<\/p>\n<p><em>\u201cNo entanto esse caos que deixamos no rio, n\u00e3o purifica totalmente pois ali h\u00e1 dimens\u00f5es da vida social que s\u00e3o ignorados e necess\u00e1rio estar atentos para transformarmos essa realidade uma vez que fomos n\u00f3s que ali depositamos todo caos<\/em><em>\u201d.<\/em><\/p>\n<p><img loading=\"lazy\" class=\"alignnone size-full wp-image-243181\" src=\"https:\/\/franciscanos.org.br\/noticias\/wp-content\/uploads\/2023\/05\/caminhada_04.jpg\" alt=\"\" width=\"1280\" height=\"960\" srcset=\"https:\/\/franciscanos.org.br\/noticias\/wp-content\/uploads\/2023\/05\/caminhada_04.jpg 1280w, https:\/\/franciscanos.org.br\/noticias\/wp-content\/uploads\/2023\/05\/caminhada_04-450x338.jpg 450w, https:\/\/franciscanos.org.br\/noticias\/wp-content\/uploads\/2023\/05\/caminhada_04-1024x768.jpg 1024w, https:\/\/franciscanos.org.br\/noticias\/wp-content\/uploads\/2023\/05\/caminhada_04-768x576.jpg 768w, https:\/\/franciscanos.org.br\/noticias\/wp-content\/uploads\/2023\/05\/caminhada_04-150x113.jpg 150w, https:\/\/franciscanos.org.br\/noticias\/wp-content\/uploads\/2023\/05\/caminhada_04-600x450.jpg 600w\" sizes=\"(max-width: 1280px) 100vw, 1280px\" \/><\/p>\n<p><img loading=\"lazy\" class=\"alignnone size-full wp-image-243182\" src=\"https:\/\/franciscanos.org.br\/noticias\/wp-content\/uploads\/2023\/05\/caminhada_05.jpg\" alt=\"\" width=\"1280\" height=\"960\" srcset=\"https:\/\/franciscanos.org.br\/noticias\/wp-content\/uploads\/2023\/05\/caminhada_05.jpg 1280w, https:\/\/franciscanos.org.br\/noticias\/wp-content\/uploads\/2023\/05\/caminhada_05-450x338.jpg 450w, https:\/\/franciscanos.org.br\/noticias\/wp-content\/uploads\/2023\/05\/caminhada_05-1024x768.jpg 1024w, https:\/\/franciscanos.org.br\/noticias\/wp-content\/uploads\/2023\/05\/caminhada_05-768x576.jpg 768w, https:\/\/franciscanos.org.br\/noticias\/wp-content\/uploads\/2023\/05\/caminhada_05-150x113.jpg 150w, https:\/\/franciscanos.org.br\/noticias\/wp-content\/uploads\/2023\/05\/caminhada_05-600x450.jpg 600w\" sizes=\"(max-width: 1280px) 100vw, 1280px\" \/><\/p>\n<p>O segundo ponto de parada foi em frente \u00e0 Catedral S\u00e3o Pedro de Alc\u00e2ntara. Sobre as escadarias, os frades que atuam junto \u00e0 rede Bom Jesus aprofundaram a tem\u00e1tica da ecologia na esfera econ\u00f4mica (Laudato Si\u2019, n.141), e lembravam que: \u201cEconomia e Ecologia s\u00e3o palavras irm\u00e3s. Ambas nos lembram da casa e do cuidado. Se tudo est\u00e1 interligado tamb\u00e9m todos os lados da nossa vida se ligam com a Cria\u00e7\u00e3o. O que n\u00f3s consumimos, como consumimos&#8230; a responsabilidade que cabe a cada pessoa, mas tamb\u00e9m as grandes empresas na crise humana e ambiental que vivemos\u201d. Nesse momento foram levantadas algumas folhas secas como s\u00edmbolo da convers\u00e3o integral e ecol\u00f3gica que as pessoas s\u00e3o chamadas a viver.<\/p>\n<p>A caminhada seguiu ent\u00e3o para seu \u00faltimo ponto de reflex\u00e3o, o Parque Natural Municipal de Petr\u00f3polis, localizado na Avenida Ipiranga. Chegando l\u00e1, foi a vez da catequese e do grupo de jovens \u201cCanta Francisco\u201d (GJCF) aprofundarem a reflex\u00e3o sobre a ecologia ambiental. Ao longo do caminho, as crian\u00e7as e jovens passavam recolhendo o lixo espalhados pelas ruas, flores e apresentaram tudo o que fora recolhido no centro da roda formada pelos participantes, evidenciando a cultura do descarte:<\/p>\n<p>\u201c<em>Um dos impactos do descarte inadequado do lixo \u00e9 contribuir para as enchentes. As enchentes s\u00e3o fen\u00f4menos naturais que ocorrem quando o local n\u00e3o consegue dar vaz\u00e3o \u00e0 quantidade de \u00e1gua que precisa ser escoada. Infelizmente, \u00e9 algo cada vez mais comum em grandes cidades. A chuva arrasta o lixo jogado nas ruas para bueiros, esgotos e galerias pluviais, que ficam sem espa\u00e7o para receber o volume das chuvas. <\/em><\/p>\n<p><em>Em 2022, nossa cidade passou por enchentes e deslizamentos, passando pela maior trag\u00e9dia clim\u00e1tica da sua hist\u00f3ria, deixando desabrigados e mortos. Mas em meio, a tanto sofrimento, tivemos muitos gestos de solidariedade, doa\u00e7\u00e3o de vida, como o Cristo nos ensina\u201d.<\/em><\/p>\n\n\t\t<style type=\"text\/css\">\n\t\t\t#gallery-1 {\n\t\t\t\tmargin: auto;\n\t\t\t}\n\t\t\t#gallery-1 .gallery-item {\n\t\t\t\tfloat: left;\n\t\t\t\tmargin-top: 10px;\n\t\t\t\ttext-align: center;\n\t\t\t\twidth: 33%;\n\t\t\t}\n\t\t\t#gallery-1 img {\n\t\t\t\tborder: 2px solid #cfcfcf;\n\t\t\t}\n\t\t\t#gallery-1 .gallery-caption {\n\t\t\t\tmargin-left: 0;\n\t\t\t}\n\t\t\t\/* see gallery_shortcode() in wp-includes\/media.php *\/\n\t\t<\/style>\n\t\t<div id='gallery-1' class='gallery galleryid-243178 gallery-columns-3 gallery-size-thumbnail'><dl class='gallery-item'>\n\t\t\t<dt class='gallery-icon landscape'>\n\t\t\t\t<a href='https:\/\/franciscanos.org.br\/noticias\/wp-content\/uploads\/2023\/05\/caminhada_02.jpg'><img width=\"300\" height=\"300\" src=\"https:\/\/franciscanos.org.br\/noticias\/wp-content\/uploads\/2023\/05\/caminhada_02-300x300.jpg\" class=\"attachment-thumbnail size-thumbnail\" alt=\"\" loading=\"lazy\" srcset=\"https:\/\/franciscanos.org.br\/noticias\/wp-content\/uploads\/2023\/05\/caminhada_02-300x300.jpg 300w, https:\/\/franciscanos.org.br\/noticias\/wp-content\/uploads\/2023\/05\/caminhada_02-100x100.jpg 100w\" sizes=\"(max-width: 300px) 100vw, 300px\" \/><\/a>\n\t\t\t<\/dt><\/dl><dl class='gallery-item'>\n\t\t\t<dt class='gallery-icon landscape'>\n\t\t\t\t<a href='https:\/\/franciscanos.org.br\/noticias\/wp-content\/uploads\/2023\/05\/caminhada_06.jpg'><img width=\"300\" height=\"300\" src=\"https:\/\/franciscanos.org.br\/noticias\/wp-content\/uploads\/2023\/05\/caminhada_06-300x300.jpg\" class=\"attachment-thumbnail size-thumbnail\" alt=\"\" loading=\"lazy\" srcset=\"https:\/\/franciscanos.org.br\/noticias\/wp-content\/uploads\/2023\/05\/caminhada_06-300x300.jpg 300w, https:\/\/franciscanos.org.br\/noticias\/wp-content\/uploads\/2023\/05\/caminhada_06-100x100.jpg 100w\" sizes=\"(max-width: 300px) 100vw, 300px\" \/><\/a>\n\t\t\t<\/dt><\/dl><dl class='gallery-item'>\n\t\t\t<dt class='gallery-icon landscape'>\n\t\t\t\t<a href='https:\/\/franciscanos.org.br\/noticias\/wp-content\/uploads\/2023\/05\/caminhada_07.jpg'><img width=\"300\" height=\"300\" src=\"https:\/\/franciscanos.org.br\/noticias\/wp-content\/uploads\/2023\/05\/caminhada_07-300x300.jpg\" class=\"attachment-thumbnail size-thumbnail\" alt=\"\" loading=\"lazy\" srcset=\"https:\/\/franciscanos.org.br\/noticias\/wp-content\/uploads\/2023\/05\/caminhada_07-300x300.jpg 300w, https:\/\/franciscanos.org.br\/noticias\/wp-content\/uploads\/2023\/05\/caminhada_07-100x100.jpg 100w\" sizes=\"(max-width: 300px) 100vw, 300px\" \/><\/a>\n\t\t\t<\/dt><\/dl><br style=\"clear: both\" \/>\n\t\t<\/div>\n\n<p><em>(clique nas imagens para ampli\u00e1-las<\/em>)<\/p>\n<p>Frei Jorge convidou o Vig\u00e1rio provincial, Frei Gustavo Wayand Medella, para dirigir algumas palavras de encerramento e aben\u00e7oar os participantes. Frei Gustavo aproveitou dos elementos dispostos no ambiente para concluir a reflex\u00e3o:<\/p>\n<p><em>\u201cSe olharmos para o horizonte, vemos ainda os sinais da trag\u00e9dia que aconteceu em nossa cidade. Sinais de uma terra marcada, ferida, machucada. Sinal tamb\u00e9m da crise socioambiental da qual nos fala o Papa Francisco na Laudato Si\u2019\u201d<\/em><\/p>\n<p><img loading=\"lazy\" class=\"alignnone size-full wp-image-243186\" src=\"https:\/\/franciscanos.org.br\/noticias\/wp-content\/uploads\/2023\/05\/caminhada_09.jpg\" alt=\"\" width=\"1280\" height=\"960\" srcset=\"https:\/\/franciscanos.org.br\/noticias\/wp-content\/uploads\/2023\/05\/caminhada_09.jpg 1280w, https:\/\/franciscanos.org.br\/noticias\/wp-content\/uploads\/2023\/05\/caminhada_09-450x338.jpg 450w, https:\/\/franciscanos.org.br\/noticias\/wp-content\/uploads\/2023\/05\/caminhada_09-1024x768.jpg 1024w, https:\/\/franciscanos.org.br\/noticias\/wp-content\/uploads\/2023\/05\/caminhada_09-768x576.jpg 768w, https:\/\/franciscanos.org.br\/noticias\/wp-content\/uploads\/2023\/05\/caminhada_09-150x113.jpg 150w, https:\/\/franciscanos.org.br\/noticias\/wp-content\/uploads\/2023\/05\/caminhada_09-600x450.jpg 600w\" sizes=\"(max-width: 1280px) 100vw, 1280px\" \/><\/p>\n<p>Em seguida pediu \u00e0s crian\u00e7as para que fizessem uma roda em torno de um globo terrestre, enquanto todos cantavam a ora\u00e7\u00e3o da paz, desejando um futuro melhor pela vida de nosso Planeta e que a humanidade possa tomar novos caminhos em sua rela\u00e7\u00e3o com toda a obra da Cria\u00e7\u00e3o.<\/p>\n<p>O evento terminou por volta das onze horas da manh\u00e3, com um piquenique feito atrav\u00e9s da partilha de cada participante.<\/p>\n<hr \/>\n<p><em>Texto e Fotos: Frei Bruno Cez\u00e1rio e Frei Lauro Matheus Costa <\/em><\/p>\n<p>&nbsp;<\/p>\n","protected":false},"excerpt":{"rendered":"<p>JPIC<\/p>\n","protected":false},"author":3,"featured_media":243179,"comment_status":"open","ping_status":"open","sticky":false,"template":"","format":"standard","meta":[],"categories":[1],"tags":[763],"acf":[],"yoast_head":"<!-- This site is optimized with the Yoast SEO plugin v19.2 - https:\/\/yoast.com\/wordpress\/plugins\/seo\/ -->\n<title>Caminhada Ecol\u00f3gica 2023 - Caminhando juntos por uma ecologia integral - Not\u00edcias - Franciscanos<\/title>\n<meta name=\"robots\" content=\"index, follow, max-snippet:-1, max-image-preview:large, max-video-preview:-1\" \/>\n<link rel=\"canonical\" href=\"https:\/\/franciscanos.org.br\/noticias\/caminhada-ecologica-2023-caminhando-juntos-por-uma-ecologia-integral.html\" \/>\n<meta property=\"og:locale\" content=\"pt_BR\" \/>\n<meta property=\"og:type\" content=\"article\" \/>\n<meta property=\"og:title\" content=\"Caminhada Ecol\u00f3gica 2023 - Caminhando juntos por uma ecologia integral - Not\u00edcias - Franciscanos\" \/>\n<meta property=\"og:description\" content=\"JPIC\" \/>\n<meta property=\"og:url\" content=\"https:\/\/franciscanos.org.br\/noticias\/caminhada-ecologica-2023-caminhando-juntos-por-uma-ecologia-integral.html\" \/>\n<meta property=\"og:site_name\" content=\"Not\u00edcias - Franciscanos\" \/>\n<meta property=\"article:published_time\" content=\"2023-05-09T10:53:58+00:00\" \/>\n<meta property=\"og:image\" content=\"https:\/\/franciscanos.org.br\/noticias\/wp-content\/uploads\/2023\/05\/caminhada_01.jpg\" \/>\n\t<meta property=\"og:image:width\" content=\"1280\" \/>\n\t<meta property=\"og:image:height\" content=\"720\" \/>\n\t<meta property=\"og:image:type\" content=\"image\/jpeg\" \/>\n<meta name=\"author\" content=\"moacir\" \/>\n<meta name=\"twitter:card\" content=\"summary_large_image\" \/>\n<meta name=\"twitter:label1\" content=\"Escrito por\" \/>\n\t<meta name=\"twitter:data1\" content=\"moacir\" \/>\n\t<meta name=\"twitter:label2\" content=\"Est. tempo de leitura\" \/>\n\t<meta name=\"twitter:data2\" content=\"4 minutos\" \/>\n<script type=\"application\/ld+json\" class=\"yoast-schema-graph\">{\"@context\":\"https:\/\/schema.org\",\"@graph\":[{\"@type\":\"WebSite\",\"@id\":\"https:\/\/franciscanos.org.br\/noticias\/#website\",\"url\":\"https:\/\/franciscanos.org.br\/noticias\/\",\"name\":\"Not\u00edcias - Franciscanos\",\"description\":\"Prov\u00edncia Franciscana da Imaculada Concei\u00e7\u00e3o do Brasil - Ordem dos Frades Menores - OFM\",\"potentialAction\":[{\"@type\":\"SearchAction\",\"target\":{\"@type\":\"EntryPoint\",\"urlTemplate\":\"https:\/\/franciscanos.org.br\/noticias\/?s={search_term_string}\"},\"query-input\":\"required name=search_term_string\"}],\"inLanguage\":\"pt-BR\"},{\"@type\":\"ImageObject\",\"inLanguage\":\"pt-BR\",\"@id\":\"https:\/\/franciscanos.org.br\/noticias\/caminhada-ecologica-2023-caminhando-juntos-por-uma-ecologia-integral.html#primaryimage\",\"url\":\"https:\/\/franciscanos.org.br\/noticias\/wp-content\/uploads\/2023\/05\/caminhada_01.jpg\",\"contentUrl\":\"https:\/\/franciscanos.org.br\/noticias\/wp-content\/uploads\/2023\/05\/caminhada_01.jpg\",\"width\":1280,\"height\":720},{\"@type\":\"WebPage\",\"@id\":\"https:\/\/franciscanos.org.br\/noticias\/caminhada-ecologica-2023-caminhando-juntos-por-uma-ecologia-integral.html#webpage\",\"url\":\"https:\/\/franciscanos.org.br\/noticias\/caminhada-ecologica-2023-caminhando-juntos-por-uma-ecologia-integral.html\",\"name\":\"Caminhada Ecol\u00f3gica 2023 - Caminhando juntos por uma ecologia integral - Not\u00edcias - Franciscanos\",\"isPartOf\":{\"@id\":\"https:\/\/franciscanos.org.br\/noticias\/#website\"},\"primaryImageOfPage\":{\"@id\":\"https:\/\/franciscanos.org.br\/noticias\/caminhada-ecologica-2023-caminhando-juntos-por-uma-ecologia-integral.html#primaryimage\"},\"datePublished\":\"2023-05-09T10:53:58+00:00\",\"dateModified\":\"2023-05-09T10:53:58+00:00\",\"author\":{\"@id\":\"https:\/\/franciscanos.org.br\/noticias\/#\/schema\/person\/b5c8cba458c330ccff548b056e95a5d4\"},\"breadcrumb\":{\"@id\":\"https:\/\/franciscanos.org.br\/noticias\/caminhada-ecologica-2023-caminhando-juntos-por-uma-ecologia-integral.html#breadcrumb\"},\"inLanguage\":\"pt-BR\",\"potentialAction\":[{\"@type\":\"ReadAction\",\"target\":[\"https:\/\/franciscanos.org.br\/noticias\/caminhada-ecologica-2023-caminhando-juntos-por-uma-ecologia-integral.html\"]}]},{\"@type\":\"BreadcrumbList\",\"@id\":\"https:\/\/franciscanos.org.br\/noticias\/caminhada-ecologica-2023-caminhando-juntos-por-uma-ecologia-integral.html#breadcrumb\",\"itemListElement\":[{\"@type\":\"ListItem\",\"position\":1,\"name\":\"Home\",\"item\":\"https:\/\/franciscanos.org.br\/noticias\"},{\"@type\":\"ListItem\",\"position\":2,\"name\":\"Caminhada Ecol\u00f3gica 2023 &#8211; Caminhando juntos por uma ecologia integral\"}]},{\"@type\":\"Person\",\"@id\":\"https:\/\/franciscanos.org.br\/noticias\/#\/schema\/person\/b5c8cba458c330ccff548b056e95a5d4\",\"name\":\"moacir\",\"image\":{\"@type\":\"ImageObject\",\"inLanguage\":\"pt-BR\",\"@id\":\"https:\/\/franciscanos.org.br\/noticias\/#\/schema\/person\/image\/\",\"url\":\"https:\/\/secure.gravatar.com\/avatar\/d08aa2ce4c8dd416d4479aa8536fcf64?s=96&d=mm&r=g\",\"contentUrl\":\"https:\/\/secure.gravatar.com\/avatar\/d08aa2ce4c8dd416d4479aa8536fcf64?s=96&d=mm&r=g\",\"caption\":\"moacir\"},\"url\":\"https:\/\/franciscanos.org.br\/noticias\/author\/moacir\"}]}<\/script>\n<!-- \/ Yoast SEO plugin. -->","yoast_head_json":{"title":"Caminhada Ecol\u00f3gica 2023 - Caminhando juntos por uma ecologia integral - Not\u00edcias - Franciscanos","robots":{"index":"index","follow":"follow","max-snippet":"max-snippet:-1","max-image-preview":"max-image-preview:large","max-video-preview":"max-video-preview:-1"},"canonical":"https:\/\/franciscanos.org.br\/noticias\/caminhada-ecologica-2023-caminhando-juntos-por-uma-ecologia-integral.html","og_locale":"pt_BR","og_type":"article","og_title":"Caminhada Ecol\u00f3gica 2023 - Caminhando juntos por uma ecologia integral - Not\u00edcias - Franciscanos","og_description":"JPIC","og_url":"https:\/\/franciscanos.org.br\/noticias\/caminhada-ecologica-2023-caminhando-juntos-por-uma-ecologia-integral.html","og_site_name":"Not\u00edcias - Franciscanos","article_published_time":"2023-05-09T10:53:58+00:00","og_image":[{"width":1280,"height":720,"url":"https:\/\/franciscanos.org.br\/noticias\/wp-content\/uploads\/2023\/05\/caminhada_01.jpg","type":"image\/jpeg"}],"author":"moacir","twitter_card":"summary_large_image","twitter_misc":{"Escrito por":"moacir","Est. tempo de leitura":"4 minutos"},"schema":{"@context":"https:\/\/schema.org","@graph":[{"@type":"WebSite","@id":"https:\/\/franciscanos.org.br\/noticias\/#website","url":"https:\/\/franciscanos.org.br\/noticias\/","name":"Not\u00edcias - Franciscanos","description":"Prov\u00edncia Franciscana da Imaculada Concei\u00e7\u00e3o do Brasil - Ordem dos Frades Menores - OFM","potentialAction":[{"@type":"SearchAction","target":{"@type":"EntryPoint","urlTemplate":"https:\/\/franciscanos.org.br\/noticias\/?s={search_term_string}"},"query-input":"required name=search_term_string"}],"inLanguage":"pt-BR"},{"@type":"ImageObject","inLanguage":"pt-BR","@id":"https:\/\/franciscanos.org.br\/noticias\/caminhada-ecologica-2023-caminhando-juntos-por-uma-ecologia-integral.html#primaryimage","url":"https:\/\/franciscanos.org.br\/noticias\/wp-content\/uploads\/2023\/05\/caminhada_01.jpg","contentUrl":"https:\/\/franciscanos.org.br\/noticias\/wp-content\/uploads\/2023\/05\/caminhada_01.jpg","width":1280,"height":720},{"@type":"WebPage","@id":"https:\/\/franciscanos.org.br\/noticias\/caminhada-ecologica-2023-caminhando-juntos-por-uma-ecologia-integral.html#webpage","url":"https:\/\/franciscanos.org.br\/noticias\/caminhada-ecologica-2023-caminhando-juntos-por-uma-ecologia-integral.html","name":"Caminhada Ecol\u00f3gica 2023 - Caminhando juntos por uma ecologia integral - Not\u00edcias - Franciscanos","isPartOf":{"@id":"https:\/\/franciscanos.org.br\/noticias\/#website"},"primaryImageOfPage":{"@id":"https:\/\/franciscanos.org.br\/noticias\/caminhada-ecologica-2023-caminhando-juntos-por-uma-ecologia-integral.html#primaryimage"},"datePublished":"2023-05-09T10:53:58+00:00","dateModified":"2023-05-09T10:53:58+00:00","author":{"@id":"https:\/\/franciscanos.org.br\/noticias\/#\/schema\/person\/b5c8cba458c330ccff548b056e95a5d4"},"breadcrumb":{"@id":"https:\/\/franciscanos.org.br\/noticias\/caminhada-ecologica-2023-caminhando-juntos-por-uma-ecologia-integral.html#breadcrumb"},"inLanguage":"pt-BR","potentialAction":[{"@type":"ReadAction","target":["https:\/\/franciscanos.org.br\/noticias\/caminhada-ecologica-2023-caminhando-juntos-por-uma-ecologia-integral.html"]}]},{"@type":"BreadcrumbList","@id":"https:\/\/franciscanos.org.br\/noticias\/caminhada-ecologica-2023-caminhando-juntos-por-uma-ecologia-integral.html#breadcrumb","itemListElement":[{"@type":"ListItem","position":1,"name":"Home","item":"https:\/\/franciscanos.org.br\/noticias"},{"@type":"ListItem","position":2,"name":"Caminhada Ecol\u00f3gica 2023 &#8211; Caminhando juntos por uma ecologia integral"}]},{"@type":"Person","@id":"https:\/\/franciscanos.org.br\/noticias\/#\/schema\/person\/b5c8cba458c330ccff548b056e95a5d4","name":"moacir","image":{"@type":"ImageObject","inLanguage":"pt-BR","@id":"https:\/\/franciscanos.org.br\/noticias\/#\/schema\/person\/image\/","url":"https:\/\/secure.gravatar.com\/avatar\/d08aa2ce4c8dd416d4479aa8536fcf64?s=96&d=mm&r=g","contentUrl":"https:\/\/secure.gravatar.com\/avatar\/d08aa2ce4c8dd416d4479aa8536fcf64?s=96&d=mm&r=g","caption":"moacir"},"url":"https:\/\/franciscanos.org.br\/noticias\/author\/moacir"}]}},"_links":{"self":[{"href":"https:\/\/franciscanos.org.br\/noticias\/wp-json\/wp\/v2\/posts\/243178"}],"collection":[{"href":"https:\/\/franciscanos.org.br\/noticias\/wp-json\/wp\/v2\/posts"}],"about":[{"href":"https:\/\/franciscanos.org.br\/noticias\/wp-json\/wp\/v2\/types\/post"}],"author":[{"embeddable":true,"href":"https:\/\/franciscanos.org.br\/noticias\/wp-json\/wp\/v2\/users\/3"}],"replies":[{"embeddable":true,"href":"https:\/\/franciscanos.org.br\/noticias\/wp-json\/wp\/v2\/comments?post=243178"}],"version-history":[{"count":1,"href":"https:\/\/franciscanos.org.br\/noticias\/wp-json\/wp\/v2\/posts\/243178\/revisions"}],"predecessor-version":[{"id":243187,"href":"https:\/\/franciscanos.org.br\/noticias\/wp-json\/wp\/v2\/posts\/243178\/revisions\/243187"}],"wp:featuredmedia":[{"embeddable":true,"href":"https:\/\/franciscanos.org.br\/noticias\/wp-json\/wp\/v2\/media\/243179"}],"wp:attachment":[{"href":"https:\/\/franciscanos.org.br\/noticias\/wp-json\/wp\/v2\/media?parent=243178"}],"wp:term":[{"taxonomy":"category","embeddable":true,"href":"https:\/\/franciscanos.org.br\/noticias\/wp-json\/wp\/v2\/categories?post=243178"},{"taxonomy":"post_tag","embeddable":true,"href":"https:\/\/franciscanos.org.br\/noticias\/wp-json\/wp\/v2\/tags?post=243178"}],"curies":[{"name":"wp","href":"https:\/\/api.w.org\/{rel}","templated":true}]}}