{"id":243146,"date":"2023-05-07T08:46:00","date_gmt":"2023-05-07T11:46:00","guid":{"rendered":"https:\/\/franciscanos.org.br\/noticias\/?p=243146"},"modified":"2023-05-07T08:46:00","modified_gmt":"2023-05-07T11:46:00","slug":"papa-amar-jesus-e-a-bussola-para-alcancar-o-ceu","status":"publish","type":"post","link":"https:\/\/franciscanos.org.br\/noticias\/papa-amar-jesus-e-a-bussola-para-alcancar-o-ceu.html","title":{"rendered":"Papa: amar Jesus \u00e9 a b\u00fassola para alcan\u00e7ar o C\u00e9u"},"content":{"rendered":"<div id=\"attachment_243147\" style=\"width: 1290px\" class=\"wp-caption alignnone\"><img aria-describedby=\"caption-attachment-243147\" loading=\"lazy\" class=\"wp-image-243147 size-full\" src=\"https:\/\/franciscanos.org.br\/noticias\/wp-content\/uploads\/2023\/05\/regina_coeli_7.jpg\" alt=\"\" width=\"1280\" height=\"720\" srcset=\"https:\/\/franciscanos.org.br\/noticias\/wp-content\/uploads\/2023\/05\/regina_coeli_7.jpg 1280w, https:\/\/franciscanos.org.br\/noticias\/wp-content\/uploads\/2023\/05\/regina_coeli_7-450x253.jpg 450w, https:\/\/franciscanos.org.br\/noticias\/wp-content\/uploads\/2023\/05\/regina_coeli_7-1024x576.jpg 1024w, https:\/\/franciscanos.org.br\/noticias\/wp-content\/uploads\/2023\/05\/regina_coeli_7-768x432.jpg 768w, https:\/\/franciscanos.org.br\/noticias\/wp-content\/uploads\/2023\/05\/regina_coeli_7-150x84.jpg 150w\" sizes=\"(max-width: 1280px) 100vw, 1280px\" \/><p id=\"caption-attachment-243147\" class=\"wp-caption-text\"><em>Imagem: Reprodu\u00e7\u00e3o da transmiss\u00e3o da Vatican News<\/em><\/p><\/div>\n<p>Aonde ir e como chegar? Estas duas perguntas guiaram a reflex\u00e3o do Papa neste V Domingo de P\u00e1scoa, diante de milhares de fi\u00e9is reunidos na Pra\u00e7a S\u00e3o Pedro para a ora\u00e7\u00e3o do Regina Coeli.<\/p>\n<p><strong>Destino: a casa do Pai<\/strong><br \/>\nFrancisco se inspirou no trecho de Jo\u00e3o proposto pela Liturgia do dia, que traz o \u00faltimo discurso de Jesus antes de sua morte. O cora\u00e7\u00e3o dos disc\u00edpulos est\u00e1 abalado, mas o Senhor dirige a eles palavras de conforto, convidando-os a n\u00e3o terem medo: \u00abVou preparar um lugar para v\u00f3s [\u2026], a fim de que onde eu estiver estejais tamb\u00e9m v\u00f3s\u00bb.<\/p>\n<p>Com efeito, Jesus n\u00e3o os est\u00e1 abandonando, mas parte para preparar um lugar para eles e gui\u00e1-los rumo \u00e0quela meta. Assim, explicou o Pont\u00edfice, o Senhor indica hoje a todos n\u00f3s o maravilhoso lugar aonde ir e, ao mesmo tempo, nos diz como ir, nos mostra o caminho a percorrer.<\/p>\n<p>\u201cNa casa do Pai \u2013 diz aos seus amigos e cada um de n\u00f3s \u2013 h\u00e1 espa\u00e7o para voc\u00ea, voc\u00ea \u00e9 bem-vindo, ser\u00e1 acolhido para sempre pelo calor de um abra\u00e7o, e eu estou no C\u00e9u para preparar-lhe um lugar!\u201d<\/p>\n<p>&#8220;Irm\u00e3os e irm\u00e3s, esta Palavra \u00e9 fonte de consola\u00e7\u00e3o e esperan\u00e7a&#8221;, comentou o Papa. Jesus n\u00e3o se separou de n\u00f3s, mas nos abriu o caminho, antecipando o nosso destino final: o encontro com Deus Pai, em cujo cora\u00e7\u00e3o h\u00e1 lugar para cada um de n\u00f3s.<\/p>\n<p>Ent\u00e3o, quando sentimos o cansa\u00e7o, a desorienta\u00e7\u00e3o e at\u00e9 mesmo o fracasso, lembremo-nos para aonde vai a nossa vida. N\u00e3o devemos perder de vista a meta, mesmo se hoje corremos o risco de n\u00e3o lembrar, de esquecer as perguntas finais, aquelas importantes: aonde vamos? Rumo aonde caminhamos? Por qual motivo vale a pena viver? Sem estas perguntas, sufocamos a vida somente no presente, pensamos que devemos desfrut\u00e1-la o quanto poss\u00edvel e acabamos por viver o dia, sem um prop\u00f3sito, sem uma meta.<\/p>\n<p>\u201cA nossa p\u00e1tria, ao inv\u00e9s, est\u00e1 no c\u00e9u, n\u00e3o nos esque\u00e7amos da grandeza e da beleza da meta!\u201d<\/p>\n<p><strong>A b\u00fassola: Jesus<\/strong><br \/>\nPara a segunda pergunta &#8211; como chegar &#8211; a resposta vem do pr\u00f3prio de Jesus: \u00abEu sou o caminho, a verdade e a vida\u00bb (Jo 14,6). Jesus \u00e9 o caminho a seguir para viver na verdade e ter a vida em abund\u00e2ncia, acrescentou o Pont\u00edfice. Ele \u00e9 o caminho e, portanto, a f\u00e9 Nele n\u00e3o \u00e9 um \u201cconjunto de ideias\u201d a acreditar, mas um caminho a percorrer, uma viagem a realizar, um caminho com Ele. \u00c9 seguir Jesus, porque Ele \u00e9 o caminho que conduz \u00e0 felicidade que n\u00e3o conhece ocaso. \u00c9 imit\u00e1-lo, recomendou o Papa, especialmente com gestos de proximidade e miseric\u00f3rdia para com os outros.<\/p>\n<p>\u201cEis a b\u00fassola para alcan\u00e7ar o C\u00e9u: amar Jesus, o caminho, tornando-se sinais do seu amor na terra.\u201d<\/p>\n<p>Francisco concluiu convidando os fi\u00e9is a n\u00e3o se deixarem devastar pelo presente: &#8220;Olhemos para o alto, para o C\u00e9u, lembremo-nos da meta, pensemos que somos chamados para a eternidade, para o encontro com Deus. E, do C\u00e9u, renovemos hoje a escolha de Jesus, a escolha de am\u00e1-lo e de caminhar atr\u00e1s Dele. Que a Virgem Maria, que seguindo Jesus chegou \u00e0 meta, ampare a nossa esperan\u00e7a&#8221;.<\/p>\n<hr \/>\n<p><em>Fonte: Vatican News (texto de Bianca Fraccalvieri)<\/em><\/p>\n","protected":false},"excerpt":{"rendered":"<p>Regina Coeli<\/p>\n","protected":false},"author":3,"featured_media":243147,"comment_status":"open","ping_status":"open","sticky":false,"template":"","format":"standard","meta":[],"categories":[1428],"tags":[564],"acf":[],"yoast_head":"<!-- This site is optimized with the Yoast SEO plugin v19.2 - https:\/\/yoast.com\/wordpress\/plugins\/seo\/ -->\n<title>Papa: amar Jesus \u00e9 a b\u00fassola para alcan\u00e7ar o C\u00e9u - Not\u00edcias - Franciscanos<\/title>\n<meta name=\"robots\" content=\"index, follow, max-snippet:-1, max-image-preview:large, max-video-preview:-1\" \/>\n<link rel=\"canonical\" href=\"https:\/\/franciscanos.org.br\/noticias\/papa-amar-jesus-e-a-bussola-para-alcancar-o-ceu.html\" \/>\n<meta property=\"og:locale\" content=\"pt_BR\" \/>\n<meta property=\"og:type\" content=\"article\" \/>\n<meta property=\"og:title\" content=\"Papa: amar Jesus \u00e9 a b\u00fassola para alcan\u00e7ar o C\u00e9u - Not\u00edcias - Franciscanos\" \/>\n<meta property=\"og:description\" content=\"Regina Coeli\" \/>\n<meta property=\"og:url\" content=\"https:\/\/franciscanos.org.br\/noticias\/papa-amar-jesus-e-a-bussola-para-alcancar-o-ceu.html\" \/>\n<meta property=\"og:site_name\" content=\"Not\u00edcias - Franciscanos\" \/>\n<meta property=\"article:published_time\" content=\"2023-05-07T11:46:00+00:00\" \/>\n<meta property=\"og:image\" content=\"https:\/\/franciscanos.org.br\/noticias\/wp-content\/uploads\/2023\/05\/regina_coeli_7.jpg\" \/>\n\t<meta property=\"og:image:width\" content=\"1280\" \/>\n\t<meta property=\"og:image:height\" content=\"720\" \/>\n\t<meta property=\"og:image:type\" content=\"image\/jpeg\" \/>\n<meta name=\"author\" content=\"moacir\" \/>\n<meta name=\"twitter:card\" content=\"summary_large_image\" \/>\n<meta name=\"twitter:label1\" content=\"Escrito por\" \/>\n\t<meta name=\"twitter:data1\" content=\"moacir\" \/>\n\t<meta name=\"twitter:label2\" content=\"Est. tempo de leitura\" \/>\n\t<meta name=\"twitter:data2\" content=\"3 minutos\" \/>\n<script type=\"application\/ld+json\" class=\"yoast-schema-graph\">{\"@context\":\"https:\/\/schema.org\",\"@graph\":[{\"@type\":\"WebSite\",\"@id\":\"https:\/\/franciscanos.org.br\/noticias\/#website\",\"url\":\"https:\/\/franciscanos.org.br\/noticias\/\",\"name\":\"Not\u00edcias - Franciscanos\",\"description\":\"Prov\u00edncia Franciscana da Imaculada Concei\u00e7\u00e3o do Brasil - Ordem dos Frades Menores - OFM\",\"potentialAction\":[{\"@type\":\"SearchAction\",\"target\":{\"@type\":\"EntryPoint\",\"urlTemplate\":\"https:\/\/franciscanos.org.br\/noticias\/?s={search_term_string}\"},\"query-input\":\"required name=search_term_string\"}],\"inLanguage\":\"pt-BR\"},{\"@type\":\"ImageObject\",\"inLanguage\":\"pt-BR\",\"@id\":\"https:\/\/franciscanos.org.br\/noticias\/papa-amar-jesus-e-a-bussola-para-alcancar-o-ceu.html#primaryimage\",\"url\":\"https:\/\/franciscanos.org.br\/noticias\/wp-content\/uploads\/2023\/05\/regina_coeli_7.jpg\",\"contentUrl\":\"https:\/\/franciscanos.org.br\/noticias\/wp-content\/uploads\/2023\/05\/regina_coeli_7.jpg\",\"width\":1280,\"height\":720},{\"@type\":\"WebPage\",\"@id\":\"https:\/\/franciscanos.org.br\/noticias\/papa-amar-jesus-e-a-bussola-para-alcancar-o-ceu.html#webpage\",\"url\":\"https:\/\/franciscanos.org.br\/noticias\/papa-amar-jesus-e-a-bussola-para-alcancar-o-ceu.html\",\"name\":\"Papa: amar Jesus \u00e9 a b\u00fassola para alcan\u00e7ar o C\u00e9u - Not\u00edcias - Franciscanos\",\"isPartOf\":{\"@id\":\"https:\/\/franciscanos.org.br\/noticias\/#website\"},\"primaryImageOfPage\":{\"@id\":\"https:\/\/franciscanos.org.br\/noticias\/papa-amar-jesus-e-a-bussola-para-alcancar-o-ceu.html#primaryimage\"},\"datePublished\":\"2023-05-07T11:46:00+00:00\",\"dateModified\":\"2023-05-07T11:46:00+00:00\",\"author\":{\"@id\":\"https:\/\/franciscanos.org.br\/noticias\/#\/schema\/person\/b5c8cba458c330ccff548b056e95a5d4\"},\"breadcrumb\":{\"@id\":\"https:\/\/franciscanos.org.br\/noticias\/papa-amar-jesus-e-a-bussola-para-alcancar-o-ceu.html#breadcrumb\"},\"inLanguage\":\"pt-BR\",\"potentialAction\":[{\"@type\":\"ReadAction\",\"target\":[\"https:\/\/franciscanos.org.br\/noticias\/papa-amar-jesus-e-a-bussola-para-alcancar-o-ceu.html\"]}]},{\"@type\":\"BreadcrumbList\",\"@id\":\"https:\/\/franciscanos.org.br\/noticias\/papa-amar-jesus-e-a-bussola-para-alcancar-o-ceu.html#breadcrumb\",\"itemListElement\":[{\"@type\":\"ListItem\",\"position\":1,\"name\":\"Home\",\"item\":\"https:\/\/franciscanos.org.br\/noticias\"},{\"@type\":\"ListItem\",\"position\":2,\"name\":\"Papa: amar Jesus \u00e9 a b\u00fassola para alcan\u00e7ar o C\u00e9u\"}]},{\"@type\":\"Person\",\"@id\":\"https:\/\/franciscanos.org.br\/noticias\/#\/schema\/person\/b5c8cba458c330ccff548b056e95a5d4\",\"name\":\"moacir\",\"image\":{\"@type\":\"ImageObject\",\"inLanguage\":\"pt-BR\",\"@id\":\"https:\/\/franciscanos.org.br\/noticias\/#\/schema\/person\/image\/\",\"url\":\"https:\/\/secure.gravatar.com\/avatar\/d08aa2ce4c8dd416d4479aa8536fcf64?s=96&d=mm&r=g\",\"contentUrl\":\"https:\/\/secure.gravatar.com\/avatar\/d08aa2ce4c8dd416d4479aa8536fcf64?s=96&d=mm&r=g\",\"caption\":\"moacir\"},\"url\":\"https:\/\/franciscanos.org.br\/noticias\/author\/moacir\"}]}<\/script>\n<!-- \/ Yoast SEO plugin. -->","yoast_head_json":{"title":"Papa: amar Jesus \u00e9 a b\u00fassola para alcan\u00e7ar o C\u00e9u - Not\u00edcias - Franciscanos","robots":{"index":"index","follow":"follow","max-snippet":"max-snippet:-1","max-image-preview":"max-image-preview:large","max-video-preview":"max-video-preview:-1"},"canonical":"https:\/\/franciscanos.org.br\/noticias\/papa-amar-jesus-e-a-bussola-para-alcancar-o-ceu.html","og_locale":"pt_BR","og_type":"article","og_title":"Papa: amar Jesus \u00e9 a b\u00fassola para alcan\u00e7ar o C\u00e9u - Not\u00edcias - Franciscanos","og_description":"Regina Coeli","og_url":"https:\/\/franciscanos.org.br\/noticias\/papa-amar-jesus-e-a-bussola-para-alcancar-o-ceu.html","og_site_name":"Not\u00edcias - Franciscanos","article_published_time":"2023-05-07T11:46:00+00:00","og_image":[{"width":1280,"height":720,"url":"https:\/\/franciscanos.org.br\/noticias\/wp-content\/uploads\/2023\/05\/regina_coeli_7.jpg","type":"image\/jpeg"}],"author":"moacir","twitter_card":"summary_large_image","twitter_misc":{"Escrito por":"moacir","Est. tempo de leitura":"3 minutos"},"schema":{"@context":"https:\/\/schema.org","@graph":[{"@type":"WebSite","@id":"https:\/\/franciscanos.org.br\/noticias\/#website","url":"https:\/\/franciscanos.org.br\/noticias\/","name":"Not\u00edcias - Franciscanos","description":"Prov\u00edncia Franciscana da Imaculada Concei\u00e7\u00e3o do Brasil - Ordem dos Frades Menores - OFM","potentialAction":[{"@type":"SearchAction","target":{"@type":"EntryPoint","urlTemplate":"https:\/\/franciscanos.org.br\/noticias\/?s={search_term_string}"},"query-input":"required name=search_term_string"}],"inLanguage":"pt-BR"},{"@type":"ImageObject","inLanguage":"pt-BR","@id":"https:\/\/franciscanos.org.br\/noticias\/papa-amar-jesus-e-a-bussola-para-alcancar-o-ceu.html#primaryimage","url":"https:\/\/franciscanos.org.br\/noticias\/wp-content\/uploads\/2023\/05\/regina_coeli_7.jpg","contentUrl":"https:\/\/franciscanos.org.br\/noticias\/wp-content\/uploads\/2023\/05\/regina_coeli_7.jpg","width":1280,"height":720},{"@type":"WebPage","@id":"https:\/\/franciscanos.org.br\/noticias\/papa-amar-jesus-e-a-bussola-para-alcancar-o-ceu.html#webpage","url":"https:\/\/franciscanos.org.br\/noticias\/papa-amar-jesus-e-a-bussola-para-alcancar-o-ceu.html","name":"Papa: amar Jesus \u00e9 a b\u00fassola para alcan\u00e7ar o C\u00e9u - Not\u00edcias - Franciscanos","isPartOf":{"@id":"https:\/\/franciscanos.org.br\/noticias\/#website"},"primaryImageOfPage":{"@id":"https:\/\/franciscanos.org.br\/noticias\/papa-amar-jesus-e-a-bussola-para-alcancar-o-ceu.html#primaryimage"},"datePublished":"2023-05-07T11:46:00+00:00","dateModified":"2023-05-07T11:46:00+00:00","author":{"@id":"https:\/\/franciscanos.org.br\/noticias\/#\/schema\/person\/b5c8cba458c330ccff548b056e95a5d4"},"breadcrumb":{"@id":"https:\/\/franciscanos.org.br\/noticias\/papa-amar-jesus-e-a-bussola-para-alcancar-o-ceu.html#breadcrumb"},"inLanguage":"pt-BR","potentialAction":[{"@type":"ReadAction","target":["https:\/\/franciscanos.org.br\/noticias\/papa-amar-jesus-e-a-bussola-para-alcancar-o-ceu.html"]}]},{"@type":"BreadcrumbList","@id":"https:\/\/franciscanos.org.br\/noticias\/papa-amar-jesus-e-a-bussola-para-alcancar-o-ceu.html#breadcrumb","itemListElement":[{"@type":"ListItem","position":1,"name":"Home","item":"https:\/\/franciscanos.org.br\/noticias"},{"@type":"ListItem","position":2,"name":"Papa: amar Jesus \u00e9 a b\u00fassola para alcan\u00e7ar o C\u00e9u"}]},{"@type":"Person","@id":"https:\/\/franciscanos.org.br\/noticias\/#\/schema\/person\/b5c8cba458c330ccff548b056e95a5d4","name":"moacir","image":{"@type":"ImageObject","inLanguage":"pt-BR","@id":"https:\/\/franciscanos.org.br\/noticias\/#\/schema\/person\/image\/","url":"https:\/\/secure.gravatar.com\/avatar\/d08aa2ce4c8dd416d4479aa8536fcf64?s=96&d=mm&r=g","contentUrl":"https:\/\/secure.gravatar.com\/avatar\/d08aa2ce4c8dd416d4479aa8536fcf64?s=96&d=mm&r=g","caption":"moacir"},"url":"https:\/\/franciscanos.org.br\/noticias\/author\/moacir"}]}},"_links":{"self":[{"href":"https:\/\/franciscanos.org.br\/noticias\/wp-json\/wp\/v2\/posts\/243146"}],"collection":[{"href":"https:\/\/franciscanos.org.br\/noticias\/wp-json\/wp\/v2\/posts"}],"about":[{"href":"https:\/\/franciscanos.org.br\/noticias\/wp-json\/wp\/v2\/types\/post"}],"author":[{"embeddable":true,"href":"https:\/\/franciscanos.org.br\/noticias\/wp-json\/wp\/v2\/users\/3"}],"replies":[{"embeddable":true,"href":"https:\/\/franciscanos.org.br\/noticias\/wp-json\/wp\/v2\/comments?post=243146"}],"version-history":[{"count":1,"href":"https:\/\/franciscanos.org.br\/noticias\/wp-json\/wp\/v2\/posts\/243146\/revisions"}],"predecessor-version":[{"id":243148,"href":"https:\/\/franciscanos.org.br\/noticias\/wp-json\/wp\/v2\/posts\/243146\/revisions\/243148"}],"wp:featuredmedia":[{"embeddable":true,"href":"https:\/\/franciscanos.org.br\/noticias\/wp-json\/wp\/v2\/media\/243147"}],"wp:attachment":[{"href":"https:\/\/franciscanos.org.br\/noticias\/wp-json\/wp\/v2\/media?parent=243146"}],"wp:term":[{"taxonomy":"category","embeddable":true,"href":"https:\/\/franciscanos.org.br\/noticias\/wp-json\/wp\/v2\/categories?post=243146"},{"taxonomy":"post_tag","embeddable":true,"href":"https:\/\/franciscanos.org.br\/noticias\/wp-json\/wp\/v2\/tags?post=243146"}],"curies":[{"name":"wp","href":"https:\/\/api.w.org\/{rel}","templated":true}]}}