{"id":243120,"date":"2023-05-04T09:23:50","date_gmt":"2023-05-04T12:23:50","guid":{"rendered":"https:\/\/franciscanos.org.br\/noticias\/?p=243120"},"modified":"2023-05-04T09:23:50","modified_gmt":"2023-05-04T12:23:50","slug":"festa-de-sao-jose-e-do-sertanejo-no-santuario-frei-galvao","status":"publish","type":"post","link":"https:\/\/franciscanos.org.br\/noticias\/festa-de-sao-jose-e-do-sertanejo-no-santuario-frei-galvao.html","title":{"rendered":"Festa de S\u00e3o Jos\u00e9 e do Sertanejo no Santu\u00e1rio Frei Galv\u00e3o"},"content":{"rendered":"<p><img loading=\"lazy\" class=\"alignnone wp-image-243121 size-full\" src=\"https:\/\/franciscanos.org.br\/noticias\/wp-content\/uploads\/2023\/05\/jose_03.jpg\" alt=\"\" width=\"1280\" height=\"720\" srcset=\"https:\/\/franciscanos.org.br\/noticias\/wp-content\/uploads\/2023\/05\/jose_03.jpg 1280w, https:\/\/franciscanos.org.br\/noticias\/wp-content\/uploads\/2023\/05\/jose_03-450x253.jpg 450w, https:\/\/franciscanos.org.br\/noticias\/wp-content\/uploads\/2023\/05\/jose_03-1024x576.jpg 1024w, https:\/\/franciscanos.org.br\/noticias\/wp-content\/uploads\/2023\/05\/jose_03-768x432.jpg 768w, https:\/\/franciscanos.org.br\/noticias\/wp-content\/uploads\/2023\/05\/jose_03-150x84.jpg 150w\" sizes=\"(max-width: 1280px) 100vw, 1280px\" \/><\/p>\n<p>Do dia 28 de abril a 1\u00ba de maio de 2023, o Santu\u00e1rio Frei Galv\u00e3o celebrou o dia de S\u00e3o Jos\u00e9 Oper\u00e1rio, recordando o dia do Sertanejo e o dia do Trabalhador. Quatro dias de celebra\u00e7\u00f5es lit\u00fargicas, shows e comidas t\u00edpicas.<\/p>\n<p>H\u00e1 os que perguntam acerca das raz\u00f5es de celebrar com toda festividade S\u00e3o Jos\u00e9, no Santu\u00e1rio do Primeiro Santo Brasileiro. Contudo, imediatamente a resposta nasce numa retomada na hist\u00f3ria deste local que hoje consideramos o local do Santu\u00e1rio de Frei Galv\u00e3o.<\/p>\n<p>No ano de 1983 nasceu neste mesmo lugar a comunidade S\u00e3o Ligada \u00e0 Par\u00f3quia de Nossa Senhora de F\u00e1tima. No ano de 2007, com a necessidade de criar o Santu\u00e1rio do novo santo brasileiro, Deus quis fazer deste local o templo can\u00f4nico de Santo Ant\u00f4nio de Sant`Anna Galv\u00e3o.\u00a0 Portanto, celebrar S\u00e3o Jos\u00e9 \u00e9 celebrar a hist\u00f3ria deste Santu\u00e1rio.<\/p>\n<p><img loading=\"lazy\" class=\"alignnone size-full wp-image-243122\" src=\"https:\/\/franciscanos.org.br\/noticias\/wp-content\/uploads\/2023\/05\/jose_04.jpg\" alt=\"\" width=\"1280\" height=\"720\" srcset=\"https:\/\/franciscanos.org.br\/noticias\/wp-content\/uploads\/2023\/05\/jose_04.jpg 1280w, https:\/\/franciscanos.org.br\/noticias\/wp-content\/uploads\/2023\/05\/jose_04-450x253.jpg 450w, https:\/\/franciscanos.org.br\/noticias\/wp-content\/uploads\/2023\/05\/jose_04-1024x576.jpg 1024w, https:\/\/franciscanos.org.br\/noticias\/wp-content\/uploads\/2023\/05\/jose_04-768x432.jpg 768w, https:\/\/franciscanos.org.br\/noticias\/wp-content\/uploads\/2023\/05\/jose_04-150x84.jpg 150w\" sizes=\"(max-width: 1280px) 100vw, 1280px\" \/><\/p>\n<p><img loading=\"lazy\" class=\"alignnone size-full wp-image-243123\" src=\"https:\/\/franciscanos.org.br\/noticias\/wp-content\/uploads\/2023\/05\/jose_05.jpg\" alt=\"\" width=\"1200\" height=\"952\" srcset=\"https:\/\/franciscanos.org.br\/noticias\/wp-content\/uploads\/2023\/05\/jose_05.jpg 1200w, https:\/\/franciscanos.org.br\/noticias\/wp-content\/uploads\/2023\/05\/jose_05-450x357.jpg 450w, https:\/\/franciscanos.org.br\/noticias\/wp-content\/uploads\/2023\/05\/jose_05-1024x812.jpg 1024w, https:\/\/franciscanos.org.br\/noticias\/wp-content\/uploads\/2023\/05\/jose_05-768x609.jpg 768w, https:\/\/franciscanos.org.br\/noticias\/wp-content\/uploads\/2023\/05\/jose_05-150x119.jpg 150w\" sizes=\"(max-width: 1200px) 100vw, 1200px\" \/><\/p>\n<p>S\u00e3o Jos\u00e9 est\u00e1 no afeto do povo. Devemos reconhecer o carinho e piedade do povo de Deus \u00e0\u00a0 figura de Jos\u00e9. E nada mais justo do que faz\u00ea-los experimentar mais uma vez essa proximidade com o Oper\u00e1rio de Nazar\u00e9.<\/p>\n<p>Para os dias que precederam o dia de S\u00e3o Jos\u00e9 Oper\u00e1rio, houve o tr\u00edduo lit\u00fargico. Frei Diego Melo e Frei Leandro Costa presidiram as Eucaristias. No dia 1\u00ba de maio, foram dadas as b\u00ean\u00e7\u00e3os aos trabalhadores e desempregados. Ap\u00f3s a Missa das 15h, prociss\u00e3o pelas ruas do entorno do Santu\u00e1rio.<\/p>\n<p>Junto da devo\u00e7\u00e3o, houve a parte cultural da festa. Foi recordado o Dia do Sertanejo, que no calend\u00e1rio civil \u00e9 celebrado no dia 3 de maio. Uma vez que S\u00e3o Jos\u00e9 era um homem do campo, Frei Galv\u00e3o do campo e o Santu\u00e1rio est\u00e1 no interior do estado Paulista, nada mais justo do que resgatar tamb\u00e9m este aspecto.<\/p>\n<p><img loading=\"lazy\" class=\"alignnone size-full wp-image-243124\" src=\"https:\/\/franciscanos.org.br\/noticias\/wp-content\/uploads\/2023\/05\/jose_06.jpg\" alt=\"\" width=\"1280\" height=\"853\" srcset=\"https:\/\/franciscanos.org.br\/noticias\/wp-content\/uploads\/2023\/05\/jose_06.jpg 1280w, https:\/\/franciscanos.org.br\/noticias\/wp-content\/uploads\/2023\/05\/jose_06-450x300.jpg 450w, https:\/\/franciscanos.org.br\/noticias\/wp-content\/uploads\/2023\/05\/jose_06-1024x682.jpg 1024w, https:\/\/franciscanos.org.br\/noticias\/wp-content\/uploads\/2023\/05\/jose_06-768x512.jpg 768w, https:\/\/franciscanos.org.br\/noticias\/wp-content\/uploads\/2023\/05\/jose_06-150x100.jpg 150w\" sizes=\"(max-width: 1280px) 100vw, 1280px\" \/><\/p>\n<p>Este \u00e9 o segundo ano em que o Santu\u00e1rio Frei Galv\u00e3o celebra esta festa. Estiveram envolvidos os frades, colaboradores e cerca de 200 volunt\u00e1rios ligados ao Santu\u00e1rio. O sucesso da festa \u00e9 resultado da intercess\u00e3o e vontade de S\u00e3o Jos\u00e9 para que continuemos.<\/p>\n<p><strong><em>Testemunho: S\u00e3o Jos\u00e9 visitou o Santu\u00e1rio<\/em><\/strong><\/p>\n<p>Deus comunica-se das mais diversas formas. Principalmente nas coisas simples. Sens\u00edveis \u00e0s suas sugest\u00f5es o homem a mulher faz comunh\u00e3o com sua divindade. \u00c0s 10h, no hor\u00e1rio marcado para a celebra\u00e7\u00e3o festiva de S\u00e3o Jos\u00e9 aproximou-se da igreja o senhor Palandi que no ano de 2007, dedicou-se na tarefa de pintar a igreja que se tornaria o Santu\u00e1rio do primeiro santo brasileiro. Frei Diego, na sua busca de entender as raz\u00f5es de estarmos reunidos nestes quatro dias percebeu neste senhor a justa e l\u00edmpida imagem de Jos\u00e9 Oper\u00e1rio.<\/p>\n<p><img loading=\"lazy\" class=\"alignnone size-full wp-image-243125\" src=\"https:\/\/franciscanos.org.br\/noticias\/wp-content\/uploads\/2023\/05\/jose_02.jpg\" alt=\"\" width=\"1280\" height=\"720\" srcset=\"https:\/\/franciscanos.org.br\/noticias\/wp-content\/uploads\/2023\/05\/jose_02.jpg 1280w, https:\/\/franciscanos.org.br\/noticias\/wp-content\/uploads\/2023\/05\/jose_02-450x253.jpg 450w, https:\/\/franciscanos.org.br\/noticias\/wp-content\/uploads\/2023\/05\/jose_02-1024x576.jpg 1024w, https:\/\/franciscanos.org.br\/noticias\/wp-content\/uploads\/2023\/05\/jose_02-768x432.jpg 768w, https:\/\/franciscanos.org.br\/noticias\/wp-content\/uploads\/2023\/05\/jose_02-150x84.jpg 150w\" sizes=\"(max-width: 1280px) 100vw, 1280px\" \/><\/p>\n<p>Feito Jos\u00e9, um simples trabalhador. Feito Jos\u00e9, marcado no rosto e nas m\u00e3os pela jornada de trabalho. Feito Jos\u00e9, confiando em Deus sua vida e seus dias. Feito Jos\u00e9, silencioso pode-nos dizer de Deus. No Senhor Palandi, S\u00e3o Jos\u00e9 falando das coisas do c\u00e9us.<\/p>\n<hr \/>\n<p><em>Comunica\u00e7\u00e3o do Santu\u00e1rio Frei Galv\u00e3o<\/em><\/p>\n<p><img loading=\"lazy\" class=\"alignnone size-full wp-image-243126\" src=\"https:\/\/franciscanos.org.br\/noticias\/wp-content\/uploads\/2023\/05\/jose_01.jpg\" alt=\"\" width=\"1280\" height=\"720\" srcset=\"https:\/\/franciscanos.org.br\/noticias\/wp-content\/uploads\/2023\/05\/jose_01.jpg 1280w, https:\/\/franciscanos.org.br\/noticias\/wp-content\/uploads\/2023\/05\/jose_01-450x253.jpg 450w, https:\/\/franciscanos.org.br\/noticias\/wp-content\/uploads\/2023\/05\/jose_01-1024x576.jpg 1024w, https:\/\/franciscanos.org.br\/noticias\/wp-content\/uploads\/2023\/05\/jose_01-768x432.jpg 768w, https:\/\/franciscanos.org.br\/noticias\/wp-content\/uploads\/2023\/05\/jose_01-150x84.jpg 150w\" sizes=\"(max-width: 1280px) 100vw, 1280px\" \/><\/p>\n","protected":false},"excerpt":{"rendered":"<p>Santu\u00e1rio Frei Galv\u00e3o<\/p>\n","protected":false},"author":3,"featured_media":243121,"comment_status":"open","ping_status":"open","sticky":false,"template":"","format":"standard","meta":[],"categories":[1],"tags":[1821],"acf":[],"yoast_head":"<!-- This site is optimized with the Yoast SEO plugin v19.2 - https:\/\/yoast.com\/wordpress\/plugins\/seo\/ -->\n<title>Festa de S\u00e3o Jos\u00e9 e do Sertanejo no Santu\u00e1rio Frei Galv\u00e3o - Not\u00edcias - Franciscanos<\/title>\n<meta name=\"robots\" content=\"index, follow, max-snippet:-1, max-image-preview:large, max-video-preview:-1\" \/>\n<link rel=\"canonical\" href=\"https:\/\/franciscanos.org.br\/noticias\/festa-de-sao-jose-e-do-sertanejo-no-santuario-frei-galvao.html\" \/>\n<meta property=\"og:locale\" content=\"pt_BR\" \/>\n<meta property=\"og:type\" content=\"article\" \/>\n<meta property=\"og:title\" content=\"Festa de S\u00e3o Jos\u00e9 e do Sertanejo no Santu\u00e1rio Frei Galv\u00e3o - Not\u00edcias - Franciscanos\" \/>\n<meta property=\"og:description\" content=\"Santu\u00e1rio Frei Galv\u00e3o\" \/>\n<meta property=\"og:url\" content=\"https:\/\/franciscanos.org.br\/noticias\/festa-de-sao-jose-e-do-sertanejo-no-santuario-frei-galvao.html\" \/>\n<meta property=\"og:site_name\" content=\"Not\u00edcias - Franciscanos\" \/>\n<meta property=\"article:published_time\" content=\"2023-05-04T12:23:50+00:00\" \/>\n<meta property=\"og:image\" content=\"https:\/\/franciscanos.org.br\/noticias\/wp-content\/uploads\/2023\/05\/jose_03.jpg\" \/>\n\t<meta property=\"og:image:width\" content=\"1280\" \/>\n\t<meta property=\"og:image:height\" content=\"720\" \/>\n\t<meta property=\"og:image:type\" content=\"image\/jpeg\" \/>\n<meta name=\"author\" content=\"moacir\" \/>\n<meta name=\"twitter:card\" content=\"summary_large_image\" \/>\n<meta name=\"twitter:label1\" content=\"Escrito por\" \/>\n\t<meta name=\"twitter:data1\" content=\"moacir\" \/>\n\t<meta name=\"twitter:label2\" content=\"Est. tempo de leitura\" \/>\n\t<meta name=\"twitter:data2\" content=\"3 minutos\" \/>\n<script type=\"application\/ld+json\" class=\"yoast-schema-graph\">{\"@context\":\"https:\/\/schema.org\",\"@graph\":[{\"@type\":\"WebSite\",\"@id\":\"https:\/\/franciscanos.org.br\/noticias\/#website\",\"url\":\"https:\/\/franciscanos.org.br\/noticias\/\",\"name\":\"Not\u00edcias - Franciscanos\",\"description\":\"Prov\u00edncia Franciscana da Imaculada Concei\u00e7\u00e3o do Brasil - Ordem dos Frades Menores - OFM\",\"potentialAction\":[{\"@type\":\"SearchAction\",\"target\":{\"@type\":\"EntryPoint\",\"urlTemplate\":\"https:\/\/franciscanos.org.br\/noticias\/?s={search_term_string}\"},\"query-input\":\"required name=search_term_string\"}],\"inLanguage\":\"pt-BR\"},{\"@type\":\"ImageObject\",\"inLanguage\":\"pt-BR\",\"@id\":\"https:\/\/franciscanos.org.br\/noticias\/festa-de-sao-jose-e-do-sertanejo-no-santuario-frei-galvao.html#primaryimage\",\"url\":\"https:\/\/franciscanos.org.br\/noticias\/wp-content\/uploads\/2023\/05\/jose_03.jpg\",\"contentUrl\":\"https:\/\/franciscanos.org.br\/noticias\/wp-content\/uploads\/2023\/05\/jose_03.jpg\",\"width\":1280,\"height\":720},{\"@type\":\"WebPage\",\"@id\":\"https:\/\/franciscanos.org.br\/noticias\/festa-de-sao-jose-e-do-sertanejo-no-santuario-frei-galvao.html#webpage\",\"url\":\"https:\/\/franciscanos.org.br\/noticias\/festa-de-sao-jose-e-do-sertanejo-no-santuario-frei-galvao.html\",\"name\":\"Festa de S\u00e3o Jos\u00e9 e do Sertanejo no Santu\u00e1rio Frei Galv\u00e3o - Not\u00edcias - Franciscanos\",\"isPartOf\":{\"@id\":\"https:\/\/franciscanos.org.br\/noticias\/#website\"},\"primaryImageOfPage\":{\"@id\":\"https:\/\/franciscanos.org.br\/noticias\/festa-de-sao-jose-e-do-sertanejo-no-santuario-frei-galvao.html#primaryimage\"},\"datePublished\":\"2023-05-04T12:23:50+00:00\",\"dateModified\":\"2023-05-04T12:23:50+00:00\",\"author\":{\"@id\":\"https:\/\/franciscanos.org.br\/noticias\/#\/schema\/person\/b5c8cba458c330ccff548b056e95a5d4\"},\"breadcrumb\":{\"@id\":\"https:\/\/franciscanos.org.br\/noticias\/festa-de-sao-jose-e-do-sertanejo-no-santuario-frei-galvao.html#breadcrumb\"},\"inLanguage\":\"pt-BR\",\"potentialAction\":[{\"@type\":\"ReadAction\",\"target\":[\"https:\/\/franciscanos.org.br\/noticias\/festa-de-sao-jose-e-do-sertanejo-no-santuario-frei-galvao.html\"]}]},{\"@type\":\"BreadcrumbList\",\"@id\":\"https:\/\/franciscanos.org.br\/noticias\/festa-de-sao-jose-e-do-sertanejo-no-santuario-frei-galvao.html#breadcrumb\",\"itemListElement\":[{\"@type\":\"ListItem\",\"position\":1,\"name\":\"Home\",\"item\":\"https:\/\/franciscanos.org.br\/noticias\"},{\"@type\":\"ListItem\",\"position\":2,\"name\":\"Festa de S\u00e3o Jos\u00e9 e do Sertanejo no Santu\u00e1rio Frei Galv\u00e3o\"}]},{\"@type\":\"Person\",\"@id\":\"https:\/\/franciscanos.org.br\/noticias\/#\/schema\/person\/b5c8cba458c330ccff548b056e95a5d4\",\"name\":\"moacir\",\"image\":{\"@type\":\"ImageObject\",\"inLanguage\":\"pt-BR\",\"@id\":\"https:\/\/franciscanos.org.br\/noticias\/#\/schema\/person\/image\/\",\"url\":\"https:\/\/secure.gravatar.com\/avatar\/d08aa2ce4c8dd416d4479aa8536fcf64?s=96&d=mm&r=g\",\"contentUrl\":\"https:\/\/secure.gravatar.com\/avatar\/d08aa2ce4c8dd416d4479aa8536fcf64?s=96&d=mm&r=g\",\"caption\":\"moacir\"},\"url\":\"https:\/\/franciscanos.org.br\/noticias\/author\/moacir\"}]}<\/script>\n<!-- \/ Yoast SEO plugin. -->","yoast_head_json":{"title":"Festa de S\u00e3o Jos\u00e9 e do Sertanejo no Santu\u00e1rio Frei Galv\u00e3o - Not\u00edcias - Franciscanos","robots":{"index":"index","follow":"follow","max-snippet":"max-snippet:-1","max-image-preview":"max-image-preview:large","max-video-preview":"max-video-preview:-1"},"canonical":"https:\/\/franciscanos.org.br\/noticias\/festa-de-sao-jose-e-do-sertanejo-no-santuario-frei-galvao.html","og_locale":"pt_BR","og_type":"article","og_title":"Festa de S\u00e3o Jos\u00e9 e do Sertanejo no Santu\u00e1rio Frei Galv\u00e3o - Not\u00edcias - Franciscanos","og_description":"Santu\u00e1rio Frei Galv\u00e3o","og_url":"https:\/\/franciscanos.org.br\/noticias\/festa-de-sao-jose-e-do-sertanejo-no-santuario-frei-galvao.html","og_site_name":"Not\u00edcias - Franciscanos","article_published_time":"2023-05-04T12:23:50+00:00","og_image":[{"width":1280,"height":720,"url":"https:\/\/franciscanos.org.br\/noticias\/wp-content\/uploads\/2023\/05\/jose_03.jpg","type":"image\/jpeg"}],"author":"moacir","twitter_card":"summary_large_image","twitter_misc":{"Escrito por":"moacir","Est. tempo de leitura":"3 minutos"},"schema":{"@context":"https:\/\/schema.org","@graph":[{"@type":"WebSite","@id":"https:\/\/franciscanos.org.br\/noticias\/#website","url":"https:\/\/franciscanos.org.br\/noticias\/","name":"Not\u00edcias - Franciscanos","description":"Prov\u00edncia Franciscana da Imaculada Concei\u00e7\u00e3o do Brasil - Ordem dos Frades Menores - OFM","potentialAction":[{"@type":"SearchAction","target":{"@type":"EntryPoint","urlTemplate":"https:\/\/franciscanos.org.br\/noticias\/?s={search_term_string}"},"query-input":"required name=search_term_string"}],"inLanguage":"pt-BR"},{"@type":"ImageObject","inLanguage":"pt-BR","@id":"https:\/\/franciscanos.org.br\/noticias\/festa-de-sao-jose-e-do-sertanejo-no-santuario-frei-galvao.html#primaryimage","url":"https:\/\/franciscanos.org.br\/noticias\/wp-content\/uploads\/2023\/05\/jose_03.jpg","contentUrl":"https:\/\/franciscanos.org.br\/noticias\/wp-content\/uploads\/2023\/05\/jose_03.jpg","width":1280,"height":720},{"@type":"WebPage","@id":"https:\/\/franciscanos.org.br\/noticias\/festa-de-sao-jose-e-do-sertanejo-no-santuario-frei-galvao.html#webpage","url":"https:\/\/franciscanos.org.br\/noticias\/festa-de-sao-jose-e-do-sertanejo-no-santuario-frei-galvao.html","name":"Festa de S\u00e3o Jos\u00e9 e do Sertanejo no Santu\u00e1rio Frei Galv\u00e3o - Not\u00edcias - Franciscanos","isPartOf":{"@id":"https:\/\/franciscanos.org.br\/noticias\/#website"},"primaryImageOfPage":{"@id":"https:\/\/franciscanos.org.br\/noticias\/festa-de-sao-jose-e-do-sertanejo-no-santuario-frei-galvao.html#primaryimage"},"datePublished":"2023-05-04T12:23:50+00:00","dateModified":"2023-05-04T12:23:50+00:00","author":{"@id":"https:\/\/franciscanos.org.br\/noticias\/#\/schema\/person\/b5c8cba458c330ccff548b056e95a5d4"},"breadcrumb":{"@id":"https:\/\/franciscanos.org.br\/noticias\/festa-de-sao-jose-e-do-sertanejo-no-santuario-frei-galvao.html#breadcrumb"},"inLanguage":"pt-BR","potentialAction":[{"@type":"ReadAction","target":["https:\/\/franciscanos.org.br\/noticias\/festa-de-sao-jose-e-do-sertanejo-no-santuario-frei-galvao.html"]}]},{"@type":"BreadcrumbList","@id":"https:\/\/franciscanos.org.br\/noticias\/festa-de-sao-jose-e-do-sertanejo-no-santuario-frei-galvao.html#breadcrumb","itemListElement":[{"@type":"ListItem","position":1,"name":"Home","item":"https:\/\/franciscanos.org.br\/noticias"},{"@type":"ListItem","position":2,"name":"Festa de S\u00e3o Jos\u00e9 e do Sertanejo no Santu\u00e1rio Frei Galv\u00e3o"}]},{"@type":"Person","@id":"https:\/\/franciscanos.org.br\/noticias\/#\/schema\/person\/b5c8cba458c330ccff548b056e95a5d4","name":"moacir","image":{"@type":"ImageObject","inLanguage":"pt-BR","@id":"https:\/\/franciscanos.org.br\/noticias\/#\/schema\/person\/image\/","url":"https:\/\/secure.gravatar.com\/avatar\/d08aa2ce4c8dd416d4479aa8536fcf64?s=96&d=mm&r=g","contentUrl":"https:\/\/secure.gravatar.com\/avatar\/d08aa2ce4c8dd416d4479aa8536fcf64?s=96&d=mm&r=g","caption":"moacir"},"url":"https:\/\/franciscanos.org.br\/noticias\/author\/moacir"}]}},"_links":{"self":[{"href":"https:\/\/franciscanos.org.br\/noticias\/wp-json\/wp\/v2\/posts\/243120"}],"collection":[{"href":"https:\/\/franciscanos.org.br\/noticias\/wp-json\/wp\/v2\/posts"}],"about":[{"href":"https:\/\/franciscanos.org.br\/noticias\/wp-json\/wp\/v2\/types\/post"}],"author":[{"embeddable":true,"href":"https:\/\/franciscanos.org.br\/noticias\/wp-json\/wp\/v2\/users\/3"}],"replies":[{"embeddable":true,"href":"https:\/\/franciscanos.org.br\/noticias\/wp-json\/wp\/v2\/comments?post=243120"}],"version-history":[{"count":1,"href":"https:\/\/franciscanos.org.br\/noticias\/wp-json\/wp\/v2\/posts\/243120\/revisions"}],"predecessor-version":[{"id":243127,"href":"https:\/\/franciscanos.org.br\/noticias\/wp-json\/wp\/v2\/posts\/243120\/revisions\/243127"}],"wp:featuredmedia":[{"embeddable":true,"href":"https:\/\/franciscanos.org.br\/noticias\/wp-json\/wp\/v2\/media\/243121"}],"wp:attachment":[{"href":"https:\/\/franciscanos.org.br\/noticias\/wp-json\/wp\/v2\/media?parent=243120"}],"wp:term":[{"taxonomy":"category","embeddable":true,"href":"https:\/\/franciscanos.org.br\/noticias\/wp-json\/wp\/v2\/categories?post=243120"},{"taxonomy":"post_tag","embeddable":true,"href":"https:\/\/franciscanos.org.br\/noticias\/wp-json\/wp\/v2\/tags?post=243120"}],"curies":[{"name":"wp","href":"https:\/\/api.w.org\/{rel}","templated":true}]}}