{"id":243109,"date":"2023-05-15T09:06:41","date_gmt":"2023-05-15T12:06:41","guid":{"rendered":"https:\/\/franciscanos.org.br\/noticias\/?p=243109"},"modified":"2023-05-16T05:59:20","modified_gmt":"2023-05-16T08:59:20","slug":"frei-gabriel-dellandrea-sera-ordenado-presbitero-no-dia-20","status":"publish","type":"post","link":"https:\/\/franciscanos.org.br\/noticias\/frei-gabriel-dellandrea-sera-ordenado-presbitero-no-dia-20.html","title":{"rendered":"Frei Gabriel Dellandrea ser\u00e1 ordenado presb\u00edtero no dia 20"},"content":{"rendered":"<p><img loading=\"lazy\" src=\"https:\/\/franciscanos.org.br\/noticias\/wp-content\/uploads\/2023\/05\/Gabriel-1280.jpg\" alt=\"\" width=\"1280\" height=\"720\" \/><\/p>\n<h2><strong>\u201cQuero continuar anunciando o amor que um dia me atingiu\u201d<\/strong><\/h2>\n<p><em>Frei Gabriel Dellandrea ser\u00e1 ordenado presb\u00edtero pelo bispo diocesano de Rio do Sul (SC), Dom On\u00e9cimo Alberton, no dia 20 de maio, \u00e0s 16 horas, na Igreja S\u00e3o Virg\u00edlio do Rodeio 50, em Rodeio e a Primeira Missa ele vai presidir no domingo, 21 de maio, \u00e0s 10 horas, na Igreja Matriz S\u00e3o Francisco de Assis de Rodeio.<\/em><\/p>\n<p><em>\u201cConcedei, meu Deus, que eu vos conhe\u00e7a muito, para poder agir sempre segundo os vossos ensinamentos e de acordo com a vossa Sant\u00edssima Vontade\u201d. A ora\u00e7\u00e3o de S\u00e3o Francisco de Assis foi escolhida como lema para a sua ordena\u00e7\u00e3o.<\/em><\/p>\n<p><em>Frei Gabriel \u00e9 natural de Timb\u00f3 (SC), onde nasceu no dia 7 de outubro de 1994, por\u00e9m a fam\u00edlia sempre morou em Rodeio (SC). Em 2009, ingressou no Semin\u00e1rio Santo Ant\u00f4nio de Agudos (SP) e vestiu o h\u00e1bito franciscano em janeiro de 2013, em Rodeio (SC), onde fez a primeira profiss\u00e3o em 3 de janeiro de 2014. Concluiu o curso de Filosofia em 2016. Fez o Ano Mission\u00e1rio em 2017 e concluiu o curso de Teologia em 2021. Professou na Ordem dos Frades Menores no dia 8 de setembro de 2019. Foi ordenado di\u00e1cono no dia 30 de julho de 2022. Atualmente reside no Convento S\u00e3o Francisco e \u00e9 animador do Servi\u00e7o Vocacional da Prov\u00edncia (SAV), juntamente com o trabalho com as juventudes e o PVF. Frei Gabriel \u00e9 irm\u00e3o de Frei Daniel Dellandrea.<\/em><\/p>\n<p><strong>Conhe\u00e7a um pouco mais Frei Gabriel nesta entrevista a Moacir Beggo.<\/strong><\/p>\n<p><strong>Site Franciscanos<\/strong> <em>\u2013 Fale um pouco da hist\u00f3ria de sua voca\u00e7\u00e3o.<\/em><\/p>\n<p><strong>Frei Gabriel<\/strong> \u2013 \u00c9 uma tarefa injusta falar sobre a nossa hist\u00f3ria. Injusto, pois n\u00f3s sempre acabamos lembrando dos grandes momentos de nossas vidas, mas a verdade mesmo e o que teve mais sentido foi o cotidiano, o ordin\u00e1rio. E isso n\u00e3o d\u00e1 para verbalizar, \u00e9 o infinito particular. \u00c9 claro que os dias especiais, com as datas importantes, sempre foram marcantes. Mas ao revisar minha voca\u00e7\u00e3o gosto de lembrar do dia a dia. Das tardes de miss\u00e3o, das lou\u00e7as lavadas em fraternidade, do cozinhar com os confrades, dos momentos de ora\u00e7\u00e3o silenciosa, das conversas com os irm\u00e3os, dos cafezinhos, das forma\u00e7\u00f5es. Estes momentos t\u00eam validade tanto quanto o dia da Ordena\u00e7\u00e3o Presbiteral de meu irm\u00e3o, em 2008, onde vi os frades reunidos e senti forte em meu cora\u00e7\u00e3o que as coisas mudariam a partir dali. Depois dessa data ingressei no processo formativo, em 2009, em Agudos. O Ensino M\u00e9dio foi o tempo de no cotidiano perceber que o carisma franciscano era uma resposta cada vez mais ardente em mim.<\/p>\n<p>O caminho foi sendo percorrido com o tempo do postulantado e do noviciado. Nestas ocasi\u00f5es, eu me encantei ainda mais com o carisma franciscano atrav\u00e9s dos estudos e da conviv\u00eancia. Os frades daqueles per\u00edodos foram mestres de acompanhamento, entusiasmo, sonho e realidade. Muitos me ensinaram a fazer velas e a perdoar, me mostraram o caminho dos estudos e da busca por me conhecer, me superar.<\/p>\n<p>O tempo da Profiss\u00e3o Tempor\u00e1ria foi intenso. As novidades, os primeiros passos na vida religiosa franciscana, os encantos e a intensa vida fraterna foram presentes de Deus. A crise me veio com a d\u00favida: ser\u00e1 que sou capaz? Por vezes pensei que n\u00e3o era. Meus limites, minhas imaturidades\u2026 mas os confrades me ajudaram muito a entender o caminho. O estudo, a ora\u00e7\u00e3o, a atividade apost\u00f3lica me mostrou que o Senhor capacita. Com as crises pr\u00f3prias da idade, todos os mestres da forma\u00e7\u00e3o inicial, os colegas de turma, os amigos me deram indicativos de como superar os questionamentos e transform\u00e1-los em perguntas melhores para ir cada vez mais.<\/p>\n<p>O tempo do Ano Mission\u00e1rio na anima\u00e7\u00e3o vocacional redobrou o vigor. Com isso, a ocasi\u00e3o da Profiss\u00e3o Solene foi o recolhimento de toda essa hist\u00f3ria, assumindo com um sim o \u201cn\u00e3o contentar-se de contente, \u00e9 cuidar que se ganha em se perder, \u00e9 estar-se preso por vontade, \u00e9 servir a quem vence, o vencedor\u201d, como expressa Cam\u00f5es.<\/p>\n<p>Por fim, este per\u00edodo da viv\u00eancia da Forma\u00e7\u00e3o Permanente tem uma sanha de querer servir cada vez mais. No confronto com meus limites, vejo a vida franciscana como a resposta para as minhas inquieta\u00e7\u00f5es. Cada dia, a busca de convers\u00e3o. Em Cristo encontro minha resposta de humanidade!<\/p>\n<p><strong>Site Franciscanos<\/strong> <em>\u2013 O seu irm\u00e3o Daniel te influenciou nesta decis\u00e3o?<\/em><\/p>\n<p><strong>Frei Gabriel<\/strong> \u2013 Com toda certeza. A sua influ\u00eancia foi justamente mantendo a dist\u00e2ncia necess\u00e1ria para que eu fizesse a minha caminhada. Por\u00e9m, eu sabia que em tudo ele estava l\u00e1, apoiando. O Daniel \u00e9 muito centrado, bem intencionado no que faz, correto. N\u00e3o poderia ter sido diferente. N\u00f3s moramos juntos, pela primeira vez na vida, na mesma casa, quando eu entrei em Agudos. L\u00e1 ele soube me ajudar, mas garantindo que eu fizesse a minha caminhada. E at\u00e9 hoje \u00e9 assim: ambos temos o mesmo desejo de seguir a Cristo ao modo de S\u00e3o Francisco, compartilhamos os sonhos um ao outro, tendo clareza que cada um tem a sua resposta, o seu tempo, as suas escolhas. \u00c9 uma grande gra\u00e7a, um grande presente, um grande dom ter um irm\u00e3o de sangue e de Ordem!<\/p>\n<p><strong>Site Franciscanos<\/strong> <em>\u2013 O que significa para voc\u00ea a ordena\u00e7\u00e3o presbiteral?<\/em><\/p>\n<p><strong>Frei Gabriel<\/strong> \u2013 Servi\u00e7o. Num tempo fiquei meio frustrado porque todo mundo tinha carteira de trabalho e eu n\u00e3o. Ao ser eleito para este trabalho, sei que minha carteira ser\u00e1 assinada para continuar a servir a Igreja, agora, nesta miss\u00e3o. Tenho consci\u00eancia dos meus limites, mas sei que o apoio de Deus, dos confrades e do povo ser\u00e1 meu amparo. Quero continuar anunciando o amor que um dia me atingiu, para que eu possa lev\u00e1-lo a outros cora\u00e7\u00f5es, atrav\u00e9s daquilo que compete a um presb\u00edtero. Fa\u00e7o minhas as palavras do grande Ariano Suassuna: \u201cComo sou pouco e sei pouco, fa\u00e7o o pouco que me cabe, me doando por inteiro\u201d.<\/p>\n<p><strong>Site Franciscanos<\/strong> <em>\u2013 Como est\u00e1 a expectativa na fam\u00edlia e na cidade?<\/em><\/p>\n<p><strong>Frei Gabriel<\/strong> \u2013 Somos uma fam\u00edlia muito unida. As f\u00e9rias s\u00e3o sempre uma ocasi\u00e3o de encontro, partilha de vida, dias intensos. Al\u00e9m disso, sempre estivemos juntos, \u00e0 medida do poss\u00edvel, nos momentos de necessidade, crise\u2026 isso atrav\u00e9s dos conselhos um para o outro, das ora\u00e7\u00f5es\u2026 e agora estaremos juntos nesta ocasi\u00e3o que me conferir\u00e1 este minist\u00e9rio. Este ano tamb\u00e9m vivemos a chegada de mais uma sobrinha, a Anita, que com a Clara v\u00eam somar nossas alegrias. Em Rodeio h\u00e1 um clima alegre, depois da tormenta das enchentes. O povo est\u00e1 animado porque vamos aproveitar a ocasi\u00e3o para fazer uma miss\u00e3o na cidade, levando esperan\u00e7a depois da tempestade. Al\u00e9m disso, ser\u00e1 ocasi\u00e3o de revisitar junto com o povo a import\u00e2ncia de cada \u201csim\u201d, de cada pessoa, de cada lideran\u00e7a da par\u00f3quia!<\/p>\n<p><strong>Site Franciscanos<\/strong> <em>\u2013 Em meio a tantos apelos da sociedade moderna, o que leva um jovem como voc\u00ea a atender ao pedido de Jesus: \u201cVem e segue-me\u201d?<\/em><\/p>\n<p><strong>Frei Gabriel<\/strong> \u2013 O fil\u00f3sofo Nietzsche critica o cristianismo, at\u00e9 onde eu entendi, nos acusando de invertermos os valores mais radicalmente humanos. De que os crist\u00e3os subverteram o sentido da vida e s\u00e3o negadores dela. Colocamos um ideal e temos que alcan\u00e7\u00e1-lo. Por isso, muitos se frustram e tal. Bem, eu vejo que Cristo, na verdade, ao me convidar, me ajuda a ser ainda mais humano. Sem d\u00favida, ao atender o pedido de Jesus eu n\u00e3o aniquilo o meu eu, mas encontro a raz\u00e3o pela qual quero ser! Obviamente, atingir o Cristo n\u00e3o \u00e9 um trabalho acabado agora, mas \u201cCa\u00e7ador de Mim\u201d busco-O.<\/p>\n<p><strong>Site Franciscanos<\/strong> <em>\u2013 Deixe uma mensagem para os jovens que s\u00e3o vocacionados \u00e0 vida religiosa franciscana?<\/em><\/p>\n<p><strong>Frei Gabriel<\/strong> \u2013 Acredito que ao longo da nossa caminhada, devemos observar o dia a dia como fonte de aprendizado. Um bom exemplo de um irm\u00e3o, um conselho de um amigo, um trecho da Palavra, uma hist\u00f3ria de Francisco, um conv\u00edvio com os que est\u00e3o pr\u00f3ximos a n\u00f3s em nossas atividades apost\u00f3licas sempre s\u00e3o fonte de reflex\u00e3o, sabedoria\u2026 al\u00e9m disso, se eu pudesse indicar, sugeriria que possamos repetir em nossos cora\u00e7\u00f5es a ora\u00e7\u00e3o diante do Crucifixo de S\u00e3o Dami\u00e3o, feita por Francisco, e que utilizei como lema para esta ocasi\u00e3o, pois sempre me marcou muito por sua singeleza, simplicidade e entusiasmo: \u201cGrande e magn\u00edfico Deus, meu Senhor Jesus Cristo, iluminai o meu esp\u00edrito e dissipai as trevas da minha alma. Dai-me uma f\u00e9 reta, uma esperan\u00e7a certa \u00e9 uma caridade perfeita. Concedei meu Deus, que eu vos conhe\u00e7a muito, para poder agir sempre segundo os vossos ensinamentos e de acordo com a vossa Sant\u00edssima Vontade\u201d.<\/p>\n<p>P.S.: pe\u00e7o que este trecho permane\u00e7a: agrade\u00e7o a todos os colaboradores da Prov\u00edncia. Inclusive ao Moacir Beggo. Em 2009, no Cap\u00edtulo das Esteiras, ele me deu valiosas dicas de escrita. Ainda n\u00e3o aprendi tudo, mas ele agu\u00e7ou meu desejo de acertar mais nas palavras. Com certeza ele e os demais sempre nos s\u00e3o ocasi\u00e3o de aprendizado!<\/p>\n<p><img loading=\"lazy\" src=\"https:\/\/franciscanos.org.br\/noticias\/wp-content\/uploads\/2023\/05\/Gabriel-1280-convite.jpg\" alt=\"\" width=\"1280\" height=\"800\" \/><\/p>\n","protected":false},"excerpt":{"rendered":"<p>Entrevista<\/p>\n","protected":false},"author":7,"featured_media":243112,"comment_status":"open","ping_status":"open","sticky":false,"template":"","format":"standard","meta":[],"categories":[758,1],"tags":[2134],"acf":[],"yoast_head":"<!-- This site is optimized with the Yoast SEO plugin v19.2 - https:\/\/yoast.com\/wordpress\/plugins\/seo\/ -->\n<title>Frei Gabriel Dellandrea ser\u00e1 ordenado presb\u00edtero no dia 20 - Not\u00edcias - Franciscanos<\/title>\n<meta name=\"robots\" content=\"index, follow, max-snippet:-1, max-image-preview:large, max-video-preview:-1\" \/>\n<link rel=\"canonical\" href=\"https:\/\/franciscanos.org.br\/noticias\/frei-gabriel-dellandrea-sera-ordenado-presbitero-no-dia-20.html\" \/>\n<meta property=\"og:locale\" content=\"pt_BR\" \/>\n<meta property=\"og:type\" content=\"article\" \/>\n<meta property=\"og:title\" content=\"Frei Gabriel Dellandrea ser\u00e1 ordenado presb\u00edtero no dia 20 - Not\u00edcias - Franciscanos\" \/>\n<meta property=\"og:description\" content=\"Entrevista\" \/>\n<meta property=\"og:url\" content=\"https:\/\/franciscanos.org.br\/noticias\/frei-gabriel-dellandrea-sera-ordenado-presbitero-no-dia-20.html\" \/>\n<meta property=\"og:site_name\" content=\"Not\u00edcias - Franciscanos\" \/>\n<meta property=\"article:published_time\" content=\"2023-05-15T12:06:41+00:00\" \/>\n<meta property=\"article:modified_time\" content=\"2023-05-16T08:59:20+00:00\" \/>\n<meta property=\"og:image\" content=\"https:\/\/franciscanos.org.br\/noticias\/wp-content\/uploads\/2023\/05\/Gabriel-800.jpg\" \/>\n\t<meta property=\"og:image:width\" content=\"800\" \/>\n\t<meta property=\"og:image:height\" content=\"550\" \/>\n\t<meta property=\"og:image:type\" content=\"image\/jpeg\" \/>\n<meta name=\"author\" content=\"jovenal\" \/>\n<meta name=\"twitter:card\" content=\"summary_large_image\" \/>\n<meta name=\"twitter:label1\" content=\"Escrito por\" \/>\n\t<meta name=\"twitter:data1\" content=\"jovenal\" \/>\n\t<meta name=\"twitter:label2\" content=\"Est. tempo de leitura\" \/>\n\t<meta name=\"twitter:data2\" content=\"8 minutos\" \/>\n<script type=\"application\/ld+json\" class=\"yoast-schema-graph\">{\"@context\":\"https:\/\/schema.org\",\"@graph\":[{\"@type\":\"WebSite\",\"@id\":\"https:\/\/franciscanos.org.br\/noticias\/#website\",\"url\":\"https:\/\/franciscanos.org.br\/noticias\/\",\"name\":\"Not\u00edcias - Franciscanos\",\"description\":\"Prov\u00edncia Franciscana da Imaculada Concei\u00e7\u00e3o do Brasil - Ordem dos Frades Menores - OFM\",\"potentialAction\":[{\"@type\":\"SearchAction\",\"target\":{\"@type\":\"EntryPoint\",\"urlTemplate\":\"https:\/\/franciscanos.org.br\/noticias\/?s={search_term_string}\"},\"query-input\":\"required name=search_term_string\"}],\"inLanguage\":\"pt-BR\"},{\"@type\":\"ImageObject\",\"inLanguage\":\"pt-BR\",\"@id\":\"https:\/\/franciscanos.org.br\/noticias\/frei-gabriel-dellandrea-sera-ordenado-presbitero-no-dia-20.html#primaryimage\",\"url\":\"https:\/\/franciscanos.org.br\/noticias\/wp-content\/uploads\/2023\/05\/Gabriel-800.jpg\",\"contentUrl\":\"https:\/\/franciscanos.org.br\/noticias\/wp-content\/uploads\/2023\/05\/Gabriel-800.jpg\",\"width\":800,\"height\":550},{\"@type\":\"WebPage\",\"@id\":\"https:\/\/franciscanos.org.br\/noticias\/frei-gabriel-dellandrea-sera-ordenado-presbitero-no-dia-20.html#webpage\",\"url\":\"https:\/\/franciscanos.org.br\/noticias\/frei-gabriel-dellandrea-sera-ordenado-presbitero-no-dia-20.html\",\"name\":\"Frei Gabriel Dellandrea ser\u00e1 ordenado presb\u00edtero no dia 20 - Not\u00edcias - Franciscanos\",\"isPartOf\":{\"@id\":\"https:\/\/franciscanos.org.br\/noticias\/#website\"},\"primaryImageOfPage\":{\"@id\":\"https:\/\/franciscanos.org.br\/noticias\/frei-gabriel-dellandrea-sera-ordenado-presbitero-no-dia-20.html#primaryimage\"},\"datePublished\":\"2023-05-15T12:06:41+00:00\",\"dateModified\":\"2023-05-16T08:59:20+00:00\",\"author\":{\"@id\":\"https:\/\/franciscanos.org.br\/noticias\/#\/schema\/person\/c3a26b08313dd1772495ce300ab257cc\"},\"breadcrumb\":{\"@id\":\"https:\/\/franciscanos.org.br\/noticias\/frei-gabriel-dellandrea-sera-ordenado-presbitero-no-dia-20.html#breadcrumb\"},\"inLanguage\":\"pt-BR\",\"potentialAction\":[{\"@type\":\"ReadAction\",\"target\":[\"https:\/\/franciscanos.org.br\/noticias\/frei-gabriel-dellandrea-sera-ordenado-presbitero-no-dia-20.html\"]}]},{\"@type\":\"BreadcrumbList\",\"@id\":\"https:\/\/franciscanos.org.br\/noticias\/frei-gabriel-dellandrea-sera-ordenado-presbitero-no-dia-20.html#breadcrumb\",\"itemListElement\":[{\"@type\":\"ListItem\",\"position\":1,\"name\":\"Home\",\"item\":\"https:\/\/franciscanos.org.br\/noticias\"},{\"@type\":\"ListItem\",\"position\":2,\"name\":\"Frei Gabriel Dellandrea ser\u00e1 ordenado presb\u00edtero no dia 20\"}]},{\"@type\":\"Person\",\"@id\":\"https:\/\/franciscanos.org.br\/noticias\/#\/schema\/person\/c3a26b08313dd1772495ce300ab257cc\",\"name\":\"jovenal\",\"image\":{\"@type\":\"ImageObject\",\"inLanguage\":\"pt-BR\",\"@id\":\"https:\/\/franciscanos.org.br\/noticias\/#\/schema\/person\/image\/\",\"url\":\"https:\/\/secure.gravatar.com\/avatar\/e94509f531086e2eaf97e72f29ea00f9?s=96&d=mm&r=g\",\"contentUrl\":\"https:\/\/secure.gravatar.com\/avatar\/e94509f531086e2eaf97e72f29ea00f9?s=96&d=mm&r=g\",\"caption\":\"jovenal\"},\"url\":\"https:\/\/franciscanos.org.br\/noticias\/author\/jovenal\"}]}<\/script>\n<!-- \/ Yoast SEO plugin. -->","yoast_head_json":{"title":"Frei Gabriel Dellandrea ser\u00e1 ordenado presb\u00edtero no dia 20 - Not\u00edcias - Franciscanos","robots":{"index":"index","follow":"follow","max-snippet":"max-snippet:-1","max-image-preview":"max-image-preview:large","max-video-preview":"max-video-preview:-1"},"canonical":"https:\/\/franciscanos.org.br\/noticias\/frei-gabriel-dellandrea-sera-ordenado-presbitero-no-dia-20.html","og_locale":"pt_BR","og_type":"article","og_title":"Frei Gabriel Dellandrea ser\u00e1 ordenado presb\u00edtero no dia 20 - Not\u00edcias - Franciscanos","og_description":"Entrevista","og_url":"https:\/\/franciscanos.org.br\/noticias\/frei-gabriel-dellandrea-sera-ordenado-presbitero-no-dia-20.html","og_site_name":"Not\u00edcias - Franciscanos","article_published_time":"2023-05-15T12:06:41+00:00","article_modified_time":"2023-05-16T08:59:20+00:00","og_image":[{"width":800,"height":550,"url":"https:\/\/franciscanos.org.br\/noticias\/wp-content\/uploads\/2023\/05\/Gabriel-800.jpg","type":"image\/jpeg"}],"author":"jovenal","twitter_card":"summary_large_image","twitter_misc":{"Escrito por":"jovenal","Est. tempo de leitura":"8 minutos"},"schema":{"@context":"https:\/\/schema.org","@graph":[{"@type":"WebSite","@id":"https:\/\/franciscanos.org.br\/noticias\/#website","url":"https:\/\/franciscanos.org.br\/noticias\/","name":"Not\u00edcias - Franciscanos","description":"Prov\u00edncia Franciscana da Imaculada Concei\u00e7\u00e3o do Brasil - Ordem dos Frades Menores - OFM","potentialAction":[{"@type":"SearchAction","target":{"@type":"EntryPoint","urlTemplate":"https:\/\/franciscanos.org.br\/noticias\/?s={search_term_string}"},"query-input":"required name=search_term_string"}],"inLanguage":"pt-BR"},{"@type":"ImageObject","inLanguage":"pt-BR","@id":"https:\/\/franciscanos.org.br\/noticias\/frei-gabriel-dellandrea-sera-ordenado-presbitero-no-dia-20.html#primaryimage","url":"https:\/\/franciscanos.org.br\/noticias\/wp-content\/uploads\/2023\/05\/Gabriel-800.jpg","contentUrl":"https:\/\/franciscanos.org.br\/noticias\/wp-content\/uploads\/2023\/05\/Gabriel-800.jpg","width":800,"height":550},{"@type":"WebPage","@id":"https:\/\/franciscanos.org.br\/noticias\/frei-gabriel-dellandrea-sera-ordenado-presbitero-no-dia-20.html#webpage","url":"https:\/\/franciscanos.org.br\/noticias\/frei-gabriel-dellandrea-sera-ordenado-presbitero-no-dia-20.html","name":"Frei Gabriel Dellandrea ser\u00e1 ordenado presb\u00edtero no dia 20 - Not\u00edcias - Franciscanos","isPartOf":{"@id":"https:\/\/franciscanos.org.br\/noticias\/#website"},"primaryImageOfPage":{"@id":"https:\/\/franciscanos.org.br\/noticias\/frei-gabriel-dellandrea-sera-ordenado-presbitero-no-dia-20.html#primaryimage"},"datePublished":"2023-05-15T12:06:41+00:00","dateModified":"2023-05-16T08:59:20+00:00","author":{"@id":"https:\/\/franciscanos.org.br\/noticias\/#\/schema\/person\/c3a26b08313dd1772495ce300ab257cc"},"breadcrumb":{"@id":"https:\/\/franciscanos.org.br\/noticias\/frei-gabriel-dellandrea-sera-ordenado-presbitero-no-dia-20.html#breadcrumb"},"inLanguage":"pt-BR","potentialAction":[{"@type":"ReadAction","target":["https:\/\/franciscanos.org.br\/noticias\/frei-gabriel-dellandrea-sera-ordenado-presbitero-no-dia-20.html"]}]},{"@type":"BreadcrumbList","@id":"https:\/\/franciscanos.org.br\/noticias\/frei-gabriel-dellandrea-sera-ordenado-presbitero-no-dia-20.html#breadcrumb","itemListElement":[{"@type":"ListItem","position":1,"name":"Home","item":"https:\/\/franciscanos.org.br\/noticias"},{"@type":"ListItem","position":2,"name":"Frei Gabriel Dellandrea ser\u00e1 ordenado presb\u00edtero no dia 20"}]},{"@type":"Person","@id":"https:\/\/franciscanos.org.br\/noticias\/#\/schema\/person\/c3a26b08313dd1772495ce300ab257cc","name":"jovenal","image":{"@type":"ImageObject","inLanguage":"pt-BR","@id":"https:\/\/franciscanos.org.br\/noticias\/#\/schema\/person\/image\/","url":"https:\/\/secure.gravatar.com\/avatar\/e94509f531086e2eaf97e72f29ea00f9?s=96&d=mm&r=g","contentUrl":"https:\/\/secure.gravatar.com\/avatar\/e94509f531086e2eaf97e72f29ea00f9?s=96&d=mm&r=g","caption":"jovenal"},"url":"https:\/\/franciscanos.org.br\/noticias\/author\/jovenal"}]}},"_links":{"self":[{"href":"https:\/\/franciscanos.org.br\/noticias\/wp-json\/wp\/v2\/posts\/243109"}],"collection":[{"href":"https:\/\/franciscanos.org.br\/noticias\/wp-json\/wp\/v2\/posts"}],"about":[{"href":"https:\/\/franciscanos.org.br\/noticias\/wp-json\/wp\/v2\/types\/post"}],"author":[{"embeddable":true,"href":"https:\/\/franciscanos.org.br\/noticias\/wp-json\/wp\/v2\/users\/7"}],"replies":[{"embeddable":true,"href":"https:\/\/franciscanos.org.br\/noticias\/wp-json\/wp\/v2\/comments?post=243109"}],"version-history":[{"count":3,"href":"https:\/\/franciscanos.org.br\/noticias\/wp-json\/wp\/v2\/posts\/243109\/revisions"}],"predecessor-version":[{"id":243136,"href":"https:\/\/franciscanos.org.br\/noticias\/wp-json\/wp\/v2\/posts\/243109\/revisions\/243136"}],"wp:featuredmedia":[{"embeddable":true,"href":"https:\/\/franciscanos.org.br\/noticias\/wp-json\/wp\/v2\/media\/243112"}],"wp:attachment":[{"href":"https:\/\/franciscanos.org.br\/noticias\/wp-json\/wp\/v2\/media?parent=243109"}],"wp:term":[{"taxonomy":"category","embeddable":true,"href":"https:\/\/franciscanos.org.br\/noticias\/wp-json\/wp\/v2\/categories?post=243109"},{"taxonomy":"post_tag","embeddable":true,"href":"https:\/\/franciscanos.org.br\/noticias\/wp-json\/wp\/v2\/tags?post=243109"}],"curies":[{"name":"wp","href":"https:\/\/api.w.org\/{rel}","templated":true}]}}