{"id":243095,"date":"2023-04-30T07:46:51","date_gmt":"2023-04-30T10:46:51","guid":{"rendered":"https:\/\/franciscanos.org.br\/noticias\/?p=243095"},"modified":"2023-04-30T08:13:12","modified_gmt":"2023-04-30T11:13:12","slug":"papa-na-hungria-como-jesus-sejamos-portas-abertas","status":"publish","type":"post","link":"https:\/\/franciscanos.org.br\/noticias\/papa-na-hungria-como-jesus-sejamos-portas-abertas.html","title":{"rendered":"Papa na Hungria: como Jesus, sejamos portas abertas"},"content":{"rendered":"<div id=\"attachment_243096\" style=\"width: 1510px\" class=\"wp-caption alignnone\"><img aria-describedby=\"caption-attachment-243096\" loading=\"lazy\" class=\"wp-image-243096 size-full\" src=\"https:\/\/franciscanos.org.br\/noticias\/wp-content\/uploads\/2023\/04\/hungria_30.jpeg\" alt=\"\" width=\"1500\" height=\"844\" srcset=\"https:\/\/franciscanos.org.br\/noticias\/wp-content\/uploads\/2023\/04\/hungria_30.jpeg 1500w, https:\/\/franciscanos.org.br\/noticias\/wp-content\/uploads\/2023\/04\/hungria_30-450x253.jpeg 450w, https:\/\/franciscanos.org.br\/noticias\/wp-content\/uploads\/2023\/04\/hungria_30-1024x576.jpeg 1024w, https:\/\/franciscanos.org.br\/noticias\/wp-content\/uploads\/2023\/04\/hungria_30-768x432.jpeg 768w, https:\/\/franciscanos.org.br\/noticias\/wp-content\/uploads\/2023\/04\/hungria_30-150x84.jpeg 150w\" sizes=\"(max-width: 1500px) 100vw, 1500px\" \/><p id=\"caption-attachment-243096\" class=\"wp-caption-text\"><em>\u00a0 \u00a0 Imagem: Vatican Media<\/em><\/p><\/div>\n<p>&#8220;\u00c9 isto o que faz um bom pastor: d\u00e1 a vida pelas suas ovelhas.&#8221; Com estas palavras inspiradas pelo evangelho de S\u00e3o Jo\u00e3o, neste quarto domingo do tempo pascal que o Papa iniciou sua homilia durante a Santa Missa presidida na Hungria para uma multid\u00e3o de fi\u00e9is.<\/p>\n<p>A imagem do bom Pastor guiou a reflex\u00e3o do Santo Padre que ressaltou duas a\u00e7\u00f5es que Jesus, segundo o evangelho, realiza por suas ovelhas: chama-as e depois f\u00e1-las sair.<\/p>\n<p>&#8220;Irm\u00e3os e irm\u00e3s, estando aqui esta manh\u00e3, sintamos a alegria de ser povo santo de Deus: todos nascemos da sua chamada; foi Ele que nos convocou e, por isso, somos o seu povo, o seu rebanho, a sua Igreja. Reuniu-nos aqui para que, embora sendo diversos entre n\u00f3s e pertencendo a comunidades diferentes, a grandeza do seu amor nos re\u00fana a todos num \u00fanico abra\u00e7o.&#8221; Deste modo, em primeiro lugar o Senhor chama as suas ovelhas, disse Francisco, convidando o povo a recordar o sentido da catolicidade e a fazer mem\u00f3ria agradecida, do amor de Jesus por n\u00f3s.<\/p>\n<p><strong>\u201cTodos nascemos da Sua chamada\u201d<\/strong><\/p>\n<p>A segunda a\u00e7\u00e3o ent\u00e3o seria, segundo o Pont\u00edfice, o movimento de sa\u00edda. E o ilustra com a imagem da porta: &#8220;Este movimento \u2013 entrar e sair \u2013, podemos capt\u00e1-lo a partir doutra imagem que Jesus utiliza: a da porta. Diz Ele: \u00abEu sou a porta. Se algu\u00e9m entrar por Mim, estar\u00e1 salvo; h\u00e1 de entrar e sair e achar\u00e1 pastagem\u00bb (Jo 10, 9). Ou\u00e7amos com aten\u00e7\u00e3o isto: h\u00e1 de entrar e sair. Por um lado, Jesus \u00e9 a porta que se abriu de par em par a fim de nos fazer entrar na comunh\u00e3o do Pai e experimentar a sua miseric\u00f3rdia; mas, como todos sabem, uma porta aberta serve n\u00e3o s\u00f3 para entrar, mas tamb\u00e9m para sair do lugar onde nos encontramos&#8221;.<\/p>\n<p><strong>\u201cJesus \u00e9 a porta que nos faz sair para o mundo\u201d<\/strong><\/p>\n<p>Assim, ao final de sua homilia, o Santo Padre mais uma vez destacou que o movimento de viver &#8220;em sa\u00edda&#8221; significa tornar-se como Jesus, uma porta aberta. E exortou:<\/p>\n<p>&#8220;Por favor, abramos as portas! Procuremos ser tamb\u00e9m n\u00f3s \u2013 com as palavras, os gestos, as atividades quotidianas como Jesus: uma porta aberta, uma porta que nunca se fecha na cara de ningu\u00e9m, uma porta que a todos permite entrar para experimentar a beleza do amor e do perd\u00e3o do Senhor.&#8221;<\/p>\n<hr \/>\n<h3>N\u00e3o virtualizem a vida, que \u00e9 concreta, diz Papa aos jovens<\/h3>\n<p>Ap\u00f3s o encontro com os pobres e refugiados, e a visita \u00e0 comunidade greco-cat\u00f3lica para um breve momento de ora\u00e7\u00e3o pela manh\u00e3, Francisco encontrou os jovens no est\u00e1dio de esportes da capital, que leva o nome do famoso pugilista h\u00fangaro L\u00e1szl\u00f3 Papp.<\/p>\n<p>O Papa foi recebido com muita alegria manifestada atrav\u00e9s do discurso de acolhida de Dom Ferenc Pal\u00e1nki, respons\u00e1vel pela Pastoral Juvenil, ao som cantos, e atrav\u00e9s do testemunhos de alguns jovens.<\/p>\n<p>O Pont\u00edfice iniciou seu discurso destacando a import\u00e2ncia de haver algu\u00e9m que provoque e ou\u00e7a as perguntas da juventude e n\u00e3o d\u00ea respostas f\u00e1ceis e pr\u00e9-fabricadas, mas ajude a enfrentar sem medo a aventura da vida \u00e0 procura de respostas grandes. &#8220;Era assim que fazia Jesus&#8221;, disse Francisco. Na sequ\u00eancia o Pont\u00edfice fez a pergunta que Jesus fez aos disc\u00edpulos: &#8220;O que procurais?&#8221;, pedindo que em um breve momento de sil\u00eancio cada um respondesse em seu cora\u00e7\u00e3o.<\/p>\n<p><strong>Quem ousa, vence<\/strong><br \/>\nDepois disso, frisou a necessidade de buscar metas altas, aproveitando o ambiente esportivo onde se encontravam, na certeza de que Deus que escuta as necessidades e est\u00e1 sempre atento aos seus sonhos:<\/p>\n<p>&#8220;Vede, amigos! Jesus fica feliz, se alcan\u00e7armos metas altas. N\u00e3o nos quer pregui\u00e7osos e inativos, n\u00e3o nos quer calados e t\u00edmidos; quer-nos vivos, ativos, protagonistas. E nunca desvaloriza as nossas expetativas; mas, ao contr\u00e1rio, eleva o n\u00edvel dos nossos anseios. Jesus estaria de acordo com um prov\u00e9rbio vosso (espero pronunci\u00e1-lo bem!): Aki mer az nyer [quem ousa, vence].&#8221;<\/p>\n<p>O Papa ainda indicou caminhos para vencer na vida, a partir de duas coisas fundamentais, apostar alto e treinar, mas sempre em equipe, nunca sozinhos:\u00a0&#8220;Mas como se faz para vencer na vida? H\u00e1 duas coisas fundamentais, como no desporto: primeira, apostar alto; segunda, treinar-se. Apostar alto. Possuis um talento? De certeza que o tens! N\u00e3o o ponhas de lado, pensando que, para ser feliz, basta o m\u00ednimo indispens\u00e1vel: um diploma, um emprego para ganhar dinheiro, divertir-se um pouco&#8230; N\u00e3o basta! P\u00f5e em campo aquilo que tens.&#8221; &#8220;N\u00e3o penses que s\u00e3o desejos irrealiz\u00e1veis, mas investe sobre os grandes objetivos da vida! E, depois, treinar-se. Como? Em di\u00e1logo com Jesus, que \u00e9 o melhor treinador poss\u00edvel: ouve-te, motiva-te, acredita em ti, sabe como tirar o melhor de ti. E sempre nos convida a fazer equipe: nunca sozinhos, mas com os outros; na Igreja, na comunidade, juntos, vivendo experi\u00eancias comuns.&#8221;<\/p>\n<p>Francisco aproveitou o momento para lembrar os jovens da pr\u00f3xima Jornada Mundial da Juventude, que acontecer\u00e1 em Lisboa em agosto deste ano, como um exemplo de como o Senhor os convida a trabalhar em equipe, e estar juntos uns com os outros.<\/p>\n<p><strong>O sil\u00eancio \u00e9 a porta da ora\u00e7\u00e3o<\/strong><br \/>\nUm dos pontos fortes do discurso do Santo Padre foi tamb\u00e9m a valoriza\u00e7\u00e3o do sil\u00eancio como momento prop\u00edcio de encontro com Deus. Exortou a n\u00e3o terem &#8220;medo de ir contracorrente, encontrando diariamente um tempo de sil\u00eancio a fim de parar e rezar.&#8221; Segundo o Papa, sil\u00eancio o \u00e9 o terreno onde se pode cultivar rela\u00e7\u00f5es ben\u00e9ficas; d\u00e1-nos a possibilidade de ler uma p\u00e1gina do Evangelho que fala \u00e0 nossa vida ou permite-nos pegar num livro que n\u00e3o somos obrigados a ler, mas que nos ajuda a conhecer o esp\u00edrito humano, e ainda permite-nos observar a natureza &#8220;para n\u00e3o viver apenas em contato com coisas feitas pelos homens mas descobrir tamb\u00e9m a beleza que nos rodeia.&#8221;<\/p>\n<p>&#8220;Contudo o sil\u00eancio n\u00e3o \u00e9 para se ficar preso ao celular e \u00e0s redes sociais. Isso n\u00e3o, por favor! A vida \u00e9 real, n\u00e3o virtual; n\u00e3o acontece num visor, mas no mundo! Por favor, n\u00e3o virtualizem a vida! Eu repito, n\u00e3o virtualizem a vida que \u00e9 concreta.&#8221;<\/p>\n<p>A ora\u00e7\u00e3o \u00e9 di\u00e1logo, \u00e9 vida, destacou Francisco, frisando neste contexto a import\u00e2ncia da coragem de serem verdadeiros: &#8220;Como vemos narrado em cada p\u00e1gina do Evangelho, o Senhor faz coisas grandes, n\u00e3o com pessoas extraordin\u00e1rias, mas com pessoas verdadeiras. Pelo contr\u00e1rio, quem se apoia nas pr\u00f3prias capacidades e vive de apar\u00eancias para ser bem visto, mantem Deus longe do cora\u00e7\u00e3o. Jesus, com as suas perguntas, o seu amor, o seu Esp\u00edrito, escava dentro de n\u00f3s para nos tornar pessoas verdadeiras. E hoje h\u00e1 tanta necessidade de pessoas verdadeiras!&#8221;<\/p>\n<p><strong>N\u00e3o guardar nada para si<\/strong><br \/>\nPor fim, o Papa citou uma passagem do evangelho que, segundo ele, resume seu discurso: a multiplica\u00e7\u00e3o dos p\u00e3es, no evangelho de Jo\u00e3o, sublinhando a figura do rapaz que partilhou do que tinha com a multid\u00e3o famita confiando, dando tudo, n\u00e3o guardando nada para si.<\/p>\n<p>&#8220;O pouco daquele rapaz nas m\u00e3os de Jesus torna-se muito. \u00c9 aqui que conduz a f\u00e9: \u00e0 liberdade de dar, ao entusiasmo do dom, \u00e0 supera\u00e7\u00e3o dos medos, a p\u00f4r-se em jogo! Amigos, cada um de v\u00f3s \u00e9 precioso para Jesus, e tamb\u00e9m para mim! Lembra-te que ningu\u00e9m pode ocupar o teu lugar na hist\u00f3ria da Igreja e do mundo: ningu\u00e9m pode fazer aquilo que s\u00f3 tu podes fazer. Ajudemo-nos, ent\u00e3o, a crer que somos amados e preciosos, que fomos feitos para grandes coisas. Rezemos por isso e encorajemo-nos a isso! E recordai-vos tamb\u00e9m de fazer bem a mim com a vossa ora\u00e7\u00e3o. K\u00f6sz\u00f6n\u00f6m [obrigado]!&#8221;<\/p>\n<hr \/>\n<p><em>Fonte: Vatican News (texto de Irm\u00e3 Grazielle Rigotti, ascj)<\/em><\/p>\n","protected":false},"excerpt":{"rendered":"<p>Viagem apost\u00f3lica<\/p>\n","protected":false},"author":3,"featured_media":243096,"comment_status":"open","ping_status":"open","sticky":false,"template":"","format":"standard","meta":[],"categories":[1428],"tags":[1140],"acf":[],"yoast_head":"<!-- This site is optimized with the Yoast SEO plugin v19.2 - https:\/\/yoast.com\/wordpress\/plugins\/seo\/ -->\n<title>Papa na Hungria: como Jesus, sejamos portas abertas - Not\u00edcias - Franciscanos<\/title>\n<meta name=\"robots\" content=\"index, follow, max-snippet:-1, max-image-preview:large, max-video-preview:-1\" \/>\n<link rel=\"canonical\" href=\"https:\/\/franciscanos.org.br\/noticias\/papa-na-hungria-como-jesus-sejamos-portas-abertas.html\" \/>\n<meta property=\"og:locale\" content=\"pt_BR\" \/>\n<meta property=\"og:type\" content=\"article\" \/>\n<meta property=\"og:title\" content=\"Papa na Hungria: como Jesus, sejamos portas abertas - Not\u00edcias - Franciscanos\" \/>\n<meta property=\"og:description\" content=\"Viagem apost\u00f3lica\" \/>\n<meta property=\"og:url\" content=\"https:\/\/franciscanos.org.br\/noticias\/papa-na-hungria-como-jesus-sejamos-portas-abertas.html\" \/>\n<meta property=\"og:site_name\" content=\"Not\u00edcias - Franciscanos\" \/>\n<meta property=\"article:published_time\" content=\"2023-04-30T10:46:51+00:00\" \/>\n<meta property=\"article:modified_time\" content=\"2023-04-30T11:13:12+00:00\" \/>\n<meta property=\"og:image\" content=\"https:\/\/franciscanos.org.br\/noticias\/wp-content\/uploads\/2023\/04\/hungria_30.jpeg\" \/>\n\t<meta property=\"og:image:width\" content=\"1500\" \/>\n\t<meta property=\"og:image:height\" content=\"844\" \/>\n\t<meta property=\"og:image:type\" content=\"image\/jpeg\" \/>\n<meta name=\"author\" content=\"moacir\" \/>\n<meta name=\"twitter:card\" content=\"summary_large_image\" \/>\n<meta name=\"twitter:label1\" content=\"Escrito por\" \/>\n\t<meta name=\"twitter:data1\" content=\"moacir\" \/>\n\t<meta name=\"twitter:label2\" content=\"Est. tempo de leitura\" \/>\n\t<meta name=\"twitter:data2\" content=\"7 minutos\" \/>\n<script type=\"application\/ld+json\" class=\"yoast-schema-graph\">{\"@context\":\"https:\/\/schema.org\",\"@graph\":[{\"@type\":\"WebSite\",\"@id\":\"https:\/\/franciscanos.org.br\/noticias\/#website\",\"url\":\"https:\/\/franciscanos.org.br\/noticias\/\",\"name\":\"Not\u00edcias - Franciscanos\",\"description\":\"Prov\u00edncia Franciscana da Imaculada Concei\u00e7\u00e3o do Brasil - Ordem dos Frades Menores - OFM\",\"potentialAction\":[{\"@type\":\"SearchAction\",\"target\":{\"@type\":\"EntryPoint\",\"urlTemplate\":\"https:\/\/franciscanos.org.br\/noticias\/?s={search_term_string}\"},\"query-input\":\"required name=search_term_string\"}],\"inLanguage\":\"pt-BR\"},{\"@type\":\"ImageObject\",\"inLanguage\":\"pt-BR\",\"@id\":\"https:\/\/franciscanos.org.br\/noticias\/papa-na-hungria-como-jesus-sejamos-portas-abertas.html#primaryimage\",\"url\":\"https:\/\/franciscanos.org.br\/noticias\/wp-content\/uploads\/2023\/04\/hungria_30.jpeg\",\"contentUrl\":\"https:\/\/franciscanos.org.br\/noticias\/wp-content\/uploads\/2023\/04\/hungria_30.jpeg\",\"width\":1500,\"height\":844},{\"@type\":\"WebPage\",\"@id\":\"https:\/\/franciscanos.org.br\/noticias\/papa-na-hungria-como-jesus-sejamos-portas-abertas.html#webpage\",\"url\":\"https:\/\/franciscanos.org.br\/noticias\/papa-na-hungria-como-jesus-sejamos-portas-abertas.html\",\"name\":\"Papa na Hungria: como Jesus, sejamos portas abertas - Not\u00edcias - Franciscanos\",\"isPartOf\":{\"@id\":\"https:\/\/franciscanos.org.br\/noticias\/#website\"},\"primaryImageOfPage\":{\"@id\":\"https:\/\/franciscanos.org.br\/noticias\/papa-na-hungria-como-jesus-sejamos-portas-abertas.html#primaryimage\"},\"datePublished\":\"2023-04-30T10:46:51+00:00\",\"dateModified\":\"2023-04-30T11:13:12+00:00\",\"author\":{\"@id\":\"https:\/\/franciscanos.org.br\/noticias\/#\/schema\/person\/b5c8cba458c330ccff548b056e95a5d4\"},\"breadcrumb\":{\"@id\":\"https:\/\/franciscanos.org.br\/noticias\/papa-na-hungria-como-jesus-sejamos-portas-abertas.html#breadcrumb\"},\"inLanguage\":\"pt-BR\",\"potentialAction\":[{\"@type\":\"ReadAction\",\"target\":[\"https:\/\/franciscanos.org.br\/noticias\/papa-na-hungria-como-jesus-sejamos-portas-abertas.html\"]}]},{\"@type\":\"BreadcrumbList\",\"@id\":\"https:\/\/franciscanos.org.br\/noticias\/papa-na-hungria-como-jesus-sejamos-portas-abertas.html#breadcrumb\",\"itemListElement\":[{\"@type\":\"ListItem\",\"position\":1,\"name\":\"Home\",\"item\":\"https:\/\/franciscanos.org.br\/noticias\"},{\"@type\":\"ListItem\",\"position\":2,\"name\":\"Papa na Hungria: como Jesus, sejamos portas abertas\"}]},{\"@type\":\"Person\",\"@id\":\"https:\/\/franciscanos.org.br\/noticias\/#\/schema\/person\/b5c8cba458c330ccff548b056e95a5d4\",\"name\":\"moacir\",\"image\":{\"@type\":\"ImageObject\",\"inLanguage\":\"pt-BR\",\"@id\":\"https:\/\/franciscanos.org.br\/noticias\/#\/schema\/person\/image\/\",\"url\":\"https:\/\/secure.gravatar.com\/avatar\/d08aa2ce4c8dd416d4479aa8536fcf64?s=96&d=mm&r=g\",\"contentUrl\":\"https:\/\/secure.gravatar.com\/avatar\/d08aa2ce4c8dd416d4479aa8536fcf64?s=96&d=mm&r=g\",\"caption\":\"moacir\"},\"url\":\"https:\/\/franciscanos.org.br\/noticias\/author\/moacir\"}]}<\/script>\n<!-- \/ Yoast SEO plugin. -->","yoast_head_json":{"title":"Papa na Hungria: como Jesus, sejamos portas abertas - Not\u00edcias - Franciscanos","robots":{"index":"index","follow":"follow","max-snippet":"max-snippet:-1","max-image-preview":"max-image-preview:large","max-video-preview":"max-video-preview:-1"},"canonical":"https:\/\/franciscanos.org.br\/noticias\/papa-na-hungria-como-jesus-sejamos-portas-abertas.html","og_locale":"pt_BR","og_type":"article","og_title":"Papa na Hungria: como Jesus, sejamos portas abertas - Not\u00edcias - Franciscanos","og_description":"Viagem apost\u00f3lica","og_url":"https:\/\/franciscanos.org.br\/noticias\/papa-na-hungria-como-jesus-sejamos-portas-abertas.html","og_site_name":"Not\u00edcias - Franciscanos","article_published_time":"2023-04-30T10:46:51+00:00","article_modified_time":"2023-04-30T11:13:12+00:00","og_image":[{"width":1500,"height":844,"url":"https:\/\/franciscanos.org.br\/noticias\/wp-content\/uploads\/2023\/04\/hungria_30.jpeg","type":"image\/jpeg"}],"author":"moacir","twitter_card":"summary_large_image","twitter_misc":{"Escrito por":"moacir","Est. tempo de leitura":"7 minutos"},"schema":{"@context":"https:\/\/schema.org","@graph":[{"@type":"WebSite","@id":"https:\/\/franciscanos.org.br\/noticias\/#website","url":"https:\/\/franciscanos.org.br\/noticias\/","name":"Not\u00edcias - Franciscanos","description":"Prov\u00edncia Franciscana da Imaculada Concei\u00e7\u00e3o do Brasil - Ordem dos Frades Menores - OFM","potentialAction":[{"@type":"SearchAction","target":{"@type":"EntryPoint","urlTemplate":"https:\/\/franciscanos.org.br\/noticias\/?s={search_term_string}"},"query-input":"required name=search_term_string"}],"inLanguage":"pt-BR"},{"@type":"ImageObject","inLanguage":"pt-BR","@id":"https:\/\/franciscanos.org.br\/noticias\/papa-na-hungria-como-jesus-sejamos-portas-abertas.html#primaryimage","url":"https:\/\/franciscanos.org.br\/noticias\/wp-content\/uploads\/2023\/04\/hungria_30.jpeg","contentUrl":"https:\/\/franciscanos.org.br\/noticias\/wp-content\/uploads\/2023\/04\/hungria_30.jpeg","width":1500,"height":844},{"@type":"WebPage","@id":"https:\/\/franciscanos.org.br\/noticias\/papa-na-hungria-como-jesus-sejamos-portas-abertas.html#webpage","url":"https:\/\/franciscanos.org.br\/noticias\/papa-na-hungria-como-jesus-sejamos-portas-abertas.html","name":"Papa na Hungria: como Jesus, sejamos portas abertas - Not\u00edcias - Franciscanos","isPartOf":{"@id":"https:\/\/franciscanos.org.br\/noticias\/#website"},"primaryImageOfPage":{"@id":"https:\/\/franciscanos.org.br\/noticias\/papa-na-hungria-como-jesus-sejamos-portas-abertas.html#primaryimage"},"datePublished":"2023-04-30T10:46:51+00:00","dateModified":"2023-04-30T11:13:12+00:00","author":{"@id":"https:\/\/franciscanos.org.br\/noticias\/#\/schema\/person\/b5c8cba458c330ccff548b056e95a5d4"},"breadcrumb":{"@id":"https:\/\/franciscanos.org.br\/noticias\/papa-na-hungria-como-jesus-sejamos-portas-abertas.html#breadcrumb"},"inLanguage":"pt-BR","potentialAction":[{"@type":"ReadAction","target":["https:\/\/franciscanos.org.br\/noticias\/papa-na-hungria-como-jesus-sejamos-portas-abertas.html"]}]},{"@type":"BreadcrumbList","@id":"https:\/\/franciscanos.org.br\/noticias\/papa-na-hungria-como-jesus-sejamos-portas-abertas.html#breadcrumb","itemListElement":[{"@type":"ListItem","position":1,"name":"Home","item":"https:\/\/franciscanos.org.br\/noticias"},{"@type":"ListItem","position":2,"name":"Papa na Hungria: como Jesus, sejamos portas abertas"}]},{"@type":"Person","@id":"https:\/\/franciscanos.org.br\/noticias\/#\/schema\/person\/b5c8cba458c330ccff548b056e95a5d4","name":"moacir","image":{"@type":"ImageObject","inLanguage":"pt-BR","@id":"https:\/\/franciscanos.org.br\/noticias\/#\/schema\/person\/image\/","url":"https:\/\/secure.gravatar.com\/avatar\/d08aa2ce4c8dd416d4479aa8536fcf64?s=96&d=mm&r=g","contentUrl":"https:\/\/secure.gravatar.com\/avatar\/d08aa2ce4c8dd416d4479aa8536fcf64?s=96&d=mm&r=g","caption":"moacir"},"url":"https:\/\/franciscanos.org.br\/noticias\/author\/moacir"}]}},"_links":{"self":[{"href":"https:\/\/franciscanos.org.br\/noticias\/wp-json\/wp\/v2\/posts\/243095"}],"collection":[{"href":"https:\/\/franciscanos.org.br\/noticias\/wp-json\/wp\/v2\/posts"}],"about":[{"href":"https:\/\/franciscanos.org.br\/noticias\/wp-json\/wp\/v2\/types\/post"}],"author":[{"embeddable":true,"href":"https:\/\/franciscanos.org.br\/noticias\/wp-json\/wp\/v2\/users\/3"}],"replies":[{"embeddable":true,"href":"https:\/\/franciscanos.org.br\/noticias\/wp-json\/wp\/v2\/comments?post=243095"}],"version-history":[{"count":3,"href":"https:\/\/franciscanos.org.br\/noticias\/wp-json\/wp\/v2\/posts\/243095\/revisions"}],"predecessor-version":[{"id":243104,"href":"https:\/\/franciscanos.org.br\/noticias\/wp-json\/wp\/v2\/posts\/243095\/revisions\/243104"}],"wp:featuredmedia":[{"embeddable":true,"href":"https:\/\/franciscanos.org.br\/noticias\/wp-json\/wp\/v2\/media\/243096"}],"wp:attachment":[{"href":"https:\/\/franciscanos.org.br\/noticias\/wp-json\/wp\/v2\/media?parent=243095"}],"wp:term":[{"taxonomy":"category","embeddable":true,"href":"https:\/\/franciscanos.org.br\/noticias\/wp-json\/wp\/v2\/categories?post=243095"},{"taxonomy":"post_tag","embeddable":true,"href":"https:\/\/franciscanos.org.br\/noticias\/wp-json\/wp\/v2\/tags?post=243095"}],"curies":[{"name":"wp","href":"https:\/\/api.w.org\/{rel}","templated":true}]}}