{"id":243086,"date":"2023-04-27T07:32:55","date_gmt":"2023-04-27T10:32:55","guid":{"rendered":"https:\/\/franciscanos.org.br\/noticias\/?p=243086"},"modified":"2023-04-27T07:32:55","modified_gmt":"2023-04-27T10:32:55","slug":"mensagem-de-congratulacao-a-dom-jaime-spengler-e-a-nova-presidencia-da-cnbb","status":"publish","type":"post","link":"https:\/\/franciscanos.org.br\/noticias\/mensagem-de-congratulacao-a-dom-jaime-spengler-e-a-nova-presidencia-da-cnbb.html","title":{"rendered":"Mensagem de Congratula\u00e7\u00e3o a Dom Jaime Spengler e \u00e0 nova presid\u00eancia da CNBB"},"content":{"rendered":"<p><img loading=\"lazy\" class=\"alignnone wp-image-243045 size-full\" src=\"https:\/\/franciscanos.org.br\/noticias\/wp-content\/uploads\/2023\/04\/jaime.jpg\" alt=\"\" width=\"1280\" height=\"720\" srcset=\"https:\/\/franciscanos.org.br\/noticias\/wp-content\/uploads\/2023\/04\/jaime.jpg 1280w, https:\/\/franciscanos.org.br\/noticias\/wp-content\/uploads\/2023\/04\/jaime-450x253.jpg 450w, https:\/\/franciscanos.org.br\/noticias\/wp-content\/uploads\/2023\/04\/jaime-1024x576.jpg 1024w, https:\/\/franciscanos.org.br\/noticias\/wp-content\/uploads\/2023\/04\/jaime-768x432.jpg 768w, https:\/\/franciscanos.org.br\/noticias\/wp-content\/uploads\/2023\/04\/jaime-150x84.jpg 150w\" sizes=\"(max-width: 1280px) 100vw, 1280px\" \/><\/p>\n<p>Franca\/SP \u2013 Brasil, 26 de abril de 2023<\/p>\n<p>Estimado Dom Jaime Spengler e nova Presid\u00eancia da Confer\u00eancia Nacional dos Bispos do Brasil (CNBB), PAZ e BEM!<\/p>\n<p>Os Ministros Provinciais e Cust\u00f3dios da Confer\u00eancia Franciscana do Brasil e Cone Sul, composta pelas 12 entidades do Brasil, Argentina, Chile e Paraguai que a integram, reunida em Assembleia, nos dias 23-27\/04\/2023, em Franca \u2013 S\u00e3o Paulo, na pessoa de V. Ex.\u00b0 Rev.ma, Dom Jaime Spengler, parabenizamos e nos congratulamos com a vossa recente elei\u00e7\u00e3o \u00e0 nova Presid\u00eancia da CNBB, ocorrida durante a 60\u00b0 Assembleia Geral, ainda em curso, da referida entidade. Desejamos oferecer nossa humilde prece e ora\u00e7\u00e3o pelo vosso bom \u00eaxito no exerc\u00edcio deste minist\u00e9rio \u00e0 frente da CNBB e de toda a Igreja no Brasil.<\/p>\n<p><em>\u201cAs alegrias e as esperan\u00e7as, as tristezas e as ang\u00fastias dos homens de hoje, sobretudo dos pobres e de todos aqueles que sofrem, s\u00e3o tamb\u00e9m as alegrias e as esperan\u00e7as, as tristezas e as ang\u00fastias dos disc\u00edpulos de Cristo; e n\u00e3o h\u00e1 realidade alguma verdadeiramente humana que n\u00e3o encontre eco no seu cora\u00e7\u00e3o.\u201d (GS 1)<\/em><\/p>\n<p>N\u00f3s, Ministros Provinciais e Cust\u00f3dios da Confer\u00eancia Franciscana do Brasil e Cone Sul, como s\u00e3o de todos os seres humanos e igualmente de toda a Igreja, fazemos nossos os anseios, as afli\u00e7\u00f5es e as buscas da humanidade e da Igreja. Manifestamos, assim, nossa vontade e nosso desejo de, em esp\u00edrito de sinodal, de comunh\u00e3o e de participa\u00e7\u00e3o, de escuta e de discernimento, caminhar em sintonia e comunh\u00e3o com a nova Presid\u00eancia da nossa estimada CNBB. Como filhos de S\u00e3o Francisco de Assis somos Igreja e peregrinamos em comunh\u00e3o com a Igreja e convosco nessa miss\u00e3o. Desejamos e buscamos convosco, como Igreja em sa\u00edda e reunida em Cristo, caminhar guiados pelo Esp\u00edrito Santo no an\u00fancio do Evangelho do Senhor Ressuscitado a caminho do Reino de Deus.<\/p>\n<p>Contem sempre conosco e nossa sauda\u00e7\u00e3o e intercess\u00e3o fraterna em Cristo e em S\u00e3o Francisco de Assis, na vossa miss\u00e3o!<\/p>\n<p style=\"padding-left: 40px;\"><strong>Frei Daniel Alejandro Fleitas Zeni, OFM<\/strong><\/p>\n<p style=\"padding-left: 40px;\"><em><strong>Presidente<\/strong><\/em><\/p>\n<p style=\"padding-left: 40px;\"><strong>Frei Fernando Aparecido dos Santos, OFM<\/strong><\/p>\n<p style=\"padding-left: 40px;\"><em><strong>Vice-Presidente<\/strong><\/em><\/p>\n","protected":false},"excerpt":{"rendered":"<p>CFB e Cone Sul<\/p>\n","protected":false},"author":3,"featured_media":243045,"comment_status":"open","ping_status":"open","sticky":false,"template":"","format":"standard","meta":[],"categories":[1],"tags":[2128],"acf":[],"yoast_head":"<!-- This site is optimized with the Yoast SEO plugin v19.2 - https:\/\/yoast.com\/wordpress\/plugins\/seo\/ -->\n<title>Mensagem de Congratula\u00e7\u00e3o a Dom Jaime Spengler e \u00e0 nova presid\u00eancia da CNBB - Not\u00edcias - Franciscanos<\/title>\n<meta name=\"robots\" content=\"index, follow, max-snippet:-1, max-image-preview:large, max-video-preview:-1\" \/>\n<link rel=\"canonical\" href=\"https:\/\/franciscanos.org.br\/noticias\/mensagem-de-congratulacao-a-dom-jaime-spengler-e-a-nova-presidencia-da-cnbb.html\" \/>\n<meta property=\"og:locale\" content=\"pt_BR\" \/>\n<meta property=\"og:type\" content=\"article\" \/>\n<meta property=\"og:title\" content=\"Mensagem de Congratula\u00e7\u00e3o a Dom Jaime Spengler e \u00e0 nova presid\u00eancia da CNBB - Not\u00edcias - Franciscanos\" \/>\n<meta property=\"og:description\" content=\"CFB e Cone Sul\" \/>\n<meta property=\"og:url\" content=\"https:\/\/franciscanos.org.br\/noticias\/mensagem-de-congratulacao-a-dom-jaime-spengler-e-a-nova-presidencia-da-cnbb.html\" \/>\n<meta property=\"og:site_name\" content=\"Not\u00edcias - Franciscanos\" \/>\n<meta property=\"article:published_time\" content=\"2023-04-27T10:32:55+00:00\" \/>\n<meta property=\"og:image\" content=\"https:\/\/franciscanos.org.br\/noticias\/wp-content\/uploads\/2023\/04\/jaime.jpg\" \/>\n\t<meta property=\"og:image:width\" content=\"1280\" \/>\n\t<meta property=\"og:image:height\" content=\"720\" \/>\n\t<meta property=\"og:image:type\" content=\"image\/jpeg\" \/>\n<meta name=\"author\" content=\"moacir\" \/>\n<meta name=\"twitter:card\" content=\"summary_large_image\" \/>\n<meta name=\"twitter:label1\" content=\"Escrito por\" \/>\n\t<meta name=\"twitter:data1\" content=\"moacir\" \/>\n\t<meta name=\"twitter:label2\" content=\"Est. tempo de leitura\" \/>\n\t<meta name=\"twitter:data2\" content=\"2 minutos\" \/>\n<script type=\"application\/ld+json\" class=\"yoast-schema-graph\">{\"@context\":\"https:\/\/schema.org\",\"@graph\":[{\"@type\":\"WebSite\",\"@id\":\"https:\/\/franciscanos.org.br\/noticias\/#website\",\"url\":\"https:\/\/franciscanos.org.br\/noticias\/\",\"name\":\"Not\u00edcias - Franciscanos\",\"description\":\"Prov\u00edncia Franciscana da Imaculada Concei\u00e7\u00e3o do Brasil - Ordem dos Frades Menores - OFM\",\"potentialAction\":[{\"@type\":\"SearchAction\",\"target\":{\"@type\":\"EntryPoint\",\"urlTemplate\":\"https:\/\/franciscanos.org.br\/noticias\/?s={search_term_string}\"},\"query-input\":\"required name=search_term_string\"}],\"inLanguage\":\"pt-BR\"},{\"@type\":\"ImageObject\",\"inLanguage\":\"pt-BR\",\"@id\":\"https:\/\/franciscanos.org.br\/noticias\/mensagem-de-congratulacao-a-dom-jaime-spengler-e-a-nova-presidencia-da-cnbb.html#primaryimage\",\"url\":\"https:\/\/franciscanos.org.br\/noticias\/wp-content\/uploads\/2023\/04\/jaime.jpg\",\"contentUrl\":\"https:\/\/franciscanos.org.br\/noticias\/wp-content\/uploads\/2023\/04\/jaime.jpg\",\"width\":1280,\"height\":720},{\"@type\":\"WebPage\",\"@id\":\"https:\/\/franciscanos.org.br\/noticias\/mensagem-de-congratulacao-a-dom-jaime-spengler-e-a-nova-presidencia-da-cnbb.html#webpage\",\"url\":\"https:\/\/franciscanos.org.br\/noticias\/mensagem-de-congratulacao-a-dom-jaime-spengler-e-a-nova-presidencia-da-cnbb.html\",\"name\":\"Mensagem de Congratula\u00e7\u00e3o a Dom Jaime Spengler e \u00e0 nova presid\u00eancia da CNBB - Not\u00edcias - Franciscanos\",\"isPartOf\":{\"@id\":\"https:\/\/franciscanos.org.br\/noticias\/#website\"},\"primaryImageOfPage\":{\"@id\":\"https:\/\/franciscanos.org.br\/noticias\/mensagem-de-congratulacao-a-dom-jaime-spengler-e-a-nova-presidencia-da-cnbb.html#primaryimage\"},\"datePublished\":\"2023-04-27T10:32:55+00:00\",\"dateModified\":\"2023-04-27T10:32:55+00:00\",\"author\":{\"@id\":\"https:\/\/franciscanos.org.br\/noticias\/#\/schema\/person\/b5c8cba458c330ccff548b056e95a5d4\"},\"breadcrumb\":{\"@id\":\"https:\/\/franciscanos.org.br\/noticias\/mensagem-de-congratulacao-a-dom-jaime-spengler-e-a-nova-presidencia-da-cnbb.html#breadcrumb\"},\"inLanguage\":\"pt-BR\",\"potentialAction\":[{\"@type\":\"ReadAction\",\"target\":[\"https:\/\/franciscanos.org.br\/noticias\/mensagem-de-congratulacao-a-dom-jaime-spengler-e-a-nova-presidencia-da-cnbb.html\"]}]},{\"@type\":\"BreadcrumbList\",\"@id\":\"https:\/\/franciscanos.org.br\/noticias\/mensagem-de-congratulacao-a-dom-jaime-spengler-e-a-nova-presidencia-da-cnbb.html#breadcrumb\",\"itemListElement\":[{\"@type\":\"ListItem\",\"position\":1,\"name\":\"Home\",\"item\":\"https:\/\/franciscanos.org.br\/noticias\"},{\"@type\":\"ListItem\",\"position\":2,\"name\":\"Mensagem de Congratula\u00e7\u00e3o a Dom Jaime Spengler e \u00e0 nova presid\u00eancia da CNBB\"}]},{\"@type\":\"Person\",\"@id\":\"https:\/\/franciscanos.org.br\/noticias\/#\/schema\/person\/b5c8cba458c330ccff548b056e95a5d4\",\"name\":\"moacir\",\"image\":{\"@type\":\"ImageObject\",\"inLanguage\":\"pt-BR\",\"@id\":\"https:\/\/franciscanos.org.br\/noticias\/#\/schema\/person\/image\/\",\"url\":\"https:\/\/secure.gravatar.com\/avatar\/d08aa2ce4c8dd416d4479aa8536fcf64?s=96&d=mm&r=g\",\"contentUrl\":\"https:\/\/secure.gravatar.com\/avatar\/d08aa2ce4c8dd416d4479aa8536fcf64?s=96&d=mm&r=g\",\"caption\":\"moacir\"},\"url\":\"https:\/\/franciscanos.org.br\/noticias\/author\/moacir\"}]}<\/script>\n<!-- \/ Yoast SEO plugin. -->","yoast_head_json":{"title":"Mensagem de Congratula\u00e7\u00e3o a Dom Jaime Spengler e \u00e0 nova presid\u00eancia da CNBB - Not\u00edcias - Franciscanos","robots":{"index":"index","follow":"follow","max-snippet":"max-snippet:-1","max-image-preview":"max-image-preview:large","max-video-preview":"max-video-preview:-1"},"canonical":"https:\/\/franciscanos.org.br\/noticias\/mensagem-de-congratulacao-a-dom-jaime-spengler-e-a-nova-presidencia-da-cnbb.html","og_locale":"pt_BR","og_type":"article","og_title":"Mensagem de Congratula\u00e7\u00e3o a Dom Jaime Spengler e \u00e0 nova presid\u00eancia da CNBB - Not\u00edcias - Franciscanos","og_description":"CFB e Cone Sul","og_url":"https:\/\/franciscanos.org.br\/noticias\/mensagem-de-congratulacao-a-dom-jaime-spengler-e-a-nova-presidencia-da-cnbb.html","og_site_name":"Not\u00edcias - Franciscanos","article_published_time":"2023-04-27T10:32:55+00:00","og_image":[{"width":1280,"height":720,"url":"https:\/\/franciscanos.org.br\/noticias\/wp-content\/uploads\/2023\/04\/jaime.jpg","type":"image\/jpeg"}],"author":"moacir","twitter_card":"summary_large_image","twitter_misc":{"Escrito por":"moacir","Est. tempo de leitura":"2 minutos"},"schema":{"@context":"https:\/\/schema.org","@graph":[{"@type":"WebSite","@id":"https:\/\/franciscanos.org.br\/noticias\/#website","url":"https:\/\/franciscanos.org.br\/noticias\/","name":"Not\u00edcias - Franciscanos","description":"Prov\u00edncia Franciscana da Imaculada Concei\u00e7\u00e3o do Brasil - Ordem dos Frades Menores - OFM","potentialAction":[{"@type":"SearchAction","target":{"@type":"EntryPoint","urlTemplate":"https:\/\/franciscanos.org.br\/noticias\/?s={search_term_string}"},"query-input":"required name=search_term_string"}],"inLanguage":"pt-BR"},{"@type":"ImageObject","inLanguage":"pt-BR","@id":"https:\/\/franciscanos.org.br\/noticias\/mensagem-de-congratulacao-a-dom-jaime-spengler-e-a-nova-presidencia-da-cnbb.html#primaryimage","url":"https:\/\/franciscanos.org.br\/noticias\/wp-content\/uploads\/2023\/04\/jaime.jpg","contentUrl":"https:\/\/franciscanos.org.br\/noticias\/wp-content\/uploads\/2023\/04\/jaime.jpg","width":1280,"height":720},{"@type":"WebPage","@id":"https:\/\/franciscanos.org.br\/noticias\/mensagem-de-congratulacao-a-dom-jaime-spengler-e-a-nova-presidencia-da-cnbb.html#webpage","url":"https:\/\/franciscanos.org.br\/noticias\/mensagem-de-congratulacao-a-dom-jaime-spengler-e-a-nova-presidencia-da-cnbb.html","name":"Mensagem de Congratula\u00e7\u00e3o a Dom Jaime Spengler e \u00e0 nova presid\u00eancia da CNBB - Not\u00edcias - Franciscanos","isPartOf":{"@id":"https:\/\/franciscanos.org.br\/noticias\/#website"},"primaryImageOfPage":{"@id":"https:\/\/franciscanos.org.br\/noticias\/mensagem-de-congratulacao-a-dom-jaime-spengler-e-a-nova-presidencia-da-cnbb.html#primaryimage"},"datePublished":"2023-04-27T10:32:55+00:00","dateModified":"2023-04-27T10:32:55+00:00","author":{"@id":"https:\/\/franciscanos.org.br\/noticias\/#\/schema\/person\/b5c8cba458c330ccff548b056e95a5d4"},"breadcrumb":{"@id":"https:\/\/franciscanos.org.br\/noticias\/mensagem-de-congratulacao-a-dom-jaime-spengler-e-a-nova-presidencia-da-cnbb.html#breadcrumb"},"inLanguage":"pt-BR","potentialAction":[{"@type":"ReadAction","target":["https:\/\/franciscanos.org.br\/noticias\/mensagem-de-congratulacao-a-dom-jaime-spengler-e-a-nova-presidencia-da-cnbb.html"]}]},{"@type":"BreadcrumbList","@id":"https:\/\/franciscanos.org.br\/noticias\/mensagem-de-congratulacao-a-dom-jaime-spengler-e-a-nova-presidencia-da-cnbb.html#breadcrumb","itemListElement":[{"@type":"ListItem","position":1,"name":"Home","item":"https:\/\/franciscanos.org.br\/noticias"},{"@type":"ListItem","position":2,"name":"Mensagem de Congratula\u00e7\u00e3o a Dom Jaime Spengler e \u00e0 nova presid\u00eancia da CNBB"}]},{"@type":"Person","@id":"https:\/\/franciscanos.org.br\/noticias\/#\/schema\/person\/b5c8cba458c330ccff548b056e95a5d4","name":"moacir","image":{"@type":"ImageObject","inLanguage":"pt-BR","@id":"https:\/\/franciscanos.org.br\/noticias\/#\/schema\/person\/image\/","url":"https:\/\/secure.gravatar.com\/avatar\/d08aa2ce4c8dd416d4479aa8536fcf64?s=96&d=mm&r=g","contentUrl":"https:\/\/secure.gravatar.com\/avatar\/d08aa2ce4c8dd416d4479aa8536fcf64?s=96&d=mm&r=g","caption":"moacir"},"url":"https:\/\/franciscanos.org.br\/noticias\/author\/moacir"}]}},"_links":{"self":[{"href":"https:\/\/franciscanos.org.br\/noticias\/wp-json\/wp\/v2\/posts\/243086"}],"collection":[{"href":"https:\/\/franciscanos.org.br\/noticias\/wp-json\/wp\/v2\/posts"}],"about":[{"href":"https:\/\/franciscanos.org.br\/noticias\/wp-json\/wp\/v2\/types\/post"}],"author":[{"embeddable":true,"href":"https:\/\/franciscanos.org.br\/noticias\/wp-json\/wp\/v2\/users\/3"}],"replies":[{"embeddable":true,"href":"https:\/\/franciscanos.org.br\/noticias\/wp-json\/wp\/v2\/comments?post=243086"}],"version-history":[{"count":1,"href":"https:\/\/franciscanos.org.br\/noticias\/wp-json\/wp\/v2\/posts\/243086\/revisions"}],"predecessor-version":[{"id":243087,"href":"https:\/\/franciscanos.org.br\/noticias\/wp-json\/wp\/v2\/posts\/243086\/revisions\/243087"}],"wp:featuredmedia":[{"embeddable":true,"href":"https:\/\/franciscanos.org.br\/noticias\/wp-json\/wp\/v2\/media\/243045"}],"wp:attachment":[{"href":"https:\/\/franciscanos.org.br\/noticias\/wp-json\/wp\/v2\/media?parent=243086"}],"wp:term":[{"taxonomy":"category","embeddable":true,"href":"https:\/\/franciscanos.org.br\/noticias\/wp-json\/wp\/v2\/categories?post=243086"},{"taxonomy":"post_tag","embeddable":true,"href":"https:\/\/franciscanos.org.br\/noticias\/wp-json\/wp\/v2\/tags?post=243086"}],"curies":[{"name":"wp","href":"https:\/\/api.w.org\/{rel}","templated":true}]}}