{"id":243060,"date":"2023-04-25T14:16:09","date_gmt":"2023-04-25T17:16:09","guid":{"rendered":"https:\/\/franciscanos.org.br\/noticias\/?p=243060"},"modified":"2023-04-25T14:16:09","modified_gmt":"2023-04-25T17:16:09","slug":"frades-da-conferencia-brasileira-e-cone-sul-se-reunem-em-franca-para-assembleia","status":"publish","type":"post","link":"https:\/\/franciscanos.org.br\/noticias\/frades-da-conferencia-brasileira-e-cone-sul-se-reunem-em-franca-para-assembleia.html","title":{"rendered":"Frades da Confer\u00eancia Brasileira e Cone Sul se re\u00fanem em Franca para Assembleia"},"content":{"rendered":"<p><img loading=\"lazy\" class=\"alignnone size-full wp-image-243061\" src=\"https:\/\/franciscanos.org.br\/noticias\/wp-content\/uploads\/2023\/04\/conesul01.jpg\" alt=\"\" width=\"1280\" height=\"720\" srcset=\"https:\/\/franciscanos.org.br\/noticias\/wp-content\/uploads\/2023\/04\/conesul01.jpg 1280w, https:\/\/franciscanos.org.br\/noticias\/wp-content\/uploads\/2023\/04\/conesul01-450x253.jpg 450w, https:\/\/franciscanos.org.br\/noticias\/wp-content\/uploads\/2023\/04\/conesul01-1024x576.jpg 1024w, https:\/\/franciscanos.org.br\/noticias\/wp-content\/uploads\/2023\/04\/conesul01-768x432.jpg 768w, https:\/\/franciscanos.org.br\/noticias\/wp-content\/uploads\/2023\/04\/conesul01-150x84.jpg 150w\" sizes=\"(max-width: 1280px) 100vw, 1280px\" \/><\/p>\n<p><strong>Franca (SP)<\/strong> \u2013 Com o esp\u00edrito de acolhida e cordialidade, os frades da Cust\u00f3dia Franciscana do Sagrado Cora\u00e7\u00e3o de Jesus, que abrange o territ\u00f3rio do interior do Estado de S\u00e3o Paulo e Tri\u00e2ngulo Mineiro, no Brasil, acolhem durante estes dias (23 a 27 de abril) no Convento Santa Maria dos Anjos, em Franca\/SP, os Ministros Provinciais e Cust\u00f3dios das entidades da OFM (Ordem dos Frades Menores) do Brasil, Argentina, Chile e Paraguai, para a Assembleia da Confer\u00eancia Brasileira e Cone Sul.<\/p>\n<p>Essa Assembleia acontece duas vezes por ano, sendo sempre uma delas no Brasil e a outra em algum dos pa\u00edses que comp\u00f5em a regi\u00e3o Cone Sul. Na oportunidade, est\u00e3o participando os seguintes frades:<\/p>\n<p><img loading=\"lazy\" class=\"alignnone size-full wp-image-243062\" src=\"https:\/\/franciscanos.org.br\/noticias\/wp-content\/uploads\/2023\/04\/conesul_03.jpg\" alt=\"\" width=\"1280\" height=\"720\" srcset=\"https:\/\/franciscanos.org.br\/noticias\/wp-content\/uploads\/2023\/04\/conesul_03.jpg 1280w, https:\/\/franciscanos.org.br\/noticias\/wp-content\/uploads\/2023\/04\/conesul_03-450x253.jpg 450w, https:\/\/franciscanos.org.br\/noticias\/wp-content\/uploads\/2023\/04\/conesul_03-1024x576.jpg 1024w, https:\/\/franciscanos.org.br\/noticias\/wp-content\/uploads\/2023\/04\/conesul_03-768x432.jpg 768w, https:\/\/franciscanos.org.br\/noticias\/wp-content\/uploads\/2023\/04\/conesul_03-150x84.jpg 150w\" sizes=\"(max-width: 1280px) 100vw, 1280px\" \/><\/p>\n<p><strong>Frei C\u00e9sar K\u00fclkamp, OFM<\/strong> \u2013 Definidor Geral para a Am\u00e9rica Latina (Roma\/It\u00e1lia)<br \/>\n<strong>Frei Edilson Rocha, OFM<\/strong> \u2013 Cust\u00f3dia Franciscana de S\u00e3o Benedito da Amaz\u00f4nia (Brasil)<br \/>\n<strong>Frei Fernando Aparecido dos Santos, OFM<\/strong> \u2013 Cust\u00f3dia Franciscana do Sagrado Cora\u00e7\u00e3o de Jesus (Brasil)<br \/>\n<strong>Frei Rog\u00e9rio Viterbo de Sousa, OFM \u2013<\/strong> Cust\u00f3dia Franciscana das Sete Alegrias de Nossa Senhora (Brasil)<br \/>\n<strong>Frei Ant\u00f4nio Pacheco Ramos, OFM<\/strong> \u2013 Prov\u00edncia Franciscana Nossa Senhora da Assun\u00e7\u00e3o (Brasil)<br \/>\n<strong>Frei Carlos Ant\u00f4nio da Silva, OFM<\/strong> \u2013 Prov\u00edncia do Sant\u00edssimo Nome de Jesus do Brasil (Brasil)<br \/>\n<strong>Frei Jo\u00e3o Amilton dos Santos, OFM<\/strong> \u2013 Prov\u00edncia de Santo Ant\u00f4nio do Brasil (Brasil)<br \/>\n<strong>Frei Hilton Farias de Souza, OFM<\/strong> \u2013 Prov\u00edncia Santa Cruz (Brasil)<br \/>\n<strong>Frei Marino Pedro Rhoden, OFM<\/strong> \u2013 Prov\u00edncia S\u00e3o Francisco de Assis (Brasil)<br \/>\n<strong>Frei Paulo Roberto Pereira, OFM<\/strong> \u2013 Prov\u00edncia Franciscana da Imaculada Concei\u00e7\u00e3o do Brasil (Brasil)<br \/>\n<strong>Frei Daniel Alejandro Fleitas Zeni, OFM<\/strong> \u2013 Prov\u00edncia S\u00e3o Francisco Solano (Argentina)<br \/>\n<strong>Frei Em\u00edlio Andrada, OFM<\/strong> \u2013 Prov\u00edncia da Assun\u00e7\u00e3o da Sant\u00edssima Virgem do Rio da Prata (Argentina e Paraguai)<br \/>\n<strong>Frei Carlos Guillermo Paz Guzm\u00e1n, OFM<\/strong> \u2013 Prov\u00edncia da Sant\u00edssima Trindade (Chile)<\/p>\n<p>Segundo o vice-presidente da Confer\u00eancia e Cust\u00f3dio anfitri\u00e3o, Frei Fernando Aparecido dos Santos, OFM, o objetivo da Assembleia visa partilhar as experi\u00eancias vividas nas respectivas entidades e principalmente dinamizar com as secretarias e servi\u00e7os, os trabalhos definidos na Assembleia Ampliada realizada em mar\u00e7o do ano passado em S\u00e3o Paulo\/SP. Al\u00e9m de executar as propostas assumidas, procuram responder aos anseios do Governo Geral da Ordem.<\/p>\n<p><img loading=\"lazy\" class=\"alignnone size-full wp-image-243063\" src=\"https:\/\/franciscanos.org.br\/noticias\/wp-content\/uploads\/2023\/04\/conesul_02.jpg\" alt=\"\" width=\"1280\" height=\"720\" srcset=\"https:\/\/franciscanos.org.br\/noticias\/wp-content\/uploads\/2023\/04\/conesul_02.jpg 1280w, https:\/\/franciscanos.org.br\/noticias\/wp-content\/uploads\/2023\/04\/conesul_02-450x253.jpg 450w, https:\/\/franciscanos.org.br\/noticias\/wp-content\/uploads\/2023\/04\/conesul_02-1024x576.jpg 1024w, https:\/\/franciscanos.org.br\/noticias\/wp-content\/uploads\/2023\/04\/conesul_02-768x432.jpg 768w, https:\/\/franciscanos.org.br\/noticias\/wp-content\/uploads\/2023\/04\/conesul_02-150x84.jpg 150w\" sizes=\"(max-width: 1280px) 100vw, 1280px\" \/><\/p>\n<p>Com um cronograma bem intenso para os trabalhos, al\u00e9m das partilhas e reflex\u00f5es, ter\u00e3o a oportunidade de conhecerem um pouco do territ\u00f3rio custodial. Os frades na pr\u00f3xima quinta-feira (27) visitar\u00e3o duas obras sociais que s\u00e3o acompanhadas pela Cust\u00f3dia, o Educand\u00e1rio Santo Ant\u00f4nio e a Casa de Santa Clara, ambas na cidade de Bebedouro\/SP. Posterior a visita, ter\u00e3o um dia de passeio e lazer na cidade de Ol\u00edmpia\/SP, concluindo assim os trabalhos da Assembleia.<\/p>\n<p>Nos unamos em preces por todos os Ministros Provinciais e Cust\u00f3dios que aqui est\u00e3o reunidos, para que com a a\u00e7\u00e3o e inspira\u00e7\u00e3o do Esp\u00edrito Santo, sejam refletidas, analisadas e ratificadas as decis\u00f5es necess\u00e1rias, de maneira que gerem frutos para o bem da Ordem no Brasil e Cone Sul. Que o ser\u00e1fico pai S\u00e3o Francisco olhe e interceda por cada um destes seus filhos!<\/p>\n<hr \/>\n<p><em>Fonte: Cust\u00f3dia do Sagrado Cora\u00e7\u00e3o de Jesus (texto de Frei Alef Henrique Pavini, OFM, Secret\u00e1rio Custodial)<\/em><\/p>\n","protected":false},"excerpt":{"rendered":"<p>Assembleia da Confer\u00eancia Brasileira e Cone Sul<\/p>\n","protected":false},"author":3,"featured_media":243061,"comment_status":"open","ping_status":"open","sticky":false,"template":"","format":"standard","meta":[],"categories":[1],"tags":[2127,2128],"acf":[],"yoast_head":"<!-- This site is optimized with the Yoast SEO plugin v19.2 - https:\/\/yoast.com\/wordpress\/plugins\/seo\/ -->\n<title>Frades da Confer\u00eancia Brasileira e Cone Sul se re\u00fanem em Franca para Assembleia - Not\u00edcias - Franciscanos<\/title>\n<meta name=\"robots\" content=\"index, follow, max-snippet:-1, max-image-preview:large, max-video-preview:-1\" \/>\n<link rel=\"canonical\" href=\"https:\/\/franciscanos.org.br\/noticias\/frades-da-conferencia-brasileira-e-cone-sul-se-reunem-em-franca-para-assembleia.html\" \/>\n<meta property=\"og:locale\" content=\"pt_BR\" \/>\n<meta property=\"og:type\" content=\"article\" \/>\n<meta property=\"og:title\" content=\"Frades da Confer\u00eancia Brasileira e Cone Sul se re\u00fanem em Franca para Assembleia - Not\u00edcias - Franciscanos\" \/>\n<meta property=\"og:description\" content=\"Assembleia da Confer\u00eancia Brasileira e Cone Sul\" \/>\n<meta property=\"og:url\" content=\"https:\/\/franciscanos.org.br\/noticias\/frades-da-conferencia-brasileira-e-cone-sul-se-reunem-em-franca-para-assembleia.html\" \/>\n<meta property=\"og:site_name\" content=\"Not\u00edcias - Franciscanos\" \/>\n<meta property=\"article:published_time\" content=\"2023-04-25T17:16:09+00:00\" \/>\n<meta property=\"og:image\" content=\"https:\/\/franciscanos.org.br\/noticias\/wp-content\/uploads\/2023\/04\/conesul01.jpg\" \/>\n\t<meta property=\"og:image:width\" content=\"1280\" \/>\n\t<meta property=\"og:image:height\" content=\"720\" \/>\n\t<meta property=\"og:image:type\" content=\"image\/jpeg\" \/>\n<meta name=\"author\" content=\"moacir\" \/>\n<meta name=\"twitter:card\" content=\"summary_large_image\" \/>\n<meta name=\"twitter:label1\" content=\"Escrito por\" \/>\n\t<meta name=\"twitter:data1\" content=\"moacir\" \/>\n\t<meta name=\"twitter:label2\" content=\"Est. tempo de leitura\" \/>\n\t<meta name=\"twitter:data2\" content=\"3 minutos\" \/>\n<script type=\"application\/ld+json\" class=\"yoast-schema-graph\">{\"@context\":\"https:\/\/schema.org\",\"@graph\":[{\"@type\":\"WebSite\",\"@id\":\"https:\/\/franciscanos.org.br\/noticias\/#website\",\"url\":\"https:\/\/franciscanos.org.br\/noticias\/\",\"name\":\"Not\u00edcias - Franciscanos\",\"description\":\"Prov\u00edncia Franciscana da Imaculada Concei\u00e7\u00e3o do Brasil - Ordem dos Frades Menores - OFM\",\"potentialAction\":[{\"@type\":\"SearchAction\",\"target\":{\"@type\":\"EntryPoint\",\"urlTemplate\":\"https:\/\/franciscanos.org.br\/noticias\/?s={search_term_string}\"},\"query-input\":\"required name=search_term_string\"}],\"inLanguage\":\"pt-BR\"},{\"@type\":\"ImageObject\",\"inLanguage\":\"pt-BR\",\"@id\":\"https:\/\/franciscanos.org.br\/noticias\/frades-da-conferencia-brasileira-e-cone-sul-se-reunem-em-franca-para-assembleia.html#primaryimage\",\"url\":\"https:\/\/franciscanos.org.br\/noticias\/wp-content\/uploads\/2023\/04\/conesul01.jpg\",\"contentUrl\":\"https:\/\/franciscanos.org.br\/noticias\/wp-content\/uploads\/2023\/04\/conesul01.jpg\",\"width\":1280,\"height\":720},{\"@type\":\"WebPage\",\"@id\":\"https:\/\/franciscanos.org.br\/noticias\/frades-da-conferencia-brasileira-e-cone-sul-se-reunem-em-franca-para-assembleia.html#webpage\",\"url\":\"https:\/\/franciscanos.org.br\/noticias\/frades-da-conferencia-brasileira-e-cone-sul-se-reunem-em-franca-para-assembleia.html\",\"name\":\"Frades da Confer\u00eancia Brasileira e Cone Sul se re\u00fanem em Franca para Assembleia - Not\u00edcias - Franciscanos\",\"isPartOf\":{\"@id\":\"https:\/\/franciscanos.org.br\/noticias\/#website\"},\"primaryImageOfPage\":{\"@id\":\"https:\/\/franciscanos.org.br\/noticias\/frades-da-conferencia-brasileira-e-cone-sul-se-reunem-em-franca-para-assembleia.html#primaryimage\"},\"datePublished\":\"2023-04-25T17:16:09+00:00\",\"dateModified\":\"2023-04-25T17:16:09+00:00\",\"author\":{\"@id\":\"https:\/\/franciscanos.org.br\/noticias\/#\/schema\/person\/b5c8cba458c330ccff548b056e95a5d4\"},\"breadcrumb\":{\"@id\":\"https:\/\/franciscanos.org.br\/noticias\/frades-da-conferencia-brasileira-e-cone-sul-se-reunem-em-franca-para-assembleia.html#breadcrumb\"},\"inLanguage\":\"pt-BR\",\"potentialAction\":[{\"@type\":\"ReadAction\",\"target\":[\"https:\/\/franciscanos.org.br\/noticias\/frades-da-conferencia-brasileira-e-cone-sul-se-reunem-em-franca-para-assembleia.html\"]}]},{\"@type\":\"BreadcrumbList\",\"@id\":\"https:\/\/franciscanos.org.br\/noticias\/frades-da-conferencia-brasileira-e-cone-sul-se-reunem-em-franca-para-assembleia.html#breadcrumb\",\"itemListElement\":[{\"@type\":\"ListItem\",\"position\":1,\"name\":\"Home\",\"item\":\"https:\/\/franciscanos.org.br\/noticias\"},{\"@type\":\"ListItem\",\"position\":2,\"name\":\"Frades da Confer\u00eancia Brasileira e Cone Sul se re\u00fanem em Franca para Assembleia\"}]},{\"@type\":\"Person\",\"@id\":\"https:\/\/franciscanos.org.br\/noticias\/#\/schema\/person\/b5c8cba458c330ccff548b056e95a5d4\",\"name\":\"moacir\",\"image\":{\"@type\":\"ImageObject\",\"inLanguage\":\"pt-BR\",\"@id\":\"https:\/\/franciscanos.org.br\/noticias\/#\/schema\/person\/image\/\",\"url\":\"https:\/\/secure.gravatar.com\/avatar\/d08aa2ce4c8dd416d4479aa8536fcf64?s=96&d=mm&r=g\",\"contentUrl\":\"https:\/\/secure.gravatar.com\/avatar\/d08aa2ce4c8dd416d4479aa8536fcf64?s=96&d=mm&r=g\",\"caption\":\"moacir\"},\"url\":\"https:\/\/franciscanos.org.br\/noticias\/author\/moacir\"}]}<\/script>\n<!-- \/ Yoast SEO plugin. -->","yoast_head_json":{"title":"Frades da Confer\u00eancia Brasileira e Cone Sul se re\u00fanem em Franca para Assembleia - Not\u00edcias - Franciscanos","robots":{"index":"index","follow":"follow","max-snippet":"max-snippet:-1","max-image-preview":"max-image-preview:large","max-video-preview":"max-video-preview:-1"},"canonical":"https:\/\/franciscanos.org.br\/noticias\/frades-da-conferencia-brasileira-e-cone-sul-se-reunem-em-franca-para-assembleia.html","og_locale":"pt_BR","og_type":"article","og_title":"Frades da Confer\u00eancia Brasileira e Cone Sul se re\u00fanem em Franca para Assembleia - Not\u00edcias - Franciscanos","og_description":"Assembleia da Confer\u00eancia Brasileira e Cone Sul","og_url":"https:\/\/franciscanos.org.br\/noticias\/frades-da-conferencia-brasileira-e-cone-sul-se-reunem-em-franca-para-assembleia.html","og_site_name":"Not\u00edcias - Franciscanos","article_published_time":"2023-04-25T17:16:09+00:00","og_image":[{"width":1280,"height":720,"url":"https:\/\/franciscanos.org.br\/noticias\/wp-content\/uploads\/2023\/04\/conesul01.jpg","type":"image\/jpeg"}],"author":"moacir","twitter_card":"summary_large_image","twitter_misc":{"Escrito por":"moacir","Est. tempo de leitura":"3 minutos"},"schema":{"@context":"https:\/\/schema.org","@graph":[{"@type":"WebSite","@id":"https:\/\/franciscanos.org.br\/noticias\/#website","url":"https:\/\/franciscanos.org.br\/noticias\/","name":"Not\u00edcias - Franciscanos","description":"Prov\u00edncia Franciscana da Imaculada Concei\u00e7\u00e3o do Brasil - Ordem dos Frades Menores - OFM","potentialAction":[{"@type":"SearchAction","target":{"@type":"EntryPoint","urlTemplate":"https:\/\/franciscanos.org.br\/noticias\/?s={search_term_string}"},"query-input":"required name=search_term_string"}],"inLanguage":"pt-BR"},{"@type":"ImageObject","inLanguage":"pt-BR","@id":"https:\/\/franciscanos.org.br\/noticias\/frades-da-conferencia-brasileira-e-cone-sul-se-reunem-em-franca-para-assembleia.html#primaryimage","url":"https:\/\/franciscanos.org.br\/noticias\/wp-content\/uploads\/2023\/04\/conesul01.jpg","contentUrl":"https:\/\/franciscanos.org.br\/noticias\/wp-content\/uploads\/2023\/04\/conesul01.jpg","width":1280,"height":720},{"@type":"WebPage","@id":"https:\/\/franciscanos.org.br\/noticias\/frades-da-conferencia-brasileira-e-cone-sul-se-reunem-em-franca-para-assembleia.html#webpage","url":"https:\/\/franciscanos.org.br\/noticias\/frades-da-conferencia-brasileira-e-cone-sul-se-reunem-em-franca-para-assembleia.html","name":"Frades da Confer\u00eancia Brasileira e Cone Sul se re\u00fanem em Franca para Assembleia - Not\u00edcias - Franciscanos","isPartOf":{"@id":"https:\/\/franciscanos.org.br\/noticias\/#website"},"primaryImageOfPage":{"@id":"https:\/\/franciscanos.org.br\/noticias\/frades-da-conferencia-brasileira-e-cone-sul-se-reunem-em-franca-para-assembleia.html#primaryimage"},"datePublished":"2023-04-25T17:16:09+00:00","dateModified":"2023-04-25T17:16:09+00:00","author":{"@id":"https:\/\/franciscanos.org.br\/noticias\/#\/schema\/person\/b5c8cba458c330ccff548b056e95a5d4"},"breadcrumb":{"@id":"https:\/\/franciscanos.org.br\/noticias\/frades-da-conferencia-brasileira-e-cone-sul-se-reunem-em-franca-para-assembleia.html#breadcrumb"},"inLanguage":"pt-BR","potentialAction":[{"@type":"ReadAction","target":["https:\/\/franciscanos.org.br\/noticias\/frades-da-conferencia-brasileira-e-cone-sul-se-reunem-em-franca-para-assembleia.html"]}]},{"@type":"BreadcrumbList","@id":"https:\/\/franciscanos.org.br\/noticias\/frades-da-conferencia-brasileira-e-cone-sul-se-reunem-em-franca-para-assembleia.html#breadcrumb","itemListElement":[{"@type":"ListItem","position":1,"name":"Home","item":"https:\/\/franciscanos.org.br\/noticias"},{"@type":"ListItem","position":2,"name":"Frades da Confer\u00eancia Brasileira e Cone Sul se re\u00fanem em Franca para Assembleia"}]},{"@type":"Person","@id":"https:\/\/franciscanos.org.br\/noticias\/#\/schema\/person\/b5c8cba458c330ccff548b056e95a5d4","name":"moacir","image":{"@type":"ImageObject","inLanguage":"pt-BR","@id":"https:\/\/franciscanos.org.br\/noticias\/#\/schema\/person\/image\/","url":"https:\/\/secure.gravatar.com\/avatar\/d08aa2ce4c8dd416d4479aa8536fcf64?s=96&d=mm&r=g","contentUrl":"https:\/\/secure.gravatar.com\/avatar\/d08aa2ce4c8dd416d4479aa8536fcf64?s=96&d=mm&r=g","caption":"moacir"},"url":"https:\/\/franciscanos.org.br\/noticias\/author\/moacir"}]}},"_links":{"self":[{"href":"https:\/\/franciscanos.org.br\/noticias\/wp-json\/wp\/v2\/posts\/243060"}],"collection":[{"href":"https:\/\/franciscanos.org.br\/noticias\/wp-json\/wp\/v2\/posts"}],"about":[{"href":"https:\/\/franciscanos.org.br\/noticias\/wp-json\/wp\/v2\/types\/post"}],"author":[{"embeddable":true,"href":"https:\/\/franciscanos.org.br\/noticias\/wp-json\/wp\/v2\/users\/3"}],"replies":[{"embeddable":true,"href":"https:\/\/franciscanos.org.br\/noticias\/wp-json\/wp\/v2\/comments?post=243060"}],"version-history":[{"count":1,"href":"https:\/\/franciscanos.org.br\/noticias\/wp-json\/wp\/v2\/posts\/243060\/revisions"}],"predecessor-version":[{"id":243064,"href":"https:\/\/franciscanos.org.br\/noticias\/wp-json\/wp\/v2\/posts\/243060\/revisions\/243064"}],"wp:featuredmedia":[{"embeddable":true,"href":"https:\/\/franciscanos.org.br\/noticias\/wp-json\/wp\/v2\/media\/243061"}],"wp:attachment":[{"href":"https:\/\/franciscanos.org.br\/noticias\/wp-json\/wp\/v2\/media?parent=243060"}],"wp:term":[{"taxonomy":"category","embeddable":true,"href":"https:\/\/franciscanos.org.br\/noticias\/wp-json\/wp\/v2\/categories?post=243060"},{"taxonomy":"post_tag","embeddable":true,"href":"https:\/\/franciscanos.org.br\/noticias\/wp-json\/wp\/v2\/tags?post=243060"}],"curies":[{"name":"wp","href":"https:\/\/api.w.org\/{rel}","templated":true}]}}