{"id":243044,"date":"2023-04-24T16:30:26","date_gmt":"2023-04-24T19:30:26","guid":{"rendered":"https:\/\/franciscanos.org.br\/noticias\/?p=243044"},"modified":"2023-04-26T07:00:38","modified_gmt":"2023-04-26T10:00:38","slug":"jaimecnbb","status":"publish","type":"post","link":"https:\/\/franciscanos.org.br\/noticias\/jaimecnbb.html","title":{"rendered":"Dom Jaime Spengler \u00e9 eleito presidente da CNBB"},"content":{"rendered":"<div id=\"attachment_243045\" style=\"width: 1290px\" class=\"wp-caption alignnone\"><img aria-describedby=\"caption-attachment-243045\" loading=\"lazy\" class=\"wp-image-243045 size-full\" src=\"https:\/\/franciscanos.org.br\/noticias\/wp-content\/uploads\/2023\/04\/jaime.jpg\" alt=\"\" width=\"1280\" height=\"720\" srcset=\"https:\/\/franciscanos.org.br\/noticias\/wp-content\/uploads\/2023\/04\/jaime.jpg 1280w, https:\/\/franciscanos.org.br\/noticias\/wp-content\/uploads\/2023\/04\/jaime-450x253.jpg 450w, https:\/\/franciscanos.org.br\/noticias\/wp-content\/uploads\/2023\/04\/jaime-1024x576.jpg 1024w, https:\/\/franciscanos.org.br\/noticias\/wp-content\/uploads\/2023\/04\/jaime-768x432.jpg 768w, https:\/\/franciscanos.org.br\/noticias\/wp-content\/uploads\/2023\/04\/jaime-150x84.jpg 150w\" sizes=\"(max-width: 1280px) 100vw, 1280px\" \/><p id=\"caption-attachment-243045\" class=\"wp-caption-text\">\u00a0 \u00a0 \u00a0 \u00a0 \u00a0 \u00a0 \u00a0 \u00a0 \u00a0 \u00a0 \u00a0 \u00a0 \u00a0 \u00a0 \u00a0 \u00a0 \u00a0 \u00a0 \u00a0 \u00a0 \u00a0 \u00a0 \u00a0 \u00a0 \u00a0 \u00a0 \u00a0 \u00a0 \u00a0 \u00a0 \u00a0 \u00a0 \u00a0 \u00a0 \u00a0 \u00a0 \u00a0 \u00a0 \u00a0 \u00a0 \u00a0 \u00a0 \u00a0 \u00a0 \u00a0 \u00a0 \u00a0 \u00a0 \u00a0 \u00a0 \u00a0 \u00a0 \u00a0 \u00a0 \u00a0 \u00a0 \u00a0 \u00a0 \u00a0 \u00a0 <em>\u00a0 \u00a0 \u00a0 \u00a0Imagem: CNBB<\/em><\/p><\/div>\n<p>O arcebispo metropolitano de Porto Alegre, Dom Jaime Spengler, foi eleito na tarde desta segunda-feira (24) presidente da Confer\u00eancia Nacional dos Bispos do Brasil (CNBB). O pleito aconteceu na segunda-feira e o an\u00fancio foi realizado pouco depois das 16h, ap\u00f3s tr\u00eas escrut\u00ednios. O mandato como presidente ser\u00e1 cumprido at\u00e9 o ano de 2027. Dom Jaime \u00e9 o atual 1\u00ba vice-presidente da CNBB, cujo mandato teve in\u00edcio em 2019. A posse como presidente ainda ter\u00e1 a sua data confirmada juntamente com os vice-presidentes e o secret\u00e1rio-geral.<\/p>\n<p>Dom Jaime foi eleito em terceiro escrut\u00ednio, por maioria simples, totalizando 210 votos recebidos. \u201cCom humildade, simplicidade, temor e tremor, mas sobretudo na f\u00e9, em esp\u00edrito de comunh\u00e3o e colabora\u00e7\u00e3o recebo o resultado\u201d, declarou o novo presidente da CNBB.<\/p>\n<p>J\u00e1 como 1\u00ba vice-presidente foi eleito Dom Jo\u00e3o Justino. Dom Jo\u00e3o Justino \u00e9 arcebispo de Goi\u00e2nia (GO), tem 56 anos e foi ordenado bispo em 2012. Seu lema episcopal \u00e9: \u201cPara dar testemunho da Luz\u201d. O bispo estava atuando como presidente da Comiss\u00e3o Episcopal para a Cultura e a Educa\u00e7\u00e3o da CNBB.<\/p>\n<p>Foi escolhido como 2\u00ba vice-presidente: Dom Paulo Jackson. Dom Paulo Jackson \u00e9 bispo da Diocese de Garanhuns (PE), tem 54 anos e foi ordenado bispo em 2015. Seu lema episcopal \u00e9 \u201cIn Verbo Tuo\u201d. Atua desde 2019 como presidente da Regional Nordeste 2 da CNBB, onde tamb\u00e9m desempenha a fun\u00e7\u00e3o de referencial para a Doutrina da F\u00e9. Em seu primeiro pronunciamento afirmou que aceitou o cargo porque acredita que a tarefa principal da CNBB \u00e9 evangelizar.<\/p>\n<p>J\u00e1 como secret\u00e1rio-geral da CNBB foi escolhido Dom Ricardo Hoepers. Dom Ricardo \u00e9 bispo da Diocese de Rio Grande, tem 52 anos e foi ordenado bispo em 2016. Seu lema episcopal \u201cElige Ergo Vitam\u201d \u2013 Escolha a vida. O bispo ocupava a cadeira da presid\u00eancia da Comiss\u00e3o para a Vida e a Fam\u00edlia.<\/p>\n<p><strong>DOM JAIME<\/strong><\/p>\n<p>Catarinense de Gaspar, Dom Jaime Spengler tem 62 anos. No m\u00eas de novembro de 2023,\u00a0 completa dez anos como arcebispo de Porto Alegre. Sua ordena\u00e7\u00e3o episcopal ocorreu em fevereiro de 2011 em sua cidade natal, Gaspar (SC), quando foi nomeado bispo auxiliar da Arquidiocese de Porto Alegre. Dom Jaime Spengler tamb\u00e9m \u00e9 membro do Culto Divino e Disciplina dos Sacramentos no Vaticano.<\/p>\n<p>Pela primeira vez na hist\u00f3ria da CNBB caber\u00e1 ao arcebispo de Porto Alegre \u00e0 presid\u00eancia da confer\u00eancia, que foi ocupada de maneira interina pelo cardeal Dom Vicente Scherer (1903-1996). Dom Jaime Spengler ser\u00e1 o segundo catarinense a ocupar a posi\u00e7\u00e3o &#8211; o primeiro foi Dom Jaime de Barros C\u00e2mara, entre os anos de 1958 e 1963.<\/p>\n<p><strong>Avalia\u00e7\u00e3o do per\u00edodo como vice-presidente<\/strong><\/p>\n<p>Dom Jaime Spengler foi membro da presid\u00eancia da CNBB como 1\u00ba vice-presidente entre os anos de 2019 e 2023. Durante o per\u00edodo, o arcebispo de Porto Alegre destacou as principais realiza\u00e7\u00f5es \u00e0 frente da entidade.\u00a0\u201cA pandemia do Covid-19 exigiu decis\u00f5es e posi\u00e7\u00f5es desafiadoras. Foram tempos delicados que proporcionaram caminhos at\u00e9 ent\u00e3o inimagin\u00e1veis e, portanto, aprendizados. O contexto socio-pol\u00edtico-eclesial tamb\u00e9m exigiu senso cr\u00edtico, bom senso, determina\u00e7\u00e3o\u201d, destacou Dom Jaime Spengler.<\/p>\n<p>Em entrevista ao portal da CNBB, o arcebispo de Porto Alegre enumerou alguns desafios futuros da confer\u00eancia. \u201cExperimentamos uma s\u00e9rie de crises: crise econ\u00f4mica, pol\u00edtica, social, do humanismo, \u00e9tica, eclesial, de f\u00e9. Neste contexto, a Confer\u00eancia certamente dever\u00e1 pautar suas a\u00e7\u00f5es. A refer\u00eancia maior ser\u00e1 sempre o Evangelho do Crucificado-Ressuscitado, a Doutrina Social da Igreja e a Tradi\u00e7\u00e3o. A disposi\u00e7\u00e3o ser\u00e1 certamente a de promover o bem comum e o cuidado pela vida nas suas diversas express\u00f5es, a fim de que todos possam ter vida e vida em abund\u00e2ncia.\u201d<\/p>\n<p><strong>Atua\u00e7\u00e3o de Dom Jaime Spengler\u00a0 na CNBB<\/strong><\/p>\n<p>No quadri\u00eanio de 2011 a 2015, foi membro da Comiss\u00e3o Episcopal Pastoral para os Minist\u00e9rios Ordenado e a Vida Consagrada da CNBB. Em 2015, foi eleito presidente desta comiss\u00e3o. Entre os destaques de sua atua\u00e7\u00e3o \u00e0 frente do colegiado, consta a aprova\u00e7\u00e3o das novas Diretrizes para a Forma\u00e7\u00e3o de Presb\u00edteros da Igreja no Brasil, em 2018.<\/p>\n<p>Em maio de 2019, foi eleito primeiro vice-presidente da CNBB. Tamb\u00e9m \u00e9 o bispo referencial da CNBB para o Col\u00e9gio Pio Brasileiro, em Roma. Exerce ainda as fun\u00e7\u00f5es de vice-presidente da Comiss\u00e3o Especial para o Acordo Brasil-Santa S\u00e9 da CNBB e bispo referencial CNBB \u2013 Regional Sul 3 para Vida Consagrada e Minist\u00e9rios Ordenados.<\/p>\n<p><strong>Rio Grande do Sul e a CNBB<\/strong><\/p>\n<p>Esta ser\u00e1 a quarta vez que um bispo exercendo o minist\u00e9rio no Rio Grande do Sul ocupar\u00e1 a presid\u00eancia da CNBB. O primeiro foi Dom Alo\u00edsio Lorscheider, eleito no ano de 1971, quando era bispo da Diocese de Santo \u00c2ngelo. Em abril de 1973, foi transferido para a Arquidiocese de Fortaleza (CE).<\/p>\n<p>O segundo foi Dom Ivo Lorscheiter, que foi bispo auxiliar da Arquidiocese de Porto Alegre entre os anos de 1965 e 1974, quando foi nomeado bispo da ent\u00e3o diocese hoje Arquidiocese de Santa Maria (RS). Dom Ivo foi presidente da CNBB em dois mandatos &#8211; 1971 at\u00e9 1975 e 1975 at\u00e9 1978.<\/p>\n<p>O terceiro bispo foi o atual arcebispo em\u00e9rito da Arquidiocese de Pelotas, Dom Jayme Henrique Chemello, que ocupou a presid\u00eancia da CNBB entre os anos de 1999 e 2002. Em 1994, o prelado foi eleito 1\u00ba vice-presidente e assumiu a presid\u00eancia em 1998, com a transfer\u00eancia do ent\u00e3o presidente, Dom Lucas Moreira Neves, para Roma.<\/p>\n<p>O cardeal Dom Vicente Scherer (1903-1996), arcebispo de Porto Alegre entre os anos de 1947 e 1981, ocupou a 1\u00aa vice-presid\u00eancia da CNBB entre os anos de 1968 e 1971. Dom Vicente participou desde a sua funda\u00e7\u00e3o da Comiss\u00e3o Central da Confer\u00eancia Nacional dos Bispos do Brasil, a CNBB; tendo dirigido o Secretariado Nacional do Apostolado dos Leigos, ocupou interinamente o cargo de presidente.<\/p>\n<p>Frade da Prov\u00edncia da Imaculada Concei\u00e7\u00e3o<br \/>\nDom Jaime Spengler nasceu em 6 de setembro de 1960, em Gaspar (SC). Ingressou na Ordem dos Frades Menores, tamb\u00e9m conhecida por Ordem de S\u00e3o Francisco (Franciscanos) em 20 de janeiro de 1982, pela admiss\u00e3o no Noviciado na cidade de Rodeio (SC). Cursou Filosofia no Instituto Filos\u00f3fico S\u00e3o Boaventura, de Campo Largo (PR), e Teologia no Instituto Teol\u00f3gico Franciscano de Petr\u00f3polis (RJ), concluindo-o no Instituto Teol\u00f3gico de Jerusal\u00e9m, em Israel.<\/p>\n<p>Foi ordenado sacerdote em 17 de novembro de 1990, na sua cidade natal. Fez doutorado em Filosofia na Pontif\u00edcia Universidade Antonianum, em Roma, e atuou dentro da Ordem dos Frades Menores em diversas miss\u00f5es e cidades do pa\u00eds at\u00e9 2010, quando foi nomeado pelo Papa Bento XVI como bispo auxiliar da arquidiocese de Porto Alegre. A ordena\u00e7\u00e3o episcopal, presidida por dom Lorenzo Baldisseri, n\u00fancio apost\u00f3lico no Brasil na ocasi\u00e3o, ocorreu dia 5 de fevereiro de 2011, na par\u00f3quia S\u00e3o Pedro Ap\u00f3stolo, em Gaspar.<\/p>\n<p>Dom Jaime Spengler \u00e9 arcebispo metropolitano de Porto Alegre desde 18 de setembro de 2013, quando foi nomeado pelo Papa Francisco que, concomitantemente, recebeu o pedido de ren\u00fancia de dom Dadeus Grings. Escolheu como seu lema episcopal \u201cGloriar-se na Cruz\u201d (Cl 6,14) \u2013 In Cruce Gloriari.<\/p>\n<hr \/>\n<p><em>Fonte: Arquidiocese de Porto Alegre (texto de\u00a0Marcos Koboldt)<\/em><\/p>\n<hr \/>\n<p><em>Fonte: CNBB<\/em><\/p>\n","protected":false},"excerpt":{"rendered":"<p>CNBB<\/p>\n","protected":false},"author":3,"featured_media":243045,"comment_status":"open","ping_status":"open","sticky":false,"template":"","format":"standard","meta":[],"categories":[1],"tags":[449],"acf":[],"yoast_head":"<!-- This site is optimized with the Yoast SEO plugin v19.2 - https:\/\/yoast.com\/wordpress\/plugins\/seo\/ -->\n<title>Dom Jaime Spengler \u00e9 eleito presidente da CNBB - Not\u00edcias - Franciscanos<\/title>\n<meta name=\"robots\" content=\"index, follow, max-snippet:-1, max-image-preview:large, max-video-preview:-1\" \/>\n<link rel=\"canonical\" href=\"https:\/\/franciscanos.org.br\/noticias\/jaimecnbb.html\" \/>\n<meta property=\"og:locale\" content=\"pt_BR\" \/>\n<meta property=\"og:type\" content=\"article\" \/>\n<meta property=\"og:title\" content=\"Dom Jaime Spengler \u00e9 eleito presidente da CNBB - Not\u00edcias - Franciscanos\" \/>\n<meta property=\"og:description\" content=\"CNBB\" \/>\n<meta property=\"og:url\" content=\"https:\/\/franciscanos.org.br\/noticias\/jaimecnbb.html\" \/>\n<meta property=\"og:site_name\" content=\"Not\u00edcias - Franciscanos\" \/>\n<meta property=\"article:published_time\" content=\"2023-04-24T19:30:26+00:00\" \/>\n<meta property=\"article:modified_time\" content=\"2023-04-26T10:00:38+00:00\" \/>\n<meta property=\"og:image\" content=\"https:\/\/franciscanos.org.br\/noticias\/wp-content\/uploads\/2023\/04\/jaime.jpg\" \/>\n\t<meta property=\"og:image:width\" content=\"1280\" \/>\n\t<meta property=\"og:image:height\" content=\"720\" \/>\n\t<meta property=\"og:image:type\" content=\"image\/jpeg\" \/>\n<meta name=\"author\" content=\"moacir\" \/>\n<meta name=\"twitter:card\" content=\"summary_large_image\" \/>\n<meta name=\"twitter:label1\" content=\"Escrito por\" \/>\n\t<meta name=\"twitter:data1\" content=\"moacir\" \/>\n\t<meta name=\"twitter:label2\" content=\"Est. tempo de leitura\" \/>\n\t<meta name=\"twitter:data2\" content=\"6 minutos\" \/>\n<script type=\"application\/ld+json\" class=\"yoast-schema-graph\">{\"@context\":\"https:\/\/schema.org\",\"@graph\":[{\"@type\":\"WebSite\",\"@id\":\"https:\/\/franciscanos.org.br\/noticias\/#website\",\"url\":\"https:\/\/franciscanos.org.br\/noticias\/\",\"name\":\"Not\u00edcias - Franciscanos\",\"description\":\"Prov\u00edncia Franciscana da Imaculada Concei\u00e7\u00e3o do Brasil - Ordem dos Frades Menores - OFM\",\"potentialAction\":[{\"@type\":\"SearchAction\",\"target\":{\"@type\":\"EntryPoint\",\"urlTemplate\":\"https:\/\/franciscanos.org.br\/noticias\/?s={search_term_string}\"},\"query-input\":\"required name=search_term_string\"}],\"inLanguage\":\"pt-BR\"},{\"@type\":\"ImageObject\",\"inLanguage\":\"pt-BR\",\"@id\":\"https:\/\/franciscanos.org.br\/noticias\/jaimecnbb.html#primaryimage\",\"url\":\"https:\/\/franciscanos.org.br\/noticias\/wp-content\/uploads\/2023\/04\/jaime.jpg\",\"contentUrl\":\"https:\/\/franciscanos.org.br\/noticias\/wp-content\/uploads\/2023\/04\/jaime.jpg\",\"width\":1280,\"height\":720},{\"@type\":\"WebPage\",\"@id\":\"https:\/\/franciscanos.org.br\/noticias\/jaimecnbb.html#webpage\",\"url\":\"https:\/\/franciscanos.org.br\/noticias\/jaimecnbb.html\",\"name\":\"Dom Jaime Spengler \u00e9 eleito presidente da CNBB - Not\u00edcias - Franciscanos\",\"isPartOf\":{\"@id\":\"https:\/\/franciscanos.org.br\/noticias\/#website\"},\"primaryImageOfPage\":{\"@id\":\"https:\/\/franciscanos.org.br\/noticias\/jaimecnbb.html#primaryimage\"},\"datePublished\":\"2023-04-24T19:30:26+00:00\",\"dateModified\":\"2023-04-26T10:00:38+00:00\",\"author\":{\"@id\":\"https:\/\/franciscanos.org.br\/noticias\/#\/schema\/person\/b5c8cba458c330ccff548b056e95a5d4\"},\"breadcrumb\":{\"@id\":\"https:\/\/franciscanos.org.br\/noticias\/jaimecnbb.html#breadcrumb\"},\"inLanguage\":\"pt-BR\",\"potentialAction\":[{\"@type\":\"ReadAction\",\"target\":[\"https:\/\/franciscanos.org.br\/noticias\/jaimecnbb.html\"]}]},{\"@type\":\"BreadcrumbList\",\"@id\":\"https:\/\/franciscanos.org.br\/noticias\/jaimecnbb.html#breadcrumb\",\"itemListElement\":[{\"@type\":\"ListItem\",\"position\":1,\"name\":\"Home\",\"item\":\"https:\/\/franciscanos.org.br\/noticias\"},{\"@type\":\"ListItem\",\"position\":2,\"name\":\"Dom Jaime Spengler \u00e9 eleito presidente da CNBB\"}]},{\"@type\":\"Person\",\"@id\":\"https:\/\/franciscanos.org.br\/noticias\/#\/schema\/person\/b5c8cba458c330ccff548b056e95a5d4\",\"name\":\"moacir\",\"image\":{\"@type\":\"ImageObject\",\"inLanguage\":\"pt-BR\",\"@id\":\"https:\/\/franciscanos.org.br\/noticias\/#\/schema\/person\/image\/\",\"url\":\"https:\/\/secure.gravatar.com\/avatar\/d08aa2ce4c8dd416d4479aa8536fcf64?s=96&d=mm&r=g\",\"contentUrl\":\"https:\/\/secure.gravatar.com\/avatar\/d08aa2ce4c8dd416d4479aa8536fcf64?s=96&d=mm&r=g\",\"caption\":\"moacir\"},\"url\":\"https:\/\/franciscanos.org.br\/noticias\/author\/moacir\"}]}<\/script>\n<!-- \/ Yoast SEO plugin. -->","yoast_head_json":{"title":"Dom Jaime Spengler \u00e9 eleito presidente da CNBB - Not\u00edcias - Franciscanos","robots":{"index":"index","follow":"follow","max-snippet":"max-snippet:-1","max-image-preview":"max-image-preview:large","max-video-preview":"max-video-preview:-1"},"canonical":"https:\/\/franciscanos.org.br\/noticias\/jaimecnbb.html","og_locale":"pt_BR","og_type":"article","og_title":"Dom Jaime Spengler \u00e9 eleito presidente da CNBB - Not\u00edcias - Franciscanos","og_description":"CNBB","og_url":"https:\/\/franciscanos.org.br\/noticias\/jaimecnbb.html","og_site_name":"Not\u00edcias - Franciscanos","article_published_time":"2023-04-24T19:30:26+00:00","article_modified_time":"2023-04-26T10:00:38+00:00","og_image":[{"width":1280,"height":720,"url":"https:\/\/franciscanos.org.br\/noticias\/wp-content\/uploads\/2023\/04\/jaime.jpg","type":"image\/jpeg"}],"author":"moacir","twitter_card":"summary_large_image","twitter_misc":{"Escrito por":"moacir","Est. tempo de leitura":"6 minutos"},"schema":{"@context":"https:\/\/schema.org","@graph":[{"@type":"WebSite","@id":"https:\/\/franciscanos.org.br\/noticias\/#website","url":"https:\/\/franciscanos.org.br\/noticias\/","name":"Not\u00edcias - Franciscanos","description":"Prov\u00edncia Franciscana da Imaculada Concei\u00e7\u00e3o do Brasil - Ordem dos Frades Menores - OFM","potentialAction":[{"@type":"SearchAction","target":{"@type":"EntryPoint","urlTemplate":"https:\/\/franciscanos.org.br\/noticias\/?s={search_term_string}"},"query-input":"required name=search_term_string"}],"inLanguage":"pt-BR"},{"@type":"ImageObject","inLanguage":"pt-BR","@id":"https:\/\/franciscanos.org.br\/noticias\/jaimecnbb.html#primaryimage","url":"https:\/\/franciscanos.org.br\/noticias\/wp-content\/uploads\/2023\/04\/jaime.jpg","contentUrl":"https:\/\/franciscanos.org.br\/noticias\/wp-content\/uploads\/2023\/04\/jaime.jpg","width":1280,"height":720},{"@type":"WebPage","@id":"https:\/\/franciscanos.org.br\/noticias\/jaimecnbb.html#webpage","url":"https:\/\/franciscanos.org.br\/noticias\/jaimecnbb.html","name":"Dom Jaime Spengler \u00e9 eleito presidente da CNBB - Not\u00edcias - Franciscanos","isPartOf":{"@id":"https:\/\/franciscanos.org.br\/noticias\/#website"},"primaryImageOfPage":{"@id":"https:\/\/franciscanos.org.br\/noticias\/jaimecnbb.html#primaryimage"},"datePublished":"2023-04-24T19:30:26+00:00","dateModified":"2023-04-26T10:00:38+00:00","author":{"@id":"https:\/\/franciscanos.org.br\/noticias\/#\/schema\/person\/b5c8cba458c330ccff548b056e95a5d4"},"breadcrumb":{"@id":"https:\/\/franciscanos.org.br\/noticias\/jaimecnbb.html#breadcrumb"},"inLanguage":"pt-BR","potentialAction":[{"@type":"ReadAction","target":["https:\/\/franciscanos.org.br\/noticias\/jaimecnbb.html"]}]},{"@type":"BreadcrumbList","@id":"https:\/\/franciscanos.org.br\/noticias\/jaimecnbb.html#breadcrumb","itemListElement":[{"@type":"ListItem","position":1,"name":"Home","item":"https:\/\/franciscanos.org.br\/noticias"},{"@type":"ListItem","position":2,"name":"Dom Jaime Spengler \u00e9 eleito presidente da CNBB"}]},{"@type":"Person","@id":"https:\/\/franciscanos.org.br\/noticias\/#\/schema\/person\/b5c8cba458c330ccff548b056e95a5d4","name":"moacir","image":{"@type":"ImageObject","inLanguage":"pt-BR","@id":"https:\/\/franciscanos.org.br\/noticias\/#\/schema\/person\/image\/","url":"https:\/\/secure.gravatar.com\/avatar\/d08aa2ce4c8dd416d4479aa8536fcf64?s=96&d=mm&r=g","contentUrl":"https:\/\/secure.gravatar.com\/avatar\/d08aa2ce4c8dd416d4479aa8536fcf64?s=96&d=mm&r=g","caption":"moacir"},"url":"https:\/\/franciscanos.org.br\/noticias\/author\/moacir"}]}},"_links":{"self":[{"href":"https:\/\/franciscanos.org.br\/noticias\/wp-json\/wp\/v2\/posts\/243044"}],"collection":[{"href":"https:\/\/franciscanos.org.br\/noticias\/wp-json\/wp\/v2\/posts"}],"about":[{"href":"https:\/\/franciscanos.org.br\/noticias\/wp-json\/wp\/v2\/types\/post"}],"author":[{"embeddable":true,"href":"https:\/\/franciscanos.org.br\/noticias\/wp-json\/wp\/v2\/users\/3"}],"replies":[{"embeddable":true,"href":"https:\/\/franciscanos.org.br\/noticias\/wp-json\/wp\/v2\/comments?post=243044"}],"version-history":[{"count":5,"href":"https:\/\/franciscanos.org.br\/noticias\/wp-json\/wp\/v2\/posts\/243044\/revisions"}],"predecessor-version":[{"id":243068,"href":"https:\/\/franciscanos.org.br\/noticias\/wp-json\/wp\/v2\/posts\/243044\/revisions\/243068"}],"wp:featuredmedia":[{"embeddable":true,"href":"https:\/\/franciscanos.org.br\/noticias\/wp-json\/wp\/v2\/media\/243045"}],"wp:attachment":[{"href":"https:\/\/franciscanos.org.br\/noticias\/wp-json\/wp\/v2\/media?parent=243044"}],"wp:term":[{"taxonomy":"category","embeddable":true,"href":"https:\/\/franciscanos.org.br\/noticias\/wp-json\/wp\/v2\/categories?post=243044"},{"taxonomy":"post_tag","embeddable":true,"href":"https:\/\/franciscanos.org.br\/noticias\/wp-json\/wp\/v2\/tags?post=243044"}],"curies":[{"name":"wp","href":"https:\/\/api.w.org\/{rel}","templated":true}]}}