{"id":243040,"date":"2023-04-23T11:20:04","date_gmt":"2023-04-23T14:20:04","guid":{"rendered":"https:\/\/franciscanos.org.br\/noticias\/?p=243040"},"modified":"2023-04-23T11:20:04","modified_gmt":"2023-04-23T14:20:04","slug":"papa-e-importante-reler-a-historia-da-nossa-vida-junto-com-jesus","status":"publish","type":"post","link":"https:\/\/franciscanos.org.br\/noticias\/papa-e-importante-reler-a-historia-da-nossa-vida-junto-com-jesus.html","title":{"rendered":"Papa: \u00e9 importante reler a hist\u00f3ria da nossa vida junto com Jesus"},"content":{"rendered":"<div id=\"attachment_243041\" style=\"width: 1210px\" class=\"wp-caption alignnone\"><img aria-describedby=\"caption-attachment-243041\" loading=\"lazy\" class=\"wp-image-243041 size-full\" src=\"https:\/\/franciscanos.org.br\/noticias\/wp-content\/uploads\/2023\/04\/vatican_23.jpg\" alt=\"\" width=\"1200\" height=\"720\" srcset=\"https:\/\/franciscanos.org.br\/noticias\/wp-content\/uploads\/2023\/04\/vatican_23.jpg 1200w, https:\/\/franciscanos.org.br\/noticias\/wp-content\/uploads\/2023\/04\/vatican_23-450x270.jpg 450w, https:\/\/franciscanos.org.br\/noticias\/wp-content\/uploads\/2023\/04\/vatican_23-1024x614.jpg 1024w, https:\/\/franciscanos.org.br\/noticias\/wp-content\/uploads\/2023\/04\/vatican_23-768x461.jpg 768w, https:\/\/franciscanos.org.br\/noticias\/wp-content\/uploads\/2023\/04\/vatican_23-150x90.jpg 150w\" sizes=\"(max-width: 1200px) 100vw, 1200px\" \/><p id=\"caption-attachment-243041\" class=\"wp-caption-text\">\u00a0 \u00a0 \u00a0 \u00a0 \u00a0 \u00a0 \u00a0 \u00a0 \u00a0 \u00a0 \u00a0 \u00a0 \u00a0 \u00a0 \u00a0 \u00a0 \u00a0 \u00a0 \u00a0 \u00a0 \u00a0 \u00a0 \u00a0 \u00a0 \u00a0 \u00a0 \u00a0 \u00a0 \u00a0 \u00a0 \u00a0 \u00a0 \u00a0 \u00a0 \u00a0 \u00a0 \u00a0 \u00a0 \u00a0 \u00a0 \u00a0 \u00a0 \u00a0 \u00a0 \u00a0 \u00a0 \u00a0 \u00a0 \u00a0 \u00a0 \u00a0 \u00a0<em> \u00a0 \u00a0 \u00a0 \u00a0 \u00a0Imagem: Vatican Media<\/em><\/p><\/div>\n<p>O Papa Francisco rezou a ora\u00e7\u00e3o mariana do Regina Coeli, deste domingo, 23 de abril, com os fi\u00e9is e peregrinos reunidos na Pra\u00e7a S\u00e3o Pedro.<\/p>\n<p>Na alocu\u00e7\u00e3o que precedeu a ora\u00e7\u00e3o, o Pont\u00edfice recordou que neste III Domingo de P\u00e1scoa, &#8220;o Evangelho narra o encontro de Jesus ressuscitado com os disc\u00edpulos de Ema\u00fas&#8221;.<\/p>\n<p>&#8220;S\u00e3o dois disc\u00edpulos que, resignados com a morte do Mestre, no dia de P\u00e1scoa decidem deixar Jerusal\u00e9m e voltar para casa. Talvez estivessem um pouco inquietos porque ouviram as mulheres que vieram do Sepulcro. Enquanto caminham tristes conversando sobre o ocorrido, Jesus se une a eles, mas eles n\u00e3o o reconhecem&#8221;, sublinhou o Papa.<\/p>\n<p>Jesus &#8220;pergunta por que est\u00e3o t\u00e3o tristes, e eles lhe dizem: \u00ab\u00c9s tu acaso o \u00fanico forasteiro em Jerusal\u00e9m que n\u00e3o sabe o que nela aconteceu estes dias?\u00bb&#8221; O Senhor pergunta: &#8220;O qu\u00ea? E eles lhe contam toda a hist\u00f3ria. Jesus lhes deixa contar a hist\u00f3ria. Enquanto caminham, os ajuda a reler os fatos de uma maneira diferente, \u00e0 luz das profecias, da Palavra de Deus, de tudo o que foi anunciado ao povo de Israel. Reler: \u00e9 o que Jesus faz com eles, ajuda a reler&#8221;, disse Francisco, detendo-se neste aspecto.<\/p>\n<p>Com efeito, tamb\u00e9m para n\u00f3s \u00e9 importante reler a nossa hist\u00f3ria junto com Jesus: a hist\u00f3ria da nossa vida, de um determinado per\u00edodo, dos nossos dias, com as desilus\u00f5es e esperan\u00e7as. Por outro lado, tamb\u00e9m n\u00f3s, como aqueles disc\u00edpulos, diante do que nos acontece podemos nos encontrar perdidos diante dos eventos, sozinhos e incertos, com muitas perguntas, preocupa\u00e7\u00f5es, desilus\u00f5es e muitas coisas.<\/p>\n<p>O Evangelho deste domingo &#8220;nos convida a contar tudo a Jesus, com sinceridade, sem medo de incomod\u00e1-lo, Ele escuta, sem medo de dizer coisas erradas, sem nos envergonharmos de nossa dificuldade para entender&#8221;. Segundo o Papa, &#8220;o Senhor fica feliz quando nos abrimos a Ele; s\u00f3 assim pode tomar-nos pela m\u00e3o, acompanhar-nos e fazer arder novamente o nosso cora\u00e7\u00e3o. Ent\u00e3o tamb\u00e9m n\u00f3s, como os disc\u00edpulos de Ema\u00fas, somos chamados a passar um tempo com Ele para que, ao anoitecer, Ele permane\u00e7a conosco&#8221;.<\/p>\n<p>A seguir, o Pont\u00edfice prop\u00f4s uma bela maneira de fazer isso: &#8220;dedicar um tempo, todas as noites, a um breve exame de consci\u00eancia&#8221;. Perguntar-se: &#8220;O que aconteceu hoje dentro de mim?&#8221;<\/p>\n<p>Trata-se de reler o dia com Jesus: abrir-lhe o cora\u00e7\u00e3o, levar-lhe as pessoas, as escolhas, os medos, as quedas e as esperan\u00e7as; todas as coisas que aconteceram, para aprender gradualmente a olhar as coisas com outros olhos, com os seus olhos e n\u00e3o apenas com os nossos. Podemos assim reviver a experi\u00eancia daqueles dois disc\u00edpulos. Diante do amor de Cristo, at\u00e9 o que parece cansativo e malsucedido pode aparecer sob outra luz: uma cruz dif\u00edcil de abra\u00e7ar, a escolha do perd\u00e3o diante de uma ofensa, uma vingan\u00e7a fracassada, o cansa\u00e7o do trabalho, a sinceridade que custa, as prova\u00e7\u00f5es da vida familiar poder\u00e3o aparecer-nos sob uma luz nova, a luz do Crucificado Ressuscitado, que sabe fazer de cada queda um passo adiante.<\/p>\n<p>&#8220;Mas para isso&#8221;, sublinhou Francisco, &#8220;\u00e9 importante retirar as defesas: deixar tempo e espa\u00e7o para Jesus, n\u00e3o lhe esconder nada, levar-lhe as mis\u00e9rias, deixar-se ferir pela sua verdade, deixar o cora\u00e7\u00e3o vibrar ao sopro de sua Palavra&#8221;.<\/p>\n<p>Podemos come\u00e7ar hoje, dedicando esta noite um momento de ora\u00e7\u00e3o durante o qual nos perguntar: como foi o meu dia? Quais as alegrias, as tristezas, as coisas chatas? Como foi? O que aconteceu? Quais foram suas p\u00e9rolas do dia, talvez escondidas, pelas quais agradecer? Houve um pouco de amor no que eu fiz? Quais s\u00e3o as quedas, as tristezas, as d\u00favidas e medos para levar a Jesus a fim de que Ele me abra novos caminhos, me levante e me encoraje?<\/p>\n<p>&#8220;Que Maria, Virgem s\u00e1bia, nos ajude a reconhecer Jesus que caminha conosco e a reler, a palavra \u00e9 reler, diante Dele todos os dias de nossas vidas&#8221;, concluiu o Papa.<\/p>\n<hr \/>\n<p><em>Fonte: Vatican News (texto de Mariangela Jaguraba)<\/em><\/p>\n","protected":false},"excerpt":{"rendered":"<p>Regina Coeli<\/p>\n","protected":false},"author":3,"featured_media":243041,"comment_status":"open","ping_status":"open","sticky":false,"template":"","format":"standard","meta":[],"categories":[1428],"tags":[564],"acf":[],"yoast_head":"<!-- This site is optimized with the Yoast SEO plugin v19.2 - https:\/\/yoast.com\/wordpress\/plugins\/seo\/ -->\n<title>Papa: \u00e9 importante reler a hist\u00f3ria da nossa vida junto com Jesus - Not\u00edcias - Franciscanos<\/title>\n<meta name=\"robots\" content=\"index, follow, max-snippet:-1, max-image-preview:large, max-video-preview:-1\" \/>\n<link rel=\"canonical\" href=\"https:\/\/franciscanos.org.br\/noticias\/papa-e-importante-reler-a-historia-da-nossa-vida-junto-com-jesus.html\" \/>\n<meta property=\"og:locale\" content=\"pt_BR\" \/>\n<meta property=\"og:type\" content=\"article\" \/>\n<meta property=\"og:title\" content=\"Papa: \u00e9 importante reler a hist\u00f3ria da nossa vida junto com Jesus - Not\u00edcias - Franciscanos\" \/>\n<meta property=\"og:description\" content=\"Regina Coeli\" \/>\n<meta property=\"og:url\" content=\"https:\/\/franciscanos.org.br\/noticias\/papa-e-importante-reler-a-historia-da-nossa-vida-junto-com-jesus.html\" \/>\n<meta property=\"og:site_name\" content=\"Not\u00edcias - Franciscanos\" \/>\n<meta property=\"article:published_time\" content=\"2023-04-23T14:20:04+00:00\" \/>\n<meta property=\"og:image\" content=\"https:\/\/franciscanos.org.br\/noticias\/wp-content\/uploads\/2023\/04\/vatican_23.jpg\" \/>\n\t<meta property=\"og:image:width\" content=\"1200\" \/>\n\t<meta property=\"og:image:height\" content=\"720\" \/>\n\t<meta property=\"og:image:type\" content=\"image\/jpeg\" \/>\n<meta name=\"author\" content=\"moacir\" \/>\n<meta name=\"twitter:card\" content=\"summary_large_image\" \/>\n<meta name=\"twitter:label1\" content=\"Escrito por\" \/>\n\t<meta name=\"twitter:data1\" content=\"moacir\" \/>\n\t<meta name=\"twitter:label2\" content=\"Est. tempo de leitura\" \/>\n\t<meta name=\"twitter:data2\" content=\"4 minutos\" \/>\n<script type=\"application\/ld+json\" class=\"yoast-schema-graph\">{\"@context\":\"https:\/\/schema.org\",\"@graph\":[{\"@type\":\"WebSite\",\"@id\":\"https:\/\/franciscanos.org.br\/noticias\/#website\",\"url\":\"https:\/\/franciscanos.org.br\/noticias\/\",\"name\":\"Not\u00edcias - Franciscanos\",\"description\":\"Prov\u00edncia Franciscana da Imaculada Concei\u00e7\u00e3o do Brasil - Ordem dos Frades Menores - OFM\",\"potentialAction\":[{\"@type\":\"SearchAction\",\"target\":{\"@type\":\"EntryPoint\",\"urlTemplate\":\"https:\/\/franciscanos.org.br\/noticias\/?s={search_term_string}\"},\"query-input\":\"required name=search_term_string\"}],\"inLanguage\":\"pt-BR\"},{\"@type\":\"ImageObject\",\"inLanguage\":\"pt-BR\",\"@id\":\"https:\/\/franciscanos.org.br\/noticias\/papa-e-importante-reler-a-historia-da-nossa-vida-junto-com-jesus.html#primaryimage\",\"url\":\"https:\/\/franciscanos.org.br\/noticias\/wp-content\/uploads\/2023\/04\/vatican_23.jpg\",\"contentUrl\":\"https:\/\/franciscanos.org.br\/noticias\/wp-content\/uploads\/2023\/04\/vatican_23.jpg\",\"width\":1200,\"height\":720},{\"@type\":\"WebPage\",\"@id\":\"https:\/\/franciscanos.org.br\/noticias\/papa-e-importante-reler-a-historia-da-nossa-vida-junto-com-jesus.html#webpage\",\"url\":\"https:\/\/franciscanos.org.br\/noticias\/papa-e-importante-reler-a-historia-da-nossa-vida-junto-com-jesus.html\",\"name\":\"Papa: \u00e9 importante reler a hist\u00f3ria da nossa vida junto com Jesus - Not\u00edcias - Franciscanos\",\"isPartOf\":{\"@id\":\"https:\/\/franciscanos.org.br\/noticias\/#website\"},\"primaryImageOfPage\":{\"@id\":\"https:\/\/franciscanos.org.br\/noticias\/papa-e-importante-reler-a-historia-da-nossa-vida-junto-com-jesus.html#primaryimage\"},\"datePublished\":\"2023-04-23T14:20:04+00:00\",\"dateModified\":\"2023-04-23T14:20:04+00:00\",\"author\":{\"@id\":\"https:\/\/franciscanos.org.br\/noticias\/#\/schema\/person\/b5c8cba458c330ccff548b056e95a5d4\"},\"breadcrumb\":{\"@id\":\"https:\/\/franciscanos.org.br\/noticias\/papa-e-importante-reler-a-historia-da-nossa-vida-junto-com-jesus.html#breadcrumb\"},\"inLanguage\":\"pt-BR\",\"potentialAction\":[{\"@type\":\"ReadAction\",\"target\":[\"https:\/\/franciscanos.org.br\/noticias\/papa-e-importante-reler-a-historia-da-nossa-vida-junto-com-jesus.html\"]}]},{\"@type\":\"BreadcrumbList\",\"@id\":\"https:\/\/franciscanos.org.br\/noticias\/papa-e-importante-reler-a-historia-da-nossa-vida-junto-com-jesus.html#breadcrumb\",\"itemListElement\":[{\"@type\":\"ListItem\",\"position\":1,\"name\":\"Home\",\"item\":\"https:\/\/franciscanos.org.br\/noticias\"},{\"@type\":\"ListItem\",\"position\":2,\"name\":\"Papa: \u00e9 importante reler a hist\u00f3ria da nossa vida junto com Jesus\"}]},{\"@type\":\"Person\",\"@id\":\"https:\/\/franciscanos.org.br\/noticias\/#\/schema\/person\/b5c8cba458c330ccff548b056e95a5d4\",\"name\":\"moacir\",\"image\":{\"@type\":\"ImageObject\",\"inLanguage\":\"pt-BR\",\"@id\":\"https:\/\/franciscanos.org.br\/noticias\/#\/schema\/person\/image\/\",\"url\":\"https:\/\/secure.gravatar.com\/avatar\/d08aa2ce4c8dd416d4479aa8536fcf64?s=96&d=mm&r=g\",\"contentUrl\":\"https:\/\/secure.gravatar.com\/avatar\/d08aa2ce4c8dd416d4479aa8536fcf64?s=96&d=mm&r=g\",\"caption\":\"moacir\"},\"url\":\"https:\/\/franciscanos.org.br\/noticias\/author\/moacir\"}]}<\/script>\n<!-- \/ Yoast SEO plugin. -->","yoast_head_json":{"title":"Papa: \u00e9 importante reler a hist\u00f3ria da nossa vida junto com Jesus - Not\u00edcias - Franciscanos","robots":{"index":"index","follow":"follow","max-snippet":"max-snippet:-1","max-image-preview":"max-image-preview:large","max-video-preview":"max-video-preview:-1"},"canonical":"https:\/\/franciscanos.org.br\/noticias\/papa-e-importante-reler-a-historia-da-nossa-vida-junto-com-jesus.html","og_locale":"pt_BR","og_type":"article","og_title":"Papa: \u00e9 importante reler a hist\u00f3ria da nossa vida junto com Jesus - Not\u00edcias - Franciscanos","og_description":"Regina Coeli","og_url":"https:\/\/franciscanos.org.br\/noticias\/papa-e-importante-reler-a-historia-da-nossa-vida-junto-com-jesus.html","og_site_name":"Not\u00edcias - Franciscanos","article_published_time":"2023-04-23T14:20:04+00:00","og_image":[{"width":1200,"height":720,"url":"https:\/\/franciscanos.org.br\/noticias\/wp-content\/uploads\/2023\/04\/vatican_23.jpg","type":"image\/jpeg"}],"author":"moacir","twitter_card":"summary_large_image","twitter_misc":{"Escrito por":"moacir","Est. tempo de leitura":"4 minutos"},"schema":{"@context":"https:\/\/schema.org","@graph":[{"@type":"WebSite","@id":"https:\/\/franciscanos.org.br\/noticias\/#website","url":"https:\/\/franciscanos.org.br\/noticias\/","name":"Not\u00edcias - Franciscanos","description":"Prov\u00edncia Franciscana da Imaculada Concei\u00e7\u00e3o do Brasil - Ordem dos Frades Menores - OFM","potentialAction":[{"@type":"SearchAction","target":{"@type":"EntryPoint","urlTemplate":"https:\/\/franciscanos.org.br\/noticias\/?s={search_term_string}"},"query-input":"required name=search_term_string"}],"inLanguage":"pt-BR"},{"@type":"ImageObject","inLanguage":"pt-BR","@id":"https:\/\/franciscanos.org.br\/noticias\/papa-e-importante-reler-a-historia-da-nossa-vida-junto-com-jesus.html#primaryimage","url":"https:\/\/franciscanos.org.br\/noticias\/wp-content\/uploads\/2023\/04\/vatican_23.jpg","contentUrl":"https:\/\/franciscanos.org.br\/noticias\/wp-content\/uploads\/2023\/04\/vatican_23.jpg","width":1200,"height":720},{"@type":"WebPage","@id":"https:\/\/franciscanos.org.br\/noticias\/papa-e-importante-reler-a-historia-da-nossa-vida-junto-com-jesus.html#webpage","url":"https:\/\/franciscanos.org.br\/noticias\/papa-e-importante-reler-a-historia-da-nossa-vida-junto-com-jesus.html","name":"Papa: \u00e9 importante reler a hist\u00f3ria da nossa vida junto com Jesus - Not\u00edcias - Franciscanos","isPartOf":{"@id":"https:\/\/franciscanos.org.br\/noticias\/#website"},"primaryImageOfPage":{"@id":"https:\/\/franciscanos.org.br\/noticias\/papa-e-importante-reler-a-historia-da-nossa-vida-junto-com-jesus.html#primaryimage"},"datePublished":"2023-04-23T14:20:04+00:00","dateModified":"2023-04-23T14:20:04+00:00","author":{"@id":"https:\/\/franciscanos.org.br\/noticias\/#\/schema\/person\/b5c8cba458c330ccff548b056e95a5d4"},"breadcrumb":{"@id":"https:\/\/franciscanos.org.br\/noticias\/papa-e-importante-reler-a-historia-da-nossa-vida-junto-com-jesus.html#breadcrumb"},"inLanguage":"pt-BR","potentialAction":[{"@type":"ReadAction","target":["https:\/\/franciscanos.org.br\/noticias\/papa-e-importante-reler-a-historia-da-nossa-vida-junto-com-jesus.html"]}]},{"@type":"BreadcrumbList","@id":"https:\/\/franciscanos.org.br\/noticias\/papa-e-importante-reler-a-historia-da-nossa-vida-junto-com-jesus.html#breadcrumb","itemListElement":[{"@type":"ListItem","position":1,"name":"Home","item":"https:\/\/franciscanos.org.br\/noticias"},{"@type":"ListItem","position":2,"name":"Papa: \u00e9 importante reler a hist\u00f3ria da nossa vida junto com Jesus"}]},{"@type":"Person","@id":"https:\/\/franciscanos.org.br\/noticias\/#\/schema\/person\/b5c8cba458c330ccff548b056e95a5d4","name":"moacir","image":{"@type":"ImageObject","inLanguage":"pt-BR","@id":"https:\/\/franciscanos.org.br\/noticias\/#\/schema\/person\/image\/","url":"https:\/\/secure.gravatar.com\/avatar\/d08aa2ce4c8dd416d4479aa8536fcf64?s=96&d=mm&r=g","contentUrl":"https:\/\/secure.gravatar.com\/avatar\/d08aa2ce4c8dd416d4479aa8536fcf64?s=96&d=mm&r=g","caption":"moacir"},"url":"https:\/\/franciscanos.org.br\/noticias\/author\/moacir"}]}},"_links":{"self":[{"href":"https:\/\/franciscanos.org.br\/noticias\/wp-json\/wp\/v2\/posts\/243040"}],"collection":[{"href":"https:\/\/franciscanos.org.br\/noticias\/wp-json\/wp\/v2\/posts"}],"about":[{"href":"https:\/\/franciscanos.org.br\/noticias\/wp-json\/wp\/v2\/types\/post"}],"author":[{"embeddable":true,"href":"https:\/\/franciscanos.org.br\/noticias\/wp-json\/wp\/v2\/users\/3"}],"replies":[{"embeddable":true,"href":"https:\/\/franciscanos.org.br\/noticias\/wp-json\/wp\/v2\/comments?post=243040"}],"version-history":[{"count":1,"href":"https:\/\/franciscanos.org.br\/noticias\/wp-json\/wp\/v2\/posts\/243040\/revisions"}],"predecessor-version":[{"id":243042,"href":"https:\/\/franciscanos.org.br\/noticias\/wp-json\/wp\/v2\/posts\/243040\/revisions\/243042"}],"wp:featuredmedia":[{"embeddable":true,"href":"https:\/\/franciscanos.org.br\/noticias\/wp-json\/wp\/v2\/media\/243041"}],"wp:attachment":[{"href":"https:\/\/franciscanos.org.br\/noticias\/wp-json\/wp\/v2\/media?parent=243040"}],"wp:term":[{"taxonomy":"category","embeddable":true,"href":"https:\/\/franciscanos.org.br\/noticias\/wp-json\/wp\/v2\/categories?post=243040"},{"taxonomy":"post_tag","embeddable":true,"href":"https:\/\/franciscanos.org.br\/noticias\/wp-json\/wp\/v2\/tags?post=243040"}],"curies":[{"name":"wp","href":"https:\/\/api.w.org\/{rel}","templated":true}]}}