{"id":243034,"date":"2023-04-19T10:55:23","date_gmt":"2023-04-19T13:55:23","guid":{"rendered":"https:\/\/franciscanos.org.br\/noticias\/?p=243034"},"modified":"2023-04-19T17:56:39","modified_gmt":"2023-04-19T20:56:39","slug":"comemoracoes-da-semana-da-lingua-alema-em-petropolis","status":"publish","type":"post","link":"https:\/\/franciscanos.org.br\/noticias\/comemoracoes-da-semana-da-lingua-alema-em-petropolis.html","title":{"rendered":"Comemora\u00e7\u00f5es da Semana da L\u00edngua Alem\u00e3 em Petr\u00f3polis"},"content":{"rendered":"<p><img loading=\"lazy\" class=\"alignnone wp-image-243035 size-full\" src=\"https:\/\/franciscanos.org.br\/noticias\/wp-content\/uploads\/2023\/04\/alema_19.jpg\" alt=\"\" width=\"1280\" height=\"720\" srcset=\"https:\/\/franciscanos.org.br\/noticias\/wp-content\/uploads\/2023\/04\/alema_19.jpg 1280w, https:\/\/franciscanos.org.br\/noticias\/wp-content\/uploads\/2023\/04\/alema_19-450x253.jpg 450w, https:\/\/franciscanos.org.br\/noticias\/wp-content\/uploads\/2023\/04\/alema_19-1024x576.jpg 1024w, https:\/\/franciscanos.org.br\/noticias\/wp-content\/uploads\/2023\/04\/alema_19-768x432.jpg 768w, https:\/\/franciscanos.org.br\/noticias\/wp-content\/uploads\/2023\/04\/alema_19-150x84.jpg 150w\" sizes=\"(max-width: 1280px) 100vw, 1280px\" \/><\/p>\n<p>H\u00e1 sete anos, os consulados de l\u00edngua alem\u00e3 pelo mundo t\u00eam realizado uma Semana da L\u00edngua Alem\u00e3 que visa promover a cultura e as tradi\u00e7\u00f5es germ\u00e2nicas, em especial, em regi\u00f5es que foram marcadas pela presen\u00e7a de povos dessas localidades. Neste ano, a semana ocorre de 12 a 19 de abril.<\/p>\n<p>A cidade de Petr\u00f3polis, profundamente marcada pela presen\u00e7a de povos germ\u00e2nicos, h\u00e1 quatro anos promove a\u00e7\u00f5es nessa Semana. O evento que marcou o in\u00edcio dessas comemora\u00e7\u00f5es neste ano de 2023 foi um Culto Ecum\u00eanico realizado pelos frades franciscanos da Igreja do Sagrado junto com os irm\u00e3os luteranos da cidade. O culto foi rezado em l\u00edngua alem\u00e3 e foi presidido por Frei Volney J. Berckenbrock e pelo Pastor Elton Pothin. A anima\u00e7\u00e3o dos cantos foi feita pelo Coral dos Frades, regido pelo maestro do Coral dos Canarinhos, Marco Aur\u00e9lio Lischt. Realizado na Igreja do Sagrado, o culto reuniu cat\u00f3licos e luteranos que lembraram a influ\u00eancia germ\u00e2nica na constru\u00e7\u00e3o dessas comunidades de f\u00e9 na cidade imperial.<\/p>\n<p><img loading=\"lazy\" class=\"alignnone wp-image-243036 size-full\" src=\"https:\/\/franciscanos.org.br\/noticias\/wp-content\/uploads\/2023\/04\/alema_19_2.jpg\" alt=\"\" width=\"1280\" height=\"669\" srcset=\"https:\/\/franciscanos.org.br\/noticias\/wp-content\/uploads\/2023\/04\/alema_19_2.jpg 1280w, https:\/\/franciscanos.org.br\/noticias\/wp-content\/uploads\/2023\/04\/alema_19_2-450x235.jpg 450w, https:\/\/franciscanos.org.br\/noticias\/wp-content\/uploads\/2023\/04\/alema_19_2-1024x535.jpg 1024w, https:\/\/franciscanos.org.br\/noticias\/wp-content\/uploads\/2023\/04\/alema_19_2-768x401.jpg 768w, https:\/\/franciscanos.org.br\/noticias\/wp-content\/uploads\/2023\/04\/alema_19_2-150x78.jpg 150w\" sizes=\"(max-width: 1280px) 100vw, 1280px\" \/><\/p>\n<p>No final de semana dessa Semana da L\u00edngua Alem\u00e3, os frades da fraternidade local juntamente com a Par\u00f3quia do Sagrado, o Segmento Germ\u00e2nico do munic\u00edpio, os Canarinhos de Petr\u00f3polis, a Editora Vozes e com o Cursinho que deu certo; promoveram a primeira edi\u00e7\u00e3o de uma Feira Alem\u00e3, a <em>Freimarkt, <\/em>que faz um jogo com a palavra \u201cFrei\u201d que em alem\u00e3o significa \u201clivre\u201d, mas tamb\u00e9m faz uma refer\u00eancia aos \u201cfrades\u201d, em portugu\u00eas.<\/p>\n<p>A Feira contou com eventos culturais, como a apresenta\u00e7\u00e3o dos Aprendizes dos Canarinhos de Petr\u00f3polis e do Coral das Meninas dos Canarinhos de Petr\u00f3polis no s\u00e1bado, dia 15. J\u00e1 no domingo, dia 16, houve uma apresenta\u00e7\u00e3o de dan\u00e7a alem\u00e3 com a participa\u00e7\u00e3o de um grupo folcl\u00f3rico de Petr\u00f3polis e tamb\u00e9m oficinas de pintura de Ovos de P\u00e1scoa e confec\u00e7\u00e3o de lanternas.<\/p>\n<p>Os frades tamb\u00e9m ofereceram no domingo um almo\u00e7o com comidas alem\u00e3s, o <em>Freiteller. <\/em>Foi um evento de trabalho conjunto de frades e do povo petropolitano na conserva\u00e7\u00e3o da cultura e da hist\u00f3ria alem\u00e3, t\u00e3o importantes para esta cidade e tamb\u00e9m da pr\u00f3pria Igreja e Convento do Sagrado Cora\u00e7\u00e3o de Jesus. <em>\u00a0<\/em><\/p>\n<p><img loading=\"lazy\" class=\"alignnone wp-image-243037 size-full\" src=\"https:\/\/franciscanos.org.br\/noticias\/wp-content\/uploads\/2023\/04\/alema_19_3.jpg\" alt=\"\" width=\"1080\" height=\"819\" srcset=\"https:\/\/franciscanos.org.br\/noticias\/wp-content\/uploads\/2023\/04\/alema_19_3.jpg 1080w, https:\/\/franciscanos.org.br\/noticias\/wp-content\/uploads\/2023\/04\/alema_19_3-450x341.jpg 450w, https:\/\/franciscanos.org.br\/noticias\/wp-content\/uploads\/2023\/04\/alema_19_3-1024x777.jpg 1024w, https:\/\/franciscanos.org.br\/noticias\/wp-content\/uploads\/2023\/04\/alema_19_3-768x582.jpg 768w, https:\/\/franciscanos.org.br\/noticias\/wp-content\/uploads\/2023\/04\/alema_19_3-150x114.jpg 150w\" sizes=\"(max-width: 1080px) 100vw, 1080px\" \/><\/p>\n<hr \/>\n<p><strong><em>Frei Jo\u00e3o Manoel Zechinatto<\/em><\/strong><\/p>\n","protected":false},"excerpt":{"rendered":"<p>Semana da L\u00edngua Alem\u00e3 <\/p>\n","protected":false},"author":3,"featured_media":243035,"comment_status":"open","ping_status":"open","sticky":false,"template":"","format":"standard","meta":[],"categories":[1],"tags":[1531,1766,190,2126],"acf":[],"yoast_head":"<!-- This site is optimized with the Yoast SEO plugin v19.2 - https:\/\/yoast.com\/wordpress\/plugins\/seo\/ -->\n<title>Comemora\u00e7\u00f5es da Semana da L\u00edngua Alem\u00e3 em Petr\u00f3polis - Not\u00edcias - Franciscanos<\/title>\n<meta name=\"robots\" content=\"index, follow, max-snippet:-1, max-image-preview:large, max-video-preview:-1\" \/>\n<link rel=\"canonical\" href=\"https:\/\/franciscanos.org.br\/noticias\/comemoracoes-da-semana-da-lingua-alema-em-petropolis.html\" \/>\n<meta property=\"og:locale\" content=\"pt_BR\" \/>\n<meta property=\"og:type\" content=\"article\" \/>\n<meta property=\"og:title\" content=\"Comemora\u00e7\u00f5es da Semana da L\u00edngua Alem\u00e3 em Petr\u00f3polis - Not\u00edcias - Franciscanos\" \/>\n<meta property=\"og:description\" content=\"Semana da L\u00edngua Alem\u00e3\" \/>\n<meta property=\"og:url\" content=\"https:\/\/franciscanos.org.br\/noticias\/comemoracoes-da-semana-da-lingua-alema-em-petropolis.html\" \/>\n<meta property=\"og:site_name\" content=\"Not\u00edcias - Franciscanos\" \/>\n<meta property=\"article:published_time\" content=\"2023-04-19T13:55:23+00:00\" \/>\n<meta property=\"article:modified_time\" content=\"2023-04-19T20:56:39+00:00\" \/>\n<meta property=\"og:image\" content=\"https:\/\/franciscanos.org.br\/noticias\/wp-content\/uploads\/2023\/04\/alema_19.jpg\" \/>\n\t<meta property=\"og:image:width\" content=\"1280\" \/>\n\t<meta property=\"og:image:height\" content=\"720\" \/>\n\t<meta property=\"og:image:type\" content=\"image\/jpeg\" \/>\n<meta name=\"author\" content=\"moacir\" \/>\n<meta name=\"twitter:card\" content=\"summary_large_image\" \/>\n<meta name=\"twitter:label1\" content=\"Escrito por\" \/>\n\t<meta name=\"twitter:data1\" content=\"moacir\" \/>\n\t<meta name=\"twitter:label2\" content=\"Est. tempo de leitura\" \/>\n\t<meta name=\"twitter:data2\" content=\"2 minutos\" \/>\n<script type=\"application\/ld+json\" class=\"yoast-schema-graph\">{\"@context\":\"https:\/\/schema.org\",\"@graph\":[{\"@type\":\"WebSite\",\"@id\":\"https:\/\/franciscanos.org.br\/noticias\/#website\",\"url\":\"https:\/\/franciscanos.org.br\/noticias\/\",\"name\":\"Not\u00edcias - Franciscanos\",\"description\":\"Prov\u00edncia Franciscana da Imaculada Concei\u00e7\u00e3o do Brasil - Ordem dos Frades Menores - OFM\",\"potentialAction\":[{\"@type\":\"SearchAction\",\"target\":{\"@type\":\"EntryPoint\",\"urlTemplate\":\"https:\/\/franciscanos.org.br\/noticias\/?s={search_term_string}\"},\"query-input\":\"required name=search_term_string\"}],\"inLanguage\":\"pt-BR\"},{\"@type\":\"ImageObject\",\"inLanguage\":\"pt-BR\",\"@id\":\"https:\/\/franciscanos.org.br\/noticias\/comemoracoes-da-semana-da-lingua-alema-em-petropolis.html#primaryimage\",\"url\":\"https:\/\/franciscanos.org.br\/noticias\/wp-content\/uploads\/2023\/04\/alema_19.jpg\",\"contentUrl\":\"https:\/\/franciscanos.org.br\/noticias\/wp-content\/uploads\/2023\/04\/alema_19.jpg\",\"width\":1280,\"height\":720},{\"@type\":\"WebPage\",\"@id\":\"https:\/\/franciscanos.org.br\/noticias\/comemoracoes-da-semana-da-lingua-alema-em-petropolis.html#webpage\",\"url\":\"https:\/\/franciscanos.org.br\/noticias\/comemoracoes-da-semana-da-lingua-alema-em-petropolis.html\",\"name\":\"Comemora\u00e7\u00f5es da Semana da L\u00edngua Alem\u00e3 em Petr\u00f3polis - Not\u00edcias - Franciscanos\",\"isPartOf\":{\"@id\":\"https:\/\/franciscanos.org.br\/noticias\/#website\"},\"primaryImageOfPage\":{\"@id\":\"https:\/\/franciscanos.org.br\/noticias\/comemoracoes-da-semana-da-lingua-alema-em-petropolis.html#primaryimage\"},\"datePublished\":\"2023-04-19T13:55:23+00:00\",\"dateModified\":\"2023-04-19T20:56:39+00:00\",\"author\":{\"@id\":\"https:\/\/franciscanos.org.br\/noticias\/#\/schema\/person\/b5c8cba458c330ccff548b056e95a5d4\"},\"breadcrumb\":{\"@id\":\"https:\/\/franciscanos.org.br\/noticias\/comemoracoes-da-semana-da-lingua-alema-em-petropolis.html#breadcrumb\"},\"inLanguage\":\"pt-BR\",\"potentialAction\":[{\"@type\":\"ReadAction\",\"target\":[\"https:\/\/franciscanos.org.br\/noticias\/comemoracoes-da-semana-da-lingua-alema-em-petropolis.html\"]}]},{\"@type\":\"BreadcrumbList\",\"@id\":\"https:\/\/franciscanos.org.br\/noticias\/comemoracoes-da-semana-da-lingua-alema-em-petropolis.html#breadcrumb\",\"itemListElement\":[{\"@type\":\"ListItem\",\"position\":1,\"name\":\"Home\",\"item\":\"https:\/\/franciscanos.org.br\/noticias\"},{\"@type\":\"ListItem\",\"position\":2,\"name\":\"Comemora\u00e7\u00f5es da Semana da L\u00edngua Alem\u00e3 em Petr\u00f3polis\"}]},{\"@type\":\"Person\",\"@id\":\"https:\/\/franciscanos.org.br\/noticias\/#\/schema\/person\/b5c8cba458c330ccff548b056e95a5d4\",\"name\":\"moacir\",\"image\":{\"@type\":\"ImageObject\",\"inLanguage\":\"pt-BR\",\"@id\":\"https:\/\/franciscanos.org.br\/noticias\/#\/schema\/person\/image\/\",\"url\":\"https:\/\/secure.gravatar.com\/avatar\/d08aa2ce4c8dd416d4479aa8536fcf64?s=96&d=mm&r=g\",\"contentUrl\":\"https:\/\/secure.gravatar.com\/avatar\/d08aa2ce4c8dd416d4479aa8536fcf64?s=96&d=mm&r=g\",\"caption\":\"moacir\"},\"url\":\"https:\/\/franciscanos.org.br\/noticias\/author\/moacir\"}]}<\/script>\n<!-- \/ Yoast SEO plugin. -->","yoast_head_json":{"title":"Comemora\u00e7\u00f5es da Semana da L\u00edngua Alem\u00e3 em Petr\u00f3polis - Not\u00edcias - Franciscanos","robots":{"index":"index","follow":"follow","max-snippet":"max-snippet:-1","max-image-preview":"max-image-preview:large","max-video-preview":"max-video-preview:-1"},"canonical":"https:\/\/franciscanos.org.br\/noticias\/comemoracoes-da-semana-da-lingua-alema-em-petropolis.html","og_locale":"pt_BR","og_type":"article","og_title":"Comemora\u00e7\u00f5es da Semana da L\u00edngua Alem\u00e3 em Petr\u00f3polis - Not\u00edcias - Franciscanos","og_description":"Semana da L\u00edngua Alem\u00e3","og_url":"https:\/\/franciscanos.org.br\/noticias\/comemoracoes-da-semana-da-lingua-alema-em-petropolis.html","og_site_name":"Not\u00edcias - Franciscanos","article_published_time":"2023-04-19T13:55:23+00:00","article_modified_time":"2023-04-19T20:56:39+00:00","og_image":[{"width":1280,"height":720,"url":"https:\/\/franciscanos.org.br\/noticias\/wp-content\/uploads\/2023\/04\/alema_19.jpg","type":"image\/jpeg"}],"author":"moacir","twitter_card":"summary_large_image","twitter_misc":{"Escrito por":"moacir","Est. tempo de leitura":"2 minutos"},"schema":{"@context":"https:\/\/schema.org","@graph":[{"@type":"WebSite","@id":"https:\/\/franciscanos.org.br\/noticias\/#website","url":"https:\/\/franciscanos.org.br\/noticias\/","name":"Not\u00edcias - Franciscanos","description":"Prov\u00edncia Franciscana da Imaculada Concei\u00e7\u00e3o do Brasil - Ordem dos Frades Menores - OFM","potentialAction":[{"@type":"SearchAction","target":{"@type":"EntryPoint","urlTemplate":"https:\/\/franciscanos.org.br\/noticias\/?s={search_term_string}"},"query-input":"required name=search_term_string"}],"inLanguage":"pt-BR"},{"@type":"ImageObject","inLanguage":"pt-BR","@id":"https:\/\/franciscanos.org.br\/noticias\/comemoracoes-da-semana-da-lingua-alema-em-petropolis.html#primaryimage","url":"https:\/\/franciscanos.org.br\/noticias\/wp-content\/uploads\/2023\/04\/alema_19.jpg","contentUrl":"https:\/\/franciscanos.org.br\/noticias\/wp-content\/uploads\/2023\/04\/alema_19.jpg","width":1280,"height":720},{"@type":"WebPage","@id":"https:\/\/franciscanos.org.br\/noticias\/comemoracoes-da-semana-da-lingua-alema-em-petropolis.html#webpage","url":"https:\/\/franciscanos.org.br\/noticias\/comemoracoes-da-semana-da-lingua-alema-em-petropolis.html","name":"Comemora\u00e7\u00f5es da Semana da L\u00edngua Alem\u00e3 em Petr\u00f3polis - Not\u00edcias - Franciscanos","isPartOf":{"@id":"https:\/\/franciscanos.org.br\/noticias\/#website"},"primaryImageOfPage":{"@id":"https:\/\/franciscanos.org.br\/noticias\/comemoracoes-da-semana-da-lingua-alema-em-petropolis.html#primaryimage"},"datePublished":"2023-04-19T13:55:23+00:00","dateModified":"2023-04-19T20:56:39+00:00","author":{"@id":"https:\/\/franciscanos.org.br\/noticias\/#\/schema\/person\/b5c8cba458c330ccff548b056e95a5d4"},"breadcrumb":{"@id":"https:\/\/franciscanos.org.br\/noticias\/comemoracoes-da-semana-da-lingua-alema-em-petropolis.html#breadcrumb"},"inLanguage":"pt-BR","potentialAction":[{"@type":"ReadAction","target":["https:\/\/franciscanos.org.br\/noticias\/comemoracoes-da-semana-da-lingua-alema-em-petropolis.html"]}]},{"@type":"BreadcrumbList","@id":"https:\/\/franciscanos.org.br\/noticias\/comemoracoes-da-semana-da-lingua-alema-em-petropolis.html#breadcrumb","itemListElement":[{"@type":"ListItem","position":1,"name":"Home","item":"https:\/\/franciscanos.org.br\/noticias"},{"@type":"ListItem","position":2,"name":"Comemora\u00e7\u00f5es da Semana da L\u00edngua Alem\u00e3 em Petr\u00f3polis"}]},{"@type":"Person","@id":"https:\/\/franciscanos.org.br\/noticias\/#\/schema\/person\/b5c8cba458c330ccff548b056e95a5d4","name":"moacir","image":{"@type":"ImageObject","inLanguage":"pt-BR","@id":"https:\/\/franciscanos.org.br\/noticias\/#\/schema\/person\/image\/","url":"https:\/\/secure.gravatar.com\/avatar\/d08aa2ce4c8dd416d4479aa8536fcf64?s=96&d=mm&r=g","contentUrl":"https:\/\/secure.gravatar.com\/avatar\/d08aa2ce4c8dd416d4479aa8536fcf64?s=96&d=mm&r=g","caption":"moacir"},"url":"https:\/\/franciscanos.org.br\/noticias\/author\/moacir"}]}},"_links":{"self":[{"href":"https:\/\/franciscanos.org.br\/noticias\/wp-json\/wp\/v2\/posts\/243034"}],"collection":[{"href":"https:\/\/franciscanos.org.br\/noticias\/wp-json\/wp\/v2\/posts"}],"about":[{"href":"https:\/\/franciscanos.org.br\/noticias\/wp-json\/wp\/v2\/types\/post"}],"author":[{"embeddable":true,"href":"https:\/\/franciscanos.org.br\/noticias\/wp-json\/wp\/v2\/users\/3"}],"replies":[{"embeddable":true,"href":"https:\/\/franciscanos.org.br\/noticias\/wp-json\/wp\/v2\/comments?post=243034"}],"version-history":[{"count":2,"href":"https:\/\/franciscanos.org.br\/noticias\/wp-json\/wp\/v2\/posts\/243034\/revisions"}],"predecessor-version":[{"id":243039,"href":"https:\/\/franciscanos.org.br\/noticias\/wp-json\/wp\/v2\/posts\/243034\/revisions\/243039"}],"wp:featuredmedia":[{"embeddable":true,"href":"https:\/\/franciscanos.org.br\/noticias\/wp-json\/wp\/v2\/media\/243035"}],"wp:attachment":[{"href":"https:\/\/franciscanos.org.br\/noticias\/wp-json\/wp\/v2\/media?parent=243034"}],"wp:term":[{"taxonomy":"category","embeddable":true,"href":"https:\/\/franciscanos.org.br\/noticias\/wp-json\/wp\/v2\/categories?post=243034"},{"taxonomy":"post_tag","embeddable":true,"href":"https:\/\/franciscanos.org.br\/noticias\/wp-json\/wp\/v2\/tags?post=243034"}],"curies":[{"name":"wp","href":"https:\/\/api.w.org\/{rel}","templated":true}]}}