{"id":243026,"date":"2023-04-19T10:36:26","date_gmt":"2023-04-19T13:36:26","guid":{"rendered":"https:\/\/franciscanos.org.br\/noticias\/?p=243026"},"modified":"2023-04-19T17:56:54","modified_gmt":"2023-04-19T20:56:54","slug":"coral-das-meninas-dos-canarinhos-de-petropolis-recebe-18-novas-integrantes","status":"publish","type":"post","link":"https:\/\/franciscanos.org.br\/noticias\/coral-das-meninas-dos-canarinhos-de-petropolis-recebe-18-novas-integrantes.html","title":{"rendered":"Coral das Meninas dos Canarinhos de Petr\u00f3polis recebe 18 novas integrantes"},"content":{"rendered":"<p><img loading=\"lazy\" class=\"alignnone size-full wp-image-243027\" src=\"https:\/\/franciscanos.org.br\/noticias\/wp-content\/uploads\/2023\/04\/investidura_01.jpg\" alt=\"\" width=\"1280\" height=\"720\" srcset=\"https:\/\/franciscanos.org.br\/noticias\/wp-content\/uploads\/2023\/04\/investidura_01.jpg 1280w, https:\/\/franciscanos.org.br\/noticias\/wp-content\/uploads\/2023\/04\/investidura_01-450x253.jpg 450w, https:\/\/franciscanos.org.br\/noticias\/wp-content\/uploads\/2023\/04\/investidura_01-1024x576.jpg 1024w, https:\/\/franciscanos.org.br\/noticias\/wp-content\/uploads\/2023\/04\/investidura_01-768x432.jpg 768w, https:\/\/franciscanos.org.br\/noticias\/wp-content\/uploads\/2023\/04\/investidura_01-150x84.jpg 150w\" sizes=\"(max-width: 1280px) 100vw, 1280px\" \/><\/p>\n<p><strong>Petr\u00f3polis (RJ)<\/strong> &#8211; No Segundo Domingo da P\u00e1scoa (16\/04), 18 jovens tornaram-se oficialmente coralistas no Coral das Meninas dos Canarinhos de Petr\u00f3polis. A Cerim\u00f4nia de Investidura foi realizada na Igreja do Sagrado Cora\u00e7\u00e3o de Jesus e foi presidida pelo Presidente do Instituto dos Meninos Cantores de Petr\u00f3polis e Definidor Provincial, Frei Marcos Antonio de Andrade, OFM.<\/p>\n<p>\u201cEste \u00e9 sempre um momento muito especial para o Coral, pois ap\u00f3s um ano de prepara\u00e7\u00e3o como aprendizes e mais alguns meses se ambientando no Coral, as meninas recebem a veste coral, a pasta do coro e se juntam \u00e0s outras meninas, agora como coralistas do nosso Coral, que neste ano ir\u00e1 completar 35 anos\u201d, assim disse o maestro do Coral das Meninas, Marcelo Vizani, que est\u00e1 \u00e0 frente do Coral desde 1998.<\/p>\n<p><img loading=\"lazy\" class=\"alignnone wp-image-243028 size-full\" src=\"https:\/\/franciscanos.org.br\/noticias\/wp-content\/uploads\/2023\/04\/investidura_03.jpg\" alt=\"\" width=\"1280\" height=\"792\" srcset=\"https:\/\/franciscanos.org.br\/noticias\/wp-content\/uploads\/2023\/04\/investidura_03.jpg 1280w, https:\/\/franciscanos.org.br\/noticias\/wp-content\/uploads\/2023\/04\/investidura_03-450x278.jpg 450w, https:\/\/franciscanos.org.br\/noticias\/wp-content\/uploads\/2023\/04\/investidura_03-1024x634.jpg 1024w, https:\/\/franciscanos.org.br\/noticias\/wp-content\/uploads\/2023\/04\/investidura_03-768x475.jpg 768w, https:\/\/franciscanos.org.br\/noticias\/wp-content\/uploads\/2023\/04\/investidura_03-150x93.jpg 150w\" sizes=\"(max-width: 1280px) 100vw, 1280px\" \/><\/p>\n<p>No in\u00edcio da celebra\u00e7\u00e3o, as 18 meninas foram chamadas nominalmente pelo presidente da celebra\u00e7\u00e3o e se dirigiram aos primeiros bancos da Igreja, perto do presbit\u00e9rio.<\/p>\n<p>Frei Marcos, em um trecho de sua homilia, fez uma alus\u00e3o \u00e0 miss\u00e3o do Coral com o Evangelho deste domingo, o qual narra a incredulidade de Tom\u00e9 que precisa ver o Senhor para acreditar em sua Ressurei\u00e7\u00e3o: \u201cNossos corais tem a miss\u00e3o de, atrav\u00e9s da m\u00fasica, nos ajudar a ver o Senhor! Com o canto, com a melodia e com a experi\u00eancia comunit\u00e1ria do canto coral voc\u00eas, caras meninas, nos ajudam a vermos o Senhor Vivo e no meio de n\u00f3s! Portanto, jamais se esque\u00e7am da nobre e grande miss\u00e3o que voc\u00eas est\u00e3o assumindo como cantoras e anunciadoras do Senhor Ressuscitado\u201d, disse o celebrante.<\/p>\n<p><img loading=\"lazy\" class=\"alignnone size-full wp-image-243029\" src=\"https:\/\/franciscanos.org.br\/noticias\/wp-content\/uploads\/2023\/04\/investidura_05.jpg\" alt=\"\" width=\"1280\" height=\"636\" srcset=\"https:\/\/franciscanos.org.br\/noticias\/wp-content\/uploads\/2023\/04\/investidura_05.jpg 1280w, https:\/\/franciscanos.org.br\/noticias\/wp-content\/uploads\/2023\/04\/investidura_05-450x224.jpg 450w, https:\/\/franciscanos.org.br\/noticias\/wp-content\/uploads\/2023\/04\/investidura_05-1024x509.jpg 1024w, https:\/\/franciscanos.org.br\/noticias\/wp-content\/uploads\/2023\/04\/investidura_05-768x382.jpg 768w, https:\/\/franciscanos.org.br\/noticias\/wp-content\/uploads\/2023\/04\/investidura_05-150x75.jpg 150w\" sizes=\"(max-width: 1280px) 100vw, 1280px\" \/><\/p>\n<p>Ap\u00f3s a homilia, o maestro, Marcelo Vizani, chamou cada uma das 18 jovens, que se colocaram \u00e0 frente do altar. Interrogadas pelo celebrante, as mesmas, demonstraram firme vontade de receberem a veste coral das Meninas dos Canarinhos de Petr\u00f3polis. Frei Marcos invocou as b\u00ean\u00e7\u00e3os de Deus sobre essas jovens e sobre o minist\u00e9rio que elas assumem em favor do povo de Deus. Terminada a b\u00ean\u00e7\u00e3o, as 18 jovens se uniram ao Coral, acompanhadas de uma madrinha que entregou a elas a pasta com as partituras.<\/p>\n<p><img loading=\"lazy\" class=\"alignnone size-full wp-image-243030\" src=\"https:\/\/franciscanos.org.br\/noticias\/wp-content\/uploads\/2023\/04\/investidura_08.jpg\" alt=\"\" width=\"1280\" height=\"674\" srcset=\"https:\/\/franciscanos.org.br\/noticias\/wp-content\/uploads\/2023\/04\/investidura_08.jpg 1280w, https:\/\/franciscanos.org.br\/noticias\/wp-content\/uploads\/2023\/04\/investidura_08-450x237.jpg 450w, https:\/\/franciscanos.org.br\/noticias\/wp-content\/uploads\/2023\/04\/investidura_08-1024x539.jpg 1024w, https:\/\/franciscanos.org.br\/noticias\/wp-content\/uploads\/2023\/04\/investidura_08-768x404.jpg 768w, https:\/\/franciscanos.org.br\/noticias\/wp-content\/uploads\/2023\/04\/investidura_08-150x79.jpg 150w\" sizes=\"(max-width: 1280px) 100vw, 1280px\" \/><\/p>\n<p>Ap\u00f3s a comunh\u00e3o, o coral, j\u00e1 com sua forma\u00e7\u00e3o oficial, cantou o canto <em>Regina Coeli, <\/em>de Ramiro Real. Ao final da celebra\u00e7\u00e3o, o Coral das Meninas se reuniu para uma foto oficial da forma\u00e7\u00e3o do coro para esse ano de 2023. Em seguida, se dirigiram para a Sala S\u00e3o Francisco, nas depend\u00eancias do Convento, onde as mais novas meninas dos Canarinhos se reuniram com seus familiares e amigos para uma pequena confraterniza\u00e7\u00e3o, como j\u00e1 \u00e9 costume nas Investiduras dos Corais do Instituto dos Meninos Cantores de Petr\u00f3polis.<\/p>\n<p><img loading=\"lazy\" class=\"alignnone size-full wp-image-243031\" src=\"https:\/\/franciscanos.org.br\/noticias\/wp-content\/uploads\/2023\/04\/investidura_07.jpg\" alt=\"\" width=\"1280\" height=\"730\" srcset=\"https:\/\/franciscanos.org.br\/noticias\/wp-content\/uploads\/2023\/04\/investidura_07.jpg 1280w, https:\/\/franciscanos.org.br\/noticias\/wp-content\/uploads\/2023\/04\/investidura_07-450x257.jpg 450w, https:\/\/franciscanos.org.br\/noticias\/wp-content\/uploads\/2023\/04\/investidura_07-1024x584.jpg 1024w, https:\/\/franciscanos.org.br\/noticias\/wp-content\/uploads\/2023\/04\/investidura_07-768x438.jpg 768w, https:\/\/franciscanos.org.br\/noticias\/wp-content\/uploads\/2023\/04\/investidura_07-150x86.jpg 150w\" sizes=\"(max-width: 1280px) 100vw, 1280px\" \/><\/p>\n<hr \/>\n<p><strong><em>Frei Jo\u00e3o Manoel Zechinatto<\/em><\/strong><\/p>\n","protected":false},"excerpt":{"rendered":"<p>Cerim\u00f4nia de Investidura <\/p>\n","protected":false},"author":3,"featured_media":243027,"comment_status":"open","ping_status":"open","sticky":false,"template":"","format":"standard","meta":[],"categories":[1],"tags":[1378,1531],"acf":[],"yoast_head":"<!-- This site is optimized with the Yoast SEO plugin v19.2 - https:\/\/yoast.com\/wordpress\/plugins\/seo\/ -->\n<title>Coral das Meninas dos Canarinhos de Petr\u00f3polis recebe 18 novas integrantes - Not\u00edcias - Franciscanos<\/title>\n<meta name=\"robots\" content=\"index, follow, max-snippet:-1, max-image-preview:large, max-video-preview:-1\" \/>\n<link rel=\"canonical\" href=\"https:\/\/franciscanos.org.br\/noticias\/coral-das-meninas-dos-canarinhos-de-petropolis-recebe-18-novas-integrantes.html\" \/>\n<meta property=\"og:locale\" content=\"pt_BR\" \/>\n<meta property=\"og:type\" content=\"article\" \/>\n<meta property=\"og:title\" content=\"Coral das Meninas dos Canarinhos de Petr\u00f3polis recebe 18 novas integrantes - Not\u00edcias - Franciscanos\" \/>\n<meta property=\"og:description\" content=\"Cerim\u00f4nia de Investidura\" \/>\n<meta property=\"og:url\" content=\"https:\/\/franciscanos.org.br\/noticias\/coral-das-meninas-dos-canarinhos-de-petropolis-recebe-18-novas-integrantes.html\" \/>\n<meta property=\"og:site_name\" content=\"Not\u00edcias - Franciscanos\" \/>\n<meta property=\"article:published_time\" content=\"2023-04-19T13:36:26+00:00\" \/>\n<meta property=\"article:modified_time\" content=\"2023-04-19T20:56:54+00:00\" \/>\n<meta property=\"og:image\" content=\"https:\/\/franciscanos.org.br\/noticias\/wp-content\/uploads\/2023\/04\/investidura_01.jpg\" \/>\n\t<meta property=\"og:image:width\" content=\"1280\" \/>\n\t<meta property=\"og:image:height\" content=\"720\" \/>\n\t<meta property=\"og:image:type\" content=\"image\/jpeg\" \/>\n<meta name=\"author\" content=\"moacir\" \/>\n<meta name=\"twitter:card\" content=\"summary_large_image\" \/>\n<meta name=\"twitter:label1\" content=\"Escrito por\" \/>\n\t<meta name=\"twitter:data1\" content=\"moacir\" \/>\n\t<meta name=\"twitter:label2\" content=\"Est. tempo de leitura\" \/>\n\t<meta name=\"twitter:data2\" content=\"2 minutos\" \/>\n<script type=\"application\/ld+json\" class=\"yoast-schema-graph\">{\"@context\":\"https:\/\/schema.org\",\"@graph\":[{\"@type\":\"WebSite\",\"@id\":\"https:\/\/franciscanos.org.br\/noticias\/#website\",\"url\":\"https:\/\/franciscanos.org.br\/noticias\/\",\"name\":\"Not\u00edcias - Franciscanos\",\"description\":\"Prov\u00edncia Franciscana da Imaculada Concei\u00e7\u00e3o do Brasil - Ordem dos Frades Menores - OFM\",\"potentialAction\":[{\"@type\":\"SearchAction\",\"target\":{\"@type\":\"EntryPoint\",\"urlTemplate\":\"https:\/\/franciscanos.org.br\/noticias\/?s={search_term_string}\"},\"query-input\":\"required name=search_term_string\"}],\"inLanguage\":\"pt-BR\"},{\"@type\":\"ImageObject\",\"inLanguage\":\"pt-BR\",\"@id\":\"https:\/\/franciscanos.org.br\/noticias\/coral-das-meninas-dos-canarinhos-de-petropolis-recebe-18-novas-integrantes.html#primaryimage\",\"url\":\"https:\/\/franciscanos.org.br\/noticias\/wp-content\/uploads\/2023\/04\/investidura_01.jpg\",\"contentUrl\":\"https:\/\/franciscanos.org.br\/noticias\/wp-content\/uploads\/2023\/04\/investidura_01.jpg\",\"width\":1280,\"height\":720},{\"@type\":\"WebPage\",\"@id\":\"https:\/\/franciscanos.org.br\/noticias\/coral-das-meninas-dos-canarinhos-de-petropolis-recebe-18-novas-integrantes.html#webpage\",\"url\":\"https:\/\/franciscanos.org.br\/noticias\/coral-das-meninas-dos-canarinhos-de-petropolis-recebe-18-novas-integrantes.html\",\"name\":\"Coral das Meninas dos Canarinhos de Petr\u00f3polis recebe 18 novas integrantes - Not\u00edcias - Franciscanos\",\"isPartOf\":{\"@id\":\"https:\/\/franciscanos.org.br\/noticias\/#website\"},\"primaryImageOfPage\":{\"@id\":\"https:\/\/franciscanos.org.br\/noticias\/coral-das-meninas-dos-canarinhos-de-petropolis-recebe-18-novas-integrantes.html#primaryimage\"},\"datePublished\":\"2023-04-19T13:36:26+00:00\",\"dateModified\":\"2023-04-19T20:56:54+00:00\",\"author\":{\"@id\":\"https:\/\/franciscanos.org.br\/noticias\/#\/schema\/person\/b5c8cba458c330ccff548b056e95a5d4\"},\"breadcrumb\":{\"@id\":\"https:\/\/franciscanos.org.br\/noticias\/coral-das-meninas-dos-canarinhos-de-petropolis-recebe-18-novas-integrantes.html#breadcrumb\"},\"inLanguage\":\"pt-BR\",\"potentialAction\":[{\"@type\":\"ReadAction\",\"target\":[\"https:\/\/franciscanos.org.br\/noticias\/coral-das-meninas-dos-canarinhos-de-petropolis-recebe-18-novas-integrantes.html\"]}]},{\"@type\":\"BreadcrumbList\",\"@id\":\"https:\/\/franciscanos.org.br\/noticias\/coral-das-meninas-dos-canarinhos-de-petropolis-recebe-18-novas-integrantes.html#breadcrumb\",\"itemListElement\":[{\"@type\":\"ListItem\",\"position\":1,\"name\":\"Home\",\"item\":\"https:\/\/franciscanos.org.br\/noticias\"},{\"@type\":\"ListItem\",\"position\":2,\"name\":\"Coral das Meninas dos Canarinhos de Petr\u00f3polis recebe 18 novas integrantes\"}]},{\"@type\":\"Person\",\"@id\":\"https:\/\/franciscanos.org.br\/noticias\/#\/schema\/person\/b5c8cba458c330ccff548b056e95a5d4\",\"name\":\"moacir\",\"image\":{\"@type\":\"ImageObject\",\"inLanguage\":\"pt-BR\",\"@id\":\"https:\/\/franciscanos.org.br\/noticias\/#\/schema\/person\/image\/\",\"url\":\"https:\/\/secure.gravatar.com\/avatar\/d08aa2ce4c8dd416d4479aa8536fcf64?s=96&d=mm&r=g\",\"contentUrl\":\"https:\/\/secure.gravatar.com\/avatar\/d08aa2ce4c8dd416d4479aa8536fcf64?s=96&d=mm&r=g\",\"caption\":\"moacir\"},\"url\":\"https:\/\/franciscanos.org.br\/noticias\/author\/moacir\"}]}<\/script>\n<!-- \/ Yoast SEO plugin. -->","yoast_head_json":{"title":"Coral das Meninas dos Canarinhos de Petr\u00f3polis recebe 18 novas integrantes - Not\u00edcias - Franciscanos","robots":{"index":"index","follow":"follow","max-snippet":"max-snippet:-1","max-image-preview":"max-image-preview:large","max-video-preview":"max-video-preview:-1"},"canonical":"https:\/\/franciscanos.org.br\/noticias\/coral-das-meninas-dos-canarinhos-de-petropolis-recebe-18-novas-integrantes.html","og_locale":"pt_BR","og_type":"article","og_title":"Coral das Meninas dos Canarinhos de Petr\u00f3polis recebe 18 novas integrantes - Not\u00edcias - Franciscanos","og_description":"Cerim\u00f4nia de Investidura","og_url":"https:\/\/franciscanos.org.br\/noticias\/coral-das-meninas-dos-canarinhos-de-petropolis-recebe-18-novas-integrantes.html","og_site_name":"Not\u00edcias - Franciscanos","article_published_time":"2023-04-19T13:36:26+00:00","article_modified_time":"2023-04-19T20:56:54+00:00","og_image":[{"width":1280,"height":720,"url":"https:\/\/franciscanos.org.br\/noticias\/wp-content\/uploads\/2023\/04\/investidura_01.jpg","type":"image\/jpeg"}],"author":"moacir","twitter_card":"summary_large_image","twitter_misc":{"Escrito por":"moacir","Est. tempo de leitura":"2 minutos"},"schema":{"@context":"https:\/\/schema.org","@graph":[{"@type":"WebSite","@id":"https:\/\/franciscanos.org.br\/noticias\/#website","url":"https:\/\/franciscanos.org.br\/noticias\/","name":"Not\u00edcias - Franciscanos","description":"Prov\u00edncia Franciscana da Imaculada Concei\u00e7\u00e3o do Brasil - Ordem dos Frades Menores - OFM","potentialAction":[{"@type":"SearchAction","target":{"@type":"EntryPoint","urlTemplate":"https:\/\/franciscanos.org.br\/noticias\/?s={search_term_string}"},"query-input":"required name=search_term_string"}],"inLanguage":"pt-BR"},{"@type":"ImageObject","inLanguage":"pt-BR","@id":"https:\/\/franciscanos.org.br\/noticias\/coral-das-meninas-dos-canarinhos-de-petropolis-recebe-18-novas-integrantes.html#primaryimage","url":"https:\/\/franciscanos.org.br\/noticias\/wp-content\/uploads\/2023\/04\/investidura_01.jpg","contentUrl":"https:\/\/franciscanos.org.br\/noticias\/wp-content\/uploads\/2023\/04\/investidura_01.jpg","width":1280,"height":720},{"@type":"WebPage","@id":"https:\/\/franciscanos.org.br\/noticias\/coral-das-meninas-dos-canarinhos-de-petropolis-recebe-18-novas-integrantes.html#webpage","url":"https:\/\/franciscanos.org.br\/noticias\/coral-das-meninas-dos-canarinhos-de-petropolis-recebe-18-novas-integrantes.html","name":"Coral das Meninas dos Canarinhos de Petr\u00f3polis recebe 18 novas integrantes - Not\u00edcias - Franciscanos","isPartOf":{"@id":"https:\/\/franciscanos.org.br\/noticias\/#website"},"primaryImageOfPage":{"@id":"https:\/\/franciscanos.org.br\/noticias\/coral-das-meninas-dos-canarinhos-de-petropolis-recebe-18-novas-integrantes.html#primaryimage"},"datePublished":"2023-04-19T13:36:26+00:00","dateModified":"2023-04-19T20:56:54+00:00","author":{"@id":"https:\/\/franciscanos.org.br\/noticias\/#\/schema\/person\/b5c8cba458c330ccff548b056e95a5d4"},"breadcrumb":{"@id":"https:\/\/franciscanos.org.br\/noticias\/coral-das-meninas-dos-canarinhos-de-petropolis-recebe-18-novas-integrantes.html#breadcrumb"},"inLanguage":"pt-BR","potentialAction":[{"@type":"ReadAction","target":["https:\/\/franciscanos.org.br\/noticias\/coral-das-meninas-dos-canarinhos-de-petropolis-recebe-18-novas-integrantes.html"]}]},{"@type":"BreadcrumbList","@id":"https:\/\/franciscanos.org.br\/noticias\/coral-das-meninas-dos-canarinhos-de-petropolis-recebe-18-novas-integrantes.html#breadcrumb","itemListElement":[{"@type":"ListItem","position":1,"name":"Home","item":"https:\/\/franciscanos.org.br\/noticias"},{"@type":"ListItem","position":2,"name":"Coral das Meninas dos Canarinhos de Petr\u00f3polis recebe 18 novas integrantes"}]},{"@type":"Person","@id":"https:\/\/franciscanos.org.br\/noticias\/#\/schema\/person\/b5c8cba458c330ccff548b056e95a5d4","name":"moacir","image":{"@type":"ImageObject","inLanguage":"pt-BR","@id":"https:\/\/franciscanos.org.br\/noticias\/#\/schema\/person\/image\/","url":"https:\/\/secure.gravatar.com\/avatar\/d08aa2ce4c8dd416d4479aa8536fcf64?s=96&d=mm&r=g","contentUrl":"https:\/\/secure.gravatar.com\/avatar\/d08aa2ce4c8dd416d4479aa8536fcf64?s=96&d=mm&r=g","caption":"moacir"},"url":"https:\/\/franciscanos.org.br\/noticias\/author\/moacir"}]}},"_links":{"self":[{"href":"https:\/\/franciscanos.org.br\/noticias\/wp-json\/wp\/v2\/posts\/243026"}],"collection":[{"href":"https:\/\/franciscanos.org.br\/noticias\/wp-json\/wp\/v2\/posts"}],"about":[{"href":"https:\/\/franciscanos.org.br\/noticias\/wp-json\/wp\/v2\/types\/post"}],"author":[{"embeddable":true,"href":"https:\/\/franciscanos.org.br\/noticias\/wp-json\/wp\/v2\/users\/3"}],"replies":[{"embeddable":true,"href":"https:\/\/franciscanos.org.br\/noticias\/wp-json\/wp\/v2\/comments?post=243026"}],"version-history":[{"count":2,"href":"https:\/\/franciscanos.org.br\/noticias\/wp-json\/wp\/v2\/posts\/243026\/revisions"}],"predecessor-version":[{"id":243033,"href":"https:\/\/franciscanos.org.br\/noticias\/wp-json\/wp\/v2\/posts\/243026\/revisions\/243033"}],"wp:featuredmedia":[{"embeddable":true,"href":"https:\/\/franciscanos.org.br\/noticias\/wp-json\/wp\/v2\/media\/243027"}],"wp:attachment":[{"href":"https:\/\/franciscanos.org.br\/noticias\/wp-json\/wp\/v2\/media?parent=243026"}],"wp:term":[{"taxonomy":"category","embeddable":true,"href":"https:\/\/franciscanos.org.br\/noticias\/wp-json\/wp\/v2\/categories?post=243026"},{"taxonomy":"post_tag","embeddable":true,"href":"https:\/\/franciscanos.org.br\/noticias\/wp-json\/wp\/v2\/tags?post=243026"}],"curies":[{"name":"wp","href":"https:\/\/api.w.org\/{rel}","templated":true}]}}