{"id":243021,"date":"2023-04-19T10:01:30","date_gmt":"2023-04-19T13:01:30","guid":{"rendered":"https:\/\/franciscanos.org.br\/noticias\/?p=243021"},"modified":"2023-04-19T10:05:26","modified_gmt":"2023-04-19T13:05:26","slug":"dom-walmor-fala-dos-desafios-e-prioridades-antes-de-comecar-a-60a-assembleia-dos-bispos","status":"publish","type":"post","link":"https:\/\/franciscanos.org.br\/noticias\/dom-walmor-fala-dos-desafios-e-prioridades-antes-de-comecar-a-60a-assembleia-dos-bispos.html","title":{"rendered":"Dom Walmor fala dos desafios e prioridades antes de come\u00e7ar a 60\u00aa Assembleia dos Bispos"},"content":{"rendered":"<div id=\"attachment_243022\" style=\"width: 990px\" class=\"wp-caption alignnone\"><img aria-describedby=\"caption-attachment-243022\" loading=\"lazy\" class=\"wp-image-243022 size-full\" src=\"https:\/\/franciscanos.org.br\/noticias\/wp-content\/uploads\/2023\/04\/wamor_10.jpg\" alt=\"\" width=\"980\" height=\"551\" srcset=\"https:\/\/franciscanos.org.br\/noticias\/wp-content\/uploads\/2023\/04\/wamor_10.jpg 980w, https:\/\/franciscanos.org.br\/noticias\/wp-content\/uploads\/2023\/04\/wamor_10-450x253.jpg 450w, https:\/\/franciscanos.org.br\/noticias\/wp-content\/uploads\/2023\/04\/wamor_10-768x432.jpg 768w, https:\/\/franciscanos.org.br\/noticias\/wp-content\/uploads\/2023\/04\/wamor_10-150x84.jpg 150w\" sizes=\"(max-width: 980px) 100vw, 980px\" \/><p id=\"caption-attachment-243022\" class=\"wp-caption-text\"><em>Imagem: CNBB<\/em><\/p><\/div>\n<p>O arcebispo de Belo Horizonte (MG), Dom Walmor Oliveira de Azevedo, foi eleito dia 6 de maio de 2019, como presidente da Confer\u00eancia Nacional dos Bispos do Brasil (CNBB) para o quadri\u00eanio 2019-2023. Primeiro baiano a estar \u00e0 frente da organiza\u00e7\u00e3o, Dom Walmor foi escolhido, em terceiro escrut\u00ednio, pela maioria absoluta de votos do episcopado brasileiro na 57\u00aa Assembleia Geral da CNBB.<\/p>\n<p>Seguindo uma tradi\u00e7\u00e3o do Estatuto da entidade, ap\u00f3s ser escolhido pelos bispos do Brasil para dirigir a CNBB, \u00e0 pergunta se aceitaria o exerc\u00edcio da fun\u00e7\u00e3o feita pelo ent\u00e3o presidente da entidade, o cardeal Sergio da Rocha, o arcebispo de Belo Horizonte respondeu: \u201cAceito com humildade, aceito com temor e aceito \u00e0 luz da f\u00e9\u201d.<\/p>\n<p>Mal sabia ele, nesta primeira manifesta\u00e7\u00e3o, que sua gest\u00e3o seria marcada como um dos per\u00edodos mais dif\u00edceis da hist\u00f3ria da humanidade e do Brasil. Mas foi mesmo com humildade, com temor e \u00e0 luz da f\u00e9, que Dom Walmor conduziu a CNBB, como seu presidente, nos \u00faltimos 4 anos.<\/p>\n<p>Dom Walmor, que \u00e9 doutor em Teologia B\u00edblica pela Pontif\u00edcia Universidade Gregoriana (Roma, It\u00e1lia) e mestre em Ci\u00eancias B\u00edblicas pelo Pontif\u00edcio Instituto B\u00edblico (Roma, It\u00e1lia), apontou os grandes desafios que enfrentaram nos \u00faltimos quatro anos (pandemia e polariza\u00e7\u00f5es-ideol\u00f3gicas) bem como quais as prioridades que a CNBB e a Igreja no Brasil devem trilhar no pr\u00f3ximo quadri\u00eanio. Acompanhe, abaixo, a \u00edntegra das respostas.<\/p>\n<p><strong>Quais desafios foram enfrentados pela presid\u00eancia da CNBB neste \u00faltimo quadri\u00eanio?<\/strong><\/p>\n<p>A presid\u00eancia da Confer\u00eancia Nacional dos Bispos do Brasil (CNBB) enfrentou muitos desafios. Neste \u00faltimo quadri\u00eanio, o mundo sofreu com as consequ\u00eancias de uma grave pandemia, que vitimou muitas pessoas, enlutou fam\u00edlias. A Igreja, neste contexto, mesmo nas fases mais agudas de transmiss\u00e3o da doen\u00e7a, com o necess\u00e1rio distanciamento social, intensificou ainda mais o seu trabalho de amparo espiritual e social. Para isso, rapidamente aprendeu a lidar com as novas ferramentas tecnol\u00f3gicas de comunica\u00e7\u00e3o, fazendo-se presente no dia a dia das pessoas de muitas formas. Criou tamb\u00e9m a\u00e7\u00f5es para minimizar o sofrimento daqueles que passaram pelas consequ\u00eancias econ\u00f4micas da pandemia, refer\u00eancia especial \u00e0 iniciativa \u201c\u00c9 tempo de cuidar\u201d. Oportuno dizer que, neste \u00faltimo quadri\u00eanio, o Brasil viveu uma escalada das polariza\u00e7\u00f5es, com rupturas, inclusive, dentro das fam\u00edlias, provocadas por desaven\u00e7as pol\u00edtico-ideol\u00f3gicas. Um cen\u00e1rio triste, emoldurado pela dissemina\u00e7\u00e3o crescente de not\u00edcias falsas. Um momento \u00e1pice dessas polariza\u00e7\u00f5es foi vivenciado no \u00faltimo processo eleitoral.<\/p>\n<p>A CNBB, coerente com o que ensina Jesus Cristo, nosso Mestre e Senhor, sempre se manteve ao lado dos pobres, fiel aos valores do Evangelho, elevando, corajosa e profeticamente, a sua voz, para denunciar amea\u00e7as \u00e0 sociedade e \u00e0 democracia, e descasos para com os mais pobres. Fiel a esse compromisso, a CNBB buscou sempre o caminho do entendimento e do di\u00e1logo, unindo-se a institui\u00e7\u00f5es s\u00e9rias, de credibilidade, em um grande Pacto pela Vida e pelo Brasil.<\/p>\n<p>Cada gesto da presid\u00eancia n\u00e3o foi ato monocr\u00e1tico, mas fruto de uma escuta atenta, sempre em busca de expressar o que vem do cora\u00e7\u00e3o de todo o episcopado brasileiro. A CNBB \u00e9 inst\u00e2ncia e express\u00e3o da colegialidade dos Bispos do Brasil, em profunda unidade com o magist\u00e9rio do amado Papa Francisco.<\/p>\n<p><strong>Quais prioridades para a CNBB e a Igreja no Brasil considerando o pr\u00f3ximo quadri\u00eanio?<\/strong><\/p>\n<p>A Igreja Cat\u00f3lica, em todo o mundo, busca investir cada vez mais na sinodalidade, acolhendo convoca\u00e7\u00e3o vinda do luminoso magist\u00e9rio do Papa Francisco. A CNBB, que j\u00e1 \u00e9 express\u00e3o da sinodalidade na Igreja, reunindo as muitas contribui\u00e7\u00f5es do episcopado brasileiro, a participa\u00e7\u00e3o de evangelizadores consagrados e crist\u00e3os leigos e leigas, precisa avan\u00e7ar sempre mais neste caminho sinodal. Isto significa intensificar continuamente os nossos servi\u00e7os \u00e0s muitas comunidades de f\u00e9, em todo o territ\u00f3rio nacional, promovendo mais ampla participa\u00e7\u00e3o, com aten\u00e7\u00e3o especial \u00e0 participa\u00e7\u00e3o das mulheres.<\/p>\n<p>Importante lembrar que as novas Diretrizes Gerais para a A\u00e7\u00e3o Evangelizadora no Brasil ser\u00e3o constru\u00eddas tamb\u00e9m a partir do exerc\u00edcio da sinodalidade, reunindo contribui\u00e7\u00f5es do documento final do S\u00ednodo dos Bispos. Haver\u00e1, pois, um caminho bonito no pr\u00f3ximo quadri\u00eanio, fruto da ampla escuta que a Igreja vem fazendo para este processo sinodal, e que levar\u00e1 tamb\u00e9m \u00e0s novas Diretrizes Gerais para a A\u00e7\u00e3o Evangelizadora no Brasil.<\/p>\n<h3>ASSEMBLEIA COME\u00c7A HOJE<\/h3>\n<p>Tem in\u00edcio nesta quarta-feira, dia 19 de abril e se conclui no pr\u00f3ximo dia 28 a 60\u00aa Assembleia Geral da Confer\u00eancia Nacional dos Bispos do Brasil (CNBB). O encontro do episcopado brasileiro se realiza, como todos os anos, no Santu\u00e1rio Nacional de Nossa Senhora Aparecida, em Aparecida (SP).<\/p>\n<p>O tema central dessa Assembleia \u00e9 a Avalia\u00e7\u00e3o Global da Caminhada da CNBB nos \u00faltimos quatro anos. Ao encerrar o quadri\u00eanio iniciado em 2019, a atual Presid\u00eancia apresenta o relat\u00f3rio das atividades realizadas e encaminha as elei\u00e7\u00f5es dos seus novos membros (presidente, 1\u00ba e 2\u00ba vice-presidentes e secret\u00e1rio-geral) e dos presidentes das 12 Comiss\u00f5es Episcopais Permanentes. Tamb\u00e9m ser\u00e3o escolhidos dois representantes da CNBB no Conselho Episcopal Latino-Americano (Celam) e dois bispos que participar\u00e3o do processo do S\u00ednodo sobre a Sinodalidade, em Roma.<\/p>\n<hr \/>\n<p><em>Fonte: CNBB<\/em><\/p>\n","protected":false},"excerpt":{"rendered":"<p>CNBB<\/p>\n","protected":false},"author":3,"featured_media":243022,"comment_status":"open","ping_status":"open","sticky":false,"template":"","format":"standard","meta":[],"categories":[1],"tags":[29],"acf":[],"yoast_head":"<!-- This site is optimized with the Yoast SEO plugin v19.2 - https:\/\/yoast.com\/wordpress\/plugins\/seo\/ -->\n<title>Dom Walmor fala dos desafios e prioridades antes de come\u00e7ar a 60\u00aa Assembleia dos Bispos - Not\u00edcias - Franciscanos<\/title>\n<meta name=\"robots\" content=\"index, follow, max-snippet:-1, max-image-preview:large, max-video-preview:-1\" \/>\n<link rel=\"canonical\" href=\"https:\/\/franciscanos.org.br\/noticias\/dom-walmor-fala-dos-desafios-e-prioridades-antes-de-comecar-a-60a-assembleia-dos-bispos.html\" \/>\n<meta property=\"og:locale\" content=\"pt_BR\" \/>\n<meta property=\"og:type\" content=\"article\" \/>\n<meta property=\"og:title\" content=\"Dom Walmor fala dos desafios e prioridades antes de come\u00e7ar a 60\u00aa Assembleia dos Bispos - Not\u00edcias - Franciscanos\" \/>\n<meta property=\"og:description\" content=\"CNBB\" \/>\n<meta property=\"og:url\" content=\"https:\/\/franciscanos.org.br\/noticias\/dom-walmor-fala-dos-desafios-e-prioridades-antes-de-comecar-a-60a-assembleia-dos-bispos.html\" \/>\n<meta property=\"og:site_name\" content=\"Not\u00edcias - Franciscanos\" \/>\n<meta property=\"article:published_time\" content=\"2023-04-19T13:01:30+00:00\" \/>\n<meta property=\"article:modified_time\" content=\"2023-04-19T13:05:26+00:00\" \/>\n<meta property=\"og:image\" content=\"https:\/\/franciscanos.org.br\/noticias\/wp-content\/uploads\/2023\/04\/wamor_10.jpg\" \/>\n\t<meta property=\"og:image:width\" content=\"980\" \/>\n\t<meta property=\"og:image:height\" content=\"551\" \/>\n\t<meta property=\"og:image:type\" content=\"image\/jpeg\" \/>\n<meta name=\"author\" content=\"moacir\" \/>\n<meta name=\"twitter:card\" content=\"summary_large_image\" \/>\n<meta name=\"twitter:label1\" content=\"Escrito por\" \/>\n\t<meta name=\"twitter:data1\" content=\"moacir\" \/>\n\t<meta name=\"twitter:label2\" content=\"Est. tempo de leitura\" \/>\n\t<meta name=\"twitter:data2\" content=\"5 minutos\" \/>\n<script type=\"application\/ld+json\" class=\"yoast-schema-graph\">{\"@context\":\"https:\/\/schema.org\",\"@graph\":[{\"@type\":\"WebSite\",\"@id\":\"https:\/\/franciscanos.org.br\/noticias\/#website\",\"url\":\"https:\/\/franciscanos.org.br\/noticias\/\",\"name\":\"Not\u00edcias - Franciscanos\",\"description\":\"Prov\u00edncia Franciscana da Imaculada Concei\u00e7\u00e3o do Brasil - Ordem dos Frades Menores - OFM\",\"potentialAction\":[{\"@type\":\"SearchAction\",\"target\":{\"@type\":\"EntryPoint\",\"urlTemplate\":\"https:\/\/franciscanos.org.br\/noticias\/?s={search_term_string}\"},\"query-input\":\"required name=search_term_string\"}],\"inLanguage\":\"pt-BR\"},{\"@type\":\"ImageObject\",\"inLanguage\":\"pt-BR\",\"@id\":\"https:\/\/franciscanos.org.br\/noticias\/dom-walmor-fala-dos-desafios-e-prioridades-antes-de-comecar-a-60a-assembleia-dos-bispos.html#primaryimage\",\"url\":\"https:\/\/franciscanos.org.br\/noticias\/wp-content\/uploads\/2023\/04\/wamor_10.jpg\",\"contentUrl\":\"https:\/\/franciscanos.org.br\/noticias\/wp-content\/uploads\/2023\/04\/wamor_10.jpg\",\"width\":980,\"height\":551},{\"@type\":\"WebPage\",\"@id\":\"https:\/\/franciscanos.org.br\/noticias\/dom-walmor-fala-dos-desafios-e-prioridades-antes-de-comecar-a-60a-assembleia-dos-bispos.html#webpage\",\"url\":\"https:\/\/franciscanos.org.br\/noticias\/dom-walmor-fala-dos-desafios-e-prioridades-antes-de-comecar-a-60a-assembleia-dos-bispos.html\",\"name\":\"Dom Walmor fala dos desafios e prioridades antes de come\u00e7ar a 60\u00aa Assembleia dos Bispos - Not\u00edcias - Franciscanos\",\"isPartOf\":{\"@id\":\"https:\/\/franciscanos.org.br\/noticias\/#website\"},\"primaryImageOfPage\":{\"@id\":\"https:\/\/franciscanos.org.br\/noticias\/dom-walmor-fala-dos-desafios-e-prioridades-antes-de-comecar-a-60a-assembleia-dos-bispos.html#primaryimage\"},\"datePublished\":\"2023-04-19T13:01:30+00:00\",\"dateModified\":\"2023-04-19T13:05:26+00:00\",\"author\":{\"@id\":\"https:\/\/franciscanos.org.br\/noticias\/#\/schema\/person\/b5c8cba458c330ccff548b056e95a5d4\"},\"breadcrumb\":{\"@id\":\"https:\/\/franciscanos.org.br\/noticias\/dom-walmor-fala-dos-desafios-e-prioridades-antes-de-comecar-a-60a-assembleia-dos-bispos.html#breadcrumb\"},\"inLanguage\":\"pt-BR\",\"potentialAction\":[{\"@type\":\"ReadAction\",\"target\":[\"https:\/\/franciscanos.org.br\/noticias\/dom-walmor-fala-dos-desafios-e-prioridades-antes-de-comecar-a-60a-assembleia-dos-bispos.html\"]}]},{\"@type\":\"BreadcrumbList\",\"@id\":\"https:\/\/franciscanos.org.br\/noticias\/dom-walmor-fala-dos-desafios-e-prioridades-antes-de-comecar-a-60a-assembleia-dos-bispos.html#breadcrumb\",\"itemListElement\":[{\"@type\":\"ListItem\",\"position\":1,\"name\":\"Home\",\"item\":\"https:\/\/franciscanos.org.br\/noticias\"},{\"@type\":\"ListItem\",\"position\":2,\"name\":\"Dom Walmor fala dos desafios e prioridades antes de come\u00e7ar a 60\u00aa Assembleia dos Bispos\"}]},{\"@type\":\"Person\",\"@id\":\"https:\/\/franciscanos.org.br\/noticias\/#\/schema\/person\/b5c8cba458c330ccff548b056e95a5d4\",\"name\":\"moacir\",\"image\":{\"@type\":\"ImageObject\",\"inLanguage\":\"pt-BR\",\"@id\":\"https:\/\/franciscanos.org.br\/noticias\/#\/schema\/person\/image\/\",\"url\":\"https:\/\/secure.gravatar.com\/avatar\/d08aa2ce4c8dd416d4479aa8536fcf64?s=96&d=mm&r=g\",\"contentUrl\":\"https:\/\/secure.gravatar.com\/avatar\/d08aa2ce4c8dd416d4479aa8536fcf64?s=96&d=mm&r=g\",\"caption\":\"moacir\"},\"url\":\"https:\/\/franciscanos.org.br\/noticias\/author\/moacir\"}]}<\/script>\n<!-- \/ Yoast SEO plugin. -->","yoast_head_json":{"title":"Dom Walmor fala dos desafios e prioridades antes de come\u00e7ar a 60\u00aa Assembleia dos Bispos - Not\u00edcias - Franciscanos","robots":{"index":"index","follow":"follow","max-snippet":"max-snippet:-1","max-image-preview":"max-image-preview:large","max-video-preview":"max-video-preview:-1"},"canonical":"https:\/\/franciscanos.org.br\/noticias\/dom-walmor-fala-dos-desafios-e-prioridades-antes-de-comecar-a-60a-assembleia-dos-bispos.html","og_locale":"pt_BR","og_type":"article","og_title":"Dom Walmor fala dos desafios e prioridades antes de come\u00e7ar a 60\u00aa Assembleia dos Bispos - Not\u00edcias - Franciscanos","og_description":"CNBB","og_url":"https:\/\/franciscanos.org.br\/noticias\/dom-walmor-fala-dos-desafios-e-prioridades-antes-de-comecar-a-60a-assembleia-dos-bispos.html","og_site_name":"Not\u00edcias - Franciscanos","article_published_time":"2023-04-19T13:01:30+00:00","article_modified_time":"2023-04-19T13:05:26+00:00","og_image":[{"width":980,"height":551,"url":"https:\/\/franciscanos.org.br\/noticias\/wp-content\/uploads\/2023\/04\/wamor_10.jpg","type":"image\/jpeg"}],"author":"moacir","twitter_card":"summary_large_image","twitter_misc":{"Escrito por":"moacir","Est. tempo de leitura":"5 minutos"},"schema":{"@context":"https:\/\/schema.org","@graph":[{"@type":"WebSite","@id":"https:\/\/franciscanos.org.br\/noticias\/#website","url":"https:\/\/franciscanos.org.br\/noticias\/","name":"Not\u00edcias - Franciscanos","description":"Prov\u00edncia Franciscana da Imaculada Concei\u00e7\u00e3o do Brasil - Ordem dos Frades Menores - OFM","potentialAction":[{"@type":"SearchAction","target":{"@type":"EntryPoint","urlTemplate":"https:\/\/franciscanos.org.br\/noticias\/?s={search_term_string}"},"query-input":"required name=search_term_string"}],"inLanguage":"pt-BR"},{"@type":"ImageObject","inLanguage":"pt-BR","@id":"https:\/\/franciscanos.org.br\/noticias\/dom-walmor-fala-dos-desafios-e-prioridades-antes-de-comecar-a-60a-assembleia-dos-bispos.html#primaryimage","url":"https:\/\/franciscanos.org.br\/noticias\/wp-content\/uploads\/2023\/04\/wamor_10.jpg","contentUrl":"https:\/\/franciscanos.org.br\/noticias\/wp-content\/uploads\/2023\/04\/wamor_10.jpg","width":980,"height":551},{"@type":"WebPage","@id":"https:\/\/franciscanos.org.br\/noticias\/dom-walmor-fala-dos-desafios-e-prioridades-antes-de-comecar-a-60a-assembleia-dos-bispos.html#webpage","url":"https:\/\/franciscanos.org.br\/noticias\/dom-walmor-fala-dos-desafios-e-prioridades-antes-de-comecar-a-60a-assembleia-dos-bispos.html","name":"Dom Walmor fala dos desafios e prioridades antes de come\u00e7ar a 60\u00aa Assembleia dos Bispos - Not\u00edcias - Franciscanos","isPartOf":{"@id":"https:\/\/franciscanos.org.br\/noticias\/#website"},"primaryImageOfPage":{"@id":"https:\/\/franciscanos.org.br\/noticias\/dom-walmor-fala-dos-desafios-e-prioridades-antes-de-comecar-a-60a-assembleia-dos-bispos.html#primaryimage"},"datePublished":"2023-04-19T13:01:30+00:00","dateModified":"2023-04-19T13:05:26+00:00","author":{"@id":"https:\/\/franciscanos.org.br\/noticias\/#\/schema\/person\/b5c8cba458c330ccff548b056e95a5d4"},"breadcrumb":{"@id":"https:\/\/franciscanos.org.br\/noticias\/dom-walmor-fala-dos-desafios-e-prioridades-antes-de-comecar-a-60a-assembleia-dos-bispos.html#breadcrumb"},"inLanguage":"pt-BR","potentialAction":[{"@type":"ReadAction","target":["https:\/\/franciscanos.org.br\/noticias\/dom-walmor-fala-dos-desafios-e-prioridades-antes-de-comecar-a-60a-assembleia-dos-bispos.html"]}]},{"@type":"BreadcrumbList","@id":"https:\/\/franciscanos.org.br\/noticias\/dom-walmor-fala-dos-desafios-e-prioridades-antes-de-comecar-a-60a-assembleia-dos-bispos.html#breadcrumb","itemListElement":[{"@type":"ListItem","position":1,"name":"Home","item":"https:\/\/franciscanos.org.br\/noticias"},{"@type":"ListItem","position":2,"name":"Dom Walmor fala dos desafios e prioridades antes de come\u00e7ar a 60\u00aa Assembleia dos Bispos"}]},{"@type":"Person","@id":"https:\/\/franciscanos.org.br\/noticias\/#\/schema\/person\/b5c8cba458c330ccff548b056e95a5d4","name":"moacir","image":{"@type":"ImageObject","inLanguage":"pt-BR","@id":"https:\/\/franciscanos.org.br\/noticias\/#\/schema\/person\/image\/","url":"https:\/\/secure.gravatar.com\/avatar\/d08aa2ce4c8dd416d4479aa8536fcf64?s=96&d=mm&r=g","contentUrl":"https:\/\/secure.gravatar.com\/avatar\/d08aa2ce4c8dd416d4479aa8536fcf64?s=96&d=mm&r=g","caption":"moacir"},"url":"https:\/\/franciscanos.org.br\/noticias\/author\/moacir"}]}},"_links":{"self":[{"href":"https:\/\/franciscanos.org.br\/noticias\/wp-json\/wp\/v2\/posts\/243021"}],"collection":[{"href":"https:\/\/franciscanos.org.br\/noticias\/wp-json\/wp\/v2\/posts"}],"about":[{"href":"https:\/\/franciscanos.org.br\/noticias\/wp-json\/wp\/v2\/types\/post"}],"author":[{"embeddable":true,"href":"https:\/\/franciscanos.org.br\/noticias\/wp-json\/wp\/v2\/users\/3"}],"replies":[{"embeddable":true,"href":"https:\/\/franciscanos.org.br\/noticias\/wp-json\/wp\/v2\/comments?post=243021"}],"version-history":[{"count":3,"href":"https:\/\/franciscanos.org.br\/noticias\/wp-json\/wp\/v2\/posts\/243021\/revisions"}],"predecessor-version":[{"id":243025,"href":"https:\/\/franciscanos.org.br\/noticias\/wp-json\/wp\/v2\/posts\/243021\/revisions\/243025"}],"wp:featuredmedia":[{"embeddable":true,"href":"https:\/\/franciscanos.org.br\/noticias\/wp-json\/wp\/v2\/media\/243022"}],"wp:attachment":[{"href":"https:\/\/franciscanos.org.br\/noticias\/wp-json\/wp\/v2\/media?parent=243021"}],"wp:term":[{"taxonomy":"category","embeddable":true,"href":"https:\/\/franciscanos.org.br\/noticias\/wp-json\/wp\/v2\/categories?post=243021"},{"taxonomy":"post_tag","embeddable":true,"href":"https:\/\/franciscanos.org.br\/noticias\/wp-json\/wp\/v2\/tags?post=243021"}],"curies":[{"name":"wp","href":"https:\/\/api.w.org\/{rel}","templated":true}]}}