{"id":242964,"date":"2023-04-17T09:56:23","date_gmt":"2023-04-17T12:56:23","guid":{"rendered":"https:\/\/franciscanos.org.br\/noticias\/?p=242964"},"modified":"2023-04-17T10:32:31","modified_gmt":"2023-04-17T13:32:31","slug":"falece-aos-84-anos-frei-abilio-amaral-antunes","status":"publish","type":"post","link":"https:\/\/franciscanos.org.br\/noticias\/falece-aos-84-anos-frei-abilio-amaral-antunes.html","title":{"rendered":"Falece aos 84 anos, Frei Ab\u00edlio Amaral Antunes"},"content":{"rendered":"<p><img loading=\"lazy\" class=\"alignnone size-full wp-image-242966\" src=\"https:\/\/franciscanos.org.br\/noticias\/wp-content\/uploads\/2023\/04\/Abilio-Amaral-Antunes-1280.jpg\" alt=\"\" width=\"1280\" height=\"720\" srcset=\"https:\/\/franciscanos.org.br\/noticias\/wp-content\/uploads\/2023\/04\/Abilio-Amaral-Antunes-1280.jpg 1280w, https:\/\/franciscanos.org.br\/noticias\/wp-content\/uploads\/2023\/04\/Abilio-Amaral-Antunes-1280-450x253.jpg 450w, https:\/\/franciscanos.org.br\/noticias\/wp-content\/uploads\/2023\/04\/Abilio-Amaral-Antunes-1280-1024x576.jpg 1024w, https:\/\/franciscanos.org.br\/noticias\/wp-content\/uploads\/2023\/04\/Abilio-Amaral-Antunes-1280-768x432.jpg 768w, https:\/\/franciscanos.org.br\/noticias\/wp-content\/uploads\/2023\/04\/Abilio-Amaral-Antunes-1280-150x84.jpg 150w\" sizes=\"(max-width: 1280px) 100vw, 1280px\" \/><\/p>\n<p>Faleceu no in\u00edcio da noite de ontem, dia 16\/04, Frei Ab\u00edlio Amaral Antunes, com 84 anos de idade, na Fraternidade S\u00e3o Francisco de Assis, de Bragan\u00e7a Paulista (SP). Frei Ab\u00edlio estava internado devido a diversas convuls\u00f5es desde o dia 17\/02. Ele j\u00e1 sofria, h\u00e1 alguns anos, com a doen\u00e7a de Alzheimer. Cada vez mais debilitado, veio a \u00f3bito ainda no hospital.<\/p>\n<div>\n<p>A Fraternidade S\u00e3o Francisco de Assis comunica que ir\u00e1 celebrar a missa de corpo presente \u00e0s 12h30 de hoje e levar\u00e1 o corpo do confrade para seu sepultamento, \u00e0s 16h, no Jazigo da Prov\u00edncia, no Cemit\u00e9rio do Sant\u00edssimo Sacramento, em S\u00e3o Paulo, SP.Que nosso confrade, pela miseric\u00f3rdia de Deus, descanse em paz!<\/p>\n<h3><strong>HIST\u00d3RICO<\/strong><\/h3>\n<p style=\"padding-left: 40px;\"><strong>Data de Nascimento:\u00a0<\/strong>28\/01\/1939 (84 anos)<br \/>\n<strong>Naturalidade:<\/strong>\u00a0Rancosinho, Portugal<br \/>\n<strong>Chegada ao Brasil:<\/strong>\u00a002\/08\/1955<br \/>\n<strong>Vesti\u00e7\u00e3o:<\/strong> 20\/01\/1972<br \/>\n<strong>Primeira Profiss\u00e3o:\u00a0<\/strong>20\/01\/1973 (50 anos de vida religiosa)<br \/>\n<strong>Profiss\u00e3o Solene:<\/strong>\u00a002\/08\/1976<br \/>\n<strong>Ordena\u00e7\u00e3o Presbiteral:\u00a0<\/strong>08\/12\/1977 (45 anos de minist\u00e9rio presbiteral)<br \/>\n<strong>1979<\/strong> &#8211; Fraternidade S\u00e3o Francisco de Assis (Rodeio, SC), como vig\u00e1rio paroquial.<br \/>\n<strong>1980-1982<\/strong> &#8211;\u00a0Fraternidade Santo Ant\u00f4nio do Valongo (Santos, SP), como p\u00e1roco.<br \/>\n<strong>1983-1984<\/strong> &#8211;\u00a0A servi\u00e7o da Diocese de Bacabal (MA).<br \/>\n<strong>1984-1992<\/strong> &#8211;\u00a0Fraternidade Nossa Senhora da Concei\u00e7\u00e3o (Paty do Alferes, RJ), como vig\u00e1rio paroquial.<br \/>\n<strong>1993-2003<\/strong> &#8211;\u00a0Fraternidade (Vila Velha, ES), como atendente conventual.<br \/>\n<strong>2004-2021<\/strong> &#8211;\u00a0Fraternidade Sagrado Cora\u00e7\u00e3o de Jesus (Petr\u00f3polis, RJ), como atendente conventual.<br \/>\n<strong>2022-2023<\/strong> &#8211;\u00a0Fraternidade S\u00e3o Francisco de Assis (Bragan\u00e7a Paulista, SP), para tratamento de sa\u00fade.<\/p>\n<h3><strong>O FRADE<\/strong><\/h3>\n<p>Frei Ab\u00edlio Amaral Antunes foi um confrade de f\u00e1cil conviv\u00eancia, de personalidade alegre e aberta, embora reservasse para si maiores detalhes de sua interioridade &#8220;porque cada ser humano \u00e9 um mist\u00e9rio em si mesmo&#8221;. Reconhecia a f\u00e9 como fator impulsionador de sua espiritualidade e viv\u00eancia da consagra\u00e7\u00e3o. Era convicto de que a vida religiosa franciscana estava sob a responsabilidade de cada frade em procurar viver bem o que prometeu, ciente de que toda obra oferecida \u00e9, na verdade, realizada por Deus, por sermos todos apenas Seus instrumentos.<\/p>\n<\/div>\n","protected":false},"excerpt":{"rendered":"<p>Falecimento<\/p>\n","protected":false},"author":7,"featured_media":242967,"comment_status":"open","ping_status":"open","sticky":false,"template":"","format":"standard","meta":[],"categories":[1],"tags":[1160,1139],"acf":[],"yoast_head":"<!-- This site is optimized with the Yoast SEO plugin v19.2 - https:\/\/yoast.com\/wordpress\/plugins\/seo\/ -->\n<title>Falece aos 84 anos, Frei Ab\u00edlio Amaral Antunes - Not\u00edcias - Franciscanos<\/title>\n<meta name=\"robots\" content=\"index, follow, max-snippet:-1, max-image-preview:large, max-video-preview:-1\" \/>\n<link rel=\"canonical\" href=\"https:\/\/franciscanos.org.br\/noticias\/falece-aos-84-anos-frei-abilio-amaral-antunes.html\" \/>\n<meta property=\"og:locale\" content=\"pt_BR\" \/>\n<meta property=\"og:type\" content=\"article\" \/>\n<meta property=\"og:title\" content=\"Falece aos 84 anos, Frei Ab\u00edlio Amaral Antunes - Not\u00edcias - Franciscanos\" \/>\n<meta property=\"og:description\" content=\"Falecimento\" \/>\n<meta property=\"og:url\" content=\"https:\/\/franciscanos.org.br\/noticias\/falece-aos-84-anos-frei-abilio-amaral-antunes.html\" \/>\n<meta property=\"og:site_name\" content=\"Not\u00edcias - Franciscanos\" \/>\n<meta property=\"article:published_time\" content=\"2023-04-17T12:56:23+00:00\" \/>\n<meta property=\"article:modified_time\" content=\"2023-04-17T13:32:31+00:00\" \/>\n<meta property=\"og:image\" content=\"https:\/\/franciscanos.org.br\/noticias\/wp-content\/uploads\/2023\/04\/Abilio-Amaral-Antunes-800.jpg\" \/>\n\t<meta property=\"og:image:width\" content=\"800\" \/>\n\t<meta property=\"og:image:height\" content=\"550\" \/>\n\t<meta property=\"og:image:type\" content=\"image\/jpeg\" \/>\n<meta name=\"author\" content=\"jovenal\" \/>\n<meta name=\"twitter:card\" content=\"summary_large_image\" \/>\n<meta name=\"twitter:label1\" content=\"Escrito por\" \/>\n\t<meta name=\"twitter:data1\" content=\"jovenal\" \/>\n\t<meta name=\"twitter:label2\" content=\"Est. tempo de leitura\" \/>\n\t<meta name=\"twitter:data2\" content=\"2 minutos\" \/>\n<script type=\"application\/ld+json\" class=\"yoast-schema-graph\">{\"@context\":\"https:\/\/schema.org\",\"@graph\":[{\"@type\":\"WebSite\",\"@id\":\"https:\/\/franciscanos.org.br\/noticias\/#website\",\"url\":\"https:\/\/franciscanos.org.br\/noticias\/\",\"name\":\"Not\u00edcias - Franciscanos\",\"description\":\"Prov\u00edncia Franciscana da Imaculada Concei\u00e7\u00e3o do Brasil - Ordem dos Frades Menores - OFM\",\"potentialAction\":[{\"@type\":\"SearchAction\",\"target\":{\"@type\":\"EntryPoint\",\"urlTemplate\":\"https:\/\/franciscanos.org.br\/noticias\/?s={search_term_string}\"},\"query-input\":\"required name=search_term_string\"}],\"inLanguage\":\"pt-BR\"},{\"@type\":\"ImageObject\",\"inLanguage\":\"pt-BR\",\"@id\":\"https:\/\/franciscanos.org.br\/noticias\/falece-aos-84-anos-frei-abilio-amaral-antunes.html#primaryimage\",\"url\":\"https:\/\/franciscanos.org.br\/noticias\/wp-content\/uploads\/2023\/04\/Abilio-Amaral-Antunes-800.jpg\",\"contentUrl\":\"https:\/\/franciscanos.org.br\/noticias\/wp-content\/uploads\/2023\/04\/Abilio-Amaral-Antunes-800.jpg\",\"width\":800,\"height\":550},{\"@type\":\"WebPage\",\"@id\":\"https:\/\/franciscanos.org.br\/noticias\/falece-aos-84-anos-frei-abilio-amaral-antunes.html#webpage\",\"url\":\"https:\/\/franciscanos.org.br\/noticias\/falece-aos-84-anos-frei-abilio-amaral-antunes.html\",\"name\":\"Falece aos 84 anos, Frei Ab\u00edlio Amaral Antunes - Not\u00edcias - Franciscanos\",\"isPartOf\":{\"@id\":\"https:\/\/franciscanos.org.br\/noticias\/#website\"},\"primaryImageOfPage\":{\"@id\":\"https:\/\/franciscanos.org.br\/noticias\/falece-aos-84-anos-frei-abilio-amaral-antunes.html#primaryimage\"},\"datePublished\":\"2023-04-17T12:56:23+00:00\",\"dateModified\":\"2023-04-17T13:32:31+00:00\",\"author\":{\"@id\":\"https:\/\/franciscanos.org.br\/noticias\/#\/schema\/person\/c3a26b08313dd1772495ce300ab257cc\"},\"breadcrumb\":{\"@id\":\"https:\/\/franciscanos.org.br\/noticias\/falece-aos-84-anos-frei-abilio-amaral-antunes.html#breadcrumb\"},\"inLanguage\":\"pt-BR\",\"potentialAction\":[{\"@type\":\"ReadAction\",\"target\":[\"https:\/\/franciscanos.org.br\/noticias\/falece-aos-84-anos-frei-abilio-amaral-antunes.html\"]}]},{\"@type\":\"BreadcrumbList\",\"@id\":\"https:\/\/franciscanos.org.br\/noticias\/falece-aos-84-anos-frei-abilio-amaral-antunes.html#breadcrumb\",\"itemListElement\":[{\"@type\":\"ListItem\",\"position\":1,\"name\":\"Home\",\"item\":\"https:\/\/franciscanos.org.br\/noticias\"},{\"@type\":\"ListItem\",\"position\":2,\"name\":\"Falece aos 84 anos, Frei Ab\u00edlio Amaral Antunes\"}]},{\"@type\":\"Person\",\"@id\":\"https:\/\/franciscanos.org.br\/noticias\/#\/schema\/person\/c3a26b08313dd1772495ce300ab257cc\",\"name\":\"jovenal\",\"image\":{\"@type\":\"ImageObject\",\"inLanguage\":\"pt-BR\",\"@id\":\"https:\/\/franciscanos.org.br\/noticias\/#\/schema\/person\/image\/\",\"url\":\"https:\/\/secure.gravatar.com\/avatar\/e94509f531086e2eaf97e72f29ea00f9?s=96&d=mm&r=g\",\"contentUrl\":\"https:\/\/secure.gravatar.com\/avatar\/e94509f531086e2eaf97e72f29ea00f9?s=96&d=mm&r=g\",\"caption\":\"jovenal\"},\"url\":\"https:\/\/franciscanos.org.br\/noticias\/author\/jovenal\"}]}<\/script>\n<!-- \/ Yoast SEO plugin. -->","yoast_head_json":{"title":"Falece aos 84 anos, Frei Ab\u00edlio Amaral Antunes - Not\u00edcias - Franciscanos","robots":{"index":"index","follow":"follow","max-snippet":"max-snippet:-1","max-image-preview":"max-image-preview:large","max-video-preview":"max-video-preview:-1"},"canonical":"https:\/\/franciscanos.org.br\/noticias\/falece-aos-84-anos-frei-abilio-amaral-antunes.html","og_locale":"pt_BR","og_type":"article","og_title":"Falece aos 84 anos, Frei Ab\u00edlio Amaral Antunes - Not\u00edcias - Franciscanos","og_description":"Falecimento","og_url":"https:\/\/franciscanos.org.br\/noticias\/falece-aos-84-anos-frei-abilio-amaral-antunes.html","og_site_name":"Not\u00edcias - Franciscanos","article_published_time":"2023-04-17T12:56:23+00:00","article_modified_time":"2023-04-17T13:32:31+00:00","og_image":[{"width":800,"height":550,"url":"https:\/\/franciscanos.org.br\/noticias\/wp-content\/uploads\/2023\/04\/Abilio-Amaral-Antunes-800.jpg","type":"image\/jpeg"}],"author":"jovenal","twitter_card":"summary_large_image","twitter_misc":{"Escrito por":"jovenal","Est. tempo de leitura":"2 minutos"},"schema":{"@context":"https:\/\/schema.org","@graph":[{"@type":"WebSite","@id":"https:\/\/franciscanos.org.br\/noticias\/#website","url":"https:\/\/franciscanos.org.br\/noticias\/","name":"Not\u00edcias - Franciscanos","description":"Prov\u00edncia Franciscana da Imaculada Concei\u00e7\u00e3o do Brasil - Ordem dos Frades Menores - OFM","potentialAction":[{"@type":"SearchAction","target":{"@type":"EntryPoint","urlTemplate":"https:\/\/franciscanos.org.br\/noticias\/?s={search_term_string}"},"query-input":"required name=search_term_string"}],"inLanguage":"pt-BR"},{"@type":"ImageObject","inLanguage":"pt-BR","@id":"https:\/\/franciscanos.org.br\/noticias\/falece-aos-84-anos-frei-abilio-amaral-antunes.html#primaryimage","url":"https:\/\/franciscanos.org.br\/noticias\/wp-content\/uploads\/2023\/04\/Abilio-Amaral-Antunes-800.jpg","contentUrl":"https:\/\/franciscanos.org.br\/noticias\/wp-content\/uploads\/2023\/04\/Abilio-Amaral-Antunes-800.jpg","width":800,"height":550},{"@type":"WebPage","@id":"https:\/\/franciscanos.org.br\/noticias\/falece-aos-84-anos-frei-abilio-amaral-antunes.html#webpage","url":"https:\/\/franciscanos.org.br\/noticias\/falece-aos-84-anos-frei-abilio-amaral-antunes.html","name":"Falece aos 84 anos, Frei Ab\u00edlio Amaral Antunes - Not\u00edcias - Franciscanos","isPartOf":{"@id":"https:\/\/franciscanos.org.br\/noticias\/#website"},"primaryImageOfPage":{"@id":"https:\/\/franciscanos.org.br\/noticias\/falece-aos-84-anos-frei-abilio-amaral-antunes.html#primaryimage"},"datePublished":"2023-04-17T12:56:23+00:00","dateModified":"2023-04-17T13:32:31+00:00","author":{"@id":"https:\/\/franciscanos.org.br\/noticias\/#\/schema\/person\/c3a26b08313dd1772495ce300ab257cc"},"breadcrumb":{"@id":"https:\/\/franciscanos.org.br\/noticias\/falece-aos-84-anos-frei-abilio-amaral-antunes.html#breadcrumb"},"inLanguage":"pt-BR","potentialAction":[{"@type":"ReadAction","target":["https:\/\/franciscanos.org.br\/noticias\/falece-aos-84-anos-frei-abilio-amaral-antunes.html"]}]},{"@type":"BreadcrumbList","@id":"https:\/\/franciscanos.org.br\/noticias\/falece-aos-84-anos-frei-abilio-amaral-antunes.html#breadcrumb","itemListElement":[{"@type":"ListItem","position":1,"name":"Home","item":"https:\/\/franciscanos.org.br\/noticias"},{"@type":"ListItem","position":2,"name":"Falece aos 84 anos, Frei Ab\u00edlio Amaral Antunes"}]},{"@type":"Person","@id":"https:\/\/franciscanos.org.br\/noticias\/#\/schema\/person\/c3a26b08313dd1772495ce300ab257cc","name":"jovenal","image":{"@type":"ImageObject","inLanguage":"pt-BR","@id":"https:\/\/franciscanos.org.br\/noticias\/#\/schema\/person\/image\/","url":"https:\/\/secure.gravatar.com\/avatar\/e94509f531086e2eaf97e72f29ea00f9?s=96&d=mm&r=g","contentUrl":"https:\/\/secure.gravatar.com\/avatar\/e94509f531086e2eaf97e72f29ea00f9?s=96&d=mm&r=g","caption":"jovenal"},"url":"https:\/\/franciscanos.org.br\/noticias\/author\/jovenal"}]}},"_links":{"self":[{"href":"https:\/\/franciscanos.org.br\/noticias\/wp-json\/wp\/v2\/posts\/242964"}],"collection":[{"href":"https:\/\/franciscanos.org.br\/noticias\/wp-json\/wp\/v2\/posts"}],"about":[{"href":"https:\/\/franciscanos.org.br\/noticias\/wp-json\/wp\/v2\/types\/post"}],"author":[{"embeddable":true,"href":"https:\/\/franciscanos.org.br\/noticias\/wp-json\/wp\/v2\/users\/7"}],"replies":[{"embeddable":true,"href":"https:\/\/franciscanos.org.br\/noticias\/wp-json\/wp\/v2\/comments?post=242964"}],"version-history":[{"count":6,"href":"https:\/\/franciscanos.org.br\/noticias\/wp-json\/wp\/v2\/posts\/242964\/revisions"}],"predecessor-version":[{"id":242972,"href":"https:\/\/franciscanos.org.br\/noticias\/wp-json\/wp\/v2\/posts\/242964\/revisions\/242972"}],"wp:featuredmedia":[{"embeddable":true,"href":"https:\/\/franciscanos.org.br\/noticias\/wp-json\/wp\/v2\/media\/242967"}],"wp:attachment":[{"href":"https:\/\/franciscanos.org.br\/noticias\/wp-json\/wp\/v2\/media?parent=242964"}],"wp:term":[{"taxonomy":"category","embeddable":true,"href":"https:\/\/franciscanos.org.br\/noticias\/wp-json\/wp\/v2\/categories?post=242964"},{"taxonomy":"post_tag","embeddable":true,"href":"https:\/\/franciscanos.org.br\/noticias\/wp-json\/wp\/v2\/tags?post=242964"}],"curies":[{"name":"wp","href":"https:\/\/api.w.org\/{rel}","templated":true}]}}