{"id":242920,"date":"2023-04-16T07:52:50","date_gmt":"2023-04-16T10:52:50","guid":{"rendered":"https:\/\/franciscanos.org.br\/noticias\/?p=242920"},"modified":"2023-04-16T07:52:50","modified_gmt":"2023-04-16T10:52:50","slug":"papa-encontre-jesus-ressuscitado-na-comunidade-na-igreja-que-nao-e-perfeita","status":"publish","type":"post","link":"https:\/\/franciscanos.org.br\/noticias\/papa-encontre-jesus-ressuscitado-na-comunidade-na-igreja-que-nao-e-perfeita.html","title":{"rendered":"Papa: encontre Jesus Ressuscitado na comunidade, na Igreja que n\u00e3o \u00e9 perfeita"},"content":{"rendered":"<div id=\"attachment_242921\" style=\"width: 1510px\" class=\"wp-caption alignnone\"><img aria-describedby=\"caption-attachment-242921\" loading=\"lazy\" class=\"wp-image-242921 size-full\" src=\"https:\/\/franciscanos.org.br\/noticias\/wp-content\/uploads\/2023\/04\/regina_16.jpeg\" alt=\"\" width=\"1500\" height=\"844\" srcset=\"https:\/\/franciscanos.org.br\/noticias\/wp-content\/uploads\/2023\/04\/regina_16.jpeg 1500w, https:\/\/franciscanos.org.br\/noticias\/wp-content\/uploads\/2023\/04\/regina_16-450x253.jpeg 450w, https:\/\/franciscanos.org.br\/noticias\/wp-content\/uploads\/2023\/04\/regina_16-1024x576.jpeg 1024w, https:\/\/franciscanos.org.br\/noticias\/wp-content\/uploads\/2023\/04\/regina_16-768x432.jpeg 768w, https:\/\/franciscanos.org.br\/noticias\/wp-content\/uploads\/2023\/04\/regina_16-150x84.jpeg 150w\" sizes=\"(max-width: 1500px) 100vw, 1500px\" \/><p id=\"caption-attachment-242921\" class=\"wp-caption-text\"><em>Imagem: Vatican Media<\/em><\/p><\/div>\n<p>Neste Segundo Domingo de P\u00e1scoa e da Divina Miseric\u00f3rdia, o Papa Francisco, na alocu\u00e7\u00e3o que precedeu a ora\u00e7\u00e3o mariana do Regina Coeli na Pra\u00e7a S\u00e3o Pedro, refletiu sobre o Evangelho que traz as duas apari\u00e7\u00f5es de Jesus Ressuscitado aos disc\u00edpulos e, em particular, a Tom\u00e9 (cf. Jo 20,24-29). O &#8220;Ap\u00f3stolo incr\u00e9dulo&#8221;, comentou o Pont\u00edfice, n\u00e3o foi o \u00fanico com dificuldades para acreditar, mas acaba representando &#8220;um pouco de todos n\u00f3s. De fato, nem sempre \u00e9 f\u00e1cil acreditar&#8221;, especialmente ap\u00f3s sofrer decep\u00e7\u00f5es, como no caso de Tom\u00e9, que viu o Mestre sendo colocado na cruz como um delinquente: &#8220;como confiar novamente?&#8221;, ponderou o Papa.<\/p>\n<p><strong>Encontrar Jesus em meio \u00e0 comunidade<\/strong><br \/>\nAssim, enquanto Tom\u00e9 saiu, recordou o Papa, Jesus apareceu pela primeira vez aos disc\u00edpulos na noite de P\u00e1scoa e o disc\u00edpulo n\u00e3o acreditou. E Cristo Ressuscitado o fez pela segunda vez, oito dias depois, aparecendo em meio aos seus disc\u00edpulos e mostrando as suas feridas, &#8220;a prova do seu amor, os canais sempre abertos da sua miseric\u00f3rdia&#8221;.<\/p>\n<p>\u201cVamos refletir sobre esses fatos. Para acreditar, Tom\u00e9 gostaria de um sinal extraordin\u00e1rio: tocar as feridas. Jesus as mostra a ele, mas de uma maneira ordin\u00e1ria, chegando diante de todos, na comunidade. Como que para dizer-lhe: se quiser me encontrar, n\u00e3o busque longe, fique na comunidade, com os outros; n\u00e3o v\u00e1 embora, reze com eles, parta o p\u00e3o com eles.\u201d<\/p>\n<p>\u00c9 na comunidade que encontramos Jesus, enfatizou o Papa, onde encontramos &#8220;os sinais das feridas: os sinais do Amor que vence o \u00f3dio, do Perd\u00e3o que desarma a vingan\u00e7a, da Vida que vence a morte&#8221;. Em meio aos irm\u00e3os, tamb\u00e9m se compartilha &#8220;momentos de d\u00favida e de medo, agarrando-se ainda mais firmemente a eles&#8221;.<\/p>\n<p>\u201cQueridos irm\u00e3os e irm\u00e3s, o convite feito a Tom\u00e9 tamb\u00e9m \u00e9 v\u00e1lido para n\u00f3s. N\u00f3s, onde procuramos o Ressuscitado? Em algum evento especial, em alguma manifesta\u00e7\u00e3o religiosa espetacular ou marcante, unicamente em nossas emo\u00e7\u00f5es e sensa\u00e7\u00f5es? Ou na comunidade, na Igreja, aceitando o desafio de permanecer ali, mesmo se n\u00e3o \u00e9 perfeita?\u201d<\/p>\n<p>O Papa Francisco finalizou a reflex\u00e3o deste domingo (16) pedindo a intercess\u00e3o de Nossa Senhora, M\u00e3e de Miseric\u00f3rida, para nos ajudar &#8220;a amar a Igreja e a torn\u00e1-la um lar acolhedor para todos&#8221;, mesmo em meio \u00e0s dificuldades:<br \/>\n&#8220;Apesar de todas as suas limita\u00e7\u00f5es e quedas, que s\u00e3o as nossas limita\u00e7\u00f5es e as nossas quedas, nossa Igreja M\u00e3e \u00e9 o Corpo de Cristo; e \u00e9 ali, no Corpo de Cristo, que se encontram impressos, mais uma vez e para sempre, os maiores sinais do seu amor. Vamos nos perguntar, por\u00e9m, se, em nome desse amor, em nome das feridas de Jesus, estamos dispostos a abrir os bra\u00e7os a quem est\u00e1 ferido na vida, sem excluir ningu\u00e9m da miseric\u00f3rdia de Deus, mas acolhendo a todos; cada um como um irm\u00e3o, como uma irm\u00e3.&#8221;<\/p>\n<hr \/>\n<p><em>Fonte: Vatican News (texto de Andressa Collet)<\/em><\/p>\n","protected":false},"excerpt":{"rendered":"<p>Regina Coeli<\/p>\n","protected":false},"author":3,"featured_media":242921,"comment_status":"open","ping_status":"open","sticky":false,"template":"","format":"standard","meta":[],"categories":[1428],"tags":[564],"acf":[],"yoast_head":"<!-- This site is optimized with the Yoast SEO plugin v19.2 - https:\/\/yoast.com\/wordpress\/plugins\/seo\/ -->\n<title>Papa: encontre Jesus Ressuscitado na comunidade, na Igreja que n\u00e3o \u00e9 perfeita - Not\u00edcias - Franciscanos<\/title>\n<meta name=\"robots\" content=\"index, follow, max-snippet:-1, max-image-preview:large, max-video-preview:-1\" \/>\n<link rel=\"canonical\" href=\"https:\/\/franciscanos.org.br\/noticias\/papa-encontre-jesus-ressuscitado-na-comunidade-na-igreja-que-nao-e-perfeita.html\" \/>\n<meta property=\"og:locale\" content=\"pt_BR\" \/>\n<meta property=\"og:type\" content=\"article\" \/>\n<meta property=\"og:title\" content=\"Papa: encontre Jesus Ressuscitado na comunidade, na Igreja que n\u00e3o \u00e9 perfeita - Not\u00edcias - Franciscanos\" \/>\n<meta property=\"og:description\" content=\"Regina Coeli\" \/>\n<meta property=\"og:url\" content=\"https:\/\/franciscanos.org.br\/noticias\/papa-encontre-jesus-ressuscitado-na-comunidade-na-igreja-que-nao-e-perfeita.html\" \/>\n<meta property=\"og:site_name\" content=\"Not\u00edcias - Franciscanos\" \/>\n<meta property=\"article:published_time\" content=\"2023-04-16T10:52:50+00:00\" \/>\n<meta property=\"og:image\" content=\"https:\/\/franciscanos.org.br\/noticias\/wp-content\/uploads\/2023\/04\/regina_16.jpeg\" \/>\n\t<meta property=\"og:image:width\" content=\"1500\" \/>\n\t<meta property=\"og:image:height\" content=\"844\" \/>\n\t<meta property=\"og:image:type\" content=\"image\/jpeg\" \/>\n<meta name=\"author\" content=\"moacir\" \/>\n<meta name=\"twitter:card\" content=\"summary_large_image\" \/>\n<meta name=\"twitter:label1\" content=\"Escrito por\" \/>\n\t<meta name=\"twitter:data1\" content=\"moacir\" \/>\n\t<meta name=\"twitter:label2\" content=\"Est. tempo de leitura\" \/>\n\t<meta name=\"twitter:data2\" content=\"3 minutos\" \/>\n<script type=\"application\/ld+json\" class=\"yoast-schema-graph\">{\"@context\":\"https:\/\/schema.org\",\"@graph\":[{\"@type\":\"WebSite\",\"@id\":\"https:\/\/franciscanos.org.br\/noticias\/#website\",\"url\":\"https:\/\/franciscanos.org.br\/noticias\/\",\"name\":\"Not\u00edcias - Franciscanos\",\"description\":\"Prov\u00edncia Franciscana da Imaculada Concei\u00e7\u00e3o do Brasil - Ordem dos Frades Menores - OFM\",\"potentialAction\":[{\"@type\":\"SearchAction\",\"target\":{\"@type\":\"EntryPoint\",\"urlTemplate\":\"https:\/\/franciscanos.org.br\/noticias\/?s={search_term_string}\"},\"query-input\":\"required name=search_term_string\"}],\"inLanguage\":\"pt-BR\"},{\"@type\":\"ImageObject\",\"inLanguage\":\"pt-BR\",\"@id\":\"https:\/\/franciscanos.org.br\/noticias\/papa-encontre-jesus-ressuscitado-na-comunidade-na-igreja-que-nao-e-perfeita.html#primaryimage\",\"url\":\"https:\/\/franciscanos.org.br\/noticias\/wp-content\/uploads\/2023\/04\/regina_16.jpeg\",\"contentUrl\":\"https:\/\/franciscanos.org.br\/noticias\/wp-content\/uploads\/2023\/04\/regina_16.jpeg\",\"width\":1500,\"height\":844},{\"@type\":\"WebPage\",\"@id\":\"https:\/\/franciscanos.org.br\/noticias\/papa-encontre-jesus-ressuscitado-na-comunidade-na-igreja-que-nao-e-perfeita.html#webpage\",\"url\":\"https:\/\/franciscanos.org.br\/noticias\/papa-encontre-jesus-ressuscitado-na-comunidade-na-igreja-que-nao-e-perfeita.html\",\"name\":\"Papa: encontre Jesus Ressuscitado na comunidade, na Igreja que n\u00e3o \u00e9 perfeita - Not\u00edcias - Franciscanos\",\"isPartOf\":{\"@id\":\"https:\/\/franciscanos.org.br\/noticias\/#website\"},\"primaryImageOfPage\":{\"@id\":\"https:\/\/franciscanos.org.br\/noticias\/papa-encontre-jesus-ressuscitado-na-comunidade-na-igreja-que-nao-e-perfeita.html#primaryimage\"},\"datePublished\":\"2023-04-16T10:52:50+00:00\",\"dateModified\":\"2023-04-16T10:52:50+00:00\",\"author\":{\"@id\":\"https:\/\/franciscanos.org.br\/noticias\/#\/schema\/person\/b5c8cba458c330ccff548b056e95a5d4\"},\"breadcrumb\":{\"@id\":\"https:\/\/franciscanos.org.br\/noticias\/papa-encontre-jesus-ressuscitado-na-comunidade-na-igreja-que-nao-e-perfeita.html#breadcrumb\"},\"inLanguage\":\"pt-BR\",\"potentialAction\":[{\"@type\":\"ReadAction\",\"target\":[\"https:\/\/franciscanos.org.br\/noticias\/papa-encontre-jesus-ressuscitado-na-comunidade-na-igreja-que-nao-e-perfeita.html\"]}]},{\"@type\":\"BreadcrumbList\",\"@id\":\"https:\/\/franciscanos.org.br\/noticias\/papa-encontre-jesus-ressuscitado-na-comunidade-na-igreja-que-nao-e-perfeita.html#breadcrumb\",\"itemListElement\":[{\"@type\":\"ListItem\",\"position\":1,\"name\":\"Home\",\"item\":\"https:\/\/franciscanos.org.br\/noticias\"},{\"@type\":\"ListItem\",\"position\":2,\"name\":\"Papa: encontre Jesus Ressuscitado na comunidade, na Igreja que n\u00e3o \u00e9 perfeita\"}]},{\"@type\":\"Person\",\"@id\":\"https:\/\/franciscanos.org.br\/noticias\/#\/schema\/person\/b5c8cba458c330ccff548b056e95a5d4\",\"name\":\"moacir\",\"image\":{\"@type\":\"ImageObject\",\"inLanguage\":\"pt-BR\",\"@id\":\"https:\/\/franciscanos.org.br\/noticias\/#\/schema\/person\/image\/\",\"url\":\"https:\/\/secure.gravatar.com\/avatar\/d08aa2ce4c8dd416d4479aa8536fcf64?s=96&d=mm&r=g\",\"contentUrl\":\"https:\/\/secure.gravatar.com\/avatar\/d08aa2ce4c8dd416d4479aa8536fcf64?s=96&d=mm&r=g\",\"caption\":\"moacir\"},\"url\":\"https:\/\/franciscanos.org.br\/noticias\/author\/moacir\"}]}<\/script>\n<!-- \/ Yoast SEO plugin. -->","yoast_head_json":{"title":"Papa: encontre Jesus Ressuscitado na comunidade, na Igreja que n\u00e3o \u00e9 perfeita - Not\u00edcias - Franciscanos","robots":{"index":"index","follow":"follow","max-snippet":"max-snippet:-1","max-image-preview":"max-image-preview:large","max-video-preview":"max-video-preview:-1"},"canonical":"https:\/\/franciscanos.org.br\/noticias\/papa-encontre-jesus-ressuscitado-na-comunidade-na-igreja-que-nao-e-perfeita.html","og_locale":"pt_BR","og_type":"article","og_title":"Papa: encontre Jesus Ressuscitado na comunidade, na Igreja que n\u00e3o \u00e9 perfeita - Not\u00edcias - Franciscanos","og_description":"Regina Coeli","og_url":"https:\/\/franciscanos.org.br\/noticias\/papa-encontre-jesus-ressuscitado-na-comunidade-na-igreja-que-nao-e-perfeita.html","og_site_name":"Not\u00edcias - Franciscanos","article_published_time":"2023-04-16T10:52:50+00:00","og_image":[{"width":1500,"height":844,"url":"https:\/\/franciscanos.org.br\/noticias\/wp-content\/uploads\/2023\/04\/regina_16.jpeg","type":"image\/jpeg"}],"author":"moacir","twitter_card":"summary_large_image","twitter_misc":{"Escrito por":"moacir","Est. tempo de leitura":"3 minutos"},"schema":{"@context":"https:\/\/schema.org","@graph":[{"@type":"WebSite","@id":"https:\/\/franciscanos.org.br\/noticias\/#website","url":"https:\/\/franciscanos.org.br\/noticias\/","name":"Not\u00edcias - Franciscanos","description":"Prov\u00edncia Franciscana da Imaculada Concei\u00e7\u00e3o do Brasil - Ordem dos Frades Menores - OFM","potentialAction":[{"@type":"SearchAction","target":{"@type":"EntryPoint","urlTemplate":"https:\/\/franciscanos.org.br\/noticias\/?s={search_term_string}"},"query-input":"required name=search_term_string"}],"inLanguage":"pt-BR"},{"@type":"ImageObject","inLanguage":"pt-BR","@id":"https:\/\/franciscanos.org.br\/noticias\/papa-encontre-jesus-ressuscitado-na-comunidade-na-igreja-que-nao-e-perfeita.html#primaryimage","url":"https:\/\/franciscanos.org.br\/noticias\/wp-content\/uploads\/2023\/04\/regina_16.jpeg","contentUrl":"https:\/\/franciscanos.org.br\/noticias\/wp-content\/uploads\/2023\/04\/regina_16.jpeg","width":1500,"height":844},{"@type":"WebPage","@id":"https:\/\/franciscanos.org.br\/noticias\/papa-encontre-jesus-ressuscitado-na-comunidade-na-igreja-que-nao-e-perfeita.html#webpage","url":"https:\/\/franciscanos.org.br\/noticias\/papa-encontre-jesus-ressuscitado-na-comunidade-na-igreja-que-nao-e-perfeita.html","name":"Papa: encontre Jesus Ressuscitado na comunidade, na Igreja que n\u00e3o \u00e9 perfeita - Not\u00edcias - Franciscanos","isPartOf":{"@id":"https:\/\/franciscanos.org.br\/noticias\/#website"},"primaryImageOfPage":{"@id":"https:\/\/franciscanos.org.br\/noticias\/papa-encontre-jesus-ressuscitado-na-comunidade-na-igreja-que-nao-e-perfeita.html#primaryimage"},"datePublished":"2023-04-16T10:52:50+00:00","dateModified":"2023-04-16T10:52:50+00:00","author":{"@id":"https:\/\/franciscanos.org.br\/noticias\/#\/schema\/person\/b5c8cba458c330ccff548b056e95a5d4"},"breadcrumb":{"@id":"https:\/\/franciscanos.org.br\/noticias\/papa-encontre-jesus-ressuscitado-na-comunidade-na-igreja-que-nao-e-perfeita.html#breadcrumb"},"inLanguage":"pt-BR","potentialAction":[{"@type":"ReadAction","target":["https:\/\/franciscanos.org.br\/noticias\/papa-encontre-jesus-ressuscitado-na-comunidade-na-igreja-que-nao-e-perfeita.html"]}]},{"@type":"BreadcrumbList","@id":"https:\/\/franciscanos.org.br\/noticias\/papa-encontre-jesus-ressuscitado-na-comunidade-na-igreja-que-nao-e-perfeita.html#breadcrumb","itemListElement":[{"@type":"ListItem","position":1,"name":"Home","item":"https:\/\/franciscanos.org.br\/noticias"},{"@type":"ListItem","position":2,"name":"Papa: encontre Jesus Ressuscitado na comunidade, na Igreja que n\u00e3o \u00e9 perfeita"}]},{"@type":"Person","@id":"https:\/\/franciscanos.org.br\/noticias\/#\/schema\/person\/b5c8cba458c330ccff548b056e95a5d4","name":"moacir","image":{"@type":"ImageObject","inLanguage":"pt-BR","@id":"https:\/\/franciscanos.org.br\/noticias\/#\/schema\/person\/image\/","url":"https:\/\/secure.gravatar.com\/avatar\/d08aa2ce4c8dd416d4479aa8536fcf64?s=96&d=mm&r=g","contentUrl":"https:\/\/secure.gravatar.com\/avatar\/d08aa2ce4c8dd416d4479aa8536fcf64?s=96&d=mm&r=g","caption":"moacir"},"url":"https:\/\/franciscanos.org.br\/noticias\/author\/moacir"}]}},"_links":{"self":[{"href":"https:\/\/franciscanos.org.br\/noticias\/wp-json\/wp\/v2\/posts\/242920"}],"collection":[{"href":"https:\/\/franciscanos.org.br\/noticias\/wp-json\/wp\/v2\/posts"}],"about":[{"href":"https:\/\/franciscanos.org.br\/noticias\/wp-json\/wp\/v2\/types\/post"}],"author":[{"embeddable":true,"href":"https:\/\/franciscanos.org.br\/noticias\/wp-json\/wp\/v2\/users\/3"}],"replies":[{"embeddable":true,"href":"https:\/\/franciscanos.org.br\/noticias\/wp-json\/wp\/v2\/comments?post=242920"}],"version-history":[{"count":1,"href":"https:\/\/franciscanos.org.br\/noticias\/wp-json\/wp\/v2\/posts\/242920\/revisions"}],"predecessor-version":[{"id":242922,"href":"https:\/\/franciscanos.org.br\/noticias\/wp-json\/wp\/v2\/posts\/242920\/revisions\/242922"}],"wp:featuredmedia":[{"embeddable":true,"href":"https:\/\/franciscanos.org.br\/noticias\/wp-json\/wp\/v2\/media\/242921"}],"wp:attachment":[{"href":"https:\/\/franciscanos.org.br\/noticias\/wp-json\/wp\/v2\/media?parent=242920"}],"wp:term":[{"taxonomy":"category","embeddable":true,"href":"https:\/\/franciscanos.org.br\/noticias\/wp-json\/wp\/v2\/categories?post=242920"},{"taxonomy":"post_tag","embeddable":true,"href":"https:\/\/franciscanos.org.br\/noticias\/wp-json\/wp\/v2\/tags?post=242920"}],"curies":[{"name":"wp","href":"https:\/\/api.w.org\/{rel}","templated":true}]}}