{"id":242708,"date":"2023-04-10T10:46:44","date_gmt":"2023-04-10T13:46:44","guid":{"rendered":"https:\/\/franciscanos.org.br\/noticias\/?p=242708"},"modified":"2023-04-10T10:46:44","modified_gmt":"2023-04-10T13:46:44","slug":"papa-quando-voce-testemunhou-jesus-pela-ultima-vez","status":"publish","type":"post","link":"https:\/\/franciscanos.org.br\/noticias\/papa-quando-voce-testemunhou-jesus-pela-ultima-vez.html","title":{"rendered":"Papa: quando voc\u00ea testemunhou Jesus pela \u00faltima vez?"},"content":{"rendered":"<div id=\"attachment_242709\" style=\"width: 1510px\" class=\"wp-caption alignnone\"><img aria-describedby=\"caption-attachment-242709\" loading=\"lazy\" class=\"wp-image-242709 size-full\" src=\"https:\/\/franciscanos.org.br\/noticias\/wp-content\/uploads\/2023\/04\/regina_10.jpeg\" alt=\"\" width=\"1500\" height=\"844\" srcset=\"https:\/\/franciscanos.org.br\/noticias\/wp-content\/uploads\/2023\/04\/regina_10.jpeg 1500w, https:\/\/franciscanos.org.br\/noticias\/wp-content\/uploads\/2023\/04\/regina_10-450x253.jpeg 450w, https:\/\/franciscanos.org.br\/noticias\/wp-content\/uploads\/2023\/04\/regina_10-1024x576.jpeg 1024w, https:\/\/franciscanos.org.br\/noticias\/wp-content\/uploads\/2023\/04\/regina_10-768x432.jpeg 768w, https:\/\/franciscanos.org.br\/noticias\/wp-content\/uploads\/2023\/04\/regina_10-150x84.jpeg 150w\" sizes=\"(max-width: 1500px) 100vw, 1500px\" \/><p id=\"caption-attachment-242709\" class=\"wp-caption-text\">\u00a0 \u00a0 \u00a0 \u00a0 \u00a0 \u00a0 \u00a0 \u00a0 \u00a0 \u00a0 \u00a0 \u00a0 \u00a0 \u00a0 \u00a0 \u00a0 \u00a0 \u00a0 \u00a0 \u00a0 \u00a0 \u00a0 \u00a0 \u00a0 \u00a0 \u00a0 \u00a0 \u00a0 \u00a0 \u00a0 \u00a0 \u00a0 \u00a0 \u00a0 \u00a0 \u00a0 \u00a0 \u00a0 \u00a0 \u00a0 \u00a0 \u00a0 \u00a0 \u00a0 \u00a0 \u00a0 \u00a0 \u00a0 \u00a0 \u00a0 \u00a0 \u00a0 \u00a0 <em>\u00a0 \u00a0 \u00a0 \u00a0 \u00a0Imagem: Vatican Media<\/em><\/p><\/div>\n<p>O Papa Francisco, nesta &#8220;Segunda-feira do Anjo&#8221; (10) ap\u00f3s a P\u00e1scoa que recorda a apari\u00e7\u00e3o do anjo \u00e0s mulheres que foram ao t\u00famulo de Jesus, rezou a ora\u00e7\u00e3o mariana do <em>Regina Coeli<\/em> para os fi\u00e9is reunidos na Pra\u00e7a S\u00e3o Pedro. Da janela do seu escrit\u00f3rio no Pal\u00e1cio Apost\u00f3lico neste dia de feriado no Vaticano e na It\u00e1lia, o Pont\u00edfice recordou que foram as disc\u00edpulas as primeiras a testemunhar o Cristo Ressuscitado, motivadas pelo anjo do Senhor a n\u00e3o terem medo de encontr\u00e1-Lo e testemunh\u00e1-Lo com alegria.<\/p>\n<p><strong>Encontrar Jesus, testemunhando-O<\/strong><br \/>\n&#8220;Poder\u00edamos nos perguntar: por que elas?&#8221;, questiona o Papa no Regina Coeli que, durante o per\u00edodo pascal substitui o Angelus: &#8220;por uma raz\u00e3o muito simples&#8221;, afirma ele, &#8220;porque s\u00e3o as primeiras a ir ao sepulcro&#8221;. Ao contr\u00e1rio de todos os disc\u00edpulos, elas n\u00e3o ficaram em casa tristes pela hist\u00f3ria de Jesus que parecia ter terminado. Enfrentando o medo e com muita alegria, descreve o Evangelho (Mt 28,8) ao encontrarem o sepulcro vazio, as mulheres correm para dar aos disc\u00edpulos o an\u00fancio da Ressurei\u00e7\u00e3o de Jesus:<\/p>\n<p>\u201cNo momento em que v\u00e3o fazer esse an\u00fancio, Jesus vem ao seu encontro. Observemos bem isto: Jesus as encontra enquanto v\u00e3o anunci\u00e1-Lo. \u00c9 bonito isto: Jesus as encontra, enquanto v\u00e3o anunci\u00e1-Lo. Quando n\u00f3s proclamamos o Senhor, o Senhor vem a n\u00f3s.\u201d<\/p>\n<p>&#8220;\u00c0s vezes pensamos que a maneira para estar perto de Deus seja aquela de mant\u00ea-Lo bem perto de n\u00f3s; porque ent\u00e3o, se nos expomos e falamos sobre isso, chegam os julgamentos, as cr\u00edticas, talvez n\u00e3o saibamos responder a certas perguntas ou provoca\u00e7\u00f5es, e ent\u00e3o \u00e9 melhor n\u00e3o falar sobre isso e se fechar: n\u00e3o, isso n\u00e3o \u00e9 bom. Em vez disso, o Senhor vem enquanto O proclamamos. Voc\u00ea sempre encontra o Senhor no caminho do an\u00fancio. Anuncia o Senhor e O encontrar\u00e1. Busca o Senhor e O encontrar\u00e1. Sempre em caminho, isso que as mulheres nos ensinam: encontra-se Jesus, testemunhando-O. Vamos colocar isso no cora\u00e7\u00e3o: Jesus se encontra testemunhando-O.&#8221;<\/p>\n<p><strong>Proclamar Jesus como o mais belo presente<\/strong><br \/>\nO Papa, ent\u00e3o, d\u00e1 um exemplo pr\u00e1tico de quando se recebe a not\u00edcia de que uma crian\u00e7a nasceu: a primeira inten\u00e7\u00e3o \u00e9 compartilhar com alegria entre os amigos j\u00e1 que, ao cont\u00e1-la, tornamos a novidade ainda mais viva para n\u00f3s mesmos:\u00a0&#8220;Se isso acontece por uma boa not\u00edcia, de todos os dias, ou de alguns dias importantes, acontece infinitamente mais por Jesus, que n\u00e3o \u00e9 apenas uma boa not\u00edcia, e nem mesmo a melhor not\u00edcia da vida, n\u00e3o, mas Ele \u00e9 a pr\u00f3pria vida, Ele \u00e9 &#8216;a ressurrei\u00e7\u00e3o e a vida&#8217; (Jo 11,25). Sempre que O proclamamos, n\u00e3o fazendo por propaganda ou proselitismo, aquilo n\u00e3o: anunciar \u00e9 uma coisa, fazer propaganda e proselitismo \u00e9 outra. O crist\u00e3o anuncia, aquele que tem outro objetivo faz proselitismo e isso n\u00e3o \u00e9 bom. Cada vez que O anunciamos, o Senhor vem ao nosso encontro com respeito e amor, como o mais belo presente para se compartilhar. Jesus habita ainda mais em n\u00f3s cada vez que n\u00f3s O anunciamos.&#8221;<\/p>\n<p>&#8220;Quando se encontra Jesus&#8221;, continua Francisco, &#8220;nenhum obst\u00e1culo pode nos impedir de proclam\u00e1-Lo&#8221;. Basta pensar nas mulheres do Evangelho que, apesar dos medos e ang\u00fastias, n\u00e3o guardaram a alegria da P\u00e1scoa e foram anunci\u00e1-la. Se, ao inv\u00e9s disso, guardamos para n\u00f3s, alerta o Papa, &#8220;talvez \u00e9 porque ainda n\u00e3o O encontramos verdadeiramente&#8221;. E o Pont\u00edfice finaliza a ora\u00e7\u00e3o mariana do <em>Regina Coeli<\/em> tocando a consci\u00eancia de todos aos questionar:\u00a0\u201cIrm\u00e3os, irm\u00e3s, diante da experi\u00eancia das mulheres, nos perguntamos: me diz, quando foi a \u00faltima vez que voc\u00ea testemunhou Jesus? Quando foi a \u00faltima vez que eu testemunhei Jesus? Hoje, o que eu fa\u00e7o para que as pessoas que encontro recebam a alegria do seu an\u00fancio? E ainda: algu\u00e9m pode dizer: essa pessoa \u00e9 serena, \u00e9 feliz, \u00e9 boa porque encontrou Jesus? Da cada um de n\u00f3s, pode-se dizer isso? Pe\u00e7amos a Nossa Senhora que nos ajude a sermos alegres anunciadores do Evangelho.\u201d<\/p>\n<hr \/>\n<p><em>Fonte: Vatican News (texto de Andressa Collet)<\/em><\/p>\n","protected":false},"excerpt":{"rendered":"<p>&#8220;Segunda-feira do Anjo&#8221;<\/p>\n","protected":false},"author":3,"featured_media":242709,"comment_status":"open","ping_status":"open","sticky":false,"template":"","format":"standard","meta":[],"categories":[1428],"tags":[564],"acf":[],"yoast_head":"<!-- This site is optimized with the Yoast SEO plugin v19.2 - https:\/\/yoast.com\/wordpress\/plugins\/seo\/ -->\n<title>Papa: quando voc\u00ea testemunhou Jesus pela \u00faltima vez? - Not\u00edcias - Franciscanos<\/title>\n<meta name=\"robots\" content=\"index, follow, max-snippet:-1, max-image-preview:large, max-video-preview:-1\" \/>\n<link rel=\"canonical\" href=\"https:\/\/franciscanos.org.br\/noticias\/papa-quando-voce-testemunhou-jesus-pela-ultima-vez.html\" \/>\n<meta property=\"og:locale\" content=\"pt_BR\" \/>\n<meta property=\"og:type\" content=\"article\" \/>\n<meta property=\"og:title\" content=\"Papa: quando voc\u00ea testemunhou Jesus pela \u00faltima vez? - Not\u00edcias - Franciscanos\" \/>\n<meta property=\"og:description\" content=\"&quot;Segunda-feira do Anjo&quot;\" \/>\n<meta property=\"og:url\" content=\"https:\/\/franciscanos.org.br\/noticias\/papa-quando-voce-testemunhou-jesus-pela-ultima-vez.html\" \/>\n<meta property=\"og:site_name\" content=\"Not\u00edcias - Franciscanos\" \/>\n<meta property=\"article:published_time\" content=\"2023-04-10T13:46:44+00:00\" \/>\n<meta property=\"og:image\" content=\"https:\/\/franciscanos.org.br\/noticias\/wp-content\/uploads\/2023\/04\/regina_10.jpeg\" \/>\n\t<meta property=\"og:image:width\" content=\"1500\" \/>\n\t<meta property=\"og:image:height\" content=\"844\" \/>\n\t<meta property=\"og:image:type\" content=\"image\/jpeg\" \/>\n<meta name=\"author\" content=\"moacir\" \/>\n<meta name=\"twitter:card\" content=\"summary_large_image\" \/>\n<meta name=\"twitter:label1\" content=\"Escrito por\" \/>\n\t<meta name=\"twitter:data1\" content=\"moacir\" \/>\n\t<meta name=\"twitter:label2\" content=\"Est. tempo de leitura\" \/>\n\t<meta name=\"twitter:data2\" content=\"4 minutos\" \/>\n<script type=\"application\/ld+json\" class=\"yoast-schema-graph\">{\"@context\":\"https:\/\/schema.org\",\"@graph\":[{\"@type\":\"WebSite\",\"@id\":\"https:\/\/franciscanos.org.br\/noticias\/#website\",\"url\":\"https:\/\/franciscanos.org.br\/noticias\/\",\"name\":\"Not\u00edcias - Franciscanos\",\"description\":\"Prov\u00edncia Franciscana da Imaculada Concei\u00e7\u00e3o do Brasil - Ordem dos Frades Menores - OFM\",\"potentialAction\":[{\"@type\":\"SearchAction\",\"target\":{\"@type\":\"EntryPoint\",\"urlTemplate\":\"https:\/\/franciscanos.org.br\/noticias\/?s={search_term_string}\"},\"query-input\":\"required name=search_term_string\"}],\"inLanguage\":\"pt-BR\"},{\"@type\":\"ImageObject\",\"inLanguage\":\"pt-BR\",\"@id\":\"https:\/\/franciscanos.org.br\/noticias\/papa-quando-voce-testemunhou-jesus-pela-ultima-vez.html#primaryimage\",\"url\":\"https:\/\/franciscanos.org.br\/noticias\/wp-content\/uploads\/2023\/04\/regina_10.jpeg\",\"contentUrl\":\"https:\/\/franciscanos.org.br\/noticias\/wp-content\/uploads\/2023\/04\/regina_10.jpeg\",\"width\":1500,\"height\":844},{\"@type\":\"WebPage\",\"@id\":\"https:\/\/franciscanos.org.br\/noticias\/papa-quando-voce-testemunhou-jesus-pela-ultima-vez.html#webpage\",\"url\":\"https:\/\/franciscanos.org.br\/noticias\/papa-quando-voce-testemunhou-jesus-pela-ultima-vez.html\",\"name\":\"Papa: quando voc\u00ea testemunhou Jesus pela \u00faltima vez? - Not\u00edcias - Franciscanos\",\"isPartOf\":{\"@id\":\"https:\/\/franciscanos.org.br\/noticias\/#website\"},\"primaryImageOfPage\":{\"@id\":\"https:\/\/franciscanos.org.br\/noticias\/papa-quando-voce-testemunhou-jesus-pela-ultima-vez.html#primaryimage\"},\"datePublished\":\"2023-04-10T13:46:44+00:00\",\"dateModified\":\"2023-04-10T13:46:44+00:00\",\"author\":{\"@id\":\"https:\/\/franciscanos.org.br\/noticias\/#\/schema\/person\/b5c8cba458c330ccff548b056e95a5d4\"},\"breadcrumb\":{\"@id\":\"https:\/\/franciscanos.org.br\/noticias\/papa-quando-voce-testemunhou-jesus-pela-ultima-vez.html#breadcrumb\"},\"inLanguage\":\"pt-BR\",\"potentialAction\":[{\"@type\":\"ReadAction\",\"target\":[\"https:\/\/franciscanos.org.br\/noticias\/papa-quando-voce-testemunhou-jesus-pela-ultima-vez.html\"]}]},{\"@type\":\"BreadcrumbList\",\"@id\":\"https:\/\/franciscanos.org.br\/noticias\/papa-quando-voce-testemunhou-jesus-pela-ultima-vez.html#breadcrumb\",\"itemListElement\":[{\"@type\":\"ListItem\",\"position\":1,\"name\":\"Home\",\"item\":\"https:\/\/franciscanos.org.br\/noticias\"},{\"@type\":\"ListItem\",\"position\":2,\"name\":\"Papa: quando voc\u00ea testemunhou Jesus pela \u00faltima vez?\"}]},{\"@type\":\"Person\",\"@id\":\"https:\/\/franciscanos.org.br\/noticias\/#\/schema\/person\/b5c8cba458c330ccff548b056e95a5d4\",\"name\":\"moacir\",\"image\":{\"@type\":\"ImageObject\",\"inLanguage\":\"pt-BR\",\"@id\":\"https:\/\/franciscanos.org.br\/noticias\/#\/schema\/person\/image\/\",\"url\":\"https:\/\/secure.gravatar.com\/avatar\/d08aa2ce4c8dd416d4479aa8536fcf64?s=96&d=mm&r=g\",\"contentUrl\":\"https:\/\/secure.gravatar.com\/avatar\/d08aa2ce4c8dd416d4479aa8536fcf64?s=96&d=mm&r=g\",\"caption\":\"moacir\"},\"url\":\"https:\/\/franciscanos.org.br\/noticias\/author\/moacir\"}]}<\/script>\n<!-- \/ Yoast SEO plugin. -->","yoast_head_json":{"title":"Papa: quando voc\u00ea testemunhou Jesus pela \u00faltima vez? - Not\u00edcias - Franciscanos","robots":{"index":"index","follow":"follow","max-snippet":"max-snippet:-1","max-image-preview":"max-image-preview:large","max-video-preview":"max-video-preview:-1"},"canonical":"https:\/\/franciscanos.org.br\/noticias\/papa-quando-voce-testemunhou-jesus-pela-ultima-vez.html","og_locale":"pt_BR","og_type":"article","og_title":"Papa: quando voc\u00ea testemunhou Jesus pela \u00faltima vez? - Not\u00edcias - Franciscanos","og_description":"\"Segunda-feira do Anjo\"","og_url":"https:\/\/franciscanos.org.br\/noticias\/papa-quando-voce-testemunhou-jesus-pela-ultima-vez.html","og_site_name":"Not\u00edcias - Franciscanos","article_published_time":"2023-04-10T13:46:44+00:00","og_image":[{"width":1500,"height":844,"url":"https:\/\/franciscanos.org.br\/noticias\/wp-content\/uploads\/2023\/04\/regina_10.jpeg","type":"image\/jpeg"}],"author":"moacir","twitter_card":"summary_large_image","twitter_misc":{"Escrito por":"moacir","Est. tempo de leitura":"4 minutos"},"schema":{"@context":"https:\/\/schema.org","@graph":[{"@type":"WebSite","@id":"https:\/\/franciscanos.org.br\/noticias\/#website","url":"https:\/\/franciscanos.org.br\/noticias\/","name":"Not\u00edcias - Franciscanos","description":"Prov\u00edncia Franciscana da Imaculada Concei\u00e7\u00e3o do Brasil - Ordem dos Frades Menores - OFM","potentialAction":[{"@type":"SearchAction","target":{"@type":"EntryPoint","urlTemplate":"https:\/\/franciscanos.org.br\/noticias\/?s={search_term_string}"},"query-input":"required name=search_term_string"}],"inLanguage":"pt-BR"},{"@type":"ImageObject","inLanguage":"pt-BR","@id":"https:\/\/franciscanos.org.br\/noticias\/papa-quando-voce-testemunhou-jesus-pela-ultima-vez.html#primaryimage","url":"https:\/\/franciscanos.org.br\/noticias\/wp-content\/uploads\/2023\/04\/regina_10.jpeg","contentUrl":"https:\/\/franciscanos.org.br\/noticias\/wp-content\/uploads\/2023\/04\/regina_10.jpeg","width":1500,"height":844},{"@type":"WebPage","@id":"https:\/\/franciscanos.org.br\/noticias\/papa-quando-voce-testemunhou-jesus-pela-ultima-vez.html#webpage","url":"https:\/\/franciscanos.org.br\/noticias\/papa-quando-voce-testemunhou-jesus-pela-ultima-vez.html","name":"Papa: quando voc\u00ea testemunhou Jesus pela \u00faltima vez? - Not\u00edcias - Franciscanos","isPartOf":{"@id":"https:\/\/franciscanos.org.br\/noticias\/#website"},"primaryImageOfPage":{"@id":"https:\/\/franciscanos.org.br\/noticias\/papa-quando-voce-testemunhou-jesus-pela-ultima-vez.html#primaryimage"},"datePublished":"2023-04-10T13:46:44+00:00","dateModified":"2023-04-10T13:46:44+00:00","author":{"@id":"https:\/\/franciscanos.org.br\/noticias\/#\/schema\/person\/b5c8cba458c330ccff548b056e95a5d4"},"breadcrumb":{"@id":"https:\/\/franciscanos.org.br\/noticias\/papa-quando-voce-testemunhou-jesus-pela-ultima-vez.html#breadcrumb"},"inLanguage":"pt-BR","potentialAction":[{"@type":"ReadAction","target":["https:\/\/franciscanos.org.br\/noticias\/papa-quando-voce-testemunhou-jesus-pela-ultima-vez.html"]}]},{"@type":"BreadcrumbList","@id":"https:\/\/franciscanos.org.br\/noticias\/papa-quando-voce-testemunhou-jesus-pela-ultima-vez.html#breadcrumb","itemListElement":[{"@type":"ListItem","position":1,"name":"Home","item":"https:\/\/franciscanos.org.br\/noticias"},{"@type":"ListItem","position":2,"name":"Papa: quando voc\u00ea testemunhou Jesus pela \u00faltima vez?"}]},{"@type":"Person","@id":"https:\/\/franciscanos.org.br\/noticias\/#\/schema\/person\/b5c8cba458c330ccff548b056e95a5d4","name":"moacir","image":{"@type":"ImageObject","inLanguage":"pt-BR","@id":"https:\/\/franciscanos.org.br\/noticias\/#\/schema\/person\/image\/","url":"https:\/\/secure.gravatar.com\/avatar\/d08aa2ce4c8dd416d4479aa8536fcf64?s=96&d=mm&r=g","contentUrl":"https:\/\/secure.gravatar.com\/avatar\/d08aa2ce4c8dd416d4479aa8536fcf64?s=96&d=mm&r=g","caption":"moacir"},"url":"https:\/\/franciscanos.org.br\/noticias\/author\/moacir"}]}},"_links":{"self":[{"href":"https:\/\/franciscanos.org.br\/noticias\/wp-json\/wp\/v2\/posts\/242708"}],"collection":[{"href":"https:\/\/franciscanos.org.br\/noticias\/wp-json\/wp\/v2\/posts"}],"about":[{"href":"https:\/\/franciscanos.org.br\/noticias\/wp-json\/wp\/v2\/types\/post"}],"author":[{"embeddable":true,"href":"https:\/\/franciscanos.org.br\/noticias\/wp-json\/wp\/v2\/users\/3"}],"replies":[{"embeddable":true,"href":"https:\/\/franciscanos.org.br\/noticias\/wp-json\/wp\/v2\/comments?post=242708"}],"version-history":[{"count":1,"href":"https:\/\/franciscanos.org.br\/noticias\/wp-json\/wp\/v2\/posts\/242708\/revisions"}],"predecessor-version":[{"id":242710,"href":"https:\/\/franciscanos.org.br\/noticias\/wp-json\/wp\/v2\/posts\/242708\/revisions\/242710"}],"wp:featuredmedia":[{"embeddable":true,"href":"https:\/\/franciscanos.org.br\/noticias\/wp-json\/wp\/v2\/media\/242709"}],"wp:attachment":[{"href":"https:\/\/franciscanos.org.br\/noticias\/wp-json\/wp\/v2\/media?parent=242708"}],"wp:term":[{"taxonomy":"category","embeddable":true,"href":"https:\/\/franciscanos.org.br\/noticias\/wp-json\/wp\/v2\/categories?post=242708"},{"taxonomy":"post_tag","embeddable":true,"href":"https:\/\/franciscanos.org.br\/noticias\/wp-json\/wp\/v2\/tags?post=242708"}],"curies":[{"name":"wp","href":"https:\/\/api.w.org\/{rel}","templated":true}]}}