{"id":242689,"date":"2023-05-04T10:12:00","date_gmt":"2023-05-04T13:12:00","guid":{"rendered":"https:\/\/franciscanos.org.br\/noticias\/?p=242689"},"modified":"2023-05-04T10:12:00","modified_gmt":"2023-05-04T13:12:00","slug":"o-novo-rosto-do-catolicismo-brasileiro-entre-os-lancamentos-da-editora-vozes","status":"publish","type":"post","link":"https:\/\/franciscanos.org.br\/noticias\/o-novo-rosto-do-catolicismo-brasileiro-entre-os-lancamentos-da-editora-vozes.html","title":{"rendered":"&#8220;O novo rosto do catolicismo brasileiro&#8221; entre os lan\u00e7amentos da Editora Vozes"},"content":{"rendered":"<p><img loading=\"lazy\" class=\"alignnone size-full wp-image-242693\" src=\"https:\/\/franciscanos.org.br\/noticias\/wp-content\/uploads\/2023\/04\/Vozes-1280-10-04-1.jpg\" alt=\"\" width=\"1280\" height=\"720\" srcset=\"https:\/\/franciscanos.org.br\/noticias\/wp-content\/uploads\/2023\/04\/Vozes-1280-10-04-1.jpg 1280w, https:\/\/franciscanos.org.br\/noticias\/wp-content\/uploads\/2023\/04\/Vozes-1280-10-04-1-450x253.jpg 450w, https:\/\/franciscanos.org.br\/noticias\/wp-content\/uploads\/2023\/04\/Vozes-1280-10-04-1-1024x576.jpg 1024w, https:\/\/franciscanos.org.br\/noticias\/wp-content\/uploads\/2023\/04\/Vozes-1280-10-04-1-768x432.jpg 768w, https:\/\/franciscanos.org.br\/noticias\/wp-content\/uploads\/2023\/04\/Vozes-1280-10-04-1-150x84.jpg 150w\" sizes=\"(max-width: 1280px) 100vw, 1280px\" \/><\/p>\n<h3><strong>O novo rosto do catolicismo brasileiro<\/strong><\/h3>\n<p><strong>Clero, leigos, religiosas e perfil dos padres novos<\/strong><\/p>\n<p>Este \u00e9 um segundo livro que apresenta mais uma parte dos resultados de uma pesquisa de campo, levada a cabo em todo o territ\u00f3rio nacional, em busca do perfil dos \u201cpadres novos\u201d no seio do catolicismo brasileiro e do mundo de hoje. O primeiro livro \u2013 O novo rosto do clero \u2013 Perfil dos padres novos no Brasil \u2013, tamb\u00e9m publicado por esta editora, apresenta dados das amostras de duas perspectivas sociopastorais, \u00e0s quais se alinham as categorias de agentes eclesiais consultados \u2013 a perspectiva institucional\/carism\u00e1tica e a perspectiva evangeliza\u00e7\u00e3o\/liberta\u00e7\u00e3o. J\u00e1 esta nova obra apresenta e analisa dados de cada uma das categorias de agentes eclesiais consultados entre o clero e o laicato \u2013 padres, leigos\/as, jovens, seminaristas e religiosos\/as \u2013 por perspectiva sociopastoral em separado, com foco nos dados relativos aos \u201cpadres novos\u201d, com o objetivo de caracterizar seu perfil no seio do catolicismo brasileiro.<\/p>\n<hr \/>\n<h3><strong>O corpo fala<\/strong><\/h3>\n<p><strong>A linguagem silenciosa da comunica\u00e7\u00e3o n\u00e3o verbal<\/strong><\/p>\n<p>Em comemora\u00e7\u00e3o aos 50 anos de publica\u00e7\u00e3o e \u00e0 marca de 1 milh\u00e3o de exemplares vendidos, trazemos uma edi\u00e7\u00e3o especial do best-seller &#8220;O corpo fala&#8221;.<\/p>\n<p>Com capa dura, projeto gr\u00e1fico especial e uma nova arte para a capa, o livro chega ao mercado focando no leitor que busca saber mais sobre linguagem corporal. Essa ser\u00e1 uma leitura que fascina, diverte, desafia e esclarece ao mesmo tempo.<\/p>\n<p>O livro tenta desvendar a comunica\u00e7\u00e3o n\u00e3o-verbal do corpo humano, primeiramente analisando os princ\u00edpios subterr\u00e2neos que regem e conduzem o corpo. A partir desses princ\u00edpios aparecem as express\u00f5es, gestos e atos corporais que, de modos caracter\u00edsticos estilizados ou inovadores, expressam sentimentos, concep\u00e7\u00f5es, ou posicionamentos internos. Tudo isso integrando o texto \u00e0s 350 ilustra\u00e7\u00f5es que foram desenvolvidas exclusivamente para o livro.<\/p>\n<hr \/>\n<h3><strong>Arqu\u00e9tipo do Apocalipse &#8211; Vingan\u00e7a Divina, Terrorismo e o Fim do Mundo<\/strong><\/h3>\n<p>O autor analisa o significado das imagens contidas no Apocalipse de Jo\u00e3o, ou \u201cLivro do Apocalipse\u201d, explica seu significado psicol\u00f3gico, tra\u00e7a paralelos com a alquimia e o simbolismo dos n\u00fameros e desenvolve temas universais como vingan\u00e7a ou julgamento.<\/p>\n<p>Quando o conte\u00fado das imagens apocal\u00edpticas n\u00e3o \u00e9 compreendido, ele permanece inconsciente e se expressa na forma de proje\u00e7\u00e3o, atinge a psique e se torna a fonte dos fen\u00f4menos de massa. Por outro lado, ao n\u00edvel do indiv\u00edduo, o aparecimento de imagens apocal\u00edpticas n\u00e3o \u00e9 necessariamente negativo. O indiv\u00edduo experimenta o conflito dos opostos e assim consegue aprofundar o conhecimento de si mesmo.<\/p>\n<p>As imagens apocal\u00edpticas podem, portanto, levar, como diz Edinger, citando Jung, \u00e0 \u201camplia\u00e7\u00e3o do homem na dire\u00e7\u00e3o do homem total\u201d. Este trabalho \u00e9 um empreendimento \u00fatil porque o Apocalipse est\u00e1 muito presente no esp\u00edrito do nosso tempo.<\/p>\n<hr \/>\n<h3><strong>As religi\u00f5es n\u00f3rdicas da Era Viking &#8211; S\u00edmbolos, ritos e deuses<\/strong><\/h3>\n<p>O estudo cient\u00edfico, aliado \u00e0 curiosidade despertada pelas adapta\u00e7\u00f5es midi\u00e1ticas contempor\u00e2neas de aspectos do mundo n\u00f3rdico tardo-antigo e medieval, tem se desenvolvido sobremaneira dentro do cen\u00e1rio acad\u00eamico mundial e brasileiro. Dentre as in\u00fameras possibilidades anal\u00edticas de abordagem desse tema, salta aos olhos o interesse crescente sobre a concep\u00e7\u00e3o e viv\u00eancia dos antigos escandinavos relativas \u00e0 esfera de suas pr\u00e1ticas de religiosidade.<\/p>\n<p>Exatamente nesse campo se insere a obra do Professor Johnni Langer. Reconhecidamente um dos mais importantes escandinavistas brasileiros e sul-americanos, o pesquisador apresenta de forma s\u00f3lida e precisa ao p\u00fablico laico e acad\u00eamico em As religi\u00f5es n\u00f3rdicas da Era Viking \u2013S\u00edmbolos, ritos e deuses elementos abrangentes para a compreens\u00e3o do fen\u00f4meno da religiosidade dentro do mundo n\u00f3rdico antigo. Partindo das abordagens te\u00f3rico-metodol\u00f3gicas mais utilizadas nesse campo do conhecimento, o historiador percorre nos nove cap\u00edtulos de sua obra as fontes, os principais mitos, os rituais, os locais de culto, as pr\u00e1ticas m\u00e1gicas, as runas, s\u00edmbolos e simbolismos associados, al\u00e9m da recep\u00e7\u00e3o de mitos e ritos nas artes. Em suas p\u00e1ginas mescla-se a seriedade do discurso cient\u00edfico com a linguagem agrad\u00e1vel, o que torna prazerosa sua leitura. Com efeito, As religi\u00f5es n\u00f3rdicas da Era Viking \u2013 S\u00edmbolos, ritos e deuses oferece ao leitor brasileiro a melhor s\u00edntese desse mundo n\u00f3rdico repleto de deuses e de magia.<\/p>\n<hr \/>\n<h3><strong>Perspectivas junguianas sobre supervis\u00e3o cl\u00ednica<\/strong><\/h3>\n<p>Esta obra responde \u00e0 necessidade de haver, na psicologia junguiana, uma discuss\u00e3o mais aberta sobre as v\u00e1rias facetas da supervis\u00e3o na pr\u00e1tica cl\u00ednica, na forma\u00e7\u00e3o dos candidatos como analistas e em campos afins. A supervis\u00e3o envolve diferentes aspectos importantes que procuram intensificar o trabalho do supervisionando, elaborando t\u00e9cnicas, elucidando quest\u00f5es de transfer\u00eancia e contratransfer\u00eancia, propondo orienta\u00e7\u00e3o e foco para a pesquisa cl\u00ednica, sugerindo formula\u00e7\u00f5es din\u00e2micas e arquet\u00edpicas sobre o processo anal\u00edtico e explorando padr\u00f5es repetidos de comportamento, pensamento e fantasia.<\/p>\n<hr \/>\n<h3><strong>O efeito da aus\u00eancia do pai nas filhas &#8211; Desejo paterno, ferida paterna<\/strong><\/h3>\n<p>Esta \u00e9 uma hist\u00f3ria de amor, por\u00e9m de amor n\u00e3o correspondido. Trata-se da necessidade de uma figura paterna na vida de uma filha que se torna mais proeminente e dolorosa com sua aus\u00eancia. A filha \u00e9 deixada para lidar, de incont\u00e1veis maneiras, com as dificuldades que encontra quando seu pai n\u00e3o est\u00e1 por perto. A presen\u00e7a da aus\u00eancia do pai afeta o corpo, mente e alma dela. Declaro que esta presen\u00e7a da aus\u00eancia \u00e9 o mais nocivo. Al\u00e9m disso, a aus\u00eancia \u00e9 acentuada porque sugere que um espa\u00e7o deve ser preenchido e uma necessidade atendida. [&#8230;] Pelas muitas raz\u00f5es detalhadas ao longo deste livro, o pai \u00e9 um importante aspecto da psique e relevante para o desenvolvimento da vida psicol\u00f3gica e f\u00edsica da filha expressas de forma pessoal e cultural. \u201cA import\u00e2ncia do pai no destino do indiv\u00edduo\u201d. [&#8230;] O livro \u00e9 relevante para aqueles que desejam entender como a din\u00e2mica complexa entre pai-filha afeta o desenvolvimento da personalidade e a capacidade de ser genuinamente fiel a si mesmo. Cada cap\u00edtulo aborda m\u00faltiplas respostas para a aus\u00eancia paterna e cada hist\u00f3ria pessoal tem repercuss\u00f5es coletivas. O foco est\u00e1 nas filhas e seus pais, para ajudar a esclarecer n\u00e3o apenas os sintomas e problemas, mas tamb\u00e9m o tratamento e esperan\u00e7a.<\/p>\n<hr \/>\n<h3><strong>Caderno de exerc\u00edcios para superar um fracasso<\/strong><\/h3>\n<p>O fracasso \u00e9 uma ferida, uma ruptura no curso das coisas, um freio na energia vital. Muitas vezes temos dificuldade para aceit\u00e1-lo e procuramos evitar a dor por ele causada. Alguns o cercam de culpa, outros dele se defendem pela nega\u00e7\u00e3o ou pela agressividade. Embora nos \u201clevantemos\u201d, resta a lembran\u00e7a de termos ca\u00eddo, talvez uma parte de n\u00f3s at\u00e9 tenha ficado no ch\u00e3o. Em nossos projetos como em nossas rela\u00e7\u00f5es procuramos o \u00eaxito, algo bem natural. Ainda assim, devemos fugir do fracasso? Uma vida sem fracassos, sem rupturas, \u00e9 poss\u00edvel? N\u00e3o. Toda inova\u00e7\u00e3o precisa de ruptura com as normas. Toda evolu\u00e7\u00e3o implica rompimento com o passado. Cada dia \u00e9 feito de escolhas; portanto, de pequenos lutos. E se consider\u00e1ssemos fracassos e rupturas sob um outro \u00e2ngulo? E se eles tivessem um valor heur\u00edstico? Poder\u00edamos v\u00ea-los como guias, como os professores que podem ser.<\/p>\n<hr \/>\n<p style=\"padding-left: 40px;\">Todos esses produtos podem ser adquiridos pelos sites<br \/>\nwww.livrariavozes.com.br\u00a0ou \u00a0site:\u00a0http:\/\/vozes.com.br<\/p>\n<p style=\"padding-left: 40px;\"><a href=\"http:\/\/E-mail:\u00a0contato@vozes.com.br\">E-mail:\u00a0contato@vozes.com.br<\/a><br \/>\nTel.\u00a011 3101 8451<br \/>\n<a href=\"http:\/\/vozes.com.br\">Editora Vozes<\/a><\/p>\n","protected":false},"excerpt":{"rendered":"<p>Editora Vozes<\/p>\n","protected":false},"author":7,"featured_media":242690,"comment_status":"open","ping_status":"open","sticky":false,"template":"","format":"standard","meta":[],"categories":[1],"tags":[238],"acf":[],"yoast_head":"<!-- This site is optimized with the Yoast SEO plugin v19.2 - https:\/\/yoast.com\/wordpress\/plugins\/seo\/ -->\n<title>&quot;O novo rosto do catolicismo brasileiro&quot; entre os lan\u00e7amentos da Editora Vozes - Not\u00edcias - Franciscanos<\/title>\n<meta name=\"robots\" content=\"index, follow, max-snippet:-1, max-image-preview:large, max-video-preview:-1\" \/>\n<link rel=\"canonical\" href=\"https:\/\/franciscanos.org.br\/noticias\/o-novo-rosto-do-catolicismo-brasileiro-entre-os-lancamentos-da-editora-vozes.html\" \/>\n<meta property=\"og:locale\" content=\"pt_BR\" \/>\n<meta property=\"og:type\" content=\"article\" \/>\n<meta property=\"og:title\" content=\"&quot;O novo rosto do catolicismo brasileiro&quot; entre os lan\u00e7amentos da Editora Vozes - Not\u00edcias - Franciscanos\" \/>\n<meta property=\"og:description\" content=\"Editora Vozes\" \/>\n<meta property=\"og:url\" content=\"https:\/\/franciscanos.org.br\/noticias\/o-novo-rosto-do-catolicismo-brasileiro-entre-os-lancamentos-da-editora-vozes.html\" \/>\n<meta property=\"og:site_name\" content=\"Not\u00edcias - Franciscanos\" \/>\n<meta property=\"article:published_time\" content=\"2023-05-04T13:12:00+00:00\" \/>\n<meta property=\"og:image\" content=\"https:\/\/franciscanos.org.br\/noticias\/wp-content\/uploads\/2023\/04\/Vozes-800-10-04.jpg\" \/>\n\t<meta property=\"og:image:width\" content=\"800\" \/>\n\t<meta property=\"og:image:height\" content=\"550\" \/>\n\t<meta property=\"og:image:type\" content=\"image\/jpeg\" \/>\n<meta name=\"author\" content=\"jovenal\" \/>\n<meta name=\"twitter:card\" content=\"summary_large_image\" \/>\n<meta name=\"twitter:label1\" content=\"Escrito por\" \/>\n\t<meta name=\"twitter:data1\" content=\"jovenal\" \/>\n\t<meta name=\"twitter:label2\" content=\"Est. tempo de leitura\" \/>\n\t<meta name=\"twitter:data2\" content=\"6 minutos\" \/>\n<script type=\"application\/ld+json\" class=\"yoast-schema-graph\">{\"@context\":\"https:\/\/schema.org\",\"@graph\":[{\"@type\":\"WebSite\",\"@id\":\"https:\/\/franciscanos.org.br\/noticias\/#website\",\"url\":\"https:\/\/franciscanos.org.br\/noticias\/\",\"name\":\"Not\u00edcias - Franciscanos\",\"description\":\"Prov\u00edncia Franciscana da Imaculada Concei\u00e7\u00e3o do Brasil - Ordem dos Frades Menores - OFM\",\"potentialAction\":[{\"@type\":\"SearchAction\",\"target\":{\"@type\":\"EntryPoint\",\"urlTemplate\":\"https:\/\/franciscanos.org.br\/noticias\/?s={search_term_string}\"},\"query-input\":\"required name=search_term_string\"}],\"inLanguage\":\"pt-BR\"},{\"@type\":\"ImageObject\",\"inLanguage\":\"pt-BR\",\"@id\":\"https:\/\/franciscanos.org.br\/noticias\/o-novo-rosto-do-catolicismo-brasileiro-entre-os-lancamentos-da-editora-vozes.html#primaryimage\",\"url\":\"https:\/\/franciscanos.org.br\/noticias\/wp-content\/uploads\/2023\/04\/Vozes-800-10-04.jpg\",\"contentUrl\":\"https:\/\/franciscanos.org.br\/noticias\/wp-content\/uploads\/2023\/04\/Vozes-800-10-04.jpg\",\"width\":800,\"height\":550},{\"@type\":\"WebPage\",\"@id\":\"https:\/\/franciscanos.org.br\/noticias\/o-novo-rosto-do-catolicismo-brasileiro-entre-os-lancamentos-da-editora-vozes.html#webpage\",\"url\":\"https:\/\/franciscanos.org.br\/noticias\/o-novo-rosto-do-catolicismo-brasileiro-entre-os-lancamentos-da-editora-vozes.html\",\"name\":\"\\\"O novo rosto do catolicismo brasileiro\\\" entre os lan\u00e7amentos da Editora Vozes - Not\u00edcias - Franciscanos\",\"isPartOf\":{\"@id\":\"https:\/\/franciscanos.org.br\/noticias\/#website\"},\"primaryImageOfPage\":{\"@id\":\"https:\/\/franciscanos.org.br\/noticias\/o-novo-rosto-do-catolicismo-brasileiro-entre-os-lancamentos-da-editora-vozes.html#primaryimage\"},\"datePublished\":\"2023-05-04T13:12:00+00:00\",\"dateModified\":\"2023-05-04T13:12:00+00:00\",\"author\":{\"@id\":\"https:\/\/franciscanos.org.br\/noticias\/#\/schema\/person\/c3a26b08313dd1772495ce300ab257cc\"},\"breadcrumb\":{\"@id\":\"https:\/\/franciscanos.org.br\/noticias\/o-novo-rosto-do-catolicismo-brasileiro-entre-os-lancamentos-da-editora-vozes.html#breadcrumb\"},\"inLanguage\":\"pt-BR\",\"potentialAction\":[{\"@type\":\"ReadAction\",\"target\":[\"https:\/\/franciscanos.org.br\/noticias\/o-novo-rosto-do-catolicismo-brasileiro-entre-os-lancamentos-da-editora-vozes.html\"]}]},{\"@type\":\"BreadcrumbList\",\"@id\":\"https:\/\/franciscanos.org.br\/noticias\/o-novo-rosto-do-catolicismo-brasileiro-entre-os-lancamentos-da-editora-vozes.html#breadcrumb\",\"itemListElement\":[{\"@type\":\"ListItem\",\"position\":1,\"name\":\"Home\",\"item\":\"https:\/\/franciscanos.org.br\/noticias\"},{\"@type\":\"ListItem\",\"position\":2,\"name\":\"&#8220;O novo rosto do catolicismo brasileiro&#8221; entre os lan\u00e7amentos da Editora Vozes\"}]},{\"@type\":\"Person\",\"@id\":\"https:\/\/franciscanos.org.br\/noticias\/#\/schema\/person\/c3a26b08313dd1772495ce300ab257cc\",\"name\":\"jovenal\",\"image\":{\"@type\":\"ImageObject\",\"inLanguage\":\"pt-BR\",\"@id\":\"https:\/\/franciscanos.org.br\/noticias\/#\/schema\/person\/image\/\",\"url\":\"https:\/\/secure.gravatar.com\/avatar\/e94509f531086e2eaf97e72f29ea00f9?s=96&d=mm&r=g\",\"contentUrl\":\"https:\/\/secure.gravatar.com\/avatar\/e94509f531086e2eaf97e72f29ea00f9?s=96&d=mm&r=g\",\"caption\":\"jovenal\"},\"url\":\"https:\/\/franciscanos.org.br\/noticias\/author\/jovenal\"}]}<\/script>\n<!-- \/ Yoast SEO plugin. -->","yoast_head_json":{"title":"\"O novo rosto do catolicismo brasileiro\" entre os lan\u00e7amentos da Editora Vozes - Not\u00edcias - Franciscanos","robots":{"index":"index","follow":"follow","max-snippet":"max-snippet:-1","max-image-preview":"max-image-preview:large","max-video-preview":"max-video-preview:-1"},"canonical":"https:\/\/franciscanos.org.br\/noticias\/o-novo-rosto-do-catolicismo-brasileiro-entre-os-lancamentos-da-editora-vozes.html","og_locale":"pt_BR","og_type":"article","og_title":"\"O novo rosto do catolicismo brasileiro\" entre os lan\u00e7amentos da Editora Vozes - Not\u00edcias - Franciscanos","og_description":"Editora Vozes","og_url":"https:\/\/franciscanos.org.br\/noticias\/o-novo-rosto-do-catolicismo-brasileiro-entre-os-lancamentos-da-editora-vozes.html","og_site_name":"Not\u00edcias - Franciscanos","article_published_time":"2023-05-04T13:12:00+00:00","og_image":[{"width":800,"height":550,"url":"https:\/\/franciscanos.org.br\/noticias\/wp-content\/uploads\/2023\/04\/Vozes-800-10-04.jpg","type":"image\/jpeg"}],"author":"jovenal","twitter_card":"summary_large_image","twitter_misc":{"Escrito por":"jovenal","Est. tempo de leitura":"6 minutos"},"schema":{"@context":"https:\/\/schema.org","@graph":[{"@type":"WebSite","@id":"https:\/\/franciscanos.org.br\/noticias\/#website","url":"https:\/\/franciscanos.org.br\/noticias\/","name":"Not\u00edcias - Franciscanos","description":"Prov\u00edncia Franciscana da Imaculada Concei\u00e7\u00e3o do Brasil - Ordem dos Frades Menores - OFM","potentialAction":[{"@type":"SearchAction","target":{"@type":"EntryPoint","urlTemplate":"https:\/\/franciscanos.org.br\/noticias\/?s={search_term_string}"},"query-input":"required name=search_term_string"}],"inLanguage":"pt-BR"},{"@type":"ImageObject","inLanguage":"pt-BR","@id":"https:\/\/franciscanos.org.br\/noticias\/o-novo-rosto-do-catolicismo-brasileiro-entre-os-lancamentos-da-editora-vozes.html#primaryimage","url":"https:\/\/franciscanos.org.br\/noticias\/wp-content\/uploads\/2023\/04\/Vozes-800-10-04.jpg","contentUrl":"https:\/\/franciscanos.org.br\/noticias\/wp-content\/uploads\/2023\/04\/Vozes-800-10-04.jpg","width":800,"height":550},{"@type":"WebPage","@id":"https:\/\/franciscanos.org.br\/noticias\/o-novo-rosto-do-catolicismo-brasileiro-entre-os-lancamentos-da-editora-vozes.html#webpage","url":"https:\/\/franciscanos.org.br\/noticias\/o-novo-rosto-do-catolicismo-brasileiro-entre-os-lancamentos-da-editora-vozes.html","name":"\"O novo rosto do catolicismo brasileiro\" entre os lan\u00e7amentos da Editora Vozes - Not\u00edcias - Franciscanos","isPartOf":{"@id":"https:\/\/franciscanos.org.br\/noticias\/#website"},"primaryImageOfPage":{"@id":"https:\/\/franciscanos.org.br\/noticias\/o-novo-rosto-do-catolicismo-brasileiro-entre-os-lancamentos-da-editora-vozes.html#primaryimage"},"datePublished":"2023-05-04T13:12:00+00:00","dateModified":"2023-05-04T13:12:00+00:00","author":{"@id":"https:\/\/franciscanos.org.br\/noticias\/#\/schema\/person\/c3a26b08313dd1772495ce300ab257cc"},"breadcrumb":{"@id":"https:\/\/franciscanos.org.br\/noticias\/o-novo-rosto-do-catolicismo-brasileiro-entre-os-lancamentos-da-editora-vozes.html#breadcrumb"},"inLanguage":"pt-BR","potentialAction":[{"@type":"ReadAction","target":["https:\/\/franciscanos.org.br\/noticias\/o-novo-rosto-do-catolicismo-brasileiro-entre-os-lancamentos-da-editora-vozes.html"]}]},{"@type":"BreadcrumbList","@id":"https:\/\/franciscanos.org.br\/noticias\/o-novo-rosto-do-catolicismo-brasileiro-entre-os-lancamentos-da-editora-vozes.html#breadcrumb","itemListElement":[{"@type":"ListItem","position":1,"name":"Home","item":"https:\/\/franciscanos.org.br\/noticias"},{"@type":"ListItem","position":2,"name":"&#8220;O novo rosto do catolicismo brasileiro&#8221; entre os lan\u00e7amentos da Editora Vozes"}]},{"@type":"Person","@id":"https:\/\/franciscanos.org.br\/noticias\/#\/schema\/person\/c3a26b08313dd1772495ce300ab257cc","name":"jovenal","image":{"@type":"ImageObject","inLanguage":"pt-BR","@id":"https:\/\/franciscanos.org.br\/noticias\/#\/schema\/person\/image\/","url":"https:\/\/secure.gravatar.com\/avatar\/e94509f531086e2eaf97e72f29ea00f9?s=96&d=mm&r=g","contentUrl":"https:\/\/secure.gravatar.com\/avatar\/e94509f531086e2eaf97e72f29ea00f9?s=96&d=mm&r=g","caption":"jovenal"},"url":"https:\/\/franciscanos.org.br\/noticias\/author\/jovenal"}]}},"_links":{"self":[{"href":"https:\/\/franciscanos.org.br\/noticias\/wp-json\/wp\/v2\/posts\/242689"}],"collection":[{"href":"https:\/\/franciscanos.org.br\/noticias\/wp-json\/wp\/v2\/posts"}],"about":[{"href":"https:\/\/franciscanos.org.br\/noticias\/wp-json\/wp\/v2\/types\/post"}],"author":[{"embeddable":true,"href":"https:\/\/franciscanos.org.br\/noticias\/wp-json\/wp\/v2\/users\/7"}],"replies":[{"embeddable":true,"href":"https:\/\/franciscanos.org.br\/noticias\/wp-json\/wp\/v2\/comments?post=242689"}],"version-history":[{"count":2,"href":"https:\/\/franciscanos.org.br\/noticias\/wp-json\/wp\/v2\/posts\/242689\/revisions"}],"predecessor-version":[{"id":242694,"href":"https:\/\/franciscanos.org.br\/noticias\/wp-json\/wp\/v2\/posts\/242689\/revisions\/242694"}],"wp:featuredmedia":[{"embeddable":true,"href":"https:\/\/franciscanos.org.br\/noticias\/wp-json\/wp\/v2\/media\/242690"}],"wp:attachment":[{"href":"https:\/\/franciscanos.org.br\/noticias\/wp-json\/wp\/v2\/media?parent=242689"}],"wp:term":[{"taxonomy":"category","embeddable":true,"href":"https:\/\/franciscanos.org.br\/noticias\/wp-json\/wp\/v2\/categories?post=242689"},{"taxonomy":"post_tag","embeddable":true,"href":"https:\/\/franciscanos.org.br\/noticias\/wp-json\/wp\/v2\/tags?post=242689"}],"curies":[{"name":"wp","href":"https:\/\/api.w.org\/{rel}","templated":true}]}}