{"id":242662,"date":"2023-04-09T09:54:02","date_gmt":"2023-04-09T12:54:02","guid":{"rendered":"https:\/\/franciscanos.org.br\/noticias\/?p=242662"},"modified":"2023-04-09T09:54:02","modified_gmt":"2023-04-09T12:54:02","slug":"papa-com-cristo-renasce-a-esperanca-apressemo-nos-a-superar-divisoes-e-conflitos","status":"publish","type":"post","link":"https:\/\/franciscanos.org.br\/noticias\/papa-com-cristo-renasce-a-esperanca-apressemo-nos-a-superar-divisoes-e-conflitos.html","title":{"rendered":"Papa: Com Cristo renasce a esperan\u00e7a! Apressemo-nos a superar divis\u00f5es e conflitos"},"content":{"rendered":"<div id=\"attachment_242663\" style=\"width: 1290px\" class=\"wp-caption alignnone\"><img aria-describedby=\"caption-attachment-242663\" loading=\"lazy\" class=\"wp-image-242663 size-full\" src=\"https:\/\/franciscanos.org.br\/noticias\/wp-content\/uploads\/2023\/04\/urbiorbi_09.jpg\" alt=\"\" width=\"1280\" height=\"720\" srcset=\"https:\/\/franciscanos.org.br\/noticias\/wp-content\/uploads\/2023\/04\/urbiorbi_09.jpg 1280w, https:\/\/franciscanos.org.br\/noticias\/wp-content\/uploads\/2023\/04\/urbiorbi_09-450x253.jpg 450w, https:\/\/franciscanos.org.br\/noticias\/wp-content\/uploads\/2023\/04\/urbiorbi_09-1024x576.jpg 1024w, https:\/\/franciscanos.org.br\/noticias\/wp-content\/uploads\/2023\/04\/urbiorbi_09-768x432.jpg 768w, https:\/\/franciscanos.org.br\/noticias\/wp-content\/uploads\/2023\/04\/urbiorbi_09-150x84.jpg 150w\" sizes=\"(max-width: 1280px) 100vw, 1280px\" \/><p id=\"caption-attachment-242663\" class=\"wp-caption-text\">\u00a0 \u00a0 \u00a0 \u00a0 \u00a0 \u00a0 \u00a0 \u00a0 \u00a0 \u00a0 \u00a0 \u00a0 \u00a0 \u00a0 \u00a0 \u00a0 \u00a0 \u00a0 \u00a0 \u00a0 \u00a0 \u00a0 \u00a0 \u00a0 \u00a0 \u00a0 \u00a0 \u00a0 \u00a0 \u00a0 \u00a0 \u00a0 \u00a0 \u00a0 \u00a0 \u00a0 \u00a0 \u00a0 \u00a0 \u00a0 \u00a0 \u00a0 \u00a0 \u00a0 \u00a0 \u00a0 \u00a0 \u00a0 \u00a0 \u00a0 \u00a0 \u00a0 \u00a0 \u00a0 \u00a0 \u00a0 \u00a0 \u00a0 <em>\u00a0 \u00a0 \u00a0 \u00a0 Imagem: Vatican Media<\/em><\/p><\/div>\n<p>O dia mais importante e belo da hist\u00f3ria: o dia em que Cristo ressuscitou!<\/p>\n<p>O Papa formulou seus votos de Feliz P\u00e1scoa a todos os fi\u00e9is em sua mensagem Urbi et Orbi (a Roma e a todo o mundo) ao final da missa celebrada numa Pra\u00e7a S\u00e3o Pedro tape\u00e7ada de flores. A cerim\u00f4nia teve in\u00edcio com a abertura do \u00edcone do Sant\u00edssimo Salvador, sob o canto do Aleluia e prosseguiu com a Liturgia da Palavra, sem a homilia, e a Liturgia Eucar\u00edstica.<\/p>\n<p>Diante de cerca de 100 mil romanos e peregrinos, Francisco recordou o significado da P\u00e1scoa, isto \u00e9, passagem; passagem da morte \u00e0 vida, do pecado \u00e0 gra\u00e7a.<\/p>\n<p>\u201cNele, Senhor do tempo e da hist\u00f3ria, quero, com o cora\u00e7\u00e3o repleto de alegria, dizer a todos: feliz P\u00e1scoa!\u201d<\/p>\n<p>Que seja para cada um, sobretudo para os sofredores, uma passagem da tribula\u00e7\u00e3o \u00e0 consola\u00e7\u00e3o. Afinal, n\u00e3o estamos s\u00f3s: Jesus, o Vivente, est\u00e1 conosco para sempre. Alegrem-se a Igreja e o mundo, porque podemos \u201ccelebrar, por pura gra\u00e7a, o dia mais importante e belo da hist\u00f3ria\u201d.<\/p>\n<p>Cristo ressuscitou, ressuscitou verdadeiramente, e a humanidade acelera o passo porque v\u00ea a meta do seu percurso, o sentido do seu destino: Jesus Cristo. E \u00e9 chamada a apressar-se ao encontro Dele, esperan\u00e7a do mundo.<\/p>\n<p>Por isso, convidou o Papa, apressemo-nos tamb\u00e9m n\u00f3s a superar os conflitos e as divis\u00f5es, e a abrir os nossos cora\u00e7\u00f5es aos mais necessitados. Apressemo-nos a percorrer sendas de paz e fraternidade. O caminho \u00e9 longo e devemos suplicar ao Ressuscitado: \u201cAjudai-nos a correr ao vosso encontro!\u201d.<\/p>\n<p>Haiti e Nicar\u00e1gua<br \/>\nFrancisco ent\u00e3o nomeou os povos e pa\u00edses que mais precisam, neste momento, desta ajuda: s\u00e3o o \u201camado povo ucraniano\u201d, os russos, s\u00edrios e turcos v\u00edtimas do terremoto. S\u00e3o ainda israelenses e palestinos e libaneses. No continente africano, anseiam pela paz de Cristo os tunisinos, et\u00edopes, sul-sudaneses, congoleses, eritreus, nigerianos, malauianos, mo\u00e7ambicanos e burquineses. Na \u00c1sia, o Papa reza pelos birmaneses e pelo martirizado povo rohingya. No continente americano, as preces de Francisco v\u00e3o para o Haiti, \u201cque h\u00e1 v\u00e1rios anos est\u00e1 sofrendo uma grave crise sociopol\u00edtica e humanit\u00e1ria\u201d, e para a Nicar\u00e1gua, que hoje celebra a P\u00e1scoa \u201cem circunst\u00e2ncias particulares\u201d.<\/p>\n<p>O Pont\u00edfice suplicou conforto para os refugiados, os deportados, os prisioneiros pol\u00edticos e os migrantes, especialmente os mais vulner\u00e1veis, bem como todos aqueles que sofrem com a fome, a pobreza e os efeitos nocivos do narcotr\u00e1fico, do tr\u00e1fico de pessoas e de toda a forma de escravid\u00e3o.<\/p>\n<p>Francisco pede ao Senhor que inspire os respons\u00e1veis das na\u00e7\u00f5es, para que nenhum homem ou mulher seja discriminado e espezinhado na sua dignidade; para que, no pleno respeito dos direitos humanos e da democracia, se curem estas chagas sociais.<\/p>\n<p>\u201cIrm\u00e3os, irm\u00e3s, voltemos tamb\u00e9m n\u00f3s a encontrar o gosto do caminho, aceleremos o pulsar da esperan\u00e7a, saboreemos a beleza do C\u00e9u! (&#8230;) Sim, temos a certeza: verdadeiramente Cristo ressuscitou. Acreditamos em V\u00f3s, Senhor Jesus, acreditamos que convosco renasce a esperan\u00e7a, o caminho continua. V\u00f3s, Senhor da vida, encorajai os nossos caminhos e repeti, tamb\u00e9m a n\u00f3s, como aos disc\u00edpulos na noite de P\u00e1scoa: \u2018A paz esteja convosco\u2019.\u201d<\/p>\n<hr \/>\n<p><em>Fonte: Vatican News (texto de Bianca Fraccalvieri)<\/em><\/p>\n","protected":false},"excerpt":{"rendered":"<p>Tr\u00edduo Pascal<\/p>\n","protected":false},"author":3,"featured_media":242663,"comment_status":"open","ping_status":"open","sticky":false,"template":"","format":"standard","meta":[],"categories":[1428],"tags":[1611],"acf":[],"yoast_head":"<!-- This site is optimized with the Yoast SEO plugin v19.2 - https:\/\/yoast.com\/wordpress\/plugins\/seo\/ -->\n<title>Papa: Com Cristo renasce a esperan\u00e7a! Apressemo-nos a superar divis\u00f5es e conflitos - Not\u00edcias - Franciscanos<\/title>\n<meta name=\"robots\" content=\"index, follow, max-snippet:-1, max-image-preview:large, max-video-preview:-1\" \/>\n<link rel=\"canonical\" href=\"https:\/\/franciscanos.org.br\/noticias\/papa-com-cristo-renasce-a-esperanca-apressemo-nos-a-superar-divisoes-e-conflitos.html\" \/>\n<meta property=\"og:locale\" content=\"pt_BR\" \/>\n<meta property=\"og:type\" content=\"article\" \/>\n<meta property=\"og:title\" content=\"Papa: Com Cristo renasce a esperan\u00e7a! Apressemo-nos a superar divis\u00f5es e conflitos - Not\u00edcias - Franciscanos\" \/>\n<meta property=\"og:description\" content=\"Tr\u00edduo Pascal\" \/>\n<meta property=\"og:url\" content=\"https:\/\/franciscanos.org.br\/noticias\/papa-com-cristo-renasce-a-esperanca-apressemo-nos-a-superar-divisoes-e-conflitos.html\" \/>\n<meta property=\"og:site_name\" content=\"Not\u00edcias - Franciscanos\" \/>\n<meta property=\"article:published_time\" content=\"2023-04-09T12:54:02+00:00\" \/>\n<meta property=\"og:image\" content=\"https:\/\/franciscanos.org.br\/noticias\/wp-content\/uploads\/2023\/04\/urbiorbi_09.jpg\" \/>\n\t<meta property=\"og:image:width\" content=\"1280\" \/>\n\t<meta property=\"og:image:height\" content=\"720\" \/>\n\t<meta property=\"og:image:type\" content=\"image\/jpeg\" \/>\n<meta name=\"author\" content=\"moacir\" \/>\n<meta name=\"twitter:card\" content=\"summary_large_image\" \/>\n<meta name=\"twitter:label1\" content=\"Escrito por\" \/>\n\t<meta name=\"twitter:data1\" content=\"moacir\" \/>\n\t<meta name=\"twitter:label2\" content=\"Est. tempo de leitura\" \/>\n\t<meta name=\"twitter:data2\" content=\"4 minutos\" \/>\n<script type=\"application\/ld+json\" class=\"yoast-schema-graph\">{\"@context\":\"https:\/\/schema.org\",\"@graph\":[{\"@type\":\"WebSite\",\"@id\":\"https:\/\/franciscanos.org.br\/noticias\/#website\",\"url\":\"https:\/\/franciscanos.org.br\/noticias\/\",\"name\":\"Not\u00edcias - Franciscanos\",\"description\":\"Prov\u00edncia Franciscana da Imaculada Concei\u00e7\u00e3o do Brasil - Ordem dos Frades Menores - OFM\",\"potentialAction\":[{\"@type\":\"SearchAction\",\"target\":{\"@type\":\"EntryPoint\",\"urlTemplate\":\"https:\/\/franciscanos.org.br\/noticias\/?s={search_term_string}\"},\"query-input\":\"required name=search_term_string\"}],\"inLanguage\":\"pt-BR\"},{\"@type\":\"ImageObject\",\"inLanguage\":\"pt-BR\",\"@id\":\"https:\/\/franciscanos.org.br\/noticias\/papa-com-cristo-renasce-a-esperanca-apressemo-nos-a-superar-divisoes-e-conflitos.html#primaryimage\",\"url\":\"https:\/\/franciscanos.org.br\/noticias\/wp-content\/uploads\/2023\/04\/urbiorbi_09.jpg\",\"contentUrl\":\"https:\/\/franciscanos.org.br\/noticias\/wp-content\/uploads\/2023\/04\/urbiorbi_09.jpg\",\"width\":1280,\"height\":720},{\"@type\":\"WebPage\",\"@id\":\"https:\/\/franciscanos.org.br\/noticias\/papa-com-cristo-renasce-a-esperanca-apressemo-nos-a-superar-divisoes-e-conflitos.html#webpage\",\"url\":\"https:\/\/franciscanos.org.br\/noticias\/papa-com-cristo-renasce-a-esperanca-apressemo-nos-a-superar-divisoes-e-conflitos.html\",\"name\":\"Papa: Com Cristo renasce a esperan\u00e7a! Apressemo-nos a superar divis\u00f5es e conflitos - Not\u00edcias - Franciscanos\",\"isPartOf\":{\"@id\":\"https:\/\/franciscanos.org.br\/noticias\/#website\"},\"primaryImageOfPage\":{\"@id\":\"https:\/\/franciscanos.org.br\/noticias\/papa-com-cristo-renasce-a-esperanca-apressemo-nos-a-superar-divisoes-e-conflitos.html#primaryimage\"},\"datePublished\":\"2023-04-09T12:54:02+00:00\",\"dateModified\":\"2023-04-09T12:54:02+00:00\",\"author\":{\"@id\":\"https:\/\/franciscanos.org.br\/noticias\/#\/schema\/person\/b5c8cba458c330ccff548b056e95a5d4\"},\"breadcrumb\":{\"@id\":\"https:\/\/franciscanos.org.br\/noticias\/papa-com-cristo-renasce-a-esperanca-apressemo-nos-a-superar-divisoes-e-conflitos.html#breadcrumb\"},\"inLanguage\":\"pt-BR\",\"potentialAction\":[{\"@type\":\"ReadAction\",\"target\":[\"https:\/\/franciscanos.org.br\/noticias\/papa-com-cristo-renasce-a-esperanca-apressemo-nos-a-superar-divisoes-e-conflitos.html\"]}]},{\"@type\":\"BreadcrumbList\",\"@id\":\"https:\/\/franciscanos.org.br\/noticias\/papa-com-cristo-renasce-a-esperanca-apressemo-nos-a-superar-divisoes-e-conflitos.html#breadcrumb\",\"itemListElement\":[{\"@type\":\"ListItem\",\"position\":1,\"name\":\"Home\",\"item\":\"https:\/\/franciscanos.org.br\/noticias\"},{\"@type\":\"ListItem\",\"position\":2,\"name\":\"Papa: Com Cristo renasce a esperan\u00e7a! Apressemo-nos a superar divis\u00f5es e conflitos\"}]},{\"@type\":\"Person\",\"@id\":\"https:\/\/franciscanos.org.br\/noticias\/#\/schema\/person\/b5c8cba458c330ccff548b056e95a5d4\",\"name\":\"moacir\",\"image\":{\"@type\":\"ImageObject\",\"inLanguage\":\"pt-BR\",\"@id\":\"https:\/\/franciscanos.org.br\/noticias\/#\/schema\/person\/image\/\",\"url\":\"https:\/\/secure.gravatar.com\/avatar\/d08aa2ce4c8dd416d4479aa8536fcf64?s=96&d=mm&r=g\",\"contentUrl\":\"https:\/\/secure.gravatar.com\/avatar\/d08aa2ce4c8dd416d4479aa8536fcf64?s=96&d=mm&r=g\",\"caption\":\"moacir\"},\"url\":\"https:\/\/franciscanos.org.br\/noticias\/author\/moacir\"}]}<\/script>\n<!-- \/ Yoast SEO plugin. -->","yoast_head_json":{"title":"Papa: Com Cristo renasce a esperan\u00e7a! Apressemo-nos a superar divis\u00f5es e conflitos - Not\u00edcias - Franciscanos","robots":{"index":"index","follow":"follow","max-snippet":"max-snippet:-1","max-image-preview":"max-image-preview:large","max-video-preview":"max-video-preview:-1"},"canonical":"https:\/\/franciscanos.org.br\/noticias\/papa-com-cristo-renasce-a-esperanca-apressemo-nos-a-superar-divisoes-e-conflitos.html","og_locale":"pt_BR","og_type":"article","og_title":"Papa: Com Cristo renasce a esperan\u00e7a! Apressemo-nos a superar divis\u00f5es e conflitos - Not\u00edcias - Franciscanos","og_description":"Tr\u00edduo Pascal","og_url":"https:\/\/franciscanos.org.br\/noticias\/papa-com-cristo-renasce-a-esperanca-apressemo-nos-a-superar-divisoes-e-conflitos.html","og_site_name":"Not\u00edcias - Franciscanos","article_published_time":"2023-04-09T12:54:02+00:00","og_image":[{"width":1280,"height":720,"url":"https:\/\/franciscanos.org.br\/noticias\/wp-content\/uploads\/2023\/04\/urbiorbi_09.jpg","type":"image\/jpeg"}],"author":"moacir","twitter_card":"summary_large_image","twitter_misc":{"Escrito por":"moacir","Est. tempo de leitura":"4 minutos"},"schema":{"@context":"https:\/\/schema.org","@graph":[{"@type":"WebSite","@id":"https:\/\/franciscanos.org.br\/noticias\/#website","url":"https:\/\/franciscanos.org.br\/noticias\/","name":"Not\u00edcias - Franciscanos","description":"Prov\u00edncia Franciscana da Imaculada Concei\u00e7\u00e3o do Brasil - Ordem dos Frades Menores - OFM","potentialAction":[{"@type":"SearchAction","target":{"@type":"EntryPoint","urlTemplate":"https:\/\/franciscanos.org.br\/noticias\/?s={search_term_string}"},"query-input":"required name=search_term_string"}],"inLanguage":"pt-BR"},{"@type":"ImageObject","inLanguage":"pt-BR","@id":"https:\/\/franciscanos.org.br\/noticias\/papa-com-cristo-renasce-a-esperanca-apressemo-nos-a-superar-divisoes-e-conflitos.html#primaryimage","url":"https:\/\/franciscanos.org.br\/noticias\/wp-content\/uploads\/2023\/04\/urbiorbi_09.jpg","contentUrl":"https:\/\/franciscanos.org.br\/noticias\/wp-content\/uploads\/2023\/04\/urbiorbi_09.jpg","width":1280,"height":720},{"@type":"WebPage","@id":"https:\/\/franciscanos.org.br\/noticias\/papa-com-cristo-renasce-a-esperanca-apressemo-nos-a-superar-divisoes-e-conflitos.html#webpage","url":"https:\/\/franciscanos.org.br\/noticias\/papa-com-cristo-renasce-a-esperanca-apressemo-nos-a-superar-divisoes-e-conflitos.html","name":"Papa: Com Cristo renasce a esperan\u00e7a! Apressemo-nos a superar divis\u00f5es e conflitos - Not\u00edcias - Franciscanos","isPartOf":{"@id":"https:\/\/franciscanos.org.br\/noticias\/#website"},"primaryImageOfPage":{"@id":"https:\/\/franciscanos.org.br\/noticias\/papa-com-cristo-renasce-a-esperanca-apressemo-nos-a-superar-divisoes-e-conflitos.html#primaryimage"},"datePublished":"2023-04-09T12:54:02+00:00","dateModified":"2023-04-09T12:54:02+00:00","author":{"@id":"https:\/\/franciscanos.org.br\/noticias\/#\/schema\/person\/b5c8cba458c330ccff548b056e95a5d4"},"breadcrumb":{"@id":"https:\/\/franciscanos.org.br\/noticias\/papa-com-cristo-renasce-a-esperanca-apressemo-nos-a-superar-divisoes-e-conflitos.html#breadcrumb"},"inLanguage":"pt-BR","potentialAction":[{"@type":"ReadAction","target":["https:\/\/franciscanos.org.br\/noticias\/papa-com-cristo-renasce-a-esperanca-apressemo-nos-a-superar-divisoes-e-conflitos.html"]}]},{"@type":"BreadcrumbList","@id":"https:\/\/franciscanos.org.br\/noticias\/papa-com-cristo-renasce-a-esperanca-apressemo-nos-a-superar-divisoes-e-conflitos.html#breadcrumb","itemListElement":[{"@type":"ListItem","position":1,"name":"Home","item":"https:\/\/franciscanos.org.br\/noticias"},{"@type":"ListItem","position":2,"name":"Papa: Com Cristo renasce a esperan\u00e7a! Apressemo-nos a superar divis\u00f5es e conflitos"}]},{"@type":"Person","@id":"https:\/\/franciscanos.org.br\/noticias\/#\/schema\/person\/b5c8cba458c330ccff548b056e95a5d4","name":"moacir","image":{"@type":"ImageObject","inLanguage":"pt-BR","@id":"https:\/\/franciscanos.org.br\/noticias\/#\/schema\/person\/image\/","url":"https:\/\/secure.gravatar.com\/avatar\/d08aa2ce4c8dd416d4479aa8536fcf64?s=96&d=mm&r=g","contentUrl":"https:\/\/secure.gravatar.com\/avatar\/d08aa2ce4c8dd416d4479aa8536fcf64?s=96&d=mm&r=g","caption":"moacir"},"url":"https:\/\/franciscanos.org.br\/noticias\/author\/moacir"}]}},"_links":{"self":[{"href":"https:\/\/franciscanos.org.br\/noticias\/wp-json\/wp\/v2\/posts\/242662"}],"collection":[{"href":"https:\/\/franciscanos.org.br\/noticias\/wp-json\/wp\/v2\/posts"}],"about":[{"href":"https:\/\/franciscanos.org.br\/noticias\/wp-json\/wp\/v2\/types\/post"}],"author":[{"embeddable":true,"href":"https:\/\/franciscanos.org.br\/noticias\/wp-json\/wp\/v2\/users\/3"}],"replies":[{"embeddable":true,"href":"https:\/\/franciscanos.org.br\/noticias\/wp-json\/wp\/v2\/comments?post=242662"}],"version-history":[{"count":1,"href":"https:\/\/franciscanos.org.br\/noticias\/wp-json\/wp\/v2\/posts\/242662\/revisions"}],"predecessor-version":[{"id":242664,"href":"https:\/\/franciscanos.org.br\/noticias\/wp-json\/wp\/v2\/posts\/242662\/revisions\/242664"}],"wp:featuredmedia":[{"embeddable":true,"href":"https:\/\/franciscanos.org.br\/noticias\/wp-json\/wp\/v2\/media\/242663"}],"wp:attachment":[{"href":"https:\/\/franciscanos.org.br\/noticias\/wp-json\/wp\/v2\/media?parent=242662"}],"wp:term":[{"taxonomy":"category","embeddable":true,"href":"https:\/\/franciscanos.org.br\/noticias\/wp-json\/wp\/v2\/categories?post=242662"},{"taxonomy":"post_tag","embeddable":true,"href":"https:\/\/franciscanos.org.br\/noticias\/wp-json\/wp\/v2\/tags?post=242662"}],"curies":[{"name":"wp","href":"https:\/\/api.w.org\/{rel}","templated":true}]}}