{"id":242655,"date":"2023-04-08T18:11:16","date_gmt":"2023-04-08T21:11:16","guid":{"rendered":"https:\/\/franciscanos.org.br\/noticias\/?p=242655"},"modified":"2023-04-08T18:11:16","modified_gmt":"2023-04-08T21:11:16","slug":"vigilia-pascal-recordar-e-caminhar-jesus-nos-espera-na-galileia","status":"publish","type":"post","link":"https:\/\/franciscanos.org.br\/noticias\/vigilia-pascal-recordar-e-caminhar-jesus-nos-espera-na-galileia.html","title":{"rendered":"Vig\u00edlia pascal: recordar e caminhar, Jesus nos espera na Galileia!"},"content":{"rendered":"<div id=\"attachment_242656\" style=\"width: 1510px\" class=\"wp-caption alignnone\"><img aria-describedby=\"caption-attachment-242656\" loading=\"lazy\" class=\"wp-image-242656 size-full\" src=\"https:\/\/franciscanos.org.br\/noticias\/wp-content\/uploads\/2023\/04\/vigilia_08.jpeg\" alt=\"\" width=\"1500\" height=\"844\" srcset=\"https:\/\/franciscanos.org.br\/noticias\/wp-content\/uploads\/2023\/04\/vigilia_08.jpeg 1500w, https:\/\/franciscanos.org.br\/noticias\/wp-content\/uploads\/2023\/04\/vigilia_08-450x253.jpeg 450w, https:\/\/franciscanos.org.br\/noticias\/wp-content\/uploads\/2023\/04\/vigilia_08-1024x576.jpeg 1024w, https:\/\/franciscanos.org.br\/noticias\/wp-content\/uploads\/2023\/04\/vigilia_08-768x432.jpeg 768w, https:\/\/franciscanos.org.br\/noticias\/wp-content\/uploads\/2023\/04\/vigilia_08-150x84.jpeg 150w\" sizes=\"(max-width: 1500px) 100vw, 1500px\" \/><p id=\"caption-attachment-242656\" class=\"wp-caption-text\">\u00a0 \u00a0 \u00a0 \u00a0 \u00a0 \u00a0 \u00a0 \u00a0 \u00a0 \u00a0 \u00a0 \u00a0 \u00a0 \u00a0 \u00a0 \u00a0 \u00a0 \u00a0 \u00a0 \u00a0 \u00a0 \u00a0 \u00a0 \u00a0 \u00a0 \u00a0 \u00a0 \u00a0 \u00a0 \u00a0 \u00a0 \u00a0 \u00a0 \u00a0 \u00a0 \u00a0 \u00a0 \u00a0 \u00a0 \u00a0 \u00a0 \u00a0 \u00a0 \u00a0 \u00a0 \u00a0 \u00a0 \u00a0 \u00a0 \u00a0 \u00a0 \u00a0 <em>\u00a0 \u00a0 \u00a0 \u00a0 \u00a0 Imagem: Vatican Media<\/em><\/p><\/div>\n<p>O Papa presidiu na noite deste S\u00e1bado Santo \u00e0 Vig\u00edlia pascal, a &#8220;m\u00e3e de todas as vig\u00edlias&#8221;. A cerim\u00f4nia teve in\u00edcio com a Bas\u00edlica Vaticana \u00e0s escuras, com a celebra\u00e7\u00e3o da luz, a b\u00ean\u00e7\u00e3o do fogo e prepara\u00e7\u00e3o do c\u00edrio pascal. Ap\u00f3s aceso, Francisco guiou a prociss\u00e3o com velas pela nave central, sem cantos, at\u00e9 que o di\u00e1cono proclamou pela terceira vez &#8220;Lumen Christi&#8221; e as luzes da Bas\u00edlica foram acesas.<\/p>\n<p><strong>Jesus nos espera na Galileia<\/strong><br \/>\nA cerim\u00f4nia seguiu com a proclama\u00e7\u00e3o da P\u00e1scoa e a Liturgia da Palavra. J\u00e1 sua homilia, o Papa comentou o epis\u00f3dio narrado em Mateus 28, em que as mulheres, ao verem o t\u00famulo vazio, invertem o rumo, mudam de estrada; abandonam o sepulcro e correm a anunciar aos disc\u00edpulos um percurso novo: Jesus ressuscitou e espera-os na Galileia.<\/p>\n<p>Na vida destas mulheres, aconteceu a P\u00e1scoa, que significa passagem: de fato, passam do caminho triste rumo ao sepulcro para uma corrida jubilosa at\u00e9 junto dos disc\u00edpulos. Tamb\u00e9m n\u00f3s, disse Francisco, caminhamos tristes presos em \u00f3dios, rancores, desilus\u00f5es, fracassos, lutos n\u00e3o s\u00f3 em nossa vida pessoal, mas tamb\u00e9m social, ao lidarmos com o c\u00e2ncer da corrup\u00e7\u00e3o, a propaga\u00e7\u00e3o da injusti\u00e7a, os ventos g\u00e9lidos da guerra.<\/p>\n<p>O convite de Francisco ent\u00e3o \u00e9 para fazermos como as mulheres, ou seja, voltar para a Galileia. Isto significa fazer duas coisas: a primeira, sair da clausura do Cen\u00e1culo, do escondimento, para se abrir \u00e0 miss\u00e3o, escapar do medo para caminhar rumo ao futuro. A segunda, voltar \u00e0s origens, porque precisamente na Galileia onde tudo come\u00e7ou. L\u00e1 o Senhor encontrou e chamou pela primeira vez os disc\u00edpulos. Portanto, ir para a Galileia \u00e9 voltar \u00e0 gra\u00e7a primordial, \u00e9 readquirir a mem\u00f3ria que regenera a esperan\u00e7a, a \u00abmem\u00f3ria do futuro\u00bb com que fomos marcados pelo Ressuscitado.<\/p>\n<p>\u201cEste \u00e9 o convite: recorda e caminha! Se recuperares o primeiro amor, o deslumbramento e a alegria do encontro com Deus, seguir\u00e1s para a frente. Recorda e caminha.\u201d<\/p>\n<p><strong>Jesus, a pessoa da nossa vida<\/strong><br \/>\nCada um de n\u00f3s, acrescentou o Pont\u00edfice, conhece o pr\u00f3prio lugar da ressurrei\u00e7\u00e3o interior, lugar inicial, fundante, que mudou as coisas. N\u00e3o podemos deix\u00e1-lo no passado, o Ressuscitado convida-nos a ir at\u00e9 l\u00e1, para celebrar a P\u00e1scoa.<\/p>\n<p>Na Galileia, Ele deixou de ser um personagem hist\u00f3rico, tornando-Se a pessoa da nossa vida: n\u00e3o um Deus distante, mas o Deus pr\u00f3ximo, que nos conhece melhor do que ningu\u00e9m e nos ama mais do que qualquer outra pessoa.<\/p>\n<p>Esta \u00e9 a for\u00e7a da P\u00e1scoa, que convida a rolar as pedras da desilus\u00e3o e da desconfian\u00e7a; o Senhor, perito em derrubar as pedras tumulares do pecado e do medo, quer iluminar a nossa mem\u00f3ria santa, a nossa recorda\u00e7\u00e3o mais bela, tornar atual o primeiro encontro com Ele. &#8220;Recorda e caminha: volta para Ele, redescobre a gra\u00e7a da ressurrei\u00e7\u00e3o de Deus em ti!&#8221;, exorta mais uma vez o Papa.<\/p>\n<p>Eis ent\u00e3o o convite final de Francisco: &#8220;Irm\u00e3os, irm\u00e3s, sigamos Jesus at\u00e9 \u00e0 Galileia, encontremo-Lo e adoremo-Lo l\u00e1 onde Ele espera cada um de n\u00f3s. Revivamos a beleza daquele momento em que, depois de O ter descoberto vivo, O proclamamos Senhor da nossa vida. Voltemos \u00e0 Galileia, cada um volte \u00e0 sua pr\u00f3pria Galileia, a do primeiro encontro, e ressurjamos para uma vida nova!&#8221;<\/p>\n<p><strong>Oito batismos<\/strong><br \/>\nDepois da Liturgia da Palavra, foi realizada a Liturgia Batismal, com o batismo de oito catec\u00famenos: tr\u00eas albaneses, dois estadunidenses, um italiano, um nigeriano e uma venezuelana.<\/p>\n<hr \/>\n<p><em>Fonte: Vatican News (texto de Bianca Fraccalvieri)<\/em><\/p>\n","protected":false},"excerpt":{"rendered":"<p>Tr\u00edduo Pascal<\/p>\n","protected":false},"author":3,"featured_media":242656,"comment_status":"open","ping_status":"open","sticky":false,"template":"","format":"standard","meta":[],"categories":[1428],"tags":[1611],"acf":[],"yoast_head":"<!-- This site is optimized with the Yoast SEO plugin v19.2 - https:\/\/yoast.com\/wordpress\/plugins\/seo\/ -->\n<title>Vig\u00edlia pascal: recordar e caminhar, Jesus nos espera na Galileia! - Not\u00edcias - Franciscanos<\/title>\n<meta name=\"robots\" content=\"index, follow, max-snippet:-1, max-image-preview:large, max-video-preview:-1\" \/>\n<link rel=\"canonical\" href=\"https:\/\/franciscanos.org.br\/noticias\/vigilia-pascal-recordar-e-caminhar-jesus-nos-espera-na-galileia.html\" \/>\n<meta property=\"og:locale\" content=\"pt_BR\" \/>\n<meta property=\"og:type\" content=\"article\" \/>\n<meta property=\"og:title\" content=\"Vig\u00edlia pascal: recordar e caminhar, Jesus nos espera na Galileia! - Not\u00edcias - Franciscanos\" \/>\n<meta property=\"og:description\" content=\"Tr\u00edduo Pascal\" \/>\n<meta property=\"og:url\" content=\"https:\/\/franciscanos.org.br\/noticias\/vigilia-pascal-recordar-e-caminhar-jesus-nos-espera-na-galileia.html\" \/>\n<meta property=\"og:site_name\" content=\"Not\u00edcias - Franciscanos\" \/>\n<meta property=\"article:published_time\" content=\"2023-04-08T21:11:16+00:00\" \/>\n<meta property=\"og:image\" content=\"https:\/\/franciscanos.org.br\/noticias\/wp-content\/uploads\/2023\/04\/vigilia_08.jpeg\" \/>\n\t<meta property=\"og:image:width\" content=\"1500\" \/>\n\t<meta property=\"og:image:height\" content=\"844\" \/>\n\t<meta property=\"og:image:type\" content=\"image\/jpeg\" \/>\n<meta name=\"author\" content=\"moacir\" \/>\n<meta name=\"twitter:card\" content=\"summary_large_image\" \/>\n<meta name=\"twitter:label1\" content=\"Escrito por\" \/>\n\t<meta name=\"twitter:data1\" content=\"moacir\" \/>\n\t<meta name=\"twitter:label2\" content=\"Est. tempo de leitura\" \/>\n\t<meta name=\"twitter:data2\" content=\"3 minutos\" \/>\n<script type=\"application\/ld+json\" class=\"yoast-schema-graph\">{\"@context\":\"https:\/\/schema.org\",\"@graph\":[{\"@type\":\"WebSite\",\"@id\":\"https:\/\/franciscanos.org.br\/noticias\/#website\",\"url\":\"https:\/\/franciscanos.org.br\/noticias\/\",\"name\":\"Not\u00edcias - Franciscanos\",\"description\":\"Prov\u00edncia Franciscana da Imaculada Concei\u00e7\u00e3o do Brasil - Ordem dos Frades Menores - OFM\",\"potentialAction\":[{\"@type\":\"SearchAction\",\"target\":{\"@type\":\"EntryPoint\",\"urlTemplate\":\"https:\/\/franciscanos.org.br\/noticias\/?s={search_term_string}\"},\"query-input\":\"required name=search_term_string\"}],\"inLanguage\":\"pt-BR\"},{\"@type\":\"ImageObject\",\"inLanguage\":\"pt-BR\",\"@id\":\"https:\/\/franciscanos.org.br\/noticias\/vigilia-pascal-recordar-e-caminhar-jesus-nos-espera-na-galileia.html#primaryimage\",\"url\":\"https:\/\/franciscanos.org.br\/noticias\/wp-content\/uploads\/2023\/04\/vigilia_08.jpeg\",\"contentUrl\":\"https:\/\/franciscanos.org.br\/noticias\/wp-content\/uploads\/2023\/04\/vigilia_08.jpeg\",\"width\":1500,\"height\":844},{\"@type\":\"WebPage\",\"@id\":\"https:\/\/franciscanos.org.br\/noticias\/vigilia-pascal-recordar-e-caminhar-jesus-nos-espera-na-galileia.html#webpage\",\"url\":\"https:\/\/franciscanos.org.br\/noticias\/vigilia-pascal-recordar-e-caminhar-jesus-nos-espera-na-galileia.html\",\"name\":\"Vig\u00edlia pascal: recordar e caminhar, Jesus nos espera na Galileia! - Not\u00edcias - Franciscanos\",\"isPartOf\":{\"@id\":\"https:\/\/franciscanos.org.br\/noticias\/#website\"},\"primaryImageOfPage\":{\"@id\":\"https:\/\/franciscanos.org.br\/noticias\/vigilia-pascal-recordar-e-caminhar-jesus-nos-espera-na-galileia.html#primaryimage\"},\"datePublished\":\"2023-04-08T21:11:16+00:00\",\"dateModified\":\"2023-04-08T21:11:16+00:00\",\"author\":{\"@id\":\"https:\/\/franciscanos.org.br\/noticias\/#\/schema\/person\/b5c8cba458c330ccff548b056e95a5d4\"},\"breadcrumb\":{\"@id\":\"https:\/\/franciscanos.org.br\/noticias\/vigilia-pascal-recordar-e-caminhar-jesus-nos-espera-na-galileia.html#breadcrumb\"},\"inLanguage\":\"pt-BR\",\"potentialAction\":[{\"@type\":\"ReadAction\",\"target\":[\"https:\/\/franciscanos.org.br\/noticias\/vigilia-pascal-recordar-e-caminhar-jesus-nos-espera-na-galileia.html\"]}]},{\"@type\":\"BreadcrumbList\",\"@id\":\"https:\/\/franciscanos.org.br\/noticias\/vigilia-pascal-recordar-e-caminhar-jesus-nos-espera-na-galileia.html#breadcrumb\",\"itemListElement\":[{\"@type\":\"ListItem\",\"position\":1,\"name\":\"Home\",\"item\":\"https:\/\/franciscanos.org.br\/noticias\"},{\"@type\":\"ListItem\",\"position\":2,\"name\":\"Vig\u00edlia pascal: recordar e caminhar, Jesus nos espera na Galileia!\"}]},{\"@type\":\"Person\",\"@id\":\"https:\/\/franciscanos.org.br\/noticias\/#\/schema\/person\/b5c8cba458c330ccff548b056e95a5d4\",\"name\":\"moacir\",\"image\":{\"@type\":\"ImageObject\",\"inLanguage\":\"pt-BR\",\"@id\":\"https:\/\/franciscanos.org.br\/noticias\/#\/schema\/person\/image\/\",\"url\":\"https:\/\/secure.gravatar.com\/avatar\/d08aa2ce4c8dd416d4479aa8536fcf64?s=96&d=mm&r=g\",\"contentUrl\":\"https:\/\/secure.gravatar.com\/avatar\/d08aa2ce4c8dd416d4479aa8536fcf64?s=96&d=mm&r=g\",\"caption\":\"moacir\"},\"url\":\"https:\/\/franciscanos.org.br\/noticias\/author\/moacir\"}]}<\/script>\n<!-- \/ Yoast SEO plugin. -->","yoast_head_json":{"title":"Vig\u00edlia pascal: recordar e caminhar, Jesus nos espera na Galileia! - Not\u00edcias - Franciscanos","robots":{"index":"index","follow":"follow","max-snippet":"max-snippet:-1","max-image-preview":"max-image-preview:large","max-video-preview":"max-video-preview:-1"},"canonical":"https:\/\/franciscanos.org.br\/noticias\/vigilia-pascal-recordar-e-caminhar-jesus-nos-espera-na-galileia.html","og_locale":"pt_BR","og_type":"article","og_title":"Vig\u00edlia pascal: recordar e caminhar, Jesus nos espera na Galileia! - Not\u00edcias - Franciscanos","og_description":"Tr\u00edduo Pascal","og_url":"https:\/\/franciscanos.org.br\/noticias\/vigilia-pascal-recordar-e-caminhar-jesus-nos-espera-na-galileia.html","og_site_name":"Not\u00edcias - Franciscanos","article_published_time":"2023-04-08T21:11:16+00:00","og_image":[{"width":1500,"height":844,"url":"https:\/\/franciscanos.org.br\/noticias\/wp-content\/uploads\/2023\/04\/vigilia_08.jpeg","type":"image\/jpeg"}],"author":"moacir","twitter_card":"summary_large_image","twitter_misc":{"Escrito por":"moacir","Est. tempo de leitura":"3 minutos"},"schema":{"@context":"https:\/\/schema.org","@graph":[{"@type":"WebSite","@id":"https:\/\/franciscanos.org.br\/noticias\/#website","url":"https:\/\/franciscanos.org.br\/noticias\/","name":"Not\u00edcias - Franciscanos","description":"Prov\u00edncia Franciscana da Imaculada Concei\u00e7\u00e3o do Brasil - Ordem dos Frades Menores - OFM","potentialAction":[{"@type":"SearchAction","target":{"@type":"EntryPoint","urlTemplate":"https:\/\/franciscanos.org.br\/noticias\/?s={search_term_string}"},"query-input":"required name=search_term_string"}],"inLanguage":"pt-BR"},{"@type":"ImageObject","inLanguage":"pt-BR","@id":"https:\/\/franciscanos.org.br\/noticias\/vigilia-pascal-recordar-e-caminhar-jesus-nos-espera-na-galileia.html#primaryimage","url":"https:\/\/franciscanos.org.br\/noticias\/wp-content\/uploads\/2023\/04\/vigilia_08.jpeg","contentUrl":"https:\/\/franciscanos.org.br\/noticias\/wp-content\/uploads\/2023\/04\/vigilia_08.jpeg","width":1500,"height":844},{"@type":"WebPage","@id":"https:\/\/franciscanos.org.br\/noticias\/vigilia-pascal-recordar-e-caminhar-jesus-nos-espera-na-galileia.html#webpage","url":"https:\/\/franciscanos.org.br\/noticias\/vigilia-pascal-recordar-e-caminhar-jesus-nos-espera-na-galileia.html","name":"Vig\u00edlia pascal: recordar e caminhar, Jesus nos espera na Galileia! - Not\u00edcias - Franciscanos","isPartOf":{"@id":"https:\/\/franciscanos.org.br\/noticias\/#website"},"primaryImageOfPage":{"@id":"https:\/\/franciscanos.org.br\/noticias\/vigilia-pascal-recordar-e-caminhar-jesus-nos-espera-na-galileia.html#primaryimage"},"datePublished":"2023-04-08T21:11:16+00:00","dateModified":"2023-04-08T21:11:16+00:00","author":{"@id":"https:\/\/franciscanos.org.br\/noticias\/#\/schema\/person\/b5c8cba458c330ccff548b056e95a5d4"},"breadcrumb":{"@id":"https:\/\/franciscanos.org.br\/noticias\/vigilia-pascal-recordar-e-caminhar-jesus-nos-espera-na-galileia.html#breadcrumb"},"inLanguage":"pt-BR","potentialAction":[{"@type":"ReadAction","target":["https:\/\/franciscanos.org.br\/noticias\/vigilia-pascal-recordar-e-caminhar-jesus-nos-espera-na-galileia.html"]}]},{"@type":"BreadcrumbList","@id":"https:\/\/franciscanos.org.br\/noticias\/vigilia-pascal-recordar-e-caminhar-jesus-nos-espera-na-galileia.html#breadcrumb","itemListElement":[{"@type":"ListItem","position":1,"name":"Home","item":"https:\/\/franciscanos.org.br\/noticias"},{"@type":"ListItem","position":2,"name":"Vig\u00edlia pascal: recordar e caminhar, Jesus nos espera na Galileia!"}]},{"@type":"Person","@id":"https:\/\/franciscanos.org.br\/noticias\/#\/schema\/person\/b5c8cba458c330ccff548b056e95a5d4","name":"moacir","image":{"@type":"ImageObject","inLanguage":"pt-BR","@id":"https:\/\/franciscanos.org.br\/noticias\/#\/schema\/person\/image\/","url":"https:\/\/secure.gravatar.com\/avatar\/d08aa2ce4c8dd416d4479aa8536fcf64?s=96&d=mm&r=g","contentUrl":"https:\/\/secure.gravatar.com\/avatar\/d08aa2ce4c8dd416d4479aa8536fcf64?s=96&d=mm&r=g","caption":"moacir"},"url":"https:\/\/franciscanos.org.br\/noticias\/author\/moacir"}]}},"_links":{"self":[{"href":"https:\/\/franciscanos.org.br\/noticias\/wp-json\/wp\/v2\/posts\/242655"}],"collection":[{"href":"https:\/\/franciscanos.org.br\/noticias\/wp-json\/wp\/v2\/posts"}],"about":[{"href":"https:\/\/franciscanos.org.br\/noticias\/wp-json\/wp\/v2\/types\/post"}],"author":[{"embeddable":true,"href":"https:\/\/franciscanos.org.br\/noticias\/wp-json\/wp\/v2\/users\/3"}],"replies":[{"embeddable":true,"href":"https:\/\/franciscanos.org.br\/noticias\/wp-json\/wp\/v2\/comments?post=242655"}],"version-history":[{"count":1,"href":"https:\/\/franciscanos.org.br\/noticias\/wp-json\/wp\/v2\/posts\/242655\/revisions"}],"predecessor-version":[{"id":242657,"href":"https:\/\/franciscanos.org.br\/noticias\/wp-json\/wp\/v2\/posts\/242655\/revisions\/242657"}],"wp:featuredmedia":[{"embeddable":true,"href":"https:\/\/franciscanos.org.br\/noticias\/wp-json\/wp\/v2\/media\/242656"}],"wp:attachment":[{"href":"https:\/\/franciscanos.org.br\/noticias\/wp-json\/wp\/v2\/media?parent=242655"}],"wp:term":[{"taxonomy":"category","embeddable":true,"href":"https:\/\/franciscanos.org.br\/noticias\/wp-json\/wp\/v2\/categories?post=242655"},{"taxonomy":"post_tag","embeddable":true,"href":"https:\/\/franciscanos.org.br\/noticias\/wp-json\/wp\/v2\/tags?post=242655"}],"curies":[{"name":"wp","href":"https:\/\/api.w.org\/{rel}","templated":true}]}}