{"id":242626,"date":"2023-04-06T12:55:37","date_gmt":"2023-04-06T15:55:37","guid":{"rendered":"https:\/\/franciscanos.org.br\/noticias\/?p=242626"},"modified":"2023-04-06T12:55:37","modified_gmt":"2023-04-06T15:55:37","slug":"papa-francisco-todos-podem-escorregar-jesus-nos-ama-como-somos","status":"publish","type":"post","link":"https:\/\/franciscanos.org.br\/noticias\/papa-francisco-todos-podem-escorregar-jesus-nos-ama-como-somos.html","title":{"rendered":"Papa Francisco: \u201cTodos podem escorregar, Jesus nos ama como somos&#8221;"},"content":{"rendered":"<div id=\"attachment_242627\" style=\"width: 1510px\" class=\"wp-caption alignnone\"><img aria-describedby=\"caption-attachment-242627\" loading=\"lazy\" class=\"wp-image-242627 size-full\" src=\"https:\/\/franciscanos.org.br\/noticias\/wp-content\/uploads\/2023\/04\/papa_06.jpeg\" alt=\"\" width=\"1500\" height=\"844\" srcset=\"https:\/\/franciscanos.org.br\/noticias\/wp-content\/uploads\/2023\/04\/papa_06.jpeg 1500w, https:\/\/franciscanos.org.br\/noticias\/wp-content\/uploads\/2023\/04\/papa_06-450x253.jpeg 450w, https:\/\/franciscanos.org.br\/noticias\/wp-content\/uploads\/2023\/04\/papa_06-1024x576.jpeg 1024w, https:\/\/franciscanos.org.br\/noticias\/wp-content\/uploads\/2023\/04\/papa_06-768x432.jpeg 768w, https:\/\/franciscanos.org.br\/noticias\/wp-content\/uploads\/2023\/04\/papa_06-150x84.jpeg 150w\" sizes=\"(max-width: 1500px) 100vw, 1500px\" \/><p id=\"caption-attachment-242627\" class=\"wp-caption-text\">\u00a0 \u00a0 \u00a0 \u00a0 \u00a0 \u00a0 \u00a0 \u00a0 \u00a0 \u00a0 \u00a0 \u00a0 \u00a0 \u00a0 \u00a0 \u00a0 \u00a0 \u00a0 \u00a0 \u00a0 \u00a0 \u00a0 \u00a0 \u00a0 \u00a0 \u00a0 \u00a0 \u00a0 \u00a0 \u00a0 \u00a0 \u00a0 \u00a0 \u00a0 \u00a0 \u00a0 \u00a0 \u00a0 \u00a0 \u00a0 \u00a0 \u00a0 \u00a0 \u00a0 \u00a0 \u00a0 \u00a0 \u00a0 \u00a0 \u00a0 \u00a0 \u00a0 \u00a0 \u00a0<em> \u00a0 \u00a0 \u00a0 \u00a0 \u00a0 Imagem: Vatican Media<\/em><\/p><\/div>\n<p>\u201cO rito do lava-p\u00e9s n\u00e3o \u00e9 folclore, mas nos diz como devemos ser\u201d. &#8220;Todos podem escorregar, Jesus nos ama como somos&#8221;. \u00c9 a mensagem que o Papa Francisco deixa aos jovens na sua breve homilia durante a missa em Coena Domini (Missa do lava-p\u00e9s), no Instituto Penitenci\u00e1rio para Menores de Casal del Marmo.<br \/>\nBergoglio, em sua homilia pronunciada sem texto, recorda Jesus lavando os p\u00e9s dos Ap\u00f3stolos: &#8220;Os disc\u00edpulos ficaram espantados quando viram Jesus fazendo trabalho de escravo. Se n\u00f3s ouv\u00edssemos isto de Jesus, ir\u00edamos imediatamente nos ajudar uns aos outros, mas em vez disso nos fazemos de espertos, aproveitando-se um do outro. \u00c9 bonito ajudar, isso nasce de um &#8220;cora\u00e7\u00e3o nobre&#8221;&#8221;. Cada um de voc\u00eas pode dizer: &#8220;mas, se o Papa soubesse o que eu tenho dentro. Mas Jesus nos ama como somos, Ele n\u00e3o tem medo de nossas fraquezas. Ele quer nos acompanhar, nos levar pela m\u00e3o. Farei o mesmo gesto de lavar os p\u00e9s, mas n\u00e3o \u00e9 folclore, \u00e9 um gesto que anuncia como devemos ser&#8221;.<\/p>\n<p><strong>Casal del Marmo: para o capel\u00e3o a presen\u00e7a do Papa \u00e9 sinal de esperan\u00e7a<\/strong><br \/>\n&#8221;Na sociedade &#8211; a reflex\u00e3o &#8211; h\u00e1 muitas injusti\u00e7as: pessoas sem trabalho, pessoas que trabalham e s\u00e3o pagas pela metade, fam\u00edlias desfeitas. Cada um de n\u00f3s pode escorregar e isso nos d\u00e1 a dignidade de ser pecadores. \u00c9 por isso que Jesus quis lavar os p\u00e9s para ajudar uns aos outros. Assim, a vida \u00e9 mais bonita&#8221;. E Francisco conclui: &#8220;Eu espero conseguir porque n\u00e3o consigo andar bem, mas voc\u00eas pensem: Jesus lavou os meus p\u00e9s&#8221;.<\/p>\n<p>Depois da homilia o Papa realizou o rito do lava-p\u00e9s da Quinta-feira Santa. Ele lavou e beijou os p\u00e9s de 12 jovens detentos que simbolizam os ap\u00f3stolos. Entre eles duas jovens. O Papa, que se movia com dificuldade, realizou o rito com grandes sorrisos e cumprimentou um a um os jovens escolhidos para este rito.<\/p>\n<p><strong>Agradecimento da diretora<\/strong><br \/>\nNo final da celebra\u00e7\u00e3o a diretora do Instituto Penal dirigiu algumas palavras ao Santo Padre dizendo da \u201ctarefa muito dif\u00edcil de encontrar as palavras certas para poder agradecer-lhe pela imensa alegria que nos deu! Mas na realidade eu acho que n\u00e3o estou \u00e0 altura&#8230;&#8221;<\/p>\n<p>&#8220;O senhor nesta situa\u00e7\u00e3o nos desarma \u2013 continuou ela &#8211; por causa de sua imensa do\u00e7ura que nos revela e nos reconduz ao essencial, ent\u00e3o eu pensei que teria que recorrer a palavras que minha mente me ditaria de forma refinada, mas em vez disso s\u00e3o simplesmente aquelas que fluem do cora\u00e7\u00e3o que s\u00e3o as mais importantes que eu quero dirigir ao senhor em nome de todos n\u00f3s\u201d.<\/p>\n<p>\u201cSeu sorriso \u2013 disse ainda a diretora emocionada &#8211; \u00e9 uma doce car\u00edcia para n\u00f3s, apoiando-nos, encorajando-nos diante de todas as dificuldades di\u00e1rias que encontramos. O exemplo que o senhor nos deu e o dom que nos fez de estarmos juntos neste abra\u00e7o nos mostra o caminho di\u00e1rio, o de estarmos sempre juntos, abra\u00e7ados, unidos, de m\u00e3os dadas, sempre olhando para cima, pensando no bem, sem distin\u00e7\u00e3o e buscando dentro de n\u00f3s mesmos a for\u00e7a que o olhar do outro nos d\u00e1\u201d.<\/p>\n<p>Por isso, &#8211; concluiu \u2013 \u201cquero realmente agradecer em nome de todos por este maravilhoso poema que o senhor nos deu hoje. Continuaremos a agradecer-Lhe todos os dias de nossas vidas pelo ensinamento e rezaremos juntos com o senhor, pelo bem, pela paz no mundo. Muito obrigado, Santo Padre! Muito obrigado!\u201d<\/p>\n<p><strong>Despedida<\/strong><br \/>\nNa conclus\u00e3o da Santa Missa o Papa aben\u00e7oou a placa de inaugura\u00e7\u00e3o da capela dedicada ao beato Pino Puglisi. Sucessivamente, ao saudar alguns jovens detentos, o Papa Francisco recebeu de presente uma cruz realizada pelos jovens que seguem o curso de carpintaria, alguns biscoitos e um pacote de massa, ambos realizados na panificadora recentemente inaugurada dentro do c\u00e1rcere. Aos jovens detentos, \u00e0 diretora e aos funcion\u00e1rios o Papa deu de presente alguns Ter\u00e7os e ovos e chocolate.<\/p>\n<p><strong>Casal de Marmo<\/strong><br \/>\nNa tarde desta quinta-feira (06) o Papa Francisco foi ao Instituto Penitenci\u00e1rio para Menores de Casal del Marmo, na periferia de Roma para celebrar a Missa da Ceia do Senhor com o rito do Lava-P\u00e9s. Em 2013 o Papa foi a esta pris\u00e3o celebrar esta Liturgia, no seu primeiro ano de Pontificado, agora retornou e o jovem capel\u00e3o padre Nicol\u00f2 Ceccolini falando ao Vatican News da expectativa dos jovens, recordou que n\u00e3o seriam os mesmos jovens que o Papa encontrou dez anos atr\u00e1s. \u201cFelizmente\u201d, brinca o capel\u00e3o, afirmando em seguida \u201c\u00e9 sinal de que evidentemente os caminhos educacionais e de reabilita\u00e7\u00e3o realizados pela comunidade de trabalho sempre ativa para os detentos, est\u00e3o funcionando. Uma palavra, detentos, que o padre Nicol\u00f2 nunca usa no decorrer da entrevista. Para ele, s\u00e3o sempre e somente os \u201cjovens\u201d, cerca de cinquenta mulheres e homens de 14 a 25 anos de idade, italianos, \u00e1rabes, africanos, ciganos, ateus ou cat\u00f3licos, ortodoxos e at\u00e9 mesmo cerca de quinze mu\u00e7ulmanos que nestes dias est\u00e3o vivenciando o Ramad\u00e3. &#8220;Para eles tamb\u00e9m \u00e9 uma ocasi\u00e3o especial, muito esperada&#8221;, afirma o capel\u00e3o, &#8220;nem que seja pela curiosidade de conhecer uma pessoa que eles sabem que \u00e9 importante e que vem visit\u00e1-los&#8221;.<\/p>\n<hr \/>\n<p><em>Fonte: Vatican News (texto de Silvonei Jos\u00e9)<\/em><\/p>\n","protected":false},"excerpt":{"rendered":"<p>Missa do lava-p\u00e9s<\/p>\n","protected":false},"author":3,"featured_media":242627,"comment_status":"open","ping_status":"open","sticky":false,"template":"","format":"standard","meta":[],"categories":[1428],"tags":[1436],"acf":[],"yoast_head":"<!-- This site is optimized with the Yoast SEO plugin v19.2 - https:\/\/yoast.com\/wordpress\/plugins\/seo\/ -->\n<title>Papa Francisco: \u201cTodos podem escorregar, Jesus nos ama como somos&quot; - Not\u00edcias - Franciscanos<\/title>\n<meta name=\"robots\" content=\"index, follow, max-snippet:-1, max-image-preview:large, max-video-preview:-1\" \/>\n<link rel=\"canonical\" href=\"https:\/\/franciscanos.org.br\/noticias\/papa-francisco-todos-podem-escorregar-jesus-nos-ama-como-somos.html\" \/>\n<meta property=\"og:locale\" content=\"pt_BR\" \/>\n<meta property=\"og:type\" content=\"article\" \/>\n<meta property=\"og:title\" content=\"Papa Francisco: \u201cTodos podem escorregar, Jesus nos ama como somos&quot; - Not\u00edcias - Franciscanos\" \/>\n<meta property=\"og:description\" content=\"Missa do lava-p\u00e9s\" \/>\n<meta property=\"og:url\" content=\"https:\/\/franciscanos.org.br\/noticias\/papa-francisco-todos-podem-escorregar-jesus-nos-ama-como-somos.html\" \/>\n<meta property=\"og:site_name\" content=\"Not\u00edcias - Franciscanos\" \/>\n<meta property=\"article:published_time\" content=\"2023-04-06T15:55:37+00:00\" \/>\n<meta property=\"og:image\" content=\"https:\/\/franciscanos.org.br\/noticias\/wp-content\/uploads\/2023\/04\/papa_06.jpeg\" \/>\n\t<meta property=\"og:image:width\" content=\"1500\" \/>\n\t<meta property=\"og:image:height\" content=\"844\" \/>\n\t<meta property=\"og:image:type\" content=\"image\/jpeg\" \/>\n<meta name=\"author\" content=\"moacir\" \/>\n<meta name=\"twitter:card\" content=\"summary_large_image\" \/>\n<meta name=\"twitter:label1\" content=\"Escrito por\" \/>\n\t<meta name=\"twitter:data1\" content=\"moacir\" \/>\n\t<meta name=\"twitter:label2\" content=\"Est. tempo de leitura\" \/>\n\t<meta name=\"twitter:data2\" content=\"5 minutos\" \/>\n<script type=\"application\/ld+json\" class=\"yoast-schema-graph\">{\"@context\":\"https:\/\/schema.org\",\"@graph\":[{\"@type\":\"WebSite\",\"@id\":\"https:\/\/franciscanos.org.br\/noticias\/#website\",\"url\":\"https:\/\/franciscanos.org.br\/noticias\/\",\"name\":\"Not\u00edcias - Franciscanos\",\"description\":\"Prov\u00edncia Franciscana da Imaculada Concei\u00e7\u00e3o do Brasil - Ordem dos Frades Menores - OFM\",\"potentialAction\":[{\"@type\":\"SearchAction\",\"target\":{\"@type\":\"EntryPoint\",\"urlTemplate\":\"https:\/\/franciscanos.org.br\/noticias\/?s={search_term_string}\"},\"query-input\":\"required name=search_term_string\"}],\"inLanguage\":\"pt-BR\"},{\"@type\":\"ImageObject\",\"inLanguage\":\"pt-BR\",\"@id\":\"https:\/\/franciscanos.org.br\/noticias\/papa-francisco-todos-podem-escorregar-jesus-nos-ama-como-somos.html#primaryimage\",\"url\":\"https:\/\/franciscanos.org.br\/noticias\/wp-content\/uploads\/2023\/04\/papa_06.jpeg\",\"contentUrl\":\"https:\/\/franciscanos.org.br\/noticias\/wp-content\/uploads\/2023\/04\/papa_06.jpeg\",\"width\":1500,\"height\":844},{\"@type\":\"WebPage\",\"@id\":\"https:\/\/franciscanos.org.br\/noticias\/papa-francisco-todos-podem-escorregar-jesus-nos-ama-como-somos.html#webpage\",\"url\":\"https:\/\/franciscanos.org.br\/noticias\/papa-francisco-todos-podem-escorregar-jesus-nos-ama-como-somos.html\",\"name\":\"Papa Francisco: \u201cTodos podem escorregar, Jesus nos ama como somos\\\" - Not\u00edcias - Franciscanos\",\"isPartOf\":{\"@id\":\"https:\/\/franciscanos.org.br\/noticias\/#website\"},\"primaryImageOfPage\":{\"@id\":\"https:\/\/franciscanos.org.br\/noticias\/papa-francisco-todos-podem-escorregar-jesus-nos-ama-como-somos.html#primaryimage\"},\"datePublished\":\"2023-04-06T15:55:37+00:00\",\"dateModified\":\"2023-04-06T15:55:37+00:00\",\"author\":{\"@id\":\"https:\/\/franciscanos.org.br\/noticias\/#\/schema\/person\/b5c8cba458c330ccff548b056e95a5d4\"},\"breadcrumb\":{\"@id\":\"https:\/\/franciscanos.org.br\/noticias\/papa-francisco-todos-podem-escorregar-jesus-nos-ama-como-somos.html#breadcrumb\"},\"inLanguage\":\"pt-BR\",\"potentialAction\":[{\"@type\":\"ReadAction\",\"target\":[\"https:\/\/franciscanos.org.br\/noticias\/papa-francisco-todos-podem-escorregar-jesus-nos-ama-como-somos.html\"]}]},{\"@type\":\"BreadcrumbList\",\"@id\":\"https:\/\/franciscanos.org.br\/noticias\/papa-francisco-todos-podem-escorregar-jesus-nos-ama-como-somos.html#breadcrumb\",\"itemListElement\":[{\"@type\":\"ListItem\",\"position\":1,\"name\":\"Home\",\"item\":\"https:\/\/franciscanos.org.br\/noticias\"},{\"@type\":\"ListItem\",\"position\":2,\"name\":\"Papa Francisco: \u201cTodos podem escorregar, Jesus nos ama como somos&#8221;\"}]},{\"@type\":\"Person\",\"@id\":\"https:\/\/franciscanos.org.br\/noticias\/#\/schema\/person\/b5c8cba458c330ccff548b056e95a5d4\",\"name\":\"moacir\",\"image\":{\"@type\":\"ImageObject\",\"inLanguage\":\"pt-BR\",\"@id\":\"https:\/\/franciscanos.org.br\/noticias\/#\/schema\/person\/image\/\",\"url\":\"https:\/\/secure.gravatar.com\/avatar\/d08aa2ce4c8dd416d4479aa8536fcf64?s=96&d=mm&r=g\",\"contentUrl\":\"https:\/\/secure.gravatar.com\/avatar\/d08aa2ce4c8dd416d4479aa8536fcf64?s=96&d=mm&r=g\",\"caption\":\"moacir\"},\"url\":\"https:\/\/franciscanos.org.br\/noticias\/author\/moacir\"}]}<\/script>\n<!-- \/ Yoast SEO plugin. -->","yoast_head_json":{"title":"Papa Francisco: \u201cTodos podem escorregar, Jesus nos ama como somos\" - Not\u00edcias - Franciscanos","robots":{"index":"index","follow":"follow","max-snippet":"max-snippet:-1","max-image-preview":"max-image-preview:large","max-video-preview":"max-video-preview:-1"},"canonical":"https:\/\/franciscanos.org.br\/noticias\/papa-francisco-todos-podem-escorregar-jesus-nos-ama-como-somos.html","og_locale":"pt_BR","og_type":"article","og_title":"Papa Francisco: \u201cTodos podem escorregar, Jesus nos ama como somos\" - Not\u00edcias - Franciscanos","og_description":"Missa do lava-p\u00e9s","og_url":"https:\/\/franciscanos.org.br\/noticias\/papa-francisco-todos-podem-escorregar-jesus-nos-ama-como-somos.html","og_site_name":"Not\u00edcias - Franciscanos","article_published_time":"2023-04-06T15:55:37+00:00","og_image":[{"width":1500,"height":844,"url":"https:\/\/franciscanos.org.br\/noticias\/wp-content\/uploads\/2023\/04\/papa_06.jpeg","type":"image\/jpeg"}],"author":"moacir","twitter_card":"summary_large_image","twitter_misc":{"Escrito por":"moacir","Est. tempo de leitura":"5 minutos"},"schema":{"@context":"https:\/\/schema.org","@graph":[{"@type":"WebSite","@id":"https:\/\/franciscanos.org.br\/noticias\/#website","url":"https:\/\/franciscanos.org.br\/noticias\/","name":"Not\u00edcias - Franciscanos","description":"Prov\u00edncia Franciscana da Imaculada Concei\u00e7\u00e3o do Brasil - Ordem dos Frades Menores - OFM","potentialAction":[{"@type":"SearchAction","target":{"@type":"EntryPoint","urlTemplate":"https:\/\/franciscanos.org.br\/noticias\/?s={search_term_string}"},"query-input":"required name=search_term_string"}],"inLanguage":"pt-BR"},{"@type":"ImageObject","inLanguage":"pt-BR","@id":"https:\/\/franciscanos.org.br\/noticias\/papa-francisco-todos-podem-escorregar-jesus-nos-ama-como-somos.html#primaryimage","url":"https:\/\/franciscanos.org.br\/noticias\/wp-content\/uploads\/2023\/04\/papa_06.jpeg","contentUrl":"https:\/\/franciscanos.org.br\/noticias\/wp-content\/uploads\/2023\/04\/papa_06.jpeg","width":1500,"height":844},{"@type":"WebPage","@id":"https:\/\/franciscanos.org.br\/noticias\/papa-francisco-todos-podem-escorregar-jesus-nos-ama-como-somos.html#webpage","url":"https:\/\/franciscanos.org.br\/noticias\/papa-francisco-todos-podem-escorregar-jesus-nos-ama-como-somos.html","name":"Papa Francisco: \u201cTodos podem escorregar, Jesus nos ama como somos\" - Not\u00edcias - Franciscanos","isPartOf":{"@id":"https:\/\/franciscanos.org.br\/noticias\/#website"},"primaryImageOfPage":{"@id":"https:\/\/franciscanos.org.br\/noticias\/papa-francisco-todos-podem-escorregar-jesus-nos-ama-como-somos.html#primaryimage"},"datePublished":"2023-04-06T15:55:37+00:00","dateModified":"2023-04-06T15:55:37+00:00","author":{"@id":"https:\/\/franciscanos.org.br\/noticias\/#\/schema\/person\/b5c8cba458c330ccff548b056e95a5d4"},"breadcrumb":{"@id":"https:\/\/franciscanos.org.br\/noticias\/papa-francisco-todos-podem-escorregar-jesus-nos-ama-como-somos.html#breadcrumb"},"inLanguage":"pt-BR","potentialAction":[{"@type":"ReadAction","target":["https:\/\/franciscanos.org.br\/noticias\/papa-francisco-todos-podem-escorregar-jesus-nos-ama-como-somos.html"]}]},{"@type":"BreadcrumbList","@id":"https:\/\/franciscanos.org.br\/noticias\/papa-francisco-todos-podem-escorregar-jesus-nos-ama-como-somos.html#breadcrumb","itemListElement":[{"@type":"ListItem","position":1,"name":"Home","item":"https:\/\/franciscanos.org.br\/noticias"},{"@type":"ListItem","position":2,"name":"Papa Francisco: \u201cTodos podem escorregar, Jesus nos ama como somos&#8221;"}]},{"@type":"Person","@id":"https:\/\/franciscanos.org.br\/noticias\/#\/schema\/person\/b5c8cba458c330ccff548b056e95a5d4","name":"moacir","image":{"@type":"ImageObject","inLanguage":"pt-BR","@id":"https:\/\/franciscanos.org.br\/noticias\/#\/schema\/person\/image\/","url":"https:\/\/secure.gravatar.com\/avatar\/d08aa2ce4c8dd416d4479aa8536fcf64?s=96&d=mm&r=g","contentUrl":"https:\/\/secure.gravatar.com\/avatar\/d08aa2ce4c8dd416d4479aa8536fcf64?s=96&d=mm&r=g","caption":"moacir"},"url":"https:\/\/franciscanos.org.br\/noticias\/author\/moacir"}]}},"_links":{"self":[{"href":"https:\/\/franciscanos.org.br\/noticias\/wp-json\/wp\/v2\/posts\/242626"}],"collection":[{"href":"https:\/\/franciscanos.org.br\/noticias\/wp-json\/wp\/v2\/posts"}],"about":[{"href":"https:\/\/franciscanos.org.br\/noticias\/wp-json\/wp\/v2\/types\/post"}],"author":[{"embeddable":true,"href":"https:\/\/franciscanos.org.br\/noticias\/wp-json\/wp\/v2\/users\/3"}],"replies":[{"embeddable":true,"href":"https:\/\/franciscanos.org.br\/noticias\/wp-json\/wp\/v2\/comments?post=242626"}],"version-history":[{"count":1,"href":"https:\/\/franciscanos.org.br\/noticias\/wp-json\/wp\/v2\/posts\/242626\/revisions"}],"predecessor-version":[{"id":242628,"href":"https:\/\/franciscanos.org.br\/noticias\/wp-json\/wp\/v2\/posts\/242626\/revisions\/242628"}],"wp:featuredmedia":[{"embeddable":true,"href":"https:\/\/franciscanos.org.br\/noticias\/wp-json\/wp\/v2\/media\/242627"}],"wp:attachment":[{"href":"https:\/\/franciscanos.org.br\/noticias\/wp-json\/wp\/v2\/media?parent=242626"}],"wp:term":[{"taxonomy":"category","embeddable":true,"href":"https:\/\/franciscanos.org.br\/noticias\/wp-json\/wp\/v2\/categories?post=242626"},{"taxonomy":"post_tag","embeddable":true,"href":"https:\/\/franciscanos.org.br\/noticias\/wp-json\/wp\/v2\/tags?post=242626"}],"curies":[{"name":"wp","href":"https:\/\/api.w.org\/{rel}","templated":true}]}}