{"id":242614,"date":"2023-04-05T07:11:01","date_gmt":"2023-04-05T10:11:01","guid":{"rendered":"https:\/\/franciscanos.org.br\/noticias\/?p=242614"},"modified":"2023-04-05T07:12:24","modified_gmt":"2023-04-05T10:12:24","slug":"papa-as-nossas-feridas-podem-se-tornar-fontes-de-esperanca","status":"publish","type":"post","link":"https:\/\/franciscanos.org.br\/noticias\/papa-as-nossas-feridas-podem-se-tornar-fontes-de-esperanca.html","title":{"rendered":"Papa: as nossas feridas podem se tornar fontes de esperan\u00e7a"},"content":{"rendered":"<div id=\"attachment_242615\" style=\"width: 1210px\" class=\"wp-caption alignnone\"><img aria-describedby=\"caption-attachment-242615\" loading=\"lazy\" class=\"wp-image-242615 size-full\" src=\"https:\/\/franciscanos.org.br\/noticias\/wp-content\/uploads\/2023\/04\/audiencia_0504.jpg\" alt=\"\" width=\"1200\" height=\"720\" srcset=\"https:\/\/franciscanos.org.br\/noticias\/wp-content\/uploads\/2023\/04\/audiencia_0504.jpg 1200w, https:\/\/franciscanos.org.br\/noticias\/wp-content\/uploads\/2023\/04\/audiencia_0504-450x270.jpg 450w, https:\/\/franciscanos.org.br\/noticias\/wp-content\/uploads\/2023\/04\/audiencia_0504-1024x614.jpg 1024w, https:\/\/franciscanos.org.br\/noticias\/wp-content\/uploads\/2023\/04\/audiencia_0504-768x461.jpg 768w, https:\/\/franciscanos.org.br\/noticias\/wp-content\/uploads\/2023\/04\/audiencia_0504-150x90.jpg 150w\" sizes=\"(max-width: 1200px) 100vw, 1200px\" \/><p id=\"caption-attachment-242615\" class=\"wp-caption-text\"><em>\u00a0 \u00a0 \u00a0 \u00a0 \u00a0 \u00a0 \u00a0 \u00a0 \u00a0 \u00a0 \u00a0 \u00a0 \u00a0 \u00a0 \u00a0 \u00a0 \u00a0 \u00a0 \u00a0 \u00a0 \u00a0 \u00a0 \u00a0 \u00a0 \u00a0 \u00a0 \u00a0 \u00a0 \u00a0 \u00a0 \u00a0 \u00a0 \u00a0 \u00a0 \u00a0 \u00a0 \u00a0 \u00a0 \u00a0 \u00a0 \u00a0 \u00a0 \u00a0 \u00a0 \u00a0 \u00a0 \u00a0 \u00a0 \u00a0 \u00a0 \u00a0 \u00a0 \u00a0 \u00a0 \u00a0 \u00a0 \u00a0 \u00a0 \u00a0 \u00a0 \u00a0 \u00a0 \u00a0 \u00a0 \u00a0 \u00a0 \u00a0 \u00a0 \u00a0 \u00a0 \u00a0 \u00a0 \u00a0 \u00a0 \u00a0 \u00a0 \u00a0 \u00a0 \u00a0Imagem: Vatican Media<\/em><\/p><\/div>\n<p>Na catequese da Audi\u00eancia Geral, desta quarta-feira (05\/04), realizada na Pra\u00e7a S\u00e3o Pedro, o Papa Francisco recordou que no Domingo de Ramos, ouvimos a liturgia a Paix\u00e3o do Senhor que termina com as seguintes palavras: \u00abSelaram a pedra\u00bb.<\/p>\n<p>&#8220;Tudo parece ter acabado. Para os disc\u00edpulos de Jesus, aquela pedra marca o fim da esperan\u00e7a&#8221;, frisou o Papa. &#8220;O Mestre foi crucificado, morto da maneira mais cruel e humilhante, pendurado num pat\u00edbulo infame fora da cidade: um fracasso p\u00fablico, o pior final poss\u00edvel&#8221;.<\/p>\n<p>Pois bem, aquele des\u00e2nimo que oprimia os disc\u00edpulos n\u00e3o nos \u00e9 totalmente estranho hoje. Tamb\u00e9m em n\u00f3s se adensam pensamentos obscuros e sentimentos de frustra\u00e7\u00e3o: por que tanta indiferen\u00e7a em rela\u00e7\u00e3o a Deus? Por que tanto mal no mundo? Por que as desigualdades continuam aumentando e n\u00e3o chega a paz t\u00e3o almejada? Por que somos t\u00e3o apegados \u00e0 guerra, a fazer o mal uns aos outros? No cora\u00e7\u00e3o de cada um, quantas expectativas desvanecidas, quantas desilus\u00f5es! E ainda aquela sensa\u00e7\u00e3o de que os tempos passados eram melhores e de que no mundo, talvez at\u00e9 na Igreja, as coisas n\u00e3o s\u00e3o como outrora. Em s\u00edntese, tamb\u00e9m hoje a esperan\u00e7a parece \u00e0s vezes selada sob a pedra da desconfian\u00e7a.<\/p>\n<p>&#8220;Na mente dos disc\u00edpulos permanecia fixa uma imagem: a cruz. Ali estava concentrado o fim de tudo. Mas pouco tempo depois descobririam na pr\u00f3pria cruz um novo in\u00edcio. Do mais terr\u00edvel instrumento de tortura, Deus obteve o maior sinal do amor. Aquele madeiro de morte, transformado em \u00e1rvore de vida, nos lembra que os in\u00edcios de Deus come\u00e7am muitas vezes a partir dos nossos fins: \u00e9 assim que Ele gosta de fazer maravilhas&#8221;, sublinhou Francisco.<\/p>\n<p>A seguir, o Papa convidou a olhar &#8220;para a \u00e1rvore da cruz, para que em n\u00f3s brote a esperan\u00e7a: aquela virtude quotidiana, aquela virtude silenciosa, humilde, mas aquela virtude que nos mant\u00e9m de p\u00e9, que nos ajuda a ir em frente. Sem esperan\u00e7a n\u00e3o se pode viver. Pensamos: onde est\u00e1 a minha esperan\u00e7a? Hoje, olhemos para a \u00e1rvore da cruz para que brote em n\u00f3s a esperan\u00e7a: para sermos curados da tristeza \u2013 mas, quantas pessoas tristes&#8221;.<\/p>\n<p>&#8220;Quando eu podia caminhar pelas ruas, agora n\u00e3o posso porque n\u00e3o me deixam, gostava de observar o olhar das pessoas. Quantos olhares tristes! Pessoas tristes, pessoas que falavam sozinhas, gente que andava s\u00f3 com o celular, mas sem paz, sem esperan\u00e7a. E onde est\u00e1 sua esperan\u00e7a hoje? \u00c9 preciso um pouco de esperan\u00e7a, hein? Para sermos curados da tristeza que nos adoece: h\u00e1 tanta tristeza; para sermos curados da amargura com que polu\u00edmos a Igreja e o mundo&#8221;, disse ainda o Papa.<\/p>\n<p>Olhando para o Crucifixo, vemos &#8220;Jesus despojado, ferido, Jesus atormentado. \u00c9 o fim de tudo? Ali h\u00e1 esperan\u00e7a&#8221;, sublinhou o Pont\u00edfice, acrescentando: Com efeito, n\u00f3s temos dificuldade em despojar-nos, em fazer a verdade; revestimo-nos de exterioridade, que procuramos e cuidamos, de m\u00e1scaras para nos disfar\u00e7armos e nos mostrarmos melhores do que somos. Pensamos que o importante \u00e9 ostentar, de tal modo que os outros falem bem de n\u00f3s. E adornamo-nos de apar\u00eancias, de coisas sup\u00e9rfluas; mas assim n\u00e3o encontramos a paz. Depois, a maquiagem vai embora e voc\u00ea se olha no espelho com aquela cara feia que voc\u00ea tem, mas verdadeira, aquela que Deus ama, n\u00e3o a maquiada, n\u00e3o. Jesus despojado de tudo nos lembra que a esperan\u00e7a renasce fazendo a verdade sobre n\u00f3s mesmos, dizer a verdade a si mesmo, abandonando as ambiguidades, libertando-nos da conviv\u00eancia pac\u00edfica com as nossas falsidades. \u00c0s vezes, estamos t\u00e3o acostumados a nos dizer falsidades que convivemos com as falsidades como se fossem verdades e acabamos envenenados por nossas falsidades.<\/p>\n<p>Segundo Francisco, &#8220;\u00e9 necess\u00e1rio regressar ao cora\u00e7\u00e3o, ao essencial, a uma vida simples, despojada de tantas coisas in\u00fateis, que substituem a esperan\u00e7a&#8221;. A seguir, o Papa disse que nesta Semana Santa \u00e9 bom olharmos o nosso guarda-roupa e nos despojarmos das coisas que temos, que n\u00e3o usamos, coisas muitas vezes &#8220;coisas desnecess\u00e1rias&#8221;. &#8220;N\u00f3s tamb\u00e9m temos tantas coisas in\u00fateis dentro de nossos cora\u00e7\u00f5es \u2013 e fora tamb\u00e9m. Olhe para o seu guarda-roupa: olhe para ele. Isso \u00e9 \u00fatil, aquilo \u00e9 in\u00fatil, e fa\u00e7a uma limpeza. Olhe para o guarda-roupa da alma: quantas coisas in\u00fateis voc\u00ea tem, quantas ilus\u00f5es est\u00fapidas. Voltemos \u00e0 simplicidade, \u00e0s coisas reais que n\u00e3o precisam de maquiagem. Aqui est\u00e1 um bom exerc\u00edcio&#8221;, disse o Papa.<\/p>\n<p>Olhemos agora a Jesus ferido. &#8220;A cruz mostra os pregos que lhe furam as m\u00e3os e os p\u00e9s, o lado aberto. Mas \u00e0s feridas do corpo acrescentam-se as da alma. Jesus est\u00e1 sozinho: tra\u00eddo, entregue e renegado pelos seus, condenado pelo poder religioso e civil, experimenta at\u00e9 o abandono de Deus.&#8221;<\/p>\n<p>&#8220;Tamb\u00e9m n\u00f3s estamos feridos: quem n\u00e3o o est\u00e1 na vida? Quem n\u00e3o carrega as cicatrizes de escolhas passadas, de incompreens\u00f5es, de dores que permanecem dentro e s\u00e3o dif\u00edceis de superar? Mas tamb\u00e9m de injusti\u00e7as sofridas, de palavras cortantes, de ju\u00edzos inclementes?&#8221;, perguntou Francisco. &#8220;Deus n\u00e3o esconde aos nossos olhos as feridas que lhe trespassaram o corpo e a alma. Mostra-as para nos indicar que na P\u00e1scoa se pode abrir uma nova passagem: fazer das pr\u00f3prias feridas furos de luz. Como Jesus, que na cruz n\u00e3o recrimina, mas ama. Ama e perdoa quantos o ferem. Assim converte o mal em bem, assim transforma a dor em amor&#8221;, sublinhou.<\/p>\n<p>Irm\u00e3os e irm\u00e3s, a quest\u00e3o n\u00e3o \u00e9 ser ferido pouco ou muito pela vida, mas a quest\u00e3o \u00e9 o que fazer com estas feridas. Posso deix\u00e1-las infectar no rancor e na tristeza, ou posso uni-las \u00e0s de Jesus, a fim de que tamb\u00e9m as minhas chagas se tornem luminosas. Pensem em quantos jovens, quantos jovens, quantos jovens, que n\u00e3o toleram as suas feridas e procuram no suic\u00eddio uma via de salva\u00e7\u00e3o: hoje, em nossas cidades, muitos, muitos jovens que n\u00e3o veem sa\u00edda, que n\u00e3o t\u00eam esperan\u00e7a e preferem ir adiante com as drogas, com o esquecimento&#8230; coitados! Pensem nisso. E voc\u00ea, qual \u00e9 a sua droga, para cobrir as feridas? As nossas feridas podem tornar-se fontes de esperan\u00e7a quando, em vez de nos comiserarmos, enxugamos as l\u00e1grimas dos outros; quando, em vez de ter ressentimento pelo que nos \u00e9 tirado, cuidamos do que falta aos outros; quando, em vez de nos inquietarmos, nos debru\u00e7amos sobre quantos sofrem; quando, em vez de ter sede de amor por n\u00f3s pr\u00f3prios, saciamos a sede de quem precisa de n\u00f3s.<\/p>\n<p>Segundo o Papa, &#8220;s\u00f3 nos reencontraremos, se deixarmos de pensar em n\u00f3s mesmos. E \u00e9 agindo assim &#8211; diz a Escritura &#8211; que a nossa ferida em breve cicatrizar\u00e1, e a esperan\u00e7a voltar\u00e1 a florescer. Pensem: O que posso fazer pelos outros? Eu estou ferido. Estou ferido pelo pecado, estou ferido pela hist\u00f3ria, cada um tem a sua ferida. O que eu fa\u00e7o: lambo minhas feridas assim, a vida toda? Ou olho para as feridas dos outros e vou com a experi\u00eancia ferida da minha vida a curar, ajudar os outros?&#8221; &#8220;Este \u00e9 o desafio de hoje, para todos voc\u00eas, para cada um de voc\u00eas, para cada um de n\u00f3s. Que o Senhor nos ajude a seguir em frente&#8221;, concluiu.<\/p>\n<hr \/>\n<p><em>Fonte: Vatican News (texto de Mariangela Jaguraba)<\/em><\/p>\n","protected":false},"excerpt":{"rendered":"<p>Audi\u00eancia Geral<\/p>\n","protected":false},"author":3,"featured_media":242615,"comment_status":"open","ping_status":"open","sticky":false,"template":"","format":"standard","meta":[],"categories":[1428],"tags":[487],"acf":[],"yoast_head":"<!-- This site is optimized with the Yoast SEO plugin v19.2 - https:\/\/yoast.com\/wordpress\/plugins\/seo\/ -->\n<title>Papa: as nossas feridas podem se tornar fontes de esperan\u00e7a - Not\u00edcias - Franciscanos<\/title>\n<meta name=\"robots\" content=\"index, follow, max-snippet:-1, max-image-preview:large, max-video-preview:-1\" \/>\n<link rel=\"canonical\" href=\"https:\/\/franciscanos.org.br\/noticias\/papa-as-nossas-feridas-podem-se-tornar-fontes-de-esperanca.html\" \/>\n<meta property=\"og:locale\" content=\"pt_BR\" \/>\n<meta property=\"og:type\" content=\"article\" \/>\n<meta property=\"og:title\" content=\"Papa: as nossas feridas podem se tornar fontes de esperan\u00e7a - Not\u00edcias - Franciscanos\" \/>\n<meta property=\"og:description\" content=\"Audi\u00eancia Geral\" \/>\n<meta property=\"og:url\" content=\"https:\/\/franciscanos.org.br\/noticias\/papa-as-nossas-feridas-podem-se-tornar-fontes-de-esperanca.html\" \/>\n<meta property=\"og:site_name\" content=\"Not\u00edcias - Franciscanos\" \/>\n<meta property=\"article:published_time\" content=\"2023-04-05T10:11:01+00:00\" \/>\n<meta property=\"article:modified_time\" content=\"2023-04-05T10:12:24+00:00\" \/>\n<meta property=\"og:image\" content=\"https:\/\/franciscanos.org.br\/noticias\/wp-content\/uploads\/2023\/04\/audiencia_0504.jpg\" \/>\n\t<meta property=\"og:image:width\" content=\"1200\" \/>\n\t<meta property=\"og:image:height\" content=\"720\" \/>\n\t<meta property=\"og:image:type\" content=\"image\/jpeg\" \/>\n<meta name=\"author\" content=\"moacir\" \/>\n<meta name=\"twitter:card\" content=\"summary_large_image\" \/>\n<meta name=\"twitter:label1\" content=\"Escrito por\" \/>\n\t<meta name=\"twitter:data1\" content=\"moacir\" \/>\n\t<meta name=\"twitter:label2\" content=\"Est. tempo de leitura\" \/>\n\t<meta name=\"twitter:data2\" content=\"6 minutos\" \/>\n<script type=\"application\/ld+json\" class=\"yoast-schema-graph\">{\"@context\":\"https:\/\/schema.org\",\"@graph\":[{\"@type\":\"WebSite\",\"@id\":\"https:\/\/franciscanos.org.br\/noticias\/#website\",\"url\":\"https:\/\/franciscanos.org.br\/noticias\/\",\"name\":\"Not\u00edcias - Franciscanos\",\"description\":\"Prov\u00edncia Franciscana da Imaculada Concei\u00e7\u00e3o do Brasil - Ordem dos Frades Menores - OFM\",\"potentialAction\":[{\"@type\":\"SearchAction\",\"target\":{\"@type\":\"EntryPoint\",\"urlTemplate\":\"https:\/\/franciscanos.org.br\/noticias\/?s={search_term_string}\"},\"query-input\":\"required name=search_term_string\"}],\"inLanguage\":\"pt-BR\"},{\"@type\":\"ImageObject\",\"inLanguage\":\"pt-BR\",\"@id\":\"https:\/\/franciscanos.org.br\/noticias\/papa-as-nossas-feridas-podem-se-tornar-fontes-de-esperanca.html#primaryimage\",\"url\":\"https:\/\/franciscanos.org.br\/noticias\/wp-content\/uploads\/2023\/04\/audiencia_0504.jpg\",\"contentUrl\":\"https:\/\/franciscanos.org.br\/noticias\/wp-content\/uploads\/2023\/04\/audiencia_0504.jpg\",\"width\":1200,\"height\":720},{\"@type\":\"WebPage\",\"@id\":\"https:\/\/franciscanos.org.br\/noticias\/papa-as-nossas-feridas-podem-se-tornar-fontes-de-esperanca.html#webpage\",\"url\":\"https:\/\/franciscanos.org.br\/noticias\/papa-as-nossas-feridas-podem-se-tornar-fontes-de-esperanca.html\",\"name\":\"Papa: as nossas feridas podem se tornar fontes de esperan\u00e7a - Not\u00edcias - Franciscanos\",\"isPartOf\":{\"@id\":\"https:\/\/franciscanos.org.br\/noticias\/#website\"},\"primaryImageOfPage\":{\"@id\":\"https:\/\/franciscanos.org.br\/noticias\/papa-as-nossas-feridas-podem-se-tornar-fontes-de-esperanca.html#primaryimage\"},\"datePublished\":\"2023-04-05T10:11:01+00:00\",\"dateModified\":\"2023-04-05T10:12:24+00:00\",\"author\":{\"@id\":\"https:\/\/franciscanos.org.br\/noticias\/#\/schema\/person\/b5c8cba458c330ccff548b056e95a5d4\"},\"breadcrumb\":{\"@id\":\"https:\/\/franciscanos.org.br\/noticias\/papa-as-nossas-feridas-podem-se-tornar-fontes-de-esperanca.html#breadcrumb\"},\"inLanguage\":\"pt-BR\",\"potentialAction\":[{\"@type\":\"ReadAction\",\"target\":[\"https:\/\/franciscanos.org.br\/noticias\/papa-as-nossas-feridas-podem-se-tornar-fontes-de-esperanca.html\"]}]},{\"@type\":\"BreadcrumbList\",\"@id\":\"https:\/\/franciscanos.org.br\/noticias\/papa-as-nossas-feridas-podem-se-tornar-fontes-de-esperanca.html#breadcrumb\",\"itemListElement\":[{\"@type\":\"ListItem\",\"position\":1,\"name\":\"Home\",\"item\":\"https:\/\/franciscanos.org.br\/noticias\"},{\"@type\":\"ListItem\",\"position\":2,\"name\":\"Papa: as nossas feridas podem se tornar fontes de esperan\u00e7a\"}]},{\"@type\":\"Person\",\"@id\":\"https:\/\/franciscanos.org.br\/noticias\/#\/schema\/person\/b5c8cba458c330ccff548b056e95a5d4\",\"name\":\"moacir\",\"image\":{\"@type\":\"ImageObject\",\"inLanguage\":\"pt-BR\",\"@id\":\"https:\/\/franciscanos.org.br\/noticias\/#\/schema\/person\/image\/\",\"url\":\"https:\/\/secure.gravatar.com\/avatar\/d08aa2ce4c8dd416d4479aa8536fcf64?s=96&d=mm&r=g\",\"contentUrl\":\"https:\/\/secure.gravatar.com\/avatar\/d08aa2ce4c8dd416d4479aa8536fcf64?s=96&d=mm&r=g\",\"caption\":\"moacir\"},\"url\":\"https:\/\/franciscanos.org.br\/noticias\/author\/moacir\"}]}<\/script>\n<!-- \/ Yoast SEO plugin. -->","yoast_head_json":{"title":"Papa: as nossas feridas podem se tornar fontes de esperan\u00e7a - Not\u00edcias - Franciscanos","robots":{"index":"index","follow":"follow","max-snippet":"max-snippet:-1","max-image-preview":"max-image-preview:large","max-video-preview":"max-video-preview:-1"},"canonical":"https:\/\/franciscanos.org.br\/noticias\/papa-as-nossas-feridas-podem-se-tornar-fontes-de-esperanca.html","og_locale":"pt_BR","og_type":"article","og_title":"Papa: as nossas feridas podem se tornar fontes de esperan\u00e7a - Not\u00edcias - Franciscanos","og_description":"Audi\u00eancia Geral","og_url":"https:\/\/franciscanos.org.br\/noticias\/papa-as-nossas-feridas-podem-se-tornar-fontes-de-esperanca.html","og_site_name":"Not\u00edcias - Franciscanos","article_published_time":"2023-04-05T10:11:01+00:00","article_modified_time":"2023-04-05T10:12:24+00:00","og_image":[{"width":1200,"height":720,"url":"https:\/\/franciscanos.org.br\/noticias\/wp-content\/uploads\/2023\/04\/audiencia_0504.jpg","type":"image\/jpeg"}],"author":"moacir","twitter_card":"summary_large_image","twitter_misc":{"Escrito por":"moacir","Est. tempo de leitura":"6 minutos"},"schema":{"@context":"https:\/\/schema.org","@graph":[{"@type":"WebSite","@id":"https:\/\/franciscanos.org.br\/noticias\/#website","url":"https:\/\/franciscanos.org.br\/noticias\/","name":"Not\u00edcias - Franciscanos","description":"Prov\u00edncia Franciscana da Imaculada Concei\u00e7\u00e3o do Brasil - Ordem dos Frades Menores - OFM","potentialAction":[{"@type":"SearchAction","target":{"@type":"EntryPoint","urlTemplate":"https:\/\/franciscanos.org.br\/noticias\/?s={search_term_string}"},"query-input":"required name=search_term_string"}],"inLanguage":"pt-BR"},{"@type":"ImageObject","inLanguage":"pt-BR","@id":"https:\/\/franciscanos.org.br\/noticias\/papa-as-nossas-feridas-podem-se-tornar-fontes-de-esperanca.html#primaryimage","url":"https:\/\/franciscanos.org.br\/noticias\/wp-content\/uploads\/2023\/04\/audiencia_0504.jpg","contentUrl":"https:\/\/franciscanos.org.br\/noticias\/wp-content\/uploads\/2023\/04\/audiencia_0504.jpg","width":1200,"height":720},{"@type":"WebPage","@id":"https:\/\/franciscanos.org.br\/noticias\/papa-as-nossas-feridas-podem-se-tornar-fontes-de-esperanca.html#webpage","url":"https:\/\/franciscanos.org.br\/noticias\/papa-as-nossas-feridas-podem-se-tornar-fontes-de-esperanca.html","name":"Papa: as nossas feridas podem se tornar fontes de esperan\u00e7a - Not\u00edcias - Franciscanos","isPartOf":{"@id":"https:\/\/franciscanos.org.br\/noticias\/#website"},"primaryImageOfPage":{"@id":"https:\/\/franciscanos.org.br\/noticias\/papa-as-nossas-feridas-podem-se-tornar-fontes-de-esperanca.html#primaryimage"},"datePublished":"2023-04-05T10:11:01+00:00","dateModified":"2023-04-05T10:12:24+00:00","author":{"@id":"https:\/\/franciscanos.org.br\/noticias\/#\/schema\/person\/b5c8cba458c330ccff548b056e95a5d4"},"breadcrumb":{"@id":"https:\/\/franciscanos.org.br\/noticias\/papa-as-nossas-feridas-podem-se-tornar-fontes-de-esperanca.html#breadcrumb"},"inLanguage":"pt-BR","potentialAction":[{"@type":"ReadAction","target":["https:\/\/franciscanos.org.br\/noticias\/papa-as-nossas-feridas-podem-se-tornar-fontes-de-esperanca.html"]}]},{"@type":"BreadcrumbList","@id":"https:\/\/franciscanos.org.br\/noticias\/papa-as-nossas-feridas-podem-se-tornar-fontes-de-esperanca.html#breadcrumb","itemListElement":[{"@type":"ListItem","position":1,"name":"Home","item":"https:\/\/franciscanos.org.br\/noticias"},{"@type":"ListItem","position":2,"name":"Papa: as nossas feridas podem se tornar fontes de esperan\u00e7a"}]},{"@type":"Person","@id":"https:\/\/franciscanos.org.br\/noticias\/#\/schema\/person\/b5c8cba458c330ccff548b056e95a5d4","name":"moacir","image":{"@type":"ImageObject","inLanguage":"pt-BR","@id":"https:\/\/franciscanos.org.br\/noticias\/#\/schema\/person\/image\/","url":"https:\/\/secure.gravatar.com\/avatar\/d08aa2ce4c8dd416d4479aa8536fcf64?s=96&d=mm&r=g","contentUrl":"https:\/\/secure.gravatar.com\/avatar\/d08aa2ce4c8dd416d4479aa8536fcf64?s=96&d=mm&r=g","caption":"moacir"},"url":"https:\/\/franciscanos.org.br\/noticias\/author\/moacir"}]}},"_links":{"self":[{"href":"https:\/\/franciscanos.org.br\/noticias\/wp-json\/wp\/v2\/posts\/242614"}],"collection":[{"href":"https:\/\/franciscanos.org.br\/noticias\/wp-json\/wp\/v2\/posts"}],"about":[{"href":"https:\/\/franciscanos.org.br\/noticias\/wp-json\/wp\/v2\/types\/post"}],"author":[{"embeddable":true,"href":"https:\/\/franciscanos.org.br\/noticias\/wp-json\/wp\/v2\/users\/3"}],"replies":[{"embeddable":true,"href":"https:\/\/franciscanos.org.br\/noticias\/wp-json\/wp\/v2\/comments?post=242614"}],"version-history":[{"count":4,"href":"https:\/\/franciscanos.org.br\/noticias\/wp-json\/wp\/v2\/posts\/242614\/revisions"}],"predecessor-version":[{"id":242619,"href":"https:\/\/franciscanos.org.br\/noticias\/wp-json\/wp\/v2\/posts\/242614\/revisions\/242619"}],"wp:featuredmedia":[{"embeddable":true,"href":"https:\/\/franciscanos.org.br\/noticias\/wp-json\/wp\/v2\/media\/242615"}],"wp:attachment":[{"href":"https:\/\/franciscanos.org.br\/noticias\/wp-json\/wp\/v2\/media?parent=242614"}],"wp:term":[{"taxonomy":"category","embeddable":true,"href":"https:\/\/franciscanos.org.br\/noticias\/wp-json\/wp\/v2\/categories?post=242614"},{"taxonomy":"post_tag","embeddable":true,"href":"https:\/\/franciscanos.org.br\/noticias\/wp-json\/wp\/v2\/tags?post=242614"}],"curies":[{"name":"wp","href":"https:\/\/api.w.org\/{rel}","templated":true}]}}