{"id":242610,"date":"2023-04-04T10:30:58","date_gmt":"2023-04-04T13:30:58","guid":{"rendered":"https:\/\/franciscanos.org.br\/noticias\/?p=242610"},"modified":"2023-04-04T10:30:58","modified_gmt":"2023-04-04T13:30:58","slug":"papa-alonga-o-prazo-para-que-os-consagrados-dispensados-dos-institutos-apresentem-recurso","status":"publish","type":"post","link":"https:\/\/franciscanos.org.br\/noticias\/papa-alonga-o-prazo-para-que-os-consagrados-dispensados-dos-institutos-apresentem-recurso.html","title":{"rendered":"Papa alonga o prazo para que os consagrados dispensados dos Institutos apresentem recurso"},"content":{"rendered":"<div id=\"attachment_242611\" style=\"width: 1510px\" class=\"wp-caption alignnone\"><img aria-describedby=\"caption-attachment-242611\" loading=\"lazy\" class=\"wp-image-242611 size-full\" src=\"https:\/\/franciscanos.org.br\/noticias\/wp-content\/uploads\/2023\/04\/vaticano_04.jpeg\" alt=\"\" width=\"1500\" height=\"844\" srcset=\"https:\/\/franciscanos.org.br\/noticias\/wp-content\/uploads\/2023\/04\/vaticano_04.jpeg 1500w, https:\/\/franciscanos.org.br\/noticias\/wp-content\/uploads\/2023\/04\/vaticano_04-450x253.jpeg 450w, https:\/\/franciscanos.org.br\/noticias\/wp-content\/uploads\/2023\/04\/vaticano_04-1024x576.jpeg 1024w, https:\/\/franciscanos.org.br\/noticias\/wp-content\/uploads\/2023\/04\/vaticano_04-768x432.jpeg 768w, https:\/\/franciscanos.org.br\/noticias\/wp-content\/uploads\/2023\/04\/vaticano_04-150x84.jpeg 150w\" sizes=\"(max-width: 1500px) 100vw, 1500px\" \/><p id=\"caption-attachment-242611\" class=\"wp-caption-text\">\u00a0 \u00a0 \u00a0 \u00a0 \u00a0 \u00a0 \u00a0 \u00a0 \u00a0 \u00a0 \u00a0 \u00a0 \u00a0 \u00a0 \u00a0 \u00a0 \u00a0 \u00a0 \u00a0 \u00a0 \u00a0 \u00a0 \u00a0 \u00a0 \u00a0 \u00a0 \u00a0 \u00a0 \u00a0 \u00a0 \u00a0 \u00a0 \u00a0 \u00a0 \u00a0 \u00a0 \u00a0 \u00a0 \u00a0 \u00a0 \u00a0 \u00a0 \u00a0 \u00a0 \u00a0<em> \u00a0 \u00a0 \u00a0 \u00a0 \u00a0 \u00a0Imagem: Vatican Media<\/em><\/p><\/div>\n<p>Para garantir uma prote\u00e7\u00e3o mais definida e adequada dos direitos das pessoas dispensadas dos Institutos de vida consagrada, mudando assim o status jur\u00eddico, numa fase muitas vezes n\u00e3o isenta de momentos de sofrimento, o Papa Francisco decidiu com um Motu proprio alongar o tempo em que \u00e9 poss\u00edvel apresentar um recurso \u00e0 Autoridade competente: de &#8220;dez dias&#8221; (quinze, no caso das Igrejas Orientais) a &#8220;trinta dias&#8221;, &#8220;sem necessidade de solicitar por escrito a revoga\u00e7\u00e3o ou retifica\u00e7\u00e3o do decreto ao seu autor&#8221;.<\/p>\n<p><strong>Os c\u00e2nones<\/strong><br \/>\nCom um Motu proprio &#8211; assinado em 2 de abril, Domingo de Ramos, em S\u00e3o Pedro, e publicado nesta segunda-feira, 3 de abril, o Papa modifica o c\u00e2non 700 do C\u00f3digo de Direito Can\u00f4nico (CIC) e o c\u00e2non 501 do C\u00f3digo dos C\u00e2nones das Igrejas Orientais (CCEO).<\/p>\n<p>O Direito Can\u00f4nico prev\u00ea que o decreto de dispensado emitido em rela\u00e7\u00e3o a um professo &#8211; para ser v\u00e1lido, deve indicar o direito do religioso dispensado de recorrer \u00e0 autoridade competente dentro de dez dias ap\u00f3s o recebimento da notifica\u00e7\u00e3o. De acordo com o C\u00f3digo das Igrejas Orientais, por outro lado, o membro do Instituto de vida consagrada pode interpor recurso no prazo de quinze dias com efeito suspensivo ou postular que o caso seja tratado por meio judici\u00e1rio.<\/p>\n<p><strong>Melhor avalia\u00e7\u00e3o e comunica\u00e7\u00e3o<\/strong><br \/>\nPara o Papa, esses tempos cronol\u00f3gicos \u201cn\u00e3o podem ser considerados congruentes com a prote\u00e7\u00e3o dos direitos da pessoa\u201d. Em vez disso, afirma Francisco no texto, &#8220;uma modalidade menos restritiva dos termos de transmiss\u00e3o do recurso permitiria ao interessado avaliar melhor as acusa\u00e7\u00f5es contra ele, bem como usar m\u00e9todos de comunica\u00e7\u00e3o mais adequados &#8220;. Da\u00ed a decis\u00e3o de estender o prazo para trinta dias.<\/p>\n<p><strong>Os direitos das pessoas<\/strong><br \/>\nO Papa motiva sua decis\u00e3o citando o sexto princ\u00edpio geral que o S\u00ednodo dos Bispos, em outubro de 1967, aprovou para a revis\u00e3o do C\u00f3digo de Direito Can\u00f4nico: \u201c\u00c9 oportuno que os direitos das pessoas sejam adequadamente definidos e garantidos\u201d. Este princ\u00edpio, afirma o Papa, \u201cainda permanece v\u00e1lido hoje, reconhecendo \u00e0 tutela e \u00e0 prote\u00e7\u00e3o dos direitos individuais um lugar privilegiado no Ordenamento Jur\u00eddico da Igreja\u201d. \u201cTorna-se relevante sobretudo nos acontecimentos mais delicados da vida eclesial, como os procedimentos relativos ao status jur\u00eddico das pessoas\u201d.<\/p>\n<p><strong>Respeito pelo procedimento<\/strong><br \/>\nO Papa tamb\u00e9m destaca \u201co perigo\u201d de que o procedimento previsto pelos c\u00e2nones 697-699 do Direito Can\u00f4nico e pelos c\u00e2nones 497-499 do C\u00f3digo das Igrejas Orientais \u201cnem sempre seja corretamente respeitado\u201d. Procedimento que prev\u00ea, entre outras coisas, a admoesta\u00e7\u00e3o do religioso por escrito ou perante duas testemunhas, com a imposi\u00e7\u00e3o expl\u00edcita da dispensa no caso de n\u00e3o arrependimento, notificando-o claramente da causa da destitui\u00e7\u00e3o e concedendo-lhe plena faculdade de defender-se. Se a correta execu\u00e7\u00e3o n\u00e3o for respeitada, sublinha o Pont\u00edfice, \u201cestaria em risco a validade do pr\u00f3prio procedimento e, consequentemente, a prote\u00e7\u00e3o dos direitos dos professos dispensados\u201d.<\/p>\n<p>As novas medidas do Papa entrar\u00e3o em vigor a partir de <strong>7 de maio de 2023.<\/strong><\/p>\n<hr \/>\n<p><em>Fonte: Vatican News<\/em><\/p>\n","protected":false},"excerpt":{"rendered":"<p>Papa Francisco<\/p>\n","protected":false},"author":3,"featured_media":242611,"comment_status":"open","ping_status":"open","sticky":false,"template":"","format":"standard","meta":[],"categories":[1428],"tags":[55],"acf":[],"yoast_head":"<!-- This site is optimized with the Yoast SEO plugin v19.2 - https:\/\/yoast.com\/wordpress\/plugins\/seo\/ -->\n<title>Papa alonga o prazo para que os consagrados dispensados dos Institutos apresentem recurso - Not\u00edcias - Franciscanos<\/title>\n<meta name=\"robots\" content=\"index, follow, max-snippet:-1, max-image-preview:large, max-video-preview:-1\" \/>\n<link rel=\"canonical\" href=\"https:\/\/franciscanos.org.br\/noticias\/papa-alonga-o-prazo-para-que-os-consagrados-dispensados-dos-institutos-apresentem-recurso.html\" \/>\n<meta property=\"og:locale\" content=\"pt_BR\" \/>\n<meta property=\"og:type\" content=\"article\" \/>\n<meta property=\"og:title\" content=\"Papa alonga o prazo para que os consagrados dispensados dos Institutos apresentem recurso - Not\u00edcias - Franciscanos\" \/>\n<meta property=\"og:description\" content=\"Papa Francisco\" \/>\n<meta property=\"og:url\" content=\"https:\/\/franciscanos.org.br\/noticias\/papa-alonga-o-prazo-para-que-os-consagrados-dispensados-dos-institutos-apresentem-recurso.html\" \/>\n<meta property=\"og:site_name\" content=\"Not\u00edcias - Franciscanos\" \/>\n<meta property=\"article:published_time\" content=\"2023-04-04T13:30:58+00:00\" \/>\n<meta property=\"og:image\" content=\"https:\/\/franciscanos.org.br\/noticias\/wp-content\/uploads\/2023\/04\/vaticano_04.jpeg\" \/>\n\t<meta property=\"og:image:width\" content=\"1500\" \/>\n\t<meta property=\"og:image:height\" content=\"844\" \/>\n\t<meta property=\"og:image:type\" content=\"image\/jpeg\" \/>\n<meta name=\"author\" content=\"moacir\" \/>\n<meta name=\"twitter:card\" content=\"summary_large_image\" \/>\n<meta name=\"twitter:label1\" content=\"Escrito por\" \/>\n\t<meta name=\"twitter:data1\" content=\"moacir\" \/>\n\t<meta name=\"twitter:label2\" content=\"Est. tempo de leitura\" \/>\n\t<meta name=\"twitter:data2\" content=\"3 minutos\" \/>\n<script type=\"application\/ld+json\" class=\"yoast-schema-graph\">{\"@context\":\"https:\/\/schema.org\",\"@graph\":[{\"@type\":\"WebSite\",\"@id\":\"https:\/\/franciscanos.org.br\/noticias\/#website\",\"url\":\"https:\/\/franciscanos.org.br\/noticias\/\",\"name\":\"Not\u00edcias - Franciscanos\",\"description\":\"Prov\u00edncia Franciscana da Imaculada Concei\u00e7\u00e3o do Brasil - Ordem dos Frades Menores - OFM\",\"potentialAction\":[{\"@type\":\"SearchAction\",\"target\":{\"@type\":\"EntryPoint\",\"urlTemplate\":\"https:\/\/franciscanos.org.br\/noticias\/?s={search_term_string}\"},\"query-input\":\"required name=search_term_string\"}],\"inLanguage\":\"pt-BR\"},{\"@type\":\"ImageObject\",\"inLanguage\":\"pt-BR\",\"@id\":\"https:\/\/franciscanos.org.br\/noticias\/papa-alonga-o-prazo-para-que-os-consagrados-dispensados-dos-institutos-apresentem-recurso.html#primaryimage\",\"url\":\"https:\/\/franciscanos.org.br\/noticias\/wp-content\/uploads\/2023\/04\/vaticano_04.jpeg\",\"contentUrl\":\"https:\/\/franciscanos.org.br\/noticias\/wp-content\/uploads\/2023\/04\/vaticano_04.jpeg\",\"width\":1500,\"height\":844},{\"@type\":\"WebPage\",\"@id\":\"https:\/\/franciscanos.org.br\/noticias\/papa-alonga-o-prazo-para-que-os-consagrados-dispensados-dos-institutos-apresentem-recurso.html#webpage\",\"url\":\"https:\/\/franciscanos.org.br\/noticias\/papa-alonga-o-prazo-para-que-os-consagrados-dispensados-dos-institutos-apresentem-recurso.html\",\"name\":\"Papa alonga o prazo para que os consagrados dispensados dos Institutos apresentem recurso - Not\u00edcias - Franciscanos\",\"isPartOf\":{\"@id\":\"https:\/\/franciscanos.org.br\/noticias\/#website\"},\"primaryImageOfPage\":{\"@id\":\"https:\/\/franciscanos.org.br\/noticias\/papa-alonga-o-prazo-para-que-os-consagrados-dispensados-dos-institutos-apresentem-recurso.html#primaryimage\"},\"datePublished\":\"2023-04-04T13:30:58+00:00\",\"dateModified\":\"2023-04-04T13:30:58+00:00\",\"author\":{\"@id\":\"https:\/\/franciscanos.org.br\/noticias\/#\/schema\/person\/b5c8cba458c330ccff548b056e95a5d4\"},\"breadcrumb\":{\"@id\":\"https:\/\/franciscanos.org.br\/noticias\/papa-alonga-o-prazo-para-que-os-consagrados-dispensados-dos-institutos-apresentem-recurso.html#breadcrumb\"},\"inLanguage\":\"pt-BR\",\"potentialAction\":[{\"@type\":\"ReadAction\",\"target\":[\"https:\/\/franciscanos.org.br\/noticias\/papa-alonga-o-prazo-para-que-os-consagrados-dispensados-dos-institutos-apresentem-recurso.html\"]}]},{\"@type\":\"BreadcrumbList\",\"@id\":\"https:\/\/franciscanos.org.br\/noticias\/papa-alonga-o-prazo-para-que-os-consagrados-dispensados-dos-institutos-apresentem-recurso.html#breadcrumb\",\"itemListElement\":[{\"@type\":\"ListItem\",\"position\":1,\"name\":\"Home\",\"item\":\"https:\/\/franciscanos.org.br\/noticias\"},{\"@type\":\"ListItem\",\"position\":2,\"name\":\"Papa alonga o prazo para que os consagrados dispensados dos Institutos apresentem recurso\"}]},{\"@type\":\"Person\",\"@id\":\"https:\/\/franciscanos.org.br\/noticias\/#\/schema\/person\/b5c8cba458c330ccff548b056e95a5d4\",\"name\":\"moacir\",\"image\":{\"@type\":\"ImageObject\",\"inLanguage\":\"pt-BR\",\"@id\":\"https:\/\/franciscanos.org.br\/noticias\/#\/schema\/person\/image\/\",\"url\":\"https:\/\/secure.gravatar.com\/avatar\/d08aa2ce4c8dd416d4479aa8536fcf64?s=96&d=mm&r=g\",\"contentUrl\":\"https:\/\/secure.gravatar.com\/avatar\/d08aa2ce4c8dd416d4479aa8536fcf64?s=96&d=mm&r=g\",\"caption\":\"moacir\"},\"url\":\"https:\/\/franciscanos.org.br\/noticias\/author\/moacir\"}]}<\/script>\n<!-- \/ Yoast SEO plugin. -->","yoast_head_json":{"title":"Papa alonga o prazo para que os consagrados dispensados dos Institutos apresentem recurso - Not\u00edcias - Franciscanos","robots":{"index":"index","follow":"follow","max-snippet":"max-snippet:-1","max-image-preview":"max-image-preview:large","max-video-preview":"max-video-preview:-1"},"canonical":"https:\/\/franciscanos.org.br\/noticias\/papa-alonga-o-prazo-para-que-os-consagrados-dispensados-dos-institutos-apresentem-recurso.html","og_locale":"pt_BR","og_type":"article","og_title":"Papa alonga o prazo para que os consagrados dispensados dos Institutos apresentem recurso - Not\u00edcias - Franciscanos","og_description":"Papa Francisco","og_url":"https:\/\/franciscanos.org.br\/noticias\/papa-alonga-o-prazo-para-que-os-consagrados-dispensados-dos-institutos-apresentem-recurso.html","og_site_name":"Not\u00edcias - Franciscanos","article_published_time":"2023-04-04T13:30:58+00:00","og_image":[{"width":1500,"height":844,"url":"https:\/\/franciscanos.org.br\/noticias\/wp-content\/uploads\/2023\/04\/vaticano_04.jpeg","type":"image\/jpeg"}],"author":"moacir","twitter_card":"summary_large_image","twitter_misc":{"Escrito por":"moacir","Est. tempo de leitura":"3 minutos"},"schema":{"@context":"https:\/\/schema.org","@graph":[{"@type":"WebSite","@id":"https:\/\/franciscanos.org.br\/noticias\/#website","url":"https:\/\/franciscanos.org.br\/noticias\/","name":"Not\u00edcias - Franciscanos","description":"Prov\u00edncia Franciscana da Imaculada Concei\u00e7\u00e3o do Brasil - Ordem dos Frades Menores - OFM","potentialAction":[{"@type":"SearchAction","target":{"@type":"EntryPoint","urlTemplate":"https:\/\/franciscanos.org.br\/noticias\/?s={search_term_string}"},"query-input":"required name=search_term_string"}],"inLanguage":"pt-BR"},{"@type":"ImageObject","inLanguage":"pt-BR","@id":"https:\/\/franciscanos.org.br\/noticias\/papa-alonga-o-prazo-para-que-os-consagrados-dispensados-dos-institutos-apresentem-recurso.html#primaryimage","url":"https:\/\/franciscanos.org.br\/noticias\/wp-content\/uploads\/2023\/04\/vaticano_04.jpeg","contentUrl":"https:\/\/franciscanos.org.br\/noticias\/wp-content\/uploads\/2023\/04\/vaticano_04.jpeg","width":1500,"height":844},{"@type":"WebPage","@id":"https:\/\/franciscanos.org.br\/noticias\/papa-alonga-o-prazo-para-que-os-consagrados-dispensados-dos-institutos-apresentem-recurso.html#webpage","url":"https:\/\/franciscanos.org.br\/noticias\/papa-alonga-o-prazo-para-que-os-consagrados-dispensados-dos-institutos-apresentem-recurso.html","name":"Papa alonga o prazo para que os consagrados dispensados dos Institutos apresentem recurso - Not\u00edcias - Franciscanos","isPartOf":{"@id":"https:\/\/franciscanos.org.br\/noticias\/#website"},"primaryImageOfPage":{"@id":"https:\/\/franciscanos.org.br\/noticias\/papa-alonga-o-prazo-para-que-os-consagrados-dispensados-dos-institutos-apresentem-recurso.html#primaryimage"},"datePublished":"2023-04-04T13:30:58+00:00","dateModified":"2023-04-04T13:30:58+00:00","author":{"@id":"https:\/\/franciscanos.org.br\/noticias\/#\/schema\/person\/b5c8cba458c330ccff548b056e95a5d4"},"breadcrumb":{"@id":"https:\/\/franciscanos.org.br\/noticias\/papa-alonga-o-prazo-para-que-os-consagrados-dispensados-dos-institutos-apresentem-recurso.html#breadcrumb"},"inLanguage":"pt-BR","potentialAction":[{"@type":"ReadAction","target":["https:\/\/franciscanos.org.br\/noticias\/papa-alonga-o-prazo-para-que-os-consagrados-dispensados-dos-institutos-apresentem-recurso.html"]}]},{"@type":"BreadcrumbList","@id":"https:\/\/franciscanos.org.br\/noticias\/papa-alonga-o-prazo-para-que-os-consagrados-dispensados-dos-institutos-apresentem-recurso.html#breadcrumb","itemListElement":[{"@type":"ListItem","position":1,"name":"Home","item":"https:\/\/franciscanos.org.br\/noticias"},{"@type":"ListItem","position":2,"name":"Papa alonga o prazo para que os consagrados dispensados dos Institutos apresentem recurso"}]},{"@type":"Person","@id":"https:\/\/franciscanos.org.br\/noticias\/#\/schema\/person\/b5c8cba458c330ccff548b056e95a5d4","name":"moacir","image":{"@type":"ImageObject","inLanguage":"pt-BR","@id":"https:\/\/franciscanos.org.br\/noticias\/#\/schema\/person\/image\/","url":"https:\/\/secure.gravatar.com\/avatar\/d08aa2ce4c8dd416d4479aa8536fcf64?s=96&d=mm&r=g","contentUrl":"https:\/\/secure.gravatar.com\/avatar\/d08aa2ce4c8dd416d4479aa8536fcf64?s=96&d=mm&r=g","caption":"moacir"},"url":"https:\/\/franciscanos.org.br\/noticias\/author\/moacir"}]}},"_links":{"self":[{"href":"https:\/\/franciscanos.org.br\/noticias\/wp-json\/wp\/v2\/posts\/242610"}],"collection":[{"href":"https:\/\/franciscanos.org.br\/noticias\/wp-json\/wp\/v2\/posts"}],"about":[{"href":"https:\/\/franciscanos.org.br\/noticias\/wp-json\/wp\/v2\/types\/post"}],"author":[{"embeddable":true,"href":"https:\/\/franciscanos.org.br\/noticias\/wp-json\/wp\/v2\/users\/3"}],"replies":[{"embeddable":true,"href":"https:\/\/franciscanos.org.br\/noticias\/wp-json\/wp\/v2\/comments?post=242610"}],"version-history":[{"count":1,"href":"https:\/\/franciscanos.org.br\/noticias\/wp-json\/wp\/v2\/posts\/242610\/revisions"}],"predecessor-version":[{"id":242612,"href":"https:\/\/franciscanos.org.br\/noticias\/wp-json\/wp\/v2\/posts\/242610\/revisions\/242612"}],"wp:featuredmedia":[{"embeddable":true,"href":"https:\/\/franciscanos.org.br\/noticias\/wp-json\/wp\/v2\/media\/242611"}],"wp:attachment":[{"href":"https:\/\/franciscanos.org.br\/noticias\/wp-json\/wp\/v2\/media?parent=242610"}],"wp:term":[{"taxonomy":"category","embeddable":true,"href":"https:\/\/franciscanos.org.br\/noticias\/wp-json\/wp\/v2\/categories?post=242610"},{"taxonomy":"post_tag","embeddable":true,"href":"https:\/\/franciscanos.org.br\/noticias\/wp-json\/wp\/v2\/tags?post=242610"}],"curies":[{"name":"wp","href":"https:\/\/api.w.org\/{rel}","templated":true}]}}