{"id":242604,"date":"2023-04-04T06:19:06","date_gmt":"2023-04-04T09:19:06","guid":{"rendered":"https:\/\/franciscanos.org.br\/noticias\/?p=242604"},"modified":"2023-04-04T06:23:49","modified_gmt":"2023-04-04T09:23:49","slug":"mensagem-de-pascoa-do-ministro-provincial","status":"publish","type":"post","link":"https:\/\/franciscanos.org.br\/noticias\/mensagem-de-pascoa-do-ministro-provincial.html","title":{"rendered":"Mensagem de P\u00e1scoa do Ministro Provincial"},"content":{"rendered":"<p><img loading=\"lazy\" class=\"alignnone size-full wp-image-242605\" src=\"https:\/\/franciscanos.org.br\/noticias\/wp-content\/uploads\/2023\/04\/2023-04_Mensagem-do-Ministro-Provincial_destaque_1280x720.png\" alt=\"\" width=\"1920\" height=\"1080\" srcset=\"https:\/\/franciscanos.org.br\/noticias\/wp-content\/uploads\/2023\/04\/2023-04_Mensagem-do-Ministro-Provincial_destaque_1280x720.png 1920w, https:\/\/franciscanos.org.br\/noticias\/wp-content\/uploads\/2023\/04\/2023-04_Mensagem-do-Ministro-Provincial_destaque_1280x720-450x253.png 450w, https:\/\/franciscanos.org.br\/noticias\/wp-content\/uploads\/2023\/04\/2023-04_Mensagem-do-Ministro-Provincial_destaque_1280x720-1024x576.png 1024w, https:\/\/franciscanos.org.br\/noticias\/wp-content\/uploads\/2023\/04\/2023-04_Mensagem-do-Ministro-Provincial_destaque_1280x720-768x432.png 768w, https:\/\/franciscanos.org.br\/noticias\/wp-content\/uploads\/2023\/04\/2023-04_Mensagem-do-Ministro-Provincial_destaque_1280x720-1536x864.png 1536w, https:\/\/franciscanos.org.br\/noticias\/wp-content\/uploads\/2023\/04\/2023-04_Mensagem-do-Ministro-Provincial_destaque_1280x720-150x84.png 150w\" sizes=\"(max-width: 1920px) 100vw, 1920px\" \/><\/p>\n<p>Quando S\u00e3o Francisco e os primeiros irm\u00e3os sa\u00edram pelo mundo, em muitos lugares as pessoas queriam que eles se identificassem. Curiosos perguntavam quem eram e de onde vinham.<\/p>\n<p>Os frades, ent\u00e3o, respondiam, somos penitentes e viemos da cidade de Assis.<\/p>\n<p>A roupa em forma de cruz, a identifica\u00e7\u00e3o de Francisco com o Cristo das Chagas, as longas quaresmas e os prolongados jejuns receberam destaque na forma de vida franciscana e, por isso, precisam ser bem acolhidos e entendidos.<\/p>\n<p>Importante lembrar que a penit\u00eancia que identifica o Movimento Franciscano ao inv\u00e9s de indicar purga\u00e7\u00e3o ou pena, aponta a possibilidade do encontro plenificante com o Ressuscitado.<\/p>\n<p><iframe loading=\"lazy\" title=\"YouTube video player\" src=\"https:\/\/www.youtube.com\/embed\/VRJaVe9ZZw0\" width=\"100%\" height=\"500\" frameborder=\"0\" allowfullscreen=\"allowfullscreen\"><span data-mce-type=\"bookmark\" style=\"display: inline-block; width: 0px; overflow: hidden; line-height: 0;\" class=\"mce_SELRES_start\">\ufeff<\/span><\/iframe><\/p>\n<p>Por fidelidade \u00e0 experi\u00eancia de Francisco, devemos nos anunciar como seguidores do Cristo pobre, crucificado e ressuscitado.<\/p>\n<p>Como disc\u00edpulos de Jesus, devemos nos apresentar ao mundo como pessoas pascais. Por nossa vida e a\u00e7\u00f5es, onde quer que estejamos ou por onde formos, sempre devemos testemunhar a ressurrei\u00e7\u00e3o do Senhor.<\/p>\n<p>Como os catec\u00famenos, na noite radiosa da Vig\u00edlia Pascal, todos os crist\u00e3os, velas nas m\u00e3os, somos convidados a proclamar nossa f\u00e9 e, impulsionados pelo Esp\u00edrito do Senhor, anunciar ao mundo a alegre not\u00edcia da Ressurrei\u00e7\u00e3o.<\/p>\n<p>Agora vamos viver a P\u00e1scoa.<\/p>\n<p>P\u00e1scoa \u00e9 passagem. Nosso dia a dia est\u00e1 carregado de passagens.<\/p>\n<p>Nosso itiner\u00e1rio pessoal concentra, possibilita e exige diversas passagens: do \u00fatero \u00e0 luz, da casa \u00e0 escola, da escola ao mundo do trabalho, do s\u00e9culo \u00e0 religi\u00e3o, da vida \u00e0 morte, ou numa invers\u00e3o proporcionada pela f\u00e9, passamos da morte \u00e0 vida eterna.<\/p>\n<p>Esta \u00faltima passagem tem ares de plenitude, \u00e9 definitiva, \u00e9 P\u00e1scoa.<\/p>\n<p>Celebrar a P\u00e1scoa de um jeito franciscano se converte em oportunidade para que cada um de n\u00f3s possa reviver o dom da voca\u00e7\u00e3o.<\/p>\n<p>S\u00e3o Francisco apontou o caminho. Ao abandonar as gl\u00f3rias, t\u00edtulos e honrarias deste mundo, ao esvaziar-se de vaidades, ao desprezar sua pr\u00f3pria vontade, ao abrir-se com generosidade \u00e0s necessidades dos outros, ao compreender e promover a integridade de todos os seres criados, o Santo de Assis confirma o car\u00e1ter transit\u00f3rio, passageiro, de todas as coisas.<\/p>\n<p>Ou\u00e7amos o que S\u00e3o Francisco prop\u00f5e como fundamento da sua forma de vida:<\/p>\n<p style=\"padding-left: 40px;\"><em>\u201cOutra coisa n\u00e3o desejemos, nem queiramos, nem nos agrade, nem nos alegre sen\u00e3o o nosso Criador e Redentor e Salvador,<\/em><\/p>\n<p style=\"padding-left: 40px;\"><em>\u00a0o \u00fanico e verdadeiro Deus, que \u00e9 o bem pleno, o bem todo, o bem inteiro, o sumo e verdadeiro bem, que s\u00f3 Ele \u00e9 bom (cf. Lc 18,19), <\/em><\/p>\n<p style=\"padding-left: 40px;\"><em>carinhoso e meigo, suave e doce, que s\u00f3 Ele \u00e9 santo, justo, verdadeiro e reto, s\u00f3 Ele benigno, inocente e puro; <\/em><\/p>\n<p style=\"padding-left: 40px;\"><em>dele, por ele e nele \u00e9 todo perd\u00e3o, toda gra\u00e7a, toda gl\u00f3ria de todos os penitentes e justos, de todos os santos que se alegram juntos no c\u00e9u<\/em>. (RegNB, 23).<\/p>\n<p>Com S\u00e3o Francisco corramos ao encontro daquelas coisas que n\u00e3o passam.<\/p>\n<p style=\"padding-left: 40px;\"><em><strong>Feliz P\u00e1scoa!<\/strong><\/em><\/p>\n<p style=\"padding-left: 40px;\">Paz e Bem!<\/p>\n<p style=\"padding-left: 40px;\"><strong>FREI PAULO ROBERTO PEREIRA, OFM<\/strong><\/p>\n<p style=\"padding-left: 40px;\"><em>Ministro Provincial<\/em><\/p>\n<p style=\"padding-left: 40px;\"><em>Prov\u00edncia da Imaculada Concei\u00e7\u00e3o do Brasil<\/em><\/p>\n","protected":false},"excerpt":{"rendered":"<p>Mensagem de P\u00e1scoa<\/p>\n","protected":false},"author":3,"featured_media":242606,"comment_status":"open","ping_status":"open","sticky":false,"template":"","format":"standard","meta":[],"categories":[1],"tags":[1179],"acf":[],"yoast_head":"<!-- This site is optimized with the Yoast SEO plugin v19.2 - https:\/\/yoast.com\/wordpress\/plugins\/seo\/ -->\n<title>Mensagem de P\u00e1scoa do Ministro Provincial - Not\u00edcias - Franciscanos<\/title>\n<meta name=\"robots\" content=\"index, follow, max-snippet:-1, max-image-preview:large, max-video-preview:-1\" \/>\n<link rel=\"canonical\" href=\"https:\/\/franciscanos.org.br\/noticias\/mensagem-de-pascoa-do-ministro-provincial.html\" \/>\n<meta property=\"og:locale\" content=\"pt_BR\" \/>\n<meta property=\"og:type\" content=\"article\" \/>\n<meta property=\"og:title\" content=\"Mensagem de P\u00e1scoa do Ministro Provincial - Not\u00edcias - Franciscanos\" \/>\n<meta property=\"og:description\" content=\"Mensagem de P\u00e1scoa\" \/>\n<meta property=\"og:url\" content=\"https:\/\/franciscanos.org.br\/noticias\/mensagem-de-pascoa-do-ministro-provincial.html\" \/>\n<meta property=\"og:site_name\" content=\"Not\u00edcias - Franciscanos\" \/>\n<meta property=\"article:published_time\" content=\"2023-04-04T09:19:06+00:00\" \/>\n<meta property=\"article:modified_time\" content=\"2023-04-04T09:23:49+00:00\" \/>\n<meta property=\"og:image\" content=\"https:\/\/franciscanos.org.br\/noticias\/wp-content\/uploads\/2023\/04\/2023-04_Mensagem-do-Ministro-Provincial-destacada-800x550-1.png\" \/>\n\t<meta property=\"og:image:width\" content=\"800\" \/>\n\t<meta property=\"og:image:height\" content=\"550\" \/>\n\t<meta property=\"og:image:type\" content=\"image\/png\" \/>\n<meta name=\"author\" content=\"moacir\" \/>\n<meta name=\"twitter:card\" content=\"summary_large_image\" \/>\n<meta name=\"twitter:label1\" content=\"Escrito por\" \/>\n\t<meta name=\"twitter:data1\" content=\"moacir\" \/>\n\t<meta name=\"twitter:label2\" content=\"Est. tempo de leitura\" \/>\n\t<meta name=\"twitter:data2\" content=\"3 minutos\" \/>\n<script type=\"application\/ld+json\" class=\"yoast-schema-graph\">{\"@context\":\"https:\/\/schema.org\",\"@graph\":[{\"@type\":\"WebSite\",\"@id\":\"https:\/\/franciscanos.org.br\/noticias\/#website\",\"url\":\"https:\/\/franciscanos.org.br\/noticias\/\",\"name\":\"Not\u00edcias - Franciscanos\",\"description\":\"Prov\u00edncia Franciscana da Imaculada Concei\u00e7\u00e3o do Brasil - Ordem dos Frades Menores - OFM\",\"potentialAction\":[{\"@type\":\"SearchAction\",\"target\":{\"@type\":\"EntryPoint\",\"urlTemplate\":\"https:\/\/franciscanos.org.br\/noticias\/?s={search_term_string}\"},\"query-input\":\"required name=search_term_string\"}],\"inLanguage\":\"pt-BR\"},{\"@type\":\"ImageObject\",\"inLanguage\":\"pt-BR\",\"@id\":\"https:\/\/franciscanos.org.br\/noticias\/mensagem-de-pascoa-do-ministro-provincial.html#primaryimage\",\"url\":\"https:\/\/franciscanos.org.br\/noticias\/wp-content\/uploads\/2023\/04\/2023-04_Mensagem-do-Ministro-Provincial-destacada-800x550-1.png\",\"contentUrl\":\"https:\/\/franciscanos.org.br\/noticias\/wp-content\/uploads\/2023\/04\/2023-04_Mensagem-do-Ministro-Provincial-destacada-800x550-1.png\",\"width\":800,\"height\":550},{\"@type\":\"WebPage\",\"@id\":\"https:\/\/franciscanos.org.br\/noticias\/mensagem-de-pascoa-do-ministro-provincial.html#webpage\",\"url\":\"https:\/\/franciscanos.org.br\/noticias\/mensagem-de-pascoa-do-ministro-provincial.html\",\"name\":\"Mensagem de P\u00e1scoa do Ministro Provincial - Not\u00edcias - Franciscanos\",\"isPartOf\":{\"@id\":\"https:\/\/franciscanos.org.br\/noticias\/#website\"},\"primaryImageOfPage\":{\"@id\":\"https:\/\/franciscanos.org.br\/noticias\/mensagem-de-pascoa-do-ministro-provincial.html#primaryimage\"},\"datePublished\":\"2023-04-04T09:19:06+00:00\",\"dateModified\":\"2023-04-04T09:23:49+00:00\",\"author\":{\"@id\":\"https:\/\/franciscanos.org.br\/noticias\/#\/schema\/person\/b5c8cba458c330ccff548b056e95a5d4\"},\"breadcrumb\":{\"@id\":\"https:\/\/franciscanos.org.br\/noticias\/mensagem-de-pascoa-do-ministro-provincial.html#breadcrumb\"},\"inLanguage\":\"pt-BR\",\"potentialAction\":[{\"@type\":\"ReadAction\",\"target\":[\"https:\/\/franciscanos.org.br\/noticias\/mensagem-de-pascoa-do-ministro-provincial.html\"]}]},{\"@type\":\"BreadcrumbList\",\"@id\":\"https:\/\/franciscanos.org.br\/noticias\/mensagem-de-pascoa-do-ministro-provincial.html#breadcrumb\",\"itemListElement\":[{\"@type\":\"ListItem\",\"position\":1,\"name\":\"Home\",\"item\":\"https:\/\/franciscanos.org.br\/noticias\"},{\"@type\":\"ListItem\",\"position\":2,\"name\":\"Mensagem de P\u00e1scoa do Ministro Provincial\"}]},{\"@type\":\"Person\",\"@id\":\"https:\/\/franciscanos.org.br\/noticias\/#\/schema\/person\/b5c8cba458c330ccff548b056e95a5d4\",\"name\":\"moacir\",\"image\":{\"@type\":\"ImageObject\",\"inLanguage\":\"pt-BR\",\"@id\":\"https:\/\/franciscanos.org.br\/noticias\/#\/schema\/person\/image\/\",\"url\":\"https:\/\/secure.gravatar.com\/avatar\/d08aa2ce4c8dd416d4479aa8536fcf64?s=96&d=mm&r=g\",\"contentUrl\":\"https:\/\/secure.gravatar.com\/avatar\/d08aa2ce4c8dd416d4479aa8536fcf64?s=96&d=mm&r=g\",\"caption\":\"moacir\"},\"url\":\"https:\/\/franciscanos.org.br\/noticias\/author\/moacir\"}]}<\/script>\n<!-- \/ Yoast SEO plugin. -->","yoast_head_json":{"title":"Mensagem de P\u00e1scoa do Ministro Provincial - Not\u00edcias - Franciscanos","robots":{"index":"index","follow":"follow","max-snippet":"max-snippet:-1","max-image-preview":"max-image-preview:large","max-video-preview":"max-video-preview:-1"},"canonical":"https:\/\/franciscanos.org.br\/noticias\/mensagem-de-pascoa-do-ministro-provincial.html","og_locale":"pt_BR","og_type":"article","og_title":"Mensagem de P\u00e1scoa do Ministro Provincial - Not\u00edcias - Franciscanos","og_description":"Mensagem de P\u00e1scoa","og_url":"https:\/\/franciscanos.org.br\/noticias\/mensagem-de-pascoa-do-ministro-provincial.html","og_site_name":"Not\u00edcias - Franciscanos","article_published_time":"2023-04-04T09:19:06+00:00","article_modified_time":"2023-04-04T09:23:49+00:00","og_image":[{"width":800,"height":550,"url":"https:\/\/franciscanos.org.br\/noticias\/wp-content\/uploads\/2023\/04\/2023-04_Mensagem-do-Ministro-Provincial-destacada-800x550-1.png","type":"image\/png"}],"author":"moacir","twitter_card":"summary_large_image","twitter_misc":{"Escrito por":"moacir","Est. tempo de leitura":"3 minutos"},"schema":{"@context":"https:\/\/schema.org","@graph":[{"@type":"WebSite","@id":"https:\/\/franciscanos.org.br\/noticias\/#website","url":"https:\/\/franciscanos.org.br\/noticias\/","name":"Not\u00edcias - Franciscanos","description":"Prov\u00edncia Franciscana da Imaculada Concei\u00e7\u00e3o do Brasil - Ordem dos Frades Menores - OFM","potentialAction":[{"@type":"SearchAction","target":{"@type":"EntryPoint","urlTemplate":"https:\/\/franciscanos.org.br\/noticias\/?s={search_term_string}"},"query-input":"required name=search_term_string"}],"inLanguage":"pt-BR"},{"@type":"ImageObject","inLanguage":"pt-BR","@id":"https:\/\/franciscanos.org.br\/noticias\/mensagem-de-pascoa-do-ministro-provincial.html#primaryimage","url":"https:\/\/franciscanos.org.br\/noticias\/wp-content\/uploads\/2023\/04\/2023-04_Mensagem-do-Ministro-Provincial-destacada-800x550-1.png","contentUrl":"https:\/\/franciscanos.org.br\/noticias\/wp-content\/uploads\/2023\/04\/2023-04_Mensagem-do-Ministro-Provincial-destacada-800x550-1.png","width":800,"height":550},{"@type":"WebPage","@id":"https:\/\/franciscanos.org.br\/noticias\/mensagem-de-pascoa-do-ministro-provincial.html#webpage","url":"https:\/\/franciscanos.org.br\/noticias\/mensagem-de-pascoa-do-ministro-provincial.html","name":"Mensagem de P\u00e1scoa do Ministro Provincial - Not\u00edcias - Franciscanos","isPartOf":{"@id":"https:\/\/franciscanos.org.br\/noticias\/#website"},"primaryImageOfPage":{"@id":"https:\/\/franciscanos.org.br\/noticias\/mensagem-de-pascoa-do-ministro-provincial.html#primaryimage"},"datePublished":"2023-04-04T09:19:06+00:00","dateModified":"2023-04-04T09:23:49+00:00","author":{"@id":"https:\/\/franciscanos.org.br\/noticias\/#\/schema\/person\/b5c8cba458c330ccff548b056e95a5d4"},"breadcrumb":{"@id":"https:\/\/franciscanos.org.br\/noticias\/mensagem-de-pascoa-do-ministro-provincial.html#breadcrumb"},"inLanguage":"pt-BR","potentialAction":[{"@type":"ReadAction","target":["https:\/\/franciscanos.org.br\/noticias\/mensagem-de-pascoa-do-ministro-provincial.html"]}]},{"@type":"BreadcrumbList","@id":"https:\/\/franciscanos.org.br\/noticias\/mensagem-de-pascoa-do-ministro-provincial.html#breadcrumb","itemListElement":[{"@type":"ListItem","position":1,"name":"Home","item":"https:\/\/franciscanos.org.br\/noticias"},{"@type":"ListItem","position":2,"name":"Mensagem de P\u00e1scoa do Ministro Provincial"}]},{"@type":"Person","@id":"https:\/\/franciscanos.org.br\/noticias\/#\/schema\/person\/b5c8cba458c330ccff548b056e95a5d4","name":"moacir","image":{"@type":"ImageObject","inLanguage":"pt-BR","@id":"https:\/\/franciscanos.org.br\/noticias\/#\/schema\/person\/image\/","url":"https:\/\/secure.gravatar.com\/avatar\/d08aa2ce4c8dd416d4479aa8536fcf64?s=96&d=mm&r=g","contentUrl":"https:\/\/secure.gravatar.com\/avatar\/d08aa2ce4c8dd416d4479aa8536fcf64?s=96&d=mm&r=g","caption":"moacir"},"url":"https:\/\/franciscanos.org.br\/noticias\/author\/moacir"}]}},"_links":{"self":[{"href":"https:\/\/franciscanos.org.br\/noticias\/wp-json\/wp\/v2\/posts\/242604"}],"collection":[{"href":"https:\/\/franciscanos.org.br\/noticias\/wp-json\/wp\/v2\/posts"}],"about":[{"href":"https:\/\/franciscanos.org.br\/noticias\/wp-json\/wp\/v2\/types\/post"}],"author":[{"embeddable":true,"href":"https:\/\/franciscanos.org.br\/noticias\/wp-json\/wp\/v2\/users\/3"}],"replies":[{"embeddable":true,"href":"https:\/\/franciscanos.org.br\/noticias\/wp-json\/wp\/v2\/comments?post=242604"}],"version-history":[{"count":3,"href":"https:\/\/franciscanos.org.br\/noticias\/wp-json\/wp\/v2\/posts\/242604\/revisions"}],"predecessor-version":[{"id":242608,"href":"https:\/\/franciscanos.org.br\/noticias\/wp-json\/wp\/v2\/posts\/242604\/revisions\/242608"}],"wp:featuredmedia":[{"embeddable":true,"href":"https:\/\/franciscanos.org.br\/noticias\/wp-json\/wp\/v2\/media\/242606"}],"wp:attachment":[{"href":"https:\/\/franciscanos.org.br\/noticias\/wp-json\/wp\/v2\/media?parent=242604"}],"wp:term":[{"taxonomy":"category","embeddable":true,"href":"https:\/\/franciscanos.org.br\/noticias\/wp-json\/wp\/v2\/categories?post=242604"},{"taxonomy":"post_tag","embeddable":true,"href":"https:\/\/franciscanos.org.br\/noticias\/wp-json\/wp\/v2\/tags?post=242604"}],"curies":[{"name":"wp","href":"https:\/\/api.w.org\/{rel}","templated":true}]}}