{"id":242595,"date":"2023-04-02T07:33:23","date_gmt":"2023-04-02T10:33:23","guid":{"rendered":"https:\/\/franciscanos.org.br\/noticias\/?p=242595"},"modified":"2023-04-02T07:33:23","modified_gmt":"2023-04-02T10:33:23","slug":"papa-cristo-impele-nos-a-procura-lo-e-ama-lo-nos-abandonados","status":"publish","type":"post","link":"https:\/\/franciscanos.org.br\/noticias\/papa-cristo-impele-nos-a-procura-lo-e-ama-lo-nos-abandonados.html","title":{"rendered":"Papa: Cristo impele-nos a procur\u00e1-lo e am\u00e1-lo nos abandonados"},"content":{"rendered":"<div id=\"attachment_242596\" style=\"width: 1510px\" class=\"wp-caption alignnone\"><img aria-describedby=\"caption-attachment-242596\" loading=\"lazy\" class=\"wp-image-242596 size-full\" src=\"https:\/\/franciscanos.org.br\/noticias\/wp-content\/uploads\/2023\/04\/ramos_01.jpeg\" alt=\"\" width=\"1500\" height=\"844\" srcset=\"https:\/\/franciscanos.org.br\/noticias\/wp-content\/uploads\/2023\/04\/ramos_01.jpeg 1500w, https:\/\/franciscanos.org.br\/noticias\/wp-content\/uploads\/2023\/04\/ramos_01-450x253.jpeg 450w, https:\/\/franciscanos.org.br\/noticias\/wp-content\/uploads\/2023\/04\/ramos_01-1024x576.jpeg 1024w, https:\/\/franciscanos.org.br\/noticias\/wp-content\/uploads\/2023\/04\/ramos_01-768x432.jpeg 768w, https:\/\/franciscanos.org.br\/noticias\/wp-content\/uploads\/2023\/04\/ramos_01-150x84.jpeg 150w\" sizes=\"(max-width: 1500px) 100vw, 1500px\" \/><p id=\"caption-attachment-242596\" class=\"wp-caption-text\">\u00a0 \u00a0 \u00a0 \u00a0 \u00a0 \u00a0 \u00a0 \u00a0 \u00a0 \u00a0 \u00a0 \u00a0 \u00a0 \u00a0 \u00a0 \u00a0 \u00a0 \u00a0 \u00a0 \u00a0 \u00a0 \u00a0 \u00a0 \u00a0 \u00a0 \u00a0 \u00a0 \u00a0 \u00a0 \u00a0 \u00a0 \u00a0 \u00a0 \u00a0 \u00a0 \u00a0 \u00a0 \u00a0 \u00a0 \u00a0 \u00a0 \u00a0 \u00a0 \u00a0 \u00a0 \u00a0 \u00a0 \u00a0 \u00a0 \u00a0 \u00a0 \u00a0<em> \u00a0Imagem: Vatican Media<\/em><\/p><\/div>\n<p>Cristo, abandonado, impele-nos a procur\u00e1-Lo e a am\u00e1-Lo nos abandonados. Porque neles, n\u00e3o temos apenas necessitados, mas temo-Lo a Ele, Jesus Abandonado, Aquele que nos salvou descendo at\u00e9 ao fundo da nossa condi\u00e7\u00e3o humana. Por isso deseja que cuidemos dos irm\u00e3os e irm\u00e3s que mais se parecem com Ele, com Ele no ato extremo do sofrimento e da solid\u00e3o: disse o Papa na Missa este Domingo de Ramos (02\/04), celebrada na Pra\u00e7a S\u00e3o Pedro com a tradicional e solene prociss\u00e3o de ramos. Um momento comovente numa pra\u00e7a com mais de trinta mil fi\u00e9is e peregrinos, com os ramos de oliveira provenientes da regi\u00e3o italiana da \u00dambria.<\/p>\n<p>\u00abMeu Deus, meu Deus, porque Me abandonaste?\u00bb: \u00e9 a invoca\u00e7\u00e3o que a Liturgia nos fez repetir hoje no Salmo Responsorial (Sal 22), sendo tamb\u00e9m \u2013 no Evangelho que ouvimos \u2013 a \u00fanica pronunciada na cruz por Jesus. Representam, pois, observou Francisco, as palavras que nos conduzem ao cora\u00e7\u00e3o da paix\u00e3o de Cristo, ao ponto culminante dos sofrimentos que padeceu para nos salvar.<\/p>\n<p><strong>Sofrimentos do corpo e da alma<\/strong><br \/>\nMuitos foram os sofrimentos de Jesus. Foram sofrimentos do corpo: das bofetadas \u00e0s pancadas, da flagela\u00e7\u00e3o \u00e0 coroa de espinhos, at\u00e9 \u00e0 tortura da cruz. Foram sofrimentos da alma: a trai\u00e7\u00e3o de Judas, as nega\u00e7\u00f5es de Pedro, as condena\u00e7\u00f5es religiosa e civil, a zombaria dos guardas, os insultos ao p\u00e9 da cruz, a rejei\u00e7\u00e3o de tantos, a fal\u00eancia de tudo, o abandono dos disc\u00edpulos. E, contudo, prosseguiu o Pont\u00edfice, no meio de todo este sofrimento, restava a Jesus uma certeza: a proximidade do Pai. Ele tinha dito: \u00abEu e o Pai somos um\u00bb, \u00abEu estou no Pai e o Pai est\u00e1 em Mim\u00bb. Mas agora acontece o impens\u00e1vel; antes de morrer, clama: \u00abMeu Deus, meu Deus, porque Me abandonaste?\u00bb<\/p>\n<p>\u201cO Papa ressaltou que estamos perante o sofrimento mais dilacerante, o do esp\u00edrito: na hora mais tr\u00e1gica, Jesus experimenta o abandono por parte de Deus. Antes disto, nunca chamara o Pai pelo nome gen\u00e9rico de Deus.\u201d<\/p>\n<p>Na B\u00edblia, o verbo \u00ababandonar\u00bb \u00e9 forte; aparece em momentos de dor extrema: em amores fracassados, rejeitados e tra\u00eddos; em filhos enjeitados e abortados; em situa\u00e7\u00f5es de rep\u00fadio, viuvez e orfandade; em casamentos gorados, em exclus\u00f5es que privam dos la\u00e7os sociais, na opress\u00e3o da injusti\u00e7a e na solid\u00e3o da doen\u00e7a: em suma, nas mais dr\u00e1sticas dilacera\u00e7\u00f5es dos v\u00ednculos. Cristo levou tudo isto para a cruz, ao carregar sobre Si o pecado do mundo. E, no auge, Ele \u2013 Filho unig\u00eanito e predileto \u2013 experimentou a situa\u00e7\u00e3o mais estranha no seu caso: a dist\u00e2ncia de Deus.<\/p>\n<p><strong>Fez-Se solid\u00e1rio conosco at\u00e9 ao ponto extremo<\/strong><br \/>\nMas \u2013 podemos perguntar-nos \u2013 porque foi t\u00e3o longe? A resposta \u00e9 uma s\u00f3: por n\u00f3s. Fez-Se solid\u00e1rio conosco at\u00e9 ao ponto extremo, para estar conosco at\u00e9 ao fim, para que nenhum de n\u00f3s se possa imaginar sozinho e irrecuper\u00e1vel. Experimentou o abandono para n\u00e3o nos deixar ref\u00e9ns da desola\u00e7\u00e3o e permanecer ao nosso lado para sempre, enfatizou o Pont\u00edfice.<\/p>\n<p>Irm\u00e3o, irm\u00e3, Ele o fez por mim, por ti, para que, quando eu, tu ou qualquer outro se vir encurralado \u00e0 parede, perdido num beco sem sa\u00edda, precipitado no abismo do abandono, sorvido no redemoinho dos \u00abporqu\u00eas\u00bb, saibamos que h\u00e1 uma esperan\u00e7a. N\u00e3o \u00e9 o fim, porque Jesus esteve ali e agora est\u00e1 contigo: Ele, o Pai e o Esp\u00edrito sofreram a dist\u00e2ncia causada pelo abandono para acolher no seu amor todas as nossas dist\u00e2ncias. A fim de que possa cada um de n\u00f3s dizer: nas minhas quedas, na minha desola\u00e7\u00e3o, quando me sinto tra\u00eddo, descartado e abandonado, Tu est\u00e1s presente, Jesus; nos meus falhan\u00e7os, est\u00e1s comigo; quando me sinto transviado e perdido, quando n\u00e3o aguento mais, Tu est\u00e1s l\u00e1, est\u00e1s comigo; nos meus \u00abporqu\u00eas\u00bb sem resposta, est\u00e1s comigo.<\/p>\n<p><strong>Hoje, tantos \u00abcristos abandonados\u00bb<\/strong><br \/>\n\u00c9 assim que o Senhor nos salva, a partir de dentro dos nossos \u00abporqu\u00eas\u00bb. De l\u00e1, descerra a esperan\u00e7a. Um amor assim, que d\u00e1 tudo por n\u00f3s, at\u00e9 ao fim, pode transformar os nossos cora\u00e7\u00f5es de pedra em cora\u00e7\u00f5es de carne, capazes de piedade, ternura e compaix\u00e3o, prosseguiu o Santo Padre.<\/p>\n<p>H\u00e1 hoje tantos \u00abcristos abandonados\u00bb. H\u00e1 povos inteiros explorados e deixados \u00e0 pr\u00f3pria sorte; h\u00e1 pobres que vivem nas encruzilhadas das nossas estradas e cujo olhar n\u00e3o temos a coragem de fixar; migrantes, que j\u00e1 n\u00e3o s\u00e3o rostos, mas n\u00fameros; reclusos rejeitados, pessoas catalogadas como problemas. Mas h\u00e1 tamb\u00e9m muitos cristos abandonados invis\u00edveis, escondidos, que s\u00e3o descartados de forma \u00abelegante\u00bb: crian\u00e7as nascituras, idosos deixados sozinhos, doentes n\u00e3o visitados, pessoas portadoras de defici\u00eancia ignoradas, jovens que sentem dentro um grande vazio sem que ningu\u00e9m escute verdadeiramente o seu grito de dor.<\/p>\n<p><strong>As pessoas rejeitadas e exclu\u00eddas s\u00e3o \u00edcones vivos de Cristo<\/strong><br \/>\nFrancisco concluiu exortando-nos a lembrar sempre que Jesus abandonado nos pede para termos olhos e cora\u00e7\u00e3o para os abandonados. Para n\u00f3s, disc\u00edpulos do Abandonado, ningu\u00e9m pode ser marginalizado, ningu\u00e9m pode ser deixado a si mesmo; porque \u2013 recordemo-lo \u2013 as pessoas rejeitadas e exclu\u00eddas s\u00e3o \u00edcones vivos de Cristo, recordam-nos o seu amor louco, o seu abandono que nos salva de toda a solid\u00e3o e desola\u00e7\u00e3o.<\/p>\n<p>Pe\u00e7amos hoje esta gra\u00e7a: saber amar Jesus abandonado e saber amar Jesus em cada abandonado. Pe\u00e7amos a gra\u00e7a de saber ver e reconhecer o Senhor que continua a clamar neles. N\u00e3o permitamos que a sua voz se perca no sil\u00eancio ensurdecedor da indiferen\u00e7a. N\u00e3o fomos deixados sozinhos por Deus; cuidemos de quem \u00e9 deixado s\u00f3. Ent\u00e3o, s\u00f3 ent\u00e3o, faremos nossos os desejos e os sentimentos d\u2019Aquele que por n\u00f3s \u00abSe esvaziou a Si mesmo\u00bb.<\/p>\n<hr \/>\n<p><em>Fonte: Vatican News (texto de Raimundo de Lima)<\/em><\/p>\n","protected":false},"excerpt":{"rendered":"<p>Domingo de Ramos e do Senhor<\/p>\n","protected":false},"author":3,"featured_media":242596,"comment_status":"open","ping_status":"open","sticky":false,"template":"","format":"standard","meta":[],"categories":[1428],"tags":[1432],"acf":[],"yoast_head":"<!-- This site is optimized with the Yoast SEO plugin v19.2 - https:\/\/yoast.com\/wordpress\/plugins\/seo\/ -->\n<title>Papa: Cristo impele-nos a procur\u00e1-lo e am\u00e1-lo nos abandonados - Not\u00edcias - Franciscanos<\/title>\n<meta name=\"robots\" content=\"index, follow, max-snippet:-1, max-image-preview:large, max-video-preview:-1\" \/>\n<link rel=\"canonical\" href=\"https:\/\/franciscanos.org.br\/noticias\/papa-cristo-impele-nos-a-procura-lo-e-ama-lo-nos-abandonados.html\" \/>\n<meta property=\"og:locale\" content=\"pt_BR\" \/>\n<meta property=\"og:type\" content=\"article\" \/>\n<meta property=\"og:title\" content=\"Papa: Cristo impele-nos a procur\u00e1-lo e am\u00e1-lo nos abandonados - Not\u00edcias - Franciscanos\" \/>\n<meta property=\"og:description\" content=\"Domingo de Ramos e do Senhor\" \/>\n<meta property=\"og:url\" content=\"https:\/\/franciscanos.org.br\/noticias\/papa-cristo-impele-nos-a-procura-lo-e-ama-lo-nos-abandonados.html\" \/>\n<meta property=\"og:site_name\" content=\"Not\u00edcias - Franciscanos\" \/>\n<meta property=\"article:published_time\" content=\"2023-04-02T10:33:23+00:00\" \/>\n<meta property=\"og:image\" content=\"https:\/\/franciscanos.org.br\/noticias\/wp-content\/uploads\/2023\/04\/ramos_01.jpeg\" \/>\n\t<meta property=\"og:image:width\" content=\"1500\" \/>\n\t<meta property=\"og:image:height\" content=\"844\" \/>\n\t<meta property=\"og:image:type\" content=\"image\/jpeg\" \/>\n<meta name=\"author\" content=\"moacir\" \/>\n<meta name=\"twitter:card\" content=\"summary_large_image\" \/>\n<meta name=\"twitter:label1\" content=\"Escrito por\" \/>\n\t<meta name=\"twitter:data1\" content=\"moacir\" \/>\n\t<meta name=\"twitter:label2\" content=\"Est. tempo de leitura\" \/>\n\t<meta name=\"twitter:data2\" content=\"5 minutos\" \/>\n<script type=\"application\/ld+json\" class=\"yoast-schema-graph\">{\"@context\":\"https:\/\/schema.org\",\"@graph\":[{\"@type\":\"WebSite\",\"@id\":\"https:\/\/franciscanos.org.br\/noticias\/#website\",\"url\":\"https:\/\/franciscanos.org.br\/noticias\/\",\"name\":\"Not\u00edcias - Franciscanos\",\"description\":\"Prov\u00edncia Franciscana da Imaculada Concei\u00e7\u00e3o do Brasil - Ordem dos Frades Menores - OFM\",\"potentialAction\":[{\"@type\":\"SearchAction\",\"target\":{\"@type\":\"EntryPoint\",\"urlTemplate\":\"https:\/\/franciscanos.org.br\/noticias\/?s={search_term_string}\"},\"query-input\":\"required name=search_term_string\"}],\"inLanguage\":\"pt-BR\"},{\"@type\":\"ImageObject\",\"inLanguage\":\"pt-BR\",\"@id\":\"https:\/\/franciscanos.org.br\/noticias\/papa-cristo-impele-nos-a-procura-lo-e-ama-lo-nos-abandonados.html#primaryimage\",\"url\":\"https:\/\/franciscanos.org.br\/noticias\/wp-content\/uploads\/2023\/04\/ramos_01.jpeg\",\"contentUrl\":\"https:\/\/franciscanos.org.br\/noticias\/wp-content\/uploads\/2023\/04\/ramos_01.jpeg\",\"width\":1500,\"height\":844},{\"@type\":\"WebPage\",\"@id\":\"https:\/\/franciscanos.org.br\/noticias\/papa-cristo-impele-nos-a-procura-lo-e-ama-lo-nos-abandonados.html#webpage\",\"url\":\"https:\/\/franciscanos.org.br\/noticias\/papa-cristo-impele-nos-a-procura-lo-e-ama-lo-nos-abandonados.html\",\"name\":\"Papa: Cristo impele-nos a procur\u00e1-lo e am\u00e1-lo nos abandonados - Not\u00edcias - Franciscanos\",\"isPartOf\":{\"@id\":\"https:\/\/franciscanos.org.br\/noticias\/#website\"},\"primaryImageOfPage\":{\"@id\":\"https:\/\/franciscanos.org.br\/noticias\/papa-cristo-impele-nos-a-procura-lo-e-ama-lo-nos-abandonados.html#primaryimage\"},\"datePublished\":\"2023-04-02T10:33:23+00:00\",\"dateModified\":\"2023-04-02T10:33:23+00:00\",\"author\":{\"@id\":\"https:\/\/franciscanos.org.br\/noticias\/#\/schema\/person\/b5c8cba458c330ccff548b056e95a5d4\"},\"breadcrumb\":{\"@id\":\"https:\/\/franciscanos.org.br\/noticias\/papa-cristo-impele-nos-a-procura-lo-e-ama-lo-nos-abandonados.html#breadcrumb\"},\"inLanguage\":\"pt-BR\",\"potentialAction\":[{\"@type\":\"ReadAction\",\"target\":[\"https:\/\/franciscanos.org.br\/noticias\/papa-cristo-impele-nos-a-procura-lo-e-ama-lo-nos-abandonados.html\"]}]},{\"@type\":\"BreadcrumbList\",\"@id\":\"https:\/\/franciscanos.org.br\/noticias\/papa-cristo-impele-nos-a-procura-lo-e-ama-lo-nos-abandonados.html#breadcrumb\",\"itemListElement\":[{\"@type\":\"ListItem\",\"position\":1,\"name\":\"Home\",\"item\":\"https:\/\/franciscanos.org.br\/noticias\"},{\"@type\":\"ListItem\",\"position\":2,\"name\":\"Papa: Cristo impele-nos a procur\u00e1-lo e am\u00e1-lo nos abandonados\"}]},{\"@type\":\"Person\",\"@id\":\"https:\/\/franciscanos.org.br\/noticias\/#\/schema\/person\/b5c8cba458c330ccff548b056e95a5d4\",\"name\":\"moacir\",\"image\":{\"@type\":\"ImageObject\",\"inLanguage\":\"pt-BR\",\"@id\":\"https:\/\/franciscanos.org.br\/noticias\/#\/schema\/person\/image\/\",\"url\":\"https:\/\/secure.gravatar.com\/avatar\/d08aa2ce4c8dd416d4479aa8536fcf64?s=96&d=mm&r=g\",\"contentUrl\":\"https:\/\/secure.gravatar.com\/avatar\/d08aa2ce4c8dd416d4479aa8536fcf64?s=96&d=mm&r=g\",\"caption\":\"moacir\"},\"url\":\"https:\/\/franciscanos.org.br\/noticias\/author\/moacir\"}]}<\/script>\n<!-- \/ Yoast SEO plugin. -->","yoast_head_json":{"title":"Papa: Cristo impele-nos a procur\u00e1-lo e am\u00e1-lo nos abandonados - Not\u00edcias - Franciscanos","robots":{"index":"index","follow":"follow","max-snippet":"max-snippet:-1","max-image-preview":"max-image-preview:large","max-video-preview":"max-video-preview:-1"},"canonical":"https:\/\/franciscanos.org.br\/noticias\/papa-cristo-impele-nos-a-procura-lo-e-ama-lo-nos-abandonados.html","og_locale":"pt_BR","og_type":"article","og_title":"Papa: Cristo impele-nos a procur\u00e1-lo e am\u00e1-lo nos abandonados - Not\u00edcias - Franciscanos","og_description":"Domingo de Ramos e do Senhor","og_url":"https:\/\/franciscanos.org.br\/noticias\/papa-cristo-impele-nos-a-procura-lo-e-ama-lo-nos-abandonados.html","og_site_name":"Not\u00edcias - Franciscanos","article_published_time":"2023-04-02T10:33:23+00:00","og_image":[{"width":1500,"height":844,"url":"https:\/\/franciscanos.org.br\/noticias\/wp-content\/uploads\/2023\/04\/ramos_01.jpeg","type":"image\/jpeg"}],"author":"moacir","twitter_card":"summary_large_image","twitter_misc":{"Escrito por":"moacir","Est. tempo de leitura":"5 minutos"},"schema":{"@context":"https:\/\/schema.org","@graph":[{"@type":"WebSite","@id":"https:\/\/franciscanos.org.br\/noticias\/#website","url":"https:\/\/franciscanos.org.br\/noticias\/","name":"Not\u00edcias - Franciscanos","description":"Prov\u00edncia Franciscana da Imaculada Concei\u00e7\u00e3o do Brasil - Ordem dos Frades Menores - OFM","potentialAction":[{"@type":"SearchAction","target":{"@type":"EntryPoint","urlTemplate":"https:\/\/franciscanos.org.br\/noticias\/?s={search_term_string}"},"query-input":"required name=search_term_string"}],"inLanguage":"pt-BR"},{"@type":"ImageObject","inLanguage":"pt-BR","@id":"https:\/\/franciscanos.org.br\/noticias\/papa-cristo-impele-nos-a-procura-lo-e-ama-lo-nos-abandonados.html#primaryimage","url":"https:\/\/franciscanos.org.br\/noticias\/wp-content\/uploads\/2023\/04\/ramos_01.jpeg","contentUrl":"https:\/\/franciscanos.org.br\/noticias\/wp-content\/uploads\/2023\/04\/ramos_01.jpeg","width":1500,"height":844},{"@type":"WebPage","@id":"https:\/\/franciscanos.org.br\/noticias\/papa-cristo-impele-nos-a-procura-lo-e-ama-lo-nos-abandonados.html#webpage","url":"https:\/\/franciscanos.org.br\/noticias\/papa-cristo-impele-nos-a-procura-lo-e-ama-lo-nos-abandonados.html","name":"Papa: Cristo impele-nos a procur\u00e1-lo e am\u00e1-lo nos abandonados - Not\u00edcias - Franciscanos","isPartOf":{"@id":"https:\/\/franciscanos.org.br\/noticias\/#website"},"primaryImageOfPage":{"@id":"https:\/\/franciscanos.org.br\/noticias\/papa-cristo-impele-nos-a-procura-lo-e-ama-lo-nos-abandonados.html#primaryimage"},"datePublished":"2023-04-02T10:33:23+00:00","dateModified":"2023-04-02T10:33:23+00:00","author":{"@id":"https:\/\/franciscanos.org.br\/noticias\/#\/schema\/person\/b5c8cba458c330ccff548b056e95a5d4"},"breadcrumb":{"@id":"https:\/\/franciscanos.org.br\/noticias\/papa-cristo-impele-nos-a-procura-lo-e-ama-lo-nos-abandonados.html#breadcrumb"},"inLanguage":"pt-BR","potentialAction":[{"@type":"ReadAction","target":["https:\/\/franciscanos.org.br\/noticias\/papa-cristo-impele-nos-a-procura-lo-e-ama-lo-nos-abandonados.html"]}]},{"@type":"BreadcrumbList","@id":"https:\/\/franciscanos.org.br\/noticias\/papa-cristo-impele-nos-a-procura-lo-e-ama-lo-nos-abandonados.html#breadcrumb","itemListElement":[{"@type":"ListItem","position":1,"name":"Home","item":"https:\/\/franciscanos.org.br\/noticias"},{"@type":"ListItem","position":2,"name":"Papa: Cristo impele-nos a procur\u00e1-lo e am\u00e1-lo nos abandonados"}]},{"@type":"Person","@id":"https:\/\/franciscanos.org.br\/noticias\/#\/schema\/person\/b5c8cba458c330ccff548b056e95a5d4","name":"moacir","image":{"@type":"ImageObject","inLanguage":"pt-BR","@id":"https:\/\/franciscanos.org.br\/noticias\/#\/schema\/person\/image\/","url":"https:\/\/secure.gravatar.com\/avatar\/d08aa2ce4c8dd416d4479aa8536fcf64?s=96&d=mm&r=g","contentUrl":"https:\/\/secure.gravatar.com\/avatar\/d08aa2ce4c8dd416d4479aa8536fcf64?s=96&d=mm&r=g","caption":"moacir"},"url":"https:\/\/franciscanos.org.br\/noticias\/author\/moacir"}]}},"_links":{"self":[{"href":"https:\/\/franciscanos.org.br\/noticias\/wp-json\/wp\/v2\/posts\/242595"}],"collection":[{"href":"https:\/\/franciscanos.org.br\/noticias\/wp-json\/wp\/v2\/posts"}],"about":[{"href":"https:\/\/franciscanos.org.br\/noticias\/wp-json\/wp\/v2\/types\/post"}],"author":[{"embeddable":true,"href":"https:\/\/franciscanos.org.br\/noticias\/wp-json\/wp\/v2\/users\/3"}],"replies":[{"embeddable":true,"href":"https:\/\/franciscanos.org.br\/noticias\/wp-json\/wp\/v2\/comments?post=242595"}],"version-history":[{"count":1,"href":"https:\/\/franciscanos.org.br\/noticias\/wp-json\/wp\/v2\/posts\/242595\/revisions"}],"predecessor-version":[{"id":242597,"href":"https:\/\/franciscanos.org.br\/noticias\/wp-json\/wp\/v2\/posts\/242595\/revisions\/242597"}],"wp:featuredmedia":[{"embeddable":true,"href":"https:\/\/franciscanos.org.br\/noticias\/wp-json\/wp\/v2\/media\/242596"}],"wp:attachment":[{"href":"https:\/\/franciscanos.org.br\/noticias\/wp-json\/wp\/v2\/media?parent=242595"}],"wp:term":[{"taxonomy":"category","embeddable":true,"href":"https:\/\/franciscanos.org.br\/noticias\/wp-json\/wp\/v2\/categories?post=242595"},{"taxonomy":"post_tag","embeddable":true,"href":"https:\/\/franciscanos.org.br\/noticias\/wp-json\/wp\/v2\/tags?post=242595"}],"curies":[{"name":"wp","href":"https:\/\/api.w.org\/{rel}","templated":true}]}}