{"id":242569,"date":"2023-04-01T08:04:04","date_gmt":"2023-04-01T11:04:04","guid":{"rendered":"https:\/\/franciscanos.org.br\/noticias\/?p=242569"},"modified":"2023-04-01T08:04:04","modified_gmt":"2023-04-01T11:04:04","slug":"papa-francisco-recebe-alta-do-gemelli-e-visita-a-basilica-de-santa-maria-maior","status":"publish","type":"post","link":"https:\/\/franciscanos.org.br\/noticias\/papa-francisco-recebe-alta-do-gemelli-e-visita-a-basilica-de-santa-maria-maior.html","title":{"rendered":"Papa Francisco recebe alta do Gemelli e visita a Bas\u00edlica de Santa Maria Maior"},"content":{"rendered":"<p><img loading=\"lazy\" class=\"alignnone size-full wp-image-242570\" src=\"https:\/\/franciscanos.org.br\/noticias\/wp-content\/uploads\/2023\/04\/papa_01.jpeg\" alt=\"\" width=\"1500\" height=\"844\" srcset=\"https:\/\/franciscanos.org.br\/noticias\/wp-content\/uploads\/2023\/04\/papa_01.jpeg 1500w, https:\/\/franciscanos.org.br\/noticias\/wp-content\/uploads\/2023\/04\/papa_01-450x253.jpeg 450w, https:\/\/franciscanos.org.br\/noticias\/wp-content\/uploads\/2023\/04\/papa_01-1024x576.jpeg 1024w, https:\/\/franciscanos.org.br\/noticias\/wp-content\/uploads\/2023\/04\/papa_01-768x432.jpeg 768w, https:\/\/franciscanos.org.br\/noticias\/wp-content\/uploads\/2023\/04\/papa_01-150x84.jpeg 150w\" sizes=\"(max-width: 1500px) 100vw, 1500px\" \/><\/p>\n<p>Na manh\u00e3 de hoje, s\u00e1bado 1\u00ba de abril, o Papa Francisco recebeu alta do Hospital Universit\u00e1rio A. Gemelli, informa um comunicado da Sala de Imprensa da Santa S\u00e9.<\/p>\n<p>Antes de deixar as instala\u00e7\u00f5es, em torno das 10h35, o Santo Padre saudou o Reitor da Universidade Cat\u00f3lica, Franco Anelli, com seus colaboradores mais pr\u00f3ximos, o Diretor Geral da Policl\u00ednica, Marco Elefanti, o Assistente eclesi\u00e1stico geral da Universidade Cat\u00f3lica, monsenhor Claudio Giuliodori, e a equipe de m\u00e9dicos e agentes de sa\u00fade que o assistiram durante esses dias.<\/p>\n<p>Ao deixar o hospital, O Papa Francisco saiu do autom\u00f3vel e saudou e aben\u00e7oou as pessoas que estavam do lado de fora. Abra\u00e7ou um casal que perdeu a filha na noite de ontem, sexta-feira, detendo-se a rezar com eles, informa ainda a Sala de Imprensa vaticana.<\/p>\n<p><strong>Visita \u00e0 Bas\u00edlica de Santa Maria Maior<\/strong><br \/>\nO Pont\u00edfice dirigiu-se \u00e0 Bas\u00edlica de Santa Maria Maior. O Papa deteve-se diante do \u00edcone de Maria, Salus Populi Romani, confiando-lhe em ora\u00e7\u00e3o as crian\u00e7as que encontrou ontem na ala de Oncologia Pedi\u00e1trica e Neurocirurgia Infantil do hospital, todos os doentes e os que sofrem enfermidades e a perda de seus entes queridos.<\/p>\n<p>Ap\u00f3s a visita, o Santo Padre retornou para o Vaticano.<\/p>\n<hr \/>\n<p><em>Fonte: Vatican News<\/em><\/p>\n","protected":false},"excerpt":{"rendered":"<p>Papa Francisco<\/p>\n","protected":false},"author":3,"featured_media":242570,"comment_status":"open","ping_status":"open","sticky":false,"template":"","format":"standard","meta":[],"categories":[1428],"tags":[55],"acf":[],"yoast_head":"<!-- This site is optimized with the Yoast SEO plugin v19.2 - https:\/\/yoast.com\/wordpress\/plugins\/seo\/ -->\n<title>Papa Francisco recebe alta do Gemelli e visita a Bas\u00edlica de Santa Maria Maior - Not\u00edcias - Franciscanos<\/title>\n<meta name=\"robots\" content=\"index, follow, max-snippet:-1, max-image-preview:large, max-video-preview:-1\" \/>\n<link rel=\"canonical\" href=\"https:\/\/franciscanos.org.br\/noticias\/papa-francisco-recebe-alta-do-gemelli-e-visita-a-basilica-de-santa-maria-maior.html\" \/>\n<meta property=\"og:locale\" content=\"pt_BR\" \/>\n<meta property=\"og:type\" content=\"article\" \/>\n<meta property=\"og:title\" content=\"Papa Francisco recebe alta do Gemelli e visita a Bas\u00edlica de Santa Maria Maior - Not\u00edcias - Franciscanos\" \/>\n<meta property=\"og:description\" content=\"Papa Francisco\" \/>\n<meta property=\"og:url\" content=\"https:\/\/franciscanos.org.br\/noticias\/papa-francisco-recebe-alta-do-gemelli-e-visita-a-basilica-de-santa-maria-maior.html\" \/>\n<meta property=\"og:site_name\" content=\"Not\u00edcias - Franciscanos\" \/>\n<meta property=\"article:published_time\" content=\"2023-04-01T11:04:04+00:00\" \/>\n<meta property=\"og:image\" content=\"https:\/\/franciscanos.org.br\/noticias\/wp-content\/uploads\/2023\/04\/papa_01.jpeg\" \/>\n\t<meta property=\"og:image:width\" content=\"1500\" \/>\n\t<meta property=\"og:image:height\" content=\"844\" \/>\n\t<meta property=\"og:image:type\" content=\"image\/jpeg\" \/>\n<meta name=\"author\" content=\"moacir\" \/>\n<meta name=\"twitter:card\" content=\"summary_large_image\" \/>\n<meta name=\"twitter:label1\" content=\"Escrito por\" \/>\n\t<meta name=\"twitter:data1\" content=\"moacir\" \/>\n\t<meta name=\"twitter:label2\" content=\"Est. tempo de leitura\" \/>\n\t<meta name=\"twitter:data2\" content=\"1 minuto\" \/>\n<script type=\"application\/ld+json\" class=\"yoast-schema-graph\">{\"@context\":\"https:\/\/schema.org\",\"@graph\":[{\"@type\":\"WebSite\",\"@id\":\"https:\/\/franciscanos.org.br\/noticias\/#website\",\"url\":\"https:\/\/franciscanos.org.br\/noticias\/\",\"name\":\"Not\u00edcias - Franciscanos\",\"description\":\"Prov\u00edncia Franciscana da Imaculada Concei\u00e7\u00e3o do Brasil - Ordem dos Frades Menores - OFM\",\"potentialAction\":[{\"@type\":\"SearchAction\",\"target\":{\"@type\":\"EntryPoint\",\"urlTemplate\":\"https:\/\/franciscanos.org.br\/noticias\/?s={search_term_string}\"},\"query-input\":\"required name=search_term_string\"}],\"inLanguage\":\"pt-BR\"},{\"@type\":\"ImageObject\",\"inLanguage\":\"pt-BR\",\"@id\":\"https:\/\/franciscanos.org.br\/noticias\/papa-francisco-recebe-alta-do-gemelli-e-visita-a-basilica-de-santa-maria-maior.html#primaryimage\",\"url\":\"https:\/\/franciscanos.org.br\/noticias\/wp-content\/uploads\/2023\/04\/papa_01.jpeg\",\"contentUrl\":\"https:\/\/franciscanos.org.br\/noticias\/wp-content\/uploads\/2023\/04\/papa_01.jpeg\",\"width\":1500,\"height\":844},{\"@type\":\"WebPage\",\"@id\":\"https:\/\/franciscanos.org.br\/noticias\/papa-francisco-recebe-alta-do-gemelli-e-visita-a-basilica-de-santa-maria-maior.html#webpage\",\"url\":\"https:\/\/franciscanos.org.br\/noticias\/papa-francisco-recebe-alta-do-gemelli-e-visita-a-basilica-de-santa-maria-maior.html\",\"name\":\"Papa Francisco recebe alta do Gemelli e visita a Bas\u00edlica de Santa Maria Maior - Not\u00edcias - Franciscanos\",\"isPartOf\":{\"@id\":\"https:\/\/franciscanos.org.br\/noticias\/#website\"},\"primaryImageOfPage\":{\"@id\":\"https:\/\/franciscanos.org.br\/noticias\/papa-francisco-recebe-alta-do-gemelli-e-visita-a-basilica-de-santa-maria-maior.html#primaryimage\"},\"datePublished\":\"2023-04-01T11:04:04+00:00\",\"dateModified\":\"2023-04-01T11:04:04+00:00\",\"author\":{\"@id\":\"https:\/\/franciscanos.org.br\/noticias\/#\/schema\/person\/b5c8cba458c330ccff548b056e95a5d4\"},\"breadcrumb\":{\"@id\":\"https:\/\/franciscanos.org.br\/noticias\/papa-francisco-recebe-alta-do-gemelli-e-visita-a-basilica-de-santa-maria-maior.html#breadcrumb\"},\"inLanguage\":\"pt-BR\",\"potentialAction\":[{\"@type\":\"ReadAction\",\"target\":[\"https:\/\/franciscanos.org.br\/noticias\/papa-francisco-recebe-alta-do-gemelli-e-visita-a-basilica-de-santa-maria-maior.html\"]}]},{\"@type\":\"BreadcrumbList\",\"@id\":\"https:\/\/franciscanos.org.br\/noticias\/papa-francisco-recebe-alta-do-gemelli-e-visita-a-basilica-de-santa-maria-maior.html#breadcrumb\",\"itemListElement\":[{\"@type\":\"ListItem\",\"position\":1,\"name\":\"Home\",\"item\":\"https:\/\/franciscanos.org.br\/noticias\"},{\"@type\":\"ListItem\",\"position\":2,\"name\":\"Papa Francisco recebe alta do Gemelli e visita a Bas\u00edlica de Santa Maria Maior\"}]},{\"@type\":\"Person\",\"@id\":\"https:\/\/franciscanos.org.br\/noticias\/#\/schema\/person\/b5c8cba458c330ccff548b056e95a5d4\",\"name\":\"moacir\",\"image\":{\"@type\":\"ImageObject\",\"inLanguage\":\"pt-BR\",\"@id\":\"https:\/\/franciscanos.org.br\/noticias\/#\/schema\/person\/image\/\",\"url\":\"https:\/\/secure.gravatar.com\/avatar\/d08aa2ce4c8dd416d4479aa8536fcf64?s=96&d=mm&r=g\",\"contentUrl\":\"https:\/\/secure.gravatar.com\/avatar\/d08aa2ce4c8dd416d4479aa8536fcf64?s=96&d=mm&r=g\",\"caption\":\"moacir\"},\"url\":\"https:\/\/franciscanos.org.br\/noticias\/author\/moacir\"}]}<\/script>\n<!-- \/ Yoast SEO plugin. -->","yoast_head_json":{"title":"Papa Francisco recebe alta do Gemelli e visita a Bas\u00edlica de Santa Maria Maior - Not\u00edcias - Franciscanos","robots":{"index":"index","follow":"follow","max-snippet":"max-snippet:-1","max-image-preview":"max-image-preview:large","max-video-preview":"max-video-preview:-1"},"canonical":"https:\/\/franciscanos.org.br\/noticias\/papa-francisco-recebe-alta-do-gemelli-e-visita-a-basilica-de-santa-maria-maior.html","og_locale":"pt_BR","og_type":"article","og_title":"Papa Francisco recebe alta do Gemelli e visita a Bas\u00edlica de Santa Maria Maior - Not\u00edcias - Franciscanos","og_description":"Papa Francisco","og_url":"https:\/\/franciscanos.org.br\/noticias\/papa-francisco-recebe-alta-do-gemelli-e-visita-a-basilica-de-santa-maria-maior.html","og_site_name":"Not\u00edcias - Franciscanos","article_published_time":"2023-04-01T11:04:04+00:00","og_image":[{"width":1500,"height":844,"url":"https:\/\/franciscanos.org.br\/noticias\/wp-content\/uploads\/2023\/04\/papa_01.jpeg","type":"image\/jpeg"}],"author":"moacir","twitter_card":"summary_large_image","twitter_misc":{"Escrito por":"moacir","Est. tempo de leitura":"1 minuto"},"schema":{"@context":"https:\/\/schema.org","@graph":[{"@type":"WebSite","@id":"https:\/\/franciscanos.org.br\/noticias\/#website","url":"https:\/\/franciscanos.org.br\/noticias\/","name":"Not\u00edcias - Franciscanos","description":"Prov\u00edncia Franciscana da Imaculada Concei\u00e7\u00e3o do Brasil - Ordem dos Frades Menores - OFM","potentialAction":[{"@type":"SearchAction","target":{"@type":"EntryPoint","urlTemplate":"https:\/\/franciscanos.org.br\/noticias\/?s={search_term_string}"},"query-input":"required name=search_term_string"}],"inLanguage":"pt-BR"},{"@type":"ImageObject","inLanguage":"pt-BR","@id":"https:\/\/franciscanos.org.br\/noticias\/papa-francisco-recebe-alta-do-gemelli-e-visita-a-basilica-de-santa-maria-maior.html#primaryimage","url":"https:\/\/franciscanos.org.br\/noticias\/wp-content\/uploads\/2023\/04\/papa_01.jpeg","contentUrl":"https:\/\/franciscanos.org.br\/noticias\/wp-content\/uploads\/2023\/04\/papa_01.jpeg","width":1500,"height":844},{"@type":"WebPage","@id":"https:\/\/franciscanos.org.br\/noticias\/papa-francisco-recebe-alta-do-gemelli-e-visita-a-basilica-de-santa-maria-maior.html#webpage","url":"https:\/\/franciscanos.org.br\/noticias\/papa-francisco-recebe-alta-do-gemelli-e-visita-a-basilica-de-santa-maria-maior.html","name":"Papa Francisco recebe alta do Gemelli e visita a Bas\u00edlica de Santa Maria Maior - Not\u00edcias - Franciscanos","isPartOf":{"@id":"https:\/\/franciscanos.org.br\/noticias\/#website"},"primaryImageOfPage":{"@id":"https:\/\/franciscanos.org.br\/noticias\/papa-francisco-recebe-alta-do-gemelli-e-visita-a-basilica-de-santa-maria-maior.html#primaryimage"},"datePublished":"2023-04-01T11:04:04+00:00","dateModified":"2023-04-01T11:04:04+00:00","author":{"@id":"https:\/\/franciscanos.org.br\/noticias\/#\/schema\/person\/b5c8cba458c330ccff548b056e95a5d4"},"breadcrumb":{"@id":"https:\/\/franciscanos.org.br\/noticias\/papa-francisco-recebe-alta-do-gemelli-e-visita-a-basilica-de-santa-maria-maior.html#breadcrumb"},"inLanguage":"pt-BR","potentialAction":[{"@type":"ReadAction","target":["https:\/\/franciscanos.org.br\/noticias\/papa-francisco-recebe-alta-do-gemelli-e-visita-a-basilica-de-santa-maria-maior.html"]}]},{"@type":"BreadcrumbList","@id":"https:\/\/franciscanos.org.br\/noticias\/papa-francisco-recebe-alta-do-gemelli-e-visita-a-basilica-de-santa-maria-maior.html#breadcrumb","itemListElement":[{"@type":"ListItem","position":1,"name":"Home","item":"https:\/\/franciscanos.org.br\/noticias"},{"@type":"ListItem","position":2,"name":"Papa Francisco recebe alta do Gemelli e visita a Bas\u00edlica de Santa Maria Maior"}]},{"@type":"Person","@id":"https:\/\/franciscanos.org.br\/noticias\/#\/schema\/person\/b5c8cba458c330ccff548b056e95a5d4","name":"moacir","image":{"@type":"ImageObject","inLanguage":"pt-BR","@id":"https:\/\/franciscanos.org.br\/noticias\/#\/schema\/person\/image\/","url":"https:\/\/secure.gravatar.com\/avatar\/d08aa2ce4c8dd416d4479aa8536fcf64?s=96&d=mm&r=g","contentUrl":"https:\/\/secure.gravatar.com\/avatar\/d08aa2ce4c8dd416d4479aa8536fcf64?s=96&d=mm&r=g","caption":"moacir"},"url":"https:\/\/franciscanos.org.br\/noticias\/author\/moacir"}]}},"_links":{"self":[{"href":"https:\/\/franciscanos.org.br\/noticias\/wp-json\/wp\/v2\/posts\/242569"}],"collection":[{"href":"https:\/\/franciscanos.org.br\/noticias\/wp-json\/wp\/v2\/posts"}],"about":[{"href":"https:\/\/franciscanos.org.br\/noticias\/wp-json\/wp\/v2\/types\/post"}],"author":[{"embeddable":true,"href":"https:\/\/franciscanos.org.br\/noticias\/wp-json\/wp\/v2\/users\/3"}],"replies":[{"embeddable":true,"href":"https:\/\/franciscanos.org.br\/noticias\/wp-json\/wp\/v2\/comments?post=242569"}],"version-history":[{"count":1,"href":"https:\/\/franciscanos.org.br\/noticias\/wp-json\/wp\/v2\/posts\/242569\/revisions"}],"predecessor-version":[{"id":242571,"href":"https:\/\/franciscanos.org.br\/noticias\/wp-json\/wp\/v2\/posts\/242569\/revisions\/242571"}],"wp:featuredmedia":[{"embeddable":true,"href":"https:\/\/franciscanos.org.br\/noticias\/wp-json\/wp\/v2\/media\/242570"}],"wp:attachment":[{"href":"https:\/\/franciscanos.org.br\/noticias\/wp-json\/wp\/v2\/media?parent=242569"}],"wp:term":[{"taxonomy":"category","embeddable":true,"href":"https:\/\/franciscanos.org.br\/noticias\/wp-json\/wp\/v2\/categories?post=242569"},{"taxonomy":"post_tag","embeddable":true,"href":"https:\/\/franciscanos.org.br\/noticias\/wp-json\/wp\/v2\/tags?post=242569"}],"curies":[{"name":"wp","href":"https:\/\/api.w.org\/{rel}","templated":true}]}}