{"id":242564,"date":"2023-03-31T07:08:19","date_gmt":"2023-03-31T10:08:19","guid":{"rendered":"https:\/\/franciscanos.org.br\/noticias\/?p=242564"},"modified":"2023-03-31T12:42:02","modified_gmt":"2023-03-31T15:42:02","slug":"papa-podera-ter-alta-nos-proximos-dias-significativa-melhora","status":"publish","type":"post","link":"https:\/\/franciscanos.org.br\/noticias\/papa-podera-ter-alta-nos-proximos-dias-significativa-melhora.html","title":{"rendered":"Papa deve voltar ao Vaticano neste s\u00e1bado"},"content":{"rendered":"<div id=\"attachment_242565\" style=\"width: 955px\" class=\"wp-caption alignnone\"><img aria-describedby=\"caption-attachment-242565\" loading=\"lazy\" class=\"wp-image-242565\" src=\"https:\/\/franciscanos.org.br\/noticias\/wp-content\/uploads\/2023\/03\/papa_31.jpeg\" alt=\"\" width=\"945\" height=\"532\" srcset=\"https:\/\/franciscanos.org.br\/noticias\/wp-content\/uploads\/2023\/03\/papa_31.jpeg 750w, https:\/\/franciscanos.org.br\/noticias\/wp-content\/uploads\/2023\/03\/papa_31-450x253.jpeg 450w, https:\/\/franciscanos.org.br\/noticias\/wp-content\/uploads\/2023\/03\/papa_31-150x84.jpeg 150w\" sizes=\"(max-width: 945px) 100vw, 945px\" \/><p id=\"caption-attachment-242565\" class=\"wp-caption-text\"><em>\u00a0Imagem: Vatican Media<\/em><\/p><\/div>\n<p>O Diretor da Sala de Imprensa da Santa S\u00e9, Matteo Bruni, comunicou aos jornalistas na manh\u00e3 desta sexta-feira sobre o estado de sa\u00fade do Papa Francisco. Eis o que disse:<\/p>\n<p>&#8220;O dia de ontem transcorreu bem, com um normal decurso cl\u00ednico. \u00c0 noite, o Papa Francisco jantou, comendo pizza, na companhia das pessoas que o assistem nesses dias de internamento hospitalar. Com o Santo Padre, estavam presentes m\u00e9dicos, enfermeiros, assistentes e membros da Gendarmaria.<\/p>\n<p>Hoje, depois do caf\u00e9 da manh\u00e3, leu alguns jornais e retomou o trabalho. A volta para a Casa Santa Marta est\u00e1 prevista para amanh\u00e3, quando sa\u00edrem os resultados dos \u00faltimos exames efetuados esta manh\u00e3.&#8221;<\/p>\n<p>Domingo de Ramos: presen\u00e7a confirmada<br \/>\nO porta-voz vaticano confirmou que est\u00e1 prevista a presen\u00e7a Pont\u00edfice na Pra\u00e7a S\u00e3o Pedro no dia 2 de abril, para a celebra\u00e7\u00e3o eucar\u00edstica do Domingo de Ramos.<\/p>\n<p><strong>O comunicado dos m\u00e9dicos<\/strong><br \/>\nA poss\u00edvel demiss\u00e3o do Papa do hospital romano j\u00e1 havia sido antecipada ontem \u00e0 noite, no segundo comunicado do dia, da Sala de Imprensa vaticana, que tamb\u00e9m relatou informa\u00e7\u00f5es da equipe m\u00e9dica que assiste Francisco desde a \u00faltima quarta-feira, 29 de mar\u00e7o, dia de sua interna\u00e7\u00e3o. &#8220;No \u00e2mbito dos controles cl\u00ednicos programados para o Santo Padre \u2013 l\u00ea-se &#8211; foi detectada uma bronquite infecciosa que exigiu a administra\u00e7\u00e3o de uma terapia antibi\u00f3tica com base em infus\u00f5es que produziu os efeitos esperados com uma melhora acentuada em seu estado de sa\u00fade&#8221;.<\/p>\n<p>Papa visita crian\u00e7as<br \/>\nNesta tarde de sexta-feira, o Papa Francisco visitou as crian\u00e7as da ala de oncologia pedi\u00e1trica do hospital A. Gemelli, levando-lhes ter\u00e7os, ovos de chocolate e c\u00f3pias do livro &#8220;Jesus nasceu em Bel\u00e9m da Jud\u00e9ia&#8221;.<\/p>\n<p>Durante a visita, que durou cerca de meia hora, o Papa concedeu o sacramento do Batismo a um menino, chamado Miguel Angel, com apenas algumas semanas de vida.<\/p>\n<p>No final da visita, voltou para sua ala.<\/p>\n<hr \/>\n<p><em>Fonte: Boletim da Vatican News<\/em><\/p>\n","protected":false},"excerpt":{"rendered":"<p>Papa Francisco<\/p>\n","protected":false},"author":3,"featured_media":242565,"comment_status":"open","ping_status":"open","sticky":false,"template":"","format":"standard","meta":[],"categories":[1428],"tags":[55],"acf":[],"yoast_head":"<!-- This site is optimized with the Yoast SEO plugin v19.2 - https:\/\/yoast.com\/wordpress\/plugins\/seo\/ -->\n<title>Papa deve voltar ao Vaticano neste s\u00e1bado - Not\u00edcias - Franciscanos<\/title>\n<meta name=\"robots\" content=\"index, follow, max-snippet:-1, max-image-preview:large, max-video-preview:-1\" \/>\n<link rel=\"canonical\" href=\"https:\/\/franciscanos.org.br\/noticias\/papa-podera-ter-alta-nos-proximos-dias-significativa-melhora.html\" \/>\n<meta property=\"og:locale\" content=\"pt_BR\" \/>\n<meta property=\"og:type\" content=\"article\" \/>\n<meta property=\"og:title\" content=\"Papa deve voltar ao Vaticano neste s\u00e1bado - Not\u00edcias - Franciscanos\" \/>\n<meta property=\"og:description\" content=\"Papa Francisco\" \/>\n<meta property=\"og:url\" content=\"https:\/\/franciscanos.org.br\/noticias\/papa-podera-ter-alta-nos-proximos-dias-significativa-melhora.html\" \/>\n<meta property=\"og:site_name\" content=\"Not\u00edcias - Franciscanos\" \/>\n<meta property=\"article:published_time\" content=\"2023-03-31T10:08:19+00:00\" \/>\n<meta property=\"article:modified_time\" content=\"2023-03-31T15:42:02+00:00\" \/>\n<meta property=\"og:image\" content=\"https:\/\/franciscanos.org.br\/noticias\/wp-content\/uploads\/2023\/03\/papa_31.jpeg\" \/>\n\t<meta property=\"og:image:width\" content=\"750\" \/>\n\t<meta property=\"og:image:height\" content=\"422\" \/>\n\t<meta property=\"og:image:type\" content=\"image\/jpeg\" \/>\n<meta name=\"author\" content=\"moacir\" \/>\n<meta name=\"twitter:card\" content=\"summary_large_image\" \/>\n<meta name=\"twitter:label1\" content=\"Escrito por\" \/>\n\t<meta name=\"twitter:data1\" content=\"moacir\" \/>\n\t<meta name=\"twitter:label2\" content=\"Est. tempo de leitura\" \/>\n\t<meta name=\"twitter:data2\" content=\"2 minutos\" \/>\n<script type=\"application\/ld+json\" class=\"yoast-schema-graph\">{\"@context\":\"https:\/\/schema.org\",\"@graph\":[{\"@type\":\"WebSite\",\"@id\":\"https:\/\/franciscanos.org.br\/noticias\/#website\",\"url\":\"https:\/\/franciscanos.org.br\/noticias\/\",\"name\":\"Not\u00edcias - Franciscanos\",\"description\":\"Prov\u00edncia Franciscana da Imaculada Concei\u00e7\u00e3o do Brasil - Ordem dos Frades Menores - OFM\",\"potentialAction\":[{\"@type\":\"SearchAction\",\"target\":{\"@type\":\"EntryPoint\",\"urlTemplate\":\"https:\/\/franciscanos.org.br\/noticias\/?s={search_term_string}\"},\"query-input\":\"required name=search_term_string\"}],\"inLanguage\":\"pt-BR\"},{\"@type\":\"ImageObject\",\"inLanguage\":\"pt-BR\",\"@id\":\"https:\/\/franciscanos.org.br\/noticias\/papa-podera-ter-alta-nos-proximos-dias-significativa-melhora.html#primaryimage\",\"url\":\"https:\/\/franciscanos.org.br\/noticias\/wp-content\/uploads\/2023\/03\/papa_31.jpeg\",\"contentUrl\":\"https:\/\/franciscanos.org.br\/noticias\/wp-content\/uploads\/2023\/03\/papa_31.jpeg\",\"width\":750,\"height\":422},{\"@type\":\"WebPage\",\"@id\":\"https:\/\/franciscanos.org.br\/noticias\/papa-podera-ter-alta-nos-proximos-dias-significativa-melhora.html#webpage\",\"url\":\"https:\/\/franciscanos.org.br\/noticias\/papa-podera-ter-alta-nos-proximos-dias-significativa-melhora.html\",\"name\":\"Papa deve voltar ao Vaticano neste s\u00e1bado - Not\u00edcias - Franciscanos\",\"isPartOf\":{\"@id\":\"https:\/\/franciscanos.org.br\/noticias\/#website\"},\"primaryImageOfPage\":{\"@id\":\"https:\/\/franciscanos.org.br\/noticias\/papa-podera-ter-alta-nos-proximos-dias-significativa-melhora.html#primaryimage\"},\"datePublished\":\"2023-03-31T10:08:19+00:00\",\"dateModified\":\"2023-03-31T15:42:02+00:00\",\"author\":{\"@id\":\"https:\/\/franciscanos.org.br\/noticias\/#\/schema\/person\/b5c8cba458c330ccff548b056e95a5d4\"},\"breadcrumb\":{\"@id\":\"https:\/\/franciscanos.org.br\/noticias\/papa-podera-ter-alta-nos-proximos-dias-significativa-melhora.html#breadcrumb\"},\"inLanguage\":\"pt-BR\",\"potentialAction\":[{\"@type\":\"ReadAction\",\"target\":[\"https:\/\/franciscanos.org.br\/noticias\/papa-podera-ter-alta-nos-proximos-dias-significativa-melhora.html\"]}]},{\"@type\":\"BreadcrumbList\",\"@id\":\"https:\/\/franciscanos.org.br\/noticias\/papa-podera-ter-alta-nos-proximos-dias-significativa-melhora.html#breadcrumb\",\"itemListElement\":[{\"@type\":\"ListItem\",\"position\":1,\"name\":\"Home\",\"item\":\"https:\/\/franciscanos.org.br\/noticias\"},{\"@type\":\"ListItem\",\"position\":2,\"name\":\"Papa deve voltar ao Vaticano neste s\u00e1bado\"}]},{\"@type\":\"Person\",\"@id\":\"https:\/\/franciscanos.org.br\/noticias\/#\/schema\/person\/b5c8cba458c330ccff548b056e95a5d4\",\"name\":\"moacir\",\"image\":{\"@type\":\"ImageObject\",\"inLanguage\":\"pt-BR\",\"@id\":\"https:\/\/franciscanos.org.br\/noticias\/#\/schema\/person\/image\/\",\"url\":\"https:\/\/secure.gravatar.com\/avatar\/d08aa2ce4c8dd416d4479aa8536fcf64?s=96&d=mm&r=g\",\"contentUrl\":\"https:\/\/secure.gravatar.com\/avatar\/d08aa2ce4c8dd416d4479aa8536fcf64?s=96&d=mm&r=g\",\"caption\":\"moacir\"},\"url\":\"https:\/\/franciscanos.org.br\/noticias\/author\/moacir\"}]}<\/script>\n<!-- \/ Yoast SEO plugin. -->","yoast_head_json":{"title":"Papa deve voltar ao Vaticano neste s\u00e1bado - Not\u00edcias - Franciscanos","robots":{"index":"index","follow":"follow","max-snippet":"max-snippet:-1","max-image-preview":"max-image-preview:large","max-video-preview":"max-video-preview:-1"},"canonical":"https:\/\/franciscanos.org.br\/noticias\/papa-podera-ter-alta-nos-proximos-dias-significativa-melhora.html","og_locale":"pt_BR","og_type":"article","og_title":"Papa deve voltar ao Vaticano neste s\u00e1bado - Not\u00edcias - Franciscanos","og_description":"Papa Francisco","og_url":"https:\/\/franciscanos.org.br\/noticias\/papa-podera-ter-alta-nos-proximos-dias-significativa-melhora.html","og_site_name":"Not\u00edcias - Franciscanos","article_published_time":"2023-03-31T10:08:19+00:00","article_modified_time":"2023-03-31T15:42:02+00:00","og_image":[{"width":750,"height":422,"url":"https:\/\/franciscanos.org.br\/noticias\/wp-content\/uploads\/2023\/03\/papa_31.jpeg","type":"image\/jpeg"}],"author":"moacir","twitter_card":"summary_large_image","twitter_misc":{"Escrito por":"moacir","Est. tempo de leitura":"2 minutos"},"schema":{"@context":"https:\/\/schema.org","@graph":[{"@type":"WebSite","@id":"https:\/\/franciscanos.org.br\/noticias\/#website","url":"https:\/\/franciscanos.org.br\/noticias\/","name":"Not\u00edcias - Franciscanos","description":"Prov\u00edncia Franciscana da Imaculada Concei\u00e7\u00e3o do Brasil - Ordem dos Frades Menores - OFM","potentialAction":[{"@type":"SearchAction","target":{"@type":"EntryPoint","urlTemplate":"https:\/\/franciscanos.org.br\/noticias\/?s={search_term_string}"},"query-input":"required name=search_term_string"}],"inLanguage":"pt-BR"},{"@type":"ImageObject","inLanguage":"pt-BR","@id":"https:\/\/franciscanos.org.br\/noticias\/papa-podera-ter-alta-nos-proximos-dias-significativa-melhora.html#primaryimage","url":"https:\/\/franciscanos.org.br\/noticias\/wp-content\/uploads\/2023\/03\/papa_31.jpeg","contentUrl":"https:\/\/franciscanos.org.br\/noticias\/wp-content\/uploads\/2023\/03\/papa_31.jpeg","width":750,"height":422},{"@type":"WebPage","@id":"https:\/\/franciscanos.org.br\/noticias\/papa-podera-ter-alta-nos-proximos-dias-significativa-melhora.html#webpage","url":"https:\/\/franciscanos.org.br\/noticias\/papa-podera-ter-alta-nos-proximos-dias-significativa-melhora.html","name":"Papa deve voltar ao Vaticano neste s\u00e1bado - Not\u00edcias - Franciscanos","isPartOf":{"@id":"https:\/\/franciscanos.org.br\/noticias\/#website"},"primaryImageOfPage":{"@id":"https:\/\/franciscanos.org.br\/noticias\/papa-podera-ter-alta-nos-proximos-dias-significativa-melhora.html#primaryimage"},"datePublished":"2023-03-31T10:08:19+00:00","dateModified":"2023-03-31T15:42:02+00:00","author":{"@id":"https:\/\/franciscanos.org.br\/noticias\/#\/schema\/person\/b5c8cba458c330ccff548b056e95a5d4"},"breadcrumb":{"@id":"https:\/\/franciscanos.org.br\/noticias\/papa-podera-ter-alta-nos-proximos-dias-significativa-melhora.html#breadcrumb"},"inLanguage":"pt-BR","potentialAction":[{"@type":"ReadAction","target":["https:\/\/franciscanos.org.br\/noticias\/papa-podera-ter-alta-nos-proximos-dias-significativa-melhora.html"]}]},{"@type":"BreadcrumbList","@id":"https:\/\/franciscanos.org.br\/noticias\/papa-podera-ter-alta-nos-proximos-dias-significativa-melhora.html#breadcrumb","itemListElement":[{"@type":"ListItem","position":1,"name":"Home","item":"https:\/\/franciscanos.org.br\/noticias"},{"@type":"ListItem","position":2,"name":"Papa deve voltar ao Vaticano neste s\u00e1bado"}]},{"@type":"Person","@id":"https:\/\/franciscanos.org.br\/noticias\/#\/schema\/person\/b5c8cba458c330ccff548b056e95a5d4","name":"moacir","image":{"@type":"ImageObject","inLanguage":"pt-BR","@id":"https:\/\/franciscanos.org.br\/noticias\/#\/schema\/person\/image\/","url":"https:\/\/secure.gravatar.com\/avatar\/d08aa2ce4c8dd416d4479aa8536fcf64?s=96&d=mm&r=g","contentUrl":"https:\/\/secure.gravatar.com\/avatar\/d08aa2ce4c8dd416d4479aa8536fcf64?s=96&d=mm&r=g","caption":"moacir"},"url":"https:\/\/franciscanos.org.br\/noticias\/author\/moacir"}]}},"_links":{"self":[{"href":"https:\/\/franciscanos.org.br\/noticias\/wp-json\/wp\/v2\/posts\/242564"}],"collection":[{"href":"https:\/\/franciscanos.org.br\/noticias\/wp-json\/wp\/v2\/posts"}],"about":[{"href":"https:\/\/franciscanos.org.br\/noticias\/wp-json\/wp\/v2\/types\/post"}],"author":[{"embeddable":true,"href":"https:\/\/franciscanos.org.br\/noticias\/wp-json\/wp\/v2\/users\/3"}],"replies":[{"embeddable":true,"href":"https:\/\/franciscanos.org.br\/noticias\/wp-json\/wp\/v2\/comments?post=242564"}],"version-history":[{"count":3,"href":"https:\/\/franciscanos.org.br\/noticias\/wp-json\/wp\/v2\/posts\/242564\/revisions"}],"predecessor-version":[{"id":242568,"href":"https:\/\/franciscanos.org.br\/noticias\/wp-json\/wp\/v2\/posts\/242564\/revisions\/242568"}],"wp:featuredmedia":[{"embeddable":true,"href":"https:\/\/franciscanos.org.br\/noticias\/wp-json\/wp\/v2\/media\/242565"}],"wp:attachment":[{"href":"https:\/\/franciscanos.org.br\/noticias\/wp-json\/wp\/v2\/media?parent=242564"}],"wp:term":[{"taxonomy":"category","embeddable":true,"href":"https:\/\/franciscanos.org.br\/noticias\/wp-json\/wp\/v2\/categories?post=242564"},{"taxonomy":"post_tag","embeddable":true,"href":"https:\/\/franciscanos.org.br\/noticias\/wp-json\/wp\/v2\/tags?post=242564"}],"curies":[{"name":"wp","href":"https:\/\/api.w.org\/{rel}","templated":true}]}}