{"id":242558,"date":"2023-04-04T06:06:40","date_gmt":"2023-04-04T09:06:40","guid":{"rendered":"https:\/\/franciscanos.org.br\/noticias\/?p=242558"},"modified":"2023-04-04T17:03:26","modified_gmt":"2023-04-04T20:03:26","slug":"o-homem-que-foi-tres-vezes-papa-entre-os-lancamentos-da-editora-vozes","status":"publish","type":"post","link":"https:\/\/franciscanos.org.br\/noticias\/o-homem-que-foi-tres-vezes-papa-entre-os-lancamentos-da-editora-vozes.html","title":{"rendered":"&#8220;O homem que foi tr\u00eas vezes papa&#8221; entre os lan\u00e7amentos da Editora Vozes"},"content":{"rendered":"<p><img loading=\"lazy\" src=\"https:\/\/franciscanos.org.br\/noticias\/wp-content\/uploads\/2023\/03\/vozes-30-03-1280.jpg\" alt=\"\" width=\"1280\" height=\"720\" \/><\/p>\n<h3><strong>O homem que foi tr\u00eas vezes papa: corrup\u00e7\u00e3o e poder na Idade Media<\/strong><\/h3>\n<p>O homem que foi tr\u00eas vezes papa \u00e9 um excelente livro sobre a corrup\u00e7\u00e3o. Apesar de detalhar a trajet\u00f3ria daquele que ocupou o trono de S\u00e3o Pedro, com o nome de Bento IX, na distante Idade M\u00e9dia, a maneira como Leandro Rust constr\u00f3i o problema nos leva a oscilar permanentemente entre o passado e o presente. A escrita \u00e9 envolvente \u2013 marca registrada do autor \u2013 e nos arrasta pelos enredos que desvelam os bastidores em\u00a0que se foi forjando a fama de corrupto desse pont\u00edfice. Os palcos em que se encenaram<\/p>\n<p>as acusa\u00e7\u00f5es, bem como o teor dos argumentos, nos soam familiares: uma institui\u00e7\u00e3o sequestrada por interesses particulares, imoralidades, desvios de conduta. Situa\u00e7\u00e3o agravada pelo fato de se tratar da Igreja e de um papa. Os discursos dos agentes hist\u00f3ricos que acusam a corrup\u00e7\u00e3o s\u00e3o inequ\u00edvocos quanto \u00e0 necessidade de extirpar o mal e proteger a virtude. Essa \u00e9 a face que o problema da corrup\u00e7\u00e3o assume, at\u00e9 os dias atuais. Mas h\u00e1 muito mais por tr\u00e1s da apar\u00eancia que, enganosamente, aponta todas as<\/p>\n<p>setas para os crimes e fraquezas de um indiv\u00edduo. E \u00e9 esse jogo de cena que este livro nos ajuda a compreender, ao desvelar o fundo pol\u00edtico das acusa\u00e7\u00f5es que, em diferentes \u00e9pocas, traduziu os desafios enfrentados pelos poderosos em suas rela\u00e7\u00f5es sociais, fazendo de Bento IX o papa mais corrupto da hist\u00f3ria.<\/p>\n<hr \/>\n<h3><strong>A eleg\u00e2ncia do self: pequeno tratado sobre a nobreza<\/strong><\/h3>\n<p>No come\u00e7o de toda metaf\u00edsica h\u00e1 esta distin\u00e7\u00e3o entre o Self e o eu que \u201ceu sou\u201d, o Ser universal e o ser particular que \u201ceu sou\u201d, o Ser essencial e o ser existencial que \u201ceu sou\u201d.<\/p>\n<p>Tais afirma\u00e7\u00f5es fundam-se em uma experi\u00eancia simples: quando eu olho para o interior de mim mesmo, descubro o imenso, o sem-forma; quando olho para o exterior, descubro a variedade das formas e seus limites vis\u00edveis e evidentes.<\/p>\n<p>A quest\u00e3o \u00e9 n\u00e3o separar o vis\u00edvel e o invis\u00edvel, o eu e o Self. Talvez seja preciso, depois de ter-se voltado os olhos para o interior, quer dizer, para o universal, o imenso e o invis\u00edvel, aprender a ver, a partir desse imenso e invis\u00edvel, todas as coisas finitas ou particulares.<\/p>\n<p>Olhar para o interior do \u201coutro\u201d (coisa ou pessoa) \u00e9 reconhecer nele o mesmo imenso e invis\u00edvel \u201cSelf\u201d; olhar o exterior do outro \u00e9 reconhecer sua forma particular, seu \u00fanico e insubstitu\u00edvel \u201ceu\u201d.<\/p>\n<hr \/>\n<h3><strong>Solil\u00f3quios &#8211;\u00a0Da imortalidade da alma<\/strong><\/h3>\n<p>Agostinho pretendia que os Solil\u00f3quios e Da imortalidade da alma formassem um \u00fanico livro. Para aqueles que n\u00e3o est\u00e3o familiarizados com Agostinho, \u00e9 um bom livro para come\u00e7ar. Trata-se, como ele diz, dos assuntos sobre os quais ele mais queria saber na ocasi\u00e3o; ou seja, entre sua convers\u00e3o no ver\u00e3o de 386 e seu batismo na P\u00e1scoa de 387.<\/p>\n<hr \/>\n<h3><strong>Corpo e discurso: uma hist\u00f3ria de pr\u00e1ticas de linguagem<\/strong><\/h3>\n<p>Este livro consiste numa vers\u00e3o modificada do memorial da Th\u00e8se d\u2019\u00c9tat de Jean-Jacques Courtine. Seus cap\u00edtulos integraram o dossi\u00ea submetido \u00e0 avalia\u00e7\u00e3o de renomados linguistas na Universidade de Nanterre, em 1989. Essa era uma exig\u00eancia para quem pretendia avan\u00e7ar na carreira universit\u00e1ria, orientando disserta\u00e7\u00f5es de mestrado e teses de doutorado. Ao refletir sobre seu trajeto neste Corpo e discurso, Courtine se diz um \u201candarilho\u201d, que interrompe a marcha por um instante, volta seu olhar sobre o percurso, observa as marcas deixadas em seu caminho e se pergunta \u201cComo eu cheguei at\u00e9 aqui?\u201d Com essa autorreflex\u00e3o, ele nos guia generosamente por uma via repleta de pensamentos originais, excel\u00eancia acad\u00eamica e responsabilidade social. Suas an\u00e1lises do discurso comunista, das express\u00f5es do corpo e do rosto, das produ\u00e7\u00f5es da glossolalia, das transforma\u00e7\u00f5es da fala p\u00fablica e da onipresen\u00e7a moderna das emo\u00e7\u00f5es s\u00e3o fundamentais para a compreens\u00e3o da hist\u00f3ria de nossas pr\u00e1ticas de linguagem e dos consensos e conflitos de nossas sociedades.<\/p>\n<hr \/>\n<h3><strong>O jornal como fonte hist\u00f3rica<\/strong><\/h3>\n<p>Os historiadores utilizam muitos tipos diferentes de fontes hist\u00f3ricas, cada qual com suas especificidades e, por isso mesmo, requerendo metodologias pr\u00f3prias para an\u00e1lise. Neste livro abordaremos o jornal \u2013 e os peri\u00f3dicos de maneira mais geral \u2013 como fontes hist\u00f3ricas. Trata-se de fontes que, ao lado de serem muito ricas em informa\u00e7\u00f5es e discursos a serem analisados, precisam ser tratadas pelos historiadores com muitos cuidados tecnol\u00f3gicos.<\/p>\n<p>Os jornais \u2013 se por um lado transmitem informa\u00e7\u00f5es \u00fateis para os historiadores que examinam as \u00e9pocas em que foram produzidos \u2013 tamb\u00e9m revelam sil\u00eancios e escolhas daqueles que os veiculam, s\u00e3o capazes de manipular ou desinformar, transmitem opini\u00f5es relacionadas a pontos de vista pol\u00edticos, est\u00e3o presos a interesses econ\u00f4micos diversos. Da mesma forma, s\u00e3o fontes textuais produzidas por muitos autores e entrela\u00e7am diferentes linguagens escritas e imag\u00e9ticas. Para analis\u00e1-los adequadamente \u00e9 preciso cr\u00edtica e m\u00e9todo.<\/p>\n<p>Este livro mostra como trabalhar o jornal como fonte hist\u00f3rica, e por isso interessa aos historiadores e estudantes de Hist\u00f3ria. Entrementes, tamb\u00e9m poder\u00e1 favorecer a compreens\u00e3o e a cr\u00edtica dos textos jornal\u00edsticos contempor\u00e2neos, e por isso interessar\u00e1 aos profissionais e estudiosos da Comunica\u00e7\u00e3o, e mesmo ao p\u00fablico interessado em compreender criticamente os pr\u00f3prios discursos de nossa \u00e9poca.<\/p>\n<hr \/>\n<h3><strong>Hist\u00f3ria das religi\u00f5es mundiais<\/strong><\/h3>\n<p>Qual crit\u00e9rio se torna v\u00e1lido para inserir uma determinada religi\u00e3o em um manual de hist\u00f3ria das religi\u00f5es? Toda escolha se torna complicada, visto que nenhum manual seria capaz de contemplar todas as religi\u00f5es do mundo. A hist\u00f3ria das religi\u00f5es escrita por David S. Noss e Blake R. Grangaard n\u00e3o tem a pretens\u00e3o de trazer a hist\u00f3ria de todas as religi\u00f5es presentes no mundo, mas daquelas que de alguma forma se mundializaram, tornando-se relativamente presentes em v\u00e1rias regi\u00f5es do mundo, assumindo caracter\u00edsticas intercontinentais. As religi\u00f5es mundiais s\u00e3o as mais numerosas em adeptos como o islamismo e o cristianismo, mas tamb\u00e9m aquelas como o budismo e o hindu\u00edsmo, que se tornaram presentes para al\u00e9m de sua \u00e1rea de origem.<\/p>\n<p>H\u00e1 nesta obra o expl\u00edcito objetivo de preencher o intervalo entre a funda\u00e7\u00e3o das religi\u00f5es at\u00e9 suas condi\u00e7\u00f5es atuais. Entre as descri\u00e7\u00f5es e an\u00e1lises, a obra estabelece um cen\u00e1rio de intera\u00e7\u00e3o entre as religi\u00f5es, de modo que o leitor poder\u00e1 perceber, sobretudo nas cronologias, as rela\u00e7\u00f5es das religi\u00f5es em determinado contexto hist\u00f3rico e cultural e a influ\u00eancia que elas exercem umas sobre as outras, mas tamb\u00e9m na rela\u00e7\u00e3o que estabelecem com a sociedade na qual est\u00e3o inseridas. A presente obra \u00e9 fruto da experi\u00eancia de ensino dos autores, o que traz maturidade pedag\u00f3gica, contando com v\u00e1rias ferramentas did\u00e1ticas. Tamb\u00e9m a linguagem \u00e9 acess\u00edvel, podendo ser \u00fatil ao leitor que busca conhecimentos b\u00e1sicos para a experi\u00eancia educacional, mas tamb\u00e9m \u00e0quele que se dedica \u00e0 pesquisa ou ao que n\u00e3o est\u00e1 no ambiente educacional, mas que se interessa pelo universo das religi\u00f5es, suas cren\u00e7as, hist\u00f3rias e cosmologias.<\/p>\n<hr \/>\n<h3><strong>Depois de Deus&#8230;<\/strong><\/h3>\n<p>Na inten\u00e7\u00e3o de seu autor, este n\u00e3o pretende ser um livro de leitura. Aspira a ser um texto de reflex\u00e3o ou medita\u00e7\u00e3o; para alguns, talvez, inclusive de s\u00faplica. O conselho \u00e9, portanto, n\u00e3o l\u00ea-lo de uma s\u00f3 vez; limite-se a um cap\u00edtulo por dia, ou a cada dois dias, e que o resto do tempo seja para digerir e tornar carne pr\u00f3pria as experi\u00eancias que cada cap\u00edtulo tenta sugerir.<\/p>\n<p>Al\u00e9m disso, existe neste livro uma s\u00e9rie de ap\u00eandices ou par\u00eanteses que se referem \u00e0 nossa vida cotidiana, sobretudo pol\u00edticos, e, obviamente, discut\u00edveis. Qui\u00e7\u00e1 convenha a algum leitor salt\u00e1-los, ao menos numa primeira leitura. Para mim, por\u00e9m, s\u00e3o necess\u00e1rios, pois penso que, se Deus existe, h\u00e1 nisto um significado que afeta todas as dimens\u00f5es de nosso existir. Por mais distante, transcendente e \u201cinteiramente outro\u201d que Deus possa ser, se Ele existe, isso nos diz respeito.<\/p>\n<hr \/>\n<h3><strong>Inf\u00e2ncias negras: viv\u00eancias e lutas por uma vida justa<\/strong><\/h3>\n<p>O livro Inf\u00e2ncias negras \u2013 Viv\u00eancias e lutas por uma vida justa surge a partir de uma necessidade e urg\u00eancia: produzir conhecimento que dialogue com as diversas experi\u00eancias de crian\u00e7as negras brasileiras; em especial, aquelas que residem no Estado de Minas Gerais.<\/p>\n<p>Os cap\u00edtulos foram elaborados a partir das pesquisas realizadas pelos autores e autoras no Programa de P\u00f3s-gradua\u00e7\u00e3o em Educa\u00e7\u00e3o, Conhecimento e Inclus\u00e3o Social, da FAE\/UFMG, no Programa de P\u00f3s-gradua\u00e7\u00e3o em Letras: Estudos Liter\u00e1rios da UFMG e na viv\u00eancia da pr\u00e1tica pedag\u00f3gica de docentes da Educa\u00e7\u00e3o B\u00e1sica da Rede Estadual de Minas Gerais e da Rede Municipal de Belo Horizonte.<\/p>\n<p>O conjunto de textos tem dois pontos em comum: o respeito \u00e0s crian\u00e7as negras e suas inf\u00e2ncias e a indigna\u00e7\u00e3o diante do racismo que assola a vida de todas as pessoas negras em nosso pa\u00eds e incide sobre a sua vida desde a inf\u00e2ncia at\u00e9 a velhice.<\/p>\n<hr \/>\n<h3><strong>Ora\u00e7\u00f5es para cuidadores<\/strong><\/h3>\n<p>Todas as ora\u00e7\u00f5es deste livro comp\u00f5em-se de uma cita\u00e7\u00e3o curta \u2013 destinada a prover alimento para medita\u00e7\u00e3o \u2013, uma breve reflex\u00e3o e uma prece.<\/p>\n<p>Talvez voc\u00ea queira come\u00e7ar com uma prece sucinta, ou ent\u00e3o sinta-se impelido a debru\u00e7ar-se, com mais vagar, sobre cada um dos segmentos. Caso tenha tempo e inclina\u00e7\u00e3o, medite passo a passo.<\/p>\n<p>Talvez voc\u00ea prefira iniciar rezando a cita\u00e7\u00e3o curta. Neste caso, pondere a respeito. Volte a rez\u00e1-la v\u00e1rias vezes, lenta e pensativamente, permitindo o seu significado tocar-lhe a alma.<\/p>\n<hr \/>\n<p style=\"padding-left: 40px;\">Todos esses produtos podem ser adquiridos pelos sites\u00a0www.livrariavozes.com.br\u00a0ou \u00a0site:\u00a0<a href=\"http:\/\/vozes.com.br\">http:\/\/vozes.com.br<\/a><\/p>\n<p style=\"padding-left: 40px;\">E-mail:\u00a0<a href=\"mailto:contato@vozes.com.br\">contato@vozes.com.br<\/a><br \/>\nTel. 11 3101 8451<br \/>\n<strong>Editora Vozes<\/strong><\/p>\n","protected":false},"excerpt":{"rendered":"<p>Editora Vozes<\/p>\n","protected":false},"author":7,"featured_media":242561,"comment_status":"open","ping_status":"open","sticky":false,"template":"","format":"standard","meta":[],"categories":[1],"tags":[238],"acf":[],"yoast_head":"<!-- This site is optimized with the Yoast SEO plugin v19.2 - https:\/\/yoast.com\/wordpress\/plugins\/seo\/ -->\n<title>&quot;O homem que foi tr\u00eas vezes papa&quot; entre os lan\u00e7amentos da Editora Vozes - Not\u00edcias - Franciscanos<\/title>\n<meta name=\"robots\" content=\"index, follow, max-snippet:-1, max-image-preview:large, max-video-preview:-1\" \/>\n<link rel=\"canonical\" href=\"https:\/\/franciscanos.org.br\/noticias\/o-homem-que-foi-tres-vezes-papa-entre-os-lancamentos-da-editora-vozes.html\" \/>\n<meta property=\"og:locale\" content=\"pt_BR\" \/>\n<meta property=\"og:type\" content=\"article\" \/>\n<meta property=\"og:title\" content=\"&quot;O homem que foi tr\u00eas vezes papa&quot; entre os lan\u00e7amentos da Editora Vozes - Not\u00edcias - Franciscanos\" \/>\n<meta property=\"og:description\" content=\"Editora Vozes\" \/>\n<meta property=\"og:url\" content=\"https:\/\/franciscanos.org.br\/noticias\/o-homem-que-foi-tres-vezes-papa-entre-os-lancamentos-da-editora-vozes.html\" \/>\n<meta property=\"og:site_name\" content=\"Not\u00edcias - Franciscanos\" \/>\n<meta property=\"article:published_time\" content=\"2023-04-04T09:06:40+00:00\" \/>\n<meta property=\"article:modified_time\" content=\"2023-04-04T20:03:26+00:00\" \/>\n<meta property=\"og:image\" content=\"https:\/\/franciscanos.org.br\/noticias\/wp-content\/uploads\/2023\/03\/vozes-30-03-800.jpg\" \/>\n\t<meta property=\"og:image:width\" content=\"800\" \/>\n\t<meta property=\"og:image:height\" content=\"550\" \/>\n\t<meta property=\"og:image:type\" content=\"image\/jpeg\" \/>\n<meta name=\"author\" content=\"jovenal\" \/>\n<meta name=\"twitter:card\" content=\"summary_large_image\" \/>\n<meta name=\"twitter:label1\" content=\"Escrito por\" \/>\n\t<meta name=\"twitter:data1\" content=\"jovenal\" \/>\n\t<meta name=\"twitter:label2\" content=\"Est. tempo de leitura\" \/>\n\t<meta name=\"twitter:data2\" content=\"9 minutos\" \/>\n<script type=\"application\/ld+json\" class=\"yoast-schema-graph\">{\"@context\":\"https:\/\/schema.org\",\"@graph\":[{\"@type\":\"WebSite\",\"@id\":\"https:\/\/franciscanos.org.br\/noticias\/#website\",\"url\":\"https:\/\/franciscanos.org.br\/noticias\/\",\"name\":\"Not\u00edcias - Franciscanos\",\"description\":\"Prov\u00edncia Franciscana da Imaculada Concei\u00e7\u00e3o do Brasil - Ordem dos Frades Menores - OFM\",\"potentialAction\":[{\"@type\":\"SearchAction\",\"target\":{\"@type\":\"EntryPoint\",\"urlTemplate\":\"https:\/\/franciscanos.org.br\/noticias\/?s={search_term_string}\"},\"query-input\":\"required name=search_term_string\"}],\"inLanguage\":\"pt-BR\"},{\"@type\":\"ImageObject\",\"inLanguage\":\"pt-BR\",\"@id\":\"https:\/\/franciscanos.org.br\/noticias\/o-homem-que-foi-tres-vezes-papa-entre-os-lancamentos-da-editora-vozes.html#primaryimage\",\"url\":\"https:\/\/franciscanos.org.br\/noticias\/wp-content\/uploads\/2023\/03\/vozes-30-03-800.jpg\",\"contentUrl\":\"https:\/\/franciscanos.org.br\/noticias\/wp-content\/uploads\/2023\/03\/vozes-30-03-800.jpg\",\"width\":800,\"height\":550},{\"@type\":\"WebPage\",\"@id\":\"https:\/\/franciscanos.org.br\/noticias\/o-homem-que-foi-tres-vezes-papa-entre-os-lancamentos-da-editora-vozes.html#webpage\",\"url\":\"https:\/\/franciscanos.org.br\/noticias\/o-homem-que-foi-tres-vezes-papa-entre-os-lancamentos-da-editora-vozes.html\",\"name\":\"\\\"O homem que foi tr\u00eas vezes papa\\\" entre os lan\u00e7amentos da Editora Vozes - Not\u00edcias - Franciscanos\",\"isPartOf\":{\"@id\":\"https:\/\/franciscanos.org.br\/noticias\/#website\"},\"primaryImageOfPage\":{\"@id\":\"https:\/\/franciscanos.org.br\/noticias\/o-homem-que-foi-tres-vezes-papa-entre-os-lancamentos-da-editora-vozes.html#primaryimage\"},\"datePublished\":\"2023-04-04T09:06:40+00:00\",\"dateModified\":\"2023-04-04T20:03:26+00:00\",\"author\":{\"@id\":\"https:\/\/franciscanos.org.br\/noticias\/#\/schema\/person\/c3a26b08313dd1772495ce300ab257cc\"},\"breadcrumb\":{\"@id\":\"https:\/\/franciscanos.org.br\/noticias\/o-homem-que-foi-tres-vezes-papa-entre-os-lancamentos-da-editora-vozes.html#breadcrumb\"},\"inLanguage\":\"pt-BR\",\"potentialAction\":[{\"@type\":\"ReadAction\",\"target\":[\"https:\/\/franciscanos.org.br\/noticias\/o-homem-que-foi-tres-vezes-papa-entre-os-lancamentos-da-editora-vozes.html\"]}]},{\"@type\":\"BreadcrumbList\",\"@id\":\"https:\/\/franciscanos.org.br\/noticias\/o-homem-que-foi-tres-vezes-papa-entre-os-lancamentos-da-editora-vozes.html#breadcrumb\",\"itemListElement\":[{\"@type\":\"ListItem\",\"position\":1,\"name\":\"Home\",\"item\":\"https:\/\/franciscanos.org.br\/noticias\"},{\"@type\":\"ListItem\",\"position\":2,\"name\":\"&#8220;O homem que foi tr\u00eas vezes papa&#8221; entre os lan\u00e7amentos da Editora Vozes\"}]},{\"@type\":\"Person\",\"@id\":\"https:\/\/franciscanos.org.br\/noticias\/#\/schema\/person\/c3a26b08313dd1772495ce300ab257cc\",\"name\":\"jovenal\",\"image\":{\"@type\":\"ImageObject\",\"inLanguage\":\"pt-BR\",\"@id\":\"https:\/\/franciscanos.org.br\/noticias\/#\/schema\/person\/image\/\",\"url\":\"https:\/\/secure.gravatar.com\/avatar\/e94509f531086e2eaf97e72f29ea00f9?s=96&d=mm&r=g\",\"contentUrl\":\"https:\/\/secure.gravatar.com\/avatar\/e94509f531086e2eaf97e72f29ea00f9?s=96&d=mm&r=g\",\"caption\":\"jovenal\"},\"url\":\"https:\/\/franciscanos.org.br\/noticias\/author\/jovenal\"}]}<\/script>\n<!-- \/ Yoast SEO plugin. -->","yoast_head_json":{"title":"\"O homem que foi tr\u00eas vezes papa\" entre os lan\u00e7amentos da Editora Vozes - Not\u00edcias - Franciscanos","robots":{"index":"index","follow":"follow","max-snippet":"max-snippet:-1","max-image-preview":"max-image-preview:large","max-video-preview":"max-video-preview:-1"},"canonical":"https:\/\/franciscanos.org.br\/noticias\/o-homem-que-foi-tres-vezes-papa-entre-os-lancamentos-da-editora-vozes.html","og_locale":"pt_BR","og_type":"article","og_title":"\"O homem que foi tr\u00eas vezes papa\" entre os lan\u00e7amentos da Editora Vozes - Not\u00edcias - Franciscanos","og_description":"Editora Vozes","og_url":"https:\/\/franciscanos.org.br\/noticias\/o-homem-que-foi-tres-vezes-papa-entre-os-lancamentos-da-editora-vozes.html","og_site_name":"Not\u00edcias - Franciscanos","article_published_time":"2023-04-04T09:06:40+00:00","article_modified_time":"2023-04-04T20:03:26+00:00","og_image":[{"width":800,"height":550,"url":"https:\/\/franciscanos.org.br\/noticias\/wp-content\/uploads\/2023\/03\/vozes-30-03-800.jpg","type":"image\/jpeg"}],"author":"jovenal","twitter_card":"summary_large_image","twitter_misc":{"Escrito por":"jovenal","Est. tempo de leitura":"9 minutos"},"schema":{"@context":"https:\/\/schema.org","@graph":[{"@type":"WebSite","@id":"https:\/\/franciscanos.org.br\/noticias\/#website","url":"https:\/\/franciscanos.org.br\/noticias\/","name":"Not\u00edcias - Franciscanos","description":"Prov\u00edncia Franciscana da Imaculada Concei\u00e7\u00e3o do Brasil - Ordem dos Frades Menores - OFM","potentialAction":[{"@type":"SearchAction","target":{"@type":"EntryPoint","urlTemplate":"https:\/\/franciscanos.org.br\/noticias\/?s={search_term_string}"},"query-input":"required name=search_term_string"}],"inLanguage":"pt-BR"},{"@type":"ImageObject","inLanguage":"pt-BR","@id":"https:\/\/franciscanos.org.br\/noticias\/o-homem-que-foi-tres-vezes-papa-entre-os-lancamentos-da-editora-vozes.html#primaryimage","url":"https:\/\/franciscanos.org.br\/noticias\/wp-content\/uploads\/2023\/03\/vozes-30-03-800.jpg","contentUrl":"https:\/\/franciscanos.org.br\/noticias\/wp-content\/uploads\/2023\/03\/vozes-30-03-800.jpg","width":800,"height":550},{"@type":"WebPage","@id":"https:\/\/franciscanos.org.br\/noticias\/o-homem-que-foi-tres-vezes-papa-entre-os-lancamentos-da-editora-vozes.html#webpage","url":"https:\/\/franciscanos.org.br\/noticias\/o-homem-que-foi-tres-vezes-papa-entre-os-lancamentos-da-editora-vozes.html","name":"\"O homem que foi tr\u00eas vezes papa\" entre os lan\u00e7amentos da Editora Vozes - Not\u00edcias - Franciscanos","isPartOf":{"@id":"https:\/\/franciscanos.org.br\/noticias\/#website"},"primaryImageOfPage":{"@id":"https:\/\/franciscanos.org.br\/noticias\/o-homem-que-foi-tres-vezes-papa-entre-os-lancamentos-da-editora-vozes.html#primaryimage"},"datePublished":"2023-04-04T09:06:40+00:00","dateModified":"2023-04-04T20:03:26+00:00","author":{"@id":"https:\/\/franciscanos.org.br\/noticias\/#\/schema\/person\/c3a26b08313dd1772495ce300ab257cc"},"breadcrumb":{"@id":"https:\/\/franciscanos.org.br\/noticias\/o-homem-que-foi-tres-vezes-papa-entre-os-lancamentos-da-editora-vozes.html#breadcrumb"},"inLanguage":"pt-BR","potentialAction":[{"@type":"ReadAction","target":["https:\/\/franciscanos.org.br\/noticias\/o-homem-que-foi-tres-vezes-papa-entre-os-lancamentos-da-editora-vozes.html"]}]},{"@type":"BreadcrumbList","@id":"https:\/\/franciscanos.org.br\/noticias\/o-homem-que-foi-tres-vezes-papa-entre-os-lancamentos-da-editora-vozes.html#breadcrumb","itemListElement":[{"@type":"ListItem","position":1,"name":"Home","item":"https:\/\/franciscanos.org.br\/noticias"},{"@type":"ListItem","position":2,"name":"&#8220;O homem que foi tr\u00eas vezes papa&#8221; entre os lan\u00e7amentos da Editora Vozes"}]},{"@type":"Person","@id":"https:\/\/franciscanos.org.br\/noticias\/#\/schema\/person\/c3a26b08313dd1772495ce300ab257cc","name":"jovenal","image":{"@type":"ImageObject","inLanguage":"pt-BR","@id":"https:\/\/franciscanos.org.br\/noticias\/#\/schema\/person\/image\/","url":"https:\/\/secure.gravatar.com\/avatar\/e94509f531086e2eaf97e72f29ea00f9?s=96&d=mm&r=g","contentUrl":"https:\/\/secure.gravatar.com\/avatar\/e94509f531086e2eaf97e72f29ea00f9?s=96&d=mm&r=g","caption":"jovenal"},"url":"https:\/\/franciscanos.org.br\/noticias\/author\/jovenal"}]}},"_links":{"self":[{"href":"https:\/\/franciscanos.org.br\/noticias\/wp-json\/wp\/v2\/posts\/242558"}],"collection":[{"href":"https:\/\/franciscanos.org.br\/noticias\/wp-json\/wp\/v2\/posts"}],"about":[{"href":"https:\/\/franciscanos.org.br\/noticias\/wp-json\/wp\/v2\/types\/post"}],"author":[{"embeddable":true,"href":"https:\/\/franciscanos.org.br\/noticias\/wp-json\/wp\/v2\/users\/7"}],"replies":[{"embeddable":true,"href":"https:\/\/franciscanos.org.br\/noticias\/wp-json\/wp\/v2\/comments?post=242558"}],"version-history":[{"count":4,"href":"https:\/\/franciscanos.org.br\/noticias\/wp-json\/wp\/v2\/posts\/242558\/revisions"}],"predecessor-version":[{"id":242613,"href":"https:\/\/franciscanos.org.br\/noticias\/wp-json\/wp\/v2\/posts\/242558\/revisions\/242613"}],"wp:featuredmedia":[{"embeddable":true,"href":"https:\/\/franciscanos.org.br\/noticias\/wp-json\/wp\/v2\/media\/242561"}],"wp:attachment":[{"href":"https:\/\/franciscanos.org.br\/noticias\/wp-json\/wp\/v2\/media?parent=242558"}],"wp:term":[{"taxonomy":"category","embeddable":true,"href":"https:\/\/franciscanos.org.br\/noticias\/wp-json\/wp\/v2\/categories?post=242558"},{"taxonomy":"post_tag","embeddable":true,"href":"https:\/\/franciscanos.org.br\/noticias\/wp-json\/wp\/v2\/tags?post=242558"}],"curies":[{"name":"wp","href":"https:\/\/api.w.org\/{rel}","templated":true}]}}