{"id":242538,"date":"2023-03-29T07:18:56","date_gmt":"2023-03-29T10:18:56","guid":{"rendered":"https:\/\/franciscanos.org.br\/noticias\/?p=242538"},"modified":"2025-03-10T15:32:17","modified_gmt":"2025-03-10T18:32:17","slug":"postulantes-de-angola-fazem-experiencia-do-beijo-do-leproso-na-fazenda-da-esperanca","status":"publish","type":"post","link":"https:\/\/franciscanos.org.br\/noticias\/postulantes-de-angola-fazem-experiencia-do-beijo-do-leproso-na-fazenda-da-esperanca.html","title":{"rendered":"Postulantes de Angola fazem experi\u00eancia do \u201cbeijo do leproso\u201d na Fazenda da Esperan\u00e7a"},"content":{"rendered":"<p><img loading=\"lazy\" class=\"alignnone size-full wp-image-242539\" src=\"https:\/\/franciscanos.org.br\/noticias\/wp-content\/uploads\/2023\/03\/angola_29.jpg\" alt=\"\" width=\"1280\" height=\"720\" srcset=\"https:\/\/franciscanos.org.br\/noticias\/wp-content\/uploads\/2023\/03\/angola_29.jpg 1280w, https:\/\/franciscanos.org.br\/noticias\/wp-content\/uploads\/2023\/03\/angola_29-450x253.jpg 450w, https:\/\/franciscanos.org.br\/noticias\/wp-content\/uploads\/2023\/03\/angola_29-1024x576.jpg 1024w, https:\/\/franciscanos.org.br\/noticias\/wp-content\/uploads\/2023\/03\/angola_29-768x432.jpg 768w, https:\/\/franciscanos.org.br\/noticias\/wp-content\/uploads\/2023\/03\/angola_29-150x84.jpg 150w\" sizes=\"(max-width: 1280px) 100vw, 1280px\" \/><\/p>\n<p><em>\u201cFoi o Senhor que me conduziu no meio deles, e eu usei de miseric\u00f3rdia para com eles\u201d (Test 2)<\/em><\/p>\n<p>Nos meses de fevereiro e mar\u00e7o de 2023, os postulantes da <strong>\u00a0<\/strong>\u00a0Funda\u00e7\u00e3o Imaculada M\u00e3e de Deus de Angola da Ordem Frades Menores fizeram a experi\u00eancia do \u201cbeijo do leproso\u201d, durante 30 dias, na <strong>Fazenda da Esperan\u00e7a<\/strong>. A mesma est\u00e1 localizada na Prov\u00edncia do Huambo, h\u00e1 610 km de Luanda, a capital do pa\u00eds.<\/p>\n<p>A Fazenda da Esperan\u00e7a, fus\u00e3o do carisma Franciscano e focolarino, \u00e9 uma institui\u00e7\u00e3o da Igreja que colhe adolescentes, jovens e adultos que s\u00e3o toxicodependentes e outros v\u00edcios.\u00a0 Os postulantes, durante a experi\u00eancia, partilharam a vida com os irm\u00e3os que se encontram em recupera\u00e7\u00e3o. E, na medida do poss\u00edvel, se encaixaram no trip\u00e9 da Fazenda: <strong>Conviv\u00eancia, trabalho e espiritualidade.<\/strong><\/p>\n<p>Apesar de algumas dificuldades emocionais de lidar com essa realidade, tendo em conta a realidade em que muitos fazendeiros viveram, os postulantes, no encontro com os irm\u00e3os marginalizados pela sociedade, deixaram-se \u201cbeijar por eles\u201d. \u00a0E perceberam que n\u00e3o estavam apenas indo ao encontro do leproso, mas procuravam curar o leproso que estava dentro de cada um. Essa experi\u00eancia pode ser extremamente desconfort\u00e1vel, apesar disso, puderam realizar todas tarefas conforme o esp\u00edrito os inspirava a faz\u00ea-las por amor a Deus e aos irm\u00e3os. Uma experi\u00eancia que ficou cravada na vida e nos cora\u00e7\u00f5es dos postulantes. Contudo, o pr\u00f3prio Francisco diria que, \u201cpor iniciativa do Senhor, operou-se em mim uma transforma\u00e7\u00e3o. Ent\u00e3o, aquilo que antes me parecia amargo, transformou-se para mim em do\u00e7ura de alma e de corpo\u201d (Test 1,3).<\/p>\n<p><img loading=\"lazy\" class=\"alignnone size-full wp-image-242540\" src=\"https:\/\/franciscanos.org.br\/noticias\/wp-content\/uploads\/2023\/03\/angola_29_2.jpg\" alt=\"\" width=\"1280\" height=\"576\" srcset=\"https:\/\/franciscanos.org.br\/noticias\/wp-content\/uploads\/2023\/03\/angola_29_2.jpg 1280w, https:\/\/franciscanos.org.br\/noticias\/wp-content\/uploads\/2023\/03\/angola_29_2-450x203.jpg 450w, https:\/\/franciscanos.org.br\/noticias\/wp-content\/uploads\/2023\/03\/angola_29_2-1024x461.jpg 1024w, https:\/\/franciscanos.org.br\/noticias\/wp-content\/uploads\/2023\/03\/angola_29_2-768x346.jpg 768w, https:\/\/franciscanos.org.br\/noticias\/wp-content\/uploads\/2023\/03\/angola_29_2-150x68.jpg 150w\" sizes=\"(max-width: 1280px) 100vw, 1280px\" \/><\/p>\n<p>Os postulantes, al\u00e9m de outros servi\u00e7os, ajudaram nos momentos celebrativos, sobretudo na Reflex\u00e3o da Palavra de Deus. Eles tamb\u00e9m serviram de ouvidos para os irm\u00e3os que quiseram partilhar as suas hist\u00f3rias. Foram muitas hist\u00f3rias. Em um mesmo lugar, teve-se a oportunidade conviver com pessoas que vieram de todas as partes deste grande pa\u00eds. Encontra-se na fazenda pessoas de v\u00e1rios extratos sociais: juristas, advogados, professores universit\u00e1rios, comerciantes, frades, enfim, uma pluralidade de pessoas. Com isso, aprendeu-se que todo ser humano, caso n\u00e3o se cuide, est\u00e1 suscept\u00edvel a cair.<\/p>\n<p>Os postulantes manifestam gratid\u00e3o \u00e0 Funda\u00e7\u00e3o\u00a0 Imaculada m\u00e3e de Deus de Angola e ao mestre da etapa, Frei Jefferson Max Nunes Maciel, por todo apoio. Estende tamb\u00e9m os agradecimentos aos irm\u00e3os da Fazenda, que tudo fizeram para que a experi\u00eancia se tornasse uma realidade. Todos os postulantes sentem-se profundamente transformados depois dessa experi\u00eancia.<\/p>\n<hr \/>\n<p><em>Nascimento Hebo &amp; Emanuel Bongo, postulantes<\/em><\/p>\n","protected":false},"excerpt":{"rendered":"<p>Miss\u00e3o de Angola<\/p>\n","protected":false},"author":3,"featured_media":242539,"comment_status":"open","ping_status":"open","sticky":false,"template":"","format":"standard","meta":[],"categories":[1],"tags":[195,2056],"acf":[],"yoast_head":"<!-- This site is optimized with the Yoast SEO plugin v19.2 - https:\/\/yoast.com\/wordpress\/plugins\/seo\/ -->\n<title>Postulantes de Angola fazem experi\u00eancia do \u201cbeijo do leproso\u201d na Fazenda da Esperan\u00e7a - Not\u00edcias - Franciscanos<\/title>\n<meta name=\"robots\" content=\"index, follow, max-snippet:-1, max-image-preview:large, max-video-preview:-1\" \/>\n<link rel=\"canonical\" href=\"https:\/\/franciscanos.org.br\/noticias\/postulantes-de-angola-fazem-experiencia-do-beijo-do-leproso-na-fazenda-da-esperanca.html\" \/>\n<meta property=\"og:locale\" content=\"pt_BR\" \/>\n<meta property=\"og:type\" content=\"article\" \/>\n<meta property=\"og:title\" content=\"Postulantes de Angola fazem experi\u00eancia do \u201cbeijo do leproso\u201d na Fazenda da Esperan\u00e7a - Not\u00edcias - Franciscanos\" \/>\n<meta property=\"og:description\" content=\"Miss\u00e3o de Angola\" \/>\n<meta property=\"og:url\" content=\"https:\/\/franciscanos.org.br\/noticias\/postulantes-de-angola-fazem-experiencia-do-beijo-do-leproso-na-fazenda-da-esperanca.html\" \/>\n<meta property=\"og:site_name\" content=\"Not\u00edcias - Franciscanos\" \/>\n<meta property=\"article:published_time\" content=\"2023-03-29T10:18:56+00:00\" \/>\n<meta property=\"article:modified_time\" content=\"2025-03-10T18:32:17+00:00\" \/>\n<meta property=\"og:image\" content=\"https:\/\/franciscanos.org.br\/noticias\/wp-content\/uploads\/2023\/03\/angola_29.jpg\" \/>\n\t<meta property=\"og:image:width\" content=\"1280\" \/>\n\t<meta property=\"og:image:height\" content=\"720\" \/>\n\t<meta property=\"og:image:type\" content=\"image\/jpeg\" \/>\n<meta name=\"author\" content=\"moacir\" \/>\n<meta name=\"twitter:card\" content=\"summary_large_image\" \/>\n<meta name=\"twitter:label1\" content=\"Escrito por\" \/>\n\t<meta name=\"twitter:data1\" content=\"moacir\" \/>\n\t<meta name=\"twitter:label2\" content=\"Est. tempo de leitura\" \/>\n\t<meta name=\"twitter:data2\" content=\"2 minutos\" \/>\n<script type=\"application\/ld+json\" class=\"yoast-schema-graph\">{\"@context\":\"https:\/\/schema.org\",\"@graph\":[{\"@type\":\"WebSite\",\"@id\":\"https:\/\/franciscanos.org.br\/noticias\/#website\",\"url\":\"https:\/\/franciscanos.org.br\/noticias\/\",\"name\":\"Not\u00edcias - Franciscanos\",\"description\":\"Prov\u00edncia Franciscana da Imaculada Concei\u00e7\u00e3o do Brasil - Ordem dos Frades Menores - OFM\",\"potentialAction\":[{\"@type\":\"SearchAction\",\"target\":{\"@type\":\"EntryPoint\",\"urlTemplate\":\"https:\/\/franciscanos.org.br\/noticias\/?s={search_term_string}\"},\"query-input\":\"required name=search_term_string\"}],\"inLanguage\":\"pt-BR\"},{\"@type\":\"ImageObject\",\"inLanguage\":\"pt-BR\",\"@id\":\"https:\/\/franciscanos.org.br\/noticias\/postulantes-de-angola-fazem-experiencia-do-beijo-do-leproso-na-fazenda-da-esperanca.html#primaryimage\",\"url\":\"https:\/\/franciscanos.org.br\/noticias\/wp-content\/uploads\/2023\/03\/angola_29.jpg\",\"contentUrl\":\"https:\/\/franciscanos.org.br\/noticias\/wp-content\/uploads\/2023\/03\/angola_29.jpg\",\"width\":1280,\"height\":720},{\"@type\":\"WebPage\",\"@id\":\"https:\/\/franciscanos.org.br\/noticias\/postulantes-de-angola-fazem-experiencia-do-beijo-do-leproso-na-fazenda-da-esperanca.html#webpage\",\"url\":\"https:\/\/franciscanos.org.br\/noticias\/postulantes-de-angola-fazem-experiencia-do-beijo-do-leproso-na-fazenda-da-esperanca.html\",\"name\":\"Postulantes de Angola fazem experi\u00eancia do \u201cbeijo do leproso\u201d na Fazenda da Esperan\u00e7a - Not\u00edcias - Franciscanos\",\"isPartOf\":{\"@id\":\"https:\/\/franciscanos.org.br\/noticias\/#website\"},\"primaryImageOfPage\":{\"@id\":\"https:\/\/franciscanos.org.br\/noticias\/postulantes-de-angola-fazem-experiencia-do-beijo-do-leproso-na-fazenda-da-esperanca.html#primaryimage\"},\"datePublished\":\"2023-03-29T10:18:56+00:00\",\"dateModified\":\"2025-03-10T18:32:17+00:00\",\"author\":{\"@id\":\"https:\/\/franciscanos.org.br\/noticias\/#\/schema\/person\/b5c8cba458c330ccff548b056e95a5d4\"},\"breadcrumb\":{\"@id\":\"https:\/\/franciscanos.org.br\/noticias\/postulantes-de-angola-fazem-experiencia-do-beijo-do-leproso-na-fazenda-da-esperanca.html#breadcrumb\"},\"inLanguage\":\"pt-BR\",\"potentialAction\":[{\"@type\":\"ReadAction\",\"target\":[\"https:\/\/franciscanos.org.br\/noticias\/postulantes-de-angola-fazem-experiencia-do-beijo-do-leproso-na-fazenda-da-esperanca.html\"]}]},{\"@type\":\"BreadcrumbList\",\"@id\":\"https:\/\/franciscanos.org.br\/noticias\/postulantes-de-angola-fazem-experiencia-do-beijo-do-leproso-na-fazenda-da-esperanca.html#breadcrumb\",\"itemListElement\":[{\"@type\":\"ListItem\",\"position\":1,\"name\":\"Home\",\"item\":\"https:\/\/franciscanos.org.br\/noticias\"},{\"@type\":\"ListItem\",\"position\":2,\"name\":\"Postulantes de Angola fazem experi\u00eancia do \u201cbeijo do leproso\u201d na Fazenda da Esperan\u00e7a\"}]},{\"@type\":\"Person\",\"@id\":\"https:\/\/franciscanos.org.br\/noticias\/#\/schema\/person\/b5c8cba458c330ccff548b056e95a5d4\",\"name\":\"moacir\",\"image\":{\"@type\":\"ImageObject\",\"inLanguage\":\"pt-BR\",\"@id\":\"https:\/\/franciscanos.org.br\/noticias\/#\/schema\/person\/image\/\",\"url\":\"https:\/\/secure.gravatar.com\/avatar\/d08aa2ce4c8dd416d4479aa8536fcf64?s=96&d=mm&r=g\",\"contentUrl\":\"https:\/\/secure.gravatar.com\/avatar\/d08aa2ce4c8dd416d4479aa8536fcf64?s=96&d=mm&r=g\",\"caption\":\"moacir\"},\"url\":\"https:\/\/franciscanos.org.br\/noticias\/author\/moacir\"}]}<\/script>\n<!-- \/ Yoast SEO plugin. -->","yoast_head_json":{"title":"Postulantes de Angola fazem experi\u00eancia do \u201cbeijo do leproso\u201d na Fazenda da Esperan\u00e7a - Not\u00edcias - Franciscanos","robots":{"index":"index","follow":"follow","max-snippet":"max-snippet:-1","max-image-preview":"max-image-preview:large","max-video-preview":"max-video-preview:-1"},"canonical":"https:\/\/franciscanos.org.br\/noticias\/postulantes-de-angola-fazem-experiencia-do-beijo-do-leproso-na-fazenda-da-esperanca.html","og_locale":"pt_BR","og_type":"article","og_title":"Postulantes de Angola fazem experi\u00eancia do \u201cbeijo do leproso\u201d na Fazenda da Esperan\u00e7a - Not\u00edcias - Franciscanos","og_description":"Miss\u00e3o de Angola","og_url":"https:\/\/franciscanos.org.br\/noticias\/postulantes-de-angola-fazem-experiencia-do-beijo-do-leproso-na-fazenda-da-esperanca.html","og_site_name":"Not\u00edcias - Franciscanos","article_published_time":"2023-03-29T10:18:56+00:00","article_modified_time":"2025-03-10T18:32:17+00:00","og_image":[{"width":1280,"height":720,"url":"https:\/\/franciscanos.org.br\/noticias\/wp-content\/uploads\/2023\/03\/angola_29.jpg","type":"image\/jpeg"}],"author":"moacir","twitter_card":"summary_large_image","twitter_misc":{"Escrito por":"moacir","Est. tempo de leitura":"2 minutos"},"schema":{"@context":"https:\/\/schema.org","@graph":[{"@type":"WebSite","@id":"https:\/\/franciscanos.org.br\/noticias\/#website","url":"https:\/\/franciscanos.org.br\/noticias\/","name":"Not\u00edcias - Franciscanos","description":"Prov\u00edncia Franciscana da Imaculada Concei\u00e7\u00e3o do Brasil - Ordem dos Frades Menores - OFM","potentialAction":[{"@type":"SearchAction","target":{"@type":"EntryPoint","urlTemplate":"https:\/\/franciscanos.org.br\/noticias\/?s={search_term_string}"},"query-input":"required name=search_term_string"}],"inLanguage":"pt-BR"},{"@type":"ImageObject","inLanguage":"pt-BR","@id":"https:\/\/franciscanos.org.br\/noticias\/postulantes-de-angola-fazem-experiencia-do-beijo-do-leproso-na-fazenda-da-esperanca.html#primaryimage","url":"https:\/\/franciscanos.org.br\/noticias\/wp-content\/uploads\/2023\/03\/angola_29.jpg","contentUrl":"https:\/\/franciscanos.org.br\/noticias\/wp-content\/uploads\/2023\/03\/angola_29.jpg","width":1280,"height":720},{"@type":"WebPage","@id":"https:\/\/franciscanos.org.br\/noticias\/postulantes-de-angola-fazem-experiencia-do-beijo-do-leproso-na-fazenda-da-esperanca.html#webpage","url":"https:\/\/franciscanos.org.br\/noticias\/postulantes-de-angola-fazem-experiencia-do-beijo-do-leproso-na-fazenda-da-esperanca.html","name":"Postulantes de Angola fazem experi\u00eancia do \u201cbeijo do leproso\u201d na Fazenda da Esperan\u00e7a - Not\u00edcias - Franciscanos","isPartOf":{"@id":"https:\/\/franciscanos.org.br\/noticias\/#website"},"primaryImageOfPage":{"@id":"https:\/\/franciscanos.org.br\/noticias\/postulantes-de-angola-fazem-experiencia-do-beijo-do-leproso-na-fazenda-da-esperanca.html#primaryimage"},"datePublished":"2023-03-29T10:18:56+00:00","dateModified":"2025-03-10T18:32:17+00:00","author":{"@id":"https:\/\/franciscanos.org.br\/noticias\/#\/schema\/person\/b5c8cba458c330ccff548b056e95a5d4"},"breadcrumb":{"@id":"https:\/\/franciscanos.org.br\/noticias\/postulantes-de-angola-fazem-experiencia-do-beijo-do-leproso-na-fazenda-da-esperanca.html#breadcrumb"},"inLanguage":"pt-BR","potentialAction":[{"@type":"ReadAction","target":["https:\/\/franciscanos.org.br\/noticias\/postulantes-de-angola-fazem-experiencia-do-beijo-do-leproso-na-fazenda-da-esperanca.html"]}]},{"@type":"BreadcrumbList","@id":"https:\/\/franciscanos.org.br\/noticias\/postulantes-de-angola-fazem-experiencia-do-beijo-do-leproso-na-fazenda-da-esperanca.html#breadcrumb","itemListElement":[{"@type":"ListItem","position":1,"name":"Home","item":"https:\/\/franciscanos.org.br\/noticias"},{"@type":"ListItem","position":2,"name":"Postulantes de Angola fazem experi\u00eancia do \u201cbeijo do leproso\u201d na Fazenda da Esperan\u00e7a"}]},{"@type":"Person","@id":"https:\/\/franciscanos.org.br\/noticias\/#\/schema\/person\/b5c8cba458c330ccff548b056e95a5d4","name":"moacir","image":{"@type":"ImageObject","inLanguage":"pt-BR","@id":"https:\/\/franciscanos.org.br\/noticias\/#\/schema\/person\/image\/","url":"https:\/\/secure.gravatar.com\/avatar\/d08aa2ce4c8dd416d4479aa8536fcf64?s=96&d=mm&r=g","contentUrl":"https:\/\/secure.gravatar.com\/avatar\/d08aa2ce4c8dd416d4479aa8536fcf64?s=96&d=mm&r=g","caption":"moacir"},"url":"https:\/\/franciscanos.org.br\/noticias\/author\/moacir"}]}},"_links":{"self":[{"href":"https:\/\/franciscanos.org.br\/noticias\/wp-json\/wp\/v2\/posts\/242538"}],"collection":[{"href":"https:\/\/franciscanos.org.br\/noticias\/wp-json\/wp\/v2\/posts"}],"about":[{"href":"https:\/\/franciscanos.org.br\/noticias\/wp-json\/wp\/v2\/types\/post"}],"author":[{"embeddable":true,"href":"https:\/\/franciscanos.org.br\/noticias\/wp-json\/wp\/v2\/users\/3"}],"replies":[{"embeddable":true,"href":"https:\/\/franciscanos.org.br\/noticias\/wp-json\/wp\/v2\/comments?post=242538"}],"version-history":[{"count":1,"href":"https:\/\/franciscanos.org.br\/noticias\/wp-json\/wp\/v2\/posts\/242538\/revisions"}],"predecessor-version":[{"id":242541,"href":"https:\/\/franciscanos.org.br\/noticias\/wp-json\/wp\/v2\/posts\/242538\/revisions\/242541"}],"wp:featuredmedia":[{"embeddable":true,"href":"https:\/\/franciscanos.org.br\/noticias\/wp-json\/wp\/v2\/media\/242539"}],"wp:attachment":[{"href":"https:\/\/franciscanos.org.br\/noticias\/wp-json\/wp\/v2\/media?parent=242538"}],"wp:term":[{"taxonomy":"category","embeddable":true,"href":"https:\/\/franciscanos.org.br\/noticias\/wp-json\/wp\/v2\/categories?post=242538"},{"taxonomy":"post_tag","embeddable":true,"href":"https:\/\/franciscanos.org.br\/noticias\/wp-json\/wp\/v2\/tags?post=242538"}],"curies":[{"name":"wp","href":"https:\/\/api.w.org\/{rel}","templated":true}]}}