{"id":242534,"date":"2023-03-26T09:10:34","date_gmt":"2023-03-26T12:10:34","guid":{"rendered":"https:\/\/franciscanos.org.br\/noticias\/?p=242534"},"modified":"2023-03-26T09:10:34","modified_gmt":"2023-03-26T12:10:34","slug":"papa-nao-ceda-a-dor-e-ao-pessimismo-deus-esta-perto-de-nos","status":"publish","type":"post","link":"https:\/\/franciscanos.org.br\/noticias\/papa-nao-ceda-a-dor-e-ao-pessimismo-deus-esta-perto-de-nos.html","title":{"rendered":"Papa: n\u00e3o ceda \u00e0 dor e ao pessimismo, Deus est\u00e1 perto de n\u00f3s!"},"content":{"rendered":"<div id=\"attachment_242535\" style=\"width: 1510px\" class=\"wp-caption alignnone\"><img aria-describedby=\"caption-attachment-242535\" loading=\"lazy\" class=\"wp-image-242535 size-full\" src=\"https:\/\/franciscanos.org.br\/noticias\/wp-content\/uploads\/2023\/03\/angelus_26.jpeg\" alt=\"\" width=\"1500\" height=\"844\" srcset=\"https:\/\/franciscanos.org.br\/noticias\/wp-content\/uploads\/2023\/03\/angelus_26.jpeg 1500w, https:\/\/franciscanos.org.br\/noticias\/wp-content\/uploads\/2023\/03\/angelus_26-450x253.jpeg 450w, https:\/\/franciscanos.org.br\/noticias\/wp-content\/uploads\/2023\/03\/angelus_26-1024x576.jpeg 1024w, https:\/\/franciscanos.org.br\/noticias\/wp-content\/uploads\/2023\/03\/angelus_26-768x432.jpeg 768w, https:\/\/franciscanos.org.br\/noticias\/wp-content\/uploads\/2023\/03\/angelus_26-150x84.jpeg 150w\" sizes=\"(max-width: 1500px) 100vw, 1500px\" \/><p id=\"caption-attachment-242535\" class=\"wp-caption-text\">\u00a0 \u00a0 \u00a0 \u00a0 \u00a0 \u00a0 \u00a0 \u00a0 \u00a0 \u00a0 \u00a0 \u00a0 \u00a0 \u00a0 \u00a0 \u00a0 \u00a0 \u00a0 \u00a0 \u00a0 \u00a0 \u00a0 \u00a0 \u00a0 \u00a0 \u00a0 \u00a0 \u00a0 \u00a0 \u00a0 \u00a0 \u00a0 \u00a0 \u00a0 \u00a0 \u00a0 \u00a0 \u00a0 \u00a0 \u00a0 \u00a0 \u00a0 \u00a0 \u00a0 \u00a0 \u00a0 \u00a0 \u00a0 \u00a0<em> \u00a0 \u00a0 \u00a0 \u00a0 \u00a0 \u00a0Imagem: Vatican Media<\/em><\/p><\/div>\n<p>&#8220;N\u00e3o ceda ao pessimismo que deprime, ao medo que isola, ao des\u00e2nimo pela recorda\u00e7\u00e3o de m\u00e1s experi\u00eancias, ao medo que paralisa&#8221;! O Papa Francisco introduzindo a recita\u00e7\u00e3o do Angelus comentou a passagem do Evangelho deste V Domingo da Quaresma, a ressurrei\u00e7\u00e3o de L\u00e1zaro, &#8220;querido amigo de Jesus&#8221;, para sublinhar que Jesus &#8220;d\u00e1 vida mesmo quando parece n\u00e3o haver mais esperan\u00e7a&#8221; e &#8220;convida-nos a n\u00e3o deixar de acreditar e esperar, a n\u00e3o nos deixarmos esmagar por sentimentos negativos&#8221;.<\/p>\n<p>&#8220;Acontece, \u00e0s vezes, sentir-se sem esperan\u00e7a, aconteceu com todos, ou encontrar pessoas que perderam a esperan\u00e7a: amarguradas&#8221;, com &#8220;um cora\u00e7\u00e3o ferido&#8221;, &#8220;por causa de uma perda dolorosa, uma doen\u00e7a, uma decep\u00e7\u00e3o, um erro ou uma trai\u00e7\u00e3o sofrida, por um grave erro cometido&#8221;, observou o Pont\u00edfice.<\/p>\n<p>&#8220;\u00c0s vezes ouvimos as pessoas dizerem: &#8216;N\u00e3o h\u00e1 mais nada a ser feito!&#8217; e fecha a porta a toda esperan\u00e7a. Estes s\u00e3o momentos em que a vida parece um sepulcro fechado: tudo \u00e9 escuro, ao redor vemos apenas dor e desespero&#8221;. Em vez disso, Jesus &#8220;nos diz que isto n\u00e3o \u00e9 assim, o fim n\u00e3o \u00e9 este, que nestes momentos n\u00e3o estamos sozinhos, pelo contr\u00e1rio, que precisamente nestes momentos Ele se aproxima mais do que nunca para restaurar nossa vida&#8221;. Jesus chora, o Evangelho diz que ele chora diante do sepulcro de L\u00e1zaro, e Jesus chora conosco, como chorou por L\u00e1zaro: o Evangelho repete duas vezes que ele se comoveu e sublinha que Ele chorou&#8221;.<\/p>\n<p>Jesus, continua Francisco, &#8220;aproxima-se de nossos sepulcros e nos diz, como ent\u00e3o: &#8216;Tire a pedra'&#8221;. &#8220;Tire a pedra: a dor, os erros, tamb\u00e9m os fracassos, n\u00e3o os escondam dentro de voc\u00eas, em um quarto escuro e solit\u00e1rio, fechado&#8221;. Tire a pedra: tire tudo o que est\u00e1 dentro, jogue-a em mim com confian\u00e7a, sem medo, porque estou com voc\u00ea, amo voc\u00ea e desejo que viva novamente&#8221;.<\/p>\n<p>E, como a L\u00e1zaro, acrescenta o Papa, &#8220;repete a cada um de n\u00f3s: vem para fora! Levante-se, retome o caminho, recupere a confian\u00e7a! Eu levo voc\u00ea pela m\u00e3o, como quando voc\u00ea era uma crian\u00e7a aprendendo a dar seus primeiros passos&#8221;. &#8220;Tire as ataduras que o prendem, por favor n\u00e3o ceda ao pessimismo que deprime, n\u00e3o ceda ao medo que isola, n\u00e3o ceda ao des\u00e2nimo por causa da recorda\u00e7\u00e3o de m\u00e1s experi\u00eancias, n\u00e3o ceda ao medo que paralisa. Eu o quero livre e vivo, n\u00e3o o abandonarei e estou com voc\u00ea&#8221;. &#8220;N\u00e3o se deixe aprisionar pela dor, n\u00e3o deixe morrer a esperan\u00e7a: volte \u00e0 vida&#8221;. &#8220;Eu pego voc\u00ea pela m\u00e3o e trago voc\u00ea para fora&#8221; da escurid\u00e3o, diz Jesus.<\/p>\n<p>Esta passagem, cap\u00edtulo 11 do Evangelho de Jo\u00e3o, nos faz t\u00e3o bem l\u00ea-la, enfatiza o Papa. &#8220;\u00c9 um hino \u00e0 vida&#8221;, diz, &#8220;e n\u00f3s o lemos quando a P\u00e1scoa est\u00e1 pr\u00f3xima. Talvez tamb\u00e9m n\u00f3s, neste momento, carregamos em nossos cora\u00e7\u00f5es algum fardo ou algum sofrimento, que parece nos esmagar. Alguma coisa ruim, algum pecado feio, algum erro da juventude&#8221;, acrescenta Francisco.<\/p>\n<p>&#8220;Ent\u00e3o \u00e9 o momento de remover a pedra e sair ao encontro de Jesus, que est\u00e1 pr\u00f3ximo&#8221;. &#8220;Conseguimos abrir nossos cora\u00e7\u00f5es e confiar nossas preocupa\u00e7\u00f5es a Ele? Abrir o sepulcro dos problemas e olhar para al\u00e9m da soleira, em dire\u00e7\u00e3o \u00e0 sua luz? Ou ser\u00e1 que temos medo disso? E, por sua vez, como pequenos espelhos do amor de Deus, ser\u00e1 que conseguimos iluminar os ambientes em que vivemos com palavras e gestos de vida? Damos testemunho da esperan\u00e7a e da alegria de Jesus? N\u00f3s pecadores, todos n\u00f3s?&#8221;.<\/p>\n<p>Francisco dirigiu-se novamente aos confessores: &#8220;Caros irm\u00e3os, n\u00e3o esque\u00e7am que voc\u00eas tamb\u00e9m s\u00e3o pecadores e no confession\u00e1rio n\u00e3o sejam torturadores, mas perdoem tudo&#8221;.<\/p>\n<p>O Papa concluiu: \u201cMaria, M\u00e3e da Esperan\u00e7a, renove em n\u00f3s a alegria de n\u00e3o nos sentirmos sozinhos e o chamado a levar luz \u00e0 escurid\u00e3o que nos circunda\u201d.<\/p>\n<hr \/>\n<p><em>Fonte: Vatican News (texto de Silvonei Jos\u00e9)<\/em><\/p>\n","protected":false},"excerpt":{"rendered":"<p>Angelus<\/p>\n","protected":false},"author":3,"featured_media":242535,"comment_status":"open","ping_status":"open","sticky":false,"template":"","format":"standard","meta":[],"categories":[1428],"tags":[403],"acf":[],"yoast_head":"<!-- This site is optimized with the Yoast SEO plugin v19.2 - https:\/\/yoast.com\/wordpress\/plugins\/seo\/ -->\n<title>Papa: n\u00e3o ceda \u00e0 dor e ao pessimismo, Deus est\u00e1 perto de n\u00f3s! - Not\u00edcias - Franciscanos<\/title>\n<meta name=\"robots\" content=\"index, follow, max-snippet:-1, max-image-preview:large, max-video-preview:-1\" \/>\n<link rel=\"canonical\" href=\"https:\/\/franciscanos.org.br\/noticias\/papa-nao-ceda-a-dor-e-ao-pessimismo-deus-esta-perto-de-nos.html\" \/>\n<meta property=\"og:locale\" content=\"pt_BR\" \/>\n<meta property=\"og:type\" content=\"article\" \/>\n<meta property=\"og:title\" content=\"Papa: n\u00e3o ceda \u00e0 dor e ao pessimismo, Deus est\u00e1 perto de n\u00f3s! - Not\u00edcias - Franciscanos\" \/>\n<meta property=\"og:description\" content=\"Angelus\" \/>\n<meta property=\"og:url\" content=\"https:\/\/franciscanos.org.br\/noticias\/papa-nao-ceda-a-dor-e-ao-pessimismo-deus-esta-perto-de-nos.html\" \/>\n<meta property=\"og:site_name\" content=\"Not\u00edcias - Franciscanos\" \/>\n<meta property=\"article:published_time\" content=\"2023-03-26T12:10:34+00:00\" \/>\n<meta property=\"og:image\" content=\"https:\/\/franciscanos.org.br\/noticias\/wp-content\/uploads\/2023\/03\/angelus_26.jpeg\" \/>\n\t<meta property=\"og:image:width\" content=\"1500\" \/>\n\t<meta property=\"og:image:height\" content=\"844\" \/>\n\t<meta property=\"og:image:type\" content=\"image\/jpeg\" \/>\n<meta name=\"author\" content=\"moacir\" \/>\n<meta name=\"twitter:card\" content=\"summary_large_image\" \/>\n<meta name=\"twitter:label1\" content=\"Escrito por\" \/>\n\t<meta name=\"twitter:data1\" content=\"moacir\" \/>\n\t<meta name=\"twitter:label2\" content=\"Est. tempo de leitura\" \/>\n\t<meta name=\"twitter:data2\" content=\"4 minutos\" \/>\n<script type=\"application\/ld+json\" class=\"yoast-schema-graph\">{\"@context\":\"https:\/\/schema.org\",\"@graph\":[{\"@type\":\"WebSite\",\"@id\":\"https:\/\/franciscanos.org.br\/noticias\/#website\",\"url\":\"https:\/\/franciscanos.org.br\/noticias\/\",\"name\":\"Not\u00edcias - Franciscanos\",\"description\":\"Prov\u00edncia Franciscana da Imaculada Concei\u00e7\u00e3o do Brasil - Ordem dos Frades Menores - OFM\",\"potentialAction\":[{\"@type\":\"SearchAction\",\"target\":{\"@type\":\"EntryPoint\",\"urlTemplate\":\"https:\/\/franciscanos.org.br\/noticias\/?s={search_term_string}\"},\"query-input\":\"required name=search_term_string\"}],\"inLanguage\":\"pt-BR\"},{\"@type\":\"ImageObject\",\"inLanguage\":\"pt-BR\",\"@id\":\"https:\/\/franciscanos.org.br\/noticias\/papa-nao-ceda-a-dor-e-ao-pessimismo-deus-esta-perto-de-nos.html#primaryimage\",\"url\":\"https:\/\/franciscanos.org.br\/noticias\/wp-content\/uploads\/2023\/03\/angelus_26.jpeg\",\"contentUrl\":\"https:\/\/franciscanos.org.br\/noticias\/wp-content\/uploads\/2023\/03\/angelus_26.jpeg\",\"width\":1500,\"height\":844},{\"@type\":\"WebPage\",\"@id\":\"https:\/\/franciscanos.org.br\/noticias\/papa-nao-ceda-a-dor-e-ao-pessimismo-deus-esta-perto-de-nos.html#webpage\",\"url\":\"https:\/\/franciscanos.org.br\/noticias\/papa-nao-ceda-a-dor-e-ao-pessimismo-deus-esta-perto-de-nos.html\",\"name\":\"Papa: n\u00e3o ceda \u00e0 dor e ao pessimismo, Deus est\u00e1 perto de n\u00f3s! - Not\u00edcias - Franciscanos\",\"isPartOf\":{\"@id\":\"https:\/\/franciscanos.org.br\/noticias\/#website\"},\"primaryImageOfPage\":{\"@id\":\"https:\/\/franciscanos.org.br\/noticias\/papa-nao-ceda-a-dor-e-ao-pessimismo-deus-esta-perto-de-nos.html#primaryimage\"},\"datePublished\":\"2023-03-26T12:10:34+00:00\",\"dateModified\":\"2023-03-26T12:10:34+00:00\",\"author\":{\"@id\":\"https:\/\/franciscanos.org.br\/noticias\/#\/schema\/person\/b5c8cba458c330ccff548b056e95a5d4\"},\"breadcrumb\":{\"@id\":\"https:\/\/franciscanos.org.br\/noticias\/papa-nao-ceda-a-dor-e-ao-pessimismo-deus-esta-perto-de-nos.html#breadcrumb\"},\"inLanguage\":\"pt-BR\",\"potentialAction\":[{\"@type\":\"ReadAction\",\"target\":[\"https:\/\/franciscanos.org.br\/noticias\/papa-nao-ceda-a-dor-e-ao-pessimismo-deus-esta-perto-de-nos.html\"]}]},{\"@type\":\"BreadcrumbList\",\"@id\":\"https:\/\/franciscanos.org.br\/noticias\/papa-nao-ceda-a-dor-e-ao-pessimismo-deus-esta-perto-de-nos.html#breadcrumb\",\"itemListElement\":[{\"@type\":\"ListItem\",\"position\":1,\"name\":\"Home\",\"item\":\"https:\/\/franciscanos.org.br\/noticias\"},{\"@type\":\"ListItem\",\"position\":2,\"name\":\"Papa: n\u00e3o ceda \u00e0 dor e ao pessimismo, Deus est\u00e1 perto de n\u00f3s!\"}]},{\"@type\":\"Person\",\"@id\":\"https:\/\/franciscanos.org.br\/noticias\/#\/schema\/person\/b5c8cba458c330ccff548b056e95a5d4\",\"name\":\"moacir\",\"image\":{\"@type\":\"ImageObject\",\"inLanguage\":\"pt-BR\",\"@id\":\"https:\/\/franciscanos.org.br\/noticias\/#\/schema\/person\/image\/\",\"url\":\"https:\/\/secure.gravatar.com\/avatar\/d08aa2ce4c8dd416d4479aa8536fcf64?s=96&d=mm&r=g\",\"contentUrl\":\"https:\/\/secure.gravatar.com\/avatar\/d08aa2ce4c8dd416d4479aa8536fcf64?s=96&d=mm&r=g\",\"caption\":\"moacir\"},\"url\":\"https:\/\/franciscanos.org.br\/noticias\/author\/moacir\"}]}<\/script>\n<!-- \/ Yoast SEO plugin. -->","yoast_head_json":{"title":"Papa: n\u00e3o ceda \u00e0 dor e ao pessimismo, Deus est\u00e1 perto de n\u00f3s! - Not\u00edcias - Franciscanos","robots":{"index":"index","follow":"follow","max-snippet":"max-snippet:-1","max-image-preview":"max-image-preview:large","max-video-preview":"max-video-preview:-1"},"canonical":"https:\/\/franciscanos.org.br\/noticias\/papa-nao-ceda-a-dor-e-ao-pessimismo-deus-esta-perto-de-nos.html","og_locale":"pt_BR","og_type":"article","og_title":"Papa: n\u00e3o ceda \u00e0 dor e ao pessimismo, Deus est\u00e1 perto de n\u00f3s! - Not\u00edcias - Franciscanos","og_description":"Angelus","og_url":"https:\/\/franciscanos.org.br\/noticias\/papa-nao-ceda-a-dor-e-ao-pessimismo-deus-esta-perto-de-nos.html","og_site_name":"Not\u00edcias - Franciscanos","article_published_time":"2023-03-26T12:10:34+00:00","og_image":[{"width":1500,"height":844,"url":"https:\/\/franciscanos.org.br\/noticias\/wp-content\/uploads\/2023\/03\/angelus_26.jpeg","type":"image\/jpeg"}],"author":"moacir","twitter_card":"summary_large_image","twitter_misc":{"Escrito por":"moacir","Est. tempo de leitura":"4 minutos"},"schema":{"@context":"https:\/\/schema.org","@graph":[{"@type":"WebSite","@id":"https:\/\/franciscanos.org.br\/noticias\/#website","url":"https:\/\/franciscanos.org.br\/noticias\/","name":"Not\u00edcias - Franciscanos","description":"Prov\u00edncia Franciscana da Imaculada Concei\u00e7\u00e3o do Brasil - Ordem dos Frades Menores - OFM","potentialAction":[{"@type":"SearchAction","target":{"@type":"EntryPoint","urlTemplate":"https:\/\/franciscanos.org.br\/noticias\/?s={search_term_string}"},"query-input":"required name=search_term_string"}],"inLanguage":"pt-BR"},{"@type":"ImageObject","inLanguage":"pt-BR","@id":"https:\/\/franciscanos.org.br\/noticias\/papa-nao-ceda-a-dor-e-ao-pessimismo-deus-esta-perto-de-nos.html#primaryimage","url":"https:\/\/franciscanos.org.br\/noticias\/wp-content\/uploads\/2023\/03\/angelus_26.jpeg","contentUrl":"https:\/\/franciscanos.org.br\/noticias\/wp-content\/uploads\/2023\/03\/angelus_26.jpeg","width":1500,"height":844},{"@type":"WebPage","@id":"https:\/\/franciscanos.org.br\/noticias\/papa-nao-ceda-a-dor-e-ao-pessimismo-deus-esta-perto-de-nos.html#webpage","url":"https:\/\/franciscanos.org.br\/noticias\/papa-nao-ceda-a-dor-e-ao-pessimismo-deus-esta-perto-de-nos.html","name":"Papa: n\u00e3o ceda \u00e0 dor e ao pessimismo, Deus est\u00e1 perto de n\u00f3s! - Not\u00edcias - Franciscanos","isPartOf":{"@id":"https:\/\/franciscanos.org.br\/noticias\/#website"},"primaryImageOfPage":{"@id":"https:\/\/franciscanos.org.br\/noticias\/papa-nao-ceda-a-dor-e-ao-pessimismo-deus-esta-perto-de-nos.html#primaryimage"},"datePublished":"2023-03-26T12:10:34+00:00","dateModified":"2023-03-26T12:10:34+00:00","author":{"@id":"https:\/\/franciscanos.org.br\/noticias\/#\/schema\/person\/b5c8cba458c330ccff548b056e95a5d4"},"breadcrumb":{"@id":"https:\/\/franciscanos.org.br\/noticias\/papa-nao-ceda-a-dor-e-ao-pessimismo-deus-esta-perto-de-nos.html#breadcrumb"},"inLanguage":"pt-BR","potentialAction":[{"@type":"ReadAction","target":["https:\/\/franciscanos.org.br\/noticias\/papa-nao-ceda-a-dor-e-ao-pessimismo-deus-esta-perto-de-nos.html"]}]},{"@type":"BreadcrumbList","@id":"https:\/\/franciscanos.org.br\/noticias\/papa-nao-ceda-a-dor-e-ao-pessimismo-deus-esta-perto-de-nos.html#breadcrumb","itemListElement":[{"@type":"ListItem","position":1,"name":"Home","item":"https:\/\/franciscanos.org.br\/noticias"},{"@type":"ListItem","position":2,"name":"Papa: n\u00e3o ceda \u00e0 dor e ao pessimismo, Deus est\u00e1 perto de n\u00f3s!"}]},{"@type":"Person","@id":"https:\/\/franciscanos.org.br\/noticias\/#\/schema\/person\/b5c8cba458c330ccff548b056e95a5d4","name":"moacir","image":{"@type":"ImageObject","inLanguage":"pt-BR","@id":"https:\/\/franciscanos.org.br\/noticias\/#\/schema\/person\/image\/","url":"https:\/\/secure.gravatar.com\/avatar\/d08aa2ce4c8dd416d4479aa8536fcf64?s=96&d=mm&r=g","contentUrl":"https:\/\/secure.gravatar.com\/avatar\/d08aa2ce4c8dd416d4479aa8536fcf64?s=96&d=mm&r=g","caption":"moacir"},"url":"https:\/\/franciscanos.org.br\/noticias\/author\/moacir"}]}},"_links":{"self":[{"href":"https:\/\/franciscanos.org.br\/noticias\/wp-json\/wp\/v2\/posts\/242534"}],"collection":[{"href":"https:\/\/franciscanos.org.br\/noticias\/wp-json\/wp\/v2\/posts"}],"about":[{"href":"https:\/\/franciscanos.org.br\/noticias\/wp-json\/wp\/v2\/types\/post"}],"author":[{"embeddable":true,"href":"https:\/\/franciscanos.org.br\/noticias\/wp-json\/wp\/v2\/users\/3"}],"replies":[{"embeddable":true,"href":"https:\/\/franciscanos.org.br\/noticias\/wp-json\/wp\/v2\/comments?post=242534"}],"version-history":[{"count":1,"href":"https:\/\/franciscanos.org.br\/noticias\/wp-json\/wp\/v2\/posts\/242534\/revisions"}],"predecessor-version":[{"id":242536,"href":"https:\/\/franciscanos.org.br\/noticias\/wp-json\/wp\/v2\/posts\/242534\/revisions\/242536"}],"wp:featuredmedia":[{"embeddable":true,"href":"https:\/\/franciscanos.org.br\/noticias\/wp-json\/wp\/v2\/media\/242535"}],"wp:attachment":[{"href":"https:\/\/franciscanos.org.br\/noticias\/wp-json\/wp\/v2\/media?parent=242534"}],"wp:term":[{"taxonomy":"category","embeddable":true,"href":"https:\/\/franciscanos.org.br\/noticias\/wp-json\/wp\/v2\/categories?post=242534"},{"taxonomy":"post_tag","embeddable":true,"href":"https:\/\/franciscanos.org.br\/noticias\/wp-json\/wp\/v2\/tags?post=242534"}],"curies":[{"name":"wp","href":"https:\/\/api.w.org\/{rel}","templated":true}]}}