{"id":242524,"date":"2023-03-26T08:50:17","date_gmt":"2023-03-26T11:50:17","guid":{"rendered":"https:\/\/franciscanos.org.br\/noticias\/?p=242524"},"modified":"2023-03-26T16:50:31","modified_gmt":"2023-03-26T19:50:31","slug":"a-igreja-nao-pode-silenciar-diante-da-tragedia-yanomami-diz-dom-evaristo-no-inicio-do-seu-ministerio-pastoral-em-roraima","status":"publish","type":"post","link":"https:\/\/franciscanos.org.br\/noticias\/a-igreja-nao-pode-silenciar-diante-da-tragedia-yanomami-diz-dom-evaristo-no-inicio-do-seu-ministerio-pastoral-em-roraima.html","title":{"rendered":"&#8220;A Igreja n\u00e3o pode silenciar diante  da trag\u00e9dia Yanomami&#8221;, diz Dom Evaristo no in\u00edcio do seu Minist\u00e9rio Pastoral em Roraima"},"content":{"rendered":"<p><img loading=\"lazy\" class=\"alignnone size-full wp-image-242525\" src=\"https:\/\/franciscanos.org.br\/noticias\/wp-content\/uploads\/2023\/03\/roraima_26_01.jpg\" alt=\"\" width=\"1280\" height=\"720\" srcset=\"https:\/\/franciscanos.org.br\/noticias\/wp-content\/uploads\/2023\/03\/roraima_26_01.jpg 1280w, https:\/\/franciscanos.org.br\/noticias\/wp-content\/uploads\/2023\/03\/roraima_26_01-450x253.jpg 450w, https:\/\/franciscanos.org.br\/noticias\/wp-content\/uploads\/2023\/03\/roraima_26_01-1024x576.jpg 1024w, https:\/\/franciscanos.org.br\/noticias\/wp-content\/uploads\/2023\/03\/roraima_26_01-768x432.jpg 768w, https:\/\/franciscanos.org.br\/noticias\/wp-content\/uploads\/2023\/03\/roraima_26_01-150x84.jpg 150w\" sizes=\"(max-width: 1280px) 100vw, 1280px\" \/><\/p>\n<p>O bispo franciscano Dom Evaristo Pascoal Spengler, OFM,\u00a0 iniciou o seu Minist\u00e9rio Pastoral e Apost\u00f3lico na Diocese de Roraima, neste dia 25 de mar\u00e7o, solenidade da Anuncia\u00e7\u00e3o do Senhor, durante a Posse Can\u00f4nica e a Celebra\u00e7\u00e3o Eucar\u00edstica, \u00e0s 18 horas. A Celebra\u00e7\u00e3o foi presidida pelo Cardeal Leonardo Steiner, OFM, que ordenou Bispo a Dom Evaristo Spengler, e bispos e presb\u00edteros de todo o Regional Norte1 da Confer\u00eancia Nacional dos Bispos do Brasil (CNBB Norte1). Uma multid\u00e3o se reuniu em frente \u00e0 Catedral Cristo Redentor.<\/p>\n<p>Na acolhida a Dom Evaristo, que chega como 10\u00ba Bispo da Diocese de Roraima, Dom Leonardo disse: &#8220;O bispo na Igreja Cat\u00f3lica \u00e9 o sinal da comunh\u00e3o, \u00e9 o sinal da unidade, \u00e9 o sinal da sinodalidade. O bispo, se formos olhar desde o in\u00edcio da Igreja, \u00e9 a recorda\u00e7\u00e3o da presen\u00e7a do Evangelho numa determinada regi\u00e3o. Ele que est\u00e1 ali a iluminar, a ajudar, a coordenar, a ensinar, a governar. Mas isso com a participa\u00e7\u00e3o de todos os membros, de todos os fi\u00e9is que fazem parte desta Igreja. Veja como \u00e9 importante esta celebra\u00e7\u00e3o desta noite, importante tamb\u00e9m n\u00f3s podermos manifestar a nossa comunh\u00e3o, a nossa unidade, a nossa sinodalidade para com Dom Evaristo, que inicia hoje o seu minist\u00e9rio&#8221;.\u00a0 Dom Evaristo foi transferido pelo Papa da Prelazia de Maraj\u00f3, onde estava desde 27 de agosto de 2016.<\/p>\n<p><img loading=\"lazy\" class=\"alignnone size-full wp-image-242526\" src=\"https:\/\/franciscanos.org.br\/noticias\/wp-content\/uploads\/2023\/03\/roraima_26_03.jpg\" alt=\"\" width=\"1280\" height=\"1085\" srcset=\"https:\/\/franciscanos.org.br\/noticias\/wp-content\/uploads\/2023\/03\/roraima_26_03.jpg 1274w, https:\/\/franciscanos.org.br\/noticias\/wp-content\/uploads\/2023\/03\/roraima_26_03-450x381.jpg 450w, https:\/\/franciscanos.org.br\/noticias\/wp-content\/uploads\/2023\/03\/roraima_26_03-1024x868.jpg 1024w, https:\/\/franciscanos.org.br\/noticias\/wp-content\/uploads\/2023\/03\/roraima_26_03-768x651.jpg 768w, https:\/\/franciscanos.org.br\/noticias\/wp-content\/uploads\/2023\/03\/roraima_26_03-150x127.jpg 150w\" sizes=\"(max-width: 1280px) 100vw, 1280px\" \/><\/p>\n<p>O Ministro Provincial, Frei Paulo Roberto Pereira, em nome dos frades da Prov\u00edncia da Imaculada Concei\u00e7\u00e3o do Brasil, enviou uma carta saudando o confrade Dom Evaristo: &#8220;De suas Fraternidades, seus confrades unem seu cora\u00e7\u00e3o em prece com a Igreja em Roraima que acolhe a voc\u00ea, Dom Evaristo, como pastor para caminhar \u00e0 frente desta parcela do Povo de Deus em comunh\u00e3o com toda a Igreja. Que nosso Ser\u00e1fico Pai S\u00e3o Francisco de Assis interceda a Deus para que lhe aben\u00e7oe em seu minist\u00e9rio e a todos que o auxiliarem na miss\u00e3o de serem arautos do Deus Encarnado e Crucificado, fazendo da Igreja de Roraima uma Igreja viva, alegre e unida&#8221;, desejou.<\/p>\n<p>Depois das leituras dos documentos de nomea\u00e7\u00e3o e posse, o bispo recebeu o b\u00e1culo, o s\u00edmbolo do seu minist\u00e9rio pastoral. Dom Leonardo convidou Dom M\u00e1rio Ant\u00f4nio da Silva e Dom Roque Paslochi, os bispos anteriores de Roraima, a entregarem o b\u00e1culo a Dom Evaristo, num momento muito fraterno. Em seguida, ele foi conduzido at\u00e9 a c\u00e1tedra, o assento do bispo na catedral, como o novo pastor da Diocese.<\/p>\n<p><img loading=\"lazy\" class=\"alignnone size-full wp-image-242527\" src=\"https:\/\/franciscanos.org.br\/noticias\/wp-content\/uploads\/2023\/03\/roraima_26-02.jpg\" alt=\"\" width=\"1280\" height=\"1381\" srcset=\"https:\/\/franciscanos.org.br\/noticias\/wp-content\/uploads\/2023\/03\/roraima_26-02.jpg 1001w, https:\/\/franciscanos.org.br\/noticias\/wp-content\/uploads\/2023\/03\/roraima_26-02-417x450.jpg 417w, https:\/\/franciscanos.org.br\/noticias\/wp-content\/uploads\/2023\/03\/roraima_26-02-949x1024.jpg 949w, https:\/\/franciscanos.org.br\/noticias\/wp-content\/uploads\/2023\/03\/roraima_26-02-768x829.jpg 768w, https:\/\/franciscanos.org.br\/noticias\/wp-content\/uploads\/2023\/03\/roraima_26-02-150x162.jpg 150w\" sizes=\"(max-width: 1280px) 100vw, 1280px\" \/><\/p>\n<p>Na sua homilia, Dom Evaristo refor\u00e7ou o compromisso n\u00e3o s\u00f3 com a pauta ind\u00edgena, mas tamb\u00e9m com a migra\u00e7\u00e3o venezuelana e pessoas em situa\u00e7\u00e3o de vulnerabilidade.<\/p>\n<p>&#8220;Essa Igreja quer se deixar conduzir pela Palavra do Evangelho, pelo projeto do Reino, anunciado por Jesus, quer construir a fraternidade com todos, para ouvir, para dialogar, para animar, para caminhar juntos. A Assembleia Diocesana, j\u00e1 em curso, \u00e9 importante para perceber os grandes desafios que nos interpelam como Igreja e discernir o caminho que o Esp\u00edrito nos aponta, assumindo o lugar de Jesus na hist\u00f3ria, que \u00e9 ao lado dos mais fr\u00e1geis e vulner\u00e1veis&#8221;, disse Dom Evaristo.<\/p>\n<p><img loading=\"lazy\" class=\"alignnone size-full wp-image-242528\" src=\"https:\/\/franciscanos.org.br\/noticias\/wp-content\/uploads\/2023\/03\/roraima_26_04.jpg\" alt=\"\" width=\"1280\" height=\"1111\" srcset=\"https:\/\/franciscanos.org.br\/noticias\/wp-content\/uploads\/2023\/03\/roraima_26_04.jpg 1244w, https:\/\/franciscanos.org.br\/noticias\/wp-content\/uploads\/2023\/03\/roraima_26_04-450x391.jpg 450w, https:\/\/franciscanos.org.br\/noticias\/wp-content\/uploads\/2023\/03\/roraima_26_04-1024x889.jpg 1024w, https:\/\/franciscanos.org.br\/noticias\/wp-content\/uploads\/2023\/03\/roraima_26_04-768x667.jpg 768w, https:\/\/franciscanos.org.br\/noticias\/wp-content\/uploads\/2023\/03\/roraima_26_04-150x130.jpg 150w\" sizes=\"(max-width: 1280px) 100vw, 1280px\" \/><\/p>\n<p>&#8220;Neste momento presente, a Igreja n\u00e3o pode silenciar diante da trag\u00e9dia Yanomami, diante de suas terras invadidas pelo garimpo, que lhes rouba o territ\u00f3rio, a sa\u00fade, a paz e os meios de produ\u00e7\u00e3o. Enfim, lhes rouba a vida&#8221;, ressaltou Dom Evaristo.<\/p>\n<p>&#8220;A Igreja de Roraima reafirma, uma vez mais, o seu compromisso com os povos ind\u00edgenas na defesa de sua vida e dos seus territ\u00f3rios. A Igreja tamb\u00e9m reafirma o seu compromisso com todos os migrantes. Deseja acolh\u00ea-los e inseri-los na nossa terra. Muitos venezuelanos que aqui chegaram, vivem entre n\u00f3s e participam ativamente de nossas comunidades eclesiais&#8221;, situou.<\/p>\n<p><img loading=\"lazy\" class=\"alignnone size-full wp-image-242529\" src=\"https:\/\/franciscanos.org.br\/noticias\/wp-content\/uploads\/2023\/03\/roraima_26_05.jpg\" alt=\"\" width=\"1280\" height=\"1280\" srcset=\"https:\/\/franciscanos.org.br\/noticias\/wp-content\/uploads\/2023\/03\/roraima_26_05.jpg 1080w, https:\/\/franciscanos.org.br\/noticias\/wp-content\/uploads\/2023\/03\/roraima_26_05-450x450.jpg 450w, https:\/\/franciscanos.org.br\/noticias\/wp-content\/uploads\/2023\/03\/roraima_26_05-1024x1024.jpg 1024w, https:\/\/franciscanos.org.br\/noticias\/wp-content\/uploads\/2023\/03\/roraima_26_05-300x300.jpg 300w, https:\/\/franciscanos.org.br\/noticias\/wp-content\/uploads\/2023\/03\/roraima_26_05-768x768.jpg 768w, https:\/\/franciscanos.org.br\/noticias\/wp-content\/uploads\/2023\/03\/roraima_26_05-150x150.jpg 150w, https:\/\/franciscanos.org.br\/noticias\/wp-content\/uploads\/2023\/03\/roraima_26_05-100x100.jpg 100w\" sizes=\"(max-width: 1280px) 100vw, 1280px\" \/><\/p>\n<p>A Missa foi marcada pela participa\u00e7\u00e3o dos ind\u00edgenas com c\u00e2nticos e leitura da b\u00edblia na l\u00edngua materna. A Pastoral dos Migrantes fez a entrega do Tau com fotos da realidade migrante do Estado de Roraima. No final, muitas homenagens e sauda\u00e7\u00f5es ao novo bispo.<\/p>\n<p>Dom Evaristo assume no lugar de Dom M\u00e1rio Ant\u00f4nio da Silva, que deixou o cargo no Estado para assumir a Diocese de Cuiab\u00e1, no Mato Grosso, no dia 23 de fevereiro do ano passado.<\/p>\n<p>Natural de Gaspar (SC), onde nasceu no bairro de Pocinho no dia 29 de mar\u00e7o de 1959, Evaristo Spengler vestiu o h\u00e1bito franciscano quando ingressou no Noviciado de Rodeio (SC), desta Prov\u00edncia Franciscana da Imaculada Concei\u00e7\u00e3o, no dia 20 de janeiro de 1977. No dia 2 de agosto de 1982 fez a profiss\u00e3o solene na Ordem dos Frades Menores e foi ordenado presb\u00edtero no dia 19 de maio de 1984.<\/p>\n<p><img loading=\"lazy\" class=\"alignnone size-full wp-image-242530\" src=\"https:\/\/franciscanos.org.br\/noticias\/wp-content\/uploads\/2023\/03\/roraima_26_06jpg.jpg\" alt=\"\" width=\"1280\" height=\"720\" srcset=\"https:\/\/franciscanos.org.br\/noticias\/wp-content\/uploads\/2023\/03\/roraima_26_06jpg.jpg 1280w, https:\/\/franciscanos.org.br\/noticias\/wp-content\/uploads\/2023\/03\/roraima_26_06jpg-450x253.jpg 450w, https:\/\/franciscanos.org.br\/noticias\/wp-content\/uploads\/2023\/03\/roraima_26_06jpg-1024x576.jpg 1024w, https:\/\/franciscanos.org.br\/noticias\/wp-content\/uploads\/2023\/03\/roraima_26_06jpg-768x432.jpg 768w, https:\/\/franciscanos.org.br\/noticias\/wp-content\/uploads\/2023\/03\/roraima_26_06jpg-150x84.jpg 150w\" sizes=\"(max-width: 1280px) 100vw, 1280px\" \/><\/p>\n<p>Frei Evaristo ficou por uma d\u00e9cada em Angola. Essa experi\u00eancia mission\u00e1ria come\u00e7ou no dia 31 de maio de 2001. De 2003 a 2006, Frei Evaristo presidiu a Funda\u00e7\u00e3o Imaculada M\u00e3e de Deus de Angola. Em janeiro de 2010 encerrava essa etapa mission\u00e1ria e retornava para a conhecida Baixada Fluminense, em Duque de Caxias, bairro de Imbari\u00ea, como Vig\u00e1rio Paroquial. Ali continuou at\u00e9 2012 quando o Cap\u00edtulo Provincial o elegeu Definidor e o manteve como coordenador da Fraternidade de Imbari\u00ea. No Cap\u00edtulo Provincial de 2016, ele foi eleito Vig\u00e1rio Provincial e passou a acumular a fun\u00e7\u00e3o de Secret\u00e1rio da Evangeliza\u00e7\u00e3o.<\/p>\n<p>Na Prelazia do Maraj\u00f3, Frei Evaristo sucedeu a Dom Frei Jos\u00e9 Luiz Azcona, religioso mission\u00e1rio da Ordem dos Agostinianos Recoletos e bispo prelado do Maraj\u00f3 desde 1987. Al\u00e9m de presidir a Comiss\u00e3o Especial Pastoral para o Enfrentamento ao Tr\u00e1fico Humano, Dom Evaristo Spengler \u00e9 membro da Comiss\u00e3o Especial Episcopal para a Amaz\u00f4nia e presidente da Rede Eclesial Pan-Amaz\u00f4nica.<\/p>\n<hr \/>\n<p><strong>\u00cdNTEGRA DA CARTA DO MINISTRO PROVINCIAL A DOM EVARISTO SPENGLER<\/strong><\/p>\n<p>S\u00e3o Paulo, 23 de mar\u00e7o de 2023.<\/p>\n<p>Ao estimado confrade,<br \/>\nV. Exa. Dom Evaristo Pascoal Spengler, OFM<br \/>\nBispo de Roraima<\/p>\n<p>Que o Senhor lhe conceda a paz!<\/p>\n<p>Eu, Frei Paulo Roberto Pereira, OFM, escrevo estas palavras enquanto Ministro Provincial da Prov\u00edncia Franciscana da Imaculada Concei\u00e7\u00e3o do Brasil, em nome de todos os seus confrades que de suas Fraternidades unem seu cora\u00e7\u00e3o em prece com a Igreja em Roraima que acolhe a voc\u00ea, Dom Evaristo, como pastor para caminhar \u00e0 frente desta parcela do Povo de Deus em comunh\u00e3o com toda a Igreja.<\/p>\n<p>Tomo a liberdade para, a partir do mist\u00e9rio da Anuncia\u00e7\u00e3o do Senhor, confiar a Deus seu minist\u00e9rio nesta terra aben\u00e7oada por in\u00fameras riquezas naturais e com a gra\u00e7a de ser constitu\u00edda tamb\u00e9m por povos origin\u00e1rios, como oportunidade e chamado a prosseguir com o an\u00fancio da Boa Not\u00edcia de Jesus Cristo inculturada nesta bela por\u00e7\u00e3o da Cria\u00e7\u00e3o, estando certo que voc\u00ea colher\u00e1 bons frutos semeados no cora\u00e7\u00e3o do povo roraimense.<\/p>\n<p>Que a alegria seja o tom da caminhada da Igreja de Roraima nesta nova etapa de sua hist\u00f3ria j\u00e1 em vistas de alcan\u00e7ar 300 anos. A alegria por saberem-se destinat\u00e1rios da gra\u00e7a do Senhor atrav\u00e9s da qual todos se dirigem \u00e0 contempla\u00e7\u00e3o de sua presen\u00e7a e ao compartilhamento de sua miss\u00e3o salv\u00edfica. Obviamente, a alegria n\u00e3o deve nublar os olhos de modo que se deixe de apontar profeticamente os desafios que a Igreja e a sociedade roraimense enfrentam e precisam superar juntos, como comunidade em busca da vida digna e abundante para todos.<\/p>\n<p>O lema de seu bras\u00e3o, \u201cAvan\u00e7a para \u00e1guas mais profundas\u201d (Lc 5,4) implica em sua boa disposi\u00e7\u00e3o pessoal \u00e0 transforma\u00e7\u00e3o, \u00e0s novas tentativas, aos novos ares e lugares a ser enviado. Ele tamb\u00e9m evidencia um precioso convite feito por Jesus Cristo e aceito por voc\u00ea \u00e0 inconformidade com o que at\u00e9 agora foi feito, lan\u00e7ando-se \u00e0 pergunta do que mais pode ser oferecido a servi\u00e7o da constru\u00e7\u00e3o do Reino de Deus. N\u00e3o s\u00f3: ele tamb\u00e9m se torna chamado, provoca\u00e7\u00e3o, para que outros, especialmente esta parte do Povo de Deus do qual voc\u00ea faz parte, mas tamb\u00e9m \u00e9 posto como guia, a caminharem juntos neste processo de permanente discernimento da vontade do Pai.<\/p>\n<p>Que nosso Ser\u00e1fico Pai S\u00e3o Francisco de Assis interceda a Deus para que lhe aben\u00e7oe em seu minist\u00e9rio e a todos que o auxiliarem na miss\u00e3o de serem arautos do Deus Encarnado e Crucificado, fazendo da Igreja de Roraima uma Igreja viva, alegre e unida.<\/p>\n<p>Paz e Bem!<br \/>\n<strong>\u00a0 \u00a0Frei Paulo Roberto Pereira, OFM<\/strong><br \/>\n<em>\u00a0 Ministro Provincial<\/em><\/p>\n<hr \/>\n<p><em>Moacir Beggo, com <strong>informa\u00e7\u00f5es e fotos<\/strong> da Diocese de Roraima<\/em><\/p>\n<p>&nbsp;<\/p>\n","protected":false},"excerpt":{"rendered":"<p>In\u00edcio do Minist\u00e9rio Pastoral de Dom Evaristo<\/p>\n","protected":false},"author":3,"featured_media":242525,"comment_status":"open","ping_status":"open","sticky":false,"template":"","format":"standard","meta":[],"categories":[1],"tags":[1379,2122],"acf":[],"yoast_head":"<!-- This site is optimized with the Yoast SEO plugin v19.2 - https:\/\/yoast.com\/wordpress\/plugins\/seo\/ -->\n<title>&quot;A Igreja n\u00e3o pode silenciar diante da trag\u00e9dia Yanomami&quot;, diz Dom Evaristo no in\u00edcio do seu Minist\u00e9rio Pastoral em Roraima - Not\u00edcias - Franciscanos<\/title>\n<meta name=\"robots\" content=\"index, follow, max-snippet:-1, max-image-preview:large, max-video-preview:-1\" \/>\n<link rel=\"canonical\" href=\"https:\/\/franciscanos.org.br\/noticias\/a-igreja-nao-pode-silenciar-diante-da-tragedia-yanomami-diz-dom-evaristo-no-inicio-do-seu-ministerio-pastoral-em-roraima.html\" \/>\n<meta property=\"og:locale\" content=\"pt_BR\" \/>\n<meta property=\"og:type\" content=\"article\" \/>\n<meta property=\"og:title\" content=\"&quot;A Igreja n\u00e3o pode silenciar diante da trag\u00e9dia Yanomami&quot;, diz Dom Evaristo no in\u00edcio do seu Minist\u00e9rio Pastoral em Roraima - Not\u00edcias - Franciscanos\" \/>\n<meta property=\"og:description\" content=\"In\u00edcio do Minist\u00e9rio Pastoral de Dom Evaristo\" \/>\n<meta property=\"og:url\" content=\"https:\/\/franciscanos.org.br\/noticias\/a-igreja-nao-pode-silenciar-diante-da-tragedia-yanomami-diz-dom-evaristo-no-inicio-do-seu-ministerio-pastoral-em-roraima.html\" \/>\n<meta property=\"og:site_name\" content=\"Not\u00edcias - Franciscanos\" \/>\n<meta property=\"article:published_time\" content=\"2023-03-26T11:50:17+00:00\" \/>\n<meta property=\"article:modified_time\" content=\"2023-03-26T19:50:31+00:00\" \/>\n<meta property=\"og:image\" content=\"https:\/\/franciscanos.org.br\/noticias\/wp-content\/uploads\/2023\/03\/roraima_26_01.jpg\" \/>\n\t<meta property=\"og:image:width\" content=\"1280\" \/>\n\t<meta property=\"og:image:height\" content=\"720\" \/>\n\t<meta property=\"og:image:type\" content=\"image\/jpeg\" \/>\n<meta name=\"author\" content=\"moacir\" \/>\n<meta name=\"twitter:card\" content=\"summary_large_image\" \/>\n<meta name=\"twitter:label1\" content=\"Escrito por\" \/>\n\t<meta name=\"twitter:data1\" content=\"moacir\" \/>\n\t<meta name=\"twitter:label2\" content=\"Est. tempo de leitura\" \/>\n\t<meta name=\"twitter:data2\" content=\"7 minutos\" \/>\n<script type=\"application\/ld+json\" class=\"yoast-schema-graph\">{\"@context\":\"https:\/\/schema.org\",\"@graph\":[{\"@type\":\"WebSite\",\"@id\":\"https:\/\/franciscanos.org.br\/noticias\/#website\",\"url\":\"https:\/\/franciscanos.org.br\/noticias\/\",\"name\":\"Not\u00edcias - Franciscanos\",\"description\":\"Prov\u00edncia Franciscana da Imaculada Concei\u00e7\u00e3o do Brasil - Ordem dos Frades Menores - OFM\",\"potentialAction\":[{\"@type\":\"SearchAction\",\"target\":{\"@type\":\"EntryPoint\",\"urlTemplate\":\"https:\/\/franciscanos.org.br\/noticias\/?s={search_term_string}\"},\"query-input\":\"required name=search_term_string\"}],\"inLanguage\":\"pt-BR\"},{\"@type\":\"ImageObject\",\"inLanguage\":\"pt-BR\",\"@id\":\"https:\/\/franciscanos.org.br\/noticias\/a-igreja-nao-pode-silenciar-diante-da-tragedia-yanomami-diz-dom-evaristo-no-inicio-do-seu-ministerio-pastoral-em-roraima.html#primaryimage\",\"url\":\"https:\/\/franciscanos.org.br\/noticias\/wp-content\/uploads\/2023\/03\/roraima_26_01.jpg\",\"contentUrl\":\"https:\/\/franciscanos.org.br\/noticias\/wp-content\/uploads\/2023\/03\/roraima_26_01.jpg\",\"width\":1280,\"height\":720},{\"@type\":\"WebPage\",\"@id\":\"https:\/\/franciscanos.org.br\/noticias\/a-igreja-nao-pode-silenciar-diante-da-tragedia-yanomami-diz-dom-evaristo-no-inicio-do-seu-ministerio-pastoral-em-roraima.html#webpage\",\"url\":\"https:\/\/franciscanos.org.br\/noticias\/a-igreja-nao-pode-silenciar-diante-da-tragedia-yanomami-diz-dom-evaristo-no-inicio-do-seu-ministerio-pastoral-em-roraima.html\",\"name\":\"\\\"A Igreja n\u00e3o pode silenciar diante da trag\u00e9dia Yanomami\\\", diz Dom Evaristo no in\u00edcio do seu Minist\u00e9rio Pastoral em Roraima - Not\u00edcias - Franciscanos\",\"isPartOf\":{\"@id\":\"https:\/\/franciscanos.org.br\/noticias\/#website\"},\"primaryImageOfPage\":{\"@id\":\"https:\/\/franciscanos.org.br\/noticias\/a-igreja-nao-pode-silenciar-diante-da-tragedia-yanomami-diz-dom-evaristo-no-inicio-do-seu-ministerio-pastoral-em-roraima.html#primaryimage\"},\"datePublished\":\"2023-03-26T11:50:17+00:00\",\"dateModified\":\"2023-03-26T19:50:31+00:00\",\"author\":{\"@id\":\"https:\/\/franciscanos.org.br\/noticias\/#\/schema\/person\/b5c8cba458c330ccff548b056e95a5d4\"},\"breadcrumb\":{\"@id\":\"https:\/\/franciscanos.org.br\/noticias\/a-igreja-nao-pode-silenciar-diante-da-tragedia-yanomami-diz-dom-evaristo-no-inicio-do-seu-ministerio-pastoral-em-roraima.html#breadcrumb\"},\"inLanguage\":\"pt-BR\",\"potentialAction\":[{\"@type\":\"ReadAction\",\"target\":[\"https:\/\/franciscanos.org.br\/noticias\/a-igreja-nao-pode-silenciar-diante-da-tragedia-yanomami-diz-dom-evaristo-no-inicio-do-seu-ministerio-pastoral-em-roraima.html\"]}]},{\"@type\":\"BreadcrumbList\",\"@id\":\"https:\/\/franciscanos.org.br\/noticias\/a-igreja-nao-pode-silenciar-diante-da-tragedia-yanomami-diz-dom-evaristo-no-inicio-do-seu-ministerio-pastoral-em-roraima.html#breadcrumb\",\"itemListElement\":[{\"@type\":\"ListItem\",\"position\":1,\"name\":\"Home\",\"item\":\"https:\/\/franciscanos.org.br\/noticias\"},{\"@type\":\"ListItem\",\"position\":2,\"name\":\"&#8220;A Igreja n\u00e3o pode silenciar diante da trag\u00e9dia Yanomami&#8221;, diz Dom Evaristo no in\u00edcio do seu Minist\u00e9rio Pastoral em Roraima\"}]},{\"@type\":\"Person\",\"@id\":\"https:\/\/franciscanos.org.br\/noticias\/#\/schema\/person\/b5c8cba458c330ccff548b056e95a5d4\",\"name\":\"moacir\",\"image\":{\"@type\":\"ImageObject\",\"inLanguage\":\"pt-BR\",\"@id\":\"https:\/\/franciscanos.org.br\/noticias\/#\/schema\/person\/image\/\",\"url\":\"https:\/\/secure.gravatar.com\/avatar\/d08aa2ce4c8dd416d4479aa8536fcf64?s=96&d=mm&r=g\",\"contentUrl\":\"https:\/\/secure.gravatar.com\/avatar\/d08aa2ce4c8dd416d4479aa8536fcf64?s=96&d=mm&r=g\",\"caption\":\"moacir\"},\"url\":\"https:\/\/franciscanos.org.br\/noticias\/author\/moacir\"}]}<\/script>\n<!-- \/ Yoast SEO plugin. -->","yoast_head_json":{"title":"\"A Igreja n\u00e3o pode silenciar diante da trag\u00e9dia Yanomami\", diz Dom Evaristo no in\u00edcio do seu Minist\u00e9rio Pastoral em Roraima - Not\u00edcias - Franciscanos","robots":{"index":"index","follow":"follow","max-snippet":"max-snippet:-1","max-image-preview":"max-image-preview:large","max-video-preview":"max-video-preview:-1"},"canonical":"https:\/\/franciscanos.org.br\/noticias\/a-igreja-nao-pode-silenciar-diante-da-tragedia-yanomami-diz-dom-evaristo-no-inicio-do-seu-ministerio-pastoral-em-roraima.html","og_locale":"pt_BR","og_type":"article","og_title":"\"A Igreja n\u00e3o pode silenciar diante da trag\u00e9dia Yanomami\", diz Dom Evaristo no in\u00edcio do seu Minist\u00e9rio Pastoral em Roraima - Not\u00edcias - Franciscanos","og_description":"In\u00edcio do Minist\u00e9rio Pastoral de Dom Evaristo","og_url":"https:\/\/franciscanos.org.br\/noticias\/a-igreja-nao-pode-silenciar-diante-da-tragedia-yanomami-diz-dom-evaristo-no-inicio-do-seu-ministerio-pastoral-em-roraima.html","og_site_name":"Not\u00edcias - Franciscanos","article_published_time":"2023-03-26T11:50:17+00:00","article_modified_time":"2023-03-26T19:50:31+00:00","og_image":[{"width":1280,"height":720,"url":"https:\/\/franciscanos.org.br\/noticias\/wp-content\/uploads\/2023\/03\/roraima_26_01.jpg","type":"image\/jpeg"}],"author":"moacir","twitter_card":"summary_large_image","twitter_misc":{"Escrito por":"moacir","Est. tempo de leitura":"7 minutos"},"schema":{"@context":"https:\/\/schema.org","@graph":[{"@type":"WebSite","@id":"https:\/\/franciscanos.org.br\/noticias\/#website","url":"https:\/\/franciscanos.org.br\/noticias\/","name":"Not\u00edcias - Franciscanos","description":"Prov\u00edncia Franciscana da Imaculada Concei\u00e7\u00e3o do Brasil - Ordem dos Frades Menores - OFM","potentialAction":[{"@type":"SearchAction","target":{"@type":"EntryPoint","urlTemplate":"https:\/\/franciscanos.org.br\/noticias\/?s={search_term_string}"},"query-input":"required name=search_term_string"}],"inLanguage":"pt-BR"},{"@type":"ImageObject","inLanguage":"pt-BR","@id":"https:\/\/franciscanos.org.br\/noticias\/a-igreja-nao-pode-silenciar-diante-da-tragedia-yanomami-diz-dom-evaristo-no-inicio-do-seu-ministerio-pastoral-em-roraima.html#primaryimage","url":"https:\/\/franciscanos.org.br\/noticias\/wp-content\/uploads\/2023\/03\/roraima_26_01.jpg","contentUrl":"https:\/\/franciscanos.org.br\/noticias\/wp-content\/uploads\/2023\/03\/roraima_26_01.jpg","width":1280,"height":720},{"@type":"WebPage","@id":"https:\/\/franciscanos.org.br\/noticias\/a-igreja-nao-pode-silenciar-diante-da-tragedia-yanomami-diz-dom-evaristo-no-inicio-do-seu-ministerio-pastoral-em-roraima.html#webpage","url":"https:\/\/franciscanos.org.br\/noticias\/a-igreja-nao-pode-silenciar-diante-da-tragedia-yanomami-diz-dom-evaristo-no-inicio-do-seu-ministerio-pastoral-em-roraima.html","name":"\"A Igreja n\u00e3o pode silenciar diante da trag\u00e9dia Yanomami\", diz Dom Evaristo no in\u00edcio do seu Minist\u00e9rio Pastoral em Roraima - Not\u00edcias - Franciscanos","isPartOf":{"@id":"https:\/\/franciscanos.org.br\/noticias\/#website"},"primaryImageOfPage":{"@id":"https:\/\/franciscanos.org.br\/noticias\/a-igreja-nao-pode-silenciar-diante-da-tragedia-yanomami-diz-dom-evaristo-no-inicio-do-seu-ministerio-pastoral-em-roraima.html#primaryimage"},"datePublished":"2023-03-26T11:50:17+00:00","dateModified":"2023-03-26T19:50:31+00:00","author":{"@id":"https:\/\/franciscanos.org.br\/noticias\/#\/schema\/person\/b5c8cba458c330ccff548b056e95a5d4"},"breadcrumb":{"@id":"https:\/\/franciscanos.org.br\/noticias\/a-igreja-nao-pode-silenciar-diante-da-tragedia-yanomami-diz-dom-evaristo-no-inicio-do-seu-ministerio-pastoral-em-roraima.html#breadcrumb"},"inLanguage":"pt-BR","potentialAction":[{"@type":"ReadAction","target":["https:\/\/franciscanos.org.br\/noticias\/a-igreja-nao-pode-silenciar-diante-da-tragedia-yanomami-diz-dom-evaristo-no-inicio-do-seu-ministerio-pastoral-em-roraima.html"]}]},{"@type":"BreadcrumbList","@id":"https:\/\/franciscanos.org.br\/noticias\/a-igreja-nao-pode-silenciar-diante-da-tragedia-yanomami-diz-dom-evaristo-no-inicio-do-seu-ministerio-pastoral-em-roraima.html#breadcrumb","itemListElement":[{"@type":"ListItem","position":1,"name":"Home","item":"https:\/\/franciscanos.org.br\/noticias"},{"@type":"ListItem","position":2,"name":"&#8220;A Igreja n\u00e3o pode silenciar diante da trag\u00e9dia Yanomami&#8221;, diz Dom Evaristo no in\u00edcio do seu Minist\u00e9rio Pastoral em Roraima"}]},{"@type":"Person","@id":"https:\/\/franciscanos.org.br\/noticias\/#\/schema\/person\/b5c8cba458c330ccff548b056e95a5d4","name":"moacir","image":{"@type":"ImageObject","inLanguage":"pt-BR","@id":"https:\/\/franciscanos.org.br\/noticias\/#\/schema\/person\/image\/","url":"https:\/\/secure.gravatar.com\/avatar\/d08aa2ce4c8dd416d4479aa8536fcf64?s=96&d=mm&r=g","contentUrl":"https:\/\/secure.gravatar.com\/avatar\/d08aa2ce4c8dd416d4479aa8536fcf64?s=96&d=mm&r=g","caption":"moacir"},"url":"https:\/\/franciscanos.org.br\/noticias\/author\/moacir"}]}},"_links":{"self":[{"href":"https:\/\/franciscanos.org.br\/noticias\/wp-json\/wp\/v2\/posts\/242524"}],"collection":[{"href":"https:\/\/franciscanos.org.br\/noticias\/wp-json\/wp\/v2\/posts"}],"about":[{"href":"https:\/\/franciscanos.org.br\/noticias\/wp-json\/wp\/v2\/types\/post"}],"author":[{"embeddable":true,"href":"https:\/\/franciscanos.org.br\/noticias\/wp-json\/wp\/v2\/users\/3"}],"replies":[{"embeddable":true,"href":"https:\/\/franciscanos.org.br\/noticias\/wp-json\/wp\/v2\/comments?post=242524"}],"version-history":[{"count":4,"href":"https:\/\/franciscanos.org.br\/noticias\/wp-json\/wp\/v2\/posts\/242524\/revisions"}],"predecessor-version":[{"id":242537,"href":"https:\/\/franciscanos.org.br\/noticias\/wp-json\/wp\/v2\/posts\/242524\/revisions\/242537"}],"wp:featuredmedia":[{"embeddable":true,"href":"https:\/\/franciscanos.org.br\/noticias\/wp-json\/wp\/v2\/media\/242525"}],"wp:attachment":[{"href":"https:\/\/franciscanos.org.br\/noticias\/wp-json\/wp\/v2\/media?parent=242524"}],"wp:term":[{"taxonomy":"category","embeddable":true,"href":"https:\/\/franciscanos.org.br\/noticias\/wp-json\/wp\/v2\/categories?post=242524"},{"taxonomy":"post_tag","embeddable":true,"href":"https:\/\/franciscanos.org.br\/noticias\/wp-json\/wp\/v2\/tags?post=242524"}],"curies":[{"name":"wp","href":"https:\/\/api.w.org\/{rel}","templated":true}]}}