{"id":242512,"date":"2023-03-23T08:46:49","date_gmt":"2023-03-23T11:46:49","guid":{"rendered":"https:\/\/franciscanos.org.br\/noticias\/?p=242512"},"modified":"2023-03-23T08:53:17","modified_gmt":"2023-03-23T11:53:17","slug":"inscricoes-abertas-para-o-retiro-de-benfeitores-em-agudos","status":"publish","type":"post","link":"https:\/\/franciscanos.org.br\/noticias\/inscricoes-abertas-para-o-retiro-de-benfeitores-em-agudos.html","title":{"rendered":"Inscri\u00e7\u00f5es abertas para o Retiro de Benfeitores em Agudos"},"content":{"rendered":"<p><img loading=\"lazy\" class=\"alignnone size-full wp-image-242513\" src=\"https:\/\/franciscanos.org.br\/noticias\/wp-content\/uploads\/2023\/03\/agudos_01.jpg\" alt=\"\" width=\"1280\" height=\"720\" srcset=\"https:\/\/franciscanos.org.br\/noticias\/wp-content\/uploads\/2023\/03\/agudos_01.jpg 1280w, https:\/\/franciscanos.org.br\/noticias\/wp-content\/uploads\/2023\/03\/agudos_01-450x253.jpg 450w, https:\/\/franciscanos.org.br\/noticias\/wp-content\/uploads\/2023\/03\/agudos_01-1024x576.jpg 1024w, https:\/\/franciscanos.org.br\/noticias\/wp-content\/uploads\/2023\/03\/agudos_01-768x432.jpg 768w, https:\/\/franciscanos.org.br\/noticias\/wp-content\/uploads\/2023\/03\/agudos_01-150x84.jpg 150w\" sizes=\"(max-width: 1280px) 100vw, 1280px\" \/><br \/>\nDepois de tr\u00eas anos de pandemia, que levaram a Prov\u00edncia da Imaculada Concei\u00e7\u00e3o a fazer seus eventos no formato virtual ou at\u00e9 cancel\u00e1-los, os benfeitores (as) do Pr\u00f3-Voca\u00e7\u00f5es e Miss\u00f5es Franciscanas (PVF) voltar\u00e3o a se encontrar no bel\u00edssimo Semin\u00e1rio Santo Ant\u00f4nio de Agudos (SP) durante o Retiro.<\/p>\n<p>Desta vez, o encontro presencial est\u00e1 confirmado para os dias 26, 27 e 28 de maio. As inscri\u00e7\u00f5es poder\u00e3o ser feitas <strong>acessando\u00a0<\/strong><strong>o formul\u00e1rio <\/strong><\/p>\n<h3><strong>neste link<\/strong> <strong>( <a href=\"https:\/\/forms.gle\/s1M5ZGq8R4ArTB3f6\">https:\/\/forms.gle\/s1M5ZGq8R4ArTB3f6<\/a>)\u00a0<\/strong><\/h3>\n<p>ou pelo telefone\/ Whatsapp (11-5576-7990). Os admiradores de S\u00e3o Francisco e Santa Clara de Assis, especialmente a Ordem Franciscana Secular, tamb\u00e9m podem se inscrever.<\/p>\n<p>Al\u00e9m de ser um momento de ora\u00e7\u00e3o, forma\u00e7\u00e3o, confraterniza\u00e7\u00e3o e revigoramento, a viagem \u00e9 uma oportunidade para conhecer o hist\u00f3rico Semin\u00e1rio de Agudos, que foi fundado em 31 de janeiro de 1950. Os primeiros 70 seminaristas e 4 frades chegaram em 31 de Janeiro de 1950. L\u00e1 constru\u00edram &#8220;um pr\u00e9dio grandioso com tr\u00eas alas, e uma bela capela. Ela foi conclu\u00edda em 1955 com a b\u00ean\u00e7\u00e3o no dia 11 de setembro e hoje \u00e9 um espa\u00e7o dedicado \u00e0 ora\u00e7\u00e3o pessoal e \u00e0 ora\u00e7\u00e3o de grupos que desejam encontrar-se com Deus&#8221;, explica Frei Robson Luiz Scudela, coordenador do Pr\u00f3-Voca\u00e7\u00f5es e Miss\u00f5es Franciscanas.<\/p>\n<p>Frei Robson \u00e9 um grande incentivador deste encontro. &#8220;\u00c9 uma oportunidade de rezar, meditar e contemplar em meio \u00e0 natureza exuberante da mata que cerca esta casa de encontros&#8221;, recordou o frade.<\/p>\n<p>O primeiro encontro dos Benfeitores aconteceu em agosto de 1999 e reuniu um grupo de 55 pessoas.<\/p>\n<p>Neste evento, os benfeitores ter\u00e3o um dia de forma\u00e7\u00e3o sobre espiritualidade francisclariana, que ser\u00e1 ministrado pelos frades do Pr\u00f3-Voca\u00e7\u00f5es: Frei Je\u00e2 Paulo Andrade, Frei Gabriel Dellandrea, Frei Daniel Dellandrea e Frei Robson Luiz Scudela.<\/p>\n","protected":false},"excerpt":{"rendered":"<p>PVF<\/p>\n","protected":false},"author":3,"featured_media":242513,"comment_status":"open","ping_status":"open","sticky":false,"template":"","format":"standard","meta":[],"categories":[1],"tags":[254],"acf":[],"yoast_head":"<!-- This site is optimized with the Yoast SEO plugin v19.2 - https:\/\/yoast.com\/wordpress\/plugins\/seo\/ -->\n<title>Inscri\u00e7\u00f5es abertas para o Retiro de Benfeitores em Agudos - Not\u00edcias - Franciscanos<\/title>\n<meta name=\"robots\" content=\"index, follow, max-snippet:-1, max-image-preview:large, max-video-preview:-1\" \/>\n<link rel=\"canonical\" href=\"https:\/\/franciscanos.org.br\/noticias\/inscricoes-abertas-para-o-retiro-de-benfeitores-em-agudos.html\" \/>\n<meta property=\"og:locale\" content=\"pt_BR\" \/>\n<meta property=\"og:type\" content=\"article\" \/>\n<meta property=\"og:title\" content=\"Inscri\u00e7\u00f5es abertas para o Retiro de Benfeitores em Agudos - Not\u00edcias - Franciscanos\" \/>\n<meta property=\"og:description\" content=\"PVF\" \/>\n<meta property=\"og:url\" content=\"https:\/\/franciscanos.org.br\/noticias\/inscricoes-abertas-para-o-retiro-de-benfeitores-em-agudos.html\" \/>\n<meta property=\"og:site_name\" content=\"Not\u00edcias - Franciscanos\" \/>\n<meta property=\"article:published_time\" content=\"2023-03-23T11:46:49+00:00\" \/>\n<meta property=\"article:modified_time\" content=\"2023-03-23T11:53:17+00:00\" \/>\n<meta property=\"og:image\" content=\"https:\/\/franciscanos.org.br\/noticias\/wp-content\/uploads\/2023\/03\/agudos_01.jpg\" \/>\n\t<meta property=\"og:image:width\" content=\"1280\" \/>\n\t<meta property=\"og:image:height\" content=\"720\" \/>\n\t<meta property=\"og:image:type\" content=\"image\/jpeg\" \/>\n<meta name=\"author\" content=\"moacir\" \/>\n<meta name=\"twitter:card\" content=\"summary_large_image\" \/>\n<meta name=\"twitter:label1\" content=\"Escrito por\" \/>\n\t<meta name=\"twitter:data1\" content=\"moacir\" \/>\n\t<meta name=\"twitter:label2\" content=\"Est. tempo de leitura\" \/>\n\t<meta name=\"twitter:data2\" content=\"2 minutos\" \/>\n<script type=\"application\/ld+json\" class=\"yoast-schema-graph\">{\"@context\":\"https:\/\/schema.org\",\"@graph\":[{\"@type\":\"WebSite\",\"@id\":\"https:\/\/franciscanos.org.br\/noticias\/#website\",\"url\":\"https:\/\/franciscanos.org.br\/noticias\/\",\"name\":\"Not\u00edcias - Franciscanos\",\"description\":\"Prov\u00edncia Franciscana da Imaculada Concei\u00e7\u00e3o do Brasil - Ordem dos Frades Menores - OFM\",\"potentialAction\":[{\"@type\":\"SearchAction\",\"target\":{\"@type\":\"EntryPoint\",\"urlTemplate\":\"https:\/\/franciscanos.org.br\/noticias\/?s={search_term_string}\"},\"query-input\":\"required name=search_term_string\"}],\"inLanguage\":\"pt-BR\"},{\"@type\":\"ImageObject\",\"inLanguage\":\"pt-BR\",\"@id\":\"https:\/\/franciscanos.org.br\/noticias\/inscricoes-abertas-para-o-retiro-de-benfeitores-em-agudos.html#primaryimage\",\"url\":\"https:\/\/franciscanos.org.br\/noticias\/wp-content\/uploads\/2023\/03\/agudos_01.jpg\",\"contentUrl\":\"https:\/\/franciscanos.org.br\/noticias\/wp-content\/uploads\/2023\/03\/agudos_01.jpg\",\"width\":1280,\"height\":720},{\"@type\":\"WebPage\",\"@id\":\"https:\/\/franciscanos.org.br\/noticias\/inscricoes-abertas-para-o-retiro-de-benfeitores-em-agudos.html#webpage\",\"url\":\"https:\/\/franciscanos.org.br\/noticias\/inscricoes-abertas-para-o-retiro-de-benfeitores-em-agudos.html\",\"name\":\"Inscri\u00e7\u00f5es abertas para o Retiro de Benfeitores em Agudos - Not\u00edcias - Franciscanos\",\"isPartOf\":{\"@id\":\"https:\/\/franciscanos.org.br\/noticias\/#website\"},\"primaryImageOfPage\":{\"@id\":\"https:\/\/franciscanos.org.br\/noticias\/inscricoes-abertas-para-o-retiro-de-benfeitores-em-agudos.html#primaryimage\"},\"datePublished\":\"2023-03-23T11:46:49+00:00\",\"dateModified\":\"2023-03-23T11:53:17+00:00\",\"author\":{\"@id\":\"https:\/\/franciscanos.org.br\/noticias\/#\/schema\/person\/b5c8cba458c330ccff548b056e95a5d4\"},\"breadcrumb\":{\"@id\":\"https:\/\/franciscanos.org.br\/noticias\/inscricoes-abertas-para-o-retiro-de-benfeitores-em-agudos.html#breadcrumb\"},\"inLanguage\":\"pt-BR\",\"potentialAction\":[{\"@type\":\"ReadAction\",\"target\":[\"https:\/\/franciscanos.org.br\/noticias\/inscricoes-abertas-para-o-retiro-de-benfeitores-em-agudos.html\"]}]},{\"@type\":\"BreadcrumbList\",\"@id\":\"https:\/\/franciscanos.org.br\/noticias\/inscricoes-abertas-para-o-retiro-de-benfeitores-em-agudos.html#breadcrumb\",\"itemListElement\":[{\"@type\":\"ListItem\",\"position\":1,\"name\":\"Home\",\"item\":\"https:\/\/franciscanos.org.br\/noticias\"},{\"@type\":\"ListItem\",\"position\":2,\"name\":\"Inscri\u00e7\u00f5es abertas para o Retiro de Benfeitores em Agudos\"}]},{\"@type\":\"Person\",\"@id\":\"https:\/\/franciscanos.org.br\/noticias\/#\/schema\/person\/b5c8cba458c330ccff548b056e95a5d4\",\"name\":\"moacir\",\"image\":{\"@type\":\"ImageObject\",\"inLanguage\":\"pt-BR\",\"@id\":\"https:\/\/franciscanos.org.br\/noticias\/#\/schema\/person\/image\/\",\"url\":\"https:\/\/secure.gravatar.com\/avatar\/d08aa2ce4c8dd416d4479aa8536fcf64?s=96&d=mm&r=g\",\"contentUrl\":\"https:\/\/secure.gravatar.com\/avatar\/d08aa2ce4c8dd416d4479aa8536fcf64?s=96&d=mm&r=g\",\"caption\":\"moacir\"},\"url\":\"https:\/\/franciscanos.org.br\/noticias\/author\/moacir\"}]}<\/script>\n<!-- \/ Yoast SEO plugin. -->","yoast_head_json":{"title":"Inscri\u00e7\u00f5es abertas para o Retiro de Benfeitores em Agudos - Not\u00edcias - Franciscanos","robots":{"index":"index","follow":"follow","max-snippet":"max-snippet:-1","max-image-preview":"max-image-preview:large","max-video-preview":"max-video-preview:-1"},"canonical":"https:\/\/franciscanos.org.br\/noticias\/inscricoes-abertas-para-o-retiro-de-benfeitores-em-agudos.html","og_locale":"pt_BR","og_type":"article","og_title":"Inscri\u00e7\u00f5es abertas para o Retiro de Benfeitores em Agudos - Not\u00edcias - Franciscanos","og_description":"PVF","og_url":"https:\/\/franciscanos.org.br\/noticias\/inscricoes-abertas-para-o-retiro-de-benfeitores-em-agudos.html","og_site_name":"Not\u00edcias - Franciscanos","article_published_time":"2023-03-23T11:46:49+00:00","article_modified_time":"2023-03-23T11:53:17+00:00","og_image":[{"width":1280,"height":720,"url":"https:\/\/franciscanos.org.br\/noticias\/wp-content\/uploads\/2023\/03\/agudos_01.jpg","type":"image\/jpeg"}],"author":"moacir","twitter_card":"summary_large_image","twitter_misc":{"Escrito por":"moacir","Est. tempo de leitura":"2 minutos"},"schema":{"@context":"https:\/\/schema.org","@graph":[{"@type":"WebSite","@id":"https:\/\/franciscanos.org.br\/noticias\/#website","url":"https:\/\/franciscanos.org.br\/noticias\/","name":"Not\u00edcias - Franciscanos","description":"Prov\u00edncia Franciscana da Imaculada Concei\u00e7\u00e3o do Brasil - Ordem dos Frades Menores - OFM","potentialAction":[{"@type":"SearchAction","target":{"@type":"EntryPoint","urlTemplate":"https:\/\/franciscanos.org.br\/noticias\/?s={search_term_string}"},"query-input":"required name=search_term_string"}],"inLanguage":"pt-BR"},{"@type":"ImageObject","inLanguage":"pt-BR","@id":"https:\/\/franciscanos.org.br\/noticias\/inscricoes-abertas-para-o-retiro-de-benfeitores-em-agudos.html#primaryimage","url":"https:\/\/franciscanos.org.br\/noticias\/wp-content\/uploads\/2023\/03\/agudos_01.jpg","contentUrl":"https:\/\/franciscanos.org.br\/noticias\/wp-content\/uploads\/2023\/03\/agudos_01.jpg","width":1280,"height":720},{"@type":"WebPage","@id":"https:\/\/franciscanos.org.br\/noticias\/inscricoes-abertas-para-o-retiro-de-benfeitores-em-agudos.html#webpage","url":"https:\/\/franciscanos.org.br\/noticias\/inscricoes-abertas-para-o-retiro-de-benfeitores-em-agudos.html","name":"Inscri\u00e7\u00f5es abertas para o Retiro de Benfeitores em Agudos - Not\u00edcias - Franciscanos","isPartOf":{"@id":"https:\/\/franciscanos.org.br\/noticias\/#website"},"primaryImageOfPage":{"@id":"https:\/\/franciscanos.org.br\/noticias\/inscricoes-abertas-para-o-retiro-de-benfeitores-em-agudos.html#primaryimage"},"datePublished":"2023-03-23T11:46:49+00:00","dateModified":"2023-03-23T11:53:17+00:00","author":{"@id":"https:\/\/franciscanos.org.br\/noticias\/#\/schema\/person\/b5c8cba458c330ccff548b056e95a5d4"},"breadcrumb":{"@id":"https:\/\/franciscanos.org.br\/noticias\/inscricoes-abertas-para-o-retiro-de-benfeitores-em-agudos.html#breadcrumb"},"inLanguage":"pt-BR","potentialAction":[{"@type":"ReadAction","target":["https:\/\/franciscanos.org.br\/noticias\/inscricoes-abertas-para-o-retiro-de-benfeitores-em-agudos.html"]}]},{"@type":"BreadcrumbList","@id":"https:\/\/franciscanos.org.br\/noticias\/inscricoes-abertas-para-o-retiro-de-benfeitores-em-agudos.html#breadcrumb","itemListElement":[{"@type":"ListItem","position":1,"name":"Home","item":"https:\/\/franciscanos.org.br\/noticias"},{"@type":"ListItem","position":2,"name":"Inscri\u00e7\u00f5es abertas para o Retiro de Benfeitores em Agudos"}]},{"@type":"Person","@id":"https:\/\/franciscanos.org.br\/noticias\/#\/schema\/person\/b5c8cba458c330ccff548b056e95a5d4","name":"moacir","image":{"@type":"ImageObject","inLanguage":"pt-BR","@id":"https:\/\/franciscanos.org.br\/noticias\/#\/schema\/person\/image\/","url":"https:\/\/secure.gravatar.com\/avatar\/d08aa2ce4c8dd416d4479aa8536fcf64?s=96&d=mm&r=g","contentUrl":"https:\/\/secure.gravatar.com\/avatar\/d08aa2ce4c8dd416d4479aa8536fcf64?s=96&d=mm&r=g","caption":"moacir"},"url":"https:\/\/franciscanos.org.br\/noticias\/author\/moacir"}]}},"_links":{"self":[{"href":"https:\/\/franciscanos.org.br\/noticias\/wp-json\/wp\/v2\/posts\/242512"}],"collection":[{"href":"https:\/\/franciscanos.org.br\/noticias\/wp-json\/wp\/v2\/posts"}],"about":[{"href":"https:\/\/franciscanos.org.br\/noticias\/wp-json\/wp\/v2\/types\/post"}],"author":[{"embeddable":true,"href":"https:\/\/franciscanos.org.br\/noticias\/wp-json\/wp\/v2\/users\/3"}],"replies":[{"embeddable":true,"href":"https:\/\/franciscanos.org.br\/noticias\/wp-json\/wp\/v2\/comments?post=242512"}],"version-history":[{"count":4,"href":"https:\/\/franciscanos.org.br\/noticias\/wp-json\/wp\/v2\/posts\/242512\/revisions"}],"predecessor-version":[{"id":242517,"href":"https:\/\/franciscanos.org.br\/noticias\/wp-json\/wp\/v2\/posts\/242512\/revisions\/242517"}],"wp:featuredmedia":[{"embeddable":true,"href":"https:\/\/franciscanos.org.br\/noticias\/wp-json\/wp\/v2\/media\/242513"}],"wp:attachment":[{"href":"https:\/\/franciscanos.org.br\/noticias\/wp-json\/wp\/v2\/media?parent=242512"}],"wp:term":[{"taxonomy":"category","embeddable":true,"href":"https:\/\/franciscanos.org.br\/noticias\/wp-json\/wp\/v2\/categories?post=242512"},{"taxonomy":"post_tag","embeddable":true,"href":"https:\/\/franciscanos.org.br\/noticias\/wp-json\/wp\/v2\/tags?post=242512"}],"curies":[{"name":"wp","href":"https:\/\/api.w.org\/{rel}","templated":true}]}}