{"id":242504,"date":"2023-03-21T06:42:06","date_gmt":"2023-03-21T09:42:06","guid":{"rendered":"https:\/\/franciscanos.org.br\/noticias\/?p=242504"},"modified":"2023-03-21T06:42:06","modified_gmt":"2023-03-21T09:42:06","slug":"sefras-participa-da-revisao-da-lei-de-migracao-com-o-crai","status":"publish","type":"post","link":"https:\/\/franciscanos.org.br\/noticias\/sefras-participa-da-revisao-da-lei-de-migracao-com-o-crai.html","title":{"rendered":"SEFRAS participa da revis\u00e3o da Lei de Migra\u00e7\u00e3o com o CRAI"},"content":{"rendered":"<p><img loading=\"lazy\" class=\"alignnone wp-image-242505 size-full\" src=\"https:\/\/franciscanos.org.br\/noticias\/wp-content\/uploads\/2023\/03\/crai_2103.jpg\" alt=\"\" width=\"1280\" height=\"720\" srcset=\"https:\/\/franciscanos.org.br\/noticias\/wp-content\/uploads\/2023\/03\/crai_2103.jpg 1280w, https:\/\/franciscanos.org.br\/noticias\/wp-content\/uploads\/2023\/03\/crai_2103-450x253.jpg 450w, https:\/\/franciscanos.org.br\/noticias\/wp-content\/uploads\/2023\/03\/crai_2103-1024x576.jpg 1024w, https:\/\/franciscanos.org.br\/noticias\/wp-content\/uploads\/2023\/03\/crai_2103-768x432.jpg 768w, https:\/\/franciscanos.org.br\/noticias\/wp-content\/uploads\/2023\/03\/crai_2103-150x84.jpg 150w\" sizes=\"(max-width: 1280px) 100vw, 1280px\" \/><\/p>\n<p><strong>S\u00e3o Paulo (SP)<\/strong> &#8211; O Servi\u00e7o Franciscano de Solidariedade (SEFRAS) \u00e9 uma das institui\u00e7\u00f5es convidadas a compor o Grupo de Trabalho (GT) de Migra\u00e7\u00f5es, Ref\u00fagio e Apatridia, que tem a finalidade de estabelecer uma nova pol\u00edtica migrat\u00f3ria nacional, alinhada \u00e0s diversas esferas dos munic\u00edpios e estados. Criado no \u00faltimo m\u00eas de fevereiro pelo Minist\u00e9rio da Justi\u00e7a e Seguran\u00e7a P\u00fablica, este Grupo de Trabalho vai revisar a Lei de Migra\u00e7\u00e3o n\u00ba. 13.445\/17, norteada por cinco eixos principais sob a coordena\u00e7\u00e3o de Tatyana Friedrich, diretora do Departamento de Migra\u00e7\u00f5es da Secretaria Nacional de Justi\u00e7a.<\/p>\n<p>Para propor e discutir novas pautas, o grupo inicia encontros e reuni\u00f5es p\u00fablicas a partir desta quarta-feira (22\/3). Estar\u00e3o em an\u00e1lise a regulariza\u00e7\u00e3o migrat\u00f3ria, a integra\u00e7\u00e3o local, a promo\u00e7\u00e3o e prote\u00e7\u00e3o de direitos, o combate \u00e0 xenofobia e ao racismo, a participa\u00e7\u00e3o social e as rela\u00e7\u00f5es internacionais e interculturalidade. Ao todo, o grupo ter\u00e1 60 dias para concluir a revis\u00e3o e entregar a proposta final ao Ministro da Justi\u00e7a, Fl\u00e1vio Dino.<\/p>\n<p>Para reiterar e refor\u00e7ar o seu compromisso com os imigrantes, o SEFRAS inaugurou o primeiro servi\u00e7o em parceria com a Secretaria Municipal de Assist\u00eancia Social e Desenvolvimento (SMADS) e com a Secretaria Nacional de Seguran\u00e7a P\u00fablica em 2014. Trata-se do Centro de Refer\u00eancia e Atendimento para Imigrantes &#8211; CRAI Oriana Jara, reconhecido nacional e internacionalmente pelo Alto Comissariado das Na\u00e7\u00f5es Unidas para Refugiados (ACNUR) e pela Organiza\u00e7\u00e3o Internacional para as Migra\u00e7\u00f5es (OIM), que oferece vagas de acolhimento e realiza atendimentos de orienta\u00e7\u00e3o, al\u00e9m de encaminhamentos para os servi\u00e7os p\u00fablicos. Desde ent\u00e3o, o CRAI tem colaborado com propostas na educa\u00e7\u00e3o, assist\u00eancia social, trabalho e moradia. Agora, diante de um momento hist\u00f3rico, o servi\u00e7o se coloca novamente como condutor de boas ideias para melhorar o todo.<\/p>\n<p><img loading=\"lazy\" class=\"alignright size-full wp-image-242506\" src=\"https:\/\/franciscanos.org.br\/noticias\/wp-content\/uploads\/2023\/03\/crai_2103_2.jpg\" alt=\"\" width=\"450\" height=\"326\" srcset=\"https:\/\/franciscanos.org.br\/noticias\/wp-content\/uploads\/2023\/03\/crai_2103_2.jpg 450w, https:\/\/franciscanos.org.br\/noticias\/wp-content\/uploads\/2023\/03\/crai_2103_2-150x109.jpg 150w\" sizes=\"(max-width: 450px) 100vw, 450px\" \/>Segundo Thamara Thom\u00e9, Coordenadora do CRAI Oriana Jara, o Brasil disp\u00f5e de uma pol\u00edtica migrat\u00f3ria que est\u00e1 na vanguarda em rela\u00e7\u00e3o \u00e0s demais estabelecidas em outros pa\u00edses, uma vez que reconhece as pessoas imigrantes em seu territ\u00f3rio como sujeitos de direitos, al\u00e9m da necessidade de combate \u00e0 xenofobia como forma de garantia de direito fundamentais. &#8220;Ainda assim, desde sua san\u00e7\u00e3o, em 2017, diversas redes e grupos imigrantes e entidades que atuam na \u00e1rea, v\u00eam debatendo a necessidade de implementar uma pol\u00edtica nacional, conforme disposto no art. 120 da legisla\u00e7\u00e3o, e um plano nacional para a efetiva\u00e7\u00e3o dessa pol\u00edtica. Portanto, a participa\u00e7\u00e3o dos grupos e das organiza\u00e7\u00f5es em torno dessa pauta \u00e9 extremamente importante para a constru\u00e7\u00e3o de uma proposta mais assertiva e que a mesma esteja dialogando em conson\u00e2ncia com as realidades enfrentadas por essas popula\u00e7\u00f5es nos diversos territ\u00f3rios do pa\u00eds\u201d, explica Thamara.<\/p>\n<p>Em quase nove anos de atua\u00e7\u00e3o, o CRAI possui uma bagagem expressiva que vai al\u00e9m do atendimento e do acolhimento de imigrantes, e que corrobora tamb\u00e9m para as articula\u00e7\u00f5es e estrat\u00e9gias com outras institui\u00e7\u00f5es e esferas p\u00fablicas para defender os direitos humanos, base e premissa do Grupo de Trabalho. \u201cHoje somos um servi\u00e7o de refer\u00eancia n\u00e3o apenas para a cidade de S\u00e3o Paulo, mas para todo o pa\u00eds. Isso ficou bastante vis\u00edvel nos primeiros encontros do Grupo de Trabalho, onde muitas organiza\u00e7\u00f5es reivindicaram a implementa\u00e7\u00e3o de CRAIs no territ\u00f3rio nacional em modelos similares ao nosso servi\u00e7o\u201d, observou Thamara.<\/p>\n<p>O <strong>Servi\u00e7o Franciscano de Solidariedade (SEFRAS)<\/strong>, a A\u00e7\u00e3o Social Franciscana, \u00e9 uma organiza\u00e7\u00e3o humanit\u00e1ria que luta todos os dias no combate \u00e0 fome, a viola\u00e7\u00f5es de direitos e inser\u00e7\u00e3o econ\u00f4mica e social de popula\u00e7\u00f5es extremamente vulner\u00e1veis: pessoas em situa\u00e7\u00e3o de rua, crian\u00e7as pobres, imigrantes e refugiados, idosos sozinhos e pessoas acometidas pela hansen\u00edase. Guiados pelos valores franciscanos de Acolher, Cuidar e Defender, atende mais de 4 mil pessoas todos os dias no Brasil. Seus servi\u00e7os di\u00e1rios promovem apoio social e jur\u00eddico para popula\u00e7\u00e3o em situa\u00e7\u00e3o de rua, acolhimento e inclus\u00e3o social de imigrantes, contraturno escolar para crian\u00e7as e adolescentes, conviv\u00eancia e prote\u00e7\u00e3o de idosos, al\u00e9m de a\u00e7\u00f5es de defesa dos direitos e melhoria de pol\u00edticas p\u00fablicas voltadas a esses grupos.<\/p>\n","protected":false},"excerpt":{"rendered":"<p>Servi\u00e7o Franciscano de Solidariedade<\/p>\n","protected":false},"author":3,"featured_media":242505,"comment_status":"open","ping_status":"open","sticky":false,"template":"","format":"standard","meta":[],"categories":[1],"tags":[228],"acf":[],"yoast_head":"<!-- This site is optimized with the Yoast SEO plugin v19.2 - https:\/\/yoast.com\/wordpress\/plugins\/seo\/ -->\n<title>SEFRAS participa da revis\u00e3o da Lei de Migra\u00e7\u00e3o com o CRAI - Not\u00edcias - Franciscanos<\/title>\n<meta name=\"robots\" content=\"index, follow, max-snippet:-1, max-image-preview:large, max-video-preview:-1\" \/>\n<link rel=\"canonical\" href=\"https:\/\/franciscanos.org.br\/noticias\/sefras-participa-da-revisao-da-lei-de-migracao-com-o-crai.html\" \/>\n<meta property=\"og:locale\" content=\"pt_BR\" \/>\n<meta property=\"og:type\" content=\"article\" \/>\n<meta property=\"og:title\" content=\"SEFRAS participa da revis\u00e3o da Lei de Migra\u00e7\u00e3o com o CRAI - Not\u00edcias - Franciscanos\" \/>\n<meta property=\"og:description\" content=\"Servi\u00e7o Franciscano de Solidariedade\" \/>\n<meta property=\"og:url\" content=\"https:\/\/franciscanos.org.br\/noticias\/sefras-participa-da-revisao-da-lei-de-migracao-com-o-crai.html\" \/>\n<meta property=\"og:site_name\" content=\"Not\u00edcias - Franciscanos\" \/>\n<meta property=\"article:published_time\" content=\"2023-03-21T09:42:06+00:00\" \/>\n<meta property=\"og:image\" content=\"https:\/\/franciscanos.org.br\/noticias\/wp-content\/uploads\/2023\/03\/crai_2103.jpg\" \/>\n\t<meta property=\"og:image:width\" content=\"1280\" \/>\n\t<meta property=\"og:image:height\" content=\"720\" \/>\n\t<meta property=\"og:image:type\" content=\"image\/jpeg\" \/>\n<meta name=\"author\" content=\"moacir\" \/>\n<meta name=\"twitter:card\" content=\"summary_large_image\" \/>\n<meta name=\"twitter:label1\" content=\"Escrito por\" \/>\n\t<meta name=\"twitter:data1\" content=\"moacir\" \/>\n\t<meta name=\"twitter:label2\" content=\"Est. tempo de leitura\" \/>\n\t<meta name=\"twitter:data2\" content=\"4 minutos\" \/>\n<script type=\"application\/ld+json\" class=\"yoast-schema-graph\">{\"@context\":\"https:\/\/schema.org\",\"@graph\":[{\"@type\":\"WebSite\",\"@id\":\"https:\/\/franciscanos.org.br\/noticias\/#website\",\"url\":\"https:\/\/franciscanos.org.br\/noticias\/\",\"name\":\"Not\u00edcias - Franciscanos\",\"description\":\"Prov\u00edncia Franciscana da Imaculada Concei\u00e7\u00e3o do Brasil - Ordem dos Frades Menores - OFM\",\"potentialAction\":[{\"@type\":\"SearchAction\",\"target\":{\"@type\":\"EntryPoint\",\"urlTemplate\":\"https:\/\/franciscanos.org.br\/noticias\/?s={search_term_string}\"},\"query-input\":\"required name=search_term_string\"}],\"inLanguage\":\"pt-BR\"},{\"@type\":\"ImageObject\",\"inLanguage\":\"pt-BR\",\"@id\":\"https:\/\/franciscanos.org.br\/noticias\/sefras-participa-da-revisao-da-lei-de-migracao-com-o-crai.html#primaryimage\",\"url\":\"https:\/\/franciscanos.org.br\/noticias\/wp-content\/uploads\/2023\/03\/crai_2103.jpg\",\"contentUrl\":\"https:\/\/franciscanos.org.br\/noticias\/wp-content\/uploads\/2023\/03\/crai_2103.jpg\",\"width\":1280,\"height\":720},{\"@type\":\"WebPage\",\"@id\":\"https:\/\/franciscanos.org.br\/noticias\/sefras-participa-da-revisao-da-lei-de-migracao-com-o-crai.html#webpage\",\"url\":\"https:\/\/franciscanos.org.br\/noticias\/sefras-participa-da-revisao-da-lei-de-migracao-com-o-crai.html\",\"name\":\"SEFRAS participa da revis\u00e3o da Lei de Migra\u00e7\u00e3o com o CRAI - Not\u00edcias - Franciscanos\",\"isPartOf\":{\"@id\":\"https:\/\/franciscanos.org.br\/noticias\/#website\"},\"primaryImageOfPage\":{\"@id\":\"https:\/\/franciscanos.org.br\/noticias\/sefras-participa-da-revisao-da-lei-de-migracao-com-o-crai.html#primaryimage\"},\"datePublished\":\"2023-03-21T09:42:06+00:00\",\"dateModified\":\"2023-03-21T09:42:06+00:00\",\"author\":{\"@id\":\"https:\/\/franciscanos.org.br\/noticias\/#\/schema\/person\/b5c8cba458c330ccff548b056e95a5d4\"},\"breadcrumb\":{\"@id\":\"https:\/\/franciscanos.org.br\/noticias\/sefras-participa-da-revisao-da-lei-de-migracao-com-o-crai.html#breadcrumb\"},\"inLanguage\":\"pt-BR\",\"potentialAction\":[{\"@type\":\"ReadAction\",\"target\":[\"https:\/\/franciscanos.org.br\/noticias\/sefras-participa-da-revisao-da-lei-de-migracao-com-o-crai.html\"]}]},{\"@type\":\"BreadcrumbList\",\"@id\":\"https:\/\/franciscanos.org.br\/noticias\/sefras-participa-da-revisao-da-lei-de-migracao-com-o-crai.html#breadcrumb\",\"itemListElement\":[{\"@type\":\"ListItem\",\"position\":1,\"name\":\"Home\",\"item\":\"https:\/\/franciscanos.org.br\/noticias\"},{\"@type\":\"ListItem\",\"position\":2,\"name\":\"SEFRAS participa da revis\u00e3o da Lei de Migra\u00e7\u00e3o com o CRAI\"}]},{\"@type\":\"Person\",\"@id\":\"https:\/\/franciscanos.org.br\/noticias\/#\/schema\/person\/b5c8cba458c330ccff548b056e95a5d4\",\"name\":\"moacir\",\"image\":{\"@type\":\"ImageObject\",\"inLanguage\":\"pt-BR\",\"@id\":\"https:\/\/franciscanos.org.br\/noticias\/#\/schema\/person\/image\/\",\"url\":\"https:\/\/secure.gravatar.com\/avatar\/d08aa2ce4c8dd416d4479aa8536fcf64?s=96&d=mm&r=g\",\"contentUrl\":\"https:\/\/secure.gravatar.com\/avatar\/d08aa2ce4c8dd416d4479aa8536fcf64?s=96&d=mm&r=g\",\"caption\":\"moacir\"},\"url\":\"https:\/\/franciscanos.org.br\/noticias\/author\/moacir\"}]}<\/script>\n<!-- \/ Yoast SEO plugin. -->","yoast_head_json":{"title":"SEFRAS participa da revis\u00e3o da Lei de Migra\u00e7\u00e3o com o CRAI - Not\u00edcias - Franciscanos","robots":{"index":"index","follow":"follow","max-snippet":"max-snippet:-1","max-image-preview":"max-image-preview:large","max-video-preview":"max-video-preview:-1"},"canonical":"https:\/\/franciscanos.org.br\/noticias\/sefras-participa-da-revisao-da-lei-de-migracao-com-o-crai.html","og_locale":"pt_BR","og_type":"article","og_title":"SEFRAS participa da revis\u00e3o da Lei de Migra\u00e7\u00e3o com o CRAI - Not\u00edcias - Franciscanos","og_description":"Servi\u00e7o Franciscano de Solidariedade","og_url":"https:\/\/franciscanos.org.br\/noticias\/sefras-participa-da-revisao-da-lei-de-migracao-com-o-crai.html","og_site_name":"Not\u00edcias - Franciscanos","article_published_time":"2023-03-21T09:42:06+00:00","og_image":[{"width":1280,"height":720,"url":"https:\/\/franciscanos.org.br\/noticias\/wp-content\/uploads\/2023\/03\/crai_2103.jpg","type":"image\/jpeg"}],"author":"moacir","twitter_card":"summary_large_image","twitter_misc":{"Escrito por":"moacir","Est. tempo de leitura":"4 minutos"},"schema":{"@context":"https:\/\/schema.org","@graph":[{"@type":"WebSite","@id":"https:\/\/franciscanos.org.br\/noticias\/#website","url":"https:\/\/franciscanos.org.br\/noticias\/","name":"Not\u00edcias - Franciscanos","description":"Prov\u00edncia Franciscana da Imaculada Concei\u00e7\u00e3o do Brasil - Ordem dos Frades Menores - OFM","potentialAction":[{"@type":"SearchAction","target":{"@type":"EntryPoint","urlTemplate":"https:\/\/franciscanos.org.br\/noticias\/?s={search_term_string}"},"query-input":"required name=search_term_string"}],"inLanguage":"pt-BR"},{"@type":"ImageObject","inLanguage":"pt-BR","@id":"https:\/\/franciscanos.org.br\/noticias\/sefras-participa-da-revisao-da-lei-de-migracao-com-o-crai.html#primaryimage","url":"https:\/\/franciscanos.org.br\/noticias\/wp-content\/uploads\/2023\/03\/crai_2103.jpg","contentUrl":"https:\/\/franciscanos.org.br\/noticias\/wp-content\/uploads\/2023\/03\/crai_2103.jpg","width":1280,"height":720},{"@type":"WebPage","@id":"https:\/\/franciscanos.org.br\/noticias\/sefras-participa-da-revisao-da-lei-de-migracao-com-o-crai.html#webpage","url":"https:\/\/franciscanos.org.br\/noticias\/sefras-participa-da-revisao-da-lei-de-migracao-com-o-crai.html","name":"SEFRAS participa da revis\u00e3o da Lei de Migra\u00e7\u00e3o com o CRAI - Not\u00edcias - Franciscanos","isPartOf":{"@id":"https:\/\/franciscanos.org.br\/noticias\/#website"},"primaryImageOfPage":{"@id":"https:\/\/franciscanos.org.br\/noticias\/sefras-participa-da-revisao-da-lei-de-migracao-com-o-crai.html#primaryimage"},"datePublished":"2023-03-21T09:42:06+00:00","dateModified":"2023-03-21T09:42:06+00:00","author":{"@id":"https:\/\/franciscanos.org.br\/noticias\/#\/schema\/person\/b5c8cba458c330ccff548b056e95a5d4"},"breadcrumb":{"@id":"https:\/\/franciscanos.org.br\/noticias\/sefras-participa-da-revisao-da-lei-de-migracao-com-o-crai.html#breadcrumb"},"inLanguage":"pt-BR","potentialAction":[{"@type":"ReadAction","target":["https:\/\/franciscanos.org.br\/noticias\/sefras-participa-da-revisao-da-lei-de-migracao-com-o-crai.html"]}]},{"@type":"BreadcrumbList","@id":"https:\/\/franciscanos.org.br\/noticias\/sefras-participa-da-revisao-da-lei-de-migracao-com-o-crai.html#breadcrumb","itemListElement":[{"@type":"ListItem","position":1,"name":"Home","item":"https:\/\/franciscanos.org.br\/noticias"},{"@type":"ListItem","position":2,"name":"SEFRAS participa da revis\u00e3o da Lei de Migra\u00e7\u00e3o com o CRAI"}]},{"@type":"Person","@id":"https:\/\/franciscanos.org.br\/noticias\/#\/schema\/person\/b5c8cba458c330ccff548b056e95a5d4","name":"moacir","image":{"@type":"ImageObject","inLanguage":"pt-BR","@id":"https:\/\/franciscanos.org.br\/noticias\/#\/schema\/person\/image\/","url":"https:\/\/secure.gravatar.com\/avatar\/d08aa2ce4c8dd416d4479aa8536fcf64?s=96&d=mm&r=g","contentUrl":"https:\/\/secure.gravatar.com\/avatar\/d08aa2ce4c8dd416d4479aa8536fcf64?s=96&d=mm&r=g","caption":"moacir"},"url":"https:\/\/franciscanos.org.br\/noticias\/author\/moacir"}]}},"_links":{"self":[{"href":"https:\/\/franciscanos.org.br\/noticias\/wp-json\/wp\/v2\/posts\/242504"}],"collection":[{"href":"https:\/\/franciscanos.org.br\/noticias\/wp-json\/wp\/v2\/posts"}],"about":[{"href":"https:\/\/franciscanos.org.br\/noticias\/wp-json\/wp\/v2\/types\/post"}],"author":[{"embeddable":true,"href":"https:\/\/franciscanos.org.br\/noticias\/wp-json\/wp\/v2\/users\/3"}],"replies":[{"embeddable":true,"href":"https:\/\/franciscanos.org.br\/noticias\/wp-json\/wp\/v2\/comments?post=242504"}],"version-history":[{"count":1,"href":"https:\/\/franciscanos.org.br\/noticias\/wp-json\/wp\/v2\/posts\/242504\/revisions"}],"predecessor-version":[{"id":242507,"href":"https:\/\/franciscanos.org.br\/noticias\/wp-json\/wp\/v2\/posts\/242504\/revisions\/242507"}],"wp:featuredmedia":[{"embeddable":true,"href":"https:\/\/franciscanos.org.br\/noticias\/wp-json\/wp\/v2\/media\/242505"}],"wp:attachment":[{"href":"https:\/\/franciscanos.org.br\/noticias\/wp-json\/wp\/v2\/media?parent=242504"}],"wp:term":[{"taxonomy":"category","embeddable":true,"href":"https:\/\/franciscanos.org.br\/noticias\/wp-json\/wp\/v2\/categories?post=242504"},{"taxonomy":"post_tag","embeddable":true,"href":"https:\/\/franciscanos.org.br\/noticias\/wp-json\/wp\/v2\/tags?post=242504"}],"curies":[{"name":"wp","href":"https:\/\/api.w.org\/{rel}","templated":true}]}}