{"id":242492,"date":"2023-03-20T08:19:28","date_gmt":"2023-03-20T11:19:28","guid":{"rendered":"https:\/\/franciscanos.org.br\/noticias\/?p=242492"},"modified":"2023-03-20T08:20:20","modified_gmt":"2023-03-20T11:20:20","slug":"reliquia-de-sao-francisco-de-assis-ja-esta-em-vila-velha","status":"publish","type":"post","link":"https:\/\/franciscanos.org.br\/noticias\/reliquia-de-sao-francisco-de-assis-ja-esta-em-vila-velha.html","title":{"rendered":"Rel\u00edquia de S\u00e3o Francisco de Assis j\u00e1 est\u00e1 em Vila Velha"},"content":{"rendered":"<p><img loading=\"lazy\" class=\"alignnone size-full wp-image-242498\" src=\"https:\/\/franciscanos.org.br\/noticias\/wp-content\/uploads\/2023\/03\/vilavelha_20_1.png\" alt=\"\" width=\"1280\" height=\"720\" srcset=\"https:\/\/franciscanos.org.br\/noticias\/wp-content\/uploads\/2023\/03\/vilavelha_20_1.png 1280w, https:\/\/franciscanos.org.br\/noticias\/wp-content\/uploads\/2023\/03\/vilavelha_20_1-450x253.png 450w, https:\/\/franciscanos.org.br\/noticias\/wp-content\/uploads\/2023\/03\/vilavelha_20_1-1024x576.png 1024w, https:\/\/franciscanos.org.br\/noticias\/wp-content\/uploads\/2023\/03\/vilavelha_20_1-768x432.png 768w, https:\/\/franciscanos.org.br\/noticias\/wp-content\/uploads\/2023\/03\/vilavelha_20_1-150x84.png 150w\" sizes=\"(max-width: 1280px) 100vw, 1280px\" \/><\/p>\n<p>Centenas de pessoas participaram da Missa de acolhida da Rel\u00edquia e Imagem de S\u00e3o Francisco de Assis no in\u00edcio da noite do \u00faltimo s\u00e1bado (18), no Santu\u00e1rio do Divino Esp\u00edrito Santo, no Centro de Vila Velha, Esp\u00edrito Santo. O orat\u00f3rio, que est\u00e1 peregrinando pelas Fraternidades da Ordem Franciscana Secular de todo o Brasil, estava desde a \u00faltima quarta-feira (15) em Colatina, no Noroeste do Estado, onde visitou a Par\u00f3quia Santa Clara de Assis e o Mosteiro Sant\u00edssima Trindade.<\/p>\n<p>A peregrina\u00e7\u00e3o da Rel\u00edquia faz partes das celebra\u00e7\u00f5es em comemora\u00e7\u00e3o aos 800 anos da Vida e Regra da OFS. Em solo canela-verde, a Fraternidade Nossa Senhora da Penha organizou diversas atividades para celebrar o acontecimento hist\u00f3rico, entre elas, visitas do SEI (Servi\u00e7o aos Enfermos e Idosos), Missas, celebra\u00e7\u00e3o orante e momentos de espiritualidade franciscana.<\/p>\n<p><img loading=\"lazy\" class=\"alignnone size-full wp-image-242494\" src=\"https:\/\/franciscanos.org.br\/noticias\/wp-content\/uploads\/2023\/03\/vilavelha_20_5.jpg\" alt=\"\" width=\"1280\" height=\"854\" srcset=\"https:\/\/franciscanos.org.br\/noticias\/wp-content\/uploads\/2023\/03\/vilavelha_20_5.jpg 1280w, https:\/\/franciscanos.org.br\/noticias\/wp-content\/uploads\/2023\/03\/vilavelha_20_5-450x300.jpg 450w, https:\/\/franciscanos.org.br\/noticias\/wp-content\/uploads\/2023\/03\/vilavelha_20_5-1024x683.jpg 1024w, https:\/\/franciscanos.org.br\/noticias\/wp-content\/uploads\/2023\/03\/vilavelha_20_5-768x512.jpg 768w, https:\/\/franciscanos.org.br\/noticias\/wp-content\/uploads\/2023\/03\/vilavelha_20_5-150x100.jpg 150w\" sizes=\"(max-width: 1280px) 100vw, 1280px\" \/><\/p>\n<p>Na acolhida no Santu\u00e1rio, Frei Clar\u00eancio Neotti presidiu a Eucaristia e Frei Luiz Iakovacz, assistente das Clarissas e da OFS e Vig\u00e1rio Paroquial da Par\u00f3quia Santa Clara de Assis, de Colatina, concelebrou. A entrada do orat\u00f3rio foi realizada de forma solene, preparada pela ministra da Fraternidade local juntamente com a comiss\u00e3o formada especialmente para elaborar os roteiros de celebra\u00e7\u00f5es. Em um andor m\u00f3vel, a rel\u00edquia foi conduzida at\u00e9 o presbit\u00e9rio e l\u00e1 apresentada aos fi\u00e9is para venera\u00e7\u00e3o posterior.<\/p>\n<p>Frei Clar\u00eancio enfatizou que a presen\u00e7a de uma rel\u00edquia de primeiro grau do Pobrezinho de Assis, em meio \u00e0 comunidade franciscana, refor\u00e7a ainda mais o carisma de Francisco nos frades, nas irm\u00e3s e irm\u00e3os leigos e nas Irm\u00e3s Clarissas. J\u00e1 a homilia, ele destacou a import\u00e2ncia de acolher o fragmento do f\u00eamur de S\u00e3o Francisco. \u201cEstamos na Quaresma, portanto gostaria de destacar os sofrimentos de S\u00e3o Francisco e ao receber a Rel\u00edquia de S\u00e3o Francisco, vamos entender o S\u00e3o Francisco imitador, talvez o maior de toda a hist\u00f3ria crist\u00e3, do Cristo sofredor. Na Quaresma n\u00f3s refletimos sobre o sofrimento de Jesus, caminho misterioso, mas verdadeiro porque foi trilhado. Atrav\u00e9s do sofrimento e da morte de Jesus de Nazar\u00e9, veio a nossa Ressurrei\u00e7\u00e3o, nossa gl\u00f3ria e abertura das portas do c\u00e9u para todos. Que a visita de S\u00e3o Francisco a esta par\u00f3quia, a esta comunidade de f\u00e9, nos fa\u00e7a lembrar a grandeza do sofrimento de Jesus na pessoa de Francisco\u201d, afirmou Frei Clar\u00eancio.<\/p>\n<p>Frei Clar\u00eancio concedeu a b\u00ean\u00e7\u00e3o de S\u00e3o Francisco com a presen\u00e7a da Rel\u00edquia do Santo.<\/p>\n<p><img loading=\"lazy\" class=\"alignnone size-full wp-image-242495\" src=\"https:\/\/franciscanos.org.br\/noticias\/wp-content\/uploads\/2023\/03\/vilavelha_20_3.jpg\" alt=\"\" width=\"1280\" height=\"854\" srcset=\"https:\/\/franciscanos.org.br\/noticias\/wp-content\/uploads\/2023\/03\/vilavelha_20_3.jpg 1280w, https:\/\/franciscanos.org.br\/noticias\/wp-content\/uploads\/2023\/03\/vilavelha_20_3-450x300.jpg 450w, https:\/\/franciscanos.org.br\/noticias\/wp-content\/uploads\/2023\/03\/vilavelha_20_3-1024x683.jpg 1024w, https:\/\/franciscanos.org.br\/noticias\/wp-content\/uploads\/2023\/03\/vilavelha_20_3-768x512.jpg 768w, https:\/\/franciscanos.org.br\/noticias\/wp-content\/uploads\/2023\/03\/vilavelha_20_3-150x100.jpg 150w\" sizes=\"(max-width: 1280px) 100vw, 1280px\" \/><\/p>\n<p>Na manh\u00e3 do domingo (19) foi a vez do Convento da Penha acolher o Orat\u00f3rio com a Rel\u00edquia e a Imagem de S\u00e3o Francisco de Assis. A Fraternidade Nossa Senhora da Penha se reuniu em grande n\u00famero para expressar seus louvores \u00e0 Padroeira dos capixabas e ao Santo fundador das tr\u00eas Ordens Franciscanas.<\/p>\n<p>A Missa teve tons de solenidade e foi presidida pelo Guardi\u00e3o e Reitor do Convento, Frei Djalmo Fuck, com presen\u00e7a do Frei Pedro Engel, que \u00e9 irm\u00e3o leigo e assistente (orientador espiritual) da OFS em Vila Velha. As leituras, a acolhida e as preces, foram feitas pelas pessoas que fazem parte da Ordem Terceira, afinal o motivo da presen\u00e7a da Rel\u00edquia foi em recorda\u00e7\u00e3o festiva por t\u00e3o importante marca: 8 s\u00e9culos de hist\u00f3ria.<\/p>\n<p><img loading=\"lazy\" class=\"alignnone size-full wp-image-242493\" src=\"https:\/\/franciscanos.org.br\/noticias\/wp-content\/uploads\/2023\/03\/vilavelha_20.jpg\" alt=\"\" width=\"1280\" height=\"720\" srcset=\"https:\/\/franciscanos.org.br\/noticias\/wp-content\/uploads\/2023\/03\/vilavelha_20.jpg 1280w, https:\/\/franciscanos.org.br\/noticias\/wp-content\/uploads\/2023\/03\/vilavelha_20-450x253.jpg 450w, https:\/\/franciscanos.org.br\/noticias\/wp-content\/uploads\/2023\/03\/vilavelha_20-1024x576.jpg 1024w, https:\/\/franciscanos.org.br\/noticias\/wp-content\/uploads\/2023\/03\/vilavelha_20-768x432.jpg 768w, https:\/\/franciscanos.org.br\/noticias\/wp-content\/uploads\/2023\/03\/vilavelha_20-150x84.jpg 150w\" sizes=\"(max-width: 1280px) 100vw, 1280px\" \/><\/p>\n<p>Ao acolher os fi\u00e9is, Frei Djalmo comentou: \u201cAo iniciar esta celebra\u00e7\u00e3o, na alegria de termos junto a Rel\u00edquia de S\u00e3o Francisco de Assis, perto de n\u00f3s, que nos visita com seu amor, com tudo aquilo que significa S\u00e3o Francisco para nossa vida, nossa hist\u00f3ria, nosso mundo, queremos pedir perd\u00e3o pelas vezes que n\u00e3o vivemos a fraternidade, a solidariedade, o cuidado com a cria\u00e7\u00e3o, com o irm\u00e3o\u2026 Que Deus tenha compaix\u00e3o de n\u00f3s e S\u00e3o Francisco interceda por cada um de n\u00f3s\u201d.<\/p>\n<p>Na sequ\u00eancia, a Rel\u00edquia foi levada at\u00e9 o Altar do Convento pelas Ministra e Vice-Ministra da Fraternidade da Penha, Maria Am\u00e9lia Zucollotto e Darcineia Bernardes, respectivamente.<\/p>\n<p>Frei Djalmo falou sobre o papel dos franciscanos no mundo: \u201cN\u00f3s franciscanos somos convidados a viver e a testemunhar, primeiramente o esp\u00edrito de fraternidade, n\u00e3o existe franciscano sozinho, por isso nos chamamos \u2018irm\u00e3os uns dos outros\u2019, vivemos a vida fraterna; vivemos o esp\u00edrito de pequenez, de minoridade, de simplicidade. Cada um no seu estado de vida. Os franciscanos seculares de um jeito, os menores de outro, mas todos somos convidados a viver a minoridade, a simplicidade, a pequenez, n\u00e3o se apegar aos bens terrenos e n\u00e3o fazer dos bens a raz\u00e3o de nossa exist\u00eancia. Outra palavra importante, solidariedade. Solidariedade com o mundo, com aqueles que sofrem\u201d, comentou o Reitor do Santu\u00e1rio da Penha.<\/p>\n<div id=\"attachment_242497\" style=\"width: 1290px\" class=\"wp-caption alignnone\"><img aria-describedby=\"caption-attachment-242497\" loading=\"lazy\" class=\"wp-image-242497 size-full\" src=\"https:\/\/franciscanos.org.br\/noticias\/wp-content\/uploads\/2023\/03\/vilavelha_20_4.jpg\" alt=\"\" width=\"1280\" height=\"854\" srcset=\"https:\/\/franciscanos.org.br\/noticias\/wp-content\/uploads\/2023\/03\/vilavelha_20_4.jpg 1280w, https:\/\/franciscanos.org.br\/noticias\/wp-content\/uploads\/2023\/03\/vilavelha_20_4-450x300.jpg 450w, https:\/\/franciscanos.org.br\/noticias\/wp-content\/uploads\/2023\/03\/vilavelha_20_4-1024x683.jpg 1024w, https:\/\/franciscanos.org.br\/noticias\/wp-content\/uploads\/2023\/03\/vilavelha_20_4-768x512.jpg 768w, https:\/\/franciscanos.org.br\/noticias\/wp-content\/uploads\/2023\/03\/vilavelha_20_4-150x100.jpg 150w\" sizes=\"(max-width: 1280px) 100vw, 1280px\" \/><p id=\"caption-attachment-242497\" class=\"wp-caption-text\"><em>No fundo, a centen\u00e1ria Ermida de S\u00e3o Francisco <\/em><\/p><\/div>\n<p>\u201cEstamos diante de uma rel\u00edquia, um pequeno fragmento do corpo de S\u00e3o Francisco de Assis. Esse \u00e9 um sacramental, para lembrar para n\u00f3s, que olhando para ela, rezando junto aos seus p\u00e9s, somos convidados a viver a fraternidade, a minoridade, a solidariedade e viver a alegria. Somos gratos \u00e0 Ordem Franciscana Secular por ter trazido esta rel\u00edquia at\u00e9 n\u00f3s!\u201d, finalizou Frei Djalmo.<\/p>\n<p>Frei Djalmo tamb\u00e9m fez um convite vocacional para aqueles que desejam iniciar o itiner\u00e1rio da vida da Ordem Franciscana Secular, pedindo as b\u00ean\u00e7\u00e3os e prote\u00e7\u00e3o de Nossa Senhora da Penha.<\/p>\n<p><img loading=\"lazy\" class=\"alignnone size-full wp-image-242501\" src=\"https:\/\/franciscanos.org.br\/noticias\/wp-content\/uploads\/2023\/03\/vilavelha_20_6.jpg\" alt=\"\" width=\"1280\" height=\"854\" srcset=\"https:\/\/franciscanos.org.br\/noticias\/wp-content\/uploads\/2023\/03\/vilavelha_20_6.jpg 1280w, https:\/\/franciscanos.org.br\/noticias\/wp-content\/uploads\/2023\/03\/vilavelha_20_6-450x300.jpg 450w, https:\/\/franciscanos.org.br\/noticias\/wp-content\/uploads\/2023\/03\/vilavelha_20_6-1024x683.jpg 1024w, https:\/\/franciscanos.org.br\/noticias\/wp-content\/uploads\/2023\/03\/vilavelha_20_6-768x512.jpg 768w, https:\/\/franciscanos.org.br\/noticias\/wp-content\/uploads\/2023\/03\/vilavelha_20_6-150x100.jpg 150w\" sizes=\"(max-width: 1280px) 100vw, 1280px\" \/><\/p>\n<p>Ap\u00f3s a Missa, a Rel\u00edquia foi levada at\u00e9 a \u201ccasa das irm\u00e3s Jesus na Eucaristia\u201d, que fica no s\u00edtio hist\u00f3rico da Prainha, em Vila Velha. A noite, o Orat\u00f3rio aben\u00e7oou os fi\u00e9is nas Missas das 17h e das 19h. Na segunda-feira, a Rel\u00edquia vai peregrinar pelo Servi\u00e7o aos Enfermos e Idosos, entre outras atividades, e no fim do dia, \u00e0s 19h, participa de uma Celebra\u00e7\u00e3o Penitencial no Santu\u00e1rio de Vila Velha.<\/p>\n<hr \/>\n<p><em>Cristian Oliveira, pela Comunica\u00e7\u00e3o do Convento da Penha<\/em><\/p>\n","protected":false},"excerpt":{"rendered":"<p>Rel\u00edquia de S\u00e3o Francisco<\/p>\n","protected":false},"author":3,"featured_media":242498,"comment_status":"open","ping_status":"open","sticky":false,"template":"","format":"standard","meta":[],"categories":[1],"tags":[2120],"acf":[],"yoast_head":"<!-- This site is optimized with the Yoast SEO plugin v19.2 - https:\/\/yoast.com\/wordpress\/plugins\/seo\/ -->\n<title>Rel\u00edquia de S\u00e3o Francisco de Assis j\u00e1 est\u00e1 em Vila Velha - Not\u00edcias - Franciscanos<\/title>\n<meta name=\"robots\" content=\"index, follow, max-snippet:-1, max-image-preview:large, max-video-preview:-1\" \/>\n<link rel=\"canonical\" href=\"https:\/\/franciscanos.org.br\/noticias\/reliquia-de-sao-francisco-de-assis-ja-esta-em-vila-velha.html\" \/>\n<meta property=\"og:locale\" content=\"pt_BR\" \/>\n<meta property=\"og:type\" content=\"article\" \/>\n<meta property=\"og:title\" content=\"Rel\u00edquia de S\u00e3o Francisco de Assis j\u00e1 est\u00e1 em Vila Velha - Not\u00edcias - Franciscanos\" \/>\n<meta property=\"og:description\" content=\"Rel\u00edquia de S\u00e3o Francisco\" \/>\n<meta property=\"og:url\" content=\"https:\/\/franciscanos.org.br\/noticias\/reliquia-de-sao-francisco-de-assis-ja-esta-em-vila-velha.html\" \/>\n<meta property=\"og:site_name\" content=\"Not\u00edcias - Franciscanos\" \/>\n<meta property=\"article:published_time\" content=\"2023-03-20T11:19:28+00:00\" \/>\n<meta property=\"article:modified_time\" content=\"2023-03-20T11:20:20+00:00\" \/>\n<meta property=\"og:image\" content=\"https:\/\/franciscanos.org.br\/noticias\/wp-content\/uploads\/2023\/03\/vilavelha_20_1.png\" \/>\n\t<meta property=\"og:image:width\" content=\"1280\" \/>\n\t<meta property=\"og:image:height\" content=\"720\" \/>\n\t<meta property=\"og:image:type\" content=\"image\/png\" \/>\n<meta name=\"author\" content=\"moacir\" \/>\n<meta name=\"twitter:card\" content=\"summary_large_image\" \/>\n<meta name=\"twitter:label1\" content=\"Escrito por\" \/>\n\t<meta name=\"twitter:data1\" content=\"moacir\" \/>\n\t<meta name=\"twitter:label2\" content=\"Est. tempo de leitura\" \/>\n\t<meta name=\"twitter:data2\" content=\"7 minutos\" \/>\n<script type=\"application\/ld+json\" class=\"yoast-schema-graph\">{\"@context\":\"https:\/\/schema.org\",\"@graph\":[{\"@type\":\"WebSite\",\"@id\":\"https:\/\/franciscanos.org.br\/noticias\/#website\",\"url\":\"https:\/\/franciscanos.org.br\/noticias\/\",\"name\":\"Not\u00edcias - Franciscanos\",\"description\":\"Prov\u00edncia Franciscana da Imaculada Concei\u00e7\u00e3o do Brasil - Ordem dos Frades Menores - OFM\",\"potentialAction\":[{\"@type\":\"SearchAction\",\"target\":{\"@type\":\"EntryPoint\",\"urlTemplate\":\"https:\/\/franciscanos.org.br\/noticias\/?s={search_term_string}\"},\"query-input\":\"required name=search_term_string\"}],\"inLanguage\":\"pt-BR\"},{\"@type\":\"ImageObject\",\"inLanguage\":\"pt-BR\",\"@id\":\"https:\/\/franciscanos.org.br\/noticias\/reliquia-de-sao-francisco-de-assis-ja-esta-em-vila-velha.html#primaryimage\",\"url\":\"https:\/\/franciscanos.org.br\/noticias\/wp-content\/uploads\/2023\/03\/vilavelha_20_1.png\",\"contentUrl\":\"https:\/\/franciscanos.org.br\/noticias\/wp-content\/uploads\/2023\/03\/vilavelha_20_1.png\",\"width\":1280,\"height\":720},{\"@type\":\"WebPage\",\"@id\":\"https:\/\/franciscanos.org.br\/noticias\/reliquia-de-sao-francisco-de-assis-ja-esta-em-vila-velha.html#webpage\",\"url\":\"https:\/\/franciscanos.org.br\/noticias\/reliquia-de-sao-francisco-de-assis-ja-esta-em-vila-velha.html\",\"name\":\"Rel\u00edquia de S\u00e3o Francisco de Assis j\u00e1 est\u00e1 em Vila Velha - Not\u00edcias - Franciscanos\",\"isPartOf\":{\"@id\":\"https:\/\/franciscanos.org.br\/noticias\/#website\"},\"primaryImageOfPage\":{\"@id\":\"https:\/\/franciscanos.org.br\/noticias\/reliquia-de-sao-francisco-de-assis-ja-esta-em-vila-velha.html#primaryimage\"},\"datePublished\":\"2023-03-20T11:19:28+00:00\",\"dateModified\":\"2023-03-20T11:20:20+00:00\",\"author\":{\"@id\":\"https:\/\/franciscanos.org.br\/noticias\/#\/schema\/person\/b5c8cba458c330ccff548b056e95a5d4\"},\"breadcrumb\":{\"@id\":\"https:\/\/franciscanos.org.br\/noticias\/reliquia-de-sao-francisco-de-assis-ja-esta-em-vila-velha.html#breadcrumb\"},\"inLanguage\":\"pt-BR\",\"potentialAction\":[{\"@type\":\"ReadAction\",\"target\":[\"https:\/\/franciscanos.org.br\/noticias\/reliquia-de-sao-francisco-de-assis-ja-esta-em-vila-velha.html\"]}]},{\"@type\":\"BreadcrumbList\",\"@id\":\"https:\/\/franciscanos.org.br\/noticias\/reliquia-de-sao-francisco-de-assis-ja-esta-em-vila-velha.html#breadcrumb\",\"itemListElement\":[{\"@type\":\"ListItem\",\"position\":1,\"name\":\"Home\",\"item\":\"https:\/\/franciscanos.org.br\/noticias\"},{\"@type\":\"ListItem\",\"position\":2,\"name\":\"Rel\u00edquia de S\u00e3o Francisco de Assis j\u00e1 est\u00e1 em Vila Velha\"}]},{\"@type\":\"Person\",\"@id\":\"https:\/\/franciscanos.org.br\/noticias\/#\/schema\/person\/b5c8cba458c330ccff548b056e95a5d4\",\"name\":\"moacir\",\"image\":{\"@type\":\"ImageObject\",\"inLanguage\":\"pt-BR\",\"@id\":\"https:\/\/franciscanos.org.br\/noticias\/#\/schema\/person\/image\/\",\"url\":\"https:\/\/secure.gravatar.com\/avatar\/d08aa2ce4c8dd416d4479aa8536fcf64?s=96&d=mm&r=g\",\"contentUrl\":\"https:\/\/secure.gravatar.com\/avatar\/d08aa2ce4c8dd416d4479aa8536fcf64?s=96&d=mm&r=g\",\"caption\":\"moacir\"},\"url\":\"https:\/\/franciscanos.org.br\/noticias\/author\/moacir\"}]}<\/script>\n<!-- \/ Yoast SEO plugin. -->","yoast_head_json":{"title":"Rel\u00edquia de S\u00e3o Francisco de Assis j\u00e1 est\u00e1 em Vila Velha - Not\u00edcias - Franciscanos","robots":{"index":"index","follow":"follow","max-snippet":"max-snippet:-1","max-image-preview":"max-image-preview:large","max-video-preview":"max-video-preview:-1"},"canonical":"https:\/\/franciscanos.org.br\/noticias\/reliquia-de-sao-francisco-de-assis-ja-esta-em-vila-velha.html","og_locale":"pt_BR","og_type":"article","og_title":"Rel\u00edquia de S\u00e3o Francisco de Assis j\u00e1 est\u00e1 em Vila Velha - Not\u00edcias - Franciscanos","og_description":"Rel\u00edquia de S\u00e3o Francisco","og_url":"https:\/\/franciscanos.org.br\/noticias\/reliquia-de-sao-francisco-de-assis-ja-esta-em-vila-velha.html","og_site_name":"Not\u00edcias - Franciscanos","article_published_time":"2023-03-20T11:19:28+00:00","article_modified_time":"2023-03-20T11:20:20+00:00","og_image":[{"width":1280,"height":720,"url":"https:\/\/franciscanos.org.br\/noticias\/wp-content\/uploads\/2023\/03\/vilavelha_20_1.png","type":"image\/png"}],"author":"moacir","twitter_card":"summary_large_image","twitter_misc":{"Escrito por":"moacir","Est. tempo de leitura":"7 minutos"},"schema":{"@context":"https:\/\/schema.org","@graph":[{"@type":"WebSite","@id":"https:\/\/franciscanos.org.br\/noticias\/#website","url":"https:\/\/franciscanos.org.br\/noticias\/","name":"Not\u00edcias - Franciscanos","description":"Prov\u00edncia Franciscana da Imaculada Concei\u00e7\u00e3o do Brasil - Ordem dos Frades Menores - OFM","potentialAction":[{"@type":"SearchAction","target":{"@type":"EntryPoint","urlTemplate":"https:\/\/franciscanos.org.br\/noticias\/?s={search_term_string}"},"query-input":"required name=search_term_string"}],"inLanguage":"pt-BR"},{"@type":"ImageObject","inLanguage":"pt-BR","@id":"https:\/\/franciscanos.org.br\/noticias\/reliquia-de-sao-francisco-de-assis-ja-esta-em-vila-velha.html#primaryimage","url":"https:\/\/franciscanos.org.br\/noticias\/wp-content\/uploads\/2023\/03\/vilavelha_20_1.png","contentUrl":"https:\/\/franciscanos.org.br\/noticias\/wp-content\/uploads\/2023\/03\/vilavelha_20_1.png","width":1280,"height":720},{"@type":"WebPage","@id":"https:\/\/franciscanos.org.br\/noticias\/reliquia-de-sao-francisco-de-assis-ja-esta-em-vila-velha.html#webpage","url":"https:\/\/franciscanos.org.br\/noticias\/reliquia-de-sao-francisco-de-assis-ja-esta-em-vila-velha.html","name":"Rel\u00edquia de S\u00e3o Francisco de Assis j\u00e1 est\u00e1 em Vila Velha - Not\u00edcias - Franciscanos","isPartOf":{"@id":"https:\/\/franciscanos.org.br\/noticias\/#website"},"primaryImageOfPage":{"@id":"https:\/\/franciscanos.org.br\/noticias\/reliquia-de-sao-francisco-de-assis-ja-esta-em-vila-velha.html#primaryimage"},"datePublished":"2023-03-20T11:19:28+00:00","dateModified":"2023-03-20T11:20:20+00:00","author":{"@id":"https:\/\/franciscanos.org.br\/noticias\/#\/schema\/person\/b5c8cba458c330ccff548b056e95a5d4"},"breadcrumb":{"@id":"https:\/\/franciscanos.org.br\/noticias\/reliquia-de-sao-francisco-de-assis-ja-esta-em-vila-velha.html#breadcrumb"},"inLanguage":"pt-BR","potentialAction":[{"@type":"ReadAction","target":["https:\/\/franciscanos.org.br\/noticias\/reliquia-de-sao-francisco-de-assis-ja-esta-em-vila-velha.html"]}]},{"@type":"BreadcrumbList","@id":"https:\/\/franciscanos.org.br\/noticias\/reliquia-de-sao-francisco-de-assis-ja-esta-em-vila-velha.html#breadcrumb","itemListElement":[{"@type":"ListItem","position":1,"name":"Home","item":"https:\/\/franciscanos.org.br\/noticias"},{"@type":"ListItem","position":2,"name":"Rel\u00edquia de S\u00e3o Francisco de Assis j\u00e1 est\u00e1 em Vila Velha"}]},{"@type":"Person","@id":"https:\/\/franciscanos.org.br\/noticias\/#\/schema\/person\/b5c8cba458c330ccff548b056e95a5d4","name":"moacir","image":{"@type":"ImageObject","inLanguage":"pt-BR","@id":"https:\/\/franciscanos.org.br\/noticias\/#\/schema\/person\/image\/","url":"https:\/\/secure.gravatar.com\/avatar\/d08aa2ce4c8dd416d4479aa8536fcf64?s=96&d=mm&r=g","contentUrl":"https:\/\/secure.gravatar.com\/avatar\/d08aa2ce4c8dd416d4479aa8536fcf64?s=96&d=mm&r=g","caption":"moacir"},"url":"https:\/\/franciscanos.org.br\/noticias\/author\/moacir"}]}},"_links":{"self":[{"href":"https:\/\/franciscanos.org.br\/noticias\/wp-json\/wp\/v2\/posts\/242492"}],"collection":[{"href":"https:\/\/franciscanos.org.br\/noticias\/wp-json\/wp\/v2\/posts"}],"about":[{"href":"https:\/\/franciscanos.org.br\/noticias\/wp-json\/wp\/v2\/types\/post"}],"author":[{"embeddable":true,"href":"https:\/\/franciscanos.org.br\/noticias\/wp-json\/wp\/v2\/users\/3"}],"replies":[{"embeddable":true,"href":"https:\/\/franciscanos.org.br\/noticias\/wp-json\/wp\/v2\/comments?post=242492"}],"version-history":[{"count":3,"href":"https:\/\/franciscanos.org.br\/noticias\/wp-json\/wp\/v2\/posts\/242492\/revisions"}],"predecessor-version":[{"id":242502,"href":"https:\/\/franciscanos.org.br\/noticias\/wp-json\/wp\/v2\/posts\/242492\/revisions\/242502"}],"wp:featuredmedia":[{"embeddable":true,"href":"https:\/\/franciscanos.org.br\/noticias\/wp-json\/wp\/v2\/media\/242498"}],"wp:attachment":[{"href":"https:\/\/franciscanos.org.br\/noticias\/wp-json\/wp\/v2\/media?parent=242492"}],"wp:term":[{"taxonomy":"category","embeddable":true,"href":"https:\/\/franciscanos.org.br\/noticias\/wp-json\/wp\/v2\/categories?post=242492"},{"taxonomy":"post_tag","embeddable":true,"href":"https:\/\/franciscanos.org.br\/noticias\/wp-json\/wp\/v2\/tags?post=242492"}],"curies":[{"name":"wp","href":"https:\/\/api.w.org\/{rel}","templated":true}]}}