{"id":242465,"date":"2023-03-17T07:06:23","date_gmt":"2023-03-17T10:06:23","guid":{"rendered":"https:\/\/franciscanos.org.br\/noticias\/?p=242465"},"modified":"2023-03-17T07:06:23","modified_gmt":"2023-03-17T10:06:23","slug":"na-solenidade-da-anunciacao-do-senhor-dom-evaristo-inicia-seu-ministerio-pastoral-em-roraima","status":"publish","type":"post","link":"https:\/\/franciscanos.org.br\/noticias\/na-solenidade-da-anunciacao-do-senhor-dom-evaristo-inicia-seu-ministerio-pastoral-em-roraima.html","title":{"rendered":"Na solenidade da Anuncia\u00e7\u00e3o do Senhor, Dom Evaristo inicia seu Minist\u00e9rio Pastoral em Roraima"},"content":{"rendered":"<p><img loading=\"lazy\" class=\"alignnone size-full wp-image-242466\" src=\"https:\/\/franciscanos.org.br\/noticias\/wp-content\/uploads\/2023\/03\/evaristo_15.jpg\" alt=\"\" width=\"1200\" height=\"720\" srcset=\"https:\/\/franciscanos.org.br\/noticias\/wp-content\/uploads\/2023\/03\/evaristo_15.jpg 1200w, https:\/\/franciscanos.org.br\/noticias\/wp-content\/uploads\/2023\/03\/evaristo_15-450x270.jpg 450w, https:\/\/franciscanos.org.br\/noticias\/wp-content\/uploads\/2023\/03\/evaristo_15-1024x614.jpg 1024w, https:\/\/franciscanos.org.br\/noticias\/wp-content\/uploads\/2023\/03\/evaristo_15-768x461.jpg 768w, https:\/\/franciscanos.org.br\/noticias\/wp-content\/uploads\/2023\/03\/evaristo_15-150x90.jpg 150w\" sizes=\"(max-width: 1200px) 100vw, 1200px\" \/><\/p>\n<p>Nomeado pelo Papa Francisco no dia 25 de janeiro \u00faltimo, Dom Evaristo Pascoal Spengler iniciar\u00e1 o seu Minist\u00e9rio Pastoral e Apost\u00f3lico na Diocese de Roraima, no dia 25 de mar\u00e7o, solenidade da Anuncia\u00e7\u00e3o do Senhor, durante a Posse Can\u00f4nica e a Celebra\u00e7\u00e3o Eucar\u00edstica, \u00e0s 18 horas, na Catedral Cristo Redentor. No in\u00edcio da sua miss\u00e3o pastoral, Dom Evaristo viver\u00e1 um momento importante com a abertura do jubileu de 300 anos de evangeliza\u00e7\u00e3o em Roraima.<\/p>\n<p>Dom Evaristo foi transferido pelo Papa da Prelazia de Maraj\u00f3, onde estava desde 27 de agosto de 2016. Sobre a nomea\u00e7\u00e3o para Roraima, agradeceu a Deus pela &#8220;porta de entrada \u00e0 Amaz\u00f2nia&#8221;.<\/p>\n<p>Falando ao povo roraimense, lembrou que o &#8220;nosso chamado vem do pr\u00f3prio Deus e n\u00f3s temos de dar uma resposta a Ele neste Ano Vocacional, que n\u00e3o \u00e9 direcionado apenas para padres, religiosos, seminaristas, mas para todo o povo de Deus que deve assumir a sua voca\u00e7\u00e3o&#8217;, disse Dom Evaristo. &#8220;Como povo de Deus, cada tem a sua miss\u00e3o. Ningu\u00e9m, assumindo a sua miss\u00e3o, tira o lugar do outro na Igreja. Deus reservou um lugar para cada um. E, com certeza, queremos caminhar com todas as voca\u00e7\u00f5es na sinodalidade e fazendo um processo de caminhar sempre juntos&#8221;, enfatizou.<\/p>\n<p>Dom Evaristo assume no lugar de Dom M\u00e1rio Ant\u00f4nio da Silva, que deixou o cargo no Estado para assumir a Diocese de Cuiab\u00e1, no Mato Grosso, no dia 23 de fevereiro do ano passado.<\/p>\n<p>Em 2020, ap\u00f3s o S\u00ednodo da Amaz\u00f4nia, o Papa Francisco escreveu a exorta\u00e7\u00e3o apost\u00f3lica \u201cQuerida Amaz\u00f4nia\u201d, e afirmou querer ver uma regi\u00e3o com mais justi\u00e7a social onde o cristianismo n\u00e3o elimina, mas enriquece as culturas locais; onde a ecologia seja defendida, com mission\u00e1rios que n\u00e3o se envergonhem de Jesus Cristo.<\/p>\n<p>Natural de Gaspar (SC), onde nasceu no bairro de Pocinho no dia 29 de mar\u00e7o de 1959, Evaristo Spengler vestiu o h\u00e1bito franciscano quando ingressou no Noviciado de Rodeio (SC), desta Prov\u00edncia Franciscana da Imaculada Concei\u00e7\u00e3o, no dia 20 de janeiro de 1977. No dia 2 de agosto de 1982 fez a profiss\u00e3o solene na Ordem dos Frades Menores e foi ordenado presb\u00edtero no dia 19 de maio de 1984.<\/p>\n<p>Frei Evaristo ficou por uma d\u00e9cada em Angola. Essa experi\u00eancia mission\u00e1ria come\u00e7ou no dia 31 de maio de 2001. De 2003 a 2006, Frei Evaristo presidiu a Funda\u00e7\u00e3o Imaculada M\u00e3e de Deus de Angola. Em janeiro de 2010 encerrava essa etapa mission\u00e1ria e retornava para a conhecida Baixada Fluminense, em Duque de Caxias, bairro de Imbari\u00ea, como Vig\u00e1rio Paroquial. Ali continuou at\u00e9 2012 quando o Cap\u00edtulo Provincial o elegeu Definidor e o manteve como coordenador da Fraternidade de Imbari\u00ea. No Cap\u00edtulo Provincial de 2016, ele foi eleito Vig\u00e1rio Provincial e passou a acumular a fun\u00e7\u00e3o de Secret\u00e1rio da Evangeliza\u00e7\u00e3o.<\/p>\n<p>Dom Evaristo foi ordenado bispo em 6 de agosto de 2016, em Gaspar (SC), depois de ser nomeado no dia 1\u00ba de junho de 2016.<\/p>\n<p>Dom Evaristo sucedeu a Dom Frei Jos\u00e9 Luiz Azcona, religioso mission\u00e1rio da Ordem dos Agostinianos Recoletos e bispo prelado do Maraj\u00f3 desde 1987, que devido \u00e0 idade (76 anos) teve sua ren\u00fancia ao governo pastoral da Prelazia aceita pelo Papa Francisco, conforme prev\u00ea o Direito Can\u00f4nico.<\/p>\n<p><strong>HIST\u00d3RICO DA DIOCESE DE RORAIMA<\/strong><\/p>\n<p>A Igreja Particular do Rio Branco, hoje Roraima, foi a primeira a ser desmembrada da Diocese do Amazonas que na \u00e9poca compreendia os territ\u00f3rios do Amazonas, Rond\u00f4nia, Acre e Roraima. Em 15 de agosto de 1907, o decreto pontif\u00edcio do Papa Pio X, \u201cE Brasilianae Reipublicae Diocesibus\u201d elevou a Abadia de N\u00aa. S\u00aa. do Monserrate \u2013 Mosteiro de S\u00e3o Bento do Rio de Janeiro \u2013 \u00e0 categoria de Abadia Nullius com jurisdi\u00e7\u00e3o sobre o territ\u00f3rio da Bacia do Rio Branco, desligando-a da Diocese do Amazonas. Nascia ent\u00e3o a Igreja Particular de Roraima.<\/p>\n<p>Depois de tr\u00eas bispos-prelados da congrega\u00e7\u00e3o beneditina, em maio de 1948, os Monges entregaram a Prelazia aos Mission\u00e1rios da Consolata de Turim. Ap\u00f3s isso, em 1952, Dom Jos\u00e9 Nepote Fus, mission\u00e1rio da Consolata, assumiu como bispo-prelado. Em 1975, Dom Aldo Mongiano assumiu como bispo-prelado. Seu episcopado foi marcado pela luta em favor dos direitos dos Povos Ind\u00edgenas de Roraima e pela eleva\u00e7\u00e3o da Igreja Particular de Roraima da Diocese em 1979.<\/p>\n<p>Dom Apparecido Jos\u00e9 Dias, bispo nomeado em 1996, teve seu episcopado marcado pela experi\u00eancia no trabalho junto aos Povos Ind\u00edgenas e sendo presidente do CIMI \u2013Conselho Indigenista, al\u00e9m de acolher, na Diocese, a segunda experi\u00eancia de Igreja-Irm\u00e3 de Piacenza, It\u00e1lia, e os mission\u00e1rios do Verbo Divino. Ordenou quatro novos padres diocesanos. Fundou a R\u00e1dio FM Roraima e movimento N\u00f3s existimos.<\/p>\n<p>Na d\u00e9cada de 90, a Diocese acolheu novas congrega\u00e7\u00f5es religiosas, abriu o semin\u00e1rio, ordenou o primeiro padre diocesano e introduziu tamb\u00e9m o diaconato permanente. Abriu uma nova miss\u00e3o junto aos povos Yanomami \u2013 miss\u00e3o Xitei, construiu a Casa Paulo VI, o hospital de Cura. Atualmente, a Diocese de Roraima se destaca com apoio e suporte da popula\u00e7\u00e3o migrante e ind\u00edgena presente no Estado e continua caminhando na miss\u00e3o de evangeliza\u00e7\u00e3o, em comunh\u00e3o e participa\u00e7\u00e3o com o Santo Padre e toda a igreja na Amaz\u00f4nia.<\/p>\n<hr \/>\n<p><em>Comunica\u00e7\u00e3o da Prov\u00edncia da Imaculada Concei\u00e7\u00e3o<\/em><\/p>\n","protected":false},"excerpt":{"rendered":"<p>In\u00edcio do Minist\u00e9rio Pastoral e Apost\u00f3lico de Dom Evaristo<\/p>\n","protected":false},"author":3,"featured_media":242466,"comment_status":"open","ping_status":"open","sticky":false,"template":"","format":"standard","meta":[],"categories":[1],"tags":[1379],"acf":[],"yoast_head":"<!-- This site is optimized with the Yoast SEO plugin v19.2 - https:\/\/yoast.com\/wordpress\/plugins\/seo\/ -->\n<title>Na solenidade da Anuncia\u00e7\u00e3o do Senhor, Dom Evaristo inicia seu Minist\u00e9rio Pastoral em Roraima - Not\u00edcias - Franciscanos<\/title>\n<meta name=\"robots\" content=\"index, follow, max-snippet:-1, max-image-preview:large, max-video-preview:-1\" \/>\n<link rel=\"canonical\" href=\"https:\/\/franciscanos.org.br\/noticias\/na-solenidade-da-anunciacao-do-senhor-dom-evaristo-inicia-seu-ministerio-pastoral-em-roraima.html\" \/>\n<meta property=\"og:locale\" content=\"pt_BR\" \/>\n<meta property=\"og:type\" content=\"article\" \/>\n<meta property=\"og:title\" content=\"Na solenidade da Anuncia\u00e7\u00e3o do Senhor, Dom Evaristo inicia seu Minist\u00e9rio Pastoral em Roraima - Not\u00edcias - Franciscanos\" \/>\n<meta property=\"og:description\" content=\"In\u00edcio do Minist\u00e9rio Pastoral e Apost\u00f3lico de Dom Evaristo\" \/>\n<meta property=\"og:url\" content=\"https:\/\/franciscanos.org.br\/noticias\/na-solenidade-da-anunciacao-do-senhor-dom-evaristo-inicia-seu-ministerio-pastoral-em-roraima.html\" \/>\n<meta property=\"og:site_name\" content=\"Not\u00edcias - Franciscanos\" \/>\n<meta property=\"article:published_time\" content=\"2023-03-17T10:06:23+00:00\" \/>\n<meta property=\"og:image\" content=\"https:\/\/franciscanos.org.br\/noticias\/wp-content\/uploads\/2023\/03\/evaristo_15.jpg\" \/>\n\t<meta property=\"og:image:width\" content=\"1200\" \/>\n\t<meta property=\"og:image:height\" content=\"720\" \/>\n\t<meta property=\"og:image:type\" content=\"image\/jpeg\" \/>\n<meta name=\"author\" content=\"moacir\" \/>\n<meta name=\"twitter:card\" content=\"summary_large_image\" \/>\n<meta name=\"twitter:label1\" content=\"Escrito por\" \/>\n\t<meta name=\"twitter:data1\" content=\"moacir\" \/>\n\t<meta name=\"twitter:label2\" content=\"Est. tempo de leitura\" \/>\n\t<meta name=\"twitter:data2\" content=\"4 minutos\" \/>\n<script type=\"application\/ld+json\" class=\"yoast-schema-graph\">{\"@context\":\"https:\/\/schema.org\",\"@graph\":[{\"@type\":\"WebSite\",\"@id\":\"https:\/\/franciscanos.org.br\/noticias\/#website\",\"url\":\"https:\/\/franciscanos.org.br\/noticias\/\",\"name\":\"Not\u00edcias - Franciscanos\",\"description\":\"Prov\u00edncia Franciscana da Imaculada Concei\u00e7\u00e3o do Brasil - Ordem dos Frades Menores - OFM\",\"potentialAction\":[{\"@type\":\"SearchAction\",\"target\":{\"@type\":\"EntryPoint\",\"urlTemplate\":\"https:\/\/franciscanos.org.br\/noticias\/?s={search_term_string}\"},\"query-input\":\"required name=search_term_string\"}],\"inLanguage\":\"pt-BR\"},{\"@type\":\"ImageObject\",\"inLanguage\":\"pt-BR\",\"@id\":\"https:\/\/franciscanos.org.br\/noticias\/na-solenidade-da-anunciacao-do-senhor-dom-evaristo-inicia-seu-ministerio-pastoral-em-roraima.html#primaryimage\",\"url\":\"https:\/\/franciscanos.org.br\/noticias\/wp-content\/uploads\/2023\/03\/evaristo_15.jpg\",\"contentUrl\":\"https:\/\/franciscanos.org.br\/noticias\/wp-content\/uploads\/2023\/03\/evaristo_15.jpg\",\"width\":1200,\"height\":720},{\"@type\":\"WebPage\",\"@id\":\"https:\/\/franciscanos.org.br\/noticias\/na-solenidade-da-anunciacao-do-senhor-dom-evaristo-inicia-seu-ministerio-pastoral-em-roraima.html#webpage\",\"url\":\"https:\/\/franciscanos.org.br\/noticias\/na-solenidade-da-anunciacao-do-senhor-dom-evaristo-inicia-seu-ministerio-pastoral-em-roraima.html\",\"name\":\"Na solenidade da Anuncia\u00e7\u00e3o do Senhor, Dom Evaristo inicia seu Minist\u00e9rio Pastoral em Roraima - Not\u00edcias - Franciscanos\",\"isPartOf\":{\"@id\":\"https:\/\/franciscanos.org.br\/noticias\/#website\"},\"primaryImageOfPage\":{\"@id\":\"https:\/\/franciscanos.org.br\/noticias\/na-solenidade-da-anunciacao-do-senhor-dom-evaristo-inicia-seu-ministerio-pastoral-em-roraima.html#primaryimage\"},\"datePublished\":\"2023-03-17T10:06:23+00:00\",\"dateModified\":\"2023-03-17T10:06:23+00:00\",\"author\":{\"@id\":\"https:\/\/franciscanos.org.br\/noticias\/#\/schema\/person\/b5c8cba458c330ccff548b056e95a5d4\"},\"breadcrumb\":{\"@id\":\"https:\/\/franciscanos.org.br\/noticias\/na-solenidade-da-anunciacao-do-senhor-dom-evaristo-inicia-seu-ministerio-pastoral-em-roraima.html#breadcrumb\"},\"inLanguage\":\"pt-BR\",\"potentialAction\":[{\"@type\":\"ReadAction\",\"target\":[\"https:\/\/franciscanos.org.br\/noticias\/na-solenidade-da-anunciacao-do-senhor-dom-evaristo-inicia-seu-ministerio-pastoral-em-roraima.html\"]}]},{\"@type\":\"BreadcrumbList\",\"@id\":\"https:\/\/franciscanos.org.br\/noticias\/na-solenidade-da-anunciacao-do-senhor-dom-evaristo-inicia-seu-ministerio-pastoral-em-roraima.html#breadcrumb\",\"itemListElement\":[{\"@type\":\"ListItem\",\"position\":1,\"name\":\"Home\",\"item\":\"https:\/\/franciscanos.org.br\/noticias\"},{\"@type\":\"ListItem\",\"position\":2,\"name\":\"Na solenidade da Anuncia\u00e7\u00e3o do Senhor, Dom Evaristo inicia seu Minist\u00e9rio Pastoral em Roraima\"}]},{\"@type\":\"Person\",\"@id\":\"https:\/\/franciscanos.org.br\/noticias\/#\/schema\/person\/b5c8cba458c330ccff548b056e95a5d4\",\"name\":\"moacir\",\"image\":{\"@type\":\"ImageObject\",\"inLanguage\":\"pt-BR\",\"@id\":\"https:\/\/franciscanos.org.br\/noticias\/#\/schema\/person\/image\/\",\"url\":\"https:\/\/secure.gravatar.com\/avatar\/d08aa2ce4c8dd416d4479aa8536fcf64?s=96&d=mm&r=g\",\"contentUrl\":\"https:\/\/secure.gravatar.com\/avatar\/d08aa2ce4c8dd416d4479aa8536fcf64?s=96&d=mm&r=g\",\"caption\":\"moacir\"},\"url\":\"https:\/\/franciscanos.org.br\/noticias\/author\/moacir\"}]}<\/script>\n<!-- \/ Yoast SEO plugin. -->","yoast_head_json":{"title":"Na solenidade da Anuncia\u00e7\u00e3o do Senhor, Dom Evaristo inicia seu Minist\u00e9rio Pastoral em Roraima - Not\u00edcias - Franciscanos","robots":{"index":"index","follow":"follow","max-snippet":"max-snippet:-1","max-image-preview":"max-image-preview:large","max-video-preview":"max-video-preview:-1"},"canonical":"https:\/\/franciscanos.org.br\/noticias\/na-solenidade-da-anunciacao-do-senhor-dom-evaristo-inicia-seu-ministerio-pastoral-em-roraima.html","og_locale":"pt_BR","og_type":"article","og_title":"Na solenidade da Anuncia\u00e7\u00e3o do Senhor, Dom Evaristo inicia seu Minist\u00e9rio Pastoral em Roraima - Not\u00edcias - Franciscanos","og_description":"In\u00edcio do Minist\u00e9rio Pastoral e Apost\u00f3lico de Dom Evaristo","og_url":"https:\/\/franciscanos.org.br\/noticias\/na-solenidade-da-anunciacao-do-senhor-dom-evaristo-inicia-seu-ministerio-pastoral-em-roraima.html","og_site_name":"Not\u00edcias - Franciscanos","article_published_time":"2023-03-17T10:06:23+00:00","og_image":[{"width":1200,"height":720,"url":"https:\/\/franciscanos.org.br\/noticias\/wp-content\/uploads\/2023\/03\/evaristo_15.jpg","type":"image\/jpeg"}],"author":"moacir","twitter_card":"summary_large_image","twitter_misc":{"Escrito por":"moacir","Est. tempo de leitura":"4 minutos"},"schema":{"@context":"https:\/\/schema.org","@graph":[{"@type":"WebSite","@id":"https:\/\/franciscanos.org.br\/noticias\/#website","url":"https:\/\/franciscanos.org.br\/noticias\/","name":"Not\u00edcias - Franciscanos","description":"Prov\u00edncia Franciscana da Imaculada Concei\u00e7\u00e3o do Brasil - Ordem dos Frades Menores - OFM","potentialAction":[{"@type":"SearchAction","target":{"@type":"EntryPoint","urlTemplate":"https:\/\/franciscanos.org.br\/noticias\/?s={search_term_string}"},"query-input":"required name=search_term_string"}],"inLanguage":"pt-BR"},{"@type":"ImageObject","inLanguage":"pt-BR","@id":"https:\/\/franciscanos.org.br\/noticias\/na-solenidade-da-anunciacao-do-senhor-dom-evaristo-inicia-seu-ministerio-pastoral-em-roraima.html#primaryimage","url":"https:\/\/franciscanos.org.br\/noticias\/wp-content\/uploads\/2023\/03\/evaristo_15.jpg","contentUrl":"https:\/\/franciscanos.org.br\/noticias\/wp-content\/uploads\/2023\/03\/evaristo_15.jpg","width":1200,"height":720},{"@type":"WebPage","@id":"https:\/\/franciscanos.org.br\/noticias\/na-solenidade-da-anunciacao-do-senhor-dom-evaristo-inicia-seu-ministerio-pastoral-em-roraima.html#webpage","url":"https:\/\/franciscanos.org.br\/noticias\/na-solenidade-da-anunciacao-do-senhor-dom-evaristo-inicia-seu-ministerio-pastoral-em-roraima.html","name":"Na solenidade da Anuncia\u00e7\u00e3o do Senhor, Dom Evaristo inicia seu Minist\u00e9rio Pastoral em Roraima - Not\u00edcias - Franciscanos","isPartOf":{"@id":"https:\/\/franciscanos.org.br\/noticias\/#website"},"primaryImageOfPage":{"@id":"https:\/\/franciscanos.org.br\/noticias\/na-solenidade-da-anunciacao-do-senhor-dom-evaristo-inicia-seu-ministerio-pastoral-em-roraima.html#primaryimage"},"datePublished":"2023-03-17T10:06:23+00:00","dateModified":"2023-03-17T10:06:23+00:00","author":{"@id":"https:\/\/franciscanos.org.br\/noticias\/#\/schema\/person\/b5c8cba458c330ccff548b056e95a5d4"},"breadcrumb":{"@id":"https:\/\/franciscanos.org.br\/noticias\/na-solenidade-da-anunciacao-do-senhor-dom-evaristo-inicia-seu-ministerio-pastoral-em-roraima.html#breadcrumb"},"inLanguage":"pt-BR","potentialAction":[{"@type":"ReadAction","target":["https:\/\/franciscanos.org.br\/noticias\/na-solenidade-da-anunciacao-do-senhor-dom-evaristo-inicia-seu-ministerio-pastoral-em-roraima.html"]}]},{"@type":"BreadcrumbList","@id":"https:\/\/franciscanos.org.br\/noticias\/na-solenidade-da-anunciacao-do-senhor-dom-evaristo-inicia-seu-ministerio-pastoral-em-roraima.html#breadcrumb","itemListElement":[{"@type":"ListItem","position":1,"name":"Home","item":"https:\/\/franciscanos.org.br\/noticias"},{"@type":"ListItem","position":2,"name":"Na solenidade da Anuncia\u00e7\u00e3o do Senhor, Dom Evaristo inicia seu Minist\u00e9rio Pastoral em Roraima"}]},{"@type":"Person","@id":"https:\/\/franciscanos.org.br\/noticias\/#\/schema\/person\/b5c8cba458c330ccff548b056e95a5d4","name":"moacir","image":{"@type":"ImageObject","inLanguage":"pt-BR","@id":"https:\/\/franciscanos.org.br\/noticias\/#\/schema\/person\/image\/","url":"https:\/\/secure.gravatar.com\/avatar\/d08aa2ce4c8dd416d4479aa8536fcf64?s=96&d=mm&r=g","contentUrl":"https:\/\/secure.gravatar.com\/avatar\/d08aa2ce4c8dd416d4479aa8536fcf64?s=96&d=mm&r=g","caption":"moacir"},"url":"https:\/\/franciscanos.org.br\/noticias\/author\/moacir"}]}},"_links":{"self":[{"href":"https:\/\/franciscanos.org.br\/noticias\/wp-json\/wp\/v2\/posts\/242465"}],"collection":[{"href":"https:\/\/franciscanos.org.br\/noticias\/wp-json\/wp\/v2\/posts"}],"about":[{"href":"https:\/\/franciscanos.org.br\/noticias\/wp-json\/wp\/v2\/types\/post"}],"author":[{"embeddable":true,"href":"https:\/\/franciscanos.org.br\/noticias\/wp-json\/wp\/v2\/users\/3"}],"replies":[{"embeddable":true,"href":"https:\/\/franciscanos.org.br\/noticias\/wp-json\/wp\/v2\/comments?post=242465"}],"version-history":[{"count":1,"href":"https:\/\/franciscanos.org.br\/noticias\/wp-json\/wp\/v2\/posts\/242465\/revisions"}],"predecessor-version":[{"id":242467,"href":"https:\/\/franciscanos.org.br\/noticias\/wp-json\/wp\/v2\/posts\/242465\/revisions\/242467"}],"wp:featuredmedia":[{"embeddable":true,"href":"https:\/\/franciscanos.org.br\/noticias\/wp-json\/wp\/v2\/media\/242466"}],"wp:attachment":[{"href":"https:\/\/franciscanos.org.br\/noticias\/wp-json\/wp\/v2\/media?parent=242465"}],"wp:term":[{"taxonomy":"category","embeddable":true,"href":"https:\/\/franciscanos.org.br\/noticias\/wp-json\/wp\/v2\/categories?post=242465"},{"taxonomy":"post_tag","embeddable":true,"href":"https:\/\/franciscanos.org.br\/noticias\/wp-json\/wp\/v2\/tags?post=242465"}],"curies":[{"name":"wp","href":"https:\/\/api.w.org\/{rel}","templated":true}]}}