{"id":242456,"date":"2023-03-30T09:15:42","date_gmt":"2023-03-30T12:15:42","guid":{"rendered":"https:\/\/franciscanos.org.br\/noticias\/?p=242456"},"modified":"2023-03-30T09:15:42","modified_gmt":"2023-03-30T12:15:42","slug":"a-biblia-judaica-e-a-biblia-crista-e-um-dos-lancamentos-da-editora-vozes","status":"publish","type":"post","link":"https:\/\/franciscanos.org.br\/noticias\/a-biblia-judaica-e-a-biblia-crista-e-um-dos-lancamentos-da-editora-vozes.html","title":{"rendered":"&#8220;A B\u00edblia judaica e a B\u00edblia crist\u00e3&#8221; \u00e9 um dos lan\u00e7amentos da Editora Vozes"},"content":{"rendered":"<p><img loading=\"lazy\" src=\"https:\/\/franciscanos.org.br\/noticias\/wp-content\/uploads\/2023\/03\/Vozes-1280.png\" alt=\"\" width=\"1280\" height=\"720\" \/><\/p>\n<h3><strong>A B\u00edblia judaica e a B\u00edblia crist\u00e3: introdu\u00e7\u00e3o \u00e0 hist\u00f3ria da B\u00edblia<\/strong><\/h3>\n<p>Os descobrimentos de Qumr\u00e3 nas proximidades do Mar Morto trouxeram a lume numerosos novos dados hist\u00f3ricos b\u00edblicos do per\u00edodo compreendido entre o nascimento e desenvolvimento do juda\u00edsmo e do cristianismo. Este livro re\u00fane conhecimentos cient\u00edficos atualizados da hist\u00f3ria da B\u00edblia: forma\u00e7\u00e3o das cole\u00e7\u00f5es dos livros can\u00f4nicos e ap\u00f3crifos, transmiss\u00e3o e tradu\u00e7\u00e3o dos textos b\u00edblicos e sua interpreta\u00e7\u00e3o no juda\u00edsmo e no cristianismo. Estabelece tamb\u00e9m pontes cont\u00ednuas entre campos e tend\u00eancias bastante diferentes: literatura can\u00f4nica e ap\u00f3crifa, escrita e oral, literatura b\u00edblica e entorno social (grupos fariseus, saduceus, ess\u00eanios, judeu-crist\u00e3os etc.), tradi\u00e7\u00e3o e inova\u00e7\u00e3o, judeu e crist\u00e3o, tradi\u00e7\u00e3o b\u00edblica e tradi\u00e7\u00e3o cl\u00e1ssica greco-romana, exegese dos rabinos e escritores crist\u00e3os e exegese cr\u00edtica moderna, fil\u00f3logos e historiadores, hebra\u00edstas e helenistas, literatos e alegoristas, hermen\u00eautica da Ilustra\u00e7\u00e3o e P\u00f3s-modernidade etc.<\/p>\n<p>As introdu\u00e7\u00f5es \u00e0 B\u00edblia geralmente apresentam os dados relativos \u00e0 g\u00eanese, estrutura e significados originais dos livros b\u00edblicos, num relance que vai do momento atual at\u00e9 o mais remoto passado. Esta introdu\u00e7\u00e3o, ao contr\u00e1rio, inverte o ponto de vista. Olha o desenvolvimento liter\u00e1rio posterior e a \u201cefetividade hist\u00f3rica\u201d (Wirkungsgeschichte) que a B\u00edblia teve no juda\u00edsmo e no cristianismo com rela\u00e7\u00e3o ao mundo helen\u00edstico e romano e com o Renascimento e a Ilustra\u00e7\u00e3o moderna.<\/p>\n<p>O leitor sempre encontrar\u00e1 ao mesmo tempo informa\u00e7\u00f5es gerais e discuss\u00f5es detalhadas sobre numerosas quest\u00f5es debatidas na investiga\u00e7\u00e3o atual: a fluidez do c\u00e2non e do texto b\u00edblico, as reedi\u00e7\u00f5es, os textos \u201cmarginais\u201d de Qumr\u00e3, o pano de fundo judeu e a exegese crist\u00e3, a influ\u00eancia sem\u00edtica e\/ou hel\u00eanica no cristianismo etc.<\/p>\n<hr \/>\n<h3><strong>Jung, uma viagem em dire\u00e7\u00e3o a si mesmo<\/strong><\/h3>\n<p>Em um mundo que era ainda extremamente institucionalizado, Jung estabelece, com efeito, a experi\u00eancia pessoal como alicerce de qualquer itiner\u00e1rio existencial aut\u00eantico: procede \u00e0 cr\u00edtica contra o formalismo e a intoler\u00e2ncia das grandes religi\u00f5es, sem negar a dimens\u00e3o religiosa da alma humana e sua necessidade do sagrado; al\u00e9m disso, posiciona-se enquanto cientista que nunca deixa de coletar fatos, mas tamb\u00e9m sublinha os limites da raz\u00e3o e da ci\u00eancia.<\/p>\n<p>Jung \u00e9, assim, o primeiro pensador da P\u00f3s-modernidade: sem rejeitar os vetores fundamentais da Modernidade \u2013 a raz\u00e3o cr\u00edtica, a globaliza\u00e7\u00e3o e o advento do indiv\u00edduo \u2013, mostra as limita\u00e7\u00f5es do conhecimento, as ambiguidades do progresso tecnol\u00f3gico, o impasse do individualismo. \u00c9, ao mesmo tempo, testemunha e pensador da busca contempor\u00e2nea pelo sentido, inspirada tamb\u00e9m, em grande parte, por seus escritos sobre as filosofias orientais, o esoterismo e as correntes m\u00edsticas, o v\u00ednculo entre ci\u00eancia e espiritualidade, a linguagem simb\u00f3lica, o di\u00e1logo entre o consciente e o inconsciente, os fen\u00f4menos paranormais, a investiga\u00e7\u00e3o das fronteiras entre a vida e a morte, a conjun\u00e7\u00e3o dos opostos ou das polaridades: sombra\/luz; raz\u00e3o\/ sentimento; bem\/mal; masculino\/feminino; indiv\u00edduo\/cosmos; esp\u00edrito\/ mat\u00e9ria etc.<\/p>\n<hr \/>\n<h3><strong>Projeto de Vida: nas asas do tempo<\/strong><\/h3>\n<p>A vida \u00e9 um desafio. N\u00f3s a temos \u00e0 m\u00e3o, mas ela nos foge entre os dedos, acumulando frustra\u00e7\u00f5es, promessas n\u00e3o cumpridas, propostas deixadas a meio caminho. Da\u00ed a import\u00e2ncia de ter um Projeto de Vida para dar significado a ela, novo \u00e2nimo nas realiza\u00e7\u00f5es pessoais, em fam\u00edlia, no trabalho. Viver \u00e9 uma experi\u00eancia integrada, e alcan\u00e7ar o equil\u00edbrio entre as diferentes dimens\u00f5es \u00e9 o segredo do bem-viver.<\/p>\n<p>Inusitadas formas de a\u00e7\u00e3o, rea\u00e7\u00e3o, resist\u00eancia e interroga\u00e7\u00e3o \u00e0s mudan\u00e7as marcam o esp\u00edrito inquieto do nosso tempo, fazendo-nos pensar, avaliar e assumir uma posi\u00e7\u00e3o. As perguntas que fazemos traduzem nossa maneira de ver e sentir, pensar e agir, definem o que procuramos, expressam valores e formulam respostas.<\/p>\n<p>Quest\u00f5es-chave ajudar\u00e3o voc\u00ea a formular o seu Projeto de Vida em planos de forma\u00e7\u00e3o, conviv\u00eancia, capacita\u00e7\u00e3o, esperan\u00e7a: Sou o que penso que sou? Sei conviver na aceita\u00e7\u00e3o do outro e no compartilhar? Como posso me capacitar ainda mais? O que fa\u00e7o para manter a esperan\u00e7a?<\/p>\n<p>O convite-roteiro para tra\u00e7ar um Projeto de Vida sustent\u00e1vel inspira-se em fundamentos sociol\u00f3gicos e psicol\u00f3gicos a partir da metodologia filos\u00f3fica da vida cotidiana. De modo reflexivo e interativo, este livro prop\u00f5e o seu ingresso no teatro da pr\u00f3pria vida, voc\u00ea: o produtor, o ator e o espectador em tempo real. Viva o seu agora de modo intenso e consciente, promessa do que ser\u00e1 o devir.<\/p>\n<hr \/>\n<h3><strong>Religi\u00e3o e a democracia brasileira: dos bancos das igrejas para as urnas<\/strong><\/h3>\n<p>Este livro contribui para os estudos sobre religi\u00e3o e pol\u00edtica comparadas, sintetizando abordagens em v\u00e1rios dom\u00ednios. Primeiro, estudos anteriores distinguem entre explica\u00e7\u00f5es de \u201clado da demanda\u201d e \u201clado da oferta\u201d sobre o comportamento do l\u00edder religioso \u2013 isto \u00e9, entre explica\u00e7\u00f5es focadas nas circunst\u00e2ncias sociais e pol\u00edticas que estimulam mudan\u00e7as doutrinais e aquelas focadas nos c\u00e1lculos estrat\u00e9gicos dos padres e pastores. Argumentamos que explicar a atividade pol\u00edtica do l\u00edder religioso requer considerar a intera\u00e7\u00e3o entre os dois lados, tanto o da oferta quanto o da demanda religiosa, pois os c\u00e1lculos estrat\u00e9gicos do clero respondem a mudan\u00e7as nas condi\u00e7\u00f5es sociais e pol\u00edticas.<\/p>\n<hr \/>\n<h3><strong>Caderno de exerc\u00edcios para sair do jogo v\u00edtima, carrasco, salvador<\/strong><\/h3>\n<p>No conceito de tri\u00e2ngulo dram\u00e1tico desenvolvido por Stephen Karpman, psic\u00f3logo, tr\u00eas pap\u00e9is principais se destacam nos jogos psicol\u00f3gicos: a v\u00edtima, o carrasco e o salvador. Estar em uma dessas posi\u00e7\u00f5es, \u00e0s vezes sem ter consci\u00eancia disso, leva a relacionamentos negativos, desgastantes e t\u00f3xicos. Este caderno de exerc\u00edcios permite conhecer, compreender, frustrar, desarmar os jogos psicol\u00f3gicos baseados nesses tr\u00eas pap\u00e9is para evitar provoc\u00e1-los e, assim, melhorar as rela\u00e7\u00f5es de forma sustent\u00e1vel. Aprenda a frustrar jogos psicol\u00f3gicos para ser mais livre em suas a\u00e7\u00f5es!<\/p>\n<hr \/>\n<h3><strong>O fascismo da cor:\u00a0<\/strong><strong>Uma radiografia do racismo nacional<\/strong><\/h3>\n<p>Em meio ao turbilh\u00e3o de mudan\u00e7as do mundo global, o racismo permanece intacto e culturalmente irresol\u00favel. A sua aparente universaliza\u00e7\u00e3o n\u00e3o deixa evidente que s\u00e3o diversos os seus modos de incid\u00eancia nas diferentes regi\u00f5es do mundo.<\/p>\n<p>O foco de <em>O fascismo da cor <\/em>\u00e9 o racismo brasileiro p\u00f3s-abolicionista, que Muniz Sodr\u00e9 faz coincidir com a emerg\u00eancia do fascismo europeu e com a vig\u00eancia de uma \u201cforma social escravista\u201d nativa, em que status e brancura tomam o lugar das antigas formas de segrega\u00e7\u00e3o. Com nova perspectiva dentro da luta antirracista, este \u00e9 um livro de leitura incontorn\u00e1vel.<\/p>\n<hr \/>\n<h3><strong>Ensinando de um jeito que funciona: Andragogia e An\u00e1lise Transacional<\/strong><\/h3>\n<p>Ensinando de um jeito que funciona \u00e9 para voc\u00ea que se depara com o desafio de ensinar e treinar pessoas adultas. O baixo engajamento dos alunos, as dificuldades de reten\u00e7\u00e3o do conhecimento, a n\u00e3o responsabiliza\u00e7\u00e3o pelo pr\u00f3prio aprendizado e as dificuldades de comunica\u00e7\u00e3o nos ambientes de aprendizagem s\u00e3o apenas alguns dos problemas que n\u00f3s educadores corporativos, professores e facilitadores de todas as \u00e1reas encontramos ao levar os conte\u00fados, seja na educa\u00e7\u00e3o presencial ou remota. Neste livro, Carmem e Fabrizia compartilham as ferramentas da Andragogia e da An\u00e1lise Transacional que mudaram a forma como elas d\u00e3o aulas e permitiram que transformassem a vida de milhares de alunos em mais de 200 diferentes organiza\u00e7\u00f5es, com resultados surpreendentes. Mais do que trazer teorias, este livro ajudar\u00e1 voc\u00ea a questionar seu papel em sala de aula e a buscar formas pr\u00e1ticas de transformar seus resultados nos ambientes de aprendizagem. Resgatar a alegria de compartilhar conhecimento e transformar a aprendizagem em momentos de partilha prazerosa \u00e9 o que acontece quando se \u201censina de um jeito que funciona\u201d.<\/p>\n<hr \/>\n<h3><strong>Hist\u00f3ria da gram\u00e1tica no Brasil: s\u00e9culos XVI a XIX<\/strong><\/h3>\n<p>Este livro busca tra\u00e7ar um coment\u00e1rio cr\u00edtico e oferecer informa\u00e7\u00e3o biobibliogr\u00e1fica fidedigna sobre o percurso dos estudos gramaticais brasileiros no per\u00edodo compreendido entre a segunda metade do s\u00e9culo XVI e o fim do s\u00e9culo XIX. Suas p\u00e1ginas cuidam dos fatos s\u00f3cio-hist\u00f3ricos que deram oportunidade \u00e0 produ\u00e7\u00e3o de gram\u00e1ticas e textos lingu\u00edsticos afins, seus fundamentos e prop\u00f3sitos, ao longo desses tr\u00eas s\u00e9culos de constru\u00e7\u00e3o e desenvolvimento da sociedade brasileira. Os fatos e personagens referidos d\u00e3o a exata dimens\u00e3o do desenvolvimento do pensamento lingu\u00edstico brasileiro em face do contexto intelectual a que pertencem. Portanto, para os investigadores que se dedicam ao estudo e ao ensino da l\u00edngua portuguesa, esta leitura oferece a oportunidade de conhecer a hist\u00f3ria da sua disciplina, um pr\u00e9-requisito fundamental na seara da pesquisa acad\u00eamica e da pr\u00e1xis pedag\u00f3gica. Para os que se dedicam \u00e0 pesquisa hist\u00f3rica, trata-se de leitura essencial para a compreens\u00e3o da atividade intelectual no campo dos estudos lingu\u00edsticos, bem como para a aferi\u00e7\u00e3o de seu contributo para a constru\u00e7\u00e3o da sociedade brasileira.<\/p>\n<p>&nbsp;<\/p>\n<hr \/>\n<p style=\"padding-left: 40px;\">Todos esses produtos podem ser adquiridos pelos sites www.livrariavozes.com.br ou \u00a0site:\u00a0<span style=\"color: #0000ff;\"><a style=\"color: #0000ff;\" href=\"http:\/\/vozes.com.br\">http:\/\/vozes.com.br<\/a><\/span><br \/>\nE-mail:\u00a0<a href=\"mailto:contato@vozes.com.br\"><span style=\"color: #0000ff;\">contato@vozes.com.br<\/span><\/a><br \/>\nTel.\u00a011 3101 8451<br \/>\nEditora Vozes<\/p>\n<p>&nbsp;<\/p>\n<p>&nbsp;<\/p>\n","protected":false},"excerpt":{"rendered":"<p>Editora Vozes<\/p>\n","protected":false},"author":7,"featured_media":242458,"comment_status":"open","ping_status":"open","sticky":false,"template":"","format":"standard","meta":[],"categories":[1],"tags":[238],"acf":[],"yoast_head":"<!-- This site is optimized with the Yoast SEO plugin v19.2 - https:\/\/yoast.com\/wordpress\/plugins\/seo\/ -->\n<title>&quot;A B\u00edblia judaica e a B\u00edblia crist\u00e3&quot; \u00e9 um dos lan\u00e7amentos da Editora Vozes - Not\u00edcias - Franciscanos<\/title>\n<meta name=\"robots\" content=\"index, follow, max-snippet:-1, max-image-preview:large, max-video-preview:-1\" \/>\n<link rel=\"canonical\" href=\"https:\/\/franciscanos.org.br\/noticias\/a-biblia-judaica-e-a-biblia-crista-e-um-dos-lancamentos-da-editora-vozes.html\" \/>\n<meta property=\"og:locale\" content=\"pt_BR\" \/>\n<meta property=\"og:type\" content=\"article\" \/>\n<meta property=\"og:title\" content=\"&quot;A B\u00edblia judaica e a B\u00edblia crist\u00e3&quot; \u00e9 um dos lan\u00e7amentos da Editora Vozes - Not\u00edcias - Franciscanos\" \/>\n<meta property=\"og:description\" content=\"Editora Vozes\" \/>\n<meta property=\"og:url\" content=\"https:\/\/franciscanos.org.br\/noticias\/a-biblia-judaica-e-a-biblia-crista-e-um-dos-lancamentos-da-editora-vozes.html\" \/>\n<meta property=\"og:site_name\" content=\"Not\u00edcias - Franciscanos\" \/>\n<meta property=\"article:published_time\" content=\"2023-03-30T12:15:42+00:00\" \/>\n<meta property=\"og:image\" content=\"https:\/\/franciscanos.org.br\/noticias\/wp-content\/uploads\/2023\/03\/Vozes-800.png\" \/>\n\t<meta property=\"og:image:width\" content=\"800\" \/>\n\t<meta property=\"og:image:height\" content=\"550\" \/>\n\t<meta property=\"og:image:type\" content=\"image\/png\" \/>\n<meta name=\"author\" content=\"jovenal\" \/>\n<meta name=\"twitter:card\" content=\"summary_large_image\" \/>\n<meta name=\"twitter:label1\" content=\"Escrito por\" \/>\n\t<meta name=\"twitter:data1\" content=\"jovenal\" \/>\n\t<meta name=\"twitter:label2\" content=\"Est. tempo de leitura\" \/>\n\t<meta name=\"twitter:data2\" content=\"8 minutos\" \/>\n<script type=\"application\/ld+json\" class=\"yoast-schema-graph\">{\"@context\":\"https:\/\/schema.org\",\"@graph\":[{\"@type\":\"WebSite\",\"@id\":\"https:\/\/franciscanos.org.br\/noticias\/#website\",\"url\":\"https:\/\/franciscanos.org.br\/noticias\/\",\"name\":\"Not\u00edcias - Franciscanos\",\"description\":\"Prov\u00edncia Franciscana da Imaculada Concei\u00e7\u00e3o do Brasil - Ordem dos Frades Menores - OFM\",\"potentialAction\":[{\"@type\":\"SearchAction\",\"target\":{\"@type\":\"EntryPoint\",\"urlTemplate\":\"https:\/\/franciscanos.org.br\/noticias\/?s={search_term_string}\"},\"query-input\":\"required name=search_term_string\"}],\"inLanguage\":\"pt-BR\"},{\"@type\":\"ImageObject\",\"inLanguage\":\"pt-BR\",\"@id\":\"https:\/\/franciscanos.org.br\/noticias\/a-biblia-judaica-e-a-biblia-crista-e-um-dos-lancamentos-da-editora-vozes.html#primaryimage\",\"url\":\"https:\/\/franciscanos.org.br\/noticias\/wp-content\/uploads\/2023\/03\/Vozes-800.png\",\"contentUrl\":\"https:\/\/franciscanos.org.br\/noticias\/wp-content\/uploads\/2023\/03\/Vozes-800.png\",\"width\":800,\"height\":550},{\"@type\":\"WebPage\",\"@id\":\"https:\/\/franciscanos.org.br\/noticias\/a-biblia-judaica-e-a-biblia-crista-e-um-dos-lancamentos-da-editora-vozes.html#webpage\",\"url\":\"https:\/\/franciscanos.org.br\/noticias\/a-biblia-judaica-e-a-biblia-crista-e-um-dos-lancamentos-da-editora-vozes.html\",\"name\":\"\\\"A B\u00edblia judaica e a B\u00edblia crist\u00e3\\\" \u00e9 um dos lan\u00e7amentos da Editora Vozes - Not\u00edcias - Franciscanos\",\"isPartOf\":{\"@id\":\"https:\/\/franciscanos.org.br\/noticias\/#website\"},\"primaryImageOfPage\":{\"@id\":\"https:\/\/franciscanos.org.br\/noticias\/a-biblia-judaica-e-a-biblia-crista-e-um-dos-lancamentos-da-editora-vozes.html#primaryimage\"},\"datePublished\":\"2023-03-30T12:15:42+00:00\",\"dateModified\":\"2023-03-30T12:15:42+00:00\",\"author\":{\"@id\":\"https:\/\/franciscanos.org.br\/noticias\/#\/schema\/person\/c3a26b08313dd1772495ce300ab257cc\"},\"breadcrumb\":{\"@id\":\"https:\/\/franciscanos.org.br\/noticias\/a-biblia-judaica-e-a-biblia-crista-e-um-dos-lancamentos-da-editora-vozes.html#breadcrumb\"},\"inLanguage\":\"pt-BR\",\"potentialAction\":[{\"@type\":\"ReadAction\",\"target\":[\"https:\/\/franciscanos.org.br\/noticias\/a-biblia-judaica-e-a-biblia-crista-e-um-dos-lancamentos-da-editora-vozes.html\"]}]},{\"@type\":\"BreadcrumbList\",\"@id\":\"https:\/\/franciscanos.org.br\/noticias\/a-biblia-judaica-e-a-biblia-crista-e-um-dos-lancamentos-da-editora-vozes.html#breadcrumb\",\"itemListElement\":[{\"@type\":\"ListItem\",\"position\":1,\"name\":\"Home\",\"item\":\"https:\/\/franciscanos.org.br\/noticias\"},{\"@type\":\"ListItem\",\"position\":2,\"name\":\"&#8220;A B\u00edblia judaica e a B\u00edblia crist\u00e3&#8221; \u00e9 um dos lan\u00e7amentos da Editora Vozes\"}]},{\"@type\":\"Person\",\"@id\":\"https:\/\/franciscanos.org.br\/noticias\/#\/schema\/person\/c3a26b08313dd1772495ce300ab257cc\",\"name\":\"jovenal\",\"image\":{\"@type\":\"ImageObject\",\"inLanguage\":\"pt-BR\",\"@id\":\"https:\/\/franciscanos.org.br\/noticias\/#\/schema\/person\/image\/\",\"url\":\"https:\/\/secure.gravatar.com\/avatar\/e94509f531086e2eaf97e72f29ea00f9?s=96&d=mm&r=g\",\"contentUrl\":\"https:\/\/secure.gravatar.com\/avatar\/e94509f531086e2eaf97e72f29ea00f9?s=96&d=mm&r=g\",\"caption\":\"jovenal\"},\"url\":\"https:\/\/franciscanos.org.br\/noticias\/author\/jovenal\"}]}<\/script>\n<!-- \/ Yoast SEO plugin. -->","yoast_head_json":{"title":"\"A B\u00edblia judaica e a B\u00edblia crist\u00e3\" \u00e9 um dos lan\u00e7amentos da Editora Vozes - Not\u00edcias - Franciscanos","robots":{"index":"index","follow":"follow","max-snippet":"max-snippet:-1","max-image-preview":"max-image-preview:large","max-video-preview":"max-video-preview:-1"},"canonical":"https:\/\/franciscanos.org.br\/noticias\/a-biblia-judaica-e-a-biblia-crista-e-um-dos-lancamentos-da-editora-vozes.html","og_locale":"pt_BR","og_type":"article","og_title":"\"A B\u00edblia judaica e a B\u00edblia crist\u00e3\" \u00e9 um dos lan\u00e7amentos da Editora Vozes - Not\u00edcias - Franciscanos","og_description":"Editora Vozes","og_url":"https:\/\/franciscanos.org.br\/noticias\/a-biblia-judaica-e-a-biblia-crista-e-um-dos-lancamentos-da-editora-vozes.html","og_site_name":"Not\u00edcias - Franciscanos","article_published_time":"2023-03-30T12:15:42+00:00","og_image":[{"width":800,"height":550,"url":"https:\/\/franciscanos.org.br\/noticias\/wp-content\/uploads\/2023\/03\/Vozes-800.png","type":"image\/png"}],"author":"jovenal","twitter_card":"summary_large_image","twitter_misc":{"Escrito por":"jovenal","Est. tempo de leitura":"8 minutos"},"schema":{"@context":"https:\/\/schema.org","@graph":[{"@type":"WebSite","@id":"https:\/\/franciscanos.org.br\/noticias\/#website","url":"https:\/\/franciscanos.org.br\/noticias\/","name":"Not\u00edcias - Franciscanos","description":"Prov\u00edncia Franciscana da Imaculada Concei\u00e7\u00e3o do Brasil - Ordem dos Frades Menores - OFM","potentialAction":[{"@type":"SearchAction","target":{"@type":"EntryPoint","urlTemplate":"https:\/\/franciscanos.org.br\/noticias\/?s={search_term_string}"},"query-input":"required name=search_term_string"}],"inLanguage":"pt-BR"},{"@type":"ImageObject","inLanguage":"pt-BR","@id":"https:\/\/franciscanos.org.br\/noticias\/a-biblia-judaica-e-a-biblia-crista-e-um-dos-lancamentos-da-editora-vozes.html#primaryimage","url":"https:\/\/franciscanos.org.br\/noticias\/wp-content\/uploads\/2023\/03\/Vozes-800.png","contentUrl":"https:\/\/franciscanos.org.br\/noticias\/wp-content\/uploads\/2023\/03\/Vozes-800.png","width":800,"height":550},{"@type":"WebPage","@id":"https:\/\/franciscanos.org.br\/noticias\/a-biblia-judaica-e-a-biblia-crista-e-um-dos-lancamentos-da-editora-vozes.html#webpage","url":"https:\/\/franciscanos.org.br\/noticias\/a-biblia-judaica-e-a-biblia-crista-e-um-dos-lancamentos-da-editora-vozes.html","name":"\"A B\u00edblia judaica e a B\u00edblia crist\u00e3\" \u00e9 um dos lan\u00e7amentos da Editora Vozes - Not\u00edcias - Franciscanos","isPartOf":{"@id":"https:\/\/franciscanos.org.br\/noticias\/#website"},"primaryImageOfPage":{"@id":"https:\/\/franciscanos.org.br\/noticias\/a-biblia-judaica-e-a-biblia-crista-e-um-dos-lancamentos-da-editora-vozes.html#primaryimage"},"datePublished":"2023-03-30T12:15:42+00:00","dateModified":"2023-03-30T12:15:42+00:00","author":{"@id":"https:\/\/franciscanos.org.br\/noticias\/#\/schema\/person\/c3a26b08313dd1772495ce300ab257cc"},"breadcrumb":{"@id":"https:\/\/franciscanos.org.br\/noticias\/a-biblia-judaica-e-a-biblia-crista-e-um-dos-lancamentos-da-editora-vozes.html#breadcrumb"},"inLanguage":"pt-BR","potentialAction":[{"@type":"ReadAction","target":["https:\/\/franciscanos.org.br\/noticias\/a-biblia-judaica-e-a-biblia-crista-e-um-dos-lancamentos-da-editora-vozes.html"]}]},{"@type":"BreadcrumbList","@id":"https:\/\/franciscanos.org.br\/noticias\/a-biblia-judaica-e-a-biblia-crista-e-um-dos-lancamentos-da-editora-vozes.html#breadcrumb","itemListElement":[{"@type":"ListItem","position":1,"name":"Home","item":"https:\/\/franciscanos.org.br\/noticias"},{"@type":"ListItem","position":2,"name":"&#8220;A B\u00edblia judaica e a B\u00edblia crist\u00e3&#8221; \u00e9 um dos lan\u00e7amentos da Editora Vozes"}]},{"@type":"Person","@id":"https:\/\/franciscanos.org.br\/noticias\/#\/schema\/person\/c3a26b08313dd1772495ce300ab257cc","name":"jovenal","image":{"@type":"ImageObject","inLanguage":"pt-BR","@id":"https:\/\/franciscanos.org.br\/noticias\/#\/schema\/person\/image\/","url":"https:\/\/secure.gravatar.com\/avatar\/e94509f531086e2eaf97e72f29ea00f9?s=96&d=mm&r=g","contentUrl":"https:\/\/secure.gravatar.com\/avatar\/e94509f531086e2eaf97e72f29ea00f9?s=96&d=mm&r=g","caption":"jovenal"},"url":"https:\/\/franciscanos.org.br\/noticias\/author\/jovenal"}]}},"_links":{"self":[{"href":"https:\/\/franciscanos.org.br\/noticias\/wp-json\/wp\/v2\/posts\/242456"}],"collection":[{"href":"https:\/\/franciscanos.org.br\/noticias\/wp-json\/wp\/v2\/posts"}],"about":[{"href":"https:\/\/franciscanos.org.br\/noticias\/wp-json\/wp\/v2\/types\/post"}],"author":[{"embeddable":true,"href":"https:\/\/franciscanos.org.br\/noticias\/wp-json\/wp\/v2\/users\/7"}],"replies":[{"embeddable":true,"href":"https:\/\/franciscanos.org.br\/noticias\/wp-json\/wp\/v2\/comments?post=242456"}],"version-history":[{"count":4,"href":"https:\/\/franciscanos.org.br\/noticias\/wp-json\/wp\/v2\/posts\/242456\/revisions"}],"predecessor-version":[{"id":242557,"href":"https:\/\/franciscanos.org.br\/noticias\/wp-json\/wp\/v2\/posts\/242456\/revisions\/242557"}],"wp:featuredmedia":[{"embeddable":true,"href":"https:\/\/franciscanos.org.br\/noticias\/wp-json\/wp\/v2\/media\/242458"}],"wp:attachment":[{"href":"https:\/\/franciscanos.org.br\/noticias\/wp-json\/wp\/v2\/media?parent=242456"}],"wp:term":[{"taxonomy":"category","embeddable":true,"href":"https:\/\/franciscanos.org.br\/noticias\/wp-json\/wp\/v2\/categories?post=242456"},{"taxonomy":"post_tag","embeddable":true,"href":"https:\/\/franciscanos.org.br\/noticias\/wp-json\/wp\/v2\/tags?post=242456"}],"curies":[{"name":"wp","href":"https:\/\/api.w.org\/{rel}","templated":true}]}}