{"id":242430,"date":"2023-03-13T07:09:04","date_gmt":"2023-03-13T10:09:04","guid":{"rendered":"https:\/\/franciscanos.org.br\/noticias\/?p=242430"},"modified":"2023-03-13T11:19:18","modified_gmt":"2023-03-13T14:19:18","slug":"reliquia-de-sao-francisco-chega-a-ofs-de-colatina","status":"publish","type":"post","link":"https:\/\/franciscanos.org.br\/noticias\/reliquia-de-sao-francisco-chega-a-ofs-de-colatina.html","title":{"rendered":"Rel\u00edquia de S\u00e3o Francisco chega \u00e0 OFS de Colatina"},"content":{"rendered":"<p><img loading=\"lazy\" class=\"alignnone size-full wp-image-242431\" src=\"https:\/\/franciscanos.org.br\/noticias\/wp-content\/uploads\/2023\/03\/reliquia_1303.jpg\" alt=\"\" width=\"1280\" height=\"720\" srcset=\"https:\/\/franciscanos.org.br\/noticias\/wp-content\/uploads\/2023\/03\/reliquia_1303.jpg 1280w, https:\/\/franciscanos.org.br\/noticias\/wp-content\/uploads\/2023\/03\/reliquia_1303-450x253.jpg 450w, https:\/\/franciscanos.org.br\/noticias\/wp-content\/uploads\/2023\/03\/reliquia_1303-1024x576.jpg 1024w, https:\/\/franciscanos.org.br\/noticias\/wp-content\/uploads\/2023\/03\/reliquia_1303-768x432.jpg 768w, https:\/\/franciscanos.org.br\/noticias\/wp-content\/uploads\/2023\/03\/reliquia_1303-150x84.jpg 150w\" sizes=\"(max-width: 1280px) 100vw, 1280px\" \/><\/p>\n<p><strong>\u00a0<\/strong><strong>Colatina (ES) &#8211;<\/strong> A Par\u00f3quia Santa Clara de Colatina (ES) viver\u00e1 um momento hist\u00f3rico nesta semana, entre os dias 15 a 18 de mar\u00e7o, com a chegada da rel\u00edquia de S\u00e3o Francisco de Assis. O evento \u00e9 organizado pelo Conselho Internacional da Ordem Franciscana Secular (CIOFS) para celebrar os 800 anos do in\u00edcio da Vida e Regra da Ordem Franciscana Secular (OFS), aprovada pelo Papa Greg\u00f3rio IX, em 20 de maio de 1221, com a Bula \u201cMemoriale Propositi\u201d, marco inicial da Ordem Franciscana Secular, uma das tr\u00eas Ordens fundada por S\u00e3o Francisco de Assis.<\/p>\n<p>A rel\u00edquia \u00e9 um pequeno fragmento de osso do f\u00eamur de S\u00e3o Francisco de Assis, ofertada pela C\u00faria Geral dos Frades Menores Conventuais, vinda da bas\u00edlica constru\u00edda em louvor ao santo, em Assis, na It\u00e1lia. A imagem do santo, que acompanha a rel\u00edquia dentro de um orat\u00f3rio de madeira, \u00e9 uma das mais antigas existentes no mundo, retratando o santo de Assis e foi presenteada pela C\u00faria Geral dos Frades Menores Capuchinhos.<\/p>\n<p>As imagens est\u00e3o em peregrina\u00e7\u00e3o em todas as Fraternidades seculares do Brasil desde 2015, e dever\u00e1 terminar em abril deste ano de 2023, depois de ter visitado todas as Fraternidades da OFS, Foi suspensa por conta da pandemia em 2020 e 2021.<\/p>\n<p>Em Colatina, a presen\u00e7a franciscana tem expressiva participa\u00e7\u00e3o e conta h\u00e1 mais de tr\u00eas d\u00e9cadas com a presen\u00e7a das Irm\u00e3s Clarissas, que se somam com a atua\u00e7\u00e3o dos Frades Menores franciscanos na Par\u00f3quia Santa Clara de Assis, criada em 2008 pela Diocese de Colatina.<\/p>\n<p>Na Par\u00f3quia Santa Clara, a programa\u00e7\u00e3o come\u00e7a na quarta-feira, dia 15, \u00e0s 9h, com a chegada e acolhida da rel\u00edquia no Mosteiro das Irm\u00e3s Clarissas, seguida de Celebra\u00e7\u00e3o Eucar\u00edstica. A visita termina no s\u00e1bado, dia 18, com Missa no Mosteiro e despedida, marcada para \u00e0s 7h da manh\u00e3. De Colatina, a rel\u00edquia segue para o Santu\u00e1rio do Divino Esp\u00edrito Santo, em Vila Velha (ES).<\/p>\n<h3><strong>Roteiro da Peregrina\u00e7\u00e3o da Rel\u00edquia de S\u00e3o Francisco de Assis<\/strong><\/h3>\n<p><strong>\u00a0<\/strong><strong>15\/03 \u2013 Quarta-feira<\/strong><\/p>\n<p>9h &#8211; Chegada e acolhida da Rel\u00edquia com a Santa Missa no Mosteiro das Irm\u00e3s Clarissas<\/p>\n<p>14h &#8211; Visita ao hospital &#8211; irm\u00e3os do SEI<\/p>\n<p><strong>16\/03 \u2013 Quinta-feira<\/strong><\/p>\n<p>Chegada na Par\u00f3quia Santa Clara | Comunidade S\u00e3o Vicente<\/p>\n<p>15h &#8211; Adora\u00e7\u00e3o ao Sant\u00edssimo<\/p>\n<p>19h30 &#8211; Santa Missa<\/p>\n<p><strong>17\/03 \u2013 Sexta-feira<\/strong><\/p>\n<p>7h &#8211; Missa no Mosteiro &#8211; perman\u00eancia no local durante todo o dia<\/p>\n<p><strong>18\/03 \u2013 S\u00e1bado <\/strong><\/p>\n<p>7h &#8211; Missa no Mosteiro e envio<\/p>\n<p>9h30 &#8211; Visita no Instituto Franciscano em Nova Almeida, irm\u00e3s Franciscanas do Senhor<\/p>\n<p>16h &#8211; Chegada no Santu\u00e1rio do Divino Esp\u00edrito Santo &#8211; Vila Velha<\/p>\n<hr \/>\n<p><em>Frei Augusto Luiz Gabriel<\/em><\/p>\n","protected":false},"excerpt":{"rendered":"<p>Peregrina\u00e7\u00e3o da Rel\u00edquia de S\u00e3o Francisco de Assis<\/p>\n","protected":false},"author":3,"featured_media":242431,"comment_status":"open","ping_status":"open","sticky":false,"template":"","format":"standard","meta":[],"categories":[1],"tags":[60,2120],"acf":[],"yoast_head":"<!-- This site is optimized with the Yoast SEO plugin v19.2 - https:\/\/yoast.com\/wordpress\/plugins\/seo\/ -->\n<title>Rel\u00edquia de S\u00e3o Francisco chega \u00e0 OFS de Colatina - Not\u00edcias - Franciscanos<\/title>\n<meta name=\"robots\" content=\"index, follow, max-snippet:-1, max-image-preview:large, max-video-preview:-1\" \/>\n<link rel=\"canonical\" href=\"https:\/\/franciscanos.org.br\/noticias\/reliquia-de-sao-francisco-chega-a-ofs-de-colatina.html\" \/>\n<meta property=\"og:locale\" content=\"pt_BR\" \/>\n<meta property=\"og:type\" content=\"article\" \/>\n<meta property=\"og:title\" content=\"Rel\u00edquia de S\u00e3o Francisco chega \u00e0 OFS de Colatina - Not\u00edcias - Franciscanos\" \/>\n<meta property=\"og:description\" content=\"Peregrina\u00e7\u00e3o da Rel\u00edquia de S\u00e3o Francisco de Assis\" \/>\n<meta property=\"og:url\" content=\"https:\/\/franciscanos.org.br\/noticias\/reliquia-de-sao-francisco-chega-a-ofs-de-colatina.html\" \/>\n<meta property=\"og:site_name\" content=\"Not\u00edcias - Franciscanos\" \/>\n<meta property=\"article:published_time\" content=\"2023-03-13T10:09:04+00:00\" \/>\n<meta property=\"article:modified_time\" content=\"2023-03-13T14:19:18+00:00\" \/>\n<meta property=\"og:image\" content=\"https:\/\/franciscanos.org.br\/noticias\/wp-content\/uploads\/2023\/03\/reliquia_1303.jpg\" \/>\n\t<meta property=\"og:image:width\" content=\"1280\" \/>\n\t<meta property=\"og:image:height\" content=\"720\" \/>\n\t<meta property=\"og:image:type\" content=\"image\/jpeg\" \/>\n<meta name=\"author\" content=\"moacir\" \/>\n<meta name=\"twitter:card\" content=\"summary_large_image\" \/>\n<meta name=\"twitter:label1\" content=\"Escrito por\" \/>\n\t<meta name=\"twitter:data1\" content=\"moacir\" \/>\n\t<meta name=\"twitter:label2\" content=\"Est. tempo de leitura\" \/>\n\t<meta name=\"twitter:data2\" content=\"2 minutos\" \/>\n<script type=\"application\/ld+json\" class=\"yoast-schema-graph\">{\"@context\":\"https:\/\/schema.org\",\"@graph\":[{\"@type\":\"WebSite\",\"@id\":\"https:\/\/franciscanos.org.br\/noticias\/#website\",\"url\":\"https:\/\/franciscanos.org.br\/noticias\/\",\"name\":\"Not\u00edcias - Franciscanos\",\"description\":\"Prov\u00edncia Franciscana da Imaculada Concei\u00e7\u00e3o do Brasil - Ordem dos Frades Menores - OFM\",\"potentialAction\":[{\"@type\":\"SearchAction\",\"target\":{\"@type\":\"EntryPoint\",\"urlTemplate\":\"https:\/\/franciscanos.org.br\/noticias\/?s={search_term_string}\"},\"query-input\":\"required name=search_term_string\"}],\"inLanguage\":\"pt-BR\"},{\"@type\":\"ImageObject\",\"inLanguage\":\"pt-BR\",\"@id\":\"https:\/\/franciscanos.org.br\/noticias\/reliquia-de-sao-francisco-chega-a-ofs-de-colatina.html#primaryimage\",\"url\":\"https:\/\/franciscanos.org.br\/noticias\/wp-content\/uploads\/2023\/03\/reliquia_1303.jpg\",\"contentUrl\":\"https:\/\/franciscanos.org.br\/noticias\/wp-content\/uploads\/2023\/03\/reliquia_1303.jpg\",\"width\":1280,\"height\":720},{\"@type\":\"WebPage\",\"@id\":\"https:\/\/franciscanos.org.br\/noticias\/reliquia-de-sao-francisco-chega-a-ofs-de-colatina.html#webpage\",\"url\":\"https:\/\/franciscanos.org.br\/noticias\/reliquia-de-sao-francisco-chega-a-ofs-de-colatina.html\",\"name\":\"Rel\u00edquia de S\u00e3o Francisco chega \u00e0 OFS de Colatina - Not\u00edcias - Franciscanos\",\"isPartOf\":{\"@id\":\"https:\/\/franciscanos.org.br\/noticias\/#website\"},\"primaryImageOfPage\":{\"@id\":\"https:\/\/franciscanos.org.br\/noticias\/reliquia-de-sao-francisco-chega-a-ofs-de-colatina.html#primaryimage\"},\"datePublished\":\"2023-03-13T10:09:04+00:00\",\"dateModified\":\"2023-03-13T14:19:18+00:00\",\"author\":{\"@id\":\"https:\/\/franciscanos.org.br\/noticias\/#\/schema\/person\/b5c8cba458c330ccff548b056e95a5d4\"},\"breadcrumb\":{\"@id\":\"https:\/\/franciscanos.org.br\/noticias\/reliquia-de-sao-francisco-chega-a-ofs-de-colatina.html#breadcrumb\"},\"inLanguage\":\"pt-BR\",\"potentialAction\":[{\"@type\":\"ReadAction\",\"target\":[\"https:\/\/franciscanos.org.br\/noticias\/reliquia-de-sao-francisco-chega-a-ofs-de-colatina.html\"]}]},{\"@type\":\"BreadcrumbList\",\"@id\":\"https:\/\/franciscanos.org.br\/noticias\/reliquia-de-sao-francisco-chega-a-ofs-de-colatina.html#breadcrumb\",\"itemListElement\":[{\"@type\":\"ListItem\",\"position\":1,\"name\":\"Home\",\"item\":\"https:\/\/franciscanos.org.br\/noticias\"},{\"@type\":\"ListItem\",\"position\":2,\"name\":\"Rel\u00edquia de S\u00e3o Francisco chega \u00e0 OFS de Colatina\"}]},{\"@type\":\"Person\",\"@id\":\"https:\/\/franciscanos.org.br\/noticias\/#\/schema\/person\/b5c8cba458c330ccff548b056e95a5d4\",\"name\":\"moacir\",\"image\":{\"@type\":\"ImageObject\",\"inLanguage\":\"pt-BR\",\"@id\":\"https:\/\/franciscanos.org.br\/noticias\/#\/schema\/person\/image\/\",\"url\":\"https:\/\/secure.gravatar.com\/avatar\/d08aa2ce4c8dd416d4479aa8536fcf64?s=96&d=mm&r=g\",\"contentUrl\":\"https:\/\/secure.gravatar.com\/avatar\/d08aa2ce4c8dd416d4479aa8536fcf64?s=96&d=mm&r=g\",\"caption\":\"moacir\"},\"url\":\"https:\/\/franciscanos.org.br\/noticias\/author\/moacir\"}]}<\/script>\n<!-- \/ Yoast SEO plugin. -->","yoast_head_json":{"title":"Rel\u00edquia de S\u00e3o Francisco chega \u00e0 OFS de Colatina - Not\u00edcias - Franciscanos","robots":{"index":"index","follow":"follow","max-snippet":"max-snippet:-1","max-image-preview":"max-image-preview:large","max-video-preview":"max-video-preview:-1"},"canonical":"https:\/\/franciscanos.org.br\/noticias\/reliquia-de-sao-francisco-chega-a-ofs-de-colatina.html","og_locale":"pt_BR","og_type":"article","og_title":"Rel\u00edquia de S\u00e3o Francisco chega \u00e0 OFS de Colatina - Not\u00edcias - Franciscanos","og_description":"Peregrina\u00e7\u00e3o da Rel\u00edquia de S\u00e3o Francisco de Assis","og_url":"https:\/\/franciscanos.org.br\/noticias\/reliquia-de-sao-francisco-chega-a-ofs-de-colatina.html","og_site_name":"Not\u00edcias - Franciscanos","article_published_time":"2023-03-13T10:09:04+00:00","article_modified_time":"2023-03-13T14:19:18+00:00","og_image":[{"width":1280,"height":720,"url":"https:\/\/franciscanos.org.br\/noticias\/wp-content\/uploads\/2023\/03\/reliquia_1303.jpg","type":"image\/jpeg"}],"author":"moacir","twitter_card":"summary_large_image","twitter_misc":{"Escrito por":"moacir","Est. tempo de leitura":"2 minutos"},"schema":{"@context":"https:\/\/schema.org","@graph":[{"@type":"WebSite","@id":"https:\/\/franciscanos.org.br\/noticias\/#website","url":"https:\/\/franciscanos.org.br\/noticias\/","name":"Not\u00edcias - Franciscanos","description":"Prov\u00edncia Franciscana da Imaculada Concei\u00e7\u00e3o do Brasil - Ordem dos Frades Menores - OFM","potentialAction":[{"@type":"SearchAction","target":{"@type":"EntryPoint","urlTemplate":"https:\/\/franciscanos.org.br\/noticias\/?s={search_term_string}"},"query-input":"required name=search_term_string"}],"inLanguage":"pt-BR"},{"@type":"ImageObject","inLanguage":"pt-BR","@id":"https:\/\/franciscanos.org.br\/noticias\/reliquia-de-sao-francisco-chega-a-ofs-de-colatina.html#primaryimage","url":"https:\/\/franciscanos.org.br\/noticias\/wp-content\/uploads\/2023\/03\/reliquia_1303.jpg","contentUrl":"https:\/\/franciscanos.org.br\/noticias\/wp-content\/uploads\/2023\/03\/reliquia_1303.jpg","width":1280,"height":720},{"@type":"WebPage","@id":"https:\/\/franciscanos.org.br\/noticias\/reliquia-de-sao-francisco-chega-a-ofs-de-colatina.html#webpage","url":"https:\/\/franciscanos.org.br\/noticias\/reliquia-de-sao-francisco-chega-a-ofs-de-colatina.html","name":"Rel\u00edquia de S\u00e3o Francisco chega \u00e0 OFS de Colatina - Not\u00edcias - Franciscanos","isPartOf":{"@id":"https:\/\/franciscanos.org.br\/noticias\/#website"},"primaryImageOfPage":{"@id":"https:\/\/franciscanos.org.br\/noticias\/reliquia-de-sao-francisco-chega-a-ofs-de-colatina.html#primaryimage"},"datePublished":"2023-03-13T10:09:04+00:00","dateModified":"2023-03-13T14:19:18+00:00","author":{"@id":"https:\/\/franciscanos.org.br\/noticias\/#\/schema\/person\/b5c8cba458c330ccff548b056e95a5d4"},"breadcrumb":{"@id":"https:\/\/franciscanos.org.br\/noticias\/reliquia-de-sao-francisco-chega-a-ofs-de-colatina.html#breadcrumb"},"inLanguage":"pt-BR","potentialAction":[{"@type":"ReadAction","target":["https:\/\/franciscanos.org.br\/noticias\/reliquia-de-sao-francisco-chega-a-ofs-de-colatina.html"]}]},{"@type":"BreadcrumbList","@id":"https:\/\/franciscanos.org.br\/noticias\/reliquia-de-sao-francisco-chega-a-ofs-de-colatina.html#breadcrumb","itemListElement":[{"@type":"ListItem","position":1,"name":"Home","item":"https:\/\/franciscanos.org.br\/noticias"},{"@type":"ListItem","position":2,"name":"Rel\u00edquia de S\u00e3o Francisco chega \u00e0 OFS de Colatina"}]},{"@type":"Person","@id":"https:\/\/franciscanos.org.br\/noticias\/#\/schema\/person\/b5c8cba458c330ccff548b056e95a5d4","name":"moacir","image":{"@type":"ImageObject","inLanguage":"pt-BR","@id":"https:\/\/franciscanos.org.br\/noticias\/#\/schema\/person\/image\/","url":"https:\/\/secure.gravatar.com\/avatar\/d08aa2ce4c8dd416d4479aa8536fcf64?s=96&d=mm&r=g","contentUrl":"https:\/\/secure.gravatar.com\/avatar\/d08aa2ce4c8dd416d4479aa8536fcf64?s=96&d=mm&r=g","caption":"moacir"},"url":"https:\/\/franciscanos.org.br\/noticias\/author\/moacir"}]}},"_links":{"self":[{"href":"https:\/\/franciscanos.org.br\/noticias\/wp-json\/wp\/v2\/posts\/242430"}],"collection":[{"href":"https:\/\/franciscanos.org.br\/noticias\/wp-json\/wp\/v2\/posts"}],"about":[{"href":"https:\/\/franciscanos.org.br\/noticias\/wp-json\/wp\/v2\/types\/post"}],"author":[{"embeddable":true,"href":"https:\/\/franciscanos.org.br\/noticias\/wp-json\/wp\/v2\/users\/3"}],"replies":[{"embeddable":true,"href":"https:\/\/franciscanos.org.br\/noticias\/wp-json\/wp\/v2\/comments?post=242430"}],"version-history":[{"count":3,"href":"https:\/\/franciscanos.org.br\/noticias\/wp-json\/wp\/v2\/posts\/242430\/revisions"}],"predecessor-version":[{"id":242438,"href":"https:\/\/franciscanos.org.br\/noticias\/wp-json\/wp\/v2\/posts\/242430\/revisions\/242438"}],"wp:featuredmedia":[{"embeddable":true,"href":"https:\/\/franciscanos.org.br\/noticias\/wp-json\/wp\/v2\/media\/242431"}],"wp:attachment":[{"href":"https:\/\/franciscanos.org.br\/noticias\/wp-json\/wp\/v2\/media?parent=242430"}],"wp:term":[{"taxonomy":"category","embeddable":true,"href":"https:\/\/franciscanos.org.br\/noticias\/wp-json\/wp\/v2\/categories?post=242430"},{"taxonomy":"post_tag","embeddable":true,"href":"https:\/\/franciscanos.org.br\/noticias\/wp-json\/wp\/v2\/tags?post=242430"}],"curies":[{"name":"wp","href":"https:\/\/api.w.org\/{rel}","templated":true}]}}